{"id":9984,"date":"2017-01-03T16:00:56","date_gmt":"2017-01-03T15:00:56","guid":{"rendered":"https:\/\/umweltperspektiven.ch\/?p=629"},"modified":"2022-02-09T11:10:13","modified_gmt":"2022-02-09T10:10:13","slug":"oeko-zertifizierung-fuer-lederwaren-lanciert","status":"publish","type":"post","link":"https:\/\/www.organisator.ch\/fr\/sustainability\/2017-01-03\/oeko-zertifizierung-fuer-lederwaren-lanciert\/","title":{"rendered":"Lancement de l'\u00e9co-certification pour les articles en cuir"},"content":{"rendered":"<figure id=\"attachment_630\" aria-describedby=\"caption-attachment-630\" style=\"width: 495px\" class=\"wp-caption aligncenter\"><img loading=\"lazy\" decoding=\"async\" class=\"wp-image-630\" src=\"\/\/www.umweltperspektiven.ch\/wp-content\/uploads\/2017\/01\/Depositphotos_41544987_l-2015.jpg\" width=\"495\" height=\"330\" \/><figcaption id=\"caption-attachment-630\" class=\"wp-caption-text\">Une nouvelle norme Oeko-Tex certifie les produits en cuir.<\/figcaption><\/figure>\n<p>Le syst\u00e8me de contr\u00f4le et de certification ind\u00e9pendant pour les produits textiles Oeko-Tex lance un nouveau <a href=\"\/\/www.oeko-tex.com\/de\/business\/certifications_and_services\/leather_standard\/leather_standard.html\">Standard pour les articles en cuir test\u00e9s sur les substances nocives<\/a>.<\/p>\n<p>Ainsi, les producteurs et fournisseurs d'articles en cuir peuvent d\u00e8s \u00e0 pr\u00e9sent faire tester leurs produits sur les substances nocives et les faire certifier en cons\u00e9quence.<\/p>\n<p>La base en est le nouveau Leather Standard de <a href=\"\/\/www.oeko-tex.com\">Oeko-Tex<\/a>un catalogue de crit\u00e8res stricts. Ses crit\u00e8res de contr\u00f4le et ses valeurs limites vont souvent bien au-del\u00e0 des prescriptions nationales et internationales en vigueur. Du point de vue du consommateur, la norme contribue ainsi \u00e0 une s\u00e9curit\u00e9 \u00e9lev\u00e9e et efficace des produits et les fabricants d'articles en cuir de toutes les \u00e9tapes de production sont en mesure de distinguer leurs articles dont les substances nocives ont \u00e9t\u00e9 contr\u00f4l\u00e9es, afin d'offrir au consommateur dans le commerce une aide fiable \u00e0 la d\u00e9cision lors de l'achat de produits en cuir.<\/p>\n<p>L'Association Oeko-Tex a pu s'adjoindre comme nouveaux partenaires pour le contr\u00f4le des articles en cuir l'Institut de recherche sur le cuir et les mati\u00e8res plastiques (FILK), Freiberg, ainsi que l'Institut de contr\u00f4le et de recherche de Pirmasens e.V. (PFI), qui jouissent d'une grande reconnaissance dans leur sp\u00e9cialit\u00e9 au sein de la branche du cuir. En collaboration avec six instituts Oeko-Tex \u00e9tablis depuis des ann\u00e9es, les deux nouveaux \u00e9tablissements FILK et PFI effectueront \u00e9galement des contr\u00f4les et des certifications selon le Leather Standard \u00e0 partir de l'ann\u00e9e prochaine.<\/p>","protected":false},"excerpt":{"rendered":"<p>Das unabh\u00e4ngige Pr\u00fcf- und Zertifizierungssystem f\u00fcr textile Produkte Oeko-Tex lanciert einen neuen Standard f\u00fcr schadstoffgepr\u00fcfte Lederwaren. Damit k\u00f6nnen ab sofort auch Produzenten und Anbieter von Lederwaren ihre Produkte auf Schadstoffe pr\u00fcfen und entsprechend zertifizieren lassen. Basis daf\u00fcr ist der neue Leather Standard von Oeko-Tex, ein strenger Kriterienkatalog. Dessen\u00a0Pr\u00fcfkriterien und Grenzwerte gehen dabei vielfach deutlich \u00fcber [&hellip;]<\/p>\n","protected":false},"author":1,"featured_media":9443,"comment_status":"open","ping_status":"open","sticky":false,"template":"","format":"standard","meta":{"_acf_changed":false,"_yoast_wpseo_focuskw":"Lederwaren","_yoast_wpseo_metadesc":"Schadstoffarme Lederwaren k\u00f6nnen sich mit einem neuen Oeko-Tex-Standard auszeichnen lassen.","articlekey":"","footnotes":""},"categories":[580],"tags":[2189,613],"class_list":["post-9984","post","type-post","status-publish","format-standard","has-post-thumbnail","hentry","category-sustainability","tag-standard","tag-zertifizierung"],"acf":[],"yoast_head":"<!-- This site is optimized with the Yoast SEO plugin v27.4 - https:\/\/yoast.com\/product\/yoast-seo-wordpress\/ -->\n<title>\u00d6ko-Zertifizierung f\u00fcr Lederwaren lanciert - Organisator<\/title>\n<meta name=\"description\" content=\"Schadstoffarme Lederwaren k\u00f6nnen sich mit einem neuen Oeko-Tex-Standard auszeichnen lassen.\" \/>\n<meta name=\"robots\" content=\"index, follow, max-snippet:-1, max-image-preview:large, max-video-preview:-1\" \/>\n<link rel=\"canonical\" href=\"https:\/\/www.organisator.ch\/fr\/sustainability\/2017-01-03\/oeko-zertifizierung-fuer-lederwaren-lanciert\/\" \/>\n<meta property=\"og:locale\" content=\"fr_FR\" \/>\n<meta property=\"og:type\" content=\"article\" \/>\n<meta property=\"og:title\" content=\"\u00d6ko-Zertifizierung f\u00fcr Lederwaren lanciert - Organisator\" \/>\n<meta property=\"og:description\" content=\"Schadstoffarme Lederwaren k\u00f6nnen sich mit einem neuen Oeko-Tex-Standard auszeichnen lassen.\" \/>\n<meta property=\"og:url\" content=\"https:\/\/www.organisator.ch\/fr\/sustainability\/2017-01-03\/oeko-zertifizierung-fuer-lederwaren-lanciert\/\" \/>\n<meta property=\"og:site_name\" content=\"Organisator\" \/>\n<meta property=\"article:publisher\" content=\"https:\/\/www.facebook.com\/OrganisatorFachmagazin\" \/>\n<meta property=\"article:published_time\" content=\"2017-01-03T15:00:56+00:00\" \/>\n<meta property=\"article:modified_time\" content=\"2022-02-09T10:10:13+00:00\" \/>\n<meta property=\"og:image\" content=\"https:\/\/www.organisator.ch\/wp-content\/uploads\/2017\/01\/Depositphotos_41544987_l-2015-1024x682.jpg\" \/>\n\t<meta property=\"og:image:width\" content=\"1024\" \/>\n\t<meta property=\"og:image:height\" content=\"682\" \/>\n\t<meta property=\"og:image:type\" content=\"image\/jpeg\" \/>\n<meta name=\"author\" content=\"admin\" \/>\n<meta name=\"twitter:card\" content=\"summary_large_image\" \/>\n<script type=\"application\/ld+json\" class=\"yoast-schema-graph\">{\"@context\":\"https:\\\/\\\/schema.org\",\"@graph\":[{\"@type\":\"Article\",\"@id\":\"https:\\\/\\\/www.organisator.ch\\\/sustainability\\\/2017-01-03\\\/oeko-zertifizierung-fuer-lederwaren-lanciert\\\/#article\",\"isPartOf\":{\"@id\":\"https:\\\/\\\/www.organisator.ch\\\/sustainability\\\/2017-01-03\\\/oeko-zertifizierung-fuer-lederwaren-lanciert\\\/\"},\"author\":{\"name\":\"admin\",\"@id\":\"https:\\\/\\\/www.organisator.ch\\\/#\\\/schema\\\/person\\\/aa2bace6c5c5aad60102004a50c4eb1c\"},\"headline\":\"\u00d6ko-Zertifizierung f\u00fcr Lederwaren lanciert\",\"datePublished\":\"2017-01-03T15:00:56+00:00\",\"dateModified\":\"2022-02-09T10:10:13+00:00\",\"mainEntityOfPage\":{\"@id\":\"https:\\\/\\\/www.organisator.ch\\\/sustainability\\\/2017-01-03\\\/oeko-zertifizierung-fuer-lederwaren-lanciert\\\/\"},\"wordCount\":210,\"commentCount\":0,\"publisher\":{\"@id\":\"https:\\\/\\\/www.organisator.ch\\\/#organization\"},\"image\":{\"@id\":\"https:\\\/\\\/www.organisator.ch\\\/sustainability\\\/2017-01-03\\\/oeko-zertifizierung-fuer-lederwaren-lanciert\\\/#primaryimage\"},\"thumbnailUrl\":\"https:\\\/\\\/www.organisator.ch\\\/wp-content\\\/uploads\\\/2017\\\/01\\\/Depositphotos_41544987_l-2015.jpg\",\"keywords\":[\"Standard\",\"Zertifizierung\"],\"articleSection\":[\"SUSTAINABILITY\"],\"inLanguage\":\"fr-FR\"},{\"@type\":\"WebPage\",\"@id\":\"https:\\\/\\\/www.organisator.ch\\\/sustainability\\\/2017-01-03\\\/oeko-zertifizierung-fuer-lederwaren-lanciert\\\/\",\"url\":\"https:\\\/\\\/www.organisator.ch\\\/sustainability\\\/2017-01-03\\\/oeko-zertifizierung-fuer-lederwaren-lanciert\\\/\",\"name\":\"\u00d6ko-Zertifizierung f\u00fcr Lederwaren lanciert - Organisator\",\"isPartOf\":{\"@id\":\"https:\\\/\\\/www.organisator.ch\\\/#website\"},\"primaryImageOfPage\":{\"@id\":\"https:\\\/\\\/www.organisator.ch\\\/sustainability\\\/2017-01-03\\\/oeko-zertifizierung-fuer-lederwaren-lanciert\\\/#primaryimage\"},\"image\":{\"@id\":\"https:\\\/\\\/www.organisator.ch\\\/sustainability\\\/2017-01-03\\\/oeko-zertifizierung-fuer-lederwaren-lanciert\\\/#primaryimage\"},\"thumbnailUrl\":\"https:\\\/\\\/www.organisator.ch\\\/wp-content\\\/uploads\\\/2017\\\/01\\\/Depositphotos_41544987_l-2015.jpg\",\"datePublished\":\"2017-01-03T15:00:56+00:00\",\"dateModified\":\"2022-02-09T10:10:13+00:00\",\"description\":\"Schadstoffarme Lederwaren k\u00f6nnen sich mit einem neuen Oeko-Tex-Standard auszeichnen lassen.\",\"breadcrumb\":{\"@id\":\"https:\\\/\\\/www.organisator.ch\\\/sustainability\\\/2017-01-03\\\/oeko-zertifizierung-fuer-lederwaren-lanciert\\\/#breadcrumb\"},\"inLanguage\":\"fr-FR\",\"potentialAction\":[{\"@type\":\"ReadAction\",\"target\":[\"https:\\\/\\\/www.organisator.ch\\\/sustainability\\\/2017-01-03\\\/oeko-zertifizierung-fuer-lederwaren-lanciert\\\/\"]}]},{\"@type\":\"ImageObject\",\"inLanguage\":\"fr-FR\",\"@id\":\"https:\\\/\\\/www.organisator.ch\\\/sustainability\\\/2017-01-03\\\/oeko-zertifizierung-fuer-lederwaren-lanciert\\\/#primaryimage\",\"url\":\"https:\\\/\\\/www.organisator.ch\\\/wp-content\\\/uploads\\\/2017\\\/01\\\/Depositphotos_41544987_l-2015.jpg\",\"contentUrl\":\"https:\\\/\\\/www.organisator.ch\\\/wp-content\\\/uploads\\\/2017\\\/01\\\/Depositphotos_41544987_l-2015.jpg\",\"width\":2000,\"height\":1333,\"caption\":\"Ein neuer Oeko-Tex-Standard zertifiziert Lederprodukte.\"},{\"@type\":\"BreadcrumbList\",\"@id\":\"https:\\\/\\\/www.organisator.ch\\\/sustainability\\\/2017-01-03\\\/oeko-zertifizierung-fuer-lederwaren-lanciert\\\/#breadcrumb\",\"itemListElement\":[{\"@type\":\"ListItem\",\"position\":1,\"name\":\"Home\",\"item\":\"https:\\\/\\\/www.organisator.ch\\\/\"},{\"@type\":\"ListItem\",\"position\":2,\"name\":\"\u00d6ko-Zertifizierung f\u00fcr Lederwaren lanciert\"}]},{\"@type\":\"WebSite\",\"@id\":\"https:\\\/\\\/www.organisator.ch\\\/#website\",\"url\":\"https:\\\/\\\/www.organisator.ch\\\/\",\"name\":\"Organisator\",\"description\":\"Kompetent. Praxisnah. Der ORGANISATOR bereitet in 10 Ausgaben pro Jahr die wesentlichen Themen f\u00fcr F\u00fchrungskr\u00e4fte von KMU auf.\",\"publisher\":{\"@id\":\"https:\\\/\\\/www.organisator.ch\\\/#organization\"},\"potentialAction\":[{\"@type\":\"SearchAction\",\"target\":{\"@type\":\"EntryPoint\",\"urlTemplate\":\"https:\\\/\\\/www.organisator.ch\\\/?s={search_term_string}\"},\"query-input\":{\"@type\":\"PropertyValueSpecification\",\"valueRequired\":true,\"valueName\":\"search_term_string\"}}],\"inLanguage\":\"fr-FR\"},{\"@type\":\"Organization\",\"@id\":\"https:\\\/\\\/www.organisator.ch\\\/#organization\",\"name\":\"Organisator\",\"url\":\"https:\\\/\\\/www.organisator.ch\\\/\",\"logo\":{\"@type\":\"ImageObject\",\"inLanguage\":\"fr-FR\",\"@id\":\"https:\\\/\\\/www.organisator.ch\\\/#\\\/schema\\\/logo\\\/image\\\/\",\"url\":\"https:\\\/\\\/www.organisator.ch\\\/wp-content\\\/uploads\\\/2022\\\/01\\\/Logo_Organisator_Website.png\",\"contentUrl\":\"https:\\\/\\\/www.organisator.ch\\\/wp-content\\\/uploads\\\/2022\\\/01\\\/Logo_Organisator_Website.png\",\"width\":800,\"height\":77,\"caption\":\"Organisator\"},\"image\":{\"@id\":\"https:\\\/\\\/www.organisator.ch\\\/#\\\/schema\\\/logo\\\/image\\\/\"},\"sameAs\":[\"https:\\\/\\\/www.facebook.com\\\/OrganisatorFachmagazin\",\"https:\\\/\\\/www.linkedin.com\\\/showcase\\\/organisator-das-magazin-fr-kmu\",\"https:\\\/\\\/www.xing.com\\\/news\\\/pages\\\/organisator-ch-695\",\"https:\\\/\\\/www.youtube.com\\\/channel\\\/UCGP2Sq0iWaZwT3BdIAQFYpw\"]},{\"@type\":\"Person\",\"@id\":\"https:\\\/\\\/www.organisator.ch\\\/#\\\/schema\\\/person\\\/aa2bace6c5c5aad60102004a50c4eb1c\",\"name\":\"admin\",\"image\":{\"@type\":\"ImageObject\",\"inLanguage\":\"fr-FR\",\"@id\":\"https:\\\/\\\/secure.gravatar.com\\\/avatar\\\/ae2f4d718e6c49043e314ce431e7e645d646302a24a5ef5a8bc8e3f5a032e319?s=96&d=mm&r=g\",\"url\":\"https:\\\/\\\/secure.gravatar.com\\\/avatar\\\/ae2f4d718e6c49043e314ce431e7e645d646302a24a5ef5a8bc8e3f5a032e319?s=96&d=mm&r=g\",\"contentUrl\":\"https:\\\/\\\/secure.gravatar.com\\\/avatar\\\/ae2f4d718e6c49043e314ce431e7e645d646302a24a5ef5a8bc8e3f5a032e319?s=96&d=mm&r=g\",\"caption\":\"admin\"},\"sameAs\":[\"https:\\\/\\\/www.organisator.ch\"],\"url\":\"https:\\\/\\\/www.organisator.ch\\\/fr\\\/author\\\/admin\\\/\"}]}<\/script>\n<!-- \/ Yoast SEO plugin. -->","yoast_head_json":{"title":"Lancement de l'\u00e9co-certification pour la maroquinerie - Organisateur","description":"Les articles en cuir contenant peu de substances nocives peuvent se voir attribuer un nouveau standard Oeko-Tex.","robots":{"index":"index","follow":"follow","max-snippet":"max-snippet:-1","max-image-preview":"max-image-preview:large","max-video-preview":"max-video-preview:-1"},"canonical":"https:\/\/www.organisator.ch\/fr\/sustainability\/2017-01-03\/oeko-zertifizierung-fuer-lederwaren-lanciert\/","og_locale":"fr_FR","og_type":"article","og_title":"\u00d6ko-Zertifizierung f\u00fcr Lederwaren lanciert - Organisator","og_description":"Schadstoffarme Lederwaren k\u00f6nnen sich mit einem neuen Oeko-Tex-Standard auszeichnen lassen.","og_url":"https:\/\/www.organisator.ch\/fr\/sustainability\/2017-01-03\/oeko-zertifizierung-fuer-lederwaren-lanciert\/","og_site_name":"Organisator","article_publisher":"https:\/\/www.facebook.com\/OrganisatorFachmagazin","article_published_time":"2017-01-03T15:00:56+00:00","article_modified_time":"2022-02-09T10:10:13+00:00","og_image":[{"width":1024,"height":682,"url":"https:\/\/www.organisator.ch\/wp-content\/uploads\/2017\/01\/Depositphotos_41544987_l-2015-1024x682.jpg","type":"image\/jpeg"}],"author":"admin","twitter_card":"summary_large_image","schema":{"@context":"https:\/\/schema.org","@graph":[{"@type":"Article","@id":"https:\/\/www.organisator.ch\/sustainability\/2017-01-03\/oeko-zertifizierung-fuer-lederwaren-lanciert\/#article","isPartOf":{"@id":"https:\/\/www.organisator.ch\/sustainability\/2017-01-03\/oeko-zertifizierung-fuer-lederwaren-lanciert\/"},"author":{"name":"admin","@id":"https:\/\/www.organisator.ch\/#\/schema\/person\/aa2bace6c5c5aad60102004a50c4eb1c"},"headline":"\u00d6ko-Zertifizierung f\u00fcr Lederwaren lanciert","datePublished":"2017-01-03T15:00:56+00:00","dateModified":"2022-02-09T10:10:13+00:00","mainEntityOfPage":{"@id":"https:\/\/www.organisator.ch\/sustainability\/2017-01-03\/oeko-zertifizierung-fuer-lederwaren-lanciert\/"},"wordCount":210,"commentCount":0,"publisher":{"@id":"https:\/\/www.organisator.ch\/#organization"},"image":{"@id":"https:\/\/www.organisator.ch\/sustainability\/2017-01-03\/oeko-zertifizierung-fuer-lederwaren-lanciert\/#primaryimage"},"thumbnailUrl":"https:\/\/www.organisator.ch\/wp-content\/uploads\/2017\/01\/Depositphotos_41544987_l-2015.jpg","keywords":["Standard","Zertifizierung"],"articleSection":["SUSTAINABILITY"],"inLanguage":"fr-FR"},{"@type":"WebPage","@id":"https:\/\/www.organisator.ch\/sustainability\/2017-01-03\/oeko-zertifizierung-fuer-lederwaren-lanciert\/","url":"https:\/\/www.organisator.ch\/sustainability\/2017-01-03\/oeko-zertifizierung-fuer-lederwaren-lanciert\/","name":"Lancement de l'\u00e9co-certification pour la maroquinerie - Organisateur","isPartOf":{"@id":"https:\/\/www.organisator.ch\/#website"},"primaryImageOfPage":{"@id":"https:\/\/www.organisator.ch\/sustainability\/2017-01-03\/oeko-zertifizierung-fuer-lederwaren-lanciert\/#primaryimage"},"image":{"@id":"https:\/\/www.organisator.ch\/sustainability\/2017-01-03\/oeko-zertifizierung-fuer-lederwaren-lanciert\/#primaryimage"},"thumbnailUrl":"https:\/\/www.organisator.ch\/wp-content\/uploads\/2017\/01\/Depositphotos_41544987_l-2015.jpg","datePublished":"2017-01-03T15:00:56+00:00","dateModified":"2022-02-09T10:10:13+00:00","description":"Les articles en cuir contenant peu de substances nocives peuvent se voir attribuer un nouveau standard Oeko-Tex.","breadcrumb":{"@id":"https:\/\/www.organisator.ch\/sustainability\/2017-01-03\/oeko-zertifizierung-fuer-lederwaren-lanciert\/#breadcrumb"},"inLanguage":"fr-FR","potentialAction":[{"@type":"ReadAction","target":["https:\/\/www.organisator.ch\/sustainability\/2017-01-03\/oeko-zertifizierung-fuer-lederwaren-lanciert\/"]}]},{"@type":"ImageObject","inLanguage":"fr-FR","@id":"https:\/\/www.organisator.ch\/sustainability\/2017-01-03\/oeko-zertifizierung-fuer-lederwaren-lanciert\/#primaryimage","url":"https:\/\/www.organisator.ch\/wp-content\/uploads\/2017\/01\/Depositphotos_41544987_l-2015.jpg","contentUrl":"https:\/\/www.organisator.ch\/wp-content\/uploads\/2017\/01\/Depositphotos_41544987_l-2015.jpg","width":2000,"height":1333,"caption":"Ein neuer Oeko-Tex-Standard zertifiziert Lederprodukte."},{"@type":"BreadcrumbList","@id":"https:\/\/www.organisator.ch\/sustainability\/2017-01-03\/oeko-zertifizierung-fuer-lederwaren-lanciert\/#breadcrumb","itemListElement":[{"@type":"ListItem","position":1,"name":"Home","item":"https:\/\/www.organisator.ch\/"},{"@type":"ListItem","position":2,"name":"\u00d6ko-Zertifizierung f\u00fcr Lederwaren lanciert"}]},{"@type":"WebSite","@id":"https:\/\/www.organisator.ch\/#website","url":"https:\/\/www.organisator.ch\/","name":"Organisateur","description":"Comp\u00e9tence et comp\u00e9tence. Proches de la pratique. L'ORGANISATEUR pr\u00e9pare 10 num\u00e9ros par an sur les th\u00e8mes essentiels pour les dirigeants de PME.","publisher":{"@id":"https:\/\/www.organisator.ch\/#organization"},"potentialAction":[{"@type":"SearchAction","target":{"@type":"EntryPoint","urlTemplate":"https:\/\/www.organisator.ch\/?s={search_term_string}"},"query-input":{"@type":"PropertyValueSpecification","valueRequired":true,"valueName":"search_term_string"}}],"inLanguage":"fr-FR"},{"@type":"Organization","@id":"https:\/\/www.organisator.ch\/#organization","name":"Organisateur","url":"https:\/\/www.organisator.ch\/","logo":{"@type":"ImageObject","inLanguage":"fr-FR","@id":"https:\/\/www.organisator.ch\/#\/schema\/logo\/image\/","url":"https:\/\/www.organisator.ch\/wp-content\/uploads\/2022\/01\/Logo_Organisator_Website.png","contentUrl":"https:\/\/www.organisator.ch\/wp-content\/uploads\/2022\/01\/Logo_Organisator_Website.png","width":800,"height":77,"caption":"Organisator"},"image":{"@id":"https:\/\/www.organisator.ch\/#\/schema\/logo\/image\/"},"sameAs":["https:\/\/www.facebook.com\/OrganisatorFachmagazin","https:\/\/www.linkedin.com\/showcase\/organisator-das-magazin-fr-kmu","https:\/\/www.xing.com\/news\/pages\/organisator-ch-695","https:\/\/www.youtube.com\/channel\/UCGP2Sq0iWaZwT3BdIAQFYpw"]},{"@type":"Person","@id":"https:\/\/www.organisator.ch\/#\/schema\/person\/aa2bace6c5c5aad60102004a50c4eb1c","name":"admin","image":{"@type":"ImageObject","inLanguage":"fr-FR","@id":"https:\/\/secure.gravatar.com\/avatar\/ae2f4d718e6c49043e314ce431e7e645d646302a24a5ef5a8bc8e3f5a032e319?s=96&d=mm&r=g","url":"https:\/\/secure.gravatar.com\/avatar\/ae2f4d718e6c49043e314ce431e7e645d646302a24a5ef5a8bc8e3f5a032e319?s=96&d=mm&r=g","contentUrl":"https:\/\/secure.gravatar.com\/avatar\/ae2f4d718e6c49043e314ce431e7e645d646302a24a5ef5a8bc8e3f5a032e319?s=96&d=mm&r=g","caption":"admin"},"sameAs":["https:\/\/www.organisator.ch"],"url":"https:\/\/www.organisator.ch\/fr\/author\/admin\/"}]}},"_links":{"self":[{"href":"https:\/\/www.organisator.ch\/fr\/wp-json\/wp\/v2\/posts\/9984","targetHints":{"allow":["GET"]}}],"collection":[{"href":"https:\/\/www.organisator.ch\/fr\/wp-json\/wp\/v2\/posts"}],"about":[{"href":"https:\/\/www.organisator.ch\/fr\/wp-json\/wp\/v2\/types\/post"}],"author":[{"embeddable":true,"href":"https:\/\/www.organisator.ch\/fr\/wp-json\/wp\/v2\/users\/1"}],"replies":[{"embeddable":true,"href":"https:\/\/www.organisator.ch\/fr\/wp-json\/wp\/v2\/comments?post=9984"}],"version-history":[{"count":1,"href":"https:\/\/www.organisator.ch\/fr\/wp-json\/wp\/v2\/posts\/9984\/revisions"}],"predecessor-version":[{"id":10955,"href":"https:\/\/www.organisator.ch\/fr\/wp-json\/wp\/v2\/posts\/9984\/revisions\/10955"}],"wp:featuredmedia":[{"embeddable":true,"href":"https:\/\/www.organisator.ch\/fr\/wp-json\/wp\/v2\/media\/9443"}],"wp:attachment":[{"href":"https:\/\/www.organisator.ch\/fr\/wp-json\/wp\/v2\/media?parent=9984"}],"wp:term":[{"taxonomy":"category","embeddable":true,"href":"https:\/\/www.organisator.ch\/fr\/wp-json\/wp\/v2\/categories?post=9984"},{"taxonomy":"post_tag","embeddable":true,"href":"https:\/\/www.organisator.ch\/fr\/wp-json\/wp\/v2\/tags?post=9984"}],"curies":[{"name":"wp","href":"https:\/\/api.w.org\/{rel}","templated":true}]}}