{"id":9991,"date":"2017-02-23T14:40:30","date_gmt":"2017-02-23T13:40:30","guid":{"rendered":"https:\/\/www.umweltperspektiven.ch\/?p=765"},"modified":"2022-02-09T11:10:12","modified_gmt":"2022-02-09T10:10:12","slug":"iso-feiert-70-jubilaeum","status":"publish","type":"post","link":"https:\/\/www.organisator.ch\/fr\/sustainability\/2017-02-23\/iso-feiert-70-jubilaeum\/","title":{"rendered":"L'ISO f\u00eate son 70e anniversaire"},"content":{"rendered":"<figure id=\"attachment_1468\" aria-describedby=\"caption-attachment-1468\" style=\"width: 680px\" class=\"wp-caption alignnone\"><img loading=\"lazy\" decoding=\"async\" class=\"size-medium wp-image-1468\" src=\"\/\/www.safety-plus.ch\/wp-content\/uploads\/2017\/02\/iso_home-large.jpg\" alt=\"\" width=\"680\" height=\"360\" \/><figcaption id=\"caption-attachment-1468\" class=\"wp-caption-text\">Le si\u00e8ge de l'ISO se trouve \u00e0 Gen\u00e8ve depuis 1947, ann\u00e9e de sa fondation. (Image : ISO)<\/figcaption><\/figure>\n<p>En 2017, l'ISO f\u00eatera son 70e anniversaire. L'histoire de l'Organisation internationale de normalisation remonte \u00e0 1946 : des d\u00e9l\u00e9gu\u00e9s de 25 pays se sont r\u00e9unis pour discuter de l'avenir de la normalisation. Un an plus tard, le 23 f\u00e9vrier 1947, l'ISO \u00e9tait officiellement cr\u00e9\u00e9e.<\/p>\n<p>Dans la p\u00e9riode d'apr\u00e8s-guerre, les fondateurs consid\u00e9raient les normes internationales comme la cl\u00e9 de la reconstruction. En 1947, le but de la jeune organisation \u00e9tait de promouvoir la coordination et l'uniformisation des normes internationales. Jusqu'alors, les normes nationales \u00e9taient la norme. Les fondateurs ont ouvert l'organisation \u00e0 tout pays qui souhaitait y participer - avec les m\u00eames droits et les m\u00eames obligations pour tous.<\/p>\n<p>Ces principes sont toujours en vigueur aujourd'hui. En 2017, l'ISO compte 163 membres. La normalisation est aujourd'hui tr\u00e8s avanc\u00e9e et couvre presque tous les aspects de la technologie et de l'\u00e9conomie.<\/p>\n<p>&nbsp;<\/p>\n<figure id=\"attachment_1467\" aria-describedby=\"caption-attachment-1467\" style=\"width: 680px\" class=\"wp-caption alignnone\"><img loading=\"lazy\" decoding=\"async\" class=\"size-medium wp-image-1467\" src=\"\/\/www.safety-plus.ch\/wp-content\/uploads\/2017\/02\/ISO_Members.svg_.png\" alt=\"\" width=\"680\" height=\"349\" \/><figcaption id=\"caption-attachment-1467\" class=\"wp-caption-text\">Membres ISO dans le monde : membres effectifs (bleu), membres correspondants (jaune), statut d'observateur (rouge), non-membres (noir)<\/figcaption><\/figure>\n<p><strong>La premi\u00e8re norme<\/strong><\/p>\n<p>Apr\u00e8s la cr\u00e9ation de l'organisation, 67 groupes d'experts (comit\u00e9s techniques) ont \u00e9t\u00e9 mis en place dans des domaines techniques sp\u00e9cifiques tels que le filetage des vis, la technologie marine, l'alimentation, les textiles, les peintures et les \u00e9quipements de laboratoire, avec pour mission de d\u00e9velopper des normes internationales. Cela a abouti en 1951 \u00e0 la premi\u00e8re norme ISO (appel\u00e9e \u00e0 l'\u00e9poque \"recommandations\"), l'ISO \/ R1 : 1951, la temp\u00e9rature de r\u00e9f\u00e9rence standard pour les mesures de longueur industrielles.<\/p>\n<p>Depuis lors, le portefeuille ISO s'est enrichi de plus de 22'000 normes qui soutiennent tous les changements technologiques, environnementaux et sociaux importants qui ont eu lieu dans le monde.<\/p>\n<p>\"Depuis 70 ans, ISO a \u00e9tabli des normes qui ont marqu\u00e9 notre histoire et accompagn\u00e9 les plus grandes innovations mondiales. De la normalisation des mat\u00e9riaux, des composants et des \u00e9quipements pour l'industrie a\u00e9rospatiale \u00e0 la mesure des polluants environnementaux, de l'\u00e9tablissement d'un syst\u00e8me de gestion pour garantir la s\u00e9curit\u00e9 alimentaire dans la cha\u00eene d'approvisionnement \u00e0 la cr\u00e9ation de lignes directrices pour l'interaction homme-robot, la n\u00e9cessit\u00e9 d'une normalisation internationale a toujours \u00e9volu\u00e9 avec les besoins de l'industrie et de la soci\u00e9t\u00e9\", explique le Dr Zhang Xiaogang, pr\u00e9sident de l'ISO.<\/p>\n<p><strong>\u00c9largissement de la communaut\u00e9<\/strong><\/p>\n<p>Au fil des ans, l'ISO a travaill\u00e9 dur pour \u00e9largir le cercle des parties prenantes avec des organisations et des utilisateurs, par exemple dans les pays en d\u00e9veloppement.<\/p>\n<p>Les param\u00e8tres sociaux tels que l'am\u00e9lioration de la satisfaction et de la s\u00e9curit\u00e9 des consommateurs constituent des crit\u00e8res essentiels pour les normes. L'int\u00e9gration de consid\u00e9rations sociales dans le d\u00e9veloppement de normes est donc essentielle, car ces perspectives r\u00e9elles contribuent \u00e0 ce que des th\u00e8mes tels que la qualit\u00e9 et la s\u00e9curit\u00e9 soient trait\u00e9s de mani\u00e8re ad\u00e9quate. L'importance de la protection des consommateurs a ainsi \u00e9t\u00e9 soutenue d\u00e8s 1978 par le comit\u00e9 ISO pour la politique des consommateurs (ISO \/ COPOLCO).<\/p>\n<p>En ce qui concerne les d\u00e9veloppements actuels, les normes resteront importantes pour g\u00e9rer le changement climatique, la p\u00e9nurie d'eau, la cybers\u00e9curit\u00e9 ou les migrations humaines au-del\u00e0 des fronti\u00e8res nationales, afin d'optimiser l'action internationale et la gestion int\u00e9gr\u00e9e.<\/p>\n<p>De nombreux points \u00e9vidents ont \u00e9t\u00e9 r\u00e9cemment adopt\u00e9s par les Nations unies dans le cadre de leur programme de d\u00e9veloppement durable 2030, voir<a href=\"\/\/www.un.org\/sustainabledevelopment\/sustainable-development-goals\/\"> 17 Objectifs de d\u00e9veloppement durable (ODD)<\/a>.<\/p>\n<p>\"La communaut\u00e9 ISO dispose de nombreuses normes qui peuvent aider les organisations et les entreprises \u00e0 aborder leur agenda\", explique le pr\u00e9sident de l'ISO. \"Nous sommes pr\u00eats \u00e0 fournir des outils efficaces pour aider les diff\u00e9rentes communaut\u00e9s du monde entier \u00e0 relever ces d\u00e9fis\".<\/p>\n<p><a href=\"\/\/www.iso.org\/\">www.iso.org<\/a><\/p>","protected":false},"excerpt":{"rendered":"<p>Im Jahr 2017 feiert die ISO ihr 70-j\u00e4hriges Jubil\u00e4um. Die Geschichte der Internationalen Organisation f\u00fcr Standardisierung geht auf das Jahr 1946 zur\u00fcck: Delegierte aus 25 L\u00e4ndern trafen sich, um die Zukunft der Standardisierung zu besprechen. Ein Jahr sp\u00e4ter, am 23. Februar 1947, wurde ISO offiziell gegr\u00fcndet. In der Nachkriegszeit sahen die Gr\u00fcnder die Internationalen Standards [&hellip;]<\/p>\n","protected":false},"author":1,"featured_media":9469,"comment_status":"open","ping_status":"open","sticky":false,"template":"","format":"standard","meta":{"_acf_changed":false,"_yoast_wpseo_focuskw":"ISO","_yoast_wpseo_metadesc":"Die Internationale Organisation f\u00fcr Standardisierung ISO blickt auf eine 70-J\u00e4hrige Geschichte zur\u00fcck. Die Organisation entstand kurz nach dem 2. Weltkrieg.","articlekey":"","footnotes":""},"categories":[580],"tags":[1448,292,1845,2190,2191],"class_list":["post-9991","post","type-post","status-publish","format-standard","has-post-thumbnail","hentry","category-sustainability","tag-iso","tag-jubilaeum","tag-normung","tag-standardisierung","tag-standards"],"acf":[],"yoast_head":"<!-- This site is optimized with the Yoast SEO plugin v27.4 - https:\/\/yoast.com\/product\/yoast-seo-wordpress\/ -->\n<title>ISO feiert 70. Jubil\u00e4um - Organisator<\/title>\n<meta name=\"description\" content=\"Die Internationale Organisation f\u00fcr Standardisierung ISO blickt auf eine 70-J\u00e4hrige Geschichte zur\u00fcck. Die Organisation entstand kurz nach dem 2. Weltkrieg.\" \/>\n<meta name=\"robots\" content=\"index, follow, max-snippet:-1, max-image-preview:large, max-video-preview:-1\" \/>\n<link rel=\"canonical\" href=\"https:\/\/www.organisator.ch\/fr\/sustainability\/2017-02-23\/iso-feiert-70-jubilaeum\/\" \/>\n<meta property=\"og:locale\" content=\"fr_FR\" \/>\n<meta property=\"og:type\" content=\"article\" \/>\n<meta property=\"og:title\" content=\"ISO feiert 70. Jubil\u00e4um - Organisator\" \/>\n<meta property=\"og:description\" content=\"Die Internationale Organisation f\u00fcr Standardisierung ISO blickt auf eine 70-J\u00e4hrige Geschichte zur\u00fcck. Die Organisation entstand kurz nach dem 2. Weltkrieg.\" \/>\n<meta property=\"og:url\" content=\"https:\/\/www.organisator.ch\/fr\/sustainability\/2017-02-23\/iso-feiert-70-jubilaeum\/\" \/>\n<meta property=\"og:site_name\" content=\"Organisator\" \/>\n<meta property=\"article:publisher\" content=\"https:\/\/www.facebook.com\/OrganisatorFachmagazin\" \/>\n<meta property=\"article:published_time\" content=\"2017-02-23T13:40:30+00:00\" \/>\n<meta property=\"article:modified_time\" content=\"2022-02-09T10:10:12+00:00\" \/>\n<meta property=\"og:image\" content=\"https:\/\/www.organisator.ch\/wp-content\/uploads\/2017\/02\/iso_home-large.jpg\" \/>\n\t<meta property=\"og:image:width\" content=\"2544\" \/>\n\t<meta property=\"og:image:height\" content=\"1348\" \/>\n\t<meta property=\"og:image:type\" content=\"image\/jpeg\" \/>\n<meta name=\"author\" content=\"admin\" \/>\n<meta name=\"twitter:card\" content=\"summary_large_image\" \/>\n<script type=\"application\/ld+json\" class=\"yoast-schema-graph\">{\"@context\":\"https:\\\/\\\/schema.org\",\"@graph\":[{\"@type\":\"Article\",\"@id\":\"https:\\\/\\\/www.organisator.ch\\\/sustainability\\\/2017-02-23\\\/iso-feiert-70-jubilaeum\\\/#article\",\"isPartOf\":{\"@id\":\"https:\\\/\\\/www.organisator.ch\\\/sustainability\\\/2017-02-23\\\/iso-feiert-70-jubilaeum\\\/\"},\"author\":{\"name\":\"admin\",\"@id\":\"https:\\\/\\\/www.organisator.ch\\\/#\\\/schema\\\/person\\\/aa2bace6c5c5aad60102004a50c4eb1c\"},\"headline\":\"ISO feiert 70. Jubil\u00e4um\",\"datePublished\":\"2017-02-23T13:40:30+00:00\",\"dateModified\":\"2022-02-09T10:10:12+00:00\",\"mainEntityOfPage\":{\"@id\":\"https:\\\/\\\/www.organisator.ch\\\/sustainability\\\/2017-02-23\\\/iso-feiert-70-jubilaeum\\\/\"},\"wordCount\":547,\"commentCount\":0,\"publisher\":{\"@id\":\"https:\\\/\\\/www.organisator.ch\\\/#organization\"},\"image\":{\"@id\":\"https:\\\/\\\/www.organisator.ch\\\/sustainability\\\/2017-02-23\\\/iso-feiert-70-jubilaeum\\\/#primaryimage\"},\"thumbnailUrl\":\"https:\\\/\\\/www.organisator.ch\\\/wp-content\\\/uploads\\\/2017\\\/02\\\/iso_home-large.jpg\",\"keywords\":[\"ISO\",\"Jubil\u00e4um\",\"Normung\",\"Standardisierung\",\"Standards\"],\"articleSection\":[\"SUSTAINABILITY\"],\"inLanguage\":\"fr-FR\"},{\"@type\":\"WebPage\",\"@id\":\"https:\\\/\\\/www.organisator.ch\\\/sustainability\\\/2017-02-23\\\/iso-feiert-70-jubilaeum\\\/\",\"url\":\"https:\\\/\\\/www.organisator.ch\\\/sustainability\\\/2017-02-23\\\/iso-feiert-70-jubilaeum\\\/\",\"name\":\"ISO feiert 70. Jubil\u00e4um - Organisator\",\"isPartOf\":{\"@id\":\"https:\\\/\\\/www.organisator.ch\\\/#website\"},\"primaryImageOfPage\":{\"@id\":\"https:\\\/\\\/www.organisator.ch\\\/sustainability\\\/2017-02-23\\\/iso-feiert-70-jubilaeum\\\/#primaryimage\"},\"image\":{\"@id\":\"https:\\\/\\\/www.organisator.ch\\\/sustainability\\\/2017-02-23\\\/iso-feiert-70-jubilaeum\\\/#primaryimage\"},\"thumbnailUrl\":\"https:\\\/\\\/www.organisator.ch\\\/wp-content\\\/uploads\\\/2017\\\/02\\\/iso_home-large.jpg\",\"datePublished\":\"2017-02-23T13:40:30+00:00\",\"dateModified\":\"2022-02-09T10:10:12+00:00\",\"description\":\"Die Internationale Organisation f\u00fcr Standardisierung ISO blickt auf eine 70-J\u00e4hrige Geschichte zur\u00fcck. Die Organisation entstand kurz nach dem 2. Weltkrieg.\",\"breadcrumb\":{\"@id\":\"https:\\\/\\\/www.organisator.ch\\\/sustainability\\\/2017-02-23\\\/iso-feiert-70-jubilaeum\\\/#breadcrumb\"},\"inLanguage\":\"fr-FR\",\"potentialAction\":[{\"@type\":\"ReadAction\",\"target\":[\"https:\\\/\\\/www.organisator.ch\\\/sustainability\\\/2017-02-23\\\/iso-feiert-70-jubilaeum\\\/\"]}]},{\"@type\":\"ImageObject\",\"inLanguage\":\"fr-FR\",\"@id\":\"https:\\\/\\\/www.organisator.ch\\\/sustainability\\\/2017-02-23\\\/iso-feiert-70-jubilaeum\\\/#primaryimage\",\"url\":\"https:\\\/\\\/www.organisator.ch\\\/wp-content\\\/uploads\\\/2017\\\/02\\\/iso_home-large.jpg\",\"contentUrl\":\"https:\\\/\\\/www.organisator.ch\\\/wp-content\\\/uploads\\\/2017\\\/02\\\/iso_home-large.jpg\",\"width\":2544,\"height\":1348,\"caption\":\"Der ISO-Hauptsitz ist seit dem Gr\u00fcndungsjahr 1947 in Genf. (Bild: ISO)\"},{\"@type\":\"BreadcrumbList\",\"@id\":\"https:\\\/\\\/www.organisator.ch\\\/sustainability\\\/2017-02-23\\\/iso-feiert-70-jubilaeum\\\/#breadcrumb\",\"itemListElement\":[{\"@type\":\"ListItem\",\"position\":1,\"name\":\"Home\",\"item\":\"https:\\\/\\\/www.organisator.ch\\\/\"},{\"@type\":\"ListItem\",\"position\":2,\"name\":\"ISO feiert 70. Jubil\u00e4um\"}]},{\"@type\":\"WebSite\",\"@id\":\"https:\\\/\\\/www.organisator.ch\\\/#website\",\"url\":\"https:\\\/\\\/www.organisator.ch\\\/\",\"name\":\"Organisator\",\"description\":\"Kompetent. Praxisnah. Der ORGANISATOR bereitet in 10 Ausgaben pro Jahr die wesentlichen Themen f\u00fcr F\u00fchrungskr\u00e4fte von KMU auf.\",\"publisher\":{\"@id\":\"https:\\\/\\\/www.organisator.ch\\\/#organization\"},\"potentialAction\":[{\"@type\":\"SearchAction\",\"target\":{\"@type\":\"EntryPoint\",\"urlTemplate\":\"https:\\\/\\\/www.organisator.ch\\\/?s={search_term_string}\"},\"query-input\":{\"@type\":\"PropertyValueSpecification\",\"valueRequired\":true,\"valueName\":\"search_term_string\"}}],\"inLanguage\":\"fr-FR\"},{\"@type\":\"Organization\",\"@id\":\"https:\\\/\\\/www.organisator.ch\\\/#organization\",\"name\":\"Organisator\",\"url\":\"https:\\\/\\\/www.organisator.ch\\\/\",\"logo\":{\"@type\":\"ImageObject\",\"inLanguage\":\"fr-FR\",\"@id\":\"https:\\\/\\\/www.organisator.ch\\\/#\\\/schema\\\/logo\\\/image\\\/\",\"url\":\"https:\\\/\\\/www.organisator.ch\\\/wp-content\\\/uploads\\\/2022\\\/01\\\/Logo_Organisator_Website.png\",\"contentUrl\":\"https:\\\/\\\/www.organisator.ch\\\/wp-content\\\/uploads\\\/2022\\\/01\\\/Logo_Organisator_Website.png\",\"width\":800,\"height\":77,\"caption\":\"Organisator\"},\"image\":{\"@id\":\"https:\\\/\\\/www.organisator.ch\\\/#\\\/schema\\\/logo\\\/image\\\/\"},\"sameAs\":[\"https:\\\/\\\/www.facebook.com\\\/OrganisatorFachmagazin\",\"https:\\\/\\\/www.linkedin.com\\\/showcase\\\/organisator-das-magazin-fr-kmu\",\"https:\\\/\\\/www.xing.com\\\/news\\\/pages\\\/organisator-ch-695\",\"https:\\\/\\\/www.youtube.com\\\/channel\\\/UCGP2Sq0iWaZwT3BdIAQFYpw\"]},{\"@type\":\"Person\",\"@id\":\"https:\\\/\\\/www.organisator.ch\\\/#\\\/schema\\\/person\\\/aa2bace6c5c5aad60102004a50c4eb1c\",\"name\":\"admin\",\"image\":{\"@type\":\"ImageObject\",\"inLanguage\":\"fr-FR\",\"@id\":\"https:\\\/\\\/secure.gravatar.com\\\/avatar\\\/ae2f4d718e6c49043e314ce431e7e645d646302a24a5ef5a8bc8e3f5a032e319?s=96&d=mm&r=g\",\"url\":\"https:\\\/\\\/secure.gravatar.com\\\/avatar\\\/ae2f4d718e6c49043e314ce431e7e645d646302a24a5ef5a8bc8e3f5a032e319?s=96&d=mm&r=g\",\"contentUrl\":\"https:\\\/\\\/secure.gravatar.com\\\/avatar\\\/ae2f4d718e6c49043e314ce431e7e645d646302a24a5ef5a8bc8e3f5a032e319?s=96&d=mm&r=g\",\"caption\":\"admin\"},\"sameAs\":[\"https:\\\/\\\/www.organisator.ch\"],\"url\":\"https:\\\/\\\/www.organisator.ch\\\/fr\\\/author\\\/admin\\\/\"}]}<\/script>\n<!-- \/ Yoast SEO plugin. -->","yoast_head_json":{"title":"L'ISO f\u00eate son 70e anniversaire - Organisateur","description":"L'Organisation internationale de normalisation (ISO) a 70 ans d'histoire. L'organisation a \u00e9t\u00e9 cr\u00e9\u00e9e peu apr\u00e8s la deuxi\u00e8me guerre mondiale.","robots":{"index":"index","follow":"follow","max-snippet":"max-snippet:-1","max-image-preview":"max-image-preview:large","max-video-preview":"max-video-preview:-1"},"canonical":"https:\/\/www.organisator.ch\/fr\/sustainability\/2017-02-23\/iso-feiert-70-jubilaeum\/","og_locale":"fr_FR","og_type":"article","og_title":"ISO feiert 70. Jubil\u00e4um - Organisator","og_description":"Die Internationale Organisation f\u00fcr Standardisierung ISO blickt auf eine 70-J\u00e4hrige Geschichte zur\u00fcck. Die Organisation entstand kurz nach dem 2. Weltkrieg.","og_url":"https:\/\/www.organisator.ch\/fr\/sustainability\/2017-02-23\/iso-feiert-70-jubilaeum\/","og_site_name":"Organisator","article_publisher":"https:\/\/www.facebook.com\/OrganisatorFachmagazin","article_published_time":"2017-02-23T13:40:30+00:00","article_modified_time":"2022-02-09T10:10:12+00:00","og_image":[{"width":2544,"height":1348,"url":"https:\/\/www.organisator.ch\/wp-content\/uploads\/2017\/02\/iso_home-large.jpg","type":"image\/jpeg"}],"author":"admin","twitter_card":"summary_large_image","schema":{"@context":"https:\/\/schema.org","@graph":[{"@type":"Article","@id":"https:\/\/www.organisator.ch\/sustainability\/2017-02-23\/iso-feiert-70-jubilaeum\/#article","isPartOf":{"@id":"https:\/\/www.organisator.ch\/sustainability\/2017-02-23\/iso-feiert-70-jubilaeum\/"},"author":{"name":"admin","@id":"https:\/\/www.organisator.ch\/#\/schema\/person\/aa2bace6c5c5aad60102004a50c4eb1c"},"headline":"ISO feiert 70. Jubil\u00e4um","datePublished":"2017-02-23T13:40:30+00:00","dateModified":"2022-02-09T10:10:12+00:00","mainEntityOfPage":{"@id":"https:\/\/www.organisator.ch\/sustainability\/2017-02-23\/iso-feiert-70-jubilaeum\/"},"wordCount":547,"commentCount":0,"publisher":{"@id":"https:\/\/www.organisator.ch\/#organization"},"image":{"@id":"https:\/\/www.organisator.ch\/sustainability\/2017-02-23\/iso-feiert-70-jubilaeum\/#primaryimage"},"thumbnailUrl":"https:\/\/www.organisator.ch\/wp-content\/uploads\/2017\/02\/iso_home-large.jpg","keywords":["ISO","Jubil\u00e4um","Normung","Standardisierung","Standards"],"articleSection":["SUSTAINABILITY"],"inLanguage":"fr-FR"},{"@type":"WebPage","@id":"https:\/\/www.organisator.ch\/sustainability\/2017-02-23\/iso-feiert-70-jubilaeum\/","url":"https:\/\/www.organisator.ch\/sustainability\/2017-02-23\/iso-feiert-70-jubilaeum\/","name":"L'ISO f\u00eate son 70e anniversaire - Organisateur","isPartOf":{"@id":"https:\/\/www.organisator.ch\/#website"},"primaryImageOfPage":{"@id":"https:\/\/www.organisator.ch\/sustainability\/2017-02-23\/iso-feiert-70-jubilaeum\/#primaryimage"},"image":{"@id":"https:\/\/www.organisator.ch\/sustainability\/2017-02-23\/iso-feiert-70-jubilaeum\/#primaryimage"},"thumbnailUrl":"https:\/\/www.organisator.ch\/wp-content\/uploads\/2017\/02\/iso_home-large.jpg","datePublished":"2017-02-23T13:40:30+00:00","dateModified":"2022-02-09T10:10:12+00:00","description":"L'Organisation internationale de normalisation (ISO) a 70 ans d'histoire. L'organisation a \u00e9t\u00e9 cr\u00e9\u00e9e peu apr\u00e8s la deuxi\u00e8me guerre mondiale.","breadcrumb":{"@id":"https:\/\/www.organisator.ch\/sustainability\/2017-02-23\/iso-feiert-70-jubilaeum\/#breadcrumb"},"inLanguage":"fr-FR","potentialAction":[{"@type":"ReadAction","target":["https:\/\/www.organisator.ch\/sustainability\/2017-02-23\/iso-feiert-70-jubilaeum\/"]}]},{"@type":"ImageObject","inLanguage":"fr-FR","@id":"https:\/\/www.organisator.ch\/sustainability\/2017-02-23\/iso-feiert-70-jubilaeum\/#primaryimage","url":"https:\/\/www.organisator.ch\/wp-content\/uploads\/2017\/02\/iso_home-large.jpg","contentUrl":"https:\/\/www.organisator.ch\/wp-content\/uploads\/2017\/02\/iso_home-large.jpg","width":2544,"height":1348,"caption":"Der ISO-Hauptsitz ist seit dem Gr\u00fcndungsjahr 1947 in Genf. (Bild: ISO)"},{"@type":"BreadcrumbList","@id":"https:\/\/www.organisator.ch\/sustainability\/2017-02-23\/iso-feiert-70-jubilaeum\/#breadcrumb","itemListElement":[{"@type":"ListItem","position":1,"name":"Home","item":"https:\/\/www.organisator.ch\/"},{"@type":"ListItem","position":2,"name":"ISO feiert 70. Jubil\u00e4um"}]},{"@type":"WebSite","@id":"https:\/\/www.organisator.ch\/#website","url":"https:\/\/www.organisator.ch\/","name":"Organisateur","description":"Comp\u00e9tence et comp\u00e9tence. Proches de la pratique. L'ORGANISATEUR pr\u00e9pare 10 num\u00e9ros par an sur les th\u00e8mes essentiels pour les dirigeants de PME.","publisher":{"@id":"https:\/\/www.organisator.ch\/#organization"},"potentialAction":[{"@type":"SearchAction","target":{"@type":"EntryPoint","urlTemplate":"https:\/\/www.organisator.ch\/?s={search_term_string}"},"query-input":{"@type":"PropertyValueSpecification","valueRequired":true,"valueName":"search_term_string"}}],"inLanguage":"fr-FR"},{"@type":"Organization","@id":"https:\/\/www.organisator.ch\/#organization","name":"Organisateur","url":"https:\/\/www.organisator.ch\/","logo":{"@type":"ImageObject","inLanguage":"fr-FR","@id":"https:\/\/www.organisator.ch\/#\/schema\/logo\/image\/","url":"https:\/\/www.organisator.ch\/wp-content\/uploads\/2022\/01\/Logo_Organisator_Website.png","contentUrl":"https:\/\/www.organisator.ch\/wp-content\/uploads\/2022\/01\/Logo_Organisator_Website.png","width":800,"height":77,"caption":"Organisator"},"image":{"@id":"https:\/\/www.organisator.ch\/#\/schema\/logo\/image\/"},"sameAs":["https:\/\/www.facebook.com\/OrganisatorFachmagazin","https:\/\/www.linkedin.com\/showcase\/organisator-das-magazin-fr-kmu","https:\/\/www.xing.com\/news\/pages\/organisator-ch-695","https:\/\/www.youtube.com\/channel\/UCGP2Sq0iWaZwT3BdIAQFYpw"]},{"@type":"Person","@id":"https:\/\/www.organisator.ch\/#\/schema\/person\/aa2bace6c5c5aad60102004a50c4eb1c","name":"admin","image":{"@type":"ImageObject","inLanguage":"fr-FR","@id":"https:\/\/secure.gravatar.com\/avatar\/ae2f4d718e6c49043e314ce431e7e645d646302a24a5ef5a8bc8e3f5a032e319?s=96&d=mm&r=g","url":"https:\/\/secure.gravatar.com\/avatar\/ae2f4d718e6c49043e314ce431e7e645d646302a24a5ef5a8bc8e3f5a032e319?s=96&d=mm&r=g","contentUrl":"https:\/\/secure.gravatar.com\/avatar\/ae2f4d718e6c49043e314ce431e7e645d646302a24a5ef5a8bc8e3f5a032e319?s=96&d=mm&r=g","caption":"admin"},"sameAs":["https:\/\/www.organisator.ch"],"url":"https:\/\/www.organisator.ch\/fr\/author\/admin\/"}]}},"_links":{"self":[{"href":"https:\/\/www.organisator.ch\/fr\/wp-json\/wp\/v2\/posts\/9991","targetHints":{"allow":["GET"]}}],"collection":[{"href":"https:\/\/www.organisator.ch\/fr\/wp-json\/wp\/v2\/posts"}],"about":[{"href":"https:\/\/www.organisator.ch\/fr\/wp-json\/wp\/v2\/types\/post"}],"author":[{"embeddable":true,"href":"https:\/\/www.organisator.ch\/fr\/wp-json\/wp\/v2\/users\/1"}],"replies":[{"embeddable":true,"href":"https:\/\/www.organisator.ch\/fr\/wp-json\/wp\/v2\/comments?post=9991"}],"version-history":[{"count":1,"href":"https:\/\/www.organisator.ch\/fr\/wp-json\/wp\/v2\/posts\/9991\/revisions"}],"predecessor-version":[{"id":10948,"href":"https:\/\/www.organisator.ch\/fr\/wp-json\/wp\/v2\/posts\/9991\/revisions\/10948"}],"wp:featuredmedia":[{"embeddable":true,"href":"https:\/\/www.organisator.ch\/fr\/wp-json\/wp\/v2\/media\/9469"}],"wp:attachment":[{"href":"https:\/\/www.organisator.ch\/fr\/wp-json\/wp\/v2\/media?parent=9991"}],"wp:term":[{"taxonomy":"category","embeddable":true,"href":"https:\/\/www.organisator.ch\/fr\/wp-json\/wp\/v2\/categories?post=9991"},{"taxonomy":"post_tag","embeddable":true,"href":"https:\/\/www.organisator.ch\/fr\/wp-json\/wp\/v2\/tags?post=9991"}],"curies":[{"name":"wp","href":"https:\/\/api.w.org\/{rel}","templated":true}]}}