{"id":9992,"date":"2017-02-27T16:42:17","date_gmt":"2017-02-27T15:42:17","guid":{"rendered":"https:\/\/www.umweltperspektiven.ch\/?p=779"},"modified":"2022-02-09T11:10:12","modified_gmt":"2022-02-09T10:10:12","slug":"779-2","status":"publish","type":"post","link":"https:\/\/www.organisator.ch\/fr\/sustainability\/2017-02-27\/779-2\/","title":{"rendered":"Interdiction du poisson p\u00each\u00e9 ill\u00e9galement"},"content":{"rendered":"<figure id=\"attachment_780\" aria-describedby=\"caption-attachment-780\" style=\"width: 680px\" class=\"wp-caption alignnone\"><img loading=\"lazy\" decoding=\"async\" class=\"size-medium wp-image-780\" src=\"\/\/www.umweltperspektiven.ch\/wp-content\/uploads\/2017\/02\/Depositphotos_36704977_l-2015.jpg\" alt=\"\" width=\"680\" height=\"453\" \/><figcaption id=\"caption-attachment-780\" class=\"wp-caption-text\">Le poisson import\u00e9 doit provenir d'une source l\u00e9gale \u00e0 partir du 1er mars 2017. Cela doit contribuer \u00e0 la conservation des ressources halieutiques.<\/figcaption><\/figure>\n<p>A l'avenir, seuls les produits de la p\u00eache maritime dont l'origine l\u00e9gale est garantie pourront \u00eatre import\u00e9s en Suisse. Le 1er mars 2017, un nouveau r\u00e8glement entrera en vigueur, qui doit contribuer \u00e0 une exploitation durable des stocks de poissons dans le monde.<\/p>\n<p>Les produits concern\u00e9s par le r\u00e8glement relatif au contr\u00f4le de l'origine licite des produits de la p\u00eache maritime import\u00e9s sont les saumons du Pacifique et de l'Atlantique, les harengs, les thons, les cabillauds, les poissons plats et les autres produits de la p\u00eache maritime \u00e0 l'\u00e9tat frais, r\u00e9frig\u00e9r\u00e9, congel\u00e9, sal\u00e9, broy\u00e9, s\u00e9ch\u00e9, fum\u00e9 ou vivant.<\/p>\n<p>Leur capture doit respecter les dispositions l\u00e9gales nationales et internationales en vigueur dans les pays exportateurs, ainsi que les mesures de conservation et les quotas de p\u00eache. Dans l'Union europ\u00e9enne, l'importation de produits issus de la p\u00eache illicite, non d\u00e9clar\u00e9e et non r\u00e9glement\u00e9e (INN) est d\u00e9j\u00e0 interdite depuis 2010.<\/p>\n<p><strong>Contr\u00f4les pour les produits de la p\u00eache<\/strong><\/p>\n<p>Afin de s'assurer qu'il s'agit bien de produits de la p\u00eache maritime d'origine l\u00e9gale, l'Office f\u00e9d\u00e9ral de la s\u00e9curit\u00e9 alimentaire et des affaires v\u00e9t\u00e9rinaires (OSAV) effectuera des contr\u00f4les. Les livraisons en provenance d'\u00c9tats dont les autorit\u00e9s de contr\u00f4le de la p\u00eache sont reconnues pourront continuer \u00e0 \u00eatre import\u00e9es sans contr\u00f4le ni taxe. Tous les pays qui exportent des produits de la p\u00eache peuvent en tout temps d\u00e9poser une demande aupr\u00e8s de l'OFAG afin d'\u00eatre reconnus comme pays disposant d'une surveillance officielle par les autorit\u00e9s.<\/p>\n<p><strong>Obtenir des ressources<\/strong><\/p>\n<p>Ces mesures visent \u00e0 contribuer \u00e0 la conservation durable des ressources halieutiques. Aujourd'hui, plusieurs esp\u00e8ces de poissons sont menac\u00e9es de surp\u00eache, ce qui peut entra\u00eener l'effondrement des stocks. En mettant un terme au commerce de produits de la p\u00eache ill\u00e9gaux, les pays importateurs peuvent contribuer de mani\u00e8re significative \u00e0 la protection des stocks de poissons.<\/p>","protected":false},"excerpt":{"rendered":"<p>In Zukunft d\u00fcrfen nur noch Meeresfischereierzeugnisse in die Schweiz eingef\u00fchrt werden, deren rechtm\u00e4ssige Herkunft gew\u00e4hrleistet ist. Am 1. M\u00e4rz 2017 tritt eine neue Verordnung in Kraft, die zu einer nachhaltigen Nutzung der weltweiten Fischbest\u00e4nde beitragen soll. Betroffen von der Verordnung \u00fcber die Kontrolle der rechtm\u00e4ssigen Herkunft von eingef\u00fchrten Erzeugnissen der Meeresfischerei sind Pazifische und Atlantische [&hellip;]<\/p>\n","protected":false},"author":1,"featured_media":9472,"comment_status":"open","ping_status":"open","sticky":false,"template":"","format":"standard","meta":{"_acf_changed":false,"_yoast_wpseo_focuskw":"Fisch","_yoast_wpseo_metadesc":"Fischkonsum ohne schlechtes Gewissen: Ab 1. M\u00e4rz 2017 d\u00fcrfen nur noch Fische in die Schweiz importiert werden, die nachweislich legal gefischt wurden.","articlekey":"","footnotes":""},"categories":[580],"tags":[883,1180,1399,1605],"class_list":["post-9992","post","type-post","status-publish","format-standard","has-post-thumbnail","hentry","category-sustainability","tag-bund","tag-fisch","tag-import","tag-lebensmittel"],"acf":[],"yoast_head":"<!-- This site is optimized with the Yoast SEO plugin v27.5 - https:\/\/yoast.com\/product\/yoast-seo-wordpress\/ -->\n<title>Verbot f\u00fcr illegal gefangenen Fisch - Organisator<\/title>\n<meta name=\"description\" content=\"Fischkonsum ohne schlechtes Gewissen: Ab 1. M\u00e4rz 2017 d\u00fcrfen nur noch Fische in die Schweiz importiert werden, die nachweislich legal gefischt wurden.\" \/>\n<meta name=\"robots\" content=\"index, follow, max-snippet:-1, max-image-preview:large, max-video-preview:-1\" \/>\n<link rel=\"canonical\" href=\"https:\/\/www.organisator.ch\/fr\/sustainability\/2017-02-27\/779-2\/\" \/>\n<meta property=\"og:locale\" content=\"fr_FR\" \/>\n<meta property=\"og:type\" content=\"article\" \/>\n<meta property=\"og:title\" content=\"Verbot f\u00fcr illegal gefangenen Fisch - Organisator\" \/>\n<meta property=\"og:description\" content=\"Fischkonsum ohne schlechtes Gewissen: Ab 1. M\u00e4rz 2017 d\u00fcrfen nur noch Fische in die Schweiz importiert werden, die nachweislich legal gefischt wurden.\" \/>\n<meta property=\"og:url\" content=\"https:\/\/www.organisator.ch\/fr\/sustainability\/2017-02-27\/779-2\/\" \/>\n<meta property=\"og:site_name\" content=\"Organisator\" \/>\n<meta property=\"article:publisher\" content=\"https:\/\/www.facebook.com\/OrganisatorFachmagazin\" \/>\n<meta property=\"article:published_time\" content=\"2017-02-27T15:42:17+00:00\" \/>\n<meta property=\"article:modified_time\" content=\"2022-02-09T10:10:12+00:00\" \/>\n<meta property=\"og:image\" content=\"https:\/\/www.organisator.ch\/wp-content\/uploads\/2017\/02\/Depositphotos_36704977_l-2015-1024x681.jpg\" \/>\n\t<meta property=\"og:image:width\" content=\"1024\" \/>\n\t<meta property=\"og:image:height\" content=\"681\" \/>\n\t<meta property=\"og:image:type\" content=\"image\/jpeg\" \/>\n<meta name=\"author\" content=\"admin\" \/>\n<meta name=\"twitter:card\" content=\"summary_large_image\" \/>\n<script type=\"application\/ld+json\" class=\"yoast-schema-graph\">{\"@context\":\"https:\\\/\\\/schema.org\",\"@graph\":[{\"@type\":\"Article\",\"@id\":\"https:\\\/\\\/www.organisator.ch\\\/sustainability\\\/2017-02-27\\\/779-2\\\/#article\",\"isPartOf\":{\"@id\":\"https:\\\/\\\/www.organisator.ch\\\/sustainability\\\/2017-02-27\\\/779-2\\\/\"},\"author\":{\"name\":\"admin\",\"@id\":\"https:\\\/\\\/www.organisator.ch\\\/#\\\/schema\\\/person\\\/aa2bace6c5c5aad60102004a50c4eb1c\"},\"headline\":\"Verbot f\u00fcr illegal gefangenen Fisch\",\"datePublished\":\"2017-02-27T15:42:17+00:00\",\"dateModified\":\"2022-02-09T10:10:12+00:00\",\"mainEntityOfPage\":{\"@id\":\"https:\\\/\\\/www.organisator.ch\\\/sustainability\\\/2017-02-27\\\/779-2\\\/\"},\"wordCount\":291,\"commentCount\":0,\"publisher\":{\"@id\":\"https:\\\/\\\/www.organisator.ch\\\/#organization\"},\"image\":{\"@id\":\"https:\\\/\\\/www.organisator.ch\\\/sustainability\\\/2017-02-27\\\/779-2\\\/#primaryimage\"},\"thumbnailUrl\":\"https:\\\/\\\/www.organisator.ch\\\/wp-content\\\/uploads\\\/2017\\\/02\\\/Depositphotos_36704977_l-2015.jpg\",\"keywords\":[\"Bund\",\"Fisch\",\"Import\",\"Lebensmittel\"],\"articleSection\":[\"SUSTAINABILITY\"],\"inLanguage\":\"fr-FR\"},{\"@type\":\"WebPage\",\"@id\":\"https:\\\/\\\/www.organisator.ch\\\/sustainability\\\/2017-02-27\\\/779-2\\\/\",\"url\":\"https:\\\/\\\/www.organisator.ch\\\/sustainability\\\/2017-02-27\\\/779-2\\\/\",\"name\":\"Verbot f\u00fcr illegal gefangenen Fisch - Organisator\",\"isPartOf\":{\"@id\":\"https:\\\/\\\/www.organisator.ch\\\/#website\"},\"primaryImageOfPage\":{\"@id\":\"https:\\\/\\\/www.organisator.ch\\\/sustainability\\\/2017-02-27\\\/779-2\\\/#primaryimage\"},\"image\":{\"@id\":\"https:\\\/\\\/www.organisator.ch\\\/sustainability\\\/2017-02-27\\\/779-2\\\/#primaryimage\"},\"thumbnailUrl\":\"https:\\\/\\\/www.organisator.ch\\\/wp-content\\\/uploads\\\/2017\\\/02\\\/Depositphotos_36704977_l-2015.jpg\",\"datePublished\":\"2017-02-27T15:42:17+00:00\",\"dateModified\":\"2022-02-09T10:10:12+00:00\",\"description\":\"Fischkonsum ohne schlechtes Gewissen: Ab 1. M\u00e4rz 2017 d\u00fcrfen nur noch Fische in die Schweiz importiert werden, die nachweislich legal gefischt wurden.\",\"breadcrumb\":{\"@id\":\"https:\\\/\\\/www.organisator.ch\\\/sustainability\\\/2017-02-27\\\/779-2\\\/#breadcrumb\"},\"inLanguage\":\"fr-FR\",\"potentialAction\":[{\"@type\":\"ReadAction\",\"target\":[\"https:\\\/\\\/www.organisator.ch\\\/sustainability\\\/2017-02-27\\\/779-2\\\/\"]}]},{\"@type\":\"ImageObject\",\"inLanguage\":\"fr-FR\",\"@id\":\"https:\\\/\\\/www.organisator.ch\\\/sustainability\\\/2017-02-27\\\/779-2\\\/#primaryimage\",\"url\":\"https:\\\/\\\/www.organisator.ch\\\/wp-content\\\/uploads\\\/2017\\\/02\\\/Depositphotos_36704977_l-2015.jpg\",\"contentUrl\":\"https:\\\/\\\/www.organisator.ch\\\/wp-content\\\/uploads\\\/2017\\\/02\\\/Depositphotos_36704977_l-2015.jpg\",\"width\":2000,\"height\":1331,\"caption\":\"Importierter Fisch muss per 1. M\u00e4rz 2017 aus legaler Quelle stammen. Dies soll zur Ressourcenerhaltung der Fischbest\u00e4nde beitragen.\"},{\"@type\":\"BreadcrumbList\",\"@id\":\"https:\\\/\\\/www.organisator.ch\\\/sustainability\\\/2017-02-27\\\/779-2\\\/#breadcrumb\",\"itemListElement\":[{\"@type\":\"ListItem\",\"position\":1,\"name\":\"Home\",\"item\":\"https:\\\/\\\/www.organisator.ch\\\/\"},{\"@type\":\"ListItem\",\"position\":2,\"name\":\"Verbot f\u00fcr illegal gefangenen Fisch\"}]},{\"@type\":\"WebSite\",\"@id\":\"https:\\\/\\\/www.organisator.ch\\\/#website\",\"url\":\"https:\\\/\\\/www.organisator.ch\\\/\",\"name\":\"Organisator\",\"description\":\"Kompetent. Praxisnah. Der ORGANISATOR bereitet in 10 Ausgaben pro Jahr die wesentlichen Themen f\u00fcr F\u00fchrungskr\u00e4fte von KMU auf.\",\"publisher\":{\"@id\":\"https:\\\/\\\/www.organisator.ch\\\/#organization\"},\"potentialAction\":[{\"@type\":\"SearchAction\",\"target\":{\"@type\":\"EntryPoint\",\"urlTemplate\":\"https:\\\/\\\/www.organisator.ch\\\/?s={search_term_string}\"},\"query-input\":{\"@type\":\"PropertyValueSpecification\",\"valueRequired\":true,\"valueName\":\"search_term_string\"}}],\"inLanguage\":\"fr-FR\"},{\"@type\":\"Organization\",\"@id\":\"https:\\\/\\\/www.organisator.ch\\\/#organization\",\"name\":\"Organisator\",\"url\":\"https:\\\/\\\/www.organisator.ch\\\/\",\"logo\":{\"@type\":\"ImageObject\",\"inLanguage\":\"fr-FR\",\"@id\":\"https:\\\/\\\/www.organisator.ch\\\/#\\\/schema\\\/logo\\\/image\\\/\",\"url\":\"https:\\\/\\\/www.organisator.ch\\\/wp-content\\\/uploads\\\/2022\\\/01\\\/Logo_Organisator_Website.png\",\"contentUrl\":\"https:\\\/\\\/www.organisator.ch\\\/wp-content\\\/uploads\\\/2022\\\/01\\\/Logo_Organisator_Website.png\",\"width\":800,\"height\":77,\"caption\":\"Organisator\"},\"image\":{\"@id\":\"https:\\\/\\\/www.organisator.ch\\\/#\\\/schema\\\/logo\\\/image\\\/\"},\"sameAs\":[\"https:\\\/\\\/www.facebook.com\\\/OrganisatorFachmagazin\",\"https:\\\/\\\/www.linkedin.com\\\/showcase\\\/organisator-das-magazin-fr-kmu\",\"https:\\\/\\\/www.xing.com\\\/news\\\/pages\\\/organisator-ch-695\",\"https:\\\/\\\/www.youtube.com\\\/channel\\\/UCGP2Sq0iWaZwT3BdIAQFYpw\"]},{\"@type\":\"Person\",\"@id\":\"https:\\\/\\\/www.organisator.ch\\\/#\\\/schema\\\/person\\\/aa2bace6c5c5aad60102004a50c4eb1c\",\"name\":\"admin\",\"image\":{\"@type\":\"ImageObject\",\"inLanguage\":\"fr-FR\",\"@id\":\"https:\\\/\\\/secure.gravatar.com\\\/avatar\\\/ae2f4d718e6c49043e314ce431e7e645d646302a24a5ef5a8bc8e3f5a032e319?s=96&d=mm&r=g\",\"url\":\"https:\\\/\\\/secure.gravatar.com\\\/avatar\\\/ae2f4d718e6c49043e314ce431e7e645d646302a24a5ef5a8bc8e3f5a032e319?s=96&d=mm&r=g\",\"contentUrl\":\"https:\\\/\\\/secure.gravatar.com\\\/avatar\\\/ae2f4d718e6c49043e314ce431e7e645d646302a24a5ef5a8bc8e3f5a032e319?s=96&d=mm&r=g\",\"caption\":\"admin\"},\"sameAs\":[\"https:\\\/\\\/www.organisator.ch\"],\"url\":\"https:\\\/\\\/www.organisator.ch\\\/fr\\\/author\\\/admin\\\/\"}]}<\/script>\n<!-- \/ Yoast SEO plugin. -->","yoast_head_json":{"title":"Interdiction du poisson p\u00each\u00e9 ill\u00e9galement - Organisateur","description":"Consommer du poisson sans mauvaise conscience : \u00c0 partir du 1er mars 2017, seuls les poissons dont il est prouv\u00e9 qu'ils ont \u00e9t\u00e9 p\u00each\u00e9s l\u00e9galement pourront \u00eatre import\u00e9s en Suisse.","robots":{"index":"index","follow":"follow","max-snippet":"max-snippet:-1","max-image-preview":"max-image-preview:large","max-video-preview":"max-video-preview:-1"},"canonical":"https:\/\/www.organisator.ch\/fr\/sustainability\/2017-02-27\/779-2\/","og_locale":"fr_FR","og_type":"article","og_title":"Verbot f\u00fcr illegal gefangenen Fisch - Organisator","og_description":"Fischkonsum ohne schlechtes Gewissen: Ab 1. M\u00e4rz 2017 d\u00fcrfen nur noch Fische in die Schweiz importiert werden, die nachweislich legal gefischt wurden.","og_url":"https:\/\/www.organisator.ch\/fr\/sustainability\/2017-02-27\/779-2\/","og_site_name":"Organisator","article_publisher":"https:\/\/www.facebook.com\/OrganisatorFachmagazin","article_published_time":"2017-02-27T15:42:17+00:00","article_modified_time":"2022-02-09T10:10:12+00:00","og_image":[{"width":1024,"height":681,"url":"https:\/\/www.organisator.ch\/wp-content\/uploads\/2017\/02\/Depositphotos_36704977_l-2015-1024x681.jpg","type":"image\/jpeg"}],"author":"admin","twitter_card":"summary_large_image","schema":{"@context":"https:\/\/schema.org","@graph":[{"@type":"Article","@id":"https:\/\/www.organisator.ch\/sustainability\/2017-02-27\/779-2\/#article","isPartOf":{"@id":"https:\/\/www.organisator.ch\/sustainability\/2017-02-27\/779-2\/"},"author":{"name":"admin","@id":"https:\/\/www.organisator.ch\/#\/schema\/person\/aa2bace6c5c5aad60102004a50c4eb1c"},"headline":"Verbot f\u00fcr illegal gefangenen Fisch","datePublished":"2017-02-27T15:42:17+00:00","dateModified":"2022-02-09T10:10:12+00:00","mainEntityOfPage":{"@id":"https:\/\/www.organisator.ch\/sustainability\/2017-02-27\/779-2\/"},"wordCount":291,"commentCount":0,"publisher":{"@id":"https:\/\/www.organisator.ch\/#organization"},"image":{"@id":"https:\/\/www.organisator.ch\/sustainability\/2017-02-27\/779-2\/#primaryimage"},"thumbnailUrl":"https:\/\/www.organisator.ch\/wp-content\/uploads\/2017\/02\/Depositphotos_36704977_l-2015.jpg","keywords":["Bund","Fisch","Import","Lebensmittel"],"articleSection":["SUSTAINABILITY"],"inLanguage":"fr-FR"},{"@type":"WebPage","@id":"https:\/\/www.organisator.ch\/sustainability\/2017-02-27\/779-2\/","url":"https:\/\/www.organisator.ch\/sustainability\/2017-02-27\/779-2\/","name":"Interdiction du poisson p\u00each\u00e9 ill\u00e9galement - Organisateur","isPartOf":{"@id":"https:\/\/www.organisator.ch\/#website"},"primaryImageOfPage":{"@id":"https:\/\/www.organisator.ch\/sustainability\/2017-02-27\/779-2\/#primaryimage"},"image":{"@id":"https:\/\/www.organisator.ch\/sustainability\/2017-02-27\/779-2\/#primaryimage"},"thumbnailUrl":"https:\/\/www.organisator.ch\/wp-content\/uploads\/2017\/02\/Depositphotos_36704977_l-2015.jpg","datePublished":"2017-02-27T15:42:17+00:00","dateModified":"2022-02-09T10:10:12+00:00","description":"Consommer du poisson sans mauvaise conscience : \u00c0 partir du 1er mars 2017, seuls les poissons dont il est prouv\u00e9 qu'ils ont \u00e9t\u00e9 p\u00each\u00e9s l\u00e9galement pourront \u00eatre import\u00e9s en Suisse.","breadcrumb":{"@id":"https:\/\/www.organisator.ch\/sustainability\/2017-02-27\/779-2\/#breadcrumb"},"inLanguage":"fr-FR","potentialAction":[{"@type":"ReadAction","target":["https:\/\/www.organisator.ch\/sustainability\/2017-02-27\/779-2\/"]}]},{"@type":"ImageObject","inLanguage":"fr-FR","@id":"https:\/\/www.organisator.ch\/sustainability\/2017-02-27\/779-2\/#primaryimage","url":"https:\/\/www.organisator.ch\/wp-content\/uploads\/2017\/02\/Depositphotos_36704977_l-2015.jpg","contentUrl":"https:\/\/www.organisator.ch\/wp-content\/uploads\/2017\/02\/Depositphotos_36704977_l-2015.jpg","width":2000,"height":1331,"caption":"Importierter Fisch muss per 1. M\u00e4rz 2017 aus legaler Quelle stammen. Dies soll zur Ressourcenerhaltung der Fischbest\u00e4nde beitragen."},{"@type":"BreadcrumbList","@id":"https:\/\/www.organisator.ch\/sustainability\/2017-02-27\/779-2\/#breadcrumb","itemListElement":[{"@type":"ListItem","position":1,"name":"Home","item":"https:\/\/www.organisator.ch\/"},{"@type":"ListItem","position":2,"name":"Verbot f\u00fcr illegal gefangenen Fisch"}]},{"@type":"WebSite","@id":"https:\/\/www.organisator.ch\/#website","url":"https:\/\/www.organisator.ch\/","name":"Organisateur","description":"Comp\u00e9tence et comp\u00e9tence. Proches de la pratique. L'ORGANISATEUR pr\u00e9pare 10 num\u00e9ros par an sur les th\u00e8mes essentiels pour les dirigeants de PME.","publisher":{"@id":"https:\/\/www.organisator.ch\/#organization"},"potentialAction":[{"@type":"SearchAction","target":{"@type":"EntryPoint","urlTemplate":"https:\/\/www.organisator.ch\/?s={search_term_string}"},"query-input":{"@type":"PropertyValueSpecification","valueRequired":true,"valueName":"search_term_string"}}],"inLanguage":"fr-FR"},{"@type":"Organization","@id":"https:\/\/www.organisator.ch\/#organization","name":"Organisateur","url":"https:\/\/www.organisator.ch\/","logo":{"@type":"ImageObject","inLanguage":"fr-FR","@id":"https:\/\/www.organisator.ch\/#\/schema\/logo\/image\/","url":"https:\/\/www.organisator.ch\/wp-content\/uploads\/2022\/01\/Logo_Organisator_Website.png","contentUrl":"https:\/\/www.organisator.ch\/wp-content\/uploads\/2022\/01\/Logo_Organisator_Website.png","width":800,"height":77,"caption":"Organisator"},"image":{"@id":"https:\/\/www.organisator.ch\/#\/schema\/logo\/image\/"},"sameAs":["https:\/\/www.facebook.com\/OrganisatorFachmagazin","https:\/\/www.linkedin.com\/showcase\/organisator-das-magazin-fr-kmu","https:\/\/www.xing.com\/news\/pages\/organisator-ch-695","https:\/\/www.youtube.com\/channel\/UCGP2Sq0iWaZwT3BdIAQFYpw"]},{"@type":"Person","@id":"https:\/\/www.organisator.ch\/#\/schema\/person\/aa2bace6c5c5aad60102004a50c4eb1c","name":"admin","image":{"@type":"ImageObject","inLanguage":"fr-FR","@id":"https:\/\/secure.gravatar.com\/avatar\/ae2f4d718e6c49043e314ce431e7e645d646302a24a5ef5a8bc8e3f5a032e319?s=96&d=mm&r=g","url":"https:\/\/secure.gravatar.com\/avatar\/ae2f4d718e6c49043e314ce431e7e645d646302a24a5ef5a8bc8e3f5a032e319?s=96&d=mm&r=g","contentUrl":"https:\/\/secure.gravatar.com\/avatar\/ae2f4d718e6c49043e314ce431e7e645d646302a24a5ef5a8bc8e3f5a032e319?s=96&d=mm&r=g","caption":"admin"},"sameAs":["https:\/\/www.organisator.ch"],"url":"https:\/\/www.organisator.ch\/fr\/author\/admin\/"}]}},"_links":{"self":[{"href":"https:\/\/www.organisator.ch\/fr\/wp-json\/wp\/v2\/posts\/9992","targetHints":{"allow":["GET"]}}],"collection":[{"href":"https:\/\/www.organisator.ch\/fr\/wp-json\/wp\/v2\/posts"}],"about":[{"href":"https:\/\/www.organisator.ch\/fr\/wp-json\/wp\/v2\/types\/post"}],"author":[{"embeddable":true,"href":"https:\/\/www.organisator.ch\/fr\/wp-json\/wp\/v2\/users\/1"}],"replies":[{"embeddable":true,"href":"https:\/\/www.organisator.ch\/fr\/wp-json\/wp\/v2\/comments?post=9992"}],"version-history":[{"count":1,"href":"https:\/\/www.organisator.ch\/fr\/wp-json\/wp\/v2\/posts\/9992\/revisions"}],"predecessor-version":[{"id":10946,"href":"https:\/\/www.organisator.ch\/fr\/wp-json\/wp\/v2\/posts\/9992\/revisions\/10946"}],"wp:featuredmedia":[{"embeddable":true,"href":"https:\/\/www.organisator.ch\/fr\/wp-json\/wp\/v2\/media\/9472"}],"wp:attachment":[{"href":"https:\/\/www.organisator.ch\/fr\/wp-json\/wp\/v2\/media?parent=9992"}],"wp:term":[{"taxonomy":"category","embeddable":true,"href":"https:\/\/www.organisator.ch\/fr\/wp-json\/wp\/v2\/categories?post=9992"},{"taxonomy":"post_tag","embeddable":true,"href":"https:\/\/www.organisator.ch\/fr\/wp-json\/wp\/v2\/tags?post=9992"}],"curies":[{"name":"wp","href":"https:\/\/api.w.org\/{rel}","templated":true}]}}