{"id":9994,"date":"2017-02-28T10:48:51","date_gmt":"2017-02-28T09:48:51","guid":{"rendered":"https:\/\/www.umweltperspektiven.ch\/?p=787"},"modified":"2022-02-09T11:10:12","modified_gmt":"2022-02-09T10:10:12","slug":"gesucht-innovative-mobilitaetsprojekte","status":"publish","type":"post","link":"https:\/\/www.organisator.ch\/fr\/sustainability\/2017-02-28\/gesucht-innovative-mobilitaetsprojekte\/","title":{"rendered":"Nous recherchons des projets : Projets de mobilit\u00e9 innovants"},"content":{"rendered":"<p>Projets pilotes et de d\u00e9monstration de la mobilit\u00e9 combin\u00e9e des personnes, nouvelles formes d'offre pour le transport individuel motoris\u00e9, les transports publics et la mobilit\u00e9 douce ainsi que projets avec des mesures orient\u00e9es vers la demande et des approches de solutions innovantes : Dans ces trois cat\u00e9gories, la <a href=\"\/\/www.energieschweiz.ch\/page\/de-ch\/innovative-mobilitaetsprojekte\">Centre de coordination pour la mobilit\u00e9 durable KOMO <\/a>jusqu'au 30 avril pour soumettre des projets.  KOMO encourage le d\u00e9veloppement et la mise en \u0153uvre de nouvelles id\u00e9es pour des formes et des offres de mobilit\u00e9 d'avenir ; par exemple avec des financements de d\u00e9part ou un soutien financier pour l'extension d'un projet.<\/p>\n<p>KOMO est soutenu par les offices f\u00e9d\u00e9raux ARE, OFROU, OFEV, OFSP, OFT et OFEN. Depuis janvier 2016, le centre de coordination remplace le Centre de services pour une mobilit\u00e9 innovatrice et durable (CSMI) et assume depuis lors ses t\u00e2ches.<\/p>\n<p><strong>Trouver des projets en cours<\/strong><\/p>\n<p>Une <a href=\"\/\/www.energieschweiz.ch\/page\/de-ch\/komo-projektueberblick?nossl=true\">carte interactive<\/a> donne un aper\u00e7u de tous les projets de mobilit\u00e9 actuellement soutenus par KOMO ou d\u00e9j\u00e0 termin\u00e9s.  Parmi eux, on trouve par exemple le projet MIWO 2, qui s'occupe de la gestion de la mobilit\u00e9 dans les lotissements, un projet de covoiturage et d'autopartage dans le canton du Tessin ou un projet de la Fondation Suisse de Cardiologie, qui vise \u00e0 am\u00e9liorer la sant\u00e9 de la population en soutenant la mobilit\u00e9 douce.<\/p>\n<p><strong>Syst\u00e8mes de transport intelligents<\/strong><\/p>\n<p>Cette ann\u00e9e, l'accent est mis sur les projets concernant les syst\u00e8mes et services de transport intelligents. Ces projets seront trait\u00e9s en priorit\u00e9. Il s'agit par exemple de projets qui mettent en r\u00e9seau diff\u00e9rents modes de transport, de services d'information et de navigation sur le trafic, de projets qui am\u00e9liorent la base et l'utilisation des donn\u00e9es pour une mobilit\u00e9 durable ou de solutions logistiques intelligentes bas\u00e9es sur les technologies de l'information pour r\u00e9duire le transport de marchandises.<\/p>\n<p>Mais les soumissions de projets sur des th\u00e8mes ouverts sont \u00e9galement les bienvenues. Les approches et projets innovants qui visent une utilisation durable et plus efficace des capacit\u00e9s existantes et des ressources naturelles, qui facilitent le changement de mode de transport, qui comblent les lacunes dans la cha\u00eene de mobilit\u00e9 ou qui permettent des solutions de transport intermodales in\u00e9dites sont particuli\u00e8rement recherch\u00e9s.<\/p>\n<p>Les projets doivent pr\u00e9senter un co\u00fbt total de projet d'au moins 50 000 francs, \u00eatre ax\u00e9s sur le long terme et pouvoir d\u00e9montrer une gestion de projet transparente. Un autre crit\u00e8re important est un potentiel d'impact national ou du moins de multiplication et de diffusion.<\/p>\n<p>Pour plus d'informations, voir le <a href=\"\/\/www.bfe.admin.ch\/php\/modules\/publikationen\/stream.php?extlang=de&amp;name=de_8695410.pdf\">Appel \u00e0 projets<\/a>.<\/p>","protected":false},"excerpt":{"rendered":"<p>Pilot- und Demonstrationsprojekte der kombinierten Personenmobilit\u00e4t, neue Angebotsformen f\u00fcr den motorisierten Individualverkehr, den \u00f6ffentlichen Verkehr und den Langsamverkehr sowie Projekte mit nachfrageorientierten Massnahmen und innovativen L\u00f6suungsans\u00e4tzen: In diesen drei Kategorien nimmt die Koordinationsstelle f\u00fcr nachhaltige Mobilit\u00e4t KOMO noch bis zum 30. April Projekteingaben an.\u00a0 KOMO f\u00f6rdert die Entwicklung und Umsetzung neuer Ideen f\u00fcr zukunftsweisende Mobilit\u00e4tsformen [&hellip;]<\/p>\n","protected":false},"author":1,"featured_media":9473,"comment_status":"open","ping_status":"open","sticky":false,"template":"","format":"standard","meta":{"_acf_changed":false,"_yoast_wpseo_focuskw":"Mobilit\u00e4tsprojekte","_yoast_wpseo_metadesc":"Die Koordinationsstelle f\u00fcr nachhaltige Mobilit\u00e4t KOMO sucht Projekte, die neue Ideen f\u00fcr zukunftsweisende Mobilit\u00e4tsformen und -angebote umsetzen wollen.","articlekey":"","footnotes":""},"categories":[580],"tags":[736,1549,1727,1775],"class_list":["post-9994","post","type-post","status-publish","format-standard","has-post-thumbnail","hentry","category-sustainability","tag-astra","tag-komo","tag-mobilitaetsmanagement","tag-nachhaltiger-verkehr"],"acf":[],"yoast_head":"<!-- This site is optimized with the Yoast SEO plugin v27.5 - https:\/\/yoast.com\/product\/yoast-seo-wordpress\/ -->\n<title>Gesucht: Innovative Mobilit\u00e4tsprojekte - Organisator<\/title>\n<meta name=\"description\" content=\"Die Koordinationsstelle f\u00fcr nachhaltige Mobilit\u00e4t KOMO sucht Projekte, die neue Ideen f\u00fcr zukunftsweisende Mobilit\u00e4tsformen und -angebote umsetzen wollen.\" \/>\n<meta name=\"robots\" content=\"index, follow, max-snippet:-1, max-image-preview:large, max-video-preview:-1\" \/>\n<link rel=\"canonical\" href=\"https:\/\/www.organisator.ch\/fr\/sustainability\/2017-02-28\/gesucht-innovative-mobilitaetsprojekte\/\" \/>\n<meta property=\"og:locale\" content=\"fr_FR\" \/>\n<meta property=\"og:type\" content=\"article\" \/>\n<meta property=\"og:title\" content=\"Gesucht: Innovative Mobilit\u00e4tsprojekte - Organisator\" \/>\n<meta property=\"og:description\" content=\"Die Koordinationsstelle f\u00fcr nachhaltige Mobilit\u00e4t KOMO sucht Projekte, die neue Ideen f\u00fcr zukunftsweisende Mobilit\u00e4tsformen und -angebote umsetzen wollen.\" \/>\n<meta property=\"og:url\" content=\"https:\/\/www.organisator.ch\/fr\/sustainability\/2017-02-28\/gesucht-innovative-mobilitaetsprojekte\/\" \/>\n<meta property=\"og:site_name\" content=\"Organisator\" \/>\n<meta property=\"article:publisher\" content=\"https:\/\/www.facebook.com\/OrganisatorFachmagazin\" \/>\n<meta property=\"article:published_time\" content=\"2017-02-28T09:48:51+00:00\" \/>\n<meta property=\"article:modified_time\" content=\"2022-02-09T10:10:12+00:00\" \/>\n<meta property=\"og:image\" content=\"https:\/\/www.organisator.ch\/wp-content\/uploads\/2017\/02\/Depositphotos_128677098_l-2015-1024x682.jpg\" \/>\n\t<meta property=\"og:image:width\" content=\"1024\" \/>\n\t<meta property=\"og:image:height\" content=\"682\" \/>\n\t<meta property=\"og:image:type\" content=\"image\/jpeg\" \/>\n<meta name=\"author\" content=\"admin\" \/>\n<meta name=\"twitter:card\" content=\"summary_large_image\" \/>\n<script type=\"application\/ld+json\" class=\"yoast-schema-graph\">{\"@context\":\"https:\\\/\\\/schema.org\",\"@graph\":[{\"@type\":\"Article\",\"@id\":\"https:\\\/\\\/www.organisator.ch\\\/sustainability\\\/2017-02-28\\\/gesucht-innovative-mobilitaetsprojekte\\\/#article\",\"isPartOf\":{\"@id\":\"https:\\\/\\\/www.organisator.ch\\\/sustainability\\\/2017-02-28\\\/gesucht-innovative-mobilitaetsprojekte\\\/\"},\"author\":{\"name\":\"admin\",\"@id\":\"https:\\\/\\\/www.organisator.ch\\\/#\\\/schema\\\/person\\\/aa2bace6c5c5aad60102004a50c4eb1c\"},\"headline\":\"Gesucht: Innovative Mobilit\u00e4tsprojekte\",\"datePublished\":\"2017-02-28T09:48:51+00:00\",\"dateModified\":\"2022-02-09T10:10:12+00:00\",\"mainEntityOfPage\":{\"@id\":\"https:\\\/\\\/www.organisator.ch\\\/sustainability\\\/2017-02-28\\\/gesucht-innovative-mobilitaetsprojekte\\\/\"},\"wordCount\":334,\"commentCount\":0,\"publisher\":{\"@id\":\"https:\\\/\\\/www.organisator.ch\\\/#organization\"},\"image\":{\"@id\":\"https:\\\/\\\/www.organisator.ch\\\/sustainability\\\/2017-02-28\\\/gesucht-innovative-mobilitaetsprojekte\\\/#primaryimage\"},\"thumbnailUrl\":\"https:\\\/\\\/www.organisator.ch\\\/wp-content\\\/uploads\\\/2017\\\/02\\\/Depositphotos_128677098_l-2015.jpg\",\"keywords\":[\"ASTRA\",\"KOMO\",\"Mobilit\u00e4tsmanagement\",\"Nachhaltiger Verkehr\"],\"articleSection\":[\"SUSTAINABILITY\"],\"inLanguage\":\"fr-FR\"},{\"@type\":\"WebPage\",\"@id\":\"https:\\\/\\\/www.organisator.ch\\\/sustainability\\\/2017-02-28\\\/gesucht-innovative-mobilitaetsprojekte\\\/\",\"url\":\"https:\\\/\\\/www.organisator.ch\\\/sustainability\\\/2017-02-28\\\/gesucht-innovative-mobilitaetsprojekte\\\/\",\"name\":\"Gesucht: Innovative Mobilit\u00e4tsprojekte - Organisator\",\"isPartOf\":{\"@id\":\"https:\\\/\\\/www.organisator.ch\\\/#website\"},\"primaryImageOfPage\":{\"@id\":\"https:\\\/\\\/www.organisator.ch\\\/sustainability\\\/2017-02-28\\\/gesucht-innovative-mobilitaetsprojekte\\\/#primaryimage\"},\"image\":{\"@id\":\"https:\\\/\\\/www.organisator.ch\\\/sustainability\\\/2017-02-28\\\/gesucht-innovative-mobilitaetsprojekte\\\/#primaryimage\"},\"thumbnailUrl\":\"https:\\\/\\\/www.organisator.ch\\\/wp-content\\\/uploads\\\/2017\\\/02\\\/Depositphotos_128677098_l-2015.jpg\",\"datePublished\":\"2017-02-28T09:48:51+00:00\",\"dateModified\":\"2022-02-09T10:10:12+00:00\",\"description\":\"Die Koordinationsstelle f\u00fcr nachhaltige Mobilit\u00e4t KOMO sucht Projekte, die neue Ideen f\u00fcr zukunftsweisende Mobilit\u00e4tsformen und -angebote umsetzen wollen.\",\"breadcrumb\":{\"@id\":\"https:\\\/\\\/www.organisator.ch\\\/sustainability\\\/2017-02-28\\\/gesucht-innovative-mobilitaetsprojekte\\\/#breadcrumb\"},\"inLanguage\":\"fr-FR\",\"potentialAction\":[{\"@type\":\"ReadAction\",\"target\":[\"https:\\\/\\\/www.organisator.ch\\\/sustainability\\\/2017-02-28\\\/gesucht-innovative-mobilitaetsprojekte\\\/\"]}]},{\"@type\":\"ImageObject\",\"inLanguage\":\"fr-FR\",\"@id\":\"https:\\\/\\\/www.organisator.ch\\\/sustainability\\\/2017-02-28\\\/gesucht-innovative-mobilitaetsprojekte\\\/#primaryimage\",\"url\":\"https:\\\/\\\/www.organisator.ch\\\/wp-content\\\/uploads\\\/2017\\\/02\\\/Depositphotos_128677098_l-2015.jpg\",\"contentUrl\":\"https:\\\/\\\/www.organisator.ch\\\/wp-content\\\/uploads\\\/2017\\\/02\\\/Depositphotos_128677098_l-2015.jpg\",\"width\":2000,\"height\":1333,\"caption\":\"Gesucht sind insbesondere Projekte, die sich um intelligent Transportsysteme und -services drehen.\"},{\"@type\":\"BreadcrumbList\",\"@id\":\"https:\\\/\\\/www.organisator.ch\\\/sustainability\\\/2017-02-28\\\/gesucht-innovative-mobilitaetsprojekte\\\/#breadcrumb\",\"itemListElement\":[{\"@type\":\"ListItem\",\"position\":1,\"name\":\"Home\",\"item\":\"https:\\\/\\\/www.organisator.ch\\\/\"},{\"@type\":\"ListItem\",\"position\":2,\"name\":\"Gesucht: Innovative Mobilit\u00e4tsprojekte\"}]},{\"@type\":\"WebSite\",\"@id\":\"https:\\\/\\\/www.organisator.ch\\\/#website\",\"url\":\"https:\\\/\\\/www.organisator.ch\\\/\",\"name\":\"Organisator\",\"description\":\"Kompetent. Praxisnah. Der ORGANISATOR bereitet in 10 Ausgaben pro Jahr die wesentlichen Themen f\u00fcr F\u00fchrungskr\u00e4fte von KMU auf.\",\"publisher\":{\"@id\":\"https:\\\/\\\/www.organisator.ch\\\/#organization\"},\"potentialAction\":[{\"@type\":\"SearchAction\",\"target\":{\"@type\":\"EntryPoint\",\"urlTemplate\":\"https:\\\/\\\/www.organisator.ch\\\/?s={search_term_string}\"},\"query-input\":{\"@type\":\"PropertyValueSpecification\",\"valueRequired\":true,\"valueName\":\"search_term_string\"}}],\"inLanguage\":\"fr-FR\"},{\"@type\":\"Organization\",\"@id\":\"https:\\\/\\\/www.organisator.ch\\\/#organization\",\"name\":\"Organisator\",\"url\":\"https:\\\/\\\/www.organisator.ch\\\/\",\"logo\":{\"@type\":\"ImageObject\",\"inLanguage\":\"fr-FR\",\"@id\":\"https:\\\/\\\/www.organisator.ch\\\/#\\\/schema\\\/logo\\\/image\\\/\",\"url\":\"https:\\\/\\\/www.organisator.ch\\\/wp-content\\\/uploads\\\/2022\\\/01\\\/Logo_Organisator_Website.png\",\"contentUrl\":\"https:\\\/\\\/www.organisator.ch\\\/wp-content\\\/uploads\\\/2022\\\/01\\\/Logo_Organisator_Website.png\",\"width\":800,\"height\":77,\"caption\":\"Organisator\"},\"image\":{\"@id\":\"https:\\\/\\\/www.organisator.ch\\\/#\\\/schema\\\/logo\\\/image\\\/\"},\"sameAs\":[\"https:\\\/\\\/www.facebook.com\\\/OrganisatorFachmagazin\",\"https:\\\/\\\/www.linkedin.com\\\/showcase\\\/organisator-das-magazin-fr-kmu\",\"https:\\\/\\\/www.xing.com\\\/news\\\/pages\\\/organisator-ch-695\",\"https:\\\/\\\/www.youtube.com\\\/channel\\\/UCGP2Sq0iWaZwT3BdIAQFYpw\"]},{\"@type\":\"Person\",\"@id\":\"https:\\\/\\\/www.organisator.ch\\\/#\\\/schema\\\/person\\\/aa2bace6c5c5aad60102004a50c4eb1c\",\"name\":\"admin\",\"image\":{\"@type\":\"ImageObject\",\"inLanguage\":\"fr-FR\",\"@id\":\"https:\\\/\\\/secure.gravatar.com\\\/avatar\\\/ae2f4d718e6c49043e314ce431e7e645d646302a24a5ef5a8bc8e3f5a032e319?s=96&d=mm&r=g\",\"url\":\"https:\\\/\\\/secure.gravatar.com\\\/avatar\\\/ae2f4d718e6c49043e314ce431e7e645d646302a24a5ef5a8bc8e3f5a032e319?s=96&d=mm&r=g\",\"contentUrl\":\"https:\\\/\\\/secure.gravatar.com\\\/avatar\\\/ae2f4d718e6c49043e314ce431e7e645d646302a24a5ef5a8bc8e3f5a032e319?s=96&d=mm&r=g\",\"caption\":\"admin\"},\"sameAs\":[\"https:\\\/\\\/www.organisator.ch\"],\"url\":\"https:\\\/\\\/www.organisator.ch\\\/fr\\\/author\\\/admin\\\/\"}]}<\/script>\n<!-- \/ Yoast SEO plugin. -->","yoast_head_json":{"title":"Nous recherchons des candidats : Projets de mobilit\u00e9 innovants - Organisateur","description":"Le centre de coordination pour la mobilit\u00e9 durable KOMO recherche des projets qui souhaitent mettre en \u0153uvre de nouvelles id\u00e9es pour des formes et des offres de mobilit\u00e9 porteuses d'avenir.","robots":{"index":"index","follow":"follow","max-snippet":"max-snippet:-1","max-image-preview":"max-image-preview:large","max-video-preview":"max-video-preview:-1"},"canonical":"https:\/\/www.organisator.ch\/fr\/sustainability\/2017-02-28\/gesucht-innovative-mobilitaetsprojekte\/","og_locale":"fr_FR","og_type":"article","og_title":"Gesucht: Innovative Mobilit\u00e4tsprojekte - Organisator","og_description":"Die Koordinationsstelle f\u00fcr nachhaltige Mobilit\u00e4t KOMO sucht Projekte, die neue Ideen f\u00fcr zukunftsweisende Mobilit\u00e4tsformen und -angebote umsetzen wollen.","og_url":"https:\/\/www.organisator.ch\/fr\/sustainability\/2017-02-28\/gesucht-innovative-mobilitaetsprojekte\/","og_site_name":"Organisator","article_publisher":"https:\/\/www.facebook.com\/OrganisatorFachmagazin","article_published_time":"2017-02-28T09:48:51+00:00","article_modified_time":"2022-02-09T10:10:12+00:00","og_image":[{"width":1024,"height":682,"url":"https:\/\/www.organisator.ch\/wp-content\/uploads\/2017\/02\/Depositphotos_128677098_l-2015-1024x682.jpg","type":"image\/jpeg"}],"author":"admin","twitter_card":"summary_large_image","schema":{"@context":"https:\/\/schema.org","@graph":[{"@type":"Article","@id":"https:\/\/www.organisator.ch\/sustainability\/2017-02-28\/gesucht-innovative-mobilitaetsprojekte\/#article","isPartOf":{"@id":"https:\/\/www.organisator.ch\/sustainability\/2017-02-28\/gesucht-innovative-mobilitaetsprojekte\/"},"author":{"name":"admin","@id":"https:\/\/www.organisator.ch\/#\/schema\/person\/aa2bace6c5c5aad60102004a50c4eb1c"},"headline":"Gesucht: Innovative Mobilit\u00e4tsprojekte","datePublished":"2017-02-28T09:48:51+00:00","dateModified":"2022-02-09T10:10:12+00:00","mainEntityOfPage":{"@id":"https:\/\/www.organisator.ch\/sustainability\/2017-02-28\/gesucht-innovative-mobilitaetsprojekte\/"},"wordCount":334,"commentCount":0,"publisher":{"@id":"https:\/\/www.organisator.ch\/#organization"},"image":{"@id":"https:\/\/www.organisator.ch\/sustainability\/2017-02-28\/gesucht-innovative-mobilitaetsprojekte\/#primaryimage"},"thumbnailUrl":"https:\/\/www.organisator.ch\/wp-content\/uploads\/2017\/02\/Depositphotos_128677098_l-2015.jpg","keywords":["ASTRA","KOMO","Mobilit\u00e4tsmanagement","Nachhaltiger Verkehr"],"articleSection":["SUSTAINABILITY"],"inLanguage":"fr-FR"},{"@type":"WebPage","@id":"https:\/\/www.organisator.ch\/sustainability\/2017-02-28\/gesucht-innovative-mobilitaetsprojekte\/","url":"https:\/\/www.organisator.ch\/sustainability\/2017-02-28\/gesucht-innovative-mobilitaetsprojekte\/","name":"Nous recherchons des candidats : Projets de mobilit\u00e9 innovants - Organisateur","isPartOf":{"@id":"https:\/\/www.organisator.ch\/#website"},"primaryImageOfPage":{"@id":"https:\/\/www.organisator.ch\/sustainability\/2017-02-28\/gesucht-innovative-mobilitaetsprojekte\/#primaryimage"},"image":{"@id":"https:\/\/www.organisator.ch\/sustainability\/2017-02-28\/gesucht-innovative-mobilitaetsprojekte\/#primaryimage"},"thumbnailUrl":"https:\/\/www.organisator.ch\/wp-content\/uploads\/2017\/02\/Depositphotos_128677098_l-2015.jpg","datePublished":"2017-02-28T09:48:51+00:00","dateModified":"2022-02-09T10:10:12+00:00","description":"Le centre de coordination pour la mobilit\u00e9 durable KOMO recherche des projets qui souhaitent mettre en \u0153uvre de nouvelles id\u00e9es pour des formes et des offres de mobilit\u00e9 porteuses d'avenir.","breadcrumb":{"@id":"https:\/\/www.organisator.ch\/sustainability\/2017-02-28\/gesucht-innovative-mobilitaetsprojekte\/#breadcrumb"},"inLanguage":"fr-FR","potentialAction":[{"@type":"ReadAction","target":["https:\/\/www.organisator.ch\/sustainability\/2017-02-28\/gesucht-innovative-mobilitaetsprojekte\/"]}]},{"@type":"ImageObject","inLanguage":"fr-FR","@id":"https:\/\/www.organisator.ch\/sustainability\/2017-02-28\/gesucht-innovative-mobilitaetsprojekte\/#primaryimage","url":"https:\/\/www.organisator.ch\/wp-content\/uploads\/2017\/02\/Depositphotos_128677098_l-2015.jpg","contentUrl":"https:\/\/www.organisator.ch\/wp-content\/uploads\/2017\/02\/Depositphotos_128677098_l-2015.jpg","width":2000,"height":1333,"caption":"Gesucht sind insbesondere Projekte, die sich um intelligent Transportsysteme und -services drehen."},{"@type":"BreadcrumbList","@id":"https:\/\/www.organisator.ch\/sustainability\/2017-02-28\/gesucht-innovative-mobilitaetsprojekte\/#breadcrumb","itemListElement":[{"@type":"ListItem","position":1,"name":"Home","item":"https:\/\/www.organisator.ch\/"},{"@type":"ListItem","position":2,"name":"Gesucht: Innovative Mobilit\u00e4tsprojekte"}]},{"@type":"WebSite","@id":"https:\/\/www.organisator.ch\/#website","url":"https:\/\/www.organisator.ch\/","name":"Organisateur","description":"Comp\u00e9tence et comp\u00e9tence. Proches de la pratique. L'ORGANISATEUR pr\u00e9pare 10 num\u00e9ros par an sur les th\u00e8mes essentiels pour les dirigeants de PME.","publisher":{"@id":"https:\/\/www.organisator.ch\/#organization"},"potentialAction":[{"@type":"SearchAction","target":{"@type":"EntryPoint","urlTemplate":"https:\/\/www.organisator.ch\/?s={search_term_string}"},"query-input":{"@type":"PropertyValueSpecification","valueRequired":true,"valueName":"search_term_string"}}],"inLanguage":"fr-FR"},{"@type":"Organization","@id":"https:\/\/www.organisator.ch\/#organization","name":"Organisateur","url":"https:\/\/www.organisator.ch\/","logo":{"@type":"ImageObject","inLanguage":"fr-FR","@id":"https:\/\/www.organisator.ch\/#\/schema\/logo\/image\/","url":"https:\/\/www.organisator.ch\/wp-content\/uploads\/2022\/01\/Logo_Organisator_Website.png","contentUrl":"https:\/\/www.organisator.ch\/wp-content\/uploads\/2022\/01\/Logo_Organisator_Website.png","width":800,"height":77,"caption":"Organisator"},"image":{"@id":"https:\/\/www.organisator.ch\/#\/schema\/logo\/image\/"},"sameAs":["https:\/\/www.facebook.com\/OrganisatorFachmagazin","https:\/\/www.linkedin.com\/showcase\/organisator-das-magazin-fr-kmu","https:\/\/www.xing.com\/news\/pages\/organisator-ch-695","https:\/\/www.youtube.com\/channel\/UCGP2Sq0iWaZwT3BdIAQFYpw"]},{"@type":"Person","@id":"https:\/\/www.organisator.ch\/#\/schema\/person\/aa2bace6c5c5aad60102004a50c4eb1c","name":"admin","image":{"@type":"ImageObject","inLanguage":"fr-FR","@id":"https:\/\/secure.gravatar.com\/avatar\/ae2f4d718e6c49043e314ce431e7e645d646302a24a5ef5a8bc8e3f5a032e319?s=96&d=mm&r=g","url":"https:\/\/secure.gravatar.com\/avatar\/ae2f4d718e6c49043e314ce431e7e645d646302a24a5ef5a8bc8e3f5a032e319?s=96&d=mm&r=g","contentUrl":"https:\/\/secure.gravatar.com\/avatar\/ae2f4d718e6c49043e314ce431e7e645d646302a24a5ef5a8bc8e3f5a032e319?s=96&d=mm&r=g","caption":"admin"},"sameAs":["https:\/\/www.organisator.ch"],"url":"https:\/\/www.organisator.ch\/fr\/author\/admin\/"}]}},"_links":{"self":[{"href":"https:\/\/www.organisator.ch\/fr\/wp-json\/wp\/v2\/posts\/9994","targetHints":{"allow":["GET"]}}],"collection":[{"href":"https:\/\/www.organisator.ch\/fr\/wp-json\/wp\/v2\/posts"}],"about":[{"href":"https:\/\/www.organisator.ch\/fr\/wp-json\/wp\/v2\/types\/post"}],"author":[{"embeddable":true,"href":"https:\/\/www.organisator.ch\/fr\/wp-json\/wp\/v2\/users\/1"}],"replies":[{"embeddable":true,"href":"https:\/\/www.organisator.ch\/fr\/wp-json\/wp\/v2\/comments?post=9994"}],"version-history":[{"count":1,"href":"https:\/\/www.organisator.ch\/fr\/wp-json\/wp\/v2\/posts\/9994\/revisions"}],"predecessor-version":[{"id":10945,"href":"https:\/\/www.organisator.ch\/fr\/wp-json\/wp\/v2\/posts\/9994\/revisions\/10945"}],"wp:featuredmedia":[{"embeddable":true,"href":"https:\/\/www.organisator.ch\/fr\/wp-json\/wp\/v2\/media\/9473"}],"wp:attachment":[{"href":"https:\/\/www.organisator.ch\/fr\/wp-json\/wp\/v2\/media?parent=9994"}],"wp:term":[{"taxonomy":"category","embeddable":true,"href":"https:\/\/www.organisator.ch\/fr\/wp-json\/wp\/v2\/categories?post=9994"},{"taxonomy":"post_tag","embeddable":true,"href":"https:\/\/www.organisator.ch\/fr\/wp-json\/wp\/v2\/tags?post=9994"}],"curies":[{"name":"wp","href":"https:\/\/api.w.org\/{rel}","templated":true}]}}