{"id":9995,"date":"2017-03-06T17:22:22","date_gmt":"2017-03-06T16:22:22","guid":{"rendered":"https:\/\/www.umweltperspektiven.ch\/?p=854"},"modified":"2022-02-09T11:06:21","modified_gmt":"2022-02-09T10:06:21","slug":"roadmap-zur-2000-watt-gesellschaft","status":"publish","type":"post","link":"https:\/\/www.organisator.ch\/fr\/sustainability\/2017-03-06\/roadmap-zur-2000-watt-gesellschaft\/","title":{"rendered":"Feuille de route vers la soci\u00e9t\u00e9 \u00e0 2000 watts"},"content":{"rendered":"<div class=\"mod_styledtext\">\n<p>Les \"<a href=\"\/\/www.stadt-zuerich.ch\/gud\/de\/index\/umwelt_energie\/2000-watt-gesellschaft\/publikationen\/roadmap.html\">Feuille de route pour la soci\u00e9t\u00e9 \u00e0 2000 watts<\/a>\"donne une vue d'ensemble et montre l'\u00e9tat actuel du chemin vers la soci\u00e9t\u00e9 \u00e0 2000 watts. Elle identifie en outre les principaux potentiels et donne des recommandations d'action pour la politique 2000 watts de la ville de Zurich.<\/p>\n<h3>En bonne voie, mais il faut aller plus loin<\/h3>\n<p>La ville de Zurich a d\u00e9j\u00e0 r\u00e9alis\u00e9 de nombreux progr\u00e8s sur la voie de la soci\u00e9t\u00e9 \u00e0 2000 watts. Depuis 1990, la consommation d'\u00e9nergie primaire a pu \u00eatre r\u00e9duite de 1000 watts pour atteindre actuellement 4200 watts de puissance continue par personne. Quant aux \u00e9missions de gaz \u00e0 effet de serre, elles ont \u00e9t\u00e9 r\u00e9duites de 1,5 tonne pour atteindre environ 4,7 tonnes par personne et par an. La feuille de route confirme cette \u00e9volution positive et montre que les objectifs de la soci\u00e9t\u00e9 \u00e0 2000 watts sont en principe r\u00e9alisables. Toutefois, des mesures et des orientations politiques nettement plus ambitieuses sont n\u00e9cessaires : Avec les mesures actuelles, on arriverait en 2050 \u00e0 3500 watts au lieu de 2500 watts.<\/p>\n<p>La ville de Zurich ne peut pas atteindre seule la soci\u00e9t\u00e9 \u00e0 2000 watts. Tous les acteurs sont sollicit\u00e9s : la ville, le canton et la Conf\u00e9d\u00e9ration, mais aussi l'\u00e9conomie et la population.<\/p>\n<h3>Le plus grand potentiel dans l'approvisionnement en \u00e9nergie, les b\u00e2timents et la mobilit\u00e9<\/h3>\n<p>Afin d'identifier les potentiels les plus importants, la ville de Zurich a analys\u00e9 diff\u00e9rents sc\u00e9narios dans les cinq domaines suivants : consommation, urbanisation, b\u00e2timents, approvisionnement en \u00e9nergie et mobilit\u00e9. Le plus grand levier r\u00e9side dans le remplacement des chauffages fossiles par des syst\u00e8mes utilisant des \u00e9nergies renouvelables et dans l'am\u00e9lioration \u00e9nerg\u00e9tique des enveloppes de b\u00e2timent. La feuille de route identifie \u00e9galement une grande influence dans les domaines de la mobilit\u00e9 et de l'urbanisation. Pour la premi\u00e8re fois, la consommation et donc l'alimentation ont \u00e9galement \u00e9t\u00e9 prises en compte. Bien que l'effet des mesures prises dans ce domaine soit moins pr\u00e9cis, le plan de route montre que cette orientation a un grand potentiel. Les possibilit\u00e9s d'action de la ville en mati\u00e8re d'alimentation sont clarifi\u00e9es dans une position sur l'alimentation.<\/p>\n<p>Dans le domaine de comp\u00e9tence de la ville de Zurich, de nombreuses mesures parmi les plus efficaces ont d\u00e9j\u00e0 \u00e9t\u00e9 mises en \u0153uvre, sont en cours de r\u00e9alisation ou sont planifi\u00e9es. Il s'agit maintenant de poursuivre les concepts qui ont fait leurs preuves, d'\u00e9largir si possible le champ d'action et d'application et de r\u00e9agir avec souplesse aux \u00e9volutions technologiques.<\/p>\n<\/div>","protected":false},"excerpt":{"rendered":"<p>Die \u00abRoadmap 2000-Watt-Gesellschaft\u00bb gibt einen Gesamt\u00fcberblick und zeigt den aktuellen Stand auf dem Weg zur 2000-Watt-Gesellschaft auf. Zudem ortet sie die gr\u00f6ssten Potenziale und gibt Handlungsempfehlungen f\u00fcr die 2000-Watt-Politik in der Stadt Z\u00fcrich. Gut unterwegs, aber es braucht weitergehende Massnahmen Die Stadt Z\u00fcrich hat auf dem Weg zur 2000-Watt-Gesellschaft bereits vieles erreicht. Seit 1990 konnte [&hellip;]<\/p>\n","protected":false},"author":1,"featured_media":855,"comment_status":"open","ping_status":"open","sticky":false,"template":"","format":"standard","meta":{"_acf_changed":false,"_yoast_wpseo_focuskw":"Watt","_yoast_wpseo_metadesc":"Die Stadt Z\u00fcrich arbeitet weiter an der 2000-Watt-Gesellschaft. Sie nennt die Ziele grunds\u00e4tzlich erreichbar, fordert aber weitergehende Massnahmen.","articlekey":"","footnotes":""},"categories":[580],"tags":[642,596,2182],"class_list":["post-9995","post","type-post","status-publish","format-standard","has-post-thumbnail","hentry","category-sustainability","tag-2000-watt-gesellschaft","tag-klima","tag-stadt-zuerich"],"acf":[],"yoast_head":"<!-- This site is optimized with the Yoast SEO plugin v27.4 - https:\/\/yoast.com\/product\/yoast-seo-wordpress\/ -->\n<title>Roadmap zur 2000-Watt-Gesellschaft - Organisator<\/title>\n<meta name=\"description\" content=\"Die Stadt Z\u00fcrich arbeitet weiter an der 2000-Watt-Gesellschaft. Sie nennt die Ziele grunds\u00e4tzlich erreichbar, fordert aber weitergehende Massnahmen.\" \/>\n<meta name=\"robots\" content=\"index, follow, max-snippet:-1, max-image-preview:large, max-video-preview:-1\" \/>\n<link rel=\"canonical\" href=\"https:\/\/www.organisator.ch\/fr\/sustainability\/2017-03-06\/roadmap-zur-2000-watt-gesellschaft\/\" \/>\n<meta property=\"og:locale\" content=\"fr_FR\" \/>\n<meta property=\"og:type\" content=\"article\" \/>\n<meta property=\"og:title\" content=\"Roadmap zur 2000-Watt-Gesellschaft - Organisator\" \/>\n<meta property=\"og:description\" content=\"Die Stadt Z\u00fcrich arbeitet weiter an der 2000-Watt-Gesellschaft. Sie nennt die Ziele grunds\u00e4tzlich erreichbar, fordert aber weitergehende Massnahmen.\" \/>\n<meta property=\"og:url\" content=\"https:\/\/www.organisator.ch\/fr\/sustainability\/2017-03-06\/roadmap-zur-2000-watt-gesellschaft\/\" \/>\n<meta property=\"og:site_name\" content=\"Organisator\" \/>\n<meta property=\"article:publisher\" content=\"https:\/\/www.facebook.com\/OrganisatorFachmagazin\" \/>\n<meta property=\"article:published_time\" content=\"2017-03-06T16:22:22+00:00\" \/>\n<meta property=\"article:modified_time\" content=\"2022-02-09T10:06:21+00:00\" \/>\n<meta property=\"og:image\" content=\"https:\/\/www.organisator.ch\/wp-content\/uploads\/2017\/03\/Roadmap.jpg\" \/>\n\t<meta property=\"og:image:width\" content=\"878\" \/>\n\t<meta property=\"og:image:height\" content=\"1248\" \/>\n\t<meta property=\"og:image:type\" content=\"image\/jpeg\" \/>\n<meta name=\"author\" content=\"admin\" \/>\n<meta name=\"twitter:card\" content=\"summary_large_image\" \/>\n<script type=\"application\/ld+json\" class=\"yoast-schema-graph\">{\"@context\":\"https:\\\/\\\/schema.org\",\"@graph\":[{\"@type\":\"Article\",\"@id\":\"https:\\\/\\\/www.organisator.ch\\\/sustainability\\\/2017-03-06\\\/roadmap-zur-2000-watt-gesellschaft\\\/#article\",\"isPartOf\":{\"@id\":\"https:\\\/\\\/www.organisator.ch\\\/sustainability\\\/2017-03-06\\\/roadmap-zur-2000-watt-gesellschaft\\\/\"},\"author\":{\"name\":\"admin\",\"@id\":\"https:\\\/\\\/www.organisator.ch\\\/#\\\/schema\\\/person\\\/aa2bace6c5c5aad60102004a50c4eb1c\"},\"headline\":\"Roadmap zur 2000-Watt-Gesellschaft\",\"datePublished\":\"2017-03-06T16:22:22+00:00\",\"dateModified\":\"2022-02-09T10:06:21+00:00\",\"mainEntityOfPage\":{\"@id\":\"https:\\\/\\\/www.organisator.ch\\\/sustainability\\\/2017-03-06\\\/roadmap-zur-2000-watt-gesellschaft\\\/\"},\"wordCount\":333,\"commentCount\":0,\"publisher\":{\"@id\":\"https:\\\/\\\/www.organisator.ch\\\/#organization\"},\"image\":{\"@id\":\"https:\\\/\\\/www.organisator.ch\\\/sustainability\\\/2017-03-06\\\/roadmap-zur-2000-watt-gesellschaft\\\/#primaryimage\"},\"thumbnailUrl\":\"https:\\\/\\\/www.organisator.ch\\\/wp-content\\\/uploads\\\/2017\\\/03\\\/Roadmap.jpg\",\"keywords\":[\"2000-Watt-Gesellschaft\",\"KLIMA\",\"Stadt Z\u00fcrich\"],\"articleSection\":[\"SUSTAINABILITY\"],\"inLanguage\":\"fr-FR\"},{\"@type\":\"WebPage\",\"@id\":\"https:\\\/\\\/www.organisator.ch\\\/sustainability\\\/2017-03-06\\\/roadmap-zur-2000-watt-gesellschaft\\\/\",\"url\":\"https:\\\/\\\/www.organisator.ch\\\/sustainability\\\/2017-03-06\\\/roadmap-zur-2000-watt-gesellschaft\\\/\",\"name\":\"Roadmap zur 2000-Watt-Gesellschaft - Organisator\",\"isPartOf\":{\"@id\":\"https:\\\/\\\/www.organisator.ch\\\/#website\"},\"primaryImageOfPage\":{\"@id\":\"https:\\\/\\\/www.organisator.ch\\\/sustainability\\\/2017-03-06\\\/roadmap-zur-2000-watt-gesellschaft\\\/#primaryimage\"},\"image\":{\"@id\":\"https:\\\/\\\/www.organisator.ch\\\/sustainability\\\/2017-03-06\\\/roadmap-zur-2000-watt-gesellschaft\\\/#primaryimage\"},\"thumbnailUrl\":\"https:\\\/\\\/www.organisator.ch\\\/wp-content\\\/uploads\\\/2017\\\/03\\\/Roadmap.jpg\",\"datePublished\":\"2017-03-06T16:22:22+00:00\",\"dateModified\":\"2022-02-09T10:06:21+00:00\",\"description\":\"Die Stadt Z\u00fcrich arbeitet weiter an der 2000-Watt-Gesellschaft. Sie nennt die Ziele grunds\u00e4tzlich erreichbar, fordert aber weitergehende Massnahmen.\",\"breadcrumb\":{\"@id\":\"https:\\\/\\\/www.organisator.ch\\\/sustainability\\\/2017-03-06\\\/roadmap-zur-2000-watt-gesellschaft\\\/#breadcrumb\"},\"inLanguage\":\"fr-FR\",\"potentialAction\":[{\"@type\":\"ReadAction\",\"target\":[\"https:\\\/\\\/www.organisator.ch\\\/sustainability\\\/2017-03-06\\\/roadmap-zur-2000-watt-gesellschaft\\\/\"]}]},{\"@type\":\"ImageObject\",\"inLanguage\":\"fr-FR\",\"@id\":\"https:\\\/\\\/www.organisator.ch\\\/sustainability\\\/2017-03-06\\\/roadmap-zur-2000-watt-gesellschaft\\\/#primaryimage\",\"url\":\"https:\\\/\\\/www.organisator.ch\\\/wp-content\\\/uploads\\\/2017\\\/03\\\/Roadmap.jpg\",\"contentUrl\":\"https:\\\/\\\/www.organisator.ch\\\/wp-content\\\/uploads\\\/2017\\\/03\\\/Roadmap.jpg\",\"width\":878,\"height\":1248,\"caption\":\"Die Stadt Z\u00fcrich hat eine neue Roadmap zur 2000-Watt-Gesellschaft erstellt.\"},{\"@type\":\"BreadcrumbList\",\"@id\":\"https:\\\/\\\/www.organisator.ch\\\/sustainability\\\/2017-03-06\\\/roadmap-zur-2000-watt-gesellschaft\\\/#breadcrumb\",\"itemListElement\":[{\"@type\":\"ListItem\",\"position\":1,\"name\":\"Home\",\"item\":\"https:\\\/\\\/www.organisator.ch\\\/\"},{\"@type\":\"ListItem\",\"position\":2,\"name\":\"Roadmap zur 2000-Watt-Gesellschaft\"}]},{\"@type\":\"WebSite\",\"@id\":\"https:\\\/\\\/www.organisator.ch\\\/#website\",\"url\":\"https:\\\/\\\/www.organisator.ch\\\/\",\"name\":\"Organisator\",\"description\":\"Kompetent. Praxisnah. Der ORGANISATOR bereitet in 10 Ausgaben pro Jahr die wesentlichen Themen f\u00fcr F\u00fchrungskr\u00e4fte von KMU auf.\",\"publisher\":{\"@id\":\"https:\\\/\\\/www.organisator.ch\\\/#organization\"},\"potentialAction\":[{\"@type\":\"SearchAction\",\"target\":{\"@type\":\"EntryPoint\",\"urlTemplate\":\"https:\\\/\\\/www.organisator.ch\\\/?s={search_term_string}\"},\"query-input\":{\"@type\":\"PropertyValueSpecification\",\"valueRequired\":true,\"valueName\":\"search_term_string\"}}],\"inLanguage\":\"fr-FR\"},{\"@type\":\"Organization\",\"@id\":\"https:\\\/\\\/www.organisator.ch\\\/#organization\",\"name\":\"Organisator\",\"url\":\"https:\\\/\\\/www.organisator.ch\\\/\",\"logo\":{\"@type\":\"ImageObject\",\"inLanguage\":\"fr-FR\",\"@id\":\"https:\\\/\\\/www.organisator.ch\\\/#\\\/schema\\\/logo\\\/image\\\/\",\"url\":\"https:\\\/\\\/www.organisator.ch\\\/wp-content\\\/uploads\\\/2022\\\/01\\\/Logo_Organisator_Website.png\",\"contentUrl\":\"https:\\\/\\\/www.organisator.ch\\\/wp-content\\\/uploads\\\/2022\\\/01\\\/Logo_Organisator_Website.png\",\"width\":800,\"height\":77,\"caption\":\"Organisator\"},\"image\":{\"@id\":\"https:\\\/\\\/www.organisator.ch\\\/#\\\/schema\\\/logo\\\/image\\\/\"},\"sameAs\":[\"https:\\\/\\\/www.facebook.com\\\/OrganisatorFachmagazin\",\"https:\\\/\\\/www.linkedin.com\\\/showcase\\\/organisator-das-magazin-fr-kmu\",\"https:\\\/\\\/www.xing.com\\\/news\\\/pages\\\/organisator-ch-695\",\"https:\\\/\\\/www.youtube.com\\\/channel\\\/UCGP2Sq0iWaZwT3BdIAQFYpw\"]},{\"@type\":\"Person\",\"@id\":\"https:\\\/\\\/www.organisator.ch\\\/#\\\/schema\\\/person\\\/aa2bace6c5c5aad60102004a50c4eb1c\",\"name\":\"admin\",\"image\":{\"@type\":\"ImageObject\",\"inLanguage\":\"fr-FR\",\"@id\":\"https:\\\/\\\/secure.gravatar.com\\\/avatar\\\/ae2f4d718e6c49043e314ce431e7e645d646302a24a5ef5a8bc8e3f5a032e319?s=96&d=mm&r=g\",\"url\":\"https:\\\/\\\/secure.gravatar.com\\\/avatar\\\/ae2f4d718e6c49043e314ce431e7e645d646302a24a5ef5a8bc8e3f5a032e319?s=96&d=mm&r=g\",\"contentUrl\":\"https:\\\/\\\/secure.gravatar.com\\\/avatar\\\/ae2f4d718e6c49043e314ce431e7e645d646302a24a5ef5a8bc8e3f5a032e319?s=96&d=mm&r=g\",\"caption\":\"admin\"},\"sameAs\":[\"https:\\\/\\\/www.organisator.ch\"],\"url\":\"https:\\\/\\\/www.organisator.ch\\\/fr\\\/author\\\/admin\\\/\"}]}<\/script>\n<!-- \/ Yoast SEO plugin. -->","yoast_head_json":{"title":"Feuille de route vers la soci\u00e9t\u00e9 \u00e0 2000 watts - Organisateur","description":"La ville de Zurich poursuit ses efforts en faveur de la soci\u00e9t\u00e9 \u00e0 2000 watts. Elle estime que les objectifs sont en principe r\u00e9alisables, mais exige des mesures plus ambitieuses.","robots":{"index":"index","follow":"follow","max-snippet":"max-snippet:-1","max-image-preview":"max-image-preview:large","max-video-preview":"max-video-preview:-1"},"canonical":"https:\/\/www.organisator.ch\/fr\/sustainability\/2017-03-06\/roadmap-zur-2000-watt-gesellschaft\/","og_locale":"fr_FR","og_type":"article","og_title":"Roadmap zur 2000-Watt-Gesellschaft - Organisator","og_description":"Die Stadt Z\u00fcrich arbeitet weiter an der 2000-Watt-Gesellschaft. Sie nennt die Ziele grunds\u00e4tzlich erreichbar, fordert aber weitergehende Massnahmen.","og_url":"https:\/\/www.organisator.ch\/fr\/sustainability\/2017-03-06\/roadmap-zur-2000-watt-gesellschaft\/","og_site_name":"Organisator","article_publisher":"https:\/\/www.facebook.com\/OrganisatorFachmagazin","article_published_time":"2017-03-06T16:22:22+00:00","article_modified_time":"2022-02-09T10:06:21+00:00","og_image":[{"width":878,"height":1248,"url":"https:\/\/www.organisator.ch\/wp-content\/uploads\/2017\/03\/Roadmap.jpg","type":"image\/jpeg"}],"author":"admin","twitter_card":"summary_large_image","schema":{"@context":"https:\/\/schema.org","@graph":[{"@type":"Article","@id":"https:\/\/www.organisator.ch\/sustainability\/2017-03-06\/roadmap-zur-2000-watt-gesellschaft\/#article","isPartOf":{"@id":"https:\/\/www.organisator.ch\/sustainability\/2017-03-06\/roadmap-zur-2000-watt-gesellschaft\/"},"author":{"name":"admin","@id":"https:\/\/www.organisator.ch\/#\/schema\/person\/aa2bace6c5c5aad60102004a50c4eb1c"},"headline":"Roadmap zur 2000-Watt-Gesellschaft","datePublished":"2017-03-06T16:22:22+00:00","dateModified":"2022-02-09T10:06:21+00:00","mainEntityOfPage":{"@id":"https:\/\/www.organisator.ch\/sustainability\/2017-03-06\/roadmap-zur-2000-watt-gesellschaft\/"},"wordCount":333,"commentCount":0,"publisher":{"@id":"https:\/\/www.organisator.ch\/#organization"},"image":{"@id":"https:\/\/www.organisator.ch\/sustainability\/2017-03-06\/roadmap-zur-2000-watt-gesellschaft\/#primaryimage"},"thumbnailUrl":"https:\/\/www.organisator.ch\/wp-content\/uploads\/2017\/03\/Roadmap.jpg","keywords":["2000-Watt-Gesellschaft","KLIMA","Stadt Z\u00fcrich"],"articleSection":["SUSTAINABILITY"],"inLanguage":"fr-FR"},{"@type":"WebPage","@id":"https:\/\/www.organisator.ch\/sustainability\/2017-03-06\/roadmap-zur-2000-watt-gesellschaft\/","url":"https:\/\/www.organisator.ch\/sustainability\/2017-03-06\/roadmap-zur-2000-watt-gesellschaft\/","name":"Feuille de route vers la soci\u00e9t\u00e9 \u00e0 2000 watts - Organisateur","isPartOf":{"@id":"https:\/\/www.organisator.ch\/#website"},"primaryImageOfPage":{"@id":"https:\/\/www.organisator.ch\/sustainability\/2017-03-06\/roadmap-zur-2000-watt-gesellschaft\/#primaryimage"},"image":{"@id":"https:\/\/www.organisator.ch\/sustainability\/2017-03-06\/roadmap-zur-2000-watt-gesellschaft\/#primaryimage"},"thumbnailUrl":"https:\/\/www.organisator.ch\/wp-content\/uploads\/2017\/03\/Roadmap.jpg","datePublished":"2017-03-06T16:22:22+00:00","dateModified":"2022-02-09T10:06:21+00:00","description":"La ville de Zurich poursuit ses efforts en faveur de la soci\u00e9t\u00e9 \u00e0 2000 watts. Elle estime que les objectifs sont en principe r\u00e9alisables, mais exige des mesures plus ambitieuses.","breadcrumb":{"@id":"https:\/\/www.organisator.ch\/sustainability\/2017-03-06\/roadmap-zur-2000-watt-gesellschaft\/#breadcrumb"},"inLanguage":"fr-FR","potentialAction":[{"@type":"ReadAction","target":["https:\/\/www.organisator.ch\/sustainability\/2017-03-06\/roadmap-zur-2000-watt-gesellschaft\/"]}]},{"@type":"ImageObject","inLanguage":"fr-FR","@id":"https:\/\/www.organisator.ch\/sustainability\/2017-03-06\/roadmap-zur-2000-watt-gesellschaft\/#primaryimage","url":"https:\/\/www.organisator.ch\/wp-content\/uploads\/2017\/03\/Roadmap.jpg","contentUrl":"https:\/\/www.organisator.ch\/wp-content\/uploads\/2017\/03\/Roadmap.jpg","width":878,"height":1248,"caption":"Die Stadt Z\u00fcrich hat eine neue Roadmap zur 2000-Watt-Gesellschaft erstellt."},{"@type":"BreadcrumbList","@id":"https:\/\/www.organisator.ch\/sustainability\/2017-03-06\/roadmap-zur-2000-watt-gesellschaft\/#breadcrumb","itemListElement":[{"@type":"ListItem","position":1,"name":"Home","item":"https:\/\/www.organisator.ch\/"},{"@type":"ListItem","position":2,"name":"Roadmap zur 2000-Watt-Gesellschaft"}]},{"@type":"WebSite","@id":"https:\/\/www.organisator.ch\/#website","url":"https:\/\/www.organisator.ch\/","name":"Organisateur","description":"Comp\u00e9tence et comp\u00e9tence. Proches de la pratique. L'ORGANISATEUR pr\u00e9pare 10 num\u00e9ros par an sur les th\u00e8mes essentiels pour les dirigeants de PME.","publisher":{"@id":"https:\/\/www.organisator.ch\/#organization"},"potentialAction":[{"@type":"SearchAction","target":{"@type":"EntryPoint","urlTemplate":"https:\/\/www.organisator.ch\/?s={search_term_string}"},"query-input":{"@type":"PropertyValueSpecification","valueRequired":true,"valueName":"search_term_string"}}],"inLanguage":"fr-FR"},{"@type":"Organization","@id":"https:\/\/www.organisator.ch\/#organization","name":"Organisateur","url":"https:\/\/www.organisator.ch\/","logo":{"@type":"ImageObject","inLanguage":"fr-FR","@id":"https:\/\/www.organisator.ch\/#\/schema\/logo\/image\/","url":"https:\/\/www.organisator.ch\/wp-content\/uploads\/2022\/01\/Logo_Organisator_Website.png","contentUrl":"https:\/\/www.organisator.ch\/wp-content\/uploads\/2022\/01\/Logo_Organisator_Website.png","width":800,"height":77,"caption":"Organisator"},"image":{"@id":"https:\/\/www.organisator.ch\/#\/schema\/logo\/image\/"},"sameAs":["https:\/\/www.facebook.com\/OrganisatorFachmagazin","https:\/\/www.linkedin.com\/showcase\/organisator-das-magazin-fr-kmu","https:\/\/www.xing.com\/news\/pages\/organisator-ch-695","https:\/\/www.youtube.com\/channel\/UCGP2Sq0iWaZwT3BdIAQFYpw"]},{"@type":"Person","@id":"https:\/\/www.organisator.ch\/#\/schema\/person\/aa2bace6c5c5aad60102004a50c4eb1c","name":"admin","image":{"@type":"ImageObject","inLanguage":"fr-FR","@id":"https:\/\/secure.gravatar.com\/avatar\/ae2f4d718e6c49043e314ce431e7e645d646302a24a5ef5a8bc8e3f5a032e319?s=96&d=mm&r=g","url":"https:\/\/secure.gravatar.com\/avatar\/ae2f4d718e6c49043e314ce431e7e645d646302a24a5ef5a8bc8e3f5a032e319?s=96&d=mm&r=g","contentUrl":"https:\/\/secure.gravatar.com\/avatar\/ae2f4d718e6c49043e314ce431e7e645d646302a24a5ef5a8bc8e3f5a032e319?s=96&d=mm&r=g","caption":"admin"},"sameAs":["https:\/\/www.organisator.ch"],"url":"https:\/\/www.organisator.ch\/fr\/author\/admin\/"}]}},"_links":{"self":[{"href":"https:\/\/www.organisator.ch\/fr\/wp-json\/wp\/v2\/posts\/9995","targetHints":{"allow":["GET"]}}],"collection":[{"href":"https:\/\/www.organisator.ch\/fr\/wp-json\/wp\/v2\/posts"}],"about":[{"href":"https:\/\/www.organisator.ch\/fr\/wp-json\/wp\/v2\/types\/post"}],"author":[{"embeddable":true,"href":"https:\/\/www.organisator.ch\/fr\/wp-json\/wp\/v2\/users\/1"}],"replies":[{"embeddable":true,"href":"https:\/\/www.organisator.ch\/fr\/wp-json\/wp\/v2\/comments?post=9995"}],"version-history":[{"count":1,"href":"https:\/\/www.organisator.ch\/fr\/wp-json\/wp\/v2\/posts\/9995\/revisions"}],"predecessor-version":[{"id":10590,"href":"https:\/\/www.organisator.ch\/fr\/wp-json\/wp\/v2\/posts\/9995\/revisions\/10590"}],"wp:featuredmedia":[{"embeddable":true,"href":"https:\/\/www.organisator.ch\/fr\/wp-json\/wp\/v2\/media\/855"}],"wp:attachment":[{"href":"https:\/\/www.organisator.ch\/fr\/wp-json\/wp\/v2\/media?parent=9995"}],"wp:term":[{"taxonomy":"category","embeddable":true,"href":"https:\/\/www.organisator.ch\/fr\/wp-json\/wp\/v2\/categories?post=9995"},{"taxonomy":"post_tag","embeddable":true,"href":"https:\/\/www.organisator.ch\/fr\/wp-json\/wp\/v2\/tags?post=9995"}],"curies":[{"name":"wp","href":"https:\/\/api.w.org\/{rel}","templated":true}]}}