{"id":9996,"date":"2017-03-15T10:35:05","date_gmt":"2017-03-15T09:35:05","guid":{"rendered":"https:\/\/www.umweltperspektiven.ch\/?p=884"},"modified":"2017-03-15T10:35:05","modified_gmt":"2017-03-15T09:35:05","slug":"stoerfallverordnung-bafu-aktualisiert-mengenschwellen","status":"publish","type":"post","link":"https:\/\/www.organisator.ch\/fr\/allgemein\/2017-03-15\/stoerfallverordnung-bafu-aktualisiert-mengenschwellen\/","title":{"rendered":"Ordonnance sur les accidents majeurs : l'OFEV actualise les seuils quantitatifs"},"content":{"rendered":"<figure id=\"attachment_885\" aria-describedby=\"caption-attachment-885\" style=\"width: 680px\" class=\"wp-caption alignnone\"><img loading=\"lazy\" decoding=\"async\" class=\"size-medium wp-image-885\" src=\"\/\/www.umweltperspektiven.ch\/wp-content\/uploads\/2017\/03\/Mengenschwellen-BAFU.jpg\" alt=\"\" width=\"680\" height=\"819\" srcset=\"https:\/\/www.organisator.ch\/wp-content\/uploads\/2017\/03\/Mengenschwellen-BAFU.jpg 993w, https:\/\/www.organisator.ch\/wp-content\/uploads\/2017\/03\/Mengenschwellen-BAFU-680x819.jpg 680w, https:\/\/www.organisator.ch\/wp-content\/uploads\/2017\/03\/Mengenschwellen-BAFU-850x1024.jpg 850w, https:\/\/www.organisator.ch\/wp-content\/uploads\/2017\/03\/Mengenschwellen-BAFU-768x925.jpg 768w, https:\/\/www.organisator.ch\/wp-content\/uploads\/2017\/03\/Mengenschwellen-BAFU-10x12.jpg 10w, https:\/\/www.organisator.ch\/wp-content\/uploads\/2017\/03\/Mengenschwellen-BAFU-145x175.jpg 145w, https:\/\/www.organisator.ch\/wp-content\/uploads\/2017\/03\/Mengenschwellen-BAFU-291x350.jpg 291w, https:\/\/www.organisator.ch\/wp-content\/uploads\/2017\/03\/Mengenschwellen-BAFU-664x800.jpg 664w, https:\/\/www.organisator.ch\/wp-content\/uploads\/2017\/03\/Mengenschwellen-BAFU-920x1108.jpg 920w, https:\/\/www.organisator.ch\/wp-content\/uploads\/2017\/03\/Mengenschwellen-BAFU-300x361.jpg 300w\" sizes=\"auto, (max-width: 680px) 100vw, 680px\" \/><figcaption id=\"caption-attachment-885\" class=\"wp-caption-text\">Le module fra\u00eechement publi\u00e9, ainsi que le calculateur de seuil de quantit\u00e9, peuvent \u00eatre t\u00e9l\u00e9charg\u00e9s sur le site Internet de l'OFEV.<\/figcaption><\/figure>\n<p>L'aide \u00e0 l'ex\u00e9cution s'adresse aussi bien aux propri\u00e9taires d'entreprises qu'aux autorit\u00e9s d'ex\u00e9cution lorsqu'il s'agit de clarifier des questions relatives au d\u00e9passement des seuils quantitatifs selon l'ordonnance sur les accidents majeurs (OPAM). Elle explique la proc\u00e9dure \u00e0 suivre pour d\u00e9terminer la quantit\u00e9 maximale d'une substance, d'une pr\u00e9paration ou d'un d\u00e9chet sp\u00e9cial dans l'entreprise afin de constater un d\u00e9passement des seuils quantitatifs. En outre, les crit\u00e8res de d\u00e9termination des seuils quantitatifs sp\u00e9cifiques aux substances et aux pr\u00e9parations sont discut\u00e9s.<\/p>\n<p>En tant qu'outil central, cette publication contient une liste qui offre un aper\u00e7u d'un grand nombre de seuils quantitatifs pour les substances et les pr\u00e9parations. Ceux-ci ont \u00e9t\u00e9 d\u00e9termin\u00e9s par un groupe de travail sur la base des crit\u00e8res de toxicit\u00e9 humaine et \u00e9cologique, des dangers physiques, de la r\u00e9activit\u00e9 avec l'eau et les acides ainsi que des crit\u00e8res pour les substances hautement actives selon l'annexe 1 de l'OPAM.<\/p>\n<p><strong>Calculateur de seuil de quantit\u00e9<\/strong><\/p>\n<p>Le document est disponible sur le site <a href=\"\/\/www.bafu.admin.ch\/bafu\/de\/home\/themen\/stoerfallvorsorge\/publikationen-studien\/publikationen\/mengenschwellen-gemaess-stoerfallverordnung.html\">Site web de l'OFEV<\/a> en format PDF \u00e0 t\u00e9l\u00e9charger. Sur la m\u00eame page se trouve un calculateur de seuil de quantit\u00e9 Excel t\u00e9l\u00e9chargeable. En saisissant les codes H et les codes EUH d'une substance ou d'une pr\u00e9paration, l'outil calcule le seuil de quantit\u00e9 recherch\u00e9.<\/p>\n<p>&nbsp;<\/p>","protected":false},"excerpt":{"rendered":"<p>Die Vollzugshilfe richtet sich sowohl an die Inhaber von Betrieben wie auch die Vollzugsbeh\u00f6rden bei der Kl\u00e4rung von Fragen in Bezug auf die \u00dcberschreitung von Mengenschwellen gem\u00e4ss St\u00f6rfallverordnung (StFV). Sie erl\u00e4utert das Vorgehen zur Bestimmung der betrieblichen H\u00f6chstmenge eines Stoffes, einer Zubereitung oder eines Sonderabfalls, um eine Mengenschwellen\u00fcberschreitung festzustellen. Zudem werden die Kriterien zur Ermittlung [&hellip;]<\/p>\n","protected":false},"author":1,"featured_media":885,"comment_status":"open","ping_status":"open","sticky":false,"template":"","format":"standard","meta":{"_acf_changed":false,"_yoast_wpseo_focuskw":"Mengenschwellen","_yoast_wpseo_metadesc":"Das Modul \"Mengenschwellen gem\u00e4ss St\u00f6rfallverordnung\" erl\u00e4utert das Vorgehen zur Bestimmung der betrieblichen H\u00f6chstmenge eines Stoffes.","articlekey":"","footnotes":""},"categories":[1],"tags":[762,1686,2356],"class_list":["post-9996","post","type-post","status-publish","format-standard","has-post-thumbnail","hentry","category-allgemein","tag-bafu","tag-mengenschwellen","tag-umwelt-vollzug"],"acf":[],"yoast_head":"<!-- This site is optimized with the Yoast SEO plugin v27.5 - https:\/\/yoast.com\/product\/yoast-seo-wordpress\/ -->\n<title>St\u00f6rfallverordnung: BAFU aktualisiert Mengenschwellen - Organisator<\/title>\n<meta name=\"description\" content=\"Das Modul &quot;Mengenschwellen gem\u00e4ss St\u00f6rfallverordnung&quot; erl\u00e4utert das Vorgehen zur Bestimmung der betrieblichen H\u00f6chstmenge eines Stoffes.\" \/>\n<meta name=\"robots\" content=\"index, follow, max-snippet:-1, max-image-preview:large, max-video-preview:-1\" \/>\n<link rel=\"canonical\" href=\"https:\/\/www.organisator.ch\/fr\/general\/2017-03-15\/stoerfallverordnung-bafu-aktualisiert-mengenschwellen\/\" \/>\n<meta property=\"og:locale\" content=\"fr_FR\" \/>\n<meta property=\"og:type\" content=\"article\" \/>\n<meta property=\"og:title\" content=\"St\u00f6rfallverordnung: BAFU aktualisiert Mengenschwellen - Organisator\" \/>\n<meta property=\"og:description\" content=\"Das Modul &quot;Mengenschwellen gem\u00e4ss St\u00f6rfallverordnung&quot; erl\u00e4utert das Vorgehen zur Bestimmung der betrieblichen H\u00f6chstmenge eines Stoffes.\" \/>\n<meta property=\"og:url\" content=\"https:\/\/www.organisator.ch\/fr\/general\/2017-03-15\/stoerfallverordnung-bafu-aktualisiert-mengenschwellen\/\" \/>\n<meta property=\"og:site_name\" content=\"Organisator\" \/>\n<meta property=\"article:publisher\" content=\"https:\/\/www.facebook.com\/OrganisatorFachmagazin\" \/>\n<meta property=\"article:published_time\" content=\"2017-03-15T09:35:05+00:00\" \/>\n<meta property=\"og:image\" content=\"https:\/\/www.organisator.ch\/wp-content\/uploads\/2017\/03\/Mengenschwellen-BAFU.jpg\" \/>\n\t<meta property=\"og:image:width\" content=\"993\" \/>\n\t<meta property=\"og:image:height\" content=\"1196\" \/>\n\t<meta property=\"og:image:type\" content=\"image\/jpeg\" \/>\n<meta name=\"author\" content=\"admin\" \/>\n<meta name=\"twitter:card\" content=\"summary_large_image\" \/>\n<script type=\"application\/ld+json\" class=\"yoast-schema-graph\">{\"@context\":\"https:\\\/\\\/schema.org\",\"@graph\":[{\"@type\":\"Article\",\"@id\":\"https:\\\/\\\/www.organisator.ch\\\/en\\\/general\\\/2017-03-15\\\/stoerfallverordnung-bafu-aktualisiert-mengenschwellen\\\/#article\",\"isPartOf\":{\"@id\":\"https:\\\/\\\/www.organisator.ch\\\/en\\\/general\\\/2017-03-15\\\/stoerfallverordnung-bafu-aktualisiert-mengenschwellen\\\/\"},\"author\":{\"name\":\"admin\",\"@id\":\"https:\\\/\\\/www.organisator.ch\\\/#\\\/schema\\\/person\\\/aa2bace6c5c5aad60102004a50c4eb1c\"},\"headline\":\"St\u00f6rfallverordnung: BAFU aktualisiert Mengenschwellen\",\"datePublished\":\"2017-03-15T09:35:05+00:00\",\"mainEntityOfPage\":{\"@id\":\"https:\\\/\\\/www.organisator.ch\\\/en\\\/general\\\/2017-03-15\\\/stoerfallverordnung-bafu-aktualisiert-mengenschwellen\\\/\"},\"wordCount\":202,\"commentCount\":0,\"publisher\":{\"@id\":\"https:\\\/\\\/www.organisator.ch\\\/#organization\"},\"image\":{\"@id\":\"https:\\\/\\\/www.organisator.ch\\\/en\\\/general\\\/2017-03-15\\\/stoerfallverordnung-bafu-aktualisiert-mengenschwellen\\\/#primaryimage\"},\"thumbnailUrl\":\"https:\\\/\\\/www.organisator.ch\\\/wp-content\\\/uploads\\\/2017\\\/03\\\/Mengenschwellen-BAFU.jpg\",\"keywords\":[\"BAFU\",\"Mengenschwellen\",\"Umwelt-Vollzug\"],\"articleSection\":[\"Allgemein\"],\"inLanguage\":\"fr-FR\"},{\"@type\":\"WebPage\",\"@id\":\"https:\\\/\\\/www.organisator.ch\\\/en\\\/general\\\/2017-03-15\\\/stoerfallverordnung-bafu-aktualisiert-mengenschwellen\\\/\",\"url\":\"https:\\\/\\\/www.organisator.ch\\\/en\\\/general\\\/2017-03-15\\\/stoerfallverordnung-bafu-aktualisiert-mengenschwellen\\\/\",\"name\":\"St\u00f6rfallverordnung: BAFU aktualisiert Mengenschwellen - Organisator\",\"isPartOf\":{\"@id\":\"https:\\\/\\\/www.organisator.ch\\\/#website\"},\"primaryImageOfPage\":{\"@id\":\"https:\\\/\\\/www.organisator.ch\\\/en\\\/general\\\/2017-03-15\\\/stoerfallverordnung-bafu-aktualisiert-mengenschwellen\\\/#primaryimage\"},\"image\":{\"@id\":\"https:\\\/\\\/www.organisator.ch\\\/en\\\/general\\\/2017-03-15\\\/stoerfallverordnung-bafu-aktualisiert-mengenschwellen\\\/#primaryimage\"},\"thumbnailUrl\":\"https:\\\/\\\/www.organisator.ch\\\/wp-content\\\/uploads\\\/2017\\\/03\\\/Mengenschwellen-BAFU.jpg\",\"datePublished\":\"2017-03-15T09:35:05+00:00\",\"description\":\"Das Modul \\\"Mengenschwellen gem\u00e4ss St\u00f6rfallverordnung\\\" erl\u00e4utert das Vorgehen zur Bestimmung der betrieblichen H\u00f6chstmenge eines Stoffes.\",\"breadcrumb\":{\"@id\":\"https:\\\/\\\/www.organisator.ch\\\/en\\\/general\\\/2017-03-15\\\/stoerfallverordnung-bafu-aktualisiert-mengenschwellen\\\/#breadcrumb\"},\"inLanguage\":\"fr-FR\",\"potentialAction\":[{\"@type\":\"ReadAction\",\"target\":[\"https:\\\/\\\/www.organisator.ch\\\/en\\\/general\\\/2017-03-15\\\/stoerfallverordnung-bafu-aktualisiert-mengenschwellen\\\/\"]}]},{\"@type\":\"ImageObject\",\"inLanguage\":\"fr-FR\",\"@id\":\"https:\\\/\\\/www.organisator.ch\\\/en\\\/general\\\/2017-03-15\\\/stoerfallverordnung-bafu-aktualisiert-mengenschwellen\\\/#primaryimage\",\"url\":\"https:\\\/\\\/www.organisator.ch\\\/wp-content\\\/uploads\\\/2017\\\/03\\\/Mengenschwellen-BAFU.jpg\",\"contentUrl\":\"https:\\\/\\\/www.organisator.ch\\\/wp-content\\\/uploads\\\/2017\\\/03\\\/Mengenschwellen-BAFU.jpg\",\"width\":993,\"height\":1196,\"caption\":\"Das frisch ver\u00f6ffentliche Modul steht samt Mengenschwellenrechner auf der Website des BAFU zum Download bereit.\"},{\"@type\":\"BreadcrumbList\",\"@id\":\"https:\\\/\\\/www.organisator.ch\\\/en\\\/general\\\/2017-03-15\\\/stoerfallverordnung-bafu-aktualisiert-mengenschwellen\\\/#breadcrumb\",\"itemListElement\":[{\"@type\":\"ListItem\",\"position\":1,\"name\":\"Home\",\"item\":\"https:\\\/\\\/www.organisator.ch\\\/\"},{\"@type\":\"ListItem\",\"position\":2,\"name\":\"St\u00f6rfallverordnung: BAFU aktualisiert Mengenschwellen\"}]},{\"@type\":\"WebSite\",\"@id\":\"https:\\\/\\\/www.organisator.ch\\\/#website\",\"url\":\"https:\\\/\\\/www.organisator.ch\\\/\",\"name\":\"Organisator\",\"description\":\"Kompetent. Praxisnah. Der ORGANISATOR bereitet in 10 Ausgaben pro Jahr die wesentlichen Themen f\u00fcr F\u00fchrungskr\u00e4fte von KMU auf.\",\"publisher\":{\"@id\":\"https:\\\/\\\/www.organisator.ch\\\/#organization\"},\"potentialAction\":[{\"@type\":\"SearchAction\",\"target\":{\"@type\":\"EntryPoint\",\"urlTemplate\":\"https:\\\/\\\/www.organisator.ch\\\/?s={search_term_string}\"},\"query-input\":{\"@type\":\"PropertyValueSpecification\",\"valueRequired\":true,\"valueName\":\"search_term_string\"}}],\"inLanguage\":\"fr-FR\"},{\"@type\":\"Organization\",\"@id\":\"https:\\\/\\\/www.organisator.ch\\\/#organization\",\"name\":\"Organisator\",\"url\":\"https:\\\/\\\/www.organisator.ch\\\/\",\"logo\":{\"@type\":\"ImageObject\",\"inLanguage\":\"fr-FR\",\"@id\":\"https:\\\/\\\/www.organisator.ch\\\/#\\\/schema\\\/logo\\\/image\\\/\",\"url\":\"https:\\\/\\\/www.organisator.ch\\\/wp-content\\\/uploads\\\/2022\\\/01\\\/Logo_Organisator_Website.png\",\"contentUrl\":\"https:\\\/\\\/www.organisator.ch\\\/wp-content\\\/uploads\\\/2022\\\/01\\\/Logo_Organisator_Website.png\",\"width\":800,\"height\":77,\"caption\":\"Organisator\"},\"image\":{\"@id\":\"https:\\\/\\\/www.organisator.ch\\\/#\\\/schema\\\/logo\\\/image\\\/\"},\"sameAs\":[\"https:\\\/\\\/www.facebook.com\\\/OrganisatorFachmagazin\",\"https:\\\/\\\/www.linkedin.com\\\/showcase\\\/organisator-das-magazin-fr-kmu\",\"https:\\\/\\\/www.xing.com\\\/news\\\/pages\\\/organisator-ch-695\",\"https:\\\/\\\/www.youtube.com\\\/channel\\\/UCGP2Sq0iWaZwT3BdIAQFYpw\"]},{\"@type\":\"Person\",\"@id\":\"https:\\\/\\\/www.organisator.ch\\\/#\\\/schema\\\/person\\\/aa2bace6c5c5aad60102004a50c4eb1c\",\"name\":\"admin\",\"image\":{\"@type\":\"ImageObject\",\"inLanguage\":\"fr-FR\",\"@id\":\"https:\\\/\\\/secure.gravatar.com\\\/avatar\\\/ae2f4d718e6c49043e314ce431e7e645d646302a24a5ef5a8bc8e3f5a032e319?s=96&d=mm&r=g\",\"url\":\"https:\\\/\\\/secure.gravatar.com\\\/avatar\\\/ae2f4d718e6c49043e314ce431e7e645d646302a24a5ef5a8bc8e3f5a032e319?s=96&d=mm&r=g\",\"contentUrl\":\"https:\\\/\\\/secure.gravatar.com\\\/avatar\\\/ae2f4d718e6c49043e314ce431e7e645d646302a24a5ef5a8bc8e3f5a032e319?s=96&d=mm&r=g\",\"caption\":\"admin\"},\"sameAs\":[\"https:\\\/\\\/www.organisator.ch\"],\"url\":\"https:\\\/\\\/www.organisator.ch\\\/fr\\\/author\\\/admin\\\/\"}]}<\/script>\n<!-- \/ Yoast SEO plugin. -->","yoast_head_json":{"title":"Ordonnance sur les accidents majeurs : l'OFEV actualise les seuils quantitatifs - Organisateur","description":"Le module \"Seuils quantitatifs selon l'ordonnance sur les accidents majeurs\" explique la proc\u00e9dure \u00e0 suivre pour d\u00e9terminer la quantit\u00e9 maximale d'une substance dans l'entreprise.","robots":{"index":"index","follow":"follow","max-snippet":"max-snippet:-1","max-image-preview":"max-image-preview:large","max-video-preview":"max-video-preview:-1"},"canonical":"https:\/\/www.organisator.ch\/fr\/general\/2017-03-15\/stoerfallverordnung-bafu-aktualisiert-mengenschwellen\/","og_locale":"fr_FR","og_type":"article","og_title":"St\u00f6rfallverordnung: BAFU aktualisiert Mengenschwellen - Organisator","og_description":"Das Modul \"Mengenschwellen gem\u00e4ss St\u00f6rfallverordnung\" erl\u00e4utert das Vorgehen zur Bestimmung der betrieblichen H\u00f6chstmenge eines Stoffes.","og_url":"https:\/\/www.organisator.ch\/fr\/general\/2017-03-15\/stoerfallverordnung-bafu-aktualisiert-mengenschwellen\/","og_site_name":"Organisator","article_publisher":"https:\/\/www.facebook.com\/OrganisatorFachmagazin","article_published_time":"2017-03-15T09:35:05+00:00","og_image":[{"width":993,"height":1196,"url":"https:\/\/www.organisator.ch\/wp-content\/uploads\/2017\/03\/Mengenschwellen-BAFU.jpg","type":"image\/jpeg"}],"author":"admin","twitter_card":"summary_large_image","schema":{"@context":"https:\/\/schema.org","@graph":[{"@type":"Article","@id":"https:\/\/www.organisator.ch\/en\/general\/2017-03-15\/stoerfallverordnung-bafu-aktualisiert-mengenschwellen\/#article","isPartOf":{"@id":"https:\/\/www.organisator.ch\/en\/general\/2017-03-15\/stoerfallverordnung-bafu-aktualisiert-mengenschwellen\/"},"author":{"name":"admin","@id":"https:\/\/www.organisator.ch\/#\/schema\/person\/aa2bace6c5c5aad60102004a50c4eb1c"},"headline":"St\u00f6rfallverordnung: BAFU aktualisiert Mengenschwellen","datePublished":"2017-03-15T09:35:05+00:00","mainEntityOfPage":{"@id":"https:\/\/www.organisator.ch\/en\/general\/2017-03-15\/stoerfallverordnung-bafu-aktualisiert-mengenschwellen\/"},"wordCount":202,"commentCount":0,"publisher":{"@id":"https:\/\/www.organisator.ch\/#organization"},"image":{"@id":"https:\/\/www.organisator.ch\/en\/general\/2017-03-15\/stoerfallverordnung-bafu-aktualisiert-mengenschwellen\/#primaryimage"},"thumbnailUrl":"https:\/\/www.organisator.ch\/wp-content\/uploads\/2017\/03\/Mengenschwellen-BAFU.jpg","keywords":["BAFU","Mengenschwellen","Umwelt-Vollzug"],"articleSection":["Allgemein"],"inLanguage":"fr-FR"},{"@type":"WebPage","@id":"https:\/\/www.organisator.ch\/en\/general\/2017-03-15\/stoerfallverordnung-bafu-aktualisiert-mengenschwellen\/","url":"https:\/\/www.organisator.ch\/en\/general\/2017-03-15\/stoerfallverordnung-bafu-aktualisiert-mengenschwellen\/","name":"Ordonnance sur les accidents majeurs : l'OFEV actualise les seuils quantitatifs - Organisateur","isPartOf":{"@id":"https:\/\/www.organisator.ch\/#website"},"primaryImageOfPage":{"@id":"https:\/\/www.organisator.ch\/en\/general\/2017-03-15\/stoerfallverordnung-bafu-aktualisiert-mengenschwellen\/#primaryimage"},"image":{"@id":"https:\/\/www.organisator.ch\/en\/general\/2017-03-15\/stoerfallverordnung-bafu-aktualisiert-mengenschwellen\/#primaryimage"},"thumbnailUrl":"https:\/\/www.organisator.ch\/wp-content\/uploads\/2017\/03\/Mengenschwellen-BAFU.jpg","datePublished":"2017-03-15T09:35:05+00:00","description":"Le module \"Seuils quantitatifs selon l'ordonnance sur les accidents majeurs\" explique la proc\u00e9dure \u00e0 suivre pour d\u00e9terminer la quantit\u00e9 maximale d'une substance dans l'entreprise.","breadcrumb":{"@id":"https:\/\/www.organisator.ch\/en\/general\/2017-03-15\/stoerfallverordnung-bafu-aktualisiert-mengenschwellen\/#breadcrumb"},"inLanguage":"fr-FR","potentialAction":[{"@type":"ReadAction","target":["https:\/\/www.organisator.ch\/en\/general\/2017-03-15\/stoerfallverordnung-bafu-aktualisiert-mengenschwellen\/"]}]},{"@type":"ImageObject","inLanguage":"fr-FR","@id":"https:\/\/www.organisator.ch\/en\/general\/2017-03-15\/stoerfallverordnung-bafu-aktualisiert-mengenschwellen\/#primaryimage","url":"https:\/\/www.organisator.ch\/wp-content\/uploads\/2017\/03\/Mengenschwellen-BAFU.jpg","contentUrl":"https:\/\/www.organisator.ch\/wp-content\/uploads\/2017\/03\/Mengenschwellen-BAFU.jpg","width":993,"height":1196,"caption":"Das frisch ver\u00f6ffentliche Modul steht samt Mengenschwellenrechner auf der Website des BAFU zum Download bereit."},{"@type":"BreadcrumbList","@id":"https:\/\/www.organisator.ch\/en\/general\/2017-03-15\/stoerfallverordnung-bafu-aktualisiert-mengenschwellen\/#breadcrumb","itemListElement":[{"@type":"ListItem","position":1,"name":"Home","item":"https:\/\/www.organisator.ch\/"},{"@type":"ListItem","position":2,"name":"St\u00f6rfallverordnung: BAFU aktualisiert Mengenschwellen"}]},{"@type":"WebSite","@id":"https:\/\/www.organisator.ch\/#website","url":"https:\/\/www.organisator.ch\/","name":"Organisateur","description":"Comp\u00e9tence et comp\u00e9tence. Proches de la pratique. L'ORGANISATEUR pr\u00e9pare 10 num\u00e9ros par an sur les th\u00e8mes essentiels pour les dirigeants de PME.","publisher":{"@id":"https:\/\/www.organisator.ch\/#organization"},"potentialAction":[{"@type":"SearchAction","target":{"@type":"EntryPoint","urlTemplate":"https:\/\/www.organisator.ch\/?s={search_term_string}"},"query-input":{"@type":"PropertyValueSpecification","valueRequired":true,"valueName":"search_term_string"}}],"inLanguage":"fr-FR"},{"@type":"Organization","@id":"https:\/\/www.organisator.ch\/#organization","name":"Organisateur","url":"https:\/\/www.organisator.ch\/","logo":{"@type":"ImageObject","inLanguage":"fr-FR","@id":"https:\/\/www.organisator.ch\/#\/schema\/logo\/image\/","url":"https:\/\/www.organisator.ch\/wp-content\/uploads\/2022\/01\/Logo_Organisator_Website.png","contentUrl":"https:\/\/www.organisator.ch\/wp-content\/uploads\/2022\/01\/Logo_Organisator_Website.png","width":800,"height":77,"caption":"Organisator"},"image":{"@id":"https:\/\/www.organisator.ch\/#\/schema\/logo\/image\/"},"sameAs":["https:\/\/www.facebook.com\/OrganisatorFachmagazin","https:\/\/www.linkedin.com\/showcase\/organisator-das-magazin-fr-kmu","https:\/\/www.xing.com\/news\/pages\/organisator-ch-695","https:\/\/www.youtube.com\/channel\/UCGP2Sq0iWaZwT3BdIAQFYpw"]},{"@type":"Person","@id":"https:\/\/www.organisator.ch\/#\/schema\/person\/aa2bace6c5c5aad60102004a50c4eb1c","name":"admin","image":{"@type":"ImageObject","inLanguage":"fr-FR","@id":"https:\/\/secure.gravatar.com\/avatar\/ae2f4d718e6c49043e314ce431e7e645d646302a24a5ef5a8bc8e3f5a032e319?s=96&d=mm&r=g","url":"https:\/\/secure.gravatar.com\/avatar\/ae2f4d718e6c49043e314ce431e7e645d646302a24a5ef5a8bc8e3f5a032e319?s=96&d=mm&r=g","contentUrl":"https:\/\/secure.gravatar.com\/avatar\/ae2f4d718e6c49043e314ce431e7e645d646302a24a5ef5a8bc8e3f5a032e319?s=96&d=mm&r=g","caption":"admin"},"sameAs":["https:\/\/www.organisator.ch"],"url":"https:\/\/www.organisator.ch\/fr\/author\/admin\/"}]}},"_links":{"self":[{"href":"https:\/\/www.organisator.ch\/fr\/wp-json\/wp\/v2\/posts\/9996","targetHints":{"allow":["GET"]}}],"collection":[{"href":"https:\/\/www.organisator.ch\/fr\/wp-json\/wp\/v2\/posts"}],"about":[{"href":"https:\/\/www.organisator.ch\/fr\/wp-json\/wp\/v2\/types\/post"}],"author":[{"embeddable":true,"href":"https:\/\/www.organisator.ch\/fr\/wp-json\/wp\/v2\/users\/1"}],"replies":[{"embeddable":true,"href":"https:\/\/www.organisator.ch\/fr\/wp-json\/wp\/v2\/comments?post=9996"}],"version-history":[{"count":0,"href":"https:\/\/www.organisator.ch\/fr\/wp-json\/wp\/v2\/posts\/9996\/revisions"}],"wp:featuredmedia":[{"embeddable":true,"href":"https:\/\/www.organisator.ch\/fr\/wp-json\/wp\/v2\/media\/885"}],"wp:attachment":[{"href":"https:\/\/www.organisator.ch\/fr\/wp-json\/wp\/v2\/media?parent=9996"}],"wp:term":[{"taxonomy":"category","embeddable":true,"href":"https:\/\/www.organisator.ch\/fr\/wp-json\/wp\/v2\/categories?post=9996"},{"taxonomy":"post_tag","embeddable":true,"href":"https:\/\/www.organisator.ch\/fr\/wp-json\/wp\/v2\/tags?post=9996"}],"curies":[{"name":"wp","href":"https:\/\/api.w.org\/{rel}","templated":true}]}}