{"id":9997,"date":"2017-03-17T11:17:28","date_gmt":"2017-03-17T10:17:28","guid":{"rendered":"https:\/\/www.umweltperspektiven.ch\/?p=894"},"modified":"2022-02-09T11:05:38","modified_gmt":"2022-02-09T10:05:38","slug":"zuerich-putzt-mit-elektro-kehrmaschinen","status":"publish","type":"post","link":"https:\/\/www.organisator.ch\/fr\/sustainability\/2017-03-17\/zuerich-putzt-mit-elektro-kehrmaschinen\/","title":{"rendered":"Nettoyage propre des rues : Zurich nettoie avec des balayeuses \u00e9lectriques"},"content":{"rendered":"<div class=\"mod_styledtext\">\n<figure id=\"attachment_895\" aria-describedby=\"caption-attachment-895\" style=\"width: 680px\" class=\"wp-caption alignnone\"><img loading=\"lazy\" decoding=\"async\" class=\"size-medium wp-image-895\" src=\"\/\/www.umweltperspektiven.ch\/wp-content\/uploads\/2017\/03\/170316_mm_city_cat_01_download.jpg\" alt=\"\" width=\"680\" height=\"510\" \/><figcaption id=\"caption-attachment-895\" class=\"wp-caption-text\">Les v\u00e9hicules \u00e9lectriques de nettoyage des rues ne produisent pas d'\u00e9missions et font beaucoup moins de bruit.<br \/>(Image : ERZ)<\/figcaption><\/figure>\n<p>Pour le balayage des rues et des trottoirs dans les arrondissements 1 et 4, ERZ Entsorgung + Recycling Z\u00fcrich a compl\u00e9t\u00e9 sa flotte par deux balayeuses \u00e0 moteur \u00e9lectrique. Celles-ci sont particuli\u00e8rement silencieuses, neutres en CO <sub>2<\/sub>-et les premi\u00e8res de ce type dans cette cat\u00e9gorie de taille. Ils permettent aux collaborateurs du service de nettoyage urbain de travailler d\u00e8s quatre heures du matin dans toutes les ruelles lat\u00e9rales - sans pour autant nuire \u00e0 la tranquillit\u00e9 nocturne de la population urbaine. Compar\u00e9s aux v\u00e9hicules de nettoyage \u00e0 moteur diesel, les v\u00e9hicules \u00e9lectriques sont environ 75% plus silencieux et ressemblent \u00e0 un aspirateur en termes de ronflement. Avec ces v\u00e9hicules, ERZ peut r\u00e9duire non seulement le bruit mais aussi les \u00e9missions environnementales et \u00e9conomiser environ 14 000 litres de diesel par an et par machine, ce qui correspond \u00e0 plus de 36 tonnes de CO<sub>2<\/sub>\u00a0correspond.<\/p>\n<h3>Test\u00e9 sous toutes les coutures<\/h3>\n<p>ERZ utilise les v\u00e9hicules tous les jours pendant douze heures et les recharge trois fois pendant cette p\u00e9riode gr\u00e2ce \u00e0 un syst\u00e8me de charge rapide \u00e0 l'\u00e9co-courant. Les v\u00e9hicules de nettoyage sont en service depuis novembre 2016. ERZ tire un bilan positif : les attentes en mati\u00e8re de performance ont \u00e9t\u00e9 enti\u00e8rement satisfaites.<\/p>\n<h3>Le canton soutient le financement<\/h3>\n<p>Les v\u00e9hicules de nettoyage \u00e0 moteur \u00e9lectrique sont actuellement encore plus chers que ceux \u00e0 moteur diesel. Gr\u00e2ce \u00e0 une contribution financi\u00e8re vers\u00e9e au fabricant par un fonds de soutien aux projets pilotes de l'Office cantonal des d\u00e9chets, de l'eau, de l'\u00e9nergie et de l'air (AWEL), ERZ a toutefois pu acqu\u00e9rir les petites balayeuses au prix d'un v\u00e9hicule \u00e0 moteur diesel.<\/p>\n<\/div>","protected":false},"excerpt":{"rendered":"<p>F\u00fcr das Wischen der Strassen und Trottoirs in den Kreisen 1 und 4 hat ERZ Entsorgung + Recycling Z\u00fcrich\u00a0seine Flotte um zwei Kehrmaschinen\u00a0mit Elektromotoren erweitert. Diese sind besonders ger\u00e4uscharm, CO 2-neutral und die ersten ihrer Art in dieser Gr\u00f6ssenklasse. Sie erlauben es den Mitarbeitenden der Stadtreinigung, bereits ab vier Uhr morgens in s\u00e4mtlichen Seitengassen t\u00e4tig [&hellip;]<\/p>\n","protected":false},"author":1,"featured_media":895,"comment_status":"open","ping_status":"open","sticky":false,"template":"","format":"standard","meta":{"_acf_changed":false,"_yoast_wpseo_focuskw":"Kehrmaschinen","_yoast_wpseo_metadesc":"In den Kreisen 1 und 4 der Stadt Z\u00fcrich sind neu zwei Kehrmaschinen mit Elektoantrieb unterwegs. Diese sind nicht nur umweltschonend, sondern auch leiser.","articlekey":"","footnotes":""},"categories":[580],"tags":[1483,1769,2212],"class_list":["post-9997","post","type-post","status-publish","format-standard","has-post-thumbnail","hentry","category-sustainability","tag-kehrmaschinen","tag-nachhaltige-mobilitaet","tag-strassenreinigung"],"acf":[],"yoast_head":"<!-- This site is optimized with the Yoast SEO plugin v27.5 - https:\/\/yoast.com\/product\/yoast-seo-wordpress\/ -->\n<title>Saubere Strassenreinigung: Z\u00fcrich putzt mit Elektro-Kehrmaschinen - Organisator<\/title>\n<meta name=\"description\" content=\"In den Kreisen 1 und 4 der Stadt Z\u00fcrich sind neu zwei Kehrmaschinen mit Elektoantrieb unterwegs. Diese sind nicht nur umweltschonend, sondern auch leiser.\" \/>\n<meta name=\"robots\" content=\"index, follow, max-snippet:-1, max-image-preview:large, max-video-preview:-1\" \/>\n<link rel=\"canonical\" href=\"https:\/\/www.organisator.ch\/fr\/sustainability\/2017-03-17\/zuerich-putzt-mit-elektro-kehrmaschinen\/\" \/>\n<meta property=\"og:locale\" content=\"fr_FR\" \/>\n<meta property=\"og:type\" content=\"article\" \/>\n<meta property=\"og:title\" content=\"Saubere Strassenreinigung: Z\u00fcrich putzt mit Elektro-Kehrmaschinen - Organisator\" \/>\n<meta property=\"og:description\" content=\"In den Kreisen 1 und 4 der Stadt Z\u00fcrich sind neu zwei Kehrmaschinen mit Elektoantrieb unterwegs. Diese sind nicht nur umweltschonend, sondern auch leiser.\" \/>\n<meta property=\"og:url\" content=\"https:\/\/www.organisator.ch\/fr\/sustainability\/2017-03-17\/zuerich-putzt-mit-elektro-kehrmaschinen\/\" \/>\n<meta property=\"og:site_name\" content=\"Organisator\" \/>\n<meta property=\"article:publisher\" content=\"https:\/\/www.facebook.com\/OrganisatorFachmagazin\" \/>\n<meta property=\"article:published_time\" content=\"2017-03-17T10:17:28+00:00\" \/>\n<meta property=\"article:modified_time\" content=\"2022-02-09T10:05:38+00:00\" \/>\n<meta property=\"og:image\" content=\"https:\/\/www.organisator.ch\/wp-content\/uploads\/2017\/03\/170316_mm_city_cat_01_download-scaled.jpg\" \/>\n\t<meta property=\"og:image:width\" content=\"2560\" \/>\n\t<meta property=\"og:image:height\" content=\"1920\" \/>\n\t<meta property=\"og:image:type\" content=\"image\/jpeg\" \/>\n<meta name=\"author\" content=\"admin\" \/>\n<meta name=\"twitter:card\" content=\"summary_large_image\" \/>\n<script type=\"application\/ld+json\" class=\"yoast-schema-graph\">{\"@context\":\"https:\\\/\\\/schema.org\",\"@graph\":[{\"@type\":\"Article\",\"@id\":\"https:\\\/\\\/www.organisator.ch\\\/sustainability\\\/2017-03-17\\\/zuerich-putzt-mit-elektro-kehrmaschinen\\\/#article\",\"isPartOf\":{\"@id\":\"https:\\\/\\\/www.organisator.ch\\\/sustainability\\\/2017-03-17\\\/zuerich-putzt-mit-elektro-kehrmaschinen\\\/\"},\"author\":{\"name\":\"admin\",\"@id\":\"https:\\\/\\\/www.organisator.ch\\\/#\\\/schema\\\/person\\\/aa2bace6c5c5aad60102004a50c4eb1c\"},\"headline\":\"Saubere Strassenreinigung: Z\u00fcrich putzt mit Elektro-Kehrmaschinen\",\"datePublished\":\"2017-03-17T10:17:28+00:00\",\"dateModified\":\"2022-02-09T10:05:38+00:00\",\"mainEntityOfPage\":{\"@id\":\"https:\\\/\\\/www.organisator.ch\\\/sustainability\\\/2017-03-17\\\/zuerich-putzt-mit-elektro-kehrmaschinen\\\/\"},\"wordCount\":253,\"commentCount\":0,\"publisher\":{\"@id\":\"https:\\\/\\\/www.organisator.ch\\\/#organization\"},\"image\":{\"@id\":\"https:\\\/\\\/www.organisator.ch\\\/sustainability\\\/2017-03-17\\\/zuerich-putzt-mit-elektro-kehrmaschinen\\\/#primaryimage\"},\"thumbnailUrl\":\"https:\\\/\\\/www.organisator.ch\\\/wp-content\\\/uploads\\\/2017\\\/03\\\/170316_mm_city_cat_01_download-scaled.jpg\",\"keywords\":[\"Kehrmaschinen\",\"Nachhaltige Mobilit\u00e4t\",\"Strassenreinigung\"],\"articleSection\":[\"SUSTAINABILITY\"],\"inLanguage\":\"fr-FR\"},{\"@type\":\"WebPage\",\"@id\":\"https:\\\/\\\/www.organisator.ch\\\/sustainability\\\/2017-03-17\\\/zuerich-putzt-mit-elektro-kehrmaschinen\\\/\",\"url\":\"https:\\\/\\\/www.organisator.ch\\\/sustainability\\\/2017-03-17\\\/zuerich-putzt-mit-elektro-kehrmaschinen\\\/\",\"name\":\"Saubere Strassenreinigung: Z\u00fcrich putzt mit Elektro-Kehrmaschinen - Organisator\",\"isPartOf\":{\"@id\":\"https:\\\/\\\/www.organisator.ch\\\/#website\"},\"primaryImageOfPage\":{\"@id\":\"https:\\\/\\\/www.organisator.ch\\\/sustainability\\\/2017-03-17\\\/zuerich-putzt-mit-elektro-kehrmaschinen\\\/#primaryimage\"},\"image\":{\"@id\":\"https:\\\/\\\/www.organisator.ch\\\/sustainability\\\/2017-03-17\\\/zuerich-putzt-mit-elektro-kehrmaschinen\\\/#primaryimage\"},\"thumbnailUrl\":\"https:\\\/\\\/www.organisator.ch\\\/wp-content\\\/uploads\\\/2017\\\/03\\\/170316_mm_city_cat_01_download-scaled.jpg\",\"datePublished\":\"2017-03-17T10:17:28+00:00\",\"dateModified\":\"2022-02-09T10:05:38+00:00\",\"description\":\"In den Kreisen 1 und 4 der Stadt Z\u00fcrich sind neu zwei Kehrmaschinen mit Elektoantrieb unterwegs. Diese sind nicht nur umweltschonend, sondern auch leiser.\",\"breadcrumb\":{\"@id\":\"https:\\\/\\\/www.organisator.ch\\\/sustainability\\\/2017-03-17\\\/zuerich-putzt-mit-elektro-kehrmaschinen\\\/#breadcrumb\"},\"inLanguage\":\"fr-FR\",\"potentialAction\":[{\"@type\":\"ReadAction\",\"target\":[\"https:\\\/\\\/www.organisator.ch\\\/sustainability\\\/2017-03-17\\\/zuerich-putzt-mit-elektro-kehrmaschinen\\\/\"]}]},{\"@type\":\"ImageObject\",\"inLanguage\":\"fr-FR\",\"@id\":\"https:\\\/\\\/www.organisator.ch\\\/sustainability\\\/2017-03-17\\\/zuerich-putzt-mit-elektro-kehrmaschinen\\\/#primaryimage\",\"url\":\"https:\\\/\\\/www.organisator.ch\\\/wp-content\\\/uploads\\\/2017\\\/03\\\/170316_mm_city_cat_01_download-scaled.jpg\",\"contentUrl\":\"https:\\\/\\\/www.organisator.ch\\\/wp-content\\\/uploads\\\/2017\\\/03\\\/170316_mm_city_cat_01_download-scaled.jpg\",\"width\":2560,\"height\":1920,\"caption\":\"Die elektrischen Strassenreinigungsfahrzeuge sind emissionsfrei und verursachen viel weniger L\u00e4rm. (Bild: ERZ)\"},{\"@type\":\"BreadcrumbList\",\"@id\":\"https:\\\/\\\/www.organisator.ch\\\/sustainability\\\/2017-03-17\\\/zuerich-putzt-mit-elektro-kehrmaschinen\\\/#breadcrumb\",\"itemListElement\":[{\"@type\":\"ListItem\",\"position\":1,\"name\":\"Home\",\"item\":\"https:\\\/\\\/www.organisator.ch\\\/\"},{\"@type\":\"ListItem\",\"position\":2,\"name\":\"Saubere Strassenreinigung: Z\u00fcrich putzt mit Elektro-Kehrmaschinen\"}]},{\"@type\":\"WebSite\",\"@id\":\"https:\\\/\\\/www.organisator.ch\\\/#website\",\"url\":\"https:\\\/\\\/www.organisator.ch\\\/\",\"name\":\"Organisator\",\"description\":\"Kompetent. Praxisnah. Der ORGANISATOR bereitet in 10 Ausgaben pro Jahr die wesentlichen Themen f\u00fcr F\u00fchrungskr\u00e4fte von KMU auf.\",\"publisher\":{\"@id\":\"https:\\\/\\\/www.organisator.ch\\\/#organization\"},\"potentialAction\":[{\"@type\":\"SearchAction\",\"target\":{\"@type\":\"EntryPoint\",\"urlTemplate\":\"https:\\\/\\\/www.organisator.ch\\\/?s={search_term_string}\"},\"query-input\":{\"@type\":\"PropertyValueSpecification\",\"valueRequired\":true,\"valueName\":\"search_term_string\"}}],\"inLanguage\":\"fr-FR\"},{\"@type\":\"Organization\",\"@id\":\"https:\\\/\\\/www.organisator.ch\\\/#organization\",\"name\":\"Organisator\",\"url\":\"https:\\\/\\\/www.organisator.ch\\\/\",\"logo\":{\"@type\":\"ImageObject\",\"inLanguage\":\"fr-FR\",\"@id\":\"https:\\\/\\\/www.organisator.ch\\\/#\\\/schema\\\/logo\\\/image\\\/\",\"url\":\"https:\\\/\\\/www.organisator.ch\\\/wp-content\\\/uploads\\\/2022\\\/01\\\/Logo_Organisator_Website.png\",\"contentUrl\":\"https:\\\/\\\/www.organisator.ch\\\/wp-content\\\/uploads\\\/2022\\\/01\\\/Logo_Organisator_Website.png\",\"width\":800,\"height\":77,\"caption\":\"Organisator\"},\"image\":{\"@id\":\"https:\\\/\\\/www.organisator.ch\\\/#\\\/schema\\\/logo\\\/image\\\/\"},\"sameAs\":[\"https:\\\/\\\/www.facebook.com\\\/OrganisatorFachmagazin\",\"https:\\\/\\\/www.linkedin.com\\\/showcase\\\/organisator-das-magazin-fr-kmu\",\"https:\\\/\\\/www.xing.com\\\/news\\\/pages\\\/organisator-ch-695\",\"https:\\\/\\\/www.youtube.com\\\/channel\\\/UCGP2Sq0iWaZwT3BdIAQFYpw\"]},{\"@type\":\"Person\",\"@id\":\"https:\\\/\\\/www.organisator.ch\\\/#\\\/schema\\\/person\\\/aa2bace6c5c5aad60102004a50c4eb1c\",\"name\":\"admin\",\"image\":{\"@type\":\"ImageObject\",\"inLanguage\":\"fr-FR\",\"@id\":\"https:\\\/\\\/secure.gravatar.com\\\/avatar\\\/ae2f4d718e6c49043e314ce431e7e645d646302a24a5ef5a8bc8e3f5a032e319?s=96&d=mm&r=g\",\"url\":\"https:\\\/\\\/secure.gravatar.com\\\/avatar\\\/ae2f4d718e6c49043e314ce431e7e645d646302a24a5ef5a8bc8e3f5a032e319?s=96&d=mm&r=g\",\"contentUrl\":\"https:\\\/\\\/secure.gravatar.com\\\/avatar\\\/ae2f4d718e6c49043e314ce431e7e645d646302a24a5ef5a8bc8e3f5a032e319?s=96&d=mm&r=g\",\"caption\":\"admin\"},\"sameAs\":[\"https:\\\/\\\/www.organisator.ch\"],\"url\":\"https:\\\/\\\/www.organisator.ch\\\/fr\\\/author\\\/admin\\\/\"}]}<\/script>\n<!-- \/ Yoast SEO plugin. -->","yoast_head_json":{"title":"Nettoyage propre des rues : Zurich nettoie avec des balayeuses \u00e9lectriques - Organisateur","description":"Deux balayeuses \u00e0 moteur \u00e9lectrique circulent d\u00e9sormais dans les arrondissements 1 et 4 de la ville de Zurich. Celles-ci sont non seulement respectueuses de l'environnement, mais aussi plus silencieuses.","robots":{"index":"index","follow":"follow","max-snippet":"max-snippet:-1","max-image-preview":"max-image-preview:large","max-video-preview":"max-video-preview:-1"},"canonical":"https:\/\/www.organisator.ch\/fr\/sustainability\/2017-03-17\/zuerich-putzt-mit-elektro-kehrmaschinen\/","og_locale":"fr_FR","og_type":"article","og_title":"Saubere Strassenreinigung: Z\u00fcrich putzt mit Elektro-Kehrmaschinen - Organisator","og_description":"In den Kreisen 1 und 4 der Stadt Z\u00fcrich sind neu zwei Kehrmaschinen mit Elektoantrieb unterwegs. Diese sind nicht nur umweltschonend, sondern auch leiser.","og_url":"https:\/\/www.organisator.ch\/fr\/sustainability\/2017-03-17\/zuerich-putzt-mit-elektro-kehrmaschinen\/","og_site_name":"Organisator","article_publisher":"https:\/\/www.facebook.com\/OrganisatorFachmagazin","article_published_time":"2017-03-17T10:17:28+00:00","article_modified_time":"2022-02-09T10:05:38+00:00","og_image":[{"width":2560,"height":1920,"url":"https:\/\/www.organisator.ch\/wp-content\/uploads\/2017\/03\/170316_mm_city_cat_01_download-scaled.jpg","type":"image\/jpeg"}],"author":"admin","twitter_card":"summary_large_image","schema":{"@context":"https:\/\/schema.org","@graph":[{"@type":"Article","@id":"https:\/\/www.organisator.ch\/sustainability\/2017-03-17\/zuerich-putzt-mit-elektro-kehrmaschinen\/#article","isPartOf":{"@id":"https:\/\/www.organisator.ch\/sustainability\/2017-03-17\/zuerich-putzt-mit-elektro-kehrmaschinen\/"},"author":{"name":"admin","@id":"https:\/\/www.organisator.ch\/#\/schema\/person\/aa2bace6c5c5aad60102004a50c4eb1c"},"headline":"Saubere Strassenreinigung: Z\u00fcrich putzt mit Elektro-Kehrmaschinen","datePublished":"2017-03-17T10:17:28+00:00","dateModified":"2022-02-09T10:05:38+00:00","mainEntityOfPage":{"@id":"https:\/\/www.organisator.ch\/sustainability\/2017-03-17\/zuerich-putzt-mit-elektro-kehrmaschinen\/"},"wordCount":253,"commentCount":0,"publisher":{"@id":"https:\/\/www.organisator.ch\/#organization"},"image":{"@id":"https:\/\/www.organisator.ch\/sustainability\/2017-03-17\/zuerich-putzt-mit-elektro-kehrmaschinen\/#primaryimage"},"thumbnailUrl":"https:\/\/www.organisator.ch\/wp-content\/uploads\/2017\/03\/170316_mm_city_cat_01_download-scaled.jpg","keywords":["Kehrmaschinen","Nachhaltige Mobilit\u00e4t","Strassenreinigung"],"articleSection":["SUSTAINABILITY"],"inLanguage":"fr-FR"},{"@type":"WebPage","@id":"https:\/\/www.organisator.ch\/sustainability\/2017-03-17\/zuerich-putzt-mit-elektro-kehrmaschinen\/","url":"https:\/\/www.organisator.ch\/sustainability\/2017-03-17\/zuerich-putzt-mit-elektro-kehrmaschinen\/","name":"Nettoyage propre des rues : Zurich nettoie avec des balayeuses \u00e9lectriques - Organisateur","isPartOf":{"@id":"https:\/\/www.organisator.ch\/#website"},"primaryImageOfPage":{"@id":"https:\/\/www.organisator.ch\/sustainability\/2017-03-17\/zuerich-putzt-mit-elektro-kehrmaschinen\/#primaryimage"},"image":{"@id":"https:\/\/www.organisator.ch\/sustainability\/2017-03-17\/zuerich-putzt-mit-elektro-kehrmaschinen\/#primaryimage"},"thumbnailUrl":"https:\/\/www.organisator.ch\/wp-content\/uploads\/2017\/03\/170316_mm_city_cat_01_download-scaled.jpg","datePublished":"2017-03-17T10:17:28+00:00","dateModified":"2022-02-09T10:05:38+00:00","description":"Deux balayeuses \u00e0 moteur \u00e9lectrique circulent d\u00e9sormais dans les arrondissements 1 et 4 de la ville de Zurich. Celles-ci sont non seulement respectueuses de l'environnement, mais aussi plus silencieuses.","breadcrumb":{"@id":"https:\/\/www.organisator.ch\/sustainability\/2017-03-17\/zuerich-putzt-mit-elektro-kehrmaschinen\/#breadcrumb"},"inLanguage":"fr-FR","potentialAction":[{"@type":"ReadAction","target":["https:\/\/www.organisator.ch\/sustainability\/2017-03-17\/zuerich-putzt-mit-elektro-kehrmaschinen\/"]}]},{"@type":"ImageObject","inLanguage":"fr-FR","@id":"https:\/\/www.organisator.ch\/sustainability\/2017-03-17\/zuerich-putzt-mit-elektro-kehrmaschinen\/#primaryimage","url":"https:\/\/www.organisator.ch\/wp-content\/uploads\/2017\/03\/170316_mm_city_cat_01_download-scaled.jpg","contentUrl":"https:\/\/www.organisator.ch\/wp-content\/uploads\/2017\/03\/170316_mm_city_cat_01_download-scaled.jpg","width":2560,"height":1920,"caption":"Die elektrischen Strassenreinigungsfahrzeuge sind emissionsfrei und verursachen viel weniger L\u00e4rm. (Bild: ERZ)"},{"@type":"BreadcrumbList","@id":"https:\/\/www.organisator.ch\/sustainability\/2017-03-17\/zuerich-putzt-mit-elektro-kehrmaschinen\/#breadcrumb","itemListElement":[{"@type":"ListItem","position":1,"name":"Home","item":"https:\/\/www.organisator.ch\/"},{"@type":"ListItem","position":2,"name":"Saubere Strassenreinigung: Z\u00fcrich putzt mit Elektro-Kehrmaschinen"}]},{"@type":"WebSite","@id":"https:\/\/www.organisator.ch\/#website","url":"https:\/\/www.organisator.ch\/","name":"Organisateur","description":"Comp\u00e9tence et comp\u00e9tence. Proches de la pratique. L'ORGANISATEUR pr\u00e9pare 10 num\u00e9ros par an sur les th\u00e8mes essentiels pour les dirigeants de PME.","publisher":{"@id":"https:\/\/www.organisator.ch\/#organization"},"potentialAction":[{"@type":"SearchAction","target":{"@type":"EntryPoint","urlTemplate":"https:\/\/www.organisator.ch\/?s={search_term_string}"},"query-input":{"@type":"PropertyValueSpecification","valueRequired":true,"valueName":"search_term_string"}}],"inLanguage":"fr-FR"},{"@type":"Organization","@id":"https:\/\/www.organisator.ch\/#organization","name":"Organisateur","url":"https:\/\/www.organisator.ch\/","logo":{"@type":"ImageObject","inLanguage":"fr-FR","@id":"https:\/\/www.organisator.ch\/#\/schema\/logo\/image\/","url":"https:\/\/www.organisator.ch\/wp-content\/uploads\/2022\/01\/Logo_Organisator_Website.png","contentUrl":"https:\/\/www.organisator.ch\/wp-content\/uploads\/2022\/01\/Logo_Organisator_Website.png","width":800,"height":77,"caption":"Organisator"},"image":{"@id":"https:\/\/www.organisator.ch\/#\/schema\/logo\/image\/"},"sameAs":["https:\/\/www.facebook.com\/OrganisatorFachmagazin","https:\/\/www.linkedin.com\/showcase\/organisator-das-magazin-fr-kmu","https:\/\/www.xing.com\/news\/pages\/organisator-ch-695","https:\/\/www.youtube.com\/channel\/UCGP2Sq0iWaZwT3BdIAQFYpw"]},{"@type":"Person","@id":"https:\/\/www.organisator.ch\/#\/schema\/person\/aa2bace6c5c5aad60102004a50c4eb1c","name":"admin","image":{"@type":"ImageObject","inLanguage":"fr-FR","@id":"https:\/\/secure.gravatar.com\/avatar\/ae2f4d718e6c49043e314ce431e7e645d646302a24a5ef5a8bc8e3f5a032e319?s=96&d=mm&r=g","url":"https:\/\/secure.gravatar.com\/avatar\/ae2f4d718e6c49043e314ce431e7e645d646302a24a5ef5a8bc8e3f5a032e319?s=96&d=mm&r=g","contentUrl":"https:\/\/secure.gravatar.com\/avatar\/ae2f4d718e6c49043e314ce431e7e645d646302a24a5ef5a8bc8e3f5a032e319?s=96&d=mm&r=g","caption":"admin"},"sameAs":["https:\/\/www.organisator.ch"],"url":"https:\/\/www.organisator.ch\/fr\/author\/admin\/"}]}},"_links":{"self":[{"href":"https:\/\/www.organisator.ch\/fr\/wp-json\/wp\/v2\/posts\/9997","targetHints":{"allow":["GET"]}}],"collection":[{"href":"https:\/\/www.organisator.ch\/fr\/wp-json\/wp\/v2\/posts"}],"about":[{"href":"https:\/\/www.organisator.ch\/fr\/wp-json\/wp\/v2\/types\/post"}],"author":[{"embeddable":true,"href":"https:\/\/www.organisator.ch\/fr\/wp-json\/wp\/v2\/users\/1"}],"replies":[{"embeddable":true,"href":"https:\/\/www.organisator.ch\/fr\/wp-json\/wp\/v2\/comments?post=9997"}],"version-history":[{"count":1,"href":"https:\/\/www.organisator.ch\/fr\/wp-json\/wp\/v2\/posts\/9997\/revisions"}],"predecessor-version":[{"id":10430,"href":"https:\/\/www.organisator.ch\/fr\/wp-json\/wp\/v2\/posts\/9997\/revisions\/10430"}],"wp:featuredmedia":[{"embeddable":true,"href":"https:\/\/www.organisator.ch\/fr\/wp-json\/wp\/v2\/media\/895"}],"wp:attachment":[{"href":"https:\/\/www.organisator.ch\/fr\/wp-json\/wp\/v2\/media?parent=9997"}],"wp:term":[{"taxonomy":"category","embeddable":true,"href":"https:\/\/www.organisator.ch\/fr\/wp-json\/wp\/v2\/categories?post=9997"},{"taxonomy":"post_tag","embeddable":true,"href":"https:\/\/www.organisator.ch\/fr\/wp-json\/wp\/v2\/tags?post=9997"}],"curies":[{"name":"wp","href":"https:\/\/api.w.org\/{rel}","templated":true}]}}