{"id":10001,"date":"2017-04-04T09:30:39","date_gmt":"2017-04-04T07:30:39","guid":{"rendered":"https:\/\/www.umweltperspektiven.ch\/?p=918"},"modified":"2022-02-09T11:10:56","modified_gmt":"2022-02-09T10:10:56","slug":"baeche-sind-zu-stark-pestizidbelastet","status":"publish","type":"post","link":"https:\/\/www.organisator.ch\/it\/sustainability\/2017-04-04\/baeche-sind-zu-stark-pestizidbelastet\/","title":{"rendered":"I ruscelli sono troppo inquinati dai pesticidi"},"content":{"rendered":"<figure id=\"attachment_919\" aria-describedby=\"caption-attachment-919\" style=\"width: 680px\" class=\"wp-caption alignnone\"><img loading=\"lazy\" decoding=\"async\" class=\"size-medium wp-image-919\" src=\"\/\/www.umweltperspektiven.ch\/wp-content\/uploads\/2017\/04\/Depositphotos_117398074_xl-2015.jpg\" alt=\"\" width=\"680\" height=\"505\" \/><figcaption id=\"caption-attachment-919\" class=\"wp-caption-text\">L'idillio \u00e8 ingannevole: i piccoli corsi d'acqua sono particolarmente spesso inquinati.<\/figcaption><\/figure>\n<p>45.000 chilometri, tre quarti della rete idrica svizzera, sono considerati piccoli torrenti e ruscelli. Finora, per\u00f2, non ci sono stazioni di misurazione che monitorano la qualit\u00e0 dell'acqua in quel luogo per lunghi periodi di tempo. Il valore informativo dei campioni casuali \u00e8 limitato. Su incarico dell'Ufficio federale dell'ambiente (UFAM), l'Eawag e il Centro Ecotox Eawag-EPFL, insieme a cinque cantoni (TG, BL, BE, VS, TI) e all'Associazione svizzera per la protezione delle acque (VSA), hanno quindi esaminato pi\u00f9 da vicino cinque corsi d'acqua. I loro bacini sono tipici dell'uso agricolo pesante. Circa 1800 campioni d'acqua sono stati raccolti da marzo ad agosto 2015. Oggi i partecipanti hanno pubblicato i risultati in due articoli sulla rivista Aqua&amp;Gas. (<a href=\"\/\/www.newsd.admin.ch\/newsd\/message\/attachments\/47760.pdf\">Qui <\/a>e <a href=\"\/\/www.newsd.admin.ch\/newsd\/message\/attachments\/47761.pdf\">qui<\/a>)<\/p>\n<p><b>Un buffet di principi attivi e alte concentrazioni<\/b><\/p>\n<p>Il sospetto che i piccoli corpi idrici siano fortemente inquinati da prodotti fitosanitari (PPP) \u00e8 stato confermato. Il numero di sostanze \u00e8 molto alto: i ricercatori hanno rilevato nei campioni 128 diverse sostanze attive provenienti da coltivazioni agricole, orticole, frutticole e viticole, 61 erbicidi, 45 fungicidi e 22 insetticidi. Nel 80% dei campioni, il requisito dell'ordinanza sulla protezione delle acque (\u22640,1 \u00b5g\/L) non \u00e8 stato soddisfatto da almeno una sostanza - in tutti i cinque ruscelli studiati per pi\u00f9 di 60 giorni, nel Weierbach (BL) e nell'Eschelisbach (TG) praticamente per tutto il periodo di studio di sei mesi. Concentrazioni fino a 40 \u00b5g\/L sono state trovate per singole sostanze. I picchi a breve termine sono probabilmente ancora pi\u00f9 alti, poich\u00e9 tutti i campioni sono stati mediati su almeno mezza giornata.<\/p>\n<p><b>Miscele tossiche croniche e acute<\/b><\/p>\n<p>Poich\u00e9 il valore massimo di 0,1 \u00b5g\/L per singola sostanza nell'ordinanza sulla protezione delle acque dice troppo poco sul vero rischio per gli organismi, i ricercatori hanno anche confrontato i dati analitici con i criteri di qualit\u00e0 ecotossicologica. Inoltre, sono stati eseguiti biotest con alghe e pulci di ruscello ed \u00e8 stata esaminata la diversit\u00e0 degli invertebrati. In media, non una, ma da 20 a 40 sostanze sono state trovate in ogni campione. I risultati lasciano poco spazio all'interpretazione: in tutti i corpi idrici, i criteri di qualit\u00e0 per l'ecotossicit\u00e0 cronica sono stati superati, in alcuni casi pi\u00f9 volte, per un minimo di due settimane (TI) e un massimo fino a cinque mesi e mezzo (BL, TG). In quattro corpi idrici sono state superate anche le concentrazioni al di sopra delle quali la miscela di pesticidi rappresenta un rischio tossico acuto per gli organismi sensibili, per un massimo di due mesi (VS). Le pulci di ruscello esposte in uno dei corsi d'acqua hanno mostrato un aumento dei tassi di mortalit\u00e0 e un comportamento letargico associato alle alte concentrazioni di pesticidi. La valutazione ha portato ai voti insoddisfacente e scarso in tutti i siti. Il carico pi\u00f9 basso \u00e8 stato riscontrato nel sito di monitoraggio del Ticino, poich\u00e9 il bacino idrografico in questione ha un'intensit\u00e0 di utilizzo agricolo relativamente inferiore. Marion Junghans dell'Ecotox Centre riassume: \"Il mix in costante cambiamento di molte sostanze in concentrazioni problematiche e gli alti rischi di lunga durata non lasciano agli organismi alcun tempo di recupero in molti casi\".<\/p>\n<p><b>Piano d'azione per la riduzione del rischio dei prodotti fitosanitari in sviluppo<\/b><\/p>\n<p>Per Stephan M\u00fcller, capo della Divisione Acqua dell'UFAM, i risultati confermano che i prodotti fitosanitari provenienti dall'agricoltura - insieme ai microinquinanti che entrano nei corpi idrici attraverso gli impianti di depurazione - sono attualmente gli inquinanti materiali pi\u00f9 importanti nelle acque superficiali svizzere. Questo \u00e8 particolarmente vero nei piccoli corsi d'acqua; sono di speciale interesse perch\u00e9 sono rifugi e \"vivai\" per gli organismi acquatici, specialmente i pesci.<\/p>\n<p>Con le misure tecniche recentemente adottate dal Parlamento, la quantit\u00e0 di microinquinanti prodotti dagli impianti di trattamento delle acque reflue pu\u00f2 essere dimezzata. Ora, dice M\u00fcller, anche la contaminazione con i PPP deve essere significativamente ridotta. Un passo importante in questa direzione \u00e8 il piano d'azione PPP, che viene sviluppato sotto la guida dell'Ufficio federale dell'agricoltura e nel quale la protezione dell'acqua \u00e8 un tema prioritario. Inoltre, gli utenti sono chiamati a trattare con cura queste tossine ambientali e a usarle il meno possibile.<\/p>\n<p>Testo: UFAM<\/p>","protected":false},"excerpt":{"rendered":"<p>45\u2018000 Kilometer, drei Viertel des Schweizer Gew\u00e4ssernetzes, gelten als kleine B\u00e4che und B\u00e4chlein. Bisher gibt es jedoch keine Messstellen, welche dort die Wasserqualit\u00e4t \u00fcber l\u00e4ngere Zeitr\u00e4ume \u00fcberwachen. Die Aussagekraft von Stichproben ist begrenzt. Im Auftrag des Bundesamtes f\u00fcr Umwelt (BAFU) haben daher die Eawag und das Oekotoxzentrum Eawag-EPFL zusammen mit f\u00fcnf Kantonen (TG, BL, BE, [&hellip;]<\/p>\n","protected":false},"author":1,"featured_media":9484,"comment_status":"open","ping_status":"open","sticky":false,"template":"","format":"standard","meta":{"_acf_changed":false,"_yoast_wpseo_focuskw":"Fliessgew\u00e4sser","_yoast_wpseo_metadesc":"Kleine Fliessgew\u00e4sser sind mit einer Vielzahl von Herbiziden, Fungiziden und Insektiziden belastet. Dies zeigt eine im Auftrag des BAFU erstellte Studie.","articlekey":"","footnotes":""},"categories":[580],"tags":[762,1195,1893,459,460,2523],"class_list":["post-10001","post","type-post","status-publish","format-standard","has-post-thumbnail","hentry","category-sustainability","tag-bafu","tag-fliessgewaesser","tag-pestizidde","tag-studie","tag-studien","tag-wasserqualitaet"],"acf":[],"yoast_head":"<!-- This site is optimized with the Yoast SEO plugin v27.4 - https:\/\/yoast.com\/product\/yoast-seo-wordpress\/ -->\n<title>B\u00e4che sind zu stark pestizidbelastet - Organisator<\/title>\n<meta name=\"description\" content=\"Kleine Fliessgew\u00e4sser sind mit einer Vielzahl von Herbiziden, Fungiziden und Insektiziden belastet. Dies zeigt eine im Auftrag des BAFU erstellte Studie.\" \/>\n<meta name=\"robots\" content=\"index, follow, max-snippet:-1, max-image-preview:large, max-video-preview:-1\" \/>\n<link rel=\"canonical\" href=\"https:\/\/www.organisator.ch\/it\/sostenibilita\/2017-04-04\/baeche-sind-zu-stark-pestizidbelastet\/\" \/>\n<meta property=\"og:locale\" content=\"it_IT\" \/>\n<meta property=\"og:type\" content=\"article\" \/>\n<meta property=\"og:title\" content=\"B\u00e4che sind zu stark pestizidbelastet - Organisator\" \/>\n<meta property=\"og:description\" content=\"Kleine Fliessgew\u00e4sser sind mit einer Vielzahl von Herbiziden, Fungiziden und Insektiziden belastet. Dies zeigt eine im Auftrag des BAFU erstellte Studie.\" \/>\n<meta property=\"og:url\" content=\"https:\/\/www.organisator.ch\/it\/sostenibilita\/2017-04-04\/baeche-sind-zu-stark-pestizidbelastet\/\" \/>\n<meta property=\"og:site_name\" content=\"Organisator\" \/>\n<meta property=\"article:publisher\" content=\"https:\/\/www.facebook.com\/OrganisatorFachmagazin\" \/>\n<meta property=\"article:published_time\" content=\"2017-04-04T07:30:39+00:00\" \/>\n<meta property=\"article:modified_time\" content=\"2022-02-09T10:10:56+00:00\" \/>\n<meta property=\"og:image\" content=\"https:\/\/www.organisator.ch\/wp-content\/uploads\/2017\/04\/Depositphotos_117398074_xl-2015-scaled.jpg\" \/>\n\t<meta property=\"og:image:width\" content=\"2560\" \/>\n\t<meta property=\"og:image:height\" content=\"1900\" \/>\n\t<meta property=\"og:image:type\" content=\"image\/jpeg\" \/>\n<meta name=\"author\" content=\"admin\" \/>\n<meta name=\"twitter:card\" content=\"summary_large_image\" \/>\n<script type=\"application\/ld+json\" class=\"yoast-schema-graph\">{\"@context\":\"https:\\\/\\\/schema.org\",\"@graph\":[{\"@type\":\"Article\",\"@id\":\"https:\\\/\\\/www.organisator.ch\\\/sustainability\\\/2017-04-04\\\/baeche-sind-zu-stark-pestizidbelastet\\\/#article\",\"isPartOf\":{\"@id\":\"https:\\\/\\\/www.organisator.ch\\\/sustainability\\\/2017-04-04\\\/baeche-sind-zu-stark-pestizidbelastet\\\/\"},\"author\":{\"name\":\"admin\",\"@id\":\"https:\\\/\\\/www.organisator.ch\\\/#\\\/schema\\\/person\\\/aa2bace6c5c5aad60102004a50c4eb1c\"},\"headline\":\"B\u00e4che sind zu stark pestizidbelastet\",\"datePublished\":\"2017-04-04T07:30:39+00:00\",\"dateModified\":\"2022-02-09T10:10:56+00:00\",\"mainEntityOfPage\":{\"@id\":\"https:\\\/\\\/www.organisator.ch\\\/sustainability\\\/2017-04-04\\\/baeche-sind-zu-stark-pestizidbelastet\\\/\"},\"wordCount\":648,\"commentCount\":0,\"publisher\":{\"@id\":\"https:\\\/\\\/www.organisator.ch\\\/#organization\"},\"image\":{\"@id\":\"https:\\\/\\\/www.organisator.ch\\\/sustainability\\\/2017-04-04\\\/baeche-sind-zu-stark-pestizidbelastet\\\/#primaryimage\"},\"thumbnailUrl\":\"https:\\\/\\\/www.organisator.ch\\\/wp-content\\\/uploads\\\/2017\\\/04\\\/Depositphotos_117398074_xl-2015-scaled.jpg\",\"keywords\":[\"BAFU\",\"Fliessgew\u00e4sser\",\"Pestizidde\",\"Studie\",\"Studien\",\"Wasserqualit\u00e4t\"],\"articleSection\":[\"SUSTAINABILITY\"],\"inLanguage\":\"it-IT\"},{\"@type\":\"WebPage\",\"@id\":\"https:\\\/\\\/www.organisator.ch\\\/sustainability\\\/2017-04-04\\\/baeche-sind-zu-stark-pestizidbelastet\\\/\",\"url\":\"https:\\\/\\\/www.organisator.ch\\\/sustainability\\\/2017-04-04\\\/baeche-sind-zu-stark-pestizidbelastet\\\/\",\"name\":\"B\u00e4che sind zu stark pestizidbelastet - Organisator\",\"isPartOf\":{\"@id\":\"https:\\\/\\\/www.organisator.ch\\\/#website\"},\"primaryImageOfPage\":{\"@id\":\"https:\\\/\\\/www.organisator.ch\\\/sustainability\\\/2017-04-04\\\/baeche-sind-zu-stark-pestizidbelastet\\\/#primaryimage\"},\"image\":{\"@id\":\"https:\\\/\\\/www.organisator.ch\\\/sustainability\\\/2017-04-04\\\/baeche-sind-zu-stark-pestizidbelastet\\\/#primaryimage\"},\"thumbnailUrl\":\"https:\\\/\\\/www.organisator.ch\\\/wp-content\\\/uploads\\\/2017\\\/04\\\/Depositphotos_117398074_xl-2015-scaled.jpg\",\"datePublished\":\"2017-04-04T07:30:39+00:00\",\"dateModified\":\"2022-02-09T10:10:56+00:00\",\"description\":\"Kleine Fliessgew\u00e4sser sind mit einer Vielzahl von Herbiziden, Fungiziden und Insektiziden belastet. Dies zeigt eine im Auftrag des BAFU erstellte Studie.\",\"breadcrumb\":{\"@id\":\"https:\\\/\\\/www.organisator.ch\\\/sustainability\\\/2017-04-04\\\/baeche-sind-zu-stark-pestizidbelastet\\\/#breadcrumb\"},\"inLanguage\":\"it-IT\",\"potentialAction\":[{\"@type\":\"ReadAction\",\"target\":[\"https:\\\/\\\/www.organisator.ch\\\/sustainability\\\/2017-04-04\\\/baeche-sind-zu-stark-pestizidbelastet\\\/\"]}]},{\"@type\":\"ImageObject\",\"inLanguage\":\"it-IT\",\"@id\":\"https:\\\/\\\/www.organisator.ch\\\/sustainability\\\/2017-04-04\\\/baeche-sind-zu-stark-pestizidbelastet\\\/#primaryimage\",\"url\":\"https:\\\/\\\/www.organisator.ch\\\/wp-content\\\/uploads\\\/2017\\\/04\\\/Depositphotos_117398074_xl-2015-scaled.jpg\",\"contentUrl\":\"https:\\\/\\\/www.organisator.ch\\\/wp-content\\\/uploads\\\/2017\\\/04\\\/Depositphotos_117398074_xl-2015-scaled.jpg\",\"width\":2560,\"height\":1900,\"caption\":\"Die Idylle tr\u00fcgt: Gerade kleine B\u00e4che sind besonders oft belastet.\"},{\"@type\":\"BreadcrumbList\",\"@id\":\"https:\\\/\\\/www.organisator.ch\\\/sustainability\\\/2017-04-04\\\/baeche-sind-zu-stark-pestizidbelastet\\\/#breadcrumb\",\"itemListElement\":[{\"@type\":\"ListItem\",\"position\":1,\"name\":\"Home\",\"item\":\"https:\\\/\\\/www.organisator.ch\\\/\"},{\"@type\":\"ListItem\",\"position\":2,\"name\":\"B\u00e4che sind zu stark pestizidbelastet\"}]},{\"@type\":\"WebSite\",\"@id\":\"https:\\\/\\\/www.organisator.ch\\\/#website\",\"url\":\"https:\\\/\\\/www.organisator.ch\\\/\",\"name\":\"Organisator\",\"description\":\"Kompetent. Praxisnah. Der ORGANISATOR bereitet in 10 Ausgaben pro Jahr die wesentlichen Themen f\u00fcr F\u00fchrungskr\u00e4fte von KMU auf.\",\"publisher\":{\"@id\":\"https:\\\/\\\/www.organisator.ch\\\/#organization\"},\"potentialAction\":[{\"@type\":\"SearchAction\",\"target\":{\"@type\":\"EntryPoint\",\"urlTemplate\":\"https:\\\/\\\/www.organisator.ch\\\/?s={search_term_string}\"},\"query-input\":{\"@type\":\"PropertyValueSpecification\",\"valueRequired\":true,\"valueName\":\"search_term_string\"}}],\"inLanguage\":\"it-IT\"},{\"@type\":\"Organization\",\"@id\":\"https:\\\/\\\/www.organisator.ch\\\/#organization\",\"name\":\"Organisator\",\"url\":\"https:\\\/\\\/www.organisator.ch\\\/\",\"logo\":{\"@type\":\"ImageObject\",\"inLanguage\":\"it-IT\",\"@id\":\"https:\\\/\\\/www.organisator.ch\\\/#\\\/schema\\\/logo\\\/image\\\/\",\"url\":\"https:\\\/\\\/www.organisator.ch\\\/wp-content\\\/uploads\\\/2022\\\/01\\\/Logo_Organisator_Website.png\",\"contentUrl\":\"https:\\\/\\\/www.organisator.ch\\\/wp-content\\\/uploads\\\/2022\\\/01\\\/Logo_Organisator_Website.png\",\"width\":800,\"height\":77,\"caption\":\"Organisator\"},\"image\":{\"@id\":\"https:\\\/\\\/www.organisator.ch\\\/#\\\/schema\\\/logo\\\/image\\\/\"},\"sameAs\":[\"https:\\\/\\\/www.facebook.com\\\/OrganisatorFachmagazin\",\"https:\\\/\\\/www.linkedin.com\\\/showcase\\\/organisator-das-magazin-fr-kmu\",\"https:\\\/\\\/www.xing.com\\\/news\\\/pages\\\/organisator-ch-695\",\"https:\\\/\\\/www.youtube.com\\\/channel\\\/UCGP2Sq0iWaZwT3BdIAQFYpw\"]},{\"@type\":\"Person\",\"@id\":\"https:\\\/\\\/www.organisator.ch\\\/#\\\/schema\\\/person\\\/aa2bace6c5c5aad60102004a50c4eb1c\",\"name\":\"admin\",\"image\":{\"@type\":\"ImageObject\",\"inLanguage\":\"it-IT\",\"@id\":\"https:\\\/\\\/secure.gravatar.com\\\/avatar\\\/ae2f4d718e6c49043e314ce431e7e645d646302a24a5ef5a8bc8e3f5a032e319?s=96&d=mm&r=g\",\"url\":\"https:\\\/\\\/secure.gravatar.com\\\/avatar\\\/ae2f4d718e6c49043e314ce431e7e645d646302a24a5ef5a8bc8e3f5a032e319?s=96&d=mm&r=g\",\"contentUrl\":\"https:\\\/\\\/secure.gravatar.com\\\/avatar\\\/ae2f4d718e6c49043e314ce431e7e645d646302a24a5ef5a8bc8e3f5a032e319?s=96&d=mm&r=g\",\"caption\":\"admin\"},\"sameAs\":[\"https:\\\/\\\/www.organisator.ch\"],\"url\":\"https:\\\/\\\/www.organisator.ch\\\/it\\\/author\\\/admin\\\/\"}]}<\/script>\n<!-- \/ Yoast SEO plugin. -->","yoast_head_json":{"title":"I corsi d'acqua sono troppo inquinati dai pesticidi - Organizzatore","description":"I piccoli corsi d'acqua sono inquinati da una variet\u00e0 di erbicidi, fungicidi e insetticidi. Lo dimostra uno studio commissionato dall'UFAM.","robots":{"index":"index","follow":"follow","max-snippet":"max-snippet:-1","max-image-preview":"max-image-preview:large","max-video-preview":"max-video-preview:-1"},"canonical":"https:\/\/www.organisator.ch\/it\/sostenibilita\/2017-04-04\/baeche-sind-zu-stark-pestizidbelastet\/","og_locale":"it_IT","og_type":"article","og_title":"B\u00e4che sind zu stark pestizidbelastet - Organisator","og_description":"Kleine Fliessgew\u00e4sser sind mit einer Vielzahl von Herbiziden, Fungiziden und Insektiziden belastet. Dies zeigt eine im Auftrag des BAFU erstellte Studie.","og_url":"https:\/\/www.organisator.ch\/it\/sostenibilita\/2017-04-04\/baeche-sind-zu-stark-pestizidbelastet\/","og_site_name":"Organisator","article_publisher":"https:\/\/www.facebook.com\/OrganisatorFachmagazin","article_published_time":"2017-04-04T07:30:39+00:00","article_modified_time":"2022-02-09T10:10:56+00:00","og_image":[{"width":2560,"height":1900,"url":"https:\/\/www.organisator.ch\/wp-content\/uploads\/2017\/04\/Depositphotos_117398074_xl-2015-scaled.jpg","type":"image\/jpeg"}],"author":"admin","twitter_card":"summary_large_image","schema":{"@context":"https:\/\/schema.org","@graph":[{"@type":"Article","@id":"https:\/\/www.organisator.ch\/sustainability\/2017-04-04\/baeche-sind-zu-stark-pestizidbelastet\/#article","isPartOf":{"@id":"https:\/\/www.organisator.ch\/sustainability\/2017-04-04\/baeche-sind-zu-stark-pestizidbelastet\/"},"author":{"name":"admin","@id":"https:\/\/www.organisator.ch\/#\/schema\/person\/aa2bace6c5c5aad60102004a50c4eb1c"},"headline":"B\u00e4che sind zu stark pestizidbelastet","datePublished":"2017-04-04T07:30:39+00:00","dateModified":"2022-02-09T10:10:56+00:00","mainEntityOfPage":{"@id":"https:\/\/www.organisator.ch\/sustainability\/2017-04-04\/baeche-sind-zu-stark-pestizidbelastet\/"},"wordCount":648,"commentCount":0,"publisher":{"@id":"https:\/\/www.organisator.ch\/#organization"},"image":{"@id":"https:\/\/www.organisator.ch\/sustainability\/2017-04-04\/baeche-sind-zu-stark-pestizidbelastet\/#primaryimage"},"thumbnailUrl":"https:\/\/www.organisator.ch\/wp-content\/uploads\/2017\/04\/Depositphotos_117398074_xl-2015-scaled.jpg","keywords":["BAFU","Fliessgew\u00e4sser","Pestizidde","Studie","Studien","Wasserqualit\u00e4t"],"articleSection":["SUSTAINABILITY"],"inLanguage":"it-IT"},{"@type":"WebPage","@id":"https:\/\/www.organisator.ch\/sustainability\/2017-04-04\/baeche-sind-zu-stark-pestizidbelastet\/","url":"https:\/\/www.organisator.ch\/sustainability\/2017-04-04\/baeche-sind-zu-stark-pestizidbelastet\/","name":"I corsi d'acqua sono troppo inquinati dai pesticidi - Organizzatore","isPartOf":{"@id":"https:\/\/www.organisator.ch\/#website"},"primaryImageOfPage":{"@id":"https:\/\/www.organisator.ch\/sustainability\/2017-04-04\/baeche-sind-zu-stark-pestizidbelastet\/#primaryimage"},"image":{"@id":"https:\/\/www.organisator.ch\/sustainability\/2017-04-04\/baeche-sind-zu-stark-pestizidbelastet\/#primaryimage"},"thumbnailUrl":"https:\/\/www.organisator.ch\/wp-content\/uploads\/2017\/04\/Depositphotos_117398074_xl-2015-scaled.jpg","datePublished":"2017-04-04T07:30:39+00:00","dateModified":"2022-02-09T10:10:56+00:00","description":"I piccoli corsi d'acqua sono inquinati da una variet\u00e0 di erbicidi, fungicidi e insetticidi. Lo dimostra uno studio commissionato dall'UFAM.","breadcrumb":{"@id":"https:\/\/www.organisator.ch\/sustainability\/2017-04-04\/baeche-sind-zu-stark-pestizidbelastet\/#breadcrumb"},"inLanguage":"it-IT","potentialAction":[{"@type":"ReadAction","target":["https:\/\/www.organisator.ch\/sustainability\/2017-04-04\/baeche-sind-zu-stark-pestizidbelastet\/"]}]},{"@type":"ImageObject","inLanguage":"it-IT","@id":"https:\/\/www.organisator.ch\/sustainability\/2017-04-04\/baeche-sind-zu-stark-pestizidbelastet\/#primaryimage","url":"https:\/\/www.organisator.ch\/wp-content\/uploads\/2017\/04\/Depositphotos_117398074_xl-2015-scaled.jpg","contentUrl":"https:\/\/www.organisator.ch\/wp-content\/uploads\/2017\/04\/Depositphotos_117398074_xl-2015-scaled.jpg","width":2560,"height":1900,"caption":"Die Idylle tr\u00fcgt: Gerade kleine B\u00e4che sind besonders oft belastet."},{"@type":"BreadcrumbList","@id":"https:\/\/www.organisator.ch\/sustainability\/2017-04-04\/baeche-sind-zu-stark-pestizidbelastet\/#breadcrumb","itemListElement":[{"@type":"ListItem","position":1,"name":"Home","item":"https:\/\/www.organisator.ch\/"},{"@type":"ListItem","position":2,"name":"B\u00e4che sind zu stark pestizidbelastet"}]},{"@type":"WebSite","@id":"https:\/\/www.organisator.ch\/#website","url":"https:\/\/www.organisator.ch\/","name":"Organizzatore","description":"Competente. Pratico. In 10 numeri all'anno, ORGANISATOR presenta i temi essenziali per i manager delle PMI.","publisher":{"@id":"https:\/\/www.organisator.ch\/#organization"},"potentialAction":[{"@type":"SearchAction","target":{"@type":"EntryPoint","urlTemplate":"https:\/\/www.organisator.ch\/?s={search_term_string}"},"query-input":{"@type":"PropertyValueSpecification","valueRequired":true,"valueName":"search_term_string"}}],"inLanguage":"it-IT"},{"@type":"Organization","@id":"https:\/\/www.organisator.ch\/#organization","name":"Organizzatore","url":"https:\/\/www.organisator.ch\/","logo":{"@type":"ImageObject","inLanguage":"it-IT","@id":"https:\/\/www.organisator.ch\/#\/schema\/logo\/image\/","url":"https:\/\/www.organisator.ch\/wp-content\/uploads\/2022\/01\/Logo_Organisator_Website.png","contentUrl":"https:\/\/www.organisator.ch\/wp-content\/uploads\/2022\/01\/Logo_Organisator_Website.png","width":800,"height":77,"caption":"Organisator"},"image":{"@id":"https:\/\/www.organisator.ch\/#\/schema\/logo\/image\/"},"sameAs":["https:\/\/www.facebook.com\/OrganisatorFachmagazin","https:\/\/www.linkedin.com\/showcase\/organisator-das-magazin-fr-kmu","https:\/\/www.xing.com\/news\/pages\/organisator-ch-695","https:\/\/www.youtube.com\/channel\/UCGP2Sq0iWaZwT3BdIAQFYpw"]},{"@type":"Person","@id":"https:\/\/www.organisator.ch\/#\/schema\/person\/aa2bace6c5c5aad60102004a50c4eb1c","name":"amministratore","image":{"@type":"ImageObject","inLanguage":"it-IT","@id":"https:\/\/secure.gravatar.com\/avatar\/ae2f4d718e6c49043e314ce431e7e645d646302a24a5ef5a8bc8e3f5a032e319?s=96&d=mm&r=g","url":"https:\/\/secure.gravatar.com\/avatar\/ae2f4d718e6c49043e314ce431e7e645d646302a24a5ef5a8bc8e3f5a032e319?s=96&d=mm&r=g","contentUrl":"https:\/\/secure.gravatar.com\/avatar\/ae2f4d718e6c49043e314ce431e7e645d646302a24a5ef5a8bc8e3f5a032e319?s=96&d=mm&r=g","caption":"admin"},"sameAs":["https:\/\/www.organisator.ch"],"url":"https:\/\/www.organisator.ch\/it\/author\/admin\/"}]}},"_links":{"self":[{"href":"https:\/\/www.organisator.ch\/it\/wp-json\/wp\/v2\/posts\/10001","targetHints":{"allow":["GET"]}}],"collection":[{"href":"https:\/\/www.organisator.ch\/it\/wp-json\/wp\/v2\/posts"}],"about":[{"href":"https:\/\/www.organisator.ch\/it\/wp-json\/wp\/v2\/types\/post"}],"author":[{"embeddable":true,"href":"https:\/\/www.organisator.ch\/it\/wp-json\/wp\/v2\/users\/1"}],"replies":[{"embeddable":true,"href":"https:\/\/www.organisator.ch\/it\/wp-json\/wp\/v2\/comments?post=10001"}],"version-history":[{"count":1,"href":"https:\/\/www.organisator.ch\/it\/wp-json\/wp\/v2\/posts\/10001\/revisions"}],"predecessor-version":[{"id":11047,"href":"https:\/\/www.organisator.ch\/it\/wp-json\/wp\/v2\/posts\/10001\/revisions\/11047"}],"wp:featuredmedia":[{"embeddable":true,"href":"https:\/\/www.organisator.ch\/it\/wp-json\/wp\/v2\/media\/9484"}],"wp:attachment":[{"href":"https:\/\/www.organisator.ch\/it\/wp-json\/wp\/v2\/media?parent=10001"}],"wp:term":[{"taxonomy":"category","embeddable":true,"href":"https:\/\/www.organisator.ch\/it\/wp-json\/wp\/v2\/categories?post=10001"},{"taxonomy":"post_tag","embeddable":true,"href":"https:\/\/www.organisator.ch\/it\/wp-json\/wp\/v2\/tags?post=10001"}],"curies":[{"name":"wp","href":"https:\/\/api.w.org\/{rel}","templated":true}]}}