{"id":10005,"date":"2017-06-07T16:01:59","date_gmt":"2017-06-07T14:01:59","guid":{"rendered":"https:\/\/www.umweltperspektiven.ch\/?p=962"},"modified":"2022-02-09T11:10:11","modified_gmt":"2022-02-09T10:10:11","slug":"branchenfuehrer-umweltwirtschaft-veroeffentlicht","status":"publish","type":"post","link":"https:\/\/www.organisator.ch\/it\/sustainability\/2017-06-07\/branchenfuehrer-umweltwirtschaft-veroeffentlicht\/","title":{"rendered":"Pubblicata la guida dell'industria ambientale"},"content":{"rendered":"<figure id=\"attachment_963\" aria-describedby=\"caption-attachment-963\" style=\"width: 680px\" class=\"wp-caption alignnone\"><img loading=\"lazy\" decoding=\"async\" class=\"size-medium wp-image-963\" src=\"\/\/www.umweltperspektiven.ch\/wp-content\/uploads\/2017\/06\/Branchenf\u00fchrer.jpg\" alt=\"\" width=\"680\" height=\"877\" \/><figcaption id=\"caption-attachment-963\" class=\"wp-caption-text\">La nuova guida dell'industria ambientale offre un \"Who's Who\" dell'industria ambientale.<\/figcaption><\/figure>\n<p>La votazione federale sulla legge sull'energia ha mostrato da che parte soffia il vento. Tuttavia, lo spostamento dei valori verso la sostenibilit\u00e0 va ben oltre la politica e la societ\u00e0. La consapevolezza che solo chi vive secondo il principio della sostenibilit\u00e0 pu\u00f2 avere successo economico a lungo termine sta prendendo sempre pi\u00f9 piede in tutti i settori economici - sia nel mercato biologico in costante crescita, che nell'industria solare o nel mercato degli investimenti sostenibili.<\/p>\n<p>Ma quali beni e servizi servono effettivamente alla protezione dell'ambiente e del clima? Come si possono registrare e classificare questi gruppi di merci? Quali organizzazioni, associazioni e societ\u00e0 industriali ci sono dietro?<\/p>\n<p>OdA Umwelt risponde a queste domande nel \"Who's Who\" del settore ambientale e cleantech: la Environmental Business Sector Guide 2017. In pi\u00f9 di 90 pagine, gli attori del riciclaggio e della gestione dei rifiuti incontrano le organizzazioni della gestione delle acque, i musei naturali incontrano gli uffici di pianificazione sostenibile. Un capitolo \u00e8 dedicato all'industria delle energie rinnovabili, mentre un altro si occupa delle autorit\u00e0 ambientali e di conservazione della natura.<\/p>\n<p>La diversit\u00e0 delle organizzazioni che si sono posizionate nel campo dell'efficienza delle risorse e dell'energia \u00e8 impressionante. Poich\u00e9 l'economia ambientale \u00e8 un'industria intersettoriale, la sua messa in rete e la sua descrizione \u00e8 ancora pi\u00f9 impegnativa. La Environmental Business Sector Guide 2017 \u00e8 quindi un importante aiuto di orientamento per tutti i settori di attivit\u00e0 e gli esperti all'interno dei settori e lungo le catene del valore. La guida settoriale ha lo scopo di stimolare lo scambio tra gli attori che hanno riconosciuto i tempi che cambiano. Il suo scopo \u00e8 quello di offrire agli individui l'opportunit\u00e0 di partecipare alle tendenze e agli sviluppi sostenibili - in qualsiasi forma.<\/p>\n<p>La Environmental Business Sector Guide sar\u00e0 pubblicata per la prima volta nel 2017. Sar\u00e0 sviluppato continuamente nei prossimi anni. Altri settori economici si uniranno alla tendenza dell'efficienza delle risorse e della compatibilit\u00e0 climatica e nuovi attori appariranno all'attenzione del pubblico.<\/p>\n<p>Su <a href=\"\/\/umweltprofis.ch\">environmentprofis.ch<\/a> il leader del settore si trova come <a href=\"\/\/www.umweltprofis.ch\/media\/medialibrary\/2017\/05\/Branchenfuhrer_der_Umweltwirtschaft_online.pdf\">Scaricare PDF<\/a> (2,8 MB).<\/p>\n<p>Testo: Ambiente OdA<\/p>","protected":false},"excerpt":{"rendered":"<p>Die eidgen\u00f6ssische Abstimmung zum Energiegesetz hat gezeigt, in welche Richtung der Wind weht. Der Wertewandel hin zur Nachhaltigkeit geht jedoch weit \u00fcber Politik und Gesellschaft hinaus. Die Erkenntnis, dass nur langfristig \u00f6konomisch erfolgreich sein kann, wer das Prinzip der Nachhaltigkeit lebt, setzt sich zunehmend quer durch alle Wirtschaftsbranchen durch &#8211; ob im stetig wachsenden Biomarkt, [&hellip;]<\/p>\n","protected":false},"author":1,"featured_media":963,"comment_status":"open","ping_status":"open","sticky":false,"template":"","format":"standard","meta":{"_acf_changed":false,"_yoast_wpseo_focuskw":"Umweltwirtschaft","_yoast_wpseo_metadesc":"Der Branchenf\u00fchrer Umweltwirtschaft 2017 bietet erstmals einen \u00dcberblick \u00fcber die Akteure der Umwelt- und Cleantechbranche in der Schweiz","articlekey":"","footnotes":""},"categories":[580],"tags":[358,2351],"class_list":["post-10005","post","type-post","status-publish","format-standard","has-post-thumbnail","hentry","category-sustainability","tag-nachhaltige-wirtschaft","tag-umwelt"],"acf":[],"yoast_head":"<!-- This site is optimized with the Yoast SEO plugin v27.4 - https:\/\/yoast.com\/product\/yoast-seo-wordpress\/ -->\n<title>Branchenf\u00fchrer Umweltwirtschaft ver\u00f6ffentlicht - Organisator<\/title>\n<meta name=\"description\" content=\"Der Branchenf\u00fchrer Umweltwirtschaft 2017 bietet erstmals einen \u00dcberblick \u00fcber die Akteure der Umwelt- und Cleantechbranche in der Schweiz\" \/>\n<meta name=\"robots\" content=\"index, follow, max-snippet:-1, max-image-preview:large, max-video-preview:-1\" \/>\n<link rel=\"canonical\" href=\"https:\/\/www.organisator.ch\/it\/sostenibilita\/2017-06-07\/branchenfuehrer-umweltwirtschaft-veroeffentlicht\/\" \/>\n<meta property=\"og:locale\" content=\"it_IT\" \/>\n<meta property=\"og:type\" content=\"article\" \/>\n<meta property=\"og:title\" content=\"Branchenf\u00fchrer Umweltwirtschaft ver\u00f6ffentlicht - Organisator\" \/>\n<meta property=\"og:description\" content=\"Der Branchenf\u00fchrer Umweltwirtschaft 2017 bietet erstmals einen \u00dcberblick \u00fcber die Akteure der Umwelt- und Cleantechbranche in der Schweiz\" \/>\n<meta property=\"og:url\" content=\"https:\/\/www.organisator.ch\/it\/sostenibilita\/2017-06-07\/branchenfuehrer-umweltwirtschaft-veroeffentlicht\/\" \/>\n<meta property=\"og:site_name\" content=\"Organisator\" \/>\n<meta property=\"article:publisher\" content=\"https:\/\/www.facebook.com\/OrganisatorFachmagazin\" \/>\n<meta property=\"article:published_time\" content=\"2017-06-07T14:01:59+00:00\" \/>\n<meta property=\"article:modified_time\" content=\"2022-02-09T10:10:11+00:00\" \/>\n<meta property=\"og:image\" content=\"https:\/\/www.organisator.ch\/wp-content\/uploads\/2017\/06\/Branchenfuehrer.jpg\" \/>\n\t<meta property=\"og:image:width\" content=\"768\" \/>\n\t<meta property=\"og:image:height\" content=\"991\" \/>\n\t<meta property=\"og:image:type\" content=\"image\/jpeg\" \/>\n<meta name=\"author\" content=\"admin\" \/>\n<meta name=\"twitter:card\" content=\"summary_large_image\" \/>\n<script type=\"application\/ld+json\" class=\"yoast-schema-graph\">{\"@context\":\"https:\\\/\\\/schema.org\",\"@graph\":[{\"@type\":\"Article\",\"@id\":\"https:\\\/\\\/www.organisator.ch\\\/sustainability\\\/2017-06-07\\\/branchenfuehrer-umweltwirtschaft-veroeffentlicht\\\/#article\",\"isPartOf\":{\"@id\":\"https:\\\/\\\/www.organisator.ch\\\/sustainability\\\/2017-06-07\\\/branchenfuehrer-umweltwirtschaft-veroeffentlicht\\\/\"},\"author\":{\"name\":\"admin\",\"@id\":\"https:\\\/\\\/www.organisator.ch\\\/#\\\/schema\\\/person\\\/aa2bace6c5c5aad60102004a50c4eb1c\"},\"headline\":\"Branchenf\u00fchrer Umweltwirtschaft ver\u00f6ffentlicht\",\"datePublished\":\"2017-06-07T14:01:59+00:00\",\"dateModified\":\"2022-02-09T10:10:11+00:00\",\"mainEntityOfPage\":{\"@id\":\"https:\\\/\\\/www.organisator.ch\\\/sustainability\\\/2017-06-07\\\/branchenfuehrer-umweltwirtschaft-veroeffentlicht\\\/\"},\"wordCount\":321,\"commentCount\":0,\"publisher\":{\"@id\":\"https:\\\/\\\/www.organisator.ch\\\/#organization\"},\"image\":{\"@id\":\"https:\\\/\\\/www.organisator.ch\\\/sustainability\\\/2017-06-07\\\/branchenfuehrer-umweltwirtschaft-veroeffentlicht\\\/#primaryimage\"},\"thumbnailUrl\":\"https:\\\/\\\/www.organisator.ch\\\/wp-content\\\/uploads\\\/2017\\\/06\\\/Branchenfuehrer.jpg\",\"keywords\":[\"Nachhaltige Wirtschaft\",\"Umwelt\"],\"articleSection\":[\"SUSTAINABILITY\"],\"inLanguage\":\"it-IT\"},{\"@type\":\"WebPage\",\"@id\":\"https:\\\/\\\/www.organisator.ch\\\/sustainability\\\/2017-06-07\\\/branchenfuehrer-umweltwirtschaft-veroeffentlicht\\\/\",\"url\":\"https:\\\/\\\/www.organisator.ch\\\/sustainability\\\/2017-06-07\\\/branchenfuehrer-umweltwirtschaft-veroeffentlicht\\\/\",\"name\":\"Branchenf\u00fchrer Umweltwirtschaft ver\u00f6ffentlicht - Organisator\",\"isPartOf\":{\"@id\":\"https:\\\/\\\/www.organisator.ch\\\/#website\"},\"primaryImageOfPage\":{\"@id\":\"https:\\\/\\\/www.organisator.ch\\\/sustainability\\\/2017-06-07\\\/branchenfuehrer-umweltwirtschaft-veroeffentlicht\\\/#primaryimage\"},\"image\":{\"@id\":\"https:\\\/\\\/www.organisator.ch\\\/sustainability\\\/2017-06-07\\\/branchenfuehrer-umweltwirtschaft-veroeffentlicht\\\/#primaryimage\"},\"thumbnailUrl\":\"https:\\\/\\\/www.organisator.ch\\\/wp-content\\\/uploads\\\/2017\\\/06\\\/Branchenfuehrer.jpg\",\"datePublished\":\"2017-06-07T14:01:59+00:00\",\"dateModified\":\"2022-02-09T10:10:11+00:00\",\"description\":\"Der Branchenf\u00fchrer Umweltwirtschaft 2017 bietet erstmals einen \u00dcberblick \u00fcber die Akteure der Umwelt- und Cleantechbranche in der Schweiz\",\"breadcrumb\":{\"@id\":\"https:\\\/\\\/www.organisator.ch\\\/sustainability\\\/2017-06-07\\\/branchenfuehrer-umweltwirtschaft-veroeffentlicht\\\/#breadcrumb\"},\"inLanguage\":\"it-IT\",\"potentialAction\":[{\"@type\":\"ReadAction\",\"target\":[\"https:\\\/\\\/www.organisator.ch\\\/sustainability\\\/2017-06-07\\\/branchenfuehrer-umweltwirtschaft-veroeffentlicht\\\/\"]}]},{\"@type\":\"ImageObject\",\"inLanguage\":\"it-IT\",\"@id\":\"https:\\\/\\\/www.organisator.ch\\\/sustainability\\\/2017-06-07\\\/branchenfuehrer-umweltwirtschaft-veroeffentlicht\\\/#primaryimage\",\"url\":\"https:\\\/\\\/www.organisator.ch\\\/wp-content\\\/uploads\\\/2017\\\/06\\\/Branchenfuehrer.jpg\",\"contentUrl\":\"https:\\\/\\\/www.organisator.ch\\\/wp-content\\\/uploads\\\/2017\\\/06\\\/Branchenfuehrer.jpg\",\"width\":768,\"height\":991,\"caption\":\"Der neue Branchenf\u00fchrer Umweltwirtschaft bietet ein \\\"Who is Who\\\" der Umweltbranche\"},{\"@type\":\"BreadcrumbList\",\"@id\":\"https:\\\/\\\/www.organisator.ch\\\/sustainability\\\/2017-06-07\\\/branchenfuehrer-umweltwirtschaft-veroeffentlicht\\\/#breadcrumb\",\"itemListElement\":[{\"@type\":\"ListItem\",\"position\":1,\"name\":\"Home\",\"item\":\"https:\\\/\\\/www.organisator.ch\\\/\"},{\"@type\":\"ListItem\",\"position\":2,\"name\":\"Branchenf\u00fchrer Umweltwirtschaft ver\u00f6ffentlicht\"}]},{\"@type\":\"WebSite\",\"@id\":\"https:\\\/\\\/www.organisator.ch\\\/#website\",\"url\":\"https:\\\/\\\/www.organisator.ch\\\/\",\"name\":\"Organisator\",\"description\":\"Kompetent. Praxisnah. Der ORGANISATOR bereitet in 10 Ausgaben pro Jahr die wesentlichen Themen f\u00fcr F\u00fchrungskr\u00e4fte von KMU auf.\",\"publisher\":{\"@id\":\"https:\\\/\\\/www.organisator.ch\\\/#organization\"},\"potentialAction\":[{\"@type\":\"SearchAction\",\"target\":{\"@type\":\"EntryPoint\",\"urlTemplate\":\"https:\\\/\\\/www.organisator.ch\\\/?s={search_term_string}\"},\"query-input\":{\"@type\":\"PropertyValueSpecification\",\"valueRequired\":true,\"valueName\":\"search_term_string\"}}],\"inLanguage\":\"it-IT\"},{\"@type\":\"Organization\",\"@id\":\"https:\\\/\\\/www.organisator.ch\\\/#organization\",\"name\":\"Organisator\",\"url\":\"https:\\\/\\\/www.organisator.ch\\\/\",\"logo\":{\"@type\":\"ImageObject\",\"inLanguage\":\"it-IT\",\"@id\":\"https:\\\/\\\/www.organisator.ch\\\/#\\\/schema\\\/logo\\\/image\\\/\",\"url\":\"https:\\\/\\\/www.organisator.ch\\\/wp-content\\\/uploads\\\/2022\\\/01\\\/Logo_Organisator_Website.png\",\"contentUrl\":\"https:\\\/\\\/www.organisator.ch\\\/wp-content\\\/uploads\\\/2022\\\/01\\\/Logo_Organisator_Website.png\",\"width\":800,\"height\":77,\"caption\":\"Organisator\"},\"image\":{\"@id\":\"https:\\\/\\\/www.organisator.ch\\\/#\\\/schema\\\/logo\\\/image\\\/\"},\"sameAs\":[\"https:\\\/\\\/www.facebook.com\\\/OrganisatorFachmagazin\",\"https:\\\/\\\/www.linkedin.com\\\/showcase\\\/organisator-das-magazin-fr-kmu\",\"https:\\\/\\\/www.xing.com\\\/news\\\/pages\\\/organisator-ch-695\",\"https:\\\/\\\/www.youtube.com\\\/channel\\\/UCGP2Sq0iWaZwT3BdIAQFYpw\"]},{\"@type\":\"Person\",\"@id\":\"https:\\\/\\\/www.organisator.ch\\\/#\\\/schema\\\/person\\\/aa2bace6c5c5aad60102004a50c4eb1c\",\"name\":\"admin\",\"image\":{\"@type\":\"ImageObject\",\"inLanguage\":\"it-IT\",\"@id\":\"https:\\\/\\\/secure.gravatar.com\\\/avatar\\\/ae2f4d718e6c49043e314ce431e7e645d646302a24a5ef5a8bc8e3f5a032e319?s=96&d=mm&r=g\",\"url\":\"https:\\\/\\\/secure.gravatar.com\\\/avatar\\\/ae2f4d718e6c49043e314ce431e7e645d646302a24a5ef5a8bc8e3f5a032e319?s=96&d=mm&r=g\",\"contentUrl\":\"https:\\\/\\\/secure.gravatar.com\\\/avatar\\\/ae2f4d718e6c49043e314ce431e7e645d646302a24a5ef5a8bc8e3f5a032e319?s=96&d=mm&r=g\",\"caption\":\"admin\"},\"sameAs\":[\"https:\\\/\\\/www.organisator.ch\"],\"url\":\"https:\\\/\\\/www.organisator.ch\\\/it\\\/author\\\/admin\\\/\"}]}<\/script>\n<!-- \/ Yoast SEO plugin. -->","yoast_head_json":{"title":"Pubblicata la guida dell'industria ambientale - Organizzatore","description":"La Environmental Business Sector Guide 2017 fornisce per la prima volta una panoramica degli attori del settore ambientale e cleantech in Svizzera","robots":{"index":"index","follow":"follow","max-snippet":"max-snippet:-1","max-image-preview":"max-image-preview:large","max-video-preview":"max-video-preview:-1"},"canonical":"https:\/\/www.organisator.ch\/it\/sostenibilita\/2017-06-07\/branchenfuehrer-umweltwirtschaft-veroeffentlicht\/","og_locale":"it_IT","og_type":"article","og_title":"Branchenf\u00fchrer Umweltwirtschaft ver\u00f6ffentlicht - Organisator","og_description":"Der Branchenf\u00fchrer Umweltwirtschaft 2017 bietet erstmals einen \u00dcberblick \u00fcber die Akteure der Umwelt- und Cleantechbranche in der Schweiz","og_url":"https:\/\/www.organisator.ch\/it\/sostenibilita\/2017-06-07\/branchenfuehrer-umweltwirtschaft-veroeffentlicht\/","og_site_name":"Organisator","article_publisher":"https:\/\/www.facebook.com\/OrganisatorFachmagazin","article_published_time":"2017-06-07T14:01:59+00:00","article_modified_time":"2022-02-09T10:10:11+00:00","og_image":[{"width":768,"height":991,"url":"https:\/\/www.organisator.ch\/wp-content\/uploads\/2017\/06\/Branchenfuehrer.jpg","type":"image\/jpeg"}],"author":"admin","twitter_card":"summary_large_image","schema":{"@context":"https:\/\/schema.org","@graph":[{"@type":"Article","@id":"https:\/\/www.organisator.ch\/sustainability\/2017-06-07\/branchenfuehrer-umweltwirtschaft-veroeffentlicht\/#article","isPartOf":{"@id":"https:\/\/www.organisator.ch\/sustainability\/2017-06-07\/branchenfuehrer-umweltwirtschaft-veroeffentlicht\/"},"author":{"name":"admin","@id":"https:\/\/www.organisator.ch\/#\/schema\/person\/aa2bace6c5c5aad60102004a50c4eb1c"},"headline":"Branchenf\u00fchrer Umweltwirtschaft ver\u00f6ffentlicht","datePublished":"2017-06-07T14:01:59+00:00","dateModified":"2022-02-09T10:10:11+00:00","mainEntityOfPage":{"@id":"https:\/\/www.organisator.ch\/sustainability\/2017-06-07\/branchenfuehrer-umweltwirtschaft-veroeffentlicht\/"},"wordCount":321,"commentCount":0,"publisher":{"@id":"https:\/\/www.organisator.ch\/#organization"},"image":{"@id":"https:\/\/www.organisator.ch\/sustainability\/2017-06-07\/branchenfuehrer-umweltwirtschaft-veroeffentlicht\/#primaryimage"},"thumbnailUrl":"https:\/\/www.organisator.ch\/wp-content\/uploads\/2017\/06\/Branchenfuehrer.jpg","keywords":["Nachhaltige Wirtschaft","Umwelt"],"articleSection":["SUSTAINABILITY"],"inLanguage":"it-IT"},{"@type":"WebPage","@id":"https:\/\/www.organisator.ch\/sustainability\/2017-06-07\/branchenfuehrer-umweltwirtschaft-veroeffentlicht\/","url":"https:\/\/www.organisator.ch\/sustainability\/2017-06-07\/branchenfuehrer-umweltwirtschaft-veroeffentlicht\/","name":"Pubblicata la guida dell'industria ambientale - Organizzatore","isPartOf":{"@id":"https:\/\/www.organisator.ch\/#website"},"primaryImageOfPage":{"@id":"https:\/\/www.organisator.ch\/sustainability\/2017-06-07\/branchenfuehrer-umweltwirtschaft-veroeffentlicht\/#primaryimage"},"image":{"@id":"https:\/\/www.organisator.ch\/sustainability\/2017-06-07\/branchenfuehrer-umweltwirtschaft-veroeffentlicht\/#primaryimage"},"thumbnailUrl":"https:\/\/www.organisator.ch\/wp-content\/uploads\/2017\/06\/Branchenfuehrer.jpg","datePublished":"2017-06-07T14:01:59+00:00","dateModified":"2022-02-09T10:10:11+00:00","description":"La Environmental Business Sector Guide 2017 fornisce per la prima volta una panoramica degli attori del settore ambientale e cleantech in Svizzera","breadcrumb":{"@id":"https:\/\/www.organisator.ch\/sustainability\/2017-06-07\/branchenfuehrer-umweltwirtschaft-veroeffentlicht\/#breadcrumb"},"inLanguage":"it-IT","potentialAction":[{"@type":"ReadAction","target":["https:\/\/www.organisator.ch\/sustainability\/2017-06-07\/branchenfuehrer-umweltwirtschaft-veroeffentlicht\/"]}]},{"@type":"ImageObject","inLanguage":"it-IT","@id":"https:\/\/www.organisator.ch\/sustainability\/2017-06-07\/branchenfuehrer-umweltwirtschaft-veroeffentlicht\/#primaryimage","url":"https:\/\/www.organisator.ch\/wp-content\/uploads\/2017\/06\/Branchenfuehrer.jpg","contentUrl":"https:\/\/www.organisator.ch\/wp-content\/uploads\/2017\/06\/Branchenfuehrer.jpg","width":768,"height":991,"caption":"Der neue Branchenf\u00fchrer Umweltwirtschaft bietet ein \"Who is Who\" der Umweltbranche"},{"@type":"BreadcrumbList","@id":"https:\/\/www.organisator.ch\/sustainability\/2017-06-07\/branchenfuehrer-umweltwirtschaft-veroeffentlicht\/#breadcrumb","itemListElement":[{"@type":"ListItem","position":1,"name":"Home","item":"https:\/\/www.organisator.ch\/"},{"@type":"ListItem","position":2,"name":"Branchenf\u00fchrer Umweltwirtschaft ver\u00f6ffentlicht"}]},{"@type":"WebSite","@id":"https:\/\/www.organisator.ch\/#website","url":"https:\/\/www.organisator.ch\/","name":"Organizzatore","description":"Competente. Pratico. In 10 numeri all'anno, ORGANISATOR presenta i temi essenziali per i manager delle PMI.","publisher":{"@id":"https:\/\/www.organisator.ch\/#organization"},"potentialAction":[{"@type":"SearchAction","target":{"@type":"EntryPoint","urlTemplate":"https:\/\/www.organisator.ch\/?s={search_term_string}"},"query-input":{"@type":"PropertyValueSpecification","valueRequired":true,"valueName":"search_term_string"}}],"inLanguage":"it-IT"},{"@type":"Organization","@id":"https:\/\/www.organisator.ch\/#organization","name":"Organizzatore","url":"https:\/\/www.organisator.ch\/","logo":{"@type":"ImageObject","inLanguage":"it-IT","@id":"https:\/\/www.organisator.ch\/#\/schema\/logo\/image\/","url":"https:\/\/www.organisator.ch\/wp-content\/uploads\/2022\/01\/Logo_Organisator_Website.png","contentUrl":"https:\/\/www.organisator.ch\/wp-content\/uploads\/2022\/01\/Logo_Organisator_Website.png","width":800,"height":77,"caption":"Organisator"},"image":{"@id":"https:\/\/www.organisator.ch\/#\/schema\/logo\/image\/"},"sameAs":["https:\/\/www.facebook.com\/OrganisatorFachmagazin","https:\/\/www.linkedin.com\/showcase\/organisator-das-magazin-fr-kmu","https:\/\/www.xing.com\/news\/pages\/organisator-ch-695","https:\/\/www.youtube.com\/channel\/UCGP2Sq0iWaZwT3BdIAQFYpw"]},{"@type":"Person","@id":"https:\/\/www.organisator.ch\/#\/schema\/person\/aa2bace6c5c5aad60102004a50c4eb1c","name":"amministratore","image":{"@type":"ImageObject","inLanguage":"it-IT","@id":"https:\/\/secure.gravatar.com\/avatar\/ae2f4d718e6c49043e314ce431e7e645d646302a24a5ef5a8bc8e3f5a032e319?s=96&d=mm&r=g","url":"https:\/\/secure.gravatar.com\/avatar\/ae2f4d718e6c49043e314ce431e7e645d646302a24a5ef5a8bc8e3f5a032e319?s=96&d=mm&r=g","contentUrl":"https:\/\/secure.gravatar.com\/avatar\/ae2f4d718e6c49043e314ce431e7e645d646302a24a5ef5a8bc8e3f5a032e319?s=96&d=mm&r=g","caption":"admin"},"sameAs":["https:\/\/www.organisator.ch"],"url":"https:\/\/www.organisator.ch\/it\/author\/admin\/"}]}},"_links":{"self":[{"href":"https:\/\/www.organisator.ch\/it\/wp-json\/wp\/v2\/posts\/10005","targetHints":{"allow":["GET"]}}],"collection":[{"href":"https:\/\/www.organisator.ch\/it\/wp-json\/wp\/v2\/posts"}],"about":[{"href":"https:\/\/www.organisator.ch\/it\/wp-json\/wp\/v2\/types\/post"}],"author":[{"embeddable":true,"href":"https:\/\/www.organisator.ch\/it\/wp-json\/wp\/v2\/users\/1"}],"replies":[{"embeddable":true,"href":"https:\/\/www.organisator.ch\/it\/wp-json\/wp\/v2\/comments?post=10005"}],"version-history":[{"count":1,"href":"https:\/\/www.organisator.ch\/it\/wp-json\/wp\/v2\/posts\/10005\/revisions"}],"predecessor-version":[{"id":10937,"href":"https:\/\/www.organisator.ch\/it\/wp-json\/wp\/v2\/posts\/10005\/revisions\/10937"}],"wp:featuredmedia":[{"embeddable":true,"href":"https:\/\/www.organisator.ch\/it\/wp-json\/wp\/v2\/media\/963"}],"wp:attachment":[{"href":"https:\/\/www.organisator.ch\/it\/wp-json\/wp\/v2\/media?parent=10005"}],"wp:term":[{"taxonomy":"category","embeddable":true,"href":"https:\/\/www.organisator.ch\/it\/wp-json\/wp\/v2\/categories?post=10005"},{"taxonomy":"post_tag","embeddable":true,"href":"https:\/\/www.organisator.ch\/it\/wp-json\/wp\/v2\/tags?post=10005"}],"curies":[{"name":"wp","href":"https:\/\/api.w.org\/{rel}","templated":true}]}}