{"id":10011,"date":"2017-05-16T16:08:47","date_gmt":"2017-05-16T14:08:47","guid":{"rendered":"https:\/\/www.umweltperspektiven.ch\/?p=1004"},"modified":"2017-05-16T16:08:47","modified_gmt":"2017-05-16T14:08:47","slug":"wir-verbringen-1-5-stunden-im-verkehr-pro-tag","status":"publish","type":"post","link":"https:\/\/www.organisator.ch\/it\/allgemein\/2017-05-16\/wir-verbringen-1-5-stunden-im-verkehr-pro-tag\/","title":{"rendered":"Passiamo 1,5 ore nel traffico - al giorno"},"content":{"rendered":"<p>La mobilit\u00e0 interna della popolazione \u00e8 rimasta quasi stabile negli ultimi anni: In media, ogni abitante dai 6 anni in su ha percorso 36,8 chilometri al giorno nel 2015, praticamente lo stesso del 2010, ma negli ultimi due decenni (dal 1994) si osserva un aumento di 5,5 chilometri o del 18%. Il tempo di viaggio giornaliero (tempo di viaggio) \u00e8 leggermente diminuito tra il 2010 e il 2015, vale a dire di 1,3 minuti a 90,4 minuti per persona. Questo \u00e8 il risultato del \"Microcensimento mobilit\u00e0 e trasporti\", un'indagine condotta congiuntamente dall'Ufficio federale di statistica (UST) e dall'Ufficio federale dello sviluppo territoriale (ARE).<\/p>\n<h3>L'auto \u00e8 in testa, il treno la raggiunge<\/h3>\n<p>Quasi due terzi delle distanze domestiche giornaliere, cio\u00e8 23,8 chilometri, sono coperti in auto, e un quinto (7,5 km) in treno. Le quote degli spostamenti a piedi (5 per cento) e del trasporto pubblico su strada (4 per cento) sono significativamente inferiori. Tuttavia, se si considera il tempo di viaggio invece della distanza, la quota di viaggio a piedi aumenta a pi\u00f9 di un terzo (36%), mentre le quote di viaggio in auto e in treno diminuiscono significativamente (a 41% e 8%, rispettivamente). In media, gli abitanti della Svizzera passano mezz'ora al giorno a piedi.<\/p>\n<p>Rispetto al 2010, il numero di chilometri di auto per persona al giorno e il tasso di occupazione delle autovetture sono rimasti quasi stabili. Il fatto che il traffico stradale sia comunque aumentato negli ultimi anni \u00e8 dovuto principalmente alla crescita della popolazione. La distanza percorsa per persona e al giorno in treno \u00e8 aumentata del 6% tra il 2010 e il 2015, e di pi\u00f9 di tre quarti dal 1994 - un aumento che \u00e8 principalmente legato all'espansione dei servizi e delle infrastrutture. La crescente importanza della ferrovia spiega anche in parte la suddetta riduzione del tempo di viaggio giornaliero.<\/p>\n<h3>Le distanze sono pi\u00f9 brevi negli agglomerati<\/h3>\n<p>La lunghezza della distanza giornaliera percorsa varia a seconda del gruppo di popolazione. Per esempio, le distanze giornaliere degli uomini sono in media circa un terzo pi\u00f9 lunghe di quelle delle donne. Tra i diversi gruppi di et\u00e0, i giovani adulti tra i 18 e i 24 anni mostrano le distanze pi\u00f9 lunghe con 48 chilometri.<\/p>\n<p>Inoltre, anche il luogo di residenza influenza la mobilit\u00e0: con 34,8 chilometri per persona al giorno, i residenti degli agglomerati coprono distanze significativamente pi\u00f9 brevi rispetto alla popolazione delle altre parti del paese (42,5 km). Inoltre, usano meno l'auto e pi\u00f9 spesso il trasporto pubblico. Tra gli abitanti dei dieci agglomerati pi\u00f9 popolosi, quelli che vivono a Berna e Winterthur hanno le quote di distanza del trasporto pubblico pi\u00f9 alte (rispettivamente 34% e 33%). In termini di passeggiate, Ginevra e San Gallo sono al top con quote dell'8 per cento ciascuna. Negli ultimi anni, le quote del trasporto pubblico e del traffico non motorizzato negli agglomerati sono cresciute. Tra l'altro, i programmi di agglomerazione cofinanziati dal governo federale hanno probabilmente contribuito a questo.<\/p>\n<h3>Il traffico del tempo libero domina - anche nei giorni feriali<\/h3>\n<p>Lo scopo di trasporto di gran lunga pi\u00f9 importante \u00e8 e rimane il tempo libero. Circa il 44% delle distanze giornaliere all'interno del paese sono percorse in relazione alle attivit\u00e0 del tempo libero. Questo \u00e8 seguito dai viaggi di lavoro con una quota del 24% e dai viaggi di shopping con il 13%. Il tempo libero rimane di gran lunga lo scopo di trasporto pi\u00f9 importante anche se si considerano solo i giorni dal luned\u00ec al venerd\u00ec.<\/p>\n<h3>Gli abitanti della Svizzera volano per 9000 chilometri a persona all'anno<\/h3>\n<p>Se si sommano tutte le distanze che la popolazione residente in Svizzera ha percorso per persona nel corso del 2015, il risultato \u00e8 una distanza media di 24\u2033850 chilometri - pi\u00f9 di mezza circumnavigazione del globo. Oltre alle distanze giornaliere nazionali considerate finora, nella mobilit\u00e0 annuale sono inclusi anche tutti i viaggi e tutte le distanze percorse all'estero. Le distanze percorse all'estero sono aumentate notevolmente negli ultimi anni. Nel 2015, ammontavano a un totale di 11\u2033100 km per persona, che corrispondeva a una quota del 45% della mobilit\u00e0 annuale. Pi\u00f9 di un terzo della mobilit\u00e0 annuale, vale a dire 9000 km, \u00e8 stato rappresentato dal viaggio aereo.<\/p>\n<h3>Presto una famiglia su dieci possieder\u00e0 una e-bike<\/h3>\n<p>Pi\u00f9 di tre quarti (78%) delle famiglie possedevano almeno una macchina nel 2015, il 65% possedeva una bicicletta. Rispetto al 2010, la propriet\u00e0 dell'auto \u00e8 diminuita di 1 punto percentuale e la propriet\u00e0 della bicicletta di 3 punti percentuali. Allo stesso tempo, la quota di famiglie con biciclette elettriche \u00e8 triplicata da un livello basso: da un buon 2 per cento al 7 per cento. Rispetto alle biciclette, le e-bike sono usate pi\u00f9 per il pendolarismo e meno per il tempo libero. In media, viaggiano un quarto pi\u00f9 velocemente delle biciclette (17 km\/h contro 13 km\/h) e sono utilizzati per viaggi individuali pi\u00f9 lunghi (4,4 km contro 3,3 km).<\/p>\n<h3>Fondamenti per la politica spaziale e dei trasporti<\/h3>\n<p>I dati raccolti nell'ambito del \"Microcensus Mobility and Transport\" servono come base statistica per la preparazione e la convalida di misure politiche e per analisi approfondite del comportamento e dello sviluppo dei trasporti.<\/p>\n<p>Fonte: Ufficio federale di statistica<\/p>","protected":false},"excerpt":{"rendered":"<p>Die Inlandmobilit\u00e4t der Bev\u00f6lkerung ist in den letzten Jahren nahezu stabil geblieben: Durchschnittlich 36,8 Kilometer legte 2015 jede Einwohnerin und jeder Einwohner ab 6 Jahren t\u00e4glich zur\u00fcck, praktisch gleich viel wie schon 2010. \u00dcber die zwei vergangenen Jahrzehnte (seit 1994) kann jedoch ein Anstieg um 5,5 km beziehungsweise 18 Prozent festgestellt werden. Die t\u00e4gliche Unterwegszeit [&hellip;]<\/p>\n","protected":false},"author":1,"featured_media":9498,"comment_status":"open","ping_status":"open","sticky":false,"template":"","format":"standard","meta":{"_acf_changed":false,"_yoast_wpseo_focuskw":"Verkehr","_yoast_wpseo_metadesc":"Die Schweizer Wohnbev\u00f6lkerung legte 2015 im Inland pro Person und Tag durchschnittlich 36,8 Kilometer zur\u00fcck und brauchte dazu 90,4 Minuten.","articlekey":"","footnotes":""},"categories":[1],"tags":[1714,2454],"class_list":["post-10011","post","type-post","status-publish","format-standard","has-post-thumbnail","hentry","category-allgemein","tag-mikrozensus","tag-verkehr"],"acf":[],"yoast_head":"<!-- This site is optimized with the Yoast SEO plugin v27.5 - https:\/\/yoast.com\/product\/yoast-seo-wordpress\/ -->\n<title>Wir verbringen 1.5 Stunden im Verkehr - pro Tag - Organisator<\/title>\n<meta name=\"description\" content=\"Die Schweizer Wohnbev\u00f6lkerung legte 2015 im Inland pro Person und Tag durchschnittlich 36,8 Kilometer zur\u00fcck und brauchte dazu 90,4 Minuten.\" \/>\n<meta name=\"robots\" content=\"index, follow, max-snippet:-1, max-image-preview:large, max-video-preview:-1\" \/>\n<link rel=\"canonical\" href=\"https:\/\/www.organisator.ch\/it\/generale\/2017-05-16\/wir-verbringen-1-5-stunden-im-verkehr-pro-tag\/\" \/>\n<meta property=\"og:locale\" content=\"it_IT\" \/>\n<meta property=\"og:type\" content=\"article\" \/>\n<meta property=\"og:title\" content=\"Wir verbringen 1.5 Stunden im Verkehr - pro Tag - Organisator\" \/>\n<meta property=\"og:description\" content=\"Die Schweizer Wohnbev\u00f6lkerung legte 2015 im Inland pro Person und Tag durchschnittlich 36,8 Kilometer zur\u00fcck und brauchte dazu 90,4 Minuten.\" \/>\n<meta property=\"og:url\" content=\"https:\/\/www.organisator.ch\/it\/generale\/2017-05-16\/wir-verbringen-1-5-stunden-im-verkehr-pro-tag\/\" \/>\n<meta property=\"og:site_name\" content=\"Organisator\" \/>\n<meta property=\"article:publisher\" content=\"https:\/\/www.facebook.com\/OrganisatorFachmagazin\" \/>\n<meta property=\"article:published_time\" content=\"2017-05-16T14:08:47+00:00\" \/>\n<meta property=\"og:image\" content=\"https:\/\/www.organisator.ch\/wp-content\/uploads\/2017\/06\/Depositphotos_126290944_l-2015-1024x683.jpg\" \/>\n\t<meta property=\"og:image:width\" content=\"1024\" \/>\n\t<meta property=\"og:image:height\" content=\"683\" \/>\n\t<meta property=\"og:image:type\" content=\"image\/jpeg\" \/>\n<meta name=\"author\" content=\"admin\" \/>\n<meta name=\"twitter:card\" content=\"summary_large_image\" \/>\n<script type=\"application\/ld+json\" class=\"yoast-schema-graph\">{\"@context\":\"https:\\\/\\\/schema.org\",\"@graph\":[{\"@type\":\"Article\",\"@id\":\"https:\\\/\\\/www.organisator.ch\\\/de\\\/allgemein\\\/2017-05-16\\\/wir-verbringen-1-5-stunden-im-verkehr-pro-tag\\\/#article\",\"isPartOf\":{\"@id\":\"https:\\\/\\\/www.organisator.ch\\\/de\\\/allgemein\\\/2017-05-16\\\/wir-verbringen-1-5-stunden-im-verkehr-pro-tag\\\/\"},\"author\":{\"name\":\"admin\",\"@id\":\"https:\\\/\\\/www.organisator.ch\\\/#\\\/schema\\\/person\\\/aa2bace6c5c5aad60102004a50c4eb1c\"},\"headline\":\"Wir verbringen 1.5 Stunden im Verkehr &#8211; pro Tag\",\"datePublished\":\"2017-05-16T14:08:47+00:00\",\"mainEntityOfPage\":{\"@id\":\"https:\\\/\\\/www.organisator.ch\\\/de\\\/allgemein\\\/2017-05-16\\\/wir-verbringen-1-5-stunden-im-verkehr-pro-tag\\\/\"},\"wordCount\":785,\"commentCount\":0,\"publisher\":{\"@id\":\"https:\\\/\\\/www.organisator.ch\\\/#organization\"},\"image\":{\"@id\":\"https:\\\/\\\/www.organisator.ch\\\/de\\\/allgemein\\\/2017-05-16\\\/wir-verbringen-1-5-stunden-im-verkehr-pro-tag\\\/#primaryimage\"},\"thumbnailUrl\":\"https:\\\/\\\/www.organisator.ch\\\/wp-content\\\/uploads\\\/2017\\\/06\\\/Depositphotos_126290944_l-2015.jpg\",\"keywords\":[\"Mikrozensus\",\"Verkehr\"],\"articleSection\":[\"Allgemein\"],\"inLanguage\":\"it-IT\"},{\"@type\":\"WebPage\",\"@id\":\"https:\\\/\\\/www.organisator.ch\\\/de\\\/allgemein\\\/2017-05-16\\\/wir-verbringen-1-5-stunden-im-verkehr-pro-tag\\\/\",\"url\":\"https:\\\/\\\/www.organisator.ch\\\/de\\\/allgemein\\\/2017-05-16\\\/wir-verbringen-1-5-stunden-im-verkehr-pro-tag\\\/\",\"name\":\"Wir verbringen 1.5 Stunden im Verkehr - pro Tag - Organisator\",\"isPartOf\":{\"@id\":\"https:\\\/\\\/www.organisator.ch\\\/#website\"},\"primaryImageOfPage\":{\"@id\":\"https:\\\/\\\/www.organisator.ch\\\/de\\\/allgemein\\\/2017-05-16\\\/wir-verbringen-1-5-stunden-im-verkehr-pro-tag\\\/#primaryimage\"},\"image\":{\"@id\":\"https:\\\/\\\/www.organisator.ch\\\/de\\\/allgemein\\\/2017-05-16\\\/wir-verbringen-1-5-stunden-im-verkehr-pro-tag\\\/#primaryimage\"},\"thumbnailUrl\":\"https:\\\/\\\/www.organisator.ch\\\/wp-content\\\/uploads\\\/2017\\\/06\\\/Depositphotos_126290944_l-2015.jpg\",\"datePublished\":\"2017-05-16T14:08:47+00:00\",\"description\":\"Die Schweizer Wohnbev\u00f6lkerung legte 2015 im Inland pro Person und Tag durchschnittlich 36,8 Kilometer zur\u00fcck und brauchte dazu 90,4 Minuten.\",\"breadcrumb\":{\"@id\":\"https:\\\/\\\/www.organisator.ch\\\/de\\\/allgemein\\\/2017-05-16\\\/wir-verbringen-1-5-stunden-im-verkehr-pro-tag\\\/#breadcrumb\"},\"inLanguage\":\"it-IT\",\"potentialAction\":[{\"@type\":\"ReadAction\",\"target\":[\"https:\\\/\\\/www.organisator.ch\\\/de\\\/allgemein\\\/2017-05-16\\\/wir-verbringen-1-5-stunden-im-verkehr-pro-tag\\\/\"]}]},{\"@type\":\"ImageObject\",\"inLanguage\":\"it-IT\",\"@id\":\"https:\\\/\\\/www.organisator.ch\\\/de\\\/allgemein\\\/2017-05-16\\\/wir-verbringen-1-5-stunden-im-verkehr-pro-tag\\\/#primaryimage\",\"url\":\"https:\\\/\\\/www.organisator.ch\\\/wp-content\\\/uploads\\\/2017\\\/06\\\/Depositphotos_126290944_l-2015.jpg\",\"contentUrl\":\"https:\\\/\\\/www.organisator.ch\\\/wp-content\\\/uploads\\\/2017\\\/06\\\/Depositphotos_126290944_l-2015.jpg\",\"width\":1999,\"height\":1333,\"caption\":\"Immer mehr Kilometer werden mit der Bahn zur\u00fcckgelegt\"},{\"@type\":\"BreadcrumbList\",\"@id\":\"https:\\\/\\\/www.organisator.ch\\\/de\\\/allgemein\\\/2017-05-16\\\/wir-verbringen-1-5-stunden-im-verkehr-pro-tag\\\/#breadcrumb\",\"itemListElement\":[{\"@type\":\"ListItem\",\"position\":1,\"name\":\"Home\",\"item\":\"https:\\\/\\\/www.organisator.ch\\\/\"},{\"@type\":\"ListItem\",\"position\":2,\"name\":\"Wir verbringen 1.5 Stunden im Verkehr &#8211; pro Tag\"}]},{\"@type\":\"WebSite\",\"@id\":\"https:\\\/\\\/www.organisator.ch\\\/#website\",\"url\":\"https:\\\/\\\/www.organisator.ch\\\/\",\"name\":\"Organisator\",\"description\":\"Kompetent. Praxisnah. Der ORGANISATOR bereitet in 10 Ausgaben pro Jahr die wesentlichen Themen f\u00fcr F\u00fchrungskr\u00e4fte von KMU auf.\",\"publisher\":{\"@id\":\"https:\\\/\\\/www.organisator.ch\\\/#organization\"},\"potentialAction\":[{\"@type\":\"SearchAction\",\"target\":{\"@type\":\"EntryPoint\",\"urlTemplate\":\"https:\\\/\\\/www.organisator.ch\\\/?s={search_term_string}\"},\"query-input\":{\"@type\":\"PropertyValueSpecification\",\"valueRequired\":true,\"valueName\":\"search_term_string\"}}],\"inLanguage\":\"it-IT\"},{\"@type\":\"Organization\",\"@id\":\"https:\\\/\\\/www.organisator.ch\\\/#organization\",\"name\":\"Organisator\",\"url\":\"https:\\\/\\\/www.organisator.ch\\\/\",\"logo\":{\"@type\":\"ImageObject\",\"inLanguage\":\"it-IT\",\"@id\":\"https:\\\/\\\/www.organisator.ch\\\/#\\\/schema\\\/logo\\\/image\\\/\",\"url\":\"https:\\\/\\\/www.organisator.ch\\\/wp-content\\\/uploads\\\/2022\\\/01\\\/Logo_Organisator_Website.png\",\"contentUrl\":\"https:\\\/\\\/www.organisator.ch\\\/wp-content\\\/uploads\\\/2022\\\/01\\\/Logo_Organisator_Website.png\",\"width\":800,\"height\":77,\"caption\":\"Organisator\"},\"image\":{\"@id\":\"https:\\\/\\\/www.organisator.ch\\\/#\\\/schema\\\/logo\\\/image\\\/\"},\"sameAs\":[\"https:\\\/\\\/www.facebook.com\\\/OrganisatorFachmagazin\",\"https:\\\/\\\/www.linkedin.com\\\/showcase\\\/organisator-das-magazin-fr-kmu\",\"https:\\\/\\\/www.xing.com\\\/news\\\/pages\\\/organisator-ch-695\",\"https:\\\/\\\/www.youtube.com\\\/channel\\\/UCGP2Sq0iWaZwT3BdIAQFYpw\"]},{\"@type\":\"Person\",\"@id\":\"https:\\\/\\\/www.organisator.ch\\\/#\\\/schema\\\/person\\\/aa2bace6c5c5aad60102004a50c4eb1c\",\"name\":\"admin\",\"image\":{\"@type\":\"ImageObject\",\"inLanguage\":\"it-IT\",\"@id\":\"https:\\\/\\\/secure.gravatar.com\\\/avatar\\\/ae2f4d718e6c49043e314ce431e7e645d646302a24a5ef5a8bc8e3f5a032e319?s=96&d=mm&r=g\",\"url\":\"https:\\\/\\\/secure.gravatar.com\\\/avatar\\\/ae2f4d718e6c49043e314ce431e7e645d646302a24a5ef5a8bc8e3f5a032e319?s=96&d=mm&r=g\",\"contentUrl\":\"https:\\\/\\\/secure.gravatar.com\\\/avatar\\\/ae2f4d718e6c49043e314ce431e7e645d646302a24a5ef5a8bc8e3f5a032e319?s=96&d=mm&r=g\",\"caption\":\"admin\"},\"sameAs\":[\"https:\\\/\\\/www.organisator.ch\"],\"url\":\"https:\\\/\\\/www.organisator.ch\\\/it\\\/author\\\/admin\\\/\"}]}<\/script>\n<!-- \/ Yoast SEO plugin. -->","yoast_head_json":{"title":"Passiamo 1,5 ore nel traffico - al giorno - Organizzatore","description":"Nel 2015, la popolazione residente in Svizzera ha percorso in media 36,8 chilometri per persona e giorno all'interno del Paese, impiegando 90,4 minuti per farlo.","robots":{"index":"index","follow":"follow","max-snippet":"max-snippet:-1","max-image-preview":"max-image-preview:large","max-video-preview":"max-video-preview:-1"},"canonical":"https:\/\/www.organisator.ch\/it\/generale\/2017-05-16\/wir-verbringen-1-5-stunden-im-verkehr-pro-tag\/","og_locale":"it_IT","og_type":"article","og_title":"Wir verbringen 1.5 Stunden im Verkehr - pro Tag - Organisator","og_description":"Die Schweizer Wohnbev\u00f6lkerung legte 2015 im Inland pro Person und Tag durchschnittlich 36,8 Kilometer zur\u00fcck und brauchte dazu 90,4 Minuten.","og_url":"https:\/\/www.organisator.ch\/it\/generale\/2017-05-16\/wir-verbringen-1-5-stunden-im-verkehr-pro-tag\/","og_site_name":"Organisator","article_publisher":"https:\/\/www.facebook.com\/OrganisatorFachmagazin","article_published_time":"2017-05-16T14:08:47+00:00","og_image":[{"width":1024,"height":683,"url":"https:\/\/www.organisator.ch\/wp-content\/uploads\/2017\/06\/Depositphotos_126290944_l-2015-1024x683.jpg","type":"image\/jpeg"}],"author":"admin","twitter_card":"summary_large_image","schema":{"@context":"https:\/\/schema.org","@graph":[{"@type":"Article","@id":"https:\/\/www.organisator.ch\/de\/allgemein\/2017-05-16\/wir-verbringen-1-5-stunden-im-verkehr-pro-tag\/#article","isPartOf":{"@id":"https:\/\/www.organisator.ch\/de\/allgemein\/2017-05-16\/wir-verbringen-1-5-stunden-im-verkehr-pro-tag\/"},"author":{"name":"admin","@id":"https:\/\/www.organisator.ch\/#\/schema\/person\/aa2bace6c5c5aad60102004a50c4eb1c"},"headline":"Wir verbringen 1.5 Stunden im Verkehr &#8211; pro Tag","datePublished":"2017-05-16T14:08:47+00:00","mainEntityOfPage":{"@id":"https:\/\/www.organisator.ch\/de\/allgemein\/2017-05-16\/wir-verbringen-1-5-stunden-im-verkehr-pro-tag\/"},"wordCount":785,"commentCount":0,"publisher":{"@id":"https:\/\/www.organisator.ch\/#organization"},"image":{"@id":"https:\/\/www.organisator.ch\/de\/allgemein\/2017-05-16\/wir-verbringen-1-5-stunden-im-verkehr-pro-tag\/#primaryimage"},"thumbnailUrl":"https:\/\/www.organisator.ch\/wp-content\/uploads\/2017\/06\/Depositphotos_126290944_l-2015.jpg","keywords":["Mikrozensus","Verkehr"],"articleSection":["Allgemein"],"inLanguage":"it-IT"},{"@type":"WebPage","@id":"https:\/\/www.organisator.ch\/de\/allgemein\/2017-05-16\/wir-verbringen-1-5-stunden-im-verkehr-pro-tag\/","url":"https:\/\/www.organisator.ch\/de\/allgemein\/2017-05-16\/wir-verbringen-1-5-stunden-im-verkehr-pro-tag\/","name":"Passiamo 1,5 ore nel traffico - al giorno - Organizzatore","isPartOf":{"@id":"https:\/\/www.organisator.ch\/#website"},"primaryImageOfPage":{"@id":"https:\/\/www.organisator.ch\/de\/allgemein\/2017-05-16\/wir-verbringen-1-5-stunden-im-verkehr-pro-tag\/#primaryimage"},"image":{"@id":"https:\/\/www.organisator.ch\/de\/allgemein\/2017-05-16\/wir-verbringen-1-5-stunden-im-verkehr-pro-tag\/#primaryimage"},"thumbnailUrl":"https:\/\/www.organisator.ch\/wp-content\/uploads\/2017\/06\/Depositphotos_126290944_l-2015.jpg","datePublished":"2017-05-16T14:08:47+00:00","description":"Nel 2015, la popolazione residente in Svizzera ha percorso in media 36,8 chilometri per persona e giorno all'interno del Paese, impiegando 90,4 minuti per farlo.","breadcrumb":{"@id":"https:\/\/www.organisator.ch\/de\/allgemein\/2017-05-16\/wir-verbringen-1-5-stunden-im-verkehr-pro-tag\/#breadcrumb"},"inLanguage":"it-IT","potentialAction":[{"@type":"ReadAction","target":["https:\/\/www.organisator.ch\/de\/allgemein\/2017-05-16\/wir-verbringen-1-5-stunden-im-verkehr-pro-tag\/"]}]},{"@type":"ImageObject","inLanguage":"it-IT","@id":"https:\/\/www.organisator.ch\/de\/allgemein\/2017-05-16\/wir-verbringen-1-5-stunden-im-verkehr-pro-tag\/#primaryimage","url":"https:\/\/www.organisator.ch\/wp-content\/uploads\/2017\/06\/Depositphotos_126290944_l-2015.jpg","contentUrl":"https:\/\/www.organisator.ch\/wp-content\/uploads\/2017\/06\/Depositphotos_126290944_l-2015.jpg","width":1999,"height":1333,"caption":"Immer mehr Kilometer werden mit der Bahn zur\u00fcckgelegt"},{"@type":"BreadcrumbList","@id":"https:\/\/www.organisator.ch\/de\/allgemein\/2017-05-16\/wir-verbringen-1-5-stunden-im-verkehr-pro-tag\/#breadcrumb","itemListElement":[{"@type":"ListItem","position":1,"name":"Home","item":"https:\/\/www.organisator.ch\/"},{"@type":"ListItem","position":2,"name":"Wir verbringen 1.5 Stunden im Verkehr &#8211; pro Tag"}]},{"@type":"WebSite","@id":"https:\/\/www.organisator.ch\/#website","url":"https:\/\/www.organisator.ch\/","name":"Organizzatore","description":"Competente. Pratico. In 10 numeri all'anno, ORGANISATOR presenta i temi essenziali per i manager delle PMI.","publisher":{"@id":"https:\/\/www.organisator.ch\/#organization"},"potentialAction":[{"@type":"SearchAction","target":{"@type":"EntryPoint","urlTemplate":"https:\/\/www.organisator.ch\/?s={search_term_string}"},"query-input":{"@type":"PropertyValueSpecification","valueRequired":true,"valueName":"search_term_string"}}],"inLanguage":"it-IT"},{"@type":"Organization","@id":"https:\/\/www.organisator.ch\/#organization","name":"Organizzatore","url":"https:\/\/www.organisator.ch\/","logo":{"@type":"ImageObject","inLanguage":"it-IT","@id":"https:\/\/www.organisator.ch\/#\/schema\/logo\/image\/","url":"https:\/\/www.organisator.ch\/wp-content\/uploads\/2022\/01\/Logo_Organisator_Website.png","contentUrl":"https:\/\/www.organisator.ch\/wp-content\/uploads\/2022\/01\/Logo_Organisator_Website.png","width":800,"height":77,"caption":"Organisator"},"image":{"@id":"https:\/\/www.organisator.ch\/#\/schema\/logo\/image\/"},"sameAs":["https:\/\/www.facebook.com\/OrganisatorFachmagazin","https:\/\/www.linkedin.com\/showcase\/organisator-das-magazin-fr-kmu","https:\/\/www.xing.com\/news\/pages\/organisator-ch-695","https:\/\/www.youtube.com\/channel\/UCGP2Sq0iWaZwT3BdIAQFYpw"]},{"@type":"Person","@id":"https:\/\/www.organisator.ch\/#\/schema\/person\/aa2bace6c5c5aad60102004a50c4eb1c","name":"amministratore","image":{"@type":"ImageObject","inLanguage":"it-IT","@id":"https:\/\/secure.gravatar.com\/avatar\/ae2f4d718e6c49043e314ce431e7e645d646302a24a5ef5a8bc8e3f5a032e319?s=96&d=mm&r=g","url":"https:\/\/secure.gravatar.com\/avatar\/ae2f4d718e6c49043e314ce431e7e645d646302a24a5ef5a8bc8e3f5a032e319?s=96&d=mm&r=g","contentUrl":"https:\/\/secure.gravatar.com\/avatar\/ae2f4d718e6c49043e314ce431e7e645d646302a24a5ef5a8bc8e3f5a032e319?s=96&d=mm&r=g","caption":"admin"},"sameAs":["https:\/\/www.organisator.ch"],"url":"https:\/\/www.organisator.ch\/it\/author\/admin\/"}]}},"_links":{"self":[{"href":"https:\/\/www.organisator.ch\/it\/wp-json\/wp\/v2\/posts\/10011","targetHints":{"allow":["GET"]}}],"collection":[{"href":"https:\/\/www.organisator.ch\/it\/wp-json\/wp\/v2\/posts"}],"about":[{"href":"https:\/\/www.organisator.ch\/it\/wp-json\/wp\/v2\/types\/post"}],"author":[{"embeddable":true,"href":"https:\/\/www.organisator.ch\/it\/wp-json\/wp\/v2\/users\/1"}],"replies":[{"embeddable":true,"href":"https:\/\/www.organisator.ch\/it\/wp-json\/wp\/v2\/comments?post=10011"}],"version-history":[{"count":0,"href":"https:\/\/www.organisator.ch\/it\/wp-json\/wp\/v2\/posts\/10011\/revisions"}],"wp:featuredmedia":[{"embeddable":true,"href":"https:\/\/www.organisator.ch\/it\/wp-json\/wp\/v2\/media\/9498"}],"wp:attachment":[{"href":"https:\/\/www.organisator.ch\/it\/wp-json\/wp\/v2\/media?parent=10011"}],"wp:term":[{"taxonomy":"category","embeddable":true,"href":"https:\/\/www.organisator.ch\/it\/wp-json\/wp\/v2\/categories?post=10011"},{"taxonomy":"post_tag","embeddable":true,"href":"https:\/\/www.organisator.ch\/it\/wp-json\/wp\/v2\/tags?post=10011"}],"curies":[{"name":"wp","href":"https:\/\/api.w.org\/{rel}","templated":true}]}}