{"id":10012,"date":"2017-06-22T14:55:40","date_gmt":"2017-06-22T12:55:40","guid":{"rendered":"https:\/\/www.umweltperspektiven.ch\/?p=1024"},"modified":"2022-02-09T11:06:20","modified_gmt":"2022-02-09T10:06:20","slug":"energieverbrauch-steigt","status":"publish","type":"post","link":"https:\/\/www.organisator.ch\/it\/sustainability\/2017-06-22\/energieverbrauch-steigt\/","title":{"rendered":"Il consumo di energia continua ad aumentare"},"content":{"rendered":"<figure id=\"attachment_1025\" aria-describedby=\"caption-attachment-1025\" style=\"width: 680px\" class=\"wp-caption alignnone\"><img loading=\"lazy\" decoding=\"async\" class=\"size-medium wp-image-1025\" src=\"\/\/www.umweltperspektiven.ch\/wp-content\/uploads\/2017\/06\/Depositphotos_7913861_l-2015.jpg\" alt=\"\" width=\"680\" height=\"453\" \/><figcaption id=\"caption-attachment-1025\" class=\"wp-caption-text\">Il clima fresco dell'anno scorso ha portato ad un aumento del consumo di energia per il riscaldamento.<\/figcaption><\/figure>\n<p>Secondo l'Ufficio federale dell'energia (UFE), l'aumento del consumo finale di energia di 1,9% rispetto all'anno precedente \u00e8 dovuto principalmente al clima un po' pi\u00f9 fresco del 2016. Il numero di gradi giorno di riscaldamento, un importante indicatore del consumo di energia per il riscaldamento, \u00e8 aumentato di 6,7% rispetto all'anno precedente. I fattori a lungo termine come la popolazione residente permanente (+1,1%), il prodotto interno lordo (+1,3%), la popolazione dei veicoli a motore (+1,6%) e lo stock di abitazioni (aumento, ma le cifre dettagliate non sono ancora disponibili) hanno anche contribuito al maggior consumo di energia. Mentre la crescita dei driver a lungo termine aumenta il consumo di energia, i miglioramenti dell'efficienza e gli effetti di sostituzione tendono ad avere un effetto frenante sulla crescita del consumo di energia. Le analisi annuali ex-post del consumo di energia saranno in grado di fornire ulteriori informazioni sui determinanti dello sviluppo del consumo di energia (pubblicazione nell'ottobre 2017).<\/p>\n<h2>Aumento del consumo di fonti di energia per il riscaldamento<\/h2>\n<p>Il consumo di olio da riscaldamento extra-light \u00e8 aumentato di 2,4% e quello di gas naturale di 3,8%. Il consumo di elettricit\u00e0 \u00e8 rimasto invariato e si \u00e8 attestato al livello dell'anno precedente (vedi comunicato stampa dell'UFE del 21 aprile 2017). Queste tre fonti di energia rappresentano pi\u00f9 della met\u00e0 del consumo finale di energia (2016: 53,8%).<\/p>\n<p>L'uso energetico dei rifiuti industriali \u00e8 aumentato di 5,9% (quota del consumo finale di energia 2016: 1,3%). Il consumo di carbone (-8,1%) e di olio combustibile pesante (-52,0%) \u00e8 diminuito, mentre quello di coke di petrolio (+122,5%) \u00e8 aumentato. La quota di queste tre fonti di energia nel consumo finale totale di energia \u00e8 bassa (&lt;1%).<\/p>\n<h2>Consumo di carburante leggermente aumentato<\/h2>\n<p>Il consumo totale di carburante \u00e8 aumentato leggermente rispetto all'anno precedente per la prima volta in tre anni (+0,4%). La tendenza a sostituire la benzina con il gasolio \u00e8 continuata senza sosta: le vendite di gasolio sono aumentate di 1,1%, il consumo di benzina \u00e8 diminuito di 3,1%. Le vendite di carburante per l'aviazione sono aumentate di 4,7%. I combustibili fossili rappresentano un buon terzo (34,2%) del consumo totale di energia finale.<\/p>\n<h2>Aumento del consumo anche per le energie rinnovabili<\/h2>\n<p>Il clima pi\u00f9 fresco ha anche influenzato il consumo di fonti di energia rinnovabile per il riscaldamento. Il consumo di legno energetico \u00e8 aumentato di 7,6%. Anche l'uso del calore ambientale con pompe di calore \u00e8 stato superiore di 10,6% rispetto all'anno precedente, cos\u00ec come il consumo di teleriscaldamento (+6,2%) e il riscaldamento solare (+3,8%). La quota di queste fonti di energia nel consumo finale totale di energia nel 2016 \u00e8 stata di 9,1% (energia legno: 4,6%, calore ambientale: 1,9%, teleriscaldamento: 2,3%, calore solare: 0,3%).<\/p>\n<p>L'uso diretto del biogas \u00e8 rimasto costante. Tenendo conto del biogas immesso nella rete del gas naturale (che \u00e8 statisticamente contabilizzato alla voce gas), c'\u00e8 un aumento del consumo di biogas di 5,8%. Il biogas iniettato ha rappresentato 0,9% del consumo totale di gas nel 2016.<\/p>\n<p>Il consumo di combustibili biogenici \u00e8 di nuovo aumentato significativamente rispetto all'anno precedente (+72,0%) e quindi \u00e8 aumentato di sette volte negli ultimi tre anni. La quota dei carburanti biogenici sul totale delle vendite di benzina e diesel \u00e8 stata di 1,6% nel 2016 (2015: 0,9%). Oltre all'esenzione dei combustibili biogenici dalla tassa sugli oli minerali, la loro inclusione come misura di compensazione di CO2 ha anche l'effetto di aumentare il consumo.<\/p>\n<p>La Statistica totale svizzera dell'energia 2016 sar\u00e0 disponibile dalla seconda met\u00e0 di luglio. <a href=\"\/\/www.bfe.admin.ch\/\">sul sito web dell'UFE<\/a>\u00a0disponibile e sar\u00e0 disponibile in stampa all'inizio di agosto 2017.<\/p>","protected":false},"excerpt":{"rendered":"<p>Laut Bundesamt f\u00fcr Energie (BFE) ist der Anstieg des Endenergieverbrauches um 1,9% gegen\u00fcber dem Vorjahr in erster Linie auf die etwas k\u00fchlere Witterung im Jahr 2016 zur\u00fcckzuf\u00fchren. Die Anzahl Heizgradtage, ein wichtiger Indikator f\u00fcr den Energieverbrauch zu Heizzwecken, nahm gegen\u00fcber dem Vorjahr um 6,7% zu. Zum h\u00f6heren Energieverbrauch haben auch die langfristigen Treiber wie die [&hellip;]<\/p>\n","protected":false},"author":1,"featured_media":9501,"comment_status":"open","ping_status":"open","sticky":false,"template":"","format":"standard","meta":{"_acf_changed":false,"_yoast_wpseo_focuskw":"Energieverbrauch","_yoast_wpseo_metadesc":"Der Energieverbrauch der Schweiz ist 2016 gegen\u00fcber dem Vorjahr um 1,9% gestiegen. Gr\u00fcnde sind die Witterung, das Wirtschafts- und das Bev\u00f6lkerungswachstum.","articlekey":"","footnotes":""},"categories":[580],"tags":[883,884,584],"class_list":["post-10012","post","type-post","status-publish","format-standard","has-post-thumbnail","hentry","category-sustainability","tag-bund","tag-bundesamt-fuer-energie","tag-energie"],"acf":[],"yoast_head":"<!-- This site is optimized with the Yoast SEO plugin v27.4 - https:\/\/yoast.com\/product\/yoast-seo-wordpress\/ -->\n<title>Energieverbrauch steigt weiter an - Organisator<\/title>\n<meta name=\"description\" content=\"Der Energieverbrauch der Schweiz ist 2016 gegen\u00fcber dem Vorjahr um 1,9% gestiegen. Gr\u00fcnde sind die Witterung, das Wirtschafts- und das Bev\u00f6lkerungswachstum.\" \/>\n<meta name=\"robots\" content=\"index, follow, max-snippet:-1, max-image-preview:large, max-video-preview:-1\" \/>\n<link rel=\"canonical\" href=\"https:\/\/www.organisator.ch\/it\/sostenibilita\/2017-06-22\/energieverbrauch-steigt\/\" \/>\n<meta property=\"og:locale\" content=\"it_IT\" \/>\n<meta property=\"og:type\" content=\"article\" \/>\n<meta property=\"og:title\" content=\"Energieverbrauch steigt weiter an - Organisator\" \/>\n<meta property=\"og:description\" content=\"Der Energieverbrauch der Schweiz ist 2016 gegen\u00fcber dem Vorjahr um 1,9% gestiegen. Gr\u00fcnde sind die Witterung, das Wirtschafts- und das Bev\u00f6lkerungswachstum.\" \/>\n<meta property=\"og:url\" content=\"https:\/\/www.organisator.ch\/it\/sostenibilita\/2017-06-22\/energieverbrauch-steigt\/\" \/>\n<meta property=\"og:site_name\" content=\"Organisator\" \/>\n<meta property=\"article:publisher\" content=\"https:\/\/www.facebook.com\/OrganisatorFachmagazin\" \/>\n<meta property=\"article:published_time\" content=\"2017-06-22T12:55:40+00:00\" \/>\n<meta property=\"article:modified_time\" content=\"2022-02-09T10:06:20+00:00\" \/>\n<meta property=\"og:image\" content=\"https:\/\/www.organisator.ch\/wp-content\/uploads\/2017\/06\/Depositphotos_7913861_l-2015.jpg\" \/>\n\t<meta property=\"og:image:width\" content=\"2000\" \/>\n\t<meta property=\"og:image:height\" content=\"1333\" \/>\n\t<meta property=\"og:image:type\" content=\"image\/jpeg\" \/>\n<meta name=\"author\" content=\"admin\" \/>\n<meta name=\"twitter:card\" content=\"summary_large_image\" \/>\n<script type=\"application\/ld+json\" class=\"yoast-schema-graph\">{\"@context\":\"https:\\\/\\\/schema.org\",\"@graph\":[{\"@type\":\"Article\",\"@id\":\"https:\\\/\\\/www.organisator.ch\\\/sustainability\\\/2017-06-22\\\/energieverbrauch-steigt\\\/#article\",\"isPartOf\":{\"@id\":\"https:\\\/\\\/www.organisator.ch\\\/sustainability\\\/2017-06-22\\\/energieverbrauch-steigt\\\/\"},\"author\":{\"name\":\"admin\",\"@id\":\"https:\\\/\\\/www.organisator.ch\\\/#\\\/schema\\\/person\\\/aa2bace6c5c5aad60102004a50c4eb1c\"},\"headline\":\"Energieverbrauch steigt weiter an\",\"datePublished\":\"2017-06-22T12:55:40+00:00\",\"dateModified\":\"2022-02-09T10:06:20+00:00\",\"mainEntityOfPage\":{\"@id\":\"https:\\\/\\\/www.organisator.ch\\\/sustainability\\\/2017-06-22\\\/energieverbrauch-steigt\\\/\"},\"wordCount\":490,\"commentCount\":0,\"publisher\":{\"@id\":\"https:\\\/\\\/www.organisator.ch\\\/#organization\"},\"image\":{\"@id\":\"https:\\\/\\\/www.organisator.ch\\\/sustainability\\\/2017-06-22\\\/energieverbrauch-steigt\\\/#primaryimage\"},\"thumbnailUrl\":\"https:\\\/\\\/www.organisator.ch\\\/wp-content\\\/uploads\\\/2017\\\/06\\\/Depositphotos_7913861_l-2015.jpg\",\"keywords\":[\"Bund\",\"Bundesamt f\u00fcr Energie\",\"ENERGIE\"],\"articleSection\":[\"SUSTAINABILITY\"],\"inLanguage\":\"it-IT\"},{\"@type\":\"WebPage\",\"@id\":\"https:\\\/\\\/www.organisator.ch\\\/sustainability\\\/2017-06-22\\\/energieverbrauch-steigt\\\/\",\"url\":\"https:\\\/\\\/www.organisator.ch\\\/sustainability\\\/2017-06-22\\\/energieverbrauch-steigt\\\/\",\"name\":\"Energieverbrauch steigt weiter an - Organisator\",\"isPartOf\":{\"@id\":\"https:\\\/\\\/www.organisator.ch\\\/#website\"},\"primaryImageOfPage\":{\"@id\":\"https:\\\/\\\/www.organisator.ch\\\/sustainability\\\/2017-06-22\\\/energieverbrauch-steigt\\\/#primaryimage\"},\"image\":{\"@id\":\"https:\\\/\\\/www.organisator.ch\\\/sustainability\\\/2017-06-22\\\/energieverbrauch-steigt\\\/#primaryimage\"},\"thumbnailUrl\":\"https:\\\/\\\/www.organisator.ch\\\/wp-content\\\/uploads\\\/2017\\\/06\\\/Depositphotos_7913861_l-2015.jpg\",\"datePublished\":\"2017-06-22T12:55:40+00:00\",\"dateModified\":\"2022-02-09T10:06:20+00:00\",\"description\":\"Der Energieverbrauch der Schweiz ist 2016 gegen\u00fcber dem Vorjahr um 1,9% gestiegen. Gr\u00fcnde sind die Witterung, das Wirtschafts- und das Bev\u00f6lkerungswachstum.\",\"breadcrumb\":{\"@id\":\"https:\\\/\\\/www.organisator.ch\\\/sustainability\\\/2017-06-22\\\/energieverbrauch-steigt\\\/#breadcrumb\"},\"inLanguage\":\"it-IT\",\"potentialAction\":[{\"@type\":\"ReadAction\",\"target\":[\"https:\\\/\\\/www.organisator.ch\\\/sustainability\\\/2017-06-22\\\/energieverbrauch-steigt\\\/\"]}]},{\"@type\":\"ImageObject\",\"inLanguage\":\"it-IT\",\"@id\":\"https:\\\/\\\/www.organisator.ch\\\/sustainability\\\/2017-06-22\\\/energieverbrauch-steigt\\\/#primaryimage\",\"url\":\"https:\\\/\\\/www.organisator.ch\\\/wp-content\\\/uploads\\\/2017\\\/06\\\/Depositphotos_7913861_l-2015.jpg\",\"contentUrl\":\"https:\\\/\\\/www.organisator.ch\\\/wp-content\\\/uploads\\\/2017\\\/06\\\/Depositphotos_7913861_l-2015.jpg\",\"width\":2000,\"height\":1333,\"caption\":\"Die k\u00fchle Witterung im vergangenen Jahr hat zu einem Anstieg des Energieverbrauchs zu Heizzwecken gef\u00fchrt.\"},{\"@type\":\"BreadcrumbList\",\"@id\":\"https:\\\/\\\/www.organisator.ch\\\/sustainability\\\/2017-06-22\\\/energieverbrauch-steigt\\\/#breadcrumb\",\"itemListElement\":[{\"@type\":\"ListItem\",\"position\":1,\"name\":\"Home\",\"item\":\"https:\\\/\\\/www.organisator.ch\\\/\"},{\"@type\":\"ListItem\",\"position\":2,\"name\":\"Energieverbrauch steigt weiter an\"}]},{\"@type\":\"WebSite\",\"@id\":\"https:\\\/\\\/www.organisator.ch\\\/#website\",\"url\":\"https:\\\/\\\/www.organisator.ch\\\/\",\"name\":\"Organisator\",\"description\":\"Kompetent. Praxisnah. Der ORGANISATOR bereitet in 10 Ausgaben pro Jahr die wesentlichen Themen f\u00fcr F\u00fchrungskr\u00e4fte von KMU auf.\",\"publisher\":{\"@id\":\"https:\\\/\\\/www.organisator.ch\\\/#organization\"},\"potentialAction\":[{\"@type\":\"SearchAction\",\"target\":{\"@type\":\"EntryPoint\",\"urlTemplate\":\"https:\\\/\\\/www.organisator.ch\\\/?s={search_term_string}\"},\"query-input\":{\"@type\":\"PropertyValueSpecification\",\"valueRequired\":true,\"valueName\":\"search_term_string\"}}],\"inLanguage\":\"it-IT\"},{\"@type\":\"Organization\",\"@id\":\"https:\\\/\\\/www.organisator.ch\\\/#organization\",\"name\":\"Organisator\",\"url\":\"https:\\\/\\\/www.organisator.ch\\\/\",\"logo\":{\"@type\":\"ImageObject\",\"inLanguage\":\"it-IT\",\"@id\":\"https:\\\/\\\/www.organisator.ch\\\/#\\\/schema\\\/logo\\\/image\\\/\",\"url\":\"https:\\\/\\\/www.organisator.ch\\\/wp-content\\\/uploads\\\/2022\\\/01\\\/Logo_Organisator_Website.png\",\"contentUrl\":\"https:\\\/\\\/www.organisator.ch\\\/wp-content\\\/uploads\\\/2022\\\/01\\\/Logo_Organisator_Website.png\",\"width\":800,\"height\":77,\"caption\":\"Organisator\"},\"image\":{\"@id\":\"https:\\\/\\\/www.organisator.ch\\\/#\\\/schema\\\/logo\\\/image\\\/\"},\"sameAs\":[\"https:\\\/\\\/www.facebook.com\\\/OrganisatorFachmagazin\",\"https:\\\/\\\/www.linkedin.com\\\/showcase\\\/organisator-das-magazin-fr-kmu\",\"https:\\\/\\\/www.xing.com\\\/news\\\/pages\\\/organisator-ch-695\",\"https:\\\/\\\/www.youtube.com\\\/channel\\\/UCGP2Sq0iWaZwT3BdIAQFYpw\"]},{\"@type\":\"Person\",\"@id\":\"https:\\\/\\\/www.organisator.ch\\\/#\\\/schema\\\/person\\\/aa2bace6c5c5aad60102004a50c4eb1c\",\"name\":\"admin\",\"image\":{\"@type\":\"ImageObject\",\"inLanguage\":\"it-IT\",\"@id\":\"https:\\\/\\\/secure.gravatar.com\\\/avatar\\\/ae2f4d718e6c49043e314ce431e7e645d646302a24a5ef5a8bc8e3f5a032e319?s=96&d=mm&r=g\",\"url\":\"https:\\\/\\\/secure.gravatar.com\\\/avatar\\\/ae2f4d718e6c49043e314ce431e7e645d646302a24a5ef5a8bc8e3f5a032e319?s=96&d=mm&r=g\",\"contentUrl\":\"https:\\\/\\\/secure.gravatar.com\\\/avatar\\\/ae2f4d718e6c49043e314ce431e7e645d646302a24a5ef5a8bc8e3f5a032e319?s=96&d=mm&r=g\",\"caption\":\"admin\"},\"sameAs\":[\"https:\\\/\\\/www.organisator.ch\"],\"url\":\"https:\\\/\\\/www.organisator.ch\\\/it\\\/author\\\/admin\\\/\"}]}<\/script>\n<!-- \/ Yoast SEO plugin. -->","yoast_head_json":{"title":"Il consumo di energia continua ad aumentare - Organizzatore","description":"Nel 2016 il consumo energetico della Svizzera \u00e8 aumentato di 1,9% rispetto all'anno precedente. I motivi sono il clima, la crescita economica e l'aumento della popolazione.","robots":{"index":"index","follow":"follow","max-snippet":"max-snippet:-1","max-image-preview":"max-image-preview:large","max-video-preview":"max-video-preview:-1"},"canonical":"https:\/\/www.organisator.ch\/it\/sostenibilita\/2017-06-22\/energieverbrauch-steigt\/","og_locale":"it_IT","og_type":"article","og_title":"Energieverbrauch steigt weiter an - Organisator","og_description":"Der Energieverbrauch der Schweiz ist 2016 gegen\u00fcber dem Vorjahr um 1,9% gestiegen. Gr\u00fcnde sind die Witterung, das Wirtschafts- und das Bev\u00f6lkerungswachstum.","og_url":"https:\/\/www.organisator.ch\/it\/sostenibilita\/2017-06-22\/energieverbrauch-steigt\/","og_site_name":"Organisator","article_publisher":"https:\/\/www.facebook.com\/OrganisatorFachmagazin","article_published_time":"2017-06-22T12:55:40+00:00","article_modified_time":"2022-02-09T10:06:20+00:00","og_image":[{"width":2000,"height":1333,"url":"https:\/\/www.organisator.ch\/wp-content\/uploads\/2017\/06\/Depositphotos_7913861_l-2015.jpg","type":"image\/jpeg"}],"author":"admin","twitter_card":"summary_large_image","schema":{"@context":"https:\/\/schema.org","@graph":[{"@type":"Article","@id":"https:\/\/www.organisator.ch\/sustainability\/2017-06-22\/energieverbrauch-steigt\/#article","isPartOf":{"@id":"https:\/\/www.organisator.ch\/sustainability\/2017-06-22\/energieverbrauch-steigt\/"},"author":{"name":"admin","@id":"https:\/\/www.organisator.ch\/#\/schema\/person\/aa2bace6c5c5aad60102004a50c4eb1c"},"headline":"Energieverbrauch steigt weiter an","datePublished":"2017-06-22T12:55:40+00:00","dateModified":"2022-02-09T10:06:20+00:00","mainEntityOfPage":{"@id":"https:\/\/www.organisator.ch\/sustainability\/2017-06-22\/energieverbrauch-steigt\/"},"wordCount":490,"commentCount":0,"publisher":{"@id":"https:\/\/www.organisator.ch\/#organization"},"image":{"@id":"https:\/\/www.organisator.ch\/sustainability\/2017-06-22\/energieverbrauch-steigt\/#primaryimage"},"thumbnailUrl":"https:\/\/www.organisator.ch\/wp-content\/uploads\/2017\/06\/Depositphotos_7913861_l-2015.jpg","keywords":["Bund","Bundesamt f\u00fcr Energie","ENERGIE"],"articleSection":["SUSTAINABILITY"],"inLanguage":"it-IT"},{"@type":"WebPage","@id":"https:\/\/www.organisator.ch\/sustainability\/2017-06-22\/energieverbrauch-steigt\/","url":"https:\/\/www.organisator.ch\/sustainability\/2017-06-22\/energieverbrauch-steigt\/","name":"Il consumo di energia continua ad aumentare - Organizzatore","isPartOf":{"@id":"https:\/\/www.organisator.ch\/#website"},"primaryImageOfPage":{"@id":"https:\/\/www.organisator.ch\/sustainability\/2017-06-22\/energieverbrauch-steigt\/#primaryimage"},"image":{"@id":"https:\/\/www.organisator.ch\/sustainability\/2017-06-22\/energieverbrauch-steigt\/#primaryimage"},"thumbnailUrl":"https:\/\/www.organisator.ch\/wp-content\/uploads\/2017\/06\/Depositphotos_7913861_l-2015.jpg","datePublished":"2017-06-22T12:55:40+00:00","dateModified":"2022-02-09T10:06:20+00:00","description":"Nel 2016 il consumo energetico della Svizzera \u00e8 aumentato di 1,9% rispetto all'anno precedente. I motivi sono il clima, la crescita economica e l'aumento della popolazione.","breadcrumb":{"@id":"https:\/\/www.organisator.ch\/sustainability\/2017-06-22\/energieverbrauch-steigt\/#breadcrumb"},"inLanguage":"it-IT","potentialAction":[{"@type":"ReadAction","target":["https:\/\/www.organisator.ch\/sustainability\/2017-06-22\/energieverbrauch-steigt\/"]}]},{"@type":"ImageObject","inLanguage":"it-IT","@id":"https:\/\/www.organisator.ch\/sustainability\/2017-06-22\/energieverbrauch-steigt\/#primaryimage","url":"https:\/\/www.organisator.ch\/wp-content\/uploads\/2017\/06\/Depositphotos_7913861_l-2015.jpg","contentUrl":"https:\/\/www.organisator.ch\/wp-content\/uploads\/2017\/06\/Depositphotos_7913861_l-2015.jpg","width":2000,"height":1333,"caption":"Die k\u00fchle Witterung im vergangenen Jahr hat zu einem Anstieg des Energieverbrauchs zu Heizzwecken gef\u00fchrt."},{"@type":"BreadcrumbList","@id":"https:\/\/www.organisator.ch\/sustainability\/2017-06-22\/energieverbrauch-steigt\/#breadcrumb","itemListElement":[{"@type":"ListItem","position":1,"name":"Home","item":"https:\/\/www.organisator.ch\/"},{"@type":"ListItem","position":2,"name":"Energieverbrauch steigt weiter an"}]},{"@type":"WebSite","@id":"https:\/\/www.organisator.ch\/#website","url":"https:\/\/www.organisator.ch\/","name":"Organizzatore","description":"Competente. Pratico. In 10 numeri all'anno, ORGANISATOR presenta i temi essenziali per i manager delle PMI.","publisher":{"@id":"https:\/\/www.organisator.ch\/#organization"},"potentialAction":[{"@type":"SearchAction","target":{"@type":"EntryPoint","urlTemplate":"https:\/\/www.organisator.ch\/?s={search_term_string}"},"query-input":{"@type":"PropertyValueSpecification","valueRequired":true,"valueName":"search_term_string"}}],"inLanguage":"it-IT"},{"@type":"Organization","@id":"https:\/\/www.organisator.ch\/#organization","name":"Organizzatore","url":"https:\/\/www.organisator.ch\/","logo":{"@type":"ImageObject","inLanguage":"it-IT","@id":"https:\/\/www.organisator.ch\/#\/schema\/logo\/image\/","url":"https:\/\/www.organisator.ch\/wp-content\/uploads\/2022\/01\/Logo_Organisator_Website.png","contentUrl":"https:\/\/www.organisator.ch\/wp-content\/uploads\/2022\/01\/Logo_Organisator_Website.png","width":800,"height":77,"caption":"Organisator"},"image":{"@id":"https:\/\/www.organisator.ch\/#\/schema\/logo\/image\/"},"sameAs":["https:\/\/www.facebook.com\/OrganisatorFachmagazin","https:\/\/www.linkedin.com\/showcase\/organisator-das-magazin-fr-kmu","https:\/\/www.xing.com\/news\/pages\/organisator-ch-695","https:\/\/www.youtube.com\/channel\/UCGP2Sq0iWaZwT3BdIAQFYpw"]},{"@type":"Person","@id":"https:\/\/www.organisator.ch\/#\/schema\/person\/aa2bace6c5c5aad60102004a50c4eb1c","name":"amministratore","image":{"@type":"ImageObject","inLanguage":"it-IT","@id":"https:\/\/secure.gravatar.com\/avatar\/ae2f4d718e6c49043e314ce431e7e645d646302a24a5ef5a8bc8e3f5a032e319?s=96&d=mm&r=g","url":"https:\/\/secure.gravatar.com\/avatar\/ae2f4d718e6c49043e314ce431e7e645d646302a24a5ef5a8bc8e3f5a032e319?s=96&d=mm&r=g","contentUrl":"https:\/\/secure.gravatar.com\/avatar\/ae2f4d718e6c49043e314ce431e7e645d646302a24a5ef5a8bc8e3f5a032e319?s=96&d=mm&r=g","caption":"admin"},"sameAs":["https:\/\/www.organisator.ch"],"url":"https:\/\/www.organisator.ch\/it\/author\/admin\/"}]}},"_links":{"self":[{"href":"https:\/\/www.organisator.ch\/it\/wp-json\/wp\/v2\/posts\/10012","targetHints":{"allow":["GET"]}}],"collection":[{"href":"https:\/\/www.organisator.ch\/it\/wp-json\/wp\/v2\/posts"}],"about":[{"href":"https:\/\/www.organisator.ch\/it\/wp-json\/wp\/v2\/types\/post"}],"author":[{"embeddable":true,"href":"https:\/\/www.organisator.ch\/it\/wp-json\/wp\/v2\/users\/1"}],"replies":[{"embeddable":true,"href":"https:\/\/www.organisator.ch\/it\/wp-json\/wp\/v2\/comments?post=10012"}],"version-history":[{"count":1,"href":"https:\/\/www.organisator.ch\/it\/wp-json\/wp\/v2\/posts\/10012\/revisions"}],"predecessor-version":[{"id":10578,"href":"https:\/\/www.organisator.ch\/it\/wp-json\/wp\/v2\/posts\/10012\/revisions\/10578"}],"wp:featuredmedia":[{"embeddable":true,"href":"https:\/\/www.organisator.ch\/it\/wp-json\/wp\/v2\/media\/9501"}],"wp:attachment":[{"href":"https:\/\/www.organisator.ch\/it\/wp-json\/wp\/v2\/media?parent=10012"}],"wp:term":[{"taxonomy":"category","embeddable":true,"href":"https:\/\/www.organisator.ch\/it\/wp-json\/wp\/v2\/categories?post=10012"},{"taxonomy":"post_tag","embeddable":true,"href":"https:\/\/www.organisator.ch\/it\/wp-json\/wp\/v2\/tags?post=10012"}],"curies":[{"name":"wp","href":"https:\/\/api.w.org\/{rel}","templated":true}]}}