{"id":10016,"date":"2017-09-04T16:05:10","date_gmt":"2017-09-04T14:05:10","guid":{"rendered":"https:\/\/www.umweltperspektiven.ch\/?p=1174"},"modified":"2022-02-09T11:06:55","modified_gmt":"2022-02-09T10:06:55","slug":"klimaforscher-erhaelt-schweizer-wissenschaftspreis","status":"publish","type":"post","link":"https:\/\/www.organisator.ch\/it\/sustainability\/2017-09-04\/klimaforscher-erhaelt-schweizer-wissenschaftspreis\/","title":{"rendered":"Ricercatore sul clima riceve il premio svizzero per la scienza"},"content":{"rendered":"<p>&nbsp;<\/p>\n<figure id=\"attachment_1175\" aria-describedby=\"caption-attachment-1175\" style=\"width: 680px\" class=\"wp-caption alignnone\"><img loading=\"lazy\" decoding=\"async\" class=\"size-medium wp-image-1175\" src=\"\/\/www.umweltperspektiven.ch\/wp-content\/uploads\/2017\/09\/Klimaforscher-erh\u00e4lt-Schweizer-Wissenschaftspreis-up-umweltperspektiven.jpg-.jpg\" alt=\"\" width=\"680\" height=\"453\" \/><figcaption id=\"caption-attachment-1175\" class=\"wp-caption-text\">Il vincitore del premio Prof. Thomas Stocker (a sinistra) con il consigliere federale Johann N. Schneider-Amman. Dal 2008 al 2015 \u00e8 stato co-presidente del Comitato intergovernativo delle Nazioni Unite sui cambiamenti climatici (IPCC). (Immagine: zVg)<\/figcaption><\/figure>\n<p>Secondo la Fondazione Marcel Benoist, le scoperte dello scienziato del clima sono di grande importanza per la vita umana e affrontano una delle sfide pi\u00f9 importanti della societ\u00e0 di oggi. Il consigliere federale Johann N. Schneider-Ammann, presidente della Fondazione Marcel Benoist, ha ricevuto il professor Thomas Stocker a Berna e si \u00e8 congratulato con lui per questo importante premio.<\/p>\n<p>Il professor Thomas Stocker \u00e8 una delle figure chiave nella ricerca sul clima, sia a livello nazionale che internazionale.<\/p>\n<p><strong>Concentrazioni di serra <\/strong><\/p>\n<p>All'inizio della sua carriera di ricerca, alla fine degli anni '80, l'attenzione si \u00e8 concentrata sulla modellazione teorica, che ha poi combinato con i risultati di vari archivi climatici. Ha scoperto che c'\u00e8 una stretta connessione tra i cambiamenti delle correnti oceaniche e il clima.<\/p>\n<p>Il suo team e i suoi colleghi stanno conducendo carotaggi di ghiaccio in Groenlandia e Antartide, tra gli altri luoghi, dove sono state determinate le concentrazioni di gas serra negli ultimi 800.000 anni.<\/p>\n<p><strong>Rinomato ricercatore sul clima<\/strong><\/p>\n<p>Con la sua ricerca, il professor Thomas Stocker d\u00e0 un contributo significativo per una migliore comprensione della complessit\u00e0 del sistema climatico globale e dei cambiamenti climatici emergenti. Nel suo campo, \u00e8 uno degli scienziati pi\u00f9 citati in Svizzera ed \u00e8 autore e coautore di oltre 200 articoli scientifici. Ha gi\u00e0 ricevuto diversi premi per il suo lavoro.<\/p>\n<p>Il professor Thomas Stocker sa come rendere i problemi del suo campo di ricerca e le sue scoperte comprensibili non solo alla comunit\u00e0 scientifica, ma anche ai decisori politici e al pubblico in generale. Con le sue scoperte scientifiche, gode di un alto livello di accettazione.<\/p>\n<p>Il suo rapporto per il gruppo di lavoro IPCC del Panel intergovernativo delle Nazioni Unite sui cambiamenti climatici, che \u00e8 stato adottato da tutti i paesi sotto la sua presidenza nel settembre 2013, ha costituito la base scientifica per l'accordo di Parigi sul clima.<\/p>\n<p>\u00c8 anche un facilitatore e mentore accademico di successo. Ha trasmesso le sue conoscenze a un gran numero di studenti e ricercatori nel corso dei decenni. Alcuni di loro sono ora titolari di cattedre in patria e all'estero.<\/p>\n<p>Thomas Stocker dirige dal 1993 il dipartimento di fisica climatica e ambientale dell'Istituto di fisica dell'Universit\u00e0 di Berna.<\/p>\n<p><strong>Fondazione Marcel Benoist<\/strong><\/p>\n<p>Il Premio svizzero della scienza Marcel Benoist viene assegnato ogni anno dal 1920 a scienziati affermati in Svizzera per il loro lavoro significativo e il suo impatto sulla vita umana. Nella sua storia quasi centenaria, dieci vincitori hanno poi ricevuto il premio Nobel. I due Istituti Federali di Tecnologia e le dieci universit\u00e0 svizzere sono rappresentate nel Consiglio di fondazione della Fondazione Marcel Benoist.<\/p>\n<p>Il consiglio di fondazione sta lavorando per mettere la Fondazione Marcel Benoist, che presto avr\u00e0 100 anni, su una base sostenibile. Quest'anno, per la prima volta, il Premio svizzero della scienza Marcel Benoist \u00e8 dotato di 250.000 franchi. La cerimonia formale di consegna del Premio svizzero della scienza Marcel Benoist avr\u00e0 luogo il 1\u00b0 novembre 2017 a Berna. In questa occasione, il Consiglio di fondazione fornir\u00e0 informazioni sul futuro del Premio svizzero della scienza.<\/p>\n<p><a href=\"\/\/www.wbf.admin.ch\">www.wbf.admin.ch<\/a><\/p>\n<p>&nbsp;<\/p>","protected":false},"excerpt":{"rendered":"<p>&nbsp; Die Erkenntnisse des Klimaforschers haben gem\u00e4ss der Marcel Benoist Stiftung eine hohe Bedeutung f\u00fcr das menschliche Leben und betreffen eine der wichtigsten Herausforderungen der heutigen Gesellschaft. Bundesrat Johann N. Schneider-Ammann, Pr\u00e4sident der Marcel Benoist Stiftung, hat Professor Thomas Stocker in Bern empfangen und ihm zu dieser wichtigen Auszeichnung gratuliert. Professor Thomas Stocker ist national [&hellip;]<\/p>\n","protected":false},"author":5,"featured_media":1175,"comment_status":"open","ping_status":"open","sticky":false,"template":"","format":"standard","meta":{"_acf_changed":false,"_yoast_wpseo_focuskw":"Klimaforscher","_yoast_wpseo_metadesc":"Der Klimaforscher Thomas Stocker, Professor an der Universit\u00e4t Bern, wird mit dem diesj\u00e4hrigen Schweizer Wissenschaftspreis \"Marcel Benoist\" ausgezeichnet.","articlekey":"","footnotes":""},"categories":[580],"tags":[743,1510,1523,455],"class_list":["post-10016","post","type-post","status-publish","format-standard","has-post-thumbnail","hentry","category-sustainability","tag-auszeichnung","tag-klimaforscher","tag-klimaschutz-abkommen","tag-stiftung"],"acf":[],"yoast_head":"<!-- This site is optimized with the Yoast SEO plugin v27.4 - https:\/\/yoast.com\/product\/yoast-seo-wordpress\/ -->\n<title>Klimaforscher erh\u00e4lt Schweizer Wissenschaftspreis - Organisator<\/title>\n<meta name=\"description\" content=\"Der Klimaforscher Thomas Stocker, Professor an der Universit\u00e4t Bern, wird mit dem diesj\u00e4hrigen Schweizer Wissenschaftspreis &quot;Marcel Benoist&quot; ausgezeichnet.\" \/>\n<meta name=\"robots\" content=\"index, follow, max-snippet:-1, max-image-preview:large, max-video-preview:-1\" \/>\n<link rel=\"canonical\" href=\"https:\/\/www.organisator.ch\/it\/sostenibilita\/2017-09-04\/klimaforscher-erhaelt-schweizer-wissenschaftspreis\/\" \/>\n<meta property=\"og:locale\" content=\"it_IT\" \/>\n<meta property=\"og:type\" content=\"article\" \/>\n<meta property=\"og:title\" content=\"Klimaforscher erh\u00e4lt Schweizer Wissenschaftspreis - Organisator\" \/>\n<meta property=\"og:description\" content=\"Der Klimaforscher Thomas Stocker, Professor an der Universit\u00e4t Bern, wird mit dem diesj\u00e4hrigen Schweizer Wissenschaftspreis &quot;Marcel Benoist&quot; ausgezeichnet.\" \/>\n<meta property=\"og:url\" content=\"https:\/\/www.organisator.ch\/it\/sostenibilita\/2017-09-04\/klimaforscher-erhaelt-schweizer-wissenschaftspreis\/\" \/>\n<meta property=\"og:site_name\" content=\"Organisator\" \/>\n<meta property=\"article:publisher\" content=\"https:\/\/www.facebook.com\/OrganisatorFachmagazin\" \/>\n<meta property=\"article:published_time\" content=\"2017-09-04T14:05:10+00:00\" \/>\n<meta property=\"article:modified_time\" content=\"2022-02-09T10:06:55+00:00\" \/>\n<meta property=\"og:image\" content=\"https:\/\/www.organisator.ch\/wp-content\/uploads\/2017\/09\/Klimaforscher-erhaelt-Schweizer-Wissenschaftspreis-up-umweltperspektiven.jpg--scaled.jpg\" \/>\n\t<meta property=\"og:image:width\" content=\"2560\" \/>\n\t<meta property=\"og:image:height\" content=\"1707\" \/>\n\t<meta property=\"og:image:type\" content=\"image\/jpeg\" \/>\n<meta name=\"author\" content=\"michael.merz\" \/>\n<meta name=\"twitter:card\" content=\"summary_large_image\" \/>\n<script type=\"application\/ld+json\" class=\"yoast-schema-graph\">{\"@context\":\"https:\\\/\\\/schema.org\",\"@graph\":[{\"@type\":\"Article\",\"@id\":\"https:\\\/\\\/www.organisator.ch\\\/sustainability\\\/2017-09-04\\\/klimaforscher-erhaelt-schweizer-wissenschaftspreis\\\/#article\",\"isPartOf\":{\"@id\":\"https:\\\/\\\/www.organisator.ch\\\/sustainability\\\/2017-09-04\\\/klimaforscher-erhaelt-schweizer-wissenschaftspreis\\\/\"},\"author\":{\"name\":\"michael.merz\",\"@id\":\"https:\\\/\\\/www.organisator.ch\\\/#\\\/schema\\\/person\\\/134708ca9321c57b0362cceb7948ffbd\"},\"headline\":\"Klimaforscher erh\u00e4lt Schweizer Wissenschaftspreis\",\"datePublished\":\"2017-09-04T14:05:10+00:00\",\"dateModified\":\"2022-02-09T10:06:55+00:00\",\"mainEntityOfPage\":{\"@id\":\"https:\\\/\\\/www.organisator.ch\\\/sustainability\\\/2017-09-04\\\/klimaforscher-erhaelt-schweizer-wissenschaftspreis\\\/\"},\"wordCount\":503,\"commentCount\":0,\"publisher\":{\"@id\":\"https:\\\/\\\/www.organisator.ch\\\/#organization\"},\"image\":{\"@id\":\"https:\\\/\\\/www.organisator.ch\\\/sustainability\\\/2017-09-04\\\/klimaforscher-erhaelt-schweizer-wissenschaftspreis\\\/#primaryimage\"},\"thumbnailUrl\":\"https:\\\/\\\/www.organisator.ch\\\/wp-content\\\/uploads\\\/2017\\\/09\\\/Klimaforscher-erhaelt-Schweizer-Wissenschaftspreis-up-umweltperspektiven.jpg--scaled.jpg\",\"keywords\":[\"Auszeichnung\",\"Klimaforscher\",\"Klimaschutz-Abkommen\",\"Stiftung\"],\"articleSection\":[\"SUSTAINABILITY\"],\"inLanguage\":\"it-IT\"},{\"@type\":\"WebPage\",\"@id\":\"https:\\\/\\\/www.organisator.ch\\\/sustainability\\\/2017-09-04\\\/klimaforscher-erhaelt-schweizer-wissenschaftspreis\\\/\",\"url\":\"https:\\\/\\\/www.organisator.ch\\\/sustainability\\\/2017-09-04\\\/klimaforscher-erhaelt-schweizer-wissenschaftspreis\\\/\",\"name\":\"Klimaforscher erh\u00e4lt Schweizer Wissenschaftspreis - Organisator\",\"isPartOf\":{\"@id\":\"https:\\\/\\\/www.organisator.ch\\\/#website\"},\"primaryImageOfPage\":{\"@id\":\"https:\\\/\\\/www.organisator.ch\\\/sustainability\\\/2017-09-04\\\/klimaforscher-erhaelt-schweizer-wissenschaftspreis\\\/#primaryimage\"},\"image\":{\"@id\":\"https:\\\/\\\/www.organisator.ch\\\/sustainability\\\/2017-09-04\\\/klimaforscher-erhaelt-schweizer-wissenschaftspreis\\\/#primaryimage\"},\"thumbnailUrl\":\"https:\\\/\\\/www.organisator.ch\\\/wp-content\\\/uploads\\\/2017\\\/09\\\/Klimaforscher-erhaelt-Schweizer-Wissenschaftspreis-up-umweltperspektiven.jpg--scaled.jpg\",\"datePublished\":\"2017-09-04T14:05:10+00:00\",\"dateModified\":\"2022-02-09T10:06:55+00:00\",\"description\":\"Der Klimaforscher Thomas Stocker, Professor an der Universit\u00e4t Bern, wird mit dem diesj\u00e4hrigen Schweizer Wissenschaftspreis \\\"Marcel Benoist\\\" ausgezeichnet.\",\"breadcrumb\":{\"@id\":\"https:\\\/\\\/www.organisator.ch\\\/sustainability\\\/2017-09-04\\\/klimaforscher-erhaelt-schweizer-wissenschaftspreis\\\/#breadcrumb\"},\"inLanguage\":\"it-IT\",\"potentialAction\":[{\"@type\":\"ReadAction\",\"target\":[\"https:\\\/\\\/www.organisator.ch\\\/sustainability\\\/2017-09-04\\\/klimaforscher-erhaelt-schweizer-wissenschaftspreis\\\/\"]}]},{\"@type\":\"ImageObject\",\"inLanguage\":\"it-IT\",\"@id\":\"https:\\\/\\\/www.organisator.ch\\\/sustainability\\\/2017-09-04\\\/klimaforscher-erhaelt-schweizer-wissenschaftspreis\\\/#primaryimage\",\"url\":\"https:\\\/\\\/www.organisator.ch\\\/wp-content\\\/uploads\\\/2017\\\/09\\\/Klimaforscher-erhaelt-Schweizer-Wissenschaftspreis-up-umweltperspektiven.jpg--scaled.jpg\",\"contentUrl\":\"https:\\\/\\\/www.organisator.ch\\\/wp-content\\\/uploads\\\/2017\\\/09\\\/Klimaforscher-erhaelt-Schweizer-Wissenschaftspreis-up-umweltperspektiven.jpg--scaled.jpg\",\"width\":2560,\"height\":1707,\"caption\":\"Der Preistr\u00e4ger Prof. Thomas Stocker (links) mit von Bundesrat Johann N. Schneider-Amman. Von 2008 bis 2015 war er Co-Vorsitzender der Arbeitsgruppe I des Intergovernmental Panel on Climate Change (IPCC) der Vereinten Nationen. (Bild: zVg)\"},{\"@type\":\"BreadcrumbList\",\"@id\":\"https:\\\/\\\/www.organisator.ch\\\/sustainability\\\/2017-09-04\\\/klimaforscher-erhaelt-schweizer-wissenschaftspreis\\\/#breadcrumb\",\"itemListElement\":[{\"@type\":\"ListItem\",\"position\":1,\"name\":\"Home\",\"item\":\"https:\\\/\\\/www.organisator.ch\\\/\"},{\"@type\":\"ListItem\",\"position\":2,\"name\":\"Klimaforscher erh\u00e4lt Schweizer Wissenschaftspreis\"}]},{\"@type\":\"WebSite\",\"@id\":\"https:\\\/\\\/www.organisator.ch\\\/#website\",\"url\":\"https:\\\/\\\/www.organisator.ch\\\/\",\"name\":\"Organisator\",\"description\":\"Kompetent. Praxisnah. Der ORGANISATOR bereitet in 10 Ausgaben pro Jahr die wesentlichen Themen f\u00fcr F\u00fchrungskr\u00e4fte von KMU auf.\",\"publisher\":{\"@id\":\"https:\\\/\\\/www.organisator.ch\\\/#organization\"},\"potentialAction\":[{\"@type\":\"SearchAction\",\"target\":{\"@type\":\"EntryPoint\",\"urlTemplate\":\"https:\\\/\\\/www.organisator.ch\\\/?s={search_term_string}\"},\"query-input\":{\"@type\":\"PropertyValueSpecification\",\"valueRequired\":true,\"valueName\":\"search_term_string\"}}],\"inLanguage\":\"it-IT\"},{\"@type\":\"Organization\",\"@id\":\"https:\\\/\\\/www.organisator.ch\\\/#organization\",\"name\":\"Organisator\",\"url\":\"https:\\\/\\\/www.organisator.ch\\\/\",\"logo\":{\"@type\":\"ImageObject\",\"inLanguage\":\"it-IT\",\"@id\":\"https:\\\/\\\/www.organisator.ch\\\/#\\\/schema\\\/logo\\\/image\\\/\",\"url\":\"https:\\\/\\\/www.organisator.ch\\\/wp-content\\\/uploads\\\/2022\\\/01\\\/Logo_Organisator_Website.png\",\"contentUrl\":\"https:\\\/\\\/www.organisator.ch\\\/wp-content\\\/uploads\\\/2022\\\/01\\\/Logo_Organisator_Website.png\",\"width\":800,\"height\":77,\"caption\":\"Organisator\"},\"image\":{\"@id\":\"https:\\\/\\\/www.organisator.ch\\\/#\\\/schema\\\/logo\\\/image\\\/\"},\"sameAs\":[\"https:\\\/\\\/www.facebook.com\\\/OrganisatorFachmagazin\",\"https:\\\/\\\/www.linkedin.com\\\/showcase\\\/organisator-das-magazin-fr-kmu\",\"https:\\\/\\\/www.xing.com\\\/news\\\/pages\\\/organisator-ch-695\",\"https:\\\/\\\/www.youtube.com\\\/channel\\\/UCGP2Sq0iWaZwT3BdIAQFYpw\"]},{\"@type\":\"Person\",\"@id\":\"https:\\\/\\\/www.organisator.ch\\\/#\\\/schema\\\/person\\\/134708ca9321c57b0362cceb7948ffbd\",\"name\":\"michael.merz\",\"image\":{\"@type\":\"ImageObject\",\"inLanguage\":\"it-IT\",\"@id\":\"https:\\\/\\\/secure.gravatar.com\\\/avatar\\\/?s=96&d=mm&r=g\",\"url\":\"https:\\\/\\\/secure.gravatar.com\\\/avatar\\\/?s=96&d=mm&r=g\",\"contentUrl\":\"https:\\\/\\\/secure.gravatar.com\\\/avatar\\\/?s=96&d=mm&r=g\",\"caption\":\"michael.merz\"},\"url\":\"https:\\\/\\\/www.organisator.ch\\\/it\\\/author\\\/michael-merz\\\/\"}]}<\/script>\n<!-- \/ Yoast SEO plugin. -->","yoast_head_json":{"title":"Un ricercatore sul clima riceve il Premio svizzero della scienza - Organizzatore","description":"Il ricercatore climatico Thomas Stocker, professore all'Universit\u00e0 di Berna, \u00e8 stato insignito quest'anno del Premio svizzero per la scienza \"Marcel Benoist\".","robots":{"index":"index","follow":"follow","max-snippet":"max-snippet:-1","max-image-preview":"max-image-preview:large","max-video-preview":"max-video-preview:-1"},"canonical":"https:\/\/www.organisator.ch\/it\/sostenibilita\/2017-09-04\/klimaforscher-erhaelt-schweizer-wissenschaftspreis\/","og_locale":"it_IT","og_type":"article","og_title":"Klimaforscher erh\u00e4lt Schweizer Wissenschaftspreis - Organisator","og_description":"Der Klimaforscher Thomas Stocker, Professor an der Universit\u00e4t Bern, wird mit dem diesj\u00e4hrigen Schweizer Wissenschaftspreis \"Marcel Benoist\" ausgezeichnet.","og_url":"https:\/\/www.organisator.ch\/it\/sostenibilita\/2017-09-04\/klimaforscher-erhaelt-schweizer-wissenschaftspreis\/","og_site_name":"Organisator","article_publisher":"https:\/\/www.facebook.com\/OrganisatorFachmagazin","article_published_time":"2017-09-04T14:05:10+00:00","article_modified_time":"2022-02-09T10:06:55+00:00","og_image":[{"width":2560,"height":1707,"url":"https:\/\/www.organisator.ch\/wp-content\/uploads\/2017\/09\/Klimaforscher-erhaelt-Schweizer-Wissenschaftspreis-up-umweltperspektiven.jpg--scaled.jpg","type":"image\/jpeg"}],"author":"michael.merz","twitter_card":"summary_large_image","schema":{"@context":"https:\/\/schema.org","@graph":[{"@type":"Article","@id":"https:\/\/www.organisator.ch\/sustainability\/2017-09-04\/klimaforscher-erhaelt-schweizer-wissenschaftspreis\/#article","isPartOf":{"@id":"https:\/\/www.organisator.ch\/sustainability\/2017-09-04\/klimaforscher-erhaelt-schweizer-wissenschaftspreis\/"},"author":{"name":"michael.merz","@id":"https:\/\/www.organisator.ch\/#\/schema\/person\/134708ca9321c57b0362cceb7948ffbd"},"headline":"Klimaforscher erh\u00e4lt Schweizer Wissenschaftspreis","datePublished":"2017-09-04T14:05:10+00:00","dateModified":"2022-02-09T10:06:55+00:00","mainEntityOfPage":{"@id":"https:\/\/www.organisator.ch\/sustainability\/2017-09-04\/klimaforscher-erhaelt-schweizer-wissenschaftspreis\/"},"wordCount":503,"commentCount":0,"publisher":{"@id":"https:\/\/www.organisator.ch\/#organization"},"image":{"@id":"https:\/\/www.organisator.ch\/sustainability\/2017-09-04\/klimaforscher-erhaelt-schweizer-wissenschaftspreis\/#primaryimage"},"thumbnailUrl":"https:\/\/www.organisator.ch\/wp-content\/uploads\/2017\/09\/Klimaforscher-erhaelt-Schweizer-Wissenschaftspreis-up-umweltperspektiven.jpg--scaled.jpg","keywords":["Auszeichnung","Klimaforscher","Klimaschutz-Abkommen","Stiftung"],"articleSection":["SUSTAINABILITY"],"inLanguage":"it-IT"},{"@type":"WebPage","@id":"https:\/\/www.organisator.ch\/sustainability\/2017-09-04\/klimaforscher-erhaelt-schweizer-wissenschaftspreis\/","url":"https:\/\/www.organisator.ch\/sustainability\/2017-09-04\/klimaforscher-erhaelt-schweizer-wissenschaftspreis\/","name":"Un ricercatore sul clima riceve il Premio svizzero della scienza - Organizzatore","isPartOf":{"@id":"https:\/\/www.organisator.ch\/#website"},"primaryImageOfPage":{"@id":"https:\/\/www.organisator.ch\/sustainability\/2017-09-04\/klimaforscher-erhaelt-schweizer-wissenschaftspreis\/#primaryimage"},"image":{"@id":"https:\/\/www.organisator.ch\/sustainability\/2017-09-04\/klimaforscher-erhaelt-schweizer-wissenschaftspreis\/#primaryimage"},"thumbnailUrl":"https:\/\/www.organisator.ch\/wp-content\/uploads\/2017\/09\/Klimaforscher-erhaelt-Schweizer-Wissenschaftspreis-up-umweltperspektiven.jpg--scaled.jpg","datePublished":"2017-09-04T14:05:10+00:00","dateModified":"2022-02-09T10:06:55+00:00","description":"Il ricercatore climatico Thomas Stocker, professore all'Universit\u00e0 di Berna, \u00e8 stato insignito quest'anno del Premio svizzero per la scienza \"Marcel Benoist\".","breadcrumb":{"@id":"https:\/\/www.organisator.ch\/sustainability\/2017-09-04\/klimaforscher-erhaelt-schweizer-wissenschaftspreis\/#breadcrumb"},"inLanguage":"it-IT","potentialAction":[{"@type":"ReadAction","target":["https:\/\/www.organisator.ch\/sustainability\/2017-09-04\/klimaforscher-erhaelt-schweizer-wissenschaftspreis\/"]}]},{"@type":"ImageObject","inLanguage":"it-IT","@id":"https:\/\/www.organisator.ch\/sustainability\/2017-09-04\/klimaforscher-erhaelt-schweizer-wissenschaftspreis\/#primaryimage","url":"https:\/\/www.organisator.ch\/wp-content\/uploads\/2017\/09\/Klimaforscher-erhaelt-Schweizer-Wissenschaftspreis-up-umweltperspektiven.jpg--scaled.jpg","contentUrl":"https:\/\/www.organisator.ch\/wp-content\/uploads\/2017\/09\/Klimaforscher-erhaelt-Schweizer-Wissenschaftspreis-up-umweltperspektiven.jpg--scaled.jpg","width":2560,"height":1707,"caption":"Der Preistr\u00e4ger Prof. Thomas Stocker (links) mit von Bundesrat Johann N. Schneider-Amman. Von 2008 bis 2015 war er Co-Vorsitzender der Arbeitsgruppe I des Intergovernmental Panel on Climate Change (IPCC) der Vereinten Nationen. (Bild: zVg)"},{"@type":"BreadcrumbList","@id":"https:\/\/www.organisator.ch\/sustainability\/2017-09-04\/klimaforscher-erhaelt-schweizer-wissenschaftspreis\/#breadcrumb","itemListElement":[{"@type":"ListItem","position":1,"name":"Home","item":"https:\/\/www.organisator.ch\/"},{"@type":"ListItem","position":2,"name":"Klimaforscher erh\u00e4lt Schweizer Wissenschaftspreis"}]},{"@type":"WebSite","@id":"https:\/\/www.organisator.ch\/#website","url":"https:\/\/www.organisator.ch\/","name":"Organizzatore","description":"Competente. Pratico. In 10 numeri all'anno, ORGANISATOR presenta i temi essenziali per i manager delle PMI.","publisher":{"@id":"https:\/\/www.organisator.ch\/#organization"},"potentialAction":[{"@type":"SearchAction","target":{"@type":"EntryPoint","urlTemplate":"https:\/\/www.organisator.ch\/?s={search_term_string}"},"query-input":{"@type":"PropertyValueSpecification","valueRequired":true,"valueName":"search_term_string"}}],"inLanguage":"it-IT"},{"@type":"Organization","@id":"https:\/\/www.organisator.ch\/#organization","name":"Organizzatore","url":"https:\/\/www.organisator.ch\/","logo":{"@type":"ImageObject","inLanguage":"it-IT","@id":"https:\/\/www.organisator.ch\/#\/schema\/logo\/image\/","url":"https:\/\/www.organisator.ch\/wp-content\/uploads\/2022\/01\/Logo_Organisator_Website.png","contentUrl":"https:\/\/www.organisator.ch\/wp-content\/uploads\/2022\/01\/Logo_Organisator_Website.png","width":800,"height":77,"caption":"Organisator"},"image":{"@id":"https:\/\/www.organisator.ch\/#\/schema\/logo\/image\/"},"sameAs":["https:\/\/www.facebook.com\/OrganisatorFachmagazin","https:\/\/www.linkedin.com\/showcase\/organisator-das-magazin-fr-kmu","https:\/\/www.xing.com\/news\/pages\/organisator-ch-695","https:\/\/www.youtube.com\/channel\/UCGP2Sq0iWaZwT3BdIAQFYpw"]},{"@type":"Person","@id":"https:\/\/www.organisator.ch\/#\/schema\/person\/134708ca9321c57b0362cceb7948ffbd","name":"michael.merz","image":{"@type":"ImageObject","inLanguage":"it-IT","@id":"https:\/\/secure.gravatar.com\/avatar\/?s=96&d=mm&r=g","url":"https:\/\/secure.gravatar.com\/avatar\/?s=96&d=mm&r=g","contentUrl":"https:\/\/secure.gravatar.com\/avatar\/?s=96&d=mm&r=g","caption":"michael.merz"},"url":"https:\/\/www.organisator.ch\/it\/author\/michael-merz\/"}]}},"_links":{"self":[{"href":"https:\/\/www.organisator.ch\/it\/wp-json\/wp\/v2\/posts\/10016","targetHints":{"allow":["GET"]}}],"collection":[{"href":"https:\/\/www.organisator.ch\/it\/wp-json\/wp\/v2\/posts"}],"about":[{"href":"https:\/\/www.organisator.ch\/it\/wp-json\/wp\/v2\/types\/post"}],"author":[{"embeddable":true,"href":"https:\/\/www.organisator.ch\/it\/wp-json\/wp\/v2\/users\/5"}],"replies":[{"embeddable":true,"href":"https:\/\/www.organisator.ch\/it\/wp-json\/wp\/v2\/comments?post=10016"}],"version-history":[{"count":1,"href":"https:\/\/www.organisator.ch\/it\/wp-json\/wp\/v2\/posts\/10016\/revisions"}],"predecessor-version":[{"id":10727,"href":"https:\/\/www.organisator.ch\/it\/wp-json\/wp\/v2\/posts\/10016\/revisions\/10727"}],"wp:featuredmedia":[{"embeddable":true,"href":"https:\/\/www.organisator.ch\/it\/wp-json\/wp\/v2\/media\/1175"}],"wp:attachment":[{"href":"https:\/\/www.organisator.ch\/it\/wp-json\/wp\/v2\/media?parent=10016"}],"wp:term":[{"taxonomy":"category","embeddable":true,"href":"https:\/\/www.organisator.ch\/it\/wp-json\/wp\/v2\/categories?post=10016"},{"taxonomy":"post_tag","embeddable":true,"href":"https:\/\/www.organisator.ch\/it\/wp-json\/wp\/v2\/tags?post=10016"}],"curies":[{"name":"wp","href":"https:\/\/api.w.org\/{rel}","templated":true}]}}