{"id":10020,"date":"2017-10-13T09:00:01","date_gmt":"2017-10-13T07:00:01","guid":{"rendered":"https:\/\/www.umweltperspektiven.ch\/?p=1265"},"modified":"2022-02-09T11:06:19","modified_gmt":"2022-02-09T10:06:19","slug":"erneuerbare-energien-sommerwetter-foerderte-rekorde","status":"publish","type":"post","link":"https:\/\/www.organisator.ch\/it\/sustainability\/2017-10-13\/erneuerbare-energien-sommerwetter-foerderte-rekorde\/","title":{"rendered":"Energie rinnovabili: il tempo estivo ha promosso i record"},"content":{"rendered":"<figure id=\"attachment_1266\" aria-describedby=\"caption-attachment-1266\" style=\"width: 600px\" class=\"wp-caption alignnone\"><img loading=\"lazy\" decoding=\"async\" class=\"size-full wp-image-1266\" src=\"\/\/www.umweltperspektiven.ch\/wp-content\/uploads\/2017\/10\/Erneuerbare-Energien-Sommerwetter-f\u00f6rderte-Rekorde-up_umweltperspektiven.jpg\" alt=\"\" width=\"600\" height=\"412\" \/><figcaption id=\"caption-attachment-1266\" class=\"wp-caption-text\">Il fabbisogno energetico dell'Europa \u00e8 sempre pi\u00f9 soddisfatto dalle \"energie rinnovabili\" - questo continuer\u00e0 anche nelle comunit\u00e0 svizzere. (Immagine zVg)<\/figcaption><\/figure>\n<p>A giugno, la gente ha sempre grandi aspettative per il tempo estivo. Il tempo in Europa non era proprio \"bello\" all'inizio di giugno. Naturalmente il sole \u00e8 uscito di tanto in tanto, ma c'era anche molta pioggia e venti insolitamente forti. Ci\u00f2 che agli amici delle attivit\u00e0 all'aperto non piaceva era apparentemente una benedizione per i produttori di forme di energia rinnovabile - in diversi paesi europei allo stesso tempo.<\/p>\n<p>Che sia nel Regno Unito, in Danimarca o in Germania, in un giorno di giugno o in un altro, aziende specializzate sono riuscite a generare pi\u00f9 elettricit\u00e0 da fonti pulite che da combustibili fossili. Nel Regno Unito, per esempio, sono riusciti a produrre pi\u00f9 elettricit\u00e0 da fonti pulite che da carbone e gas naturale. Gli inglesi hanno investito molto nell'energia eolica, con una produzione di energia eolica che rappresenta il 10 per cento del giorno record. Inoltre, c'era l'energia solare, l'energia idroelettrica e la biomassa.<\/p>\n<p>Prese insieme, le energie rinnovabili hanno raggiunto il 50,7% della domanda di energia necessaria. Se si aggiunge l'energia nucleare, i britannici hanno concluso con un impressionante 72,1% di produzione di energia a zero emissioni di CO2.<\/p>\n<p><strong>Attuale migliore della classe<\/strong><\/p>\n<p>In Germania, le cose sembravano ancora migliori. All'inizio di giugno, c'\u00e8 stato un giorno in cui il 66% della domanda di elettricit\u00e0 \u00e8 stata coperta da fonti rinnovabili. Tuttavia, questo non \u00e8 un record in questo paese, poich\u00e9 l'85% era gi\u00e0 stato raggiunto in aprile. Solo la Danimarca ha fatto ancora meglio. In questo paese scandinavo, l'aumento della velocit\u00e0 del vento ha portato a un picco nella produzione di energia. In un breve periodo all'inizio di giugno, gli impianti eolici, che generano anche elettricit\u00e0 per l'esportazione, hanno coperto non meno del 137% della domanda totale di elettricit\u00e0 del Regno.<\/p>\n<p>Tuttavia, il successo danese dell'elettricit\u00e0 verde evidenzia anche un problema centrale: Se il vento soffia molto forte, la produzione \u00e8 eccellente; se non c'\u00e8 vento, invece, non arriva quasi un watt. Poich\u00e9 mancano ancora grandi sistemi di stoccaggio dell'energia che possano immagazzinare l'eccesso di elettricit\u00e0 generata sul posto, l'energia si perde nei periodi di sovrapproduzione - e i periodi di scarsa generazione devono essere compensati in altri modi.<\/p>\n<p><strong>Altri giorni record in vista<\/strong><\/p>\n<p>La tendenza stessa sembra irreversibile: sempre pi\u00f9 bisogni energetici dell'Europa sono soddisfatti dalle \"rinnovabili\" - e questo \u00e8 destinato a continuare. I grandi investimenti nell'energia eolica continuano. Centinaia di nuove turbine offshore saranno costruite nel Mare del Nord nei prossimi anni, e il continuo calo del prezzo delle celle solari fa s\u00ec che l'energia solare sia sempre pi\u00f9 utilizzata - e soprattutto in modo redditizio. Quindi ci saranno senza dubbio altri giorni da record in futuro. (Fonte: TechnologyReview)<\/p>\n<p>&nbsp;<\/p>\n<p>&nbsp;<\/p>\n<p><em>Altre notizie e dati chiave sul settore solare svizzero si trovano su <a href=\"\/\/www.swissolar.ch\">www.swissolar.ch<\/a><\/em><\/p>","protected":false},"excerpt":{"rendered":"<p>Im Juni hat man immer hohe Erwartungen an das Sommerwetter. Wirklich &#8222;sch\u00f6n&#8220; war das Wetter in Europa Anfang Juni nicht. Nat\u00fcrlich kam die Sonne ab und zu raus, aber es gab auch viel Regen und ungew\u00f6hnlich starke Winde. Was Freunden von Freiluftaktivit\u00e4ten eher weniger gefiel, war f\u00fcr die Produzenten erneuerbarer Energieformen offenbar ein Segen \u2013 [&hellip;]<\/p>\n","protected":false},"author":5,"featured_media":9514,"comment_status":"open","ping_status":"open","sticky":false,"template":"","format":"standard","meta":{"_acf_changed":false,"_yoast_wpseo_focuskw":"Sommerwetter","_yoast_wpseo_metadesc":"Wirklich \"sch\u00f6n\" war das Wetter in Europa Anfang Juni nicht, trotzdem brachte das Sommerwetter 2017 den einen oder anderen neuen Rekord mit sich.","articlekey":"","footnotes":""},"categories":[580],"tags":[1098,2005,2143],"class_list":["post-10020","post","type-post","status-publish","format-standard","has-post-thumbnail","hentry","category-sustainability","tag-enerneuerbare-energie","tag-rekorde","tag-solarenergie"],"acf":[],"yoast_head":"<!-- This site is optimized with the Yoast SEO plugin v27.4 - https:\/\/yoast.com\/product\/yoast-seo-wordpress\/ -->\n<title>Erneuerbare Energien: Sommerwetter f\u00f6rderte Rekorde - Organisator<\/title>\n<meta name=\"description\" content=\"Wirklich &quot;sch\u00f6n&quot; war das Wetter in Europa Anfang Juni nicht, trotzdem brachte das Sommerwetter 2017 den einen oder anderen neuen Rekord mit sich.\" \/>\n<meta name=\"robots\" content=\"index, follow, max-snippet:-1, max-image-preview:large, max-video-preview:-1\" \/>\n<link rel=\"canonical\" href=\"https:\/\/www.organisator.ch\/it\/sostenibilita\/2017-10-13\/erneuerbare-energien-sommerwetter-foerderte-rekorde\/\" \/>\n<meta property=\"og:locale\" content=\"it_IT\" \/>\n<meta property=\"og:type\" content=\"article\" \/>\n<meta property=\"og:title\" content=\"Erneuerbare Energien: Sommerwetter f\u00f6rderte Rekorde - Organisator\" \/>\n<meta property=\"og:description\" content=\"Wirklich &quot;sch\u00f6n&quot; war das Wetter in Europa Anfang Juni nicht, trotzdem brachte das Sommerwetter 2017 den einen oder anderen neuen Rekord mit sich.\" \/>\n<meta property=\"og:url\" content=\"https:\/\/www.organisator.ch\/it\/sostenibilita\/2017-10-13\/erneuerbare-energien-sommerwetter-foerderte-rekorde\/\" \/>\n<meta property=\"og:site_name\" content=\"Organisator\" \/>\n<meta property=\"article:publisher\" content=\"https:\/\/www.facebook.com\/OrganisatorFachmagazin\" \/>\n<meta property=\"article:published_time\" content=\"2017-10-13T07:00:01+00:00\" \/>\n<meta property=\"article:modified_time\" content=\"2022-02-09T10:06:19+00:00\" \/>\n<meta property=\"og:image\" content=\"https:\/\/www.organisator.ch\/wp-content\/uploads\/2017\/10\/Erneuerbare-Energien-Sommerwetter-foerderte-Rekorde-up_umweltperspektiven.jpg\" \/>\n\t<meta property=\"og:image:width\" content=\"600\" \/>\n\t<meta property=\"og:image:height\" content=\"412\" \/>\n\t<meta property=\"og:image:type\" content=\"image\/jpeg\" \/>\n<meta name=\"author\" content=\"michael.merz\" \/>\n<meta name=\"twitter:card\" content=\"summary_large_image\" \/>\n<script type=\"application\/ld+json\" class=\"yoast-schema-graph\">{\"@context\":\"https:\\\/\\\/schema.org\",\"@graph\":[{\"@type\":\"Article\",\"@id\":\"https:\\\/\\\/www.organisator.ch\\\/sustainability\\\/2017-10-13\\\/erneuerbare-energien-sommerwetter-foerderte-rekorde\\\/#article\",\"isPartOf\":{\"@id\":\"https:\\\/\\\/www.organisator.ch\\\/sustainability\\\/2017-10-13\\\/erneuerbare-energien-sommerwetter-foerderte-rekorde\\\/\"},\"author\":{\"name\":\"michael.merz\",\"@id\":\"https:\\\/\\\/www.organisator.ch\\\/#\\\/schema\\\/person\\\/134708ca9321c57b0362cceb7948ffbd\"},\"headline\":\"Erneuerbare Energien: Sommerwetter f\u00f6rderte Rekorde\",\"datePublished\":\"2017-10-13T07:00:01+00:00\",\"dateModified\":\"2022-02-09T10:06:19+00:00\",\"mainEntityOfPage\":{\"@id\":\"https:\\\/\\\/www.organisator.ch\\\/sustainability\\\/2017-10-13\\\/erneuerbare-energien-sommerwetter-foerderte-rekorde\\\/\"},\"wordCount\":451,\"commentCount\":0,\"publisher\":{\"@id\":\"https:\\\/\\\/www.organisator.ch\\\/#organization\"},\"image\":{\"@id\":\"https:\\\/\\\/www.organisator.ch\\\/sustainability\\\/2017-10-13\\\/erneuerbare-energien-sommerwetter-foerderte-rekorde\\\/#primaryimage\"},\"thumbnailUrl\":\"https:\\\/\\\/www.organisator.ch\\\/wp-content\\\/uploads\\\/2017\\\/10\\\/Erneuerbare-Energien-Sommerwetter-foerderte-Rekorde-up_umweltperspektiven.jpg\",\"keywords\":[\"Enerneuerbare Energie\",\"Rekorde\",\"Solarenergie\"],\"articleSection\":[\"SUSTAINABILITY\"],\"inLanguage\":\"it-IT\"},{\"@type\":\"WebPage\",\"@id\":\"https:\\\/\\\/www.organisator.ch\\\/sustainability\\\/2017-10-13\\\/erneuerbare-energien-sommerwetter-foerderte-rekorde\\\/\",\"url\":\"https:\\\/\\\/www.organisator.ch\\\/sustainability\\\/2017-10-13\\\/erneuerbare-energien-sommerwetter-foerderte-rekorde\\\/\",\"name\":\"Erneuerbare Energien: Sommerwetter f\u00f6rderte Rekorde - Organisator\",\"isPartOf\":{\"@id\":\"https:\\\/\\\/www.organisator.ch\\\/#website\"},\"primaryImageOfPage\":{\"@id\":\"https:\\\/\\\/www.organisator.ch\\\/sustainability\\\/2017-10-13\\\/erneuerbare-energien-sommerwetter-foerderte-rekorde\\\/#primaryimage\"},\"image\":{\"@id\":\"https:\\\/\\\/www.organisator.ch\\\/sustainability\\\/2017-10-13\\\/erneuerbare-energien-sommerwetter-foerderte-rekorde\\\/#primaryimage\"},\"thumbnailUrl\":\"https:\\\/\\\/www.organisator.ch\\\/wp-content\\\/uploads\\\/2017\\\/10\\\/Erneuerbare-Energien-Sommerwetter-foerderte-Rekorde-up_umweltperspektiven.jpg\",\"datePublished\":\"2017-10-13T07:00:01+00:00\",\"dateModified\":\"2022-02-09T10:06:19+00:00\",\"description\":\"Wirklich \\\"sch\u00f6n\\\" war das Wetter in Europa Anfang Juni nicht, trotzdem brachte das Sommerwetter 2017 den einen oder anderen neuen Rekord mit sich.\",\"breadcrumb\":{\"@id\":\"https:\\\/\\\/www.organisator.ch\\\/sustainability\\\/2017-10-13\\\/erneuerbare-energien-sommerwetter-foerderte-rekorde\\\/#breadcrumb\"},\"inLanguage\":\"it-IT\",\"potentialAction\":[{\"@type\":\"ReadAction\",\"target\":[\"https:\\\/\\\/www.organisator.ch\\\/sustainability\\\/2017-10-13\\\/erneuerbare-energien-sommerwetter-foerderte-rekorde\\\/\"]}]},{\"@type\":\"ImageObject\",\"inLanguage\":\"it-IT\",\"@id\":\"https:\\\/\\\/www.organisator.ch\\\/sustainability\\\/2017-10-13\\\/erneuerbare-energien-sommerwetter-foerderte-rekorde\\\/#primaryimage\",\"url\":\"https:\\\/\\\/www.organisator.ch\\\/wp-content\\\/uploads\\\/2017\\\/10\\\/Erneuerbare-Energien-Sommerwetter-foerderte-Rekorde-up_umweltperspektiven.jpg\",\"contentUrl\":\"https:\\\/\\\/www.organisator.ch\\\/wp-content\\\/uploads\\\/2017\\\/10\\\/Erneuerbare-Energien-Sommerwetter-foerderte-Rekorde-up_umweltperspektiven.jpg\",\"width\":600,\"height\":412,\"caption\":\"Mehr und mehr des europ\u00e4ischen Energiebedarfs wird von den \\\"Erneuerbaren\\\" gedeckt \u2013 das wird auch in Schweizer Gemeinden so weitergehen. (Bild zVg)\"},{\"@type\":\"BreadcrumbList\",\"@id\":\"https:\\\/\\\/www.organisator.ch\\\/sustainability\\\/2017-10-13\\\/erneuerbare-energien-sommerwetter-foerderte-rekorde\\\/#breadcrumb\",\"itemListElement\":[{\"@type\":\"ListItem\",\"position\":1,\"name\":\"Home\",\"item\":\"https:\\\/\\\/www.organisator.ch\\\/\"},{\"@type\":\"ListItem\",\"position\":2,\"name\":\"Erneuerbare Energien: Sommerwetter f\u00f6rderte Rekorde\"}]},{\"@type\":\"WebSite\",\"@id\":\"https:\\\/\\\/www.organisator.ch\\\/#website\",\"url\":\"https:\\\/\\\/www.organisator.ch\\\/\",\"name\":\"Organisator\",\"description\":\"Kompetent. Praxisnah. Der ORGANISATOR bereitet in 10 Ausgaben pro Jahr die wesentlichen Themen f\u00fcr F\u00fchrungskr\u00e4fte von KMU auf.\",\"publisher\":{\"@id\":\"https:\\\/\\\/www.organisator.ch\\\/#organization\"},\"potentialAction\":[{\"@type\":\"SearchAction\",\"target\":{\"@type\":\"EntryPoint\",\"urlTemplate\":\"https:\\\/\\\/www.organisator.ch\\\/?s={search_term_string}\"},\"query-input\":{\"@type\":\"PropertyValueSpecification\",\"valueRequired\":true,\"valueName\":\"search_term_string\"}}],\"inLanguage\":\"it-IT\"},{\"@type\":\"Organization\",\"@id\":\"https:\\\/\\\/www.organisator.ch\\\/#organization\",\"name\":\"Organisator\",\"url\":\"https:\\\/\\\/www.organisator.ch\\\/\",\"logo\":{\"@type\":\"ImageObject\",\"inLanguage\":\"it-IT\",\"@id\":\"https:\\\/\\\/www.organisator.ch\\\/#\\\/schema\\\/logo\\\/image\\\/\",\"url\":\"https:\\\/\\\/www.organisator.ch\\\/wp-content\\\/uploads\\\/2022\\\/01\\\/Logo_Organisator_Website.png\",\"contentUrl\":\"https:\\\/\\\/www.organisator.ch\\\/wp-content\\\/uploads\\\/2022\\\/01\\\/Logo_Organisator_Website.png\",\"width\":800,\"height\":77,\"caption\":\"Organisator\"},\"image\":{\"@id\":\"https:\\\/\\\/www.organisator.ch\\\/#\\\/schema\\\/logo\\\/image\\\/\"},\"sameAs\":[\"https:\\\/\\\/www.facebook.com\\\/OrganisatorFachmagazin\",\"https:\\\/\\\/www.linkedin.com\\\/showcase\\\/organisator-das-magazin-fr-kmu\",\"https:\\\/\\\/www.xing.com\\\/news\\\/pages\\\/organisator-ch-695\",\"https:\\\/\\\/www.youtube.com\\\/channel\\\/UCGP2Sq0iWaZwT3BdIAQFYpw\"]},{\"@type\":\"Person\",\"@id\":\"https:\\\/\\\/www.organisator.ch\\\/#\\\/schema\\\/person\\\/134708ca9321c57b0362cceb7948ffbd\",\"name\":\"michael.merz\",\"image\":{\"@type\":\"ImageObject\",\"inLanguage\":\"it-IT\",\"@id\":\"https:\\\/\\\/secure.gravatar.com\\\/avatar\\\/?s=96&d=mm&r=g\",\"url\":\"https:\\\/\\\/secure.gravatar.com\\\/avatar\\\/?s=96&d=mm&r=g\",\"contentUrl\":\"https:\\\/\\\/secure.gravatar.com\\\/avatar\\\/?s=96&d=mm&r=g\",\"caption\":\"michael.merz\"},\"url\":\"https:\\\/\\\/www.organisator.ch\\\/it\\\/author\\\/michael-merz\\\/\"}]}<\/script>\n<!-- \/ Yoast SEO plugin. -->","yoast_head_json":{"title":"Energie rinnovabili: il clima estivo ha promosso i record - Organizzatore","description":"Il tempo in Europa non \u00e8 stato proprio \"bello\" all'inizio di giugno, ma il clima estivo del 2017 ha comunque portato con s\u00e9 uno o due nuovi record.","robots":{"index":"index","follow":"follow","max-snippet":"max-snippet:-1","max-image-preview":"max-image-preview:large","max-video-preview":"max-video-preview:-1"},"canonical":"https:\/\/www.organisator.ch\/it\/sostenibilita\/2017-10-13\/erneuerbare-energien-sommerwetter-foerderte-rekorde\/","og_locale":"it_IT","og_type":"article","og_title":"Erneuerbare Energien: Sommerwetter f\u00f6rderte Rekorde - Organisator","og_description":"Wirklich \"sch\u00f6n\" war das Wetter in Europa Anfang Juni nicht, trotzdem brachte das Sommerwetter 2017 den einen oder anderen neuen Rekord mit sich.","og_url":"https:\/\/www.organisator.ch\/it\/sostenibilita\/2017-10-13\/erneuerbare-energien-sommerwetter-foerderte-rekorde\/","og_site_name":"Organisator","article_publisher":"https:\/\/www.facebook.com\/OrganisatorFachmagazin","article_published_time":"2017-10-13T07:00:01+00:00","article_modified_time":"2022-02-09T10:06:19+00:00","og_image":[{"width":600,"height":412,"url":"https:\/\/www.organisator.ch\/wp-content\/uploads\/2017\/10\/Erneuerbare-Energien-Sommerwetter-foerderte-Rekorde-up_umweltperspektiven.jpg","type":"image\/jpeg"}],"author":"michael.merz","twitter_card":"summary_large_image","schema":{"@context":"https:\/\/schema.org","@graph":[{"@type":"Article","@id":"https:\/\/www.organisator.ch\/sustainability\/2017-10-13\/erneuerbare-energien-sommerwetter-foerderte-rekorde\/#article","isPartOf":{"@id":"https:\/\/www.organisator.ch\/sustainability\/2017-10-13\/erneuerbare-energien-sommerwetter-foerderte-rekorde\/"},"author":{"name":"michael.merz","@id":"https:\/\/www.organisator.ch\/#\/schema\/person\/134708ca9321c57b0362cceb7948ffbd"},"headline":"Erneuerbare Energien: Sommerwetter f\u00f6rderte Rekorde","datePublished":"2017-10-13T07:00:01+00:00","dateModified":"2022-02-09T10:06:19+00:00","mainEntityOfPage":{"@id":"https:\/\/www.organisator.ch\/sustainability\/2017-10-13\/erneuerbare-energien-sommerwetter-foerderte-rekorde\/"},"wordCount":451,"commentCount":0,"publisher":{"@id":"https:\/\/www.organisator.ch\/#organization"},"image":{"@id":"https:\/\/www.organisator.ch\/sustainability\/2017-10-13\/erneuerbare-energien-sommerwetter-foerderte-rekorde\/#primaryimage"},"thumbnailUrl":"https:\/\/www.organisator.ch\/wp-content\/uploads\/2017\/10\/Erneuerbare-Energien-Sommerwetter-foerderte-Rekorde-up_umweltperspektiven.jpg","keywords":["Enerneuerbare Energie","Rekorde","Solarenergie"],"articleSection":["SUSTAINABILITY"],"inLanguage":"it-IT"},{"@type":"WebPage","@id":"https:\/\/www.organisator.ch\/sustainability\/2017-10-13\/erneuerbare-energien-sommerwetter-foerderte-rekorde\/","url":"https:\/\/www.organisator.ch\/sustainability\/2017-10-13\/erneuerbare-energien-sommerwetter-foerderte-rekorde\/","name":"Energie rinnovabili: il clima estivo ha promosso i record - Organizzatore","isPartOf":{"@id":"https:\/\/www.organisator.ch\/#website"},"primaryImageOfPage":{"@id":"https:\/\/www.organisator.ch\/sustainability\/2017-10-13\/erneuerbare-energien-sommerwetter-foerderte-rekorde\/#primaryimage"},"image":{"@id":"https:\/\/www.organisator.ch\/sustainability\/2017-10-13\/erneuerbare-energien-sommerwetter-foerderte-rekorde\/#primaryimage"},"thumbnailUrl":"https:\/\/www.organisator.ch\/wp-content\/uploads\/2017\/10\/Erneuerbare-Energien-Sommerwetter-foerderte-Rekorde-up_umweltperspektiven.jpg","datePublished":"2017-10-13T07:00:01+00:00","dateModified":"2022-02-09T10:06:19+00:00","description":"Il tempo in Europa non \u00e8 stato proprio \"bello\" all'inizio di giugno, ma il clima estivo del 2017 ha comunque portato con s\u00e9 uno o due nuovi record.","breadcrumb":{"@id":"https:\/\/www.organisator.ch\/sustainability\/2017-10-13\/erneuerbare-energien-sommerwetter-foerderte-rekorde\/#breadcrumb"},"inLanguage":"it-IT","potentialAction":[{"@type":"ReadAction","target":["https:\/\/www.organisator.ch\/sustainability\/2017-10-13\/erneuerbare-energien-sommerwetter-foerderte-rekorde\/"]}]},{"@type":"ImageObject","inLanguage":"it-IT","@id":"https:\/\/www.organisator.ch\/sustainability\/2017-10-13\/erneuerbare-energien-sommerwetter-foerderte-rekorde\/#primaryimage","url":"https:\/\/www.organisator.ch\/wp-content\/uploads\/2017\/10\/Erneuerbare-Energien-Sommerwetter-foerderte-Rekorde-up_umweltperspektiven.jpg","contentUrl":"https:\/\/www.organisator.ch\/wp-content\/uploads\/2017\/10\/Erneuerbare-Energien-Sommerwetter-foerderte-Rekorde-up_umweltperspektiven.jpg","width":600,"height":412,"caption":"Mehr und mehr des europ\u00e4ischen Energiebedarfs wird von den \"Erneuerbaren\" gedeckt \u2013 das wird auch in Schweizer Gemeinden so weitergehen. (Bild zVg)"},{"@type":"BreadcrumbList","@id":"https:\/\/www.organisator.ch\/sustainability\/2017-10-13\/erneuerbare-energien-sommerwetter-foerderte-rekorde\/#breadcrumb","itemListElement":[{"@type":"ListItem","position":1,"name":"Home","item":"https:\/\/www.organisator.ch\/"},{"@type":"ListItem","position":2,"name":"Erneuerbare Energien: Sommerwetter f\u00f6rderte Rekorde"}]},{"@type":"WebSite","@id":"https:\/\/www.organisator.ch\/#website","url":"https:\/\/www.organisator.ch\/","name":"Organizzatore","description":"Competente. Pratico. In 10 numeri all'anno, ORGANISATOR presenta i temi essenziali per i manager delle PMI.","publisher":{"@id":"https:\/\/www.organisator.ch\/#organization"},"potentialAction":[{"@type":"SearchAction","target":{"@type":"EntryPoint","urlTemplate":"https:\/\/www.organisator.ch\/?s={search_term_string}"},"query-input":{"@type":"PropertyValueSpecification","valueRequired":true,"valueName":"search_term_string"}}],"inLanguage":"it-IT"},{"@type":"Organization","@id":"https:\/\/www.organisator.ch\/#organization","name":"Organizzatore","url":"https:\/\/www.organisator.ch\/","logo":{"@type":"ImageObject","inLanguage":"it-IT","@id":"https:\/\/www.organisator.ch\/#\/schema\/logo\/image\/","url":"https:\/\/www.organisator.ch\/wp-content\/uploads\/2022\/01\/Logo_Organisator_Website.png","contentUrl":"https:\/\/www.organisator.ch\/wp-content\/uploads\/2022\/01\/Logo_Organisator_Website.png","width":800,"height":77,"caption":"Organisator"},"image":{"@id":"https:\/\/www.organisator.ch\/#\/schema\/logo\/image\/"},"sameAs":["https:\/\/www.facebook.com\/OrganisatorFachmagazin","https:\/\/www.linkedin.com\/showcase\/organisator-das-magazin-fr-kmu","https:\/\/www.xing.com\/news\/pages\/organisator-ch-695","https:\/\/www.youtube.com\/channel\/UCGP2Sq0iWaZwT3BdIAQFYpw"]},{"@type":"Person","@id":"https:\/\/www.organisator.ch\/#\/schema\/person\/134708ca9321c57b0362cceb7948ffbd","name":"michael.merz","image":{"@type":"ImageObject","inLanguage":"it-IT","@id":"https:\/\/secure.gravatar.com\/avatar\/?s=96&d=mm&r=g","url":"https:\/\/secure.gravatar.com\/avatar\/?s=96&d=mm&r=g","contentUrl":"https:\/\/secure.gravatar.com\/avatar\/?s=96&d=mm&r=g","caption":"michael.merz"},"url":"https:\/\/www.organisator.ch\/it\/author\/michael-merz\/"}]}},"_links":{"self":[{"href":"https:\/\/www.organisator.ch\/it\/wp-json\/wp\/v2\/posts\/10020","targetHints":{"allow":["GET"]}}],"collection":[{"href":"https:\/\/www.organisator.ch\/it\/wp-json\/wp\/v2\/posts"}],"about":[{"href":"https:\/\/www.organisator.ch\/it\/wp-json\/wp\/v2\/types\/post"}],"author":[{"embeddable":true,"href":"https:\/\/www.organisator.ch\/it\/wp-json\/wp\/v2\/users\/5"}],"replies":[{"embeddable":true,"href":"https:\/\/www.organisator.ch\/it\/wp-json\/wp\/v2\/comments?post=10020"}],"version-history":[{"count":1,"href":"https:\/\/www.organisator.ch\/it\/wp-json\/wp\/v2\/posts\/10020\/revisions"}],"predecessor-version":[{"id":10575,"href":"https:\/\/www.organisator.ch\/it\/wp-json\/wp\/v2\/posts\/10020\/revisions\/10575"}],"wp:featuredmedia":[{"embeddable":true,"href":"https:\/\/www.organisator.ch\/it\/wp-json\/wp\/v2\/media\/9514"}],"wp:attachment":[{"href":"https:\/\/www.organisator.ch\/it\/wp-json\/wp\/v2\/media?parent=10020"}],"wp:term":[{"taxonomy":"category","embeddable":true,"href":"https:\/\/www.organisator.ch\/it\/wp-json\/wp\/v2\/categories?post=10020"},{"taxonomy":"post_tag","embeddable":true,"href":"https:\/\/www.organisator.ch\/it\/wp-json\/wp\/v2\/tags?post=10020"}],"curies":[{"name":"wp","href":"https:\/\/api.w.org\/{rel}","templated":true}]}}