{"id":10028,"date":"2017-12-11T07:00:38","date_gmt":"2017-12-11T06:00:38","guid":{"rendered":"https:\/\/www.umweltperspektiven.ch\/?p=1401"},"modified":"2017-12-11T07:00:38","modified_gmt":"2017-12-11T06:00:38","slug":"1401-2","status":"publish","type":"post","link":"https:\/\/www.organisator.ch\/it\/allgemein\/2017-12-11\/1401-2\/","title":{"rendered":"Smart City Index: Zurigo e Ginevra sono leader mondiali"},"content":{"rendered":"<figure id=\"attachment_1403\" aria-describedby=\"caption-attachment-1403\" style=\"width: 680px\" class=\"wp-caption alignnone\"><img loading=\"lazy\" decoding=\"async\" class=\"wp-image-1403 size-medium\" src=\"\/\/www.umweltperspektiven.ch\/wp-content\/uploads\/2017\/12\/Smart-City-Studie-Z\u00fcrich-und-Genf-sind-Weltspitze-up-umweltperspektiven.jpg\" alt=\"\" width=\"680\" height=\"454\" \/><figcaption id=\"caption-attachment-1403\" class=\"wp-caption-text\">Le citt\u00e0 di Zurigo e Ginevra sono in fondo alla classifica in termini di traffico, utilizzo del wifi e 5G. (Immagine: zVg)<\/figcaption><\/figure>\n<p>Lo Smart City Index \u00e8 stato creato dalla societ\u00e0 svedese EasyPark, che si occupa principalmente di parcheggi intelligenti. Hanno stilato una breve lista di 100 citt\u00e0, valutando presumibilmente le \"uscite\" di circa 20.000 giornalisti.<\/p>\n<p>Le citt\u00e0 del mondo dovrebbero diventare pi\u00f9 vivibili, cio\u00e8 pi\u00f9 intelligenti. Almeno questa \u00e8 la promessa di tutti coloro che vogliono progettare citt\u00e0 intelligenti. Zurigo e Ginevra sono gi\u00e0 tra le citt\u00e0 pi\u00f9 vivibili al mondo, come sottolineano ripetutamente le classifiche delle citt\u00e0. Come si comportano le due citt\u00e0 nell'attuale \"Smart City Index 2017\"? Nella classifica globale, Zurigo \u00e8 al quarto posto e Ginevra al nono. Tuttavia, tutto sommato, mostrano anche dei punti deboli. La situazione \u00e8 davvero pessima quando si tratta di democrazia diretta e partecipazione dei cittadini a progetti collettivi:<\/p>\n<p>Ginevra \u00e8 all'88\u00b0 posto, appena prima di Mosca, ma molto pi\u00f9 indietro della capitale mondiale della cocaina, Medellin. Lo stesso vale per Zurigo (86\u00b0). Sono molto indietro anche nel contesto dei trasporti (Ginevra 44\u00b0, Zurigo 56\u00b0). Per quanto riguarda il 4G LTE, Ginevra \u00e8 almeno al 19\u00b0 posto, mentre Zurigo \u00e8 solo al 63\u00b0. Anche per quanto riguarda la velocit\u00e0 di Internet, Ginevra \u00e8 molto pi\u00f9 avanti di Zurigo, con il 14\u00b0 posto (66). Per quanto riguarda altri due aspetti della digitalizzazione, Zurigo e Ginevra si trovano nella parte bassa della classifica.<\/p>\n<p>In termini di traffico, utilizzo del wifi o del 5G, le citt\u00e0 di Zurigo e Ginevra si trovano nelle posizioni pi\u00f9 basse, secondo gli autori dello Smart City Index. Tuttavia, quest'ultima \u00e8 in qualche modo relativa dal punto di vista dell'intelligenza. Non tutte le aree della vita devono essere analizzate.<\/p>\n<p><a href=\"\/\/www.easyparkgroup.com\">www.easyparkgroup.com<\/a><\/p>\n<p>&nbsp;<\/p>\n<p>&nbsp;<\/p>","protected":false},"excerpt":{"rendered":"<p>Der Smart-City-Index wurde von der schwedischen Firma EasyPark erstellt, welche prim\u00e4r im Smart-Parking-Business Geld verdient. Sie haben eine Short-List von 100 St\u00e4dten aufgestellt, dabei haben sie angeblich &#8222;Outputs&#8220; von rund 20&#8217;000 Journalisten ausgewertet. Lebenswerter, sprich smarter sollen sie werden, die Weltst\u00e4dte. Das versprechen mindestens all jene, welche die Smart Cities konzipieren wollen. Z\u00fcrich und Genf [&hellip;]<\/p>\n","protected":false},"author":5,"featured_media":9526,"comment_status":"open","ping_status":"open","sticky":false,"template":"","format":"standard","meta":{"_acf_changed":false,"_yoast_wpseo_focuskw":"Smart-City-Index","_yoast_wpseo_metadesc":"Der Smart-City-Index wurde von der schwedischen Firma EasyPark erstellt. Er pr\u00e4miert benutzerfreundliche, lebenswerte St\u00e4dte rund um die vernetzte Erdkugel.","articlekey":"","footnotes":""},"categories":[1],"tags":[1769,2129],"class_list":["post-10028","post","type-post","status-publish","format-standard","has-post-thumbnail","hentry","category-allgemein","tag-nachhaltige-mobilitaet","tag-smart-city-index"],"acf":[],"yoast_head":"<!-- This site is optimized with the Yoast SEO plugin v27.4 - https:\/\/yoast.com\/product\/yoast-seo-wordpress\/ -->\n<title>Smart-City-Index: Z\u00fcrich und Genf sind Weltspitze - Organisator<\/title>\n<meta name=\"description\" content=\"Der Smart-City-Index wurde von der schwedischen Firma EasyPark erstellt. Er pr\u00e4miert benutzerfreundliche, lebenswerte St\u00e4dte rund um die vernetzte Erdkugel.\" \/>\n<meta name=\"robots\" content=\"index, follow, max-snippet:-1, max-image-preview:large, max-video-preview:-1\" \/>\n<link rel=\"canonical\" href=\"https:\/\/www.organisator.ch\/it\/generale\/2017-12-11\/1401-2\/\" \/>\n<meta property=\"og:locale\" content=\"it_IT\" \/>\n<meta property=\"og:type\" content=\"article\" \/>\n<meta property=\"og:title\" content=\"Smart-City-Index: Z\u00fcrich und Genf sind Weltspitze - Organisator\" \/>\n<meta property=\"og:description\" content=\"Der Smart-City-Index wurde von der schwedischen Firma EasyPark erstellt. Er pr\u00e4miert benutzerfreundliche, lebenswerte St\u00e4dte rund um die vernetzte Erdkugel.\" \/>\n<meta property=\"og:url\" content=\"https:\/\/www.organisator.ch\/it\/generale\/2017-12-11\/1401-2\/\" \/>\n<meta property=\"og:site_name\" content=\"Organisator\" \/>\n<meta property=\"article:publisher\" content=\"https:\/\/www.facebook.com\/OrganisatorFachmagazin\" \/>\n<meta property=\"article:published_time\" content=\"2017-12-11T06:00:38+00:00\" \/>\n<meta property=\"og:image\" content=\"https:\/\/www.organisator.ch\/wp-content\/uploads\/2017\/12\/Smart-City-Studie-Zuerich-und-Genf-sind-Weltspitze-up-umweltperspektiven.jpg\" \/>\n\t<meta property=\"og:image:width\" content=\"700\" \/>\n\t<meta property=\"og:image:height\" content=\"467\" \/>\n\t<meta property=\"og:image:type\" content=\"image\/jpeg\" \/>\n<meta name=\"author\" content=\"michael.merz\" \/>\n<meta name=\"twitter:card\" content=\"summary_large_image\" \/>\n<script type=\"application\/ld+json\" class=\"yoast-schema-graph\">{\"@context\":\"https:\\\/\\\/schema.org\",\"@graph\":[{\"@type\":\"Article\",\"@id\":\"https:\\\/\\\/www.organisator.ch\\\/de\\\/allgemein\\\/2017-12-11\\\/1401-2\\\/#article\",\"isPartOf\":{\"@id\":\"https:\\\/\\\/www.organisator.ch\\\/de\\\/allgemein\\\/2017-12-11\\\/1401-2\\\/\"},\"author\":{\"name\":\"michael.merz\",\"@id\":\"https:\\\/\\\/www.organisator.ch\\\/#\\\/schema\\\/person\\\/134708ca9321c57b0362cceb7948ffbd\"},\"headline\":\"Smart-City-Index: Z\u00fcrich und Genf sind Weltspitze\",\"datePublished\":\"2017-12-11T06:00:38+00:00\",\"mainEntityOfPage\":{\"@id\":\"https:\\\/\\\/www.organisator.ch\\\/de\\\/allgemein\\\/2017-12-11\\\/1401-2\\\/\"},\"wordCount\":271,\"commentCount\":0,\"publisher\":{\"@id\":\"https:\\\/\\\/www.organisator.ch\\\/#organization\"},\"image\":{\"@id\":\"https:\\\/\\\/www.organisator.ch\\\/de\\\/allgemein\\\/2017-12-11\\\/1401-2\\\/#primaryimage\"},\"thumbnailUrl\":\"https:\\\/\\\/www.organisator.ch\\\/wp-content\\\/uploads\\\/2017\\\/12\\\/Smart-City-Studie-Zuerich-und-Genf-sind-Weltspitze-up-umweltperspektiven.jpg\",\"keywords\":[\"Nachhaltige Mobilit\u00e4t\",\"Smart City Index\"],\"articleSection\":[\"Allgemein\"],\"inLanguage\":\"it-IT\"},{\"@type\":\"WebPage\",\"@id\":\"https:\\\/\\\/www.organisator.ch\\\/de\\\/allgemein\\\/2017-12-11\\\/1401-2\\\/\",\"url\":\"https:\\\/\\\/www.organisator.ch\\\/de\\\/allgemein\\\/2017-12-11\\\/1401-2\\\/\",\"name\":\"Smart-City-Index: Z\u00fcrich und Genf sind Weltspitze - Organisator\",\"isPartOf\":{\"@id\":\"https:\\\/\\\/www.organisator.ch\\\/#website\"},\"primaryImageOfPage\":{\"@id\":\"https:\\\/\\\/www.organisator.ch\\\/de\\\/allgemein\\\/2017-12-11\\\/1401-2\\\/#primaryimage\"},\"image\":{\"@id\":\"https:\\\/\\\/www.organisator.ch\\\/de\\\/allgemein\\\/2017-12-11\\\/1401-2\\\/#primaryimage\"},\"thumbnailUrl\":\"https:\\\/\\\/www.organisator.ch\\\/wp-content\\\/uploads\\\/2017\\\/12\\\/Smart-City-Studie-Zuerich-und-Genf-sind-Weltspitze-up-umweltperspektiven.jpg\",\"datePublished\":\"2017-12-11T06:00:38+00:00\",\"description\":\"Der Smart-City-Index wurde von der schwedischen Firma EasyPark erstellt. Er pr\u00e4miert benutzerfreundliche, lebenswerte St\u00e4dte rund um die vernetzte Erdkugel.\",\"breadcrumb\":{\"@id\":\"https:\\\/\\\/www.organisator.ch\\\/de\\\/allgemein\\\/2017-12-11\\\/1401-2\\\/#breadcrumb\"},\"inLanguage\":\"it-IT\",\"potentialAction\":[{\"@type\":\"ReadAction\",\"target\":[\"https:\\\/\\\/www.organisator.ch\\\/de\\\/allgemein\\\/2017-12-11\\\/1401-2\\\/\"]}]},{\"@type\":\"ImageObject\",\"inLanguage\":\"it-IT\",\"@id\":\"https:\\\/\\\/www.organisator.ch\\\/de\\\/allgemein\\\/2017-12-11\\\/1401-2\\\/#primaryimage\",\"url\":\"https:\\\/\\\/www.organisator.ch\\\/wp-content\\\/uploads\\\/2017\\\/12\\\/Smart-City-Studie-Zuerich-und-Genf-sind-Weltspitze-up-umweltperspektiven.jpg\",\"contentUrl\":\"https:\\\/\\\/www.organisator.ch\\\/wp-content\\\/uploads\\\/2017\\\/12\\\/Smart-City-Studie-Zuerich-und-Genf-sind-Weltspitze-up-umweltperspektiven.jpg\",\"width\":700,\"height\":467},{\"@type\":\"BreadcrumbList\",\"@id\":\"https:\\\/\\\/www.organisator.ch\\\/de\\\/allgemein\\\/2017-12-11\\\/1401-2\\\/#breadcrumb\",\"itemListElement\":[{\"@type\":\"ListItem\",\"position\":1,\"name\":\"Home\",\"item\":\"https:\\\/\\\/www.organisator.ch\\\/\"},{\"@type\":\"ListItem\",\"position\":2,\"name\":\"Smart-City-Index: Z\u00fcrich und Genf sind Weltspitze\"}]},{\"@type\":\"WebSite\",\"@id\":\"https:\\\/\\\/www.organisator.ch\\\/#website\",\"url\":\"https:\\\/\\\/www.organisator.ch\\\/\",\"name\":\"Organisator\",\"description\":\"Kompetent. Praxisnah. Der ORGANISATOR bereitet in 10 Ausgaben pro Jahr die wesentlichen Themen f\u00fcr F\u00fchrungskr\u00e4fte von KMU auf.\",\"publisher\":{\"@id\":\"https:\\\/\\\/www.organisator.ch\\\/#organization\"},\"potentialAction\":[{\"@type\":\"SearchAction\",\"target\":{\"@type\":\"EntryPoint\",\"urlTemplate\":\"https:\\\/\\\/www.organisator.ch\\\/?s={search_term_string}\"},\"query-input\":{\"@type\":\"PropertyValueSpecification\",\"valueRequired\":true,\"valueName\":\"search_term_string\"}}],\"inLanguage\":\"it-IT\"},{\"@type\":\"Organization\",\"@id\":\"https:\\\/\\\/www.organisator.ch\\\/#organization\",\"name\":\"Organisator\",\"url\":\"https:\\\/\\\/www.organisator.ch\\\/\",\"logo\":{\"@type\":\"ImageObject\",\"inLanguage\":\"it-IT\",\"@id\":\"https:\\\/\\\/www.organisator.ch\\\/#\\\/schema\\\/logo\\\/image\\\/\",\"url\":\"https:\\\/\\\/www.organisator.ch\\\/wp-content\\\/uploads\\\/2022\\\/01\\\/Logo_Organisator_Website.png\",\"contentUrl\":\"https:\\\/\\\/www.organisator.ch\\\/wp-content\\\/uploads\\\/2022\\\/01\\\/Logo_Organisator_Website.png\",\"width\":800,\"height\":77,\"caption\":\"Organisator\"},\"image\":{\"@id\":\"https:\\\/\\\/www.organisator.ch\\\/#\\\/schema\\\/logo\\\/image\\\/\"},\"sameAs\":[\"https:\\\/\\\/www.facebook.com\\\/OrganisatorFachmagazin\",\"https:\\\/\\\/www.linkedin.com\\\/showcase\\\/organisator-das-magazin-fr-kmu\",\"https:\\\/\\\/www.xing.com\\\/news\\\/pages\\\/organisator-ch-695\",\"https:\\\/\\\/www.youtube.com\\\/channel\\\/UCGP2Sq0iWaZwT3BdIAQFYpw\"]},{\"@type\":\"Person\",\"@id\":\"https:\\\/\\\/www.organisator.ch\\\/#\\\/schema\\\/person\\\/134708ca9321c57b0362cceb7948ffbd\",\"name\":\"michael.merz\",\"image\":{\"@type\":\"ImageObject\",\"inLanguage\":\"it-IT\",\"@id\":\"https:\\\/\\\/secure.gravatar.com\\\/avatar\\\/?s=96&d=mm&r=g\",\"url\":\"https:\\\/\\\/secure.gravatar.com\\\/avatar\\\/?s=96&d=mm&r=g\",\"contentUrl\":\"https:\\\/\\\/secure.gravatar.com\\\/avatar\\\/?s=96&d=mm&r=g\",\"caption\":\"michael.merz\"},\"url\":\"https:\\\/\\\/www.organisator.ch\\\/it\\\/author\\\/michael-merz\\\/\"}]}<\/script>\n<!-- \/ Yoast SEO plugin. -->","yoast_head_json":{"title":"Smart City Index: Zurigo e Ginevra leader mondiali - Organizzatore","description":"Lo Smart City Index \u00e8 stato creato dalla societ\u00e0 svedese EasyPark. Premia citt\u00e0 vivibili e facili da usare in tutto il mondo connesso.","robots":{"index":"index","follow":"follow","max-snippet":"max-snippet:-1","max-image-preview":"max-image-preview:large","max-video-preview":"max-video-preview:-1"},"canonical":"https:\/\/www.organisator.ch\/it\/generale\/2017-12-11\/1401-2\/","og_locale":"it_IT","og_type":"article","og_title":"Smart-City-Index: Z\u00fcrich und Genf sind Weltspitze - Organisator","og_description":"Der Smart-City-Index wurde von der schwedischen Firma EasyPark erstellt. Er pr\u00e4miert benutzerfreundliche, lebenswerte St\u00e4dte rund um die vernetzte Erdkugel.","og_url":"https:\/\/www.organisator.ch\/it\/generale\/2017-12-11\/1401-2\/","og_site_name":"Organisator","article_publisher":"https:\/\/www.facebook.com\/OrganisatorFachmagazin","article_published_time":"2017-12-11T06:00:38+00:00","og_image":[{"width":700,"height":467,"url":"https:\/\/www.organisator.ch\/wp-content\/uploads\/2017\/12\/Smart-City-Studie-Zuerich-und-Genf-sind-Weltspitze-up-umweltperspektiven.jpg","type":"image\/jpeg"}],"author":"michael.merz","twitter_card":"summary_large_image","schema":{"@context":"https:\/\/schema.org","@graph":[{"@type":"Article","@id":"https:\/\/www.organisator.ch\/de\/allgemein\/2017-12-11\/1401-2\/#article","isPartOf":{"@id":"https:\/\/www.organisator.ch\/de\/allgemein\/2017-12-11\/1401-2\/"},"author":{"name":"michael.merz","@id":"https:\/\/www.organisator.ch\/#\/schema\/person\/134708ca9321c57b0362cceb7948ffbd"},"headline":"Smart-City-Index: Z\u00fcrich und Genf sind Weltspitze","datePublished":"2017-12-11T06:00:38+00:00","mainEntityOfPage":{"@id":"https:\/\/www.organisator.ch\/de\/allgemein\/2017-12-11\/1401-2\/"},"wordCount":271,"commentCount":0,"publisher":{"@id":"https:\/\/www.organisator.ch\/#organization"},"image":{"@id":"https:\/\/www.organisator.ch\/de\/allgemein\/2017-12-11\/1401-2\/#primaryimage"},"thumbnailUrl":"https:\/\/www.organisator.ch\/wp-content\/uploads\/2017\/12\/Smart-City-Studie-Zuerich-und-Genf-sind-Weltspitze-up-umweltperspektiven.jpg","keywords":["Nachhaltige Mobilit\u00e4t","Smart City Index"],"articleSection":["Allgemein"],"inLanguage":"it-IT"},{"@type":"WebPage","@id":"https:\/\/www.organisator.ch\/de\/allgemein\/2017-12-11\/1401-2\/","url":"https:\/\/www.organisator.ch\/de\/allgemein\/2017-12-11\/1401-2\/","name":"Smart City Index: Zurigo e Ginevra leader mondiali - Organizzatore","isPartOf":{"@id":"https:\/\/www.organisator.ch\/#website"},"primaryImageOfPage":{"@id":"https:\/\/www.organisator.ch\/de\/allgemein\/2017-12-11\/1401-2\/#primaryimage"},"image":{"@id":"https:\/\/www.organisator.ch\/de\/allgemein\/2017-12-11\/1401-2\/#primaryimage"},"thumbnailUrl":"https:\/\/www.organisator.ch\/wp-content\/uploads\/2017\/12\/Smart-City-Studie-Zuerich-und-Genf-sind-Weltspitze-up-umweltperspektiven.jpg","datePublished":"2017-12-11T06:00:38+00:00","description":"Lo Smart City Index \u00e8 stato creato dalla societ\u00e0 svedese EasyPark. Premia citt\u00e0 vivibili e facili da usare in tutto il mondo connesso.","breadcrumb":{"@id":"https:\/\/www.organisator.ch\/de\/allgemein\/2017-12-11\/1401-2\/#breadcrumb"},"inLanguage":"it-IT","potentialAction":[{"@type":"ReadAction","target":["https:\/\/www.organisator.ch\/de\/allgemein\/2017-12-11\/1401-2\/"]}]},{"@type":"ImageObject","inLanguage":"it-IT","@id":"https:\/\/www.organisator.ch\/de\/allgemein\/2017-12-11\/1401-2\/#primaryimage","url":"https:\/\/www.organisator.ch\/wp-content\/uploads\/2017\/12\/Smart-City-Studie-Zuerich-und-Genf-sind-Weltspitze-up-umweltperspektiven.jpg","contentUrl":"https:\/\/www.organisator.ch\/wp-content\/uploads\/2017\/12\/Smart-City-Studie-Zuerich-und-Genf-sind-Weltspitze-up-umweltperspektiven.jpg","width":700,"height":467},{"@type":"BreadcrumbList","@id":"https:\/\/www.organisator.ch\/de\/allgemein\/2017-12-11\/1401-2\/#breadcrumb","itemListElement":[{"@type":"ListItem","position":1,"name":"Home","item":"https:\/\/www.organisator.ch\/"},{"@type":"ListItem","position":2,"name":"Smart-City-Index: Z\u00fcrich und Genf sind Weltspitze"}]},{"@type":"WebSite","@id":"https:\/\/www.organisator.ch\/#website","url":"https:\/\/www.organisator.ch\/","name":"Organizzatore","description":"Competente. Pratico. In 10 numeri all'anno, ORGANISATOR presenta i temi essenziali per i manager delle PMI.","publisher":{"@id":"https:\/\/www.organisator.ch\/#organization"},"potentialAction":[{"@type":"SearchAction","target":{"@type":"EntryPoint","urlTemplate":"https:\/\/www.organisator.ch\/?s={search_term_string}"},"query-input":{"@type":"PropertyValueSpecification","valueRequired":true,"valueName":"search_term_string"}}],"inLanguage":"it-IT"},{"@type":"Organization","@id":"https:\/\/www.organisator.ch\/#organization","name":"Organizzatore","url":"https:\/\/www.organisator.ch\/","logo":{"@type":"ImageObject","inLanguage":"it-IT","@id":"https:\/\/www.organisator.ch\/#\/schema\/logo\/image\/","url":"https:\/\/www.organisator.ch\/wp-content\/uploads\/2022\/01\/Logo_Organisator_Website.png","contentUrl":"https:\/\/www.organisator.ch\/wp-content\/uploads\/2022\/01\/Logo_Organisator_Website.png","width":800,"height":77,"caption":"Organisator"},"image":{"@id":"https:\/\/www.organisator.ch\/#\/schema\/logo\/image\/"},"sameAs":["https:\/\/www.facebook.com\/OrganisatorFachmagazin","https:\/\/www.linkedin.com\/showcase\/organisator-das-magazin-fr-kmu","https:\/\/www.xing.com\/news\/pages\/organisator-ch-695","https:\/\/www.youtube.com\/channel\/UCGP2Sq0iWaZwT3BdIAQFYpw"]},{"@type":"Person","@id":"https:\/\/www.organisator.ch\/#\/schema\/person\/134708ca9321c57b0362cceb7948ffbd","name":"michael.merz","image":{"@type":"ImageObject","inLanguage":"it-IT","@id":"https:\/\/secure.gravatar.com\/avatar\/?s=96&d=mm&r=g","url":"https:\/\/secure.gravatar.com\/avatar\/?s=96&d=mm&r=g","contentUrl":"https:\/\/secure.gravatar.com\/avatar\/?s=96&d=mm&r=g","caption":"michael.merz"},"url":"https:\/\/www.organisator.ch\/it\/author\/michael-merz\/"}]}},"_links":{"self":[{"href":"https:\/\/www.organisator.ch\/it\/wp-json\/wp\/v2\/posts\/10028","targetHints":{"allow":["GET"]}}],"collection":[{"href":"https:\/\/www.organisator.ch\/it\/wp-json\/wp\/v2\/posts"}],"about":[{"href":"https:\/\/www.organisator.ch\/it\/wp-json\/wp\/v2\/types\/post"}],"author":[{"embeddable":true,"href":"https:\/\/www.organisator.ch\/it\/wp-json\/wp\/v2\/users\/5"}],"replies":[{"embeddable":true,"href":"https:\/\/www.organisator.ch\/it\/wp-json\/wp\/v2\/comments?post=10028"}],"version-history":[{"count":0,"href":"https:\/\/www.organisator.ch\/it\/wp-json\/wp\/v2\/posts\/10028\/revisions"}],"wp:featuredmedia":[{"embeddable":true,"href":"https:\/\/www.organisator.ch\/it\/wp-json\/wp\/v2\/media\/9526"}],"wp:attachment":[{"href":"https:\/\/www.organisator.ch\/it\/wp-json\/wp\/v2\/media?parent=10028"}],"wp:term":[{"taxonomy":"category","embeddable":true,"href":"https:\/\/www.organisator.ch\/it\/wp-json\/wp\/v2\/categories?post=10028"},{"taxonomy":"post_tag","embeddable":true,"href":"https:\/\/www.organisator.ch\/it\/wp-json\/wp\/v2\/tags?post=10028"}],"curies":[{"name":"wp","href":"https:\/\/api.w.org\/{rel}","templated":true}]}}