{"id":10039,"date":"2018-04-17T12:39:38","date_gmt":"2018-04-17T10:39:38","guid":{"rendered":"https:\/\/www.umweltperspektiven.ch\/?p=1641"},"modified":"2022-02-09T11:06:54","modified_gmt":"2022-02-09T10:06:54","slug":"hohe-gesundheitskosten-durch-luftschadstoffe","status":"publish","type":"post","link":"https:\/\/www.organisator.ch\/it\/sustainability\/2018-04-17\/hohe-gesundheitskosten-durch-luftschadstoffe\/","title":{"rendered":"Costi elevati per la salute dovuti agli inquinanti dell'aria"},"content":{"rendered":"<div id=\"content-column\" class=\"col-xs-12 col-md-8 col-xl-6\" role=\"main\">\n<div class=\"newsLead textimagelead parbase\">\n<div class=\"komp-text-lead\">\n<div class=\"lead-det\">\n<div class=\"image-left\">\n<figure id=\"attachment_1642\" aria-describedby=\"caption-attachment-1642\" style=\"width: 640px\" class=\"wp-caption alignnone\"><img loading=\"lazy\" decoding=\"async\" class=\"size-full wp-image-1642\" src=\"\/\/www.umweltperspektiven.ch\/wp-content\/uploads\/2018\/04\/Hohe-Gesundheitskosten-durch-Luftschadstoffe-up-umweltperspektiven.jpg\" alt=\"\" width=\"640\" height=\"427\" srcset=\"https:\/\/www.organisator.ch\/wp-content\/uploads\/2018\/04\/Hohe-Gesundheitskosten-durch-Luftschadstoffe-up-umweltperspektiven.jpg 640w, https:\/\/www.organisator.ch\/wp-content\/uploads\/2018\/04\/Hohe-Gesundheitskosten-durch-Luftschadstoffe-up-umweltperspektiven-18x12.jpg 18w, https:\/\/www.organisator.ch\/wp-content\/uploads\/2018\/04\/Hohe-Gesundheitskosten-durch-Luftschadstoffe-up-umweltperspektiven-262x175.jpg 262w, https:\/\/www.organisator.ch\/wp-content\/uploads\/2018\/04\/Hohe-Gesundheitskosten-durch-Luftschadstoffe-up-umweltperspektiven-525x350.jpg 525w, https:\/\/www.organisator.ch\/wp-content\/uploads\/2018\/04\/Hohe-Gesundheitskosten-durch-Luftschadstoffe-up-umweltperspektiven-300x200.jpg 300w\" sizes=\"auto, (max-width: 640px) 100vw, 640px\" \/><figcaption id=\"caption-attachment-1642\" class=\"wp-caption-text\">Quando si tratta di emissioni, c'\u00e8 ancora spazio per migliorare: per esempio, il biossido di azoto (NO2) nel traffico. (Immagine: pixabay)<\/figcaption><\/figure>\n<\/div>\n<p>Ci sono anche cose positive da notare nello studio degli inquinanti dell'aria nel cantone di Zurigo: L'inquinamento da polveri sottili nel cantone \u00e8 diminuito tra il 2005 e il 2015. La concentrazione media della dimensione delle particelle PM10 a cui la popolazione \u00e8 esposta \u00e8 scesa da una media annuale di 21 \u00b5g\/m<sup>3<\/sup> nel 2005 a 15 \u00b5g\/m<sup>3<\/sup> (2015). Questo ha un effetto positivo sui costi economici della salute, recentemente rivalutati, dovuti all'inquinamento dell'aria. I costi sono diminuiti da circa 1,5 miliardi di franchi svizzeri all'anno (2005) a 0,95 miliardi di franchi svizzeri (2015).<\/p>\n<p>&nbsp;<\/p>\n<p><strong>Problema bambino biossido di azoto<\/strong><\/p>\n<\/div>\n<\/div>\n<\/div>\n<div class=\"parsys contentPar\">\n<div class=\"parbase textimage section\">\n<div class=\"komp-text-bild\">\n<p>La situazione \u00e8 diversa per quanto riguarda i costi sanitari causati dal biossido di azoto (NO<sub>2<\/sub>). Questi sono stati valutati per la prima volta sulla base dei nuovi risultati della ricerca epidemiologica per il cantone di Zurigo. Queste basi di valutazione per NO<sub>2<\/sub> meno ampia che per il PM10 e disponibile solo per alcuni impatti sulla salute. I costi calcolati ristagnano a circa 2 miliardi di franchi svizzeri tra il 2005 e il 2015. Le piccole diminuzioni delle immissioni sono compensate dalla crescita della popolazione e dall'aumento dei costi per la valutazione di un caso di malattia e di morte.<\/p>\n<p><em>Il rapporto su questi costi economici sanitari e i costi nelle altre aree \u00e8 disponibile al seguente link. \u00a0<\/em><\/p>\n<\/div>\n<\/div>\n<div class=\"parbase downloadlist section\">\n<div class=\"komp-download-list\">\n<ul class=\"icon-links\">\n<li><a class=\"ktzh-icon-before pdf-icon\" href=\"\/\/awel.zh.ch\/internet\/baudirektion\/awel\/de\/aktuell\/mitteilung\/2018\/lu_kosten\/_jcr_content\/contentPar\/downloadlist\/downloaditems\/161_1522939492795.spooler.download.1522937799468.pdf\/Kosten_Luftverschmutzung_ZH_econcept_2018.pdf\"> I costi dell'inquinamento atmosferico dal 2005 al 2015 per il cantone di Zurigo, la citt\u00e0 di Zurigo e la citt\u00e0 di Winterthur (econcept, 2018). <span class=\"file-info\"> (PDF, 107 pagine, 1 MB) <\/span> <\/a><\/li>\n<\/ul>\n<\/div>\n<\/div>\n<div class=\"parbase linklist section\">\n<div class=\"komp-link-list\">\n<ul class=\"icon-links\">\n<li><a class=\"ktzh-icon-before pfeil-extern\" title=\"Articolo ZUP &quot;Costi della salute dovuti agli inquinanti dell&#039;aria&quot; (ZUP No. 90\/Aprile 2018)\" href=\"\/\/kofu-zup.ch\/asp\/db\/pdf\/ZUP90-18_Externe_Kosten_Luftschadstoffe.pdf\" target=\"_blank\" rel=\"noopener noreferrer\">Articolo ZUP \"Costi della salute dovuti agli inquinanti dell'aria\" (ZUP No. 90\/Aprile 2018)<\/a><\/li>\n<\/ul>\n<\/div>\n<\/div>\n<\/div>\n<\/div>","protected":false},"excerpt":{"rendered":"<p>Es gibt auch Positives in der Untersuchung von Luftschadstoffen im Kanton Z\u00fcrich zu notieren: Die Feinstaub-Belastung im Kanton ist zwischen 2005 und 2015 zur\u00fcckgegangen. Die durchschnittliche Konzentration der Partikelgr\u00f6sse PM10, der die Bev\u00f6lkerung ausgesetzt ist, sank von einem Jahresmittel von 21 \u00b5g\/m3 im Jahr 2005 auf 15 \u00b5g\/m3 (2015). Dies wirkt sich positiv auf die [&hellip;]<\/p>\n","protected":false},"author":5,"featured_media":1642,"comment_status":"open","ping_status":"open","sticky":false,"template":"","format":"standard","meta":{"_acf_changed":false,"_yoast_wpseo_focuskw":"Luftschadstoffe","_yoast_wpseo_metadesc":"Luftschadstoffe beeintr\u00e4chtigen die Gesundheit, schaden Biodiversit\u00e4t, Wald- und Landwirtschaft. Ein Bericht zeigt die Entwicklung von 2005 bis 2015.","articlekey":"","footnotes":""},"categories":[580],"tags":[1047,1474,1649,2182,2202],"class_list":["post-10039","post","type-post","status-publish","format-standard","has-post-thumbnail","hentry","category-sustainability","tag-emissionen","tag-kanton-zuerich","tag-luftqualitaet","tag-stadt-zuerich","tag-stickstoffdioxid"],"acf":[],"yoast_head":"<!-- This site is optimized with the Yoast SEO plugin v27.5 - https:\/\/yoast.com\/product\/yoast-seo-wordpress\/ -->\n<title>Hohe Gesundheitskosten durch Luftschadstoffe - Organisator<\/title>\n<meta name=\"description\" content=\"Luftschadstoffe beeintr\u00e4chtigen die Gesundheit, schaden Biodiversit\u00e4t, Wald- und Landwirtschaft. Ein Bericht zeigt die Entwicklung von 2005 bis 2015.\" \/>\n<meta name=\"robots\" content=\"index, follow, max-snippet:-1, max-image-preview:large, max-video-preview:-1\" \/>\n<link rel=\"canonical\" href=\"https:\/\/www.organisator.ch\/it\/sostenibilita\/2018-04-17\/hohe-gesundheitskosten-durch-luftschadstoffe\/\" \/>\n<meta property=\"og:locale\" content=\"it_IT\" \/>\n<meta property=\"og:type\" content=\"article\" \/>\n<meta property=\"og:title\" content=\"Hohe Gesundheitskosten durch Luftschadstoffe - Organisator\" \/>\n<meta property=\"og:description\" content=\"Luftschadstoffe beeintr\u00e4chtigen die Gesundheit, schaden Biodiversit\u00e4t, Wald- und Landwirtschaft. Ein Bericht zeigt die Entwicklung von 2005 bis 2015.\" \/>\n<meta property=\"og:url\" content=\"https:\/\/www.organisator.ch\/it\/sostenibilita\/2018-04-17\/hohe-gesundheitskosten-durch-luftschadstoffe\/\" \/>\n<meta property=\"og:site_name\" content=\"Organisator\" \/>\n<meta property=\"article:publisher\" content=\"https:\/\/www.facebook.com\/OrganisatorFachmagazin\" \/>\n<meta property=\"article:published_time\" content=\"2018-04-17T10:39:38+00:00\" \/>\n<meta property=\"article:modified_time\" content=\"2022-02-09T10:06:54+00:00\" \/>\n<meta property=\"og:image\" content=\"https:\/\/www.organisator.ch\/wp-content\/uploads\/2018\/04\/Hohe-Gesundheitskosten-durch-Luftschadstoffe-up-umweltperspektiven.jpg\" \/>\n\t<meta property=\"og:image:width\" content=\"640\" \/>\n\t<meta property=\"og:image:height\" content=\"427\" \/>\n\t<meta property=\"og:image:type\" content=\"image\/jpeg\" \/>\n<meta name=\"author\" content=\"michael.merz\" \/>\n<meta name=\"twitter:card\" content=\"summary_large_image\" \/>\n<script type=\"application\/ld+json\" class=\"yoast-schema-graph\">{\"@context\":\"https:\\\/\\\/schema.org\",\"@graph\":[{\"@type\":\"Article\",\"@id\":\"https:\\\/\\\/www.organisator.ch\\\/sustainability\\\/2018-04-17\\\/hohe-gesundheitskosten-durch-luftschadstoffe\\\/#article\",\"isPartOf\":{\"@id\":\"https:\\\/\\\/www.organisator.ch\\\/sustainability\\\/2018-04-17\\\/hohe-gesundheitskosten-durch-luftschadstoffe\\\/\"},\"author\":{\"name\":\"michael.merz\",\"@id\":\"https:\\\/\\\/www.organisator.ch\\\/#\\\/schema\\\/person\\\/134708ca9321c57b0362cceb7948ffbd\"},\"headline\":\"Hohe Gesundheitskosten durch Luftschadstoffe\",\"datePublished\":\"2018-04-17T10:39:38+00:00\",\"dateModified\":\"2022-02-09T10:06:54+00:00\",\"mainEntityOfPage\":{\"@id\":\"https:\\\/\\\/www.organisator.ch\\\/sustainability\\\/2018-04-17\\\/hohe-gesundheitskosten-durch-luftschadstoffe\\\/\"},\"wordCount\":241,\"commentCount\":0,\"publisher\":{\"@id\":\"https:\\\/\\\/www.organisator.ch\\\/#organization\"},\"image\":{\"@id\":\"https:\\\/\\\/www.organisator.ch\\\/sustainability\\\/2018-04-17\\\/hohe-gesundheitskosten-durch-luftschadstoffe\\\/#primaryimage\"},\"thumbnailUrl\":\"https:\\\/\\\/www.organisator.ch\\\/wp-content\\\/uploads\\\/2018\\\/04\\\/Hohe-Gesundheitskosten-durch-Luftschadstoffe-up-umweltperspektiven.jpg\",\"keywords\":[\"Emissionen\",\"Kanton Z\u00fcrich\",\"Luftqualit\u00e4t\",\"Stadt Z\u00fcrich\",\"Stickstoffdioxid\"],\"articleSection\":[\"SUSTAINABILITY\"],\"inLanguage\":\"it-IT\"},{\"@type\":\"WebPage\",\"@id\":\"https:\\\/\\\/www.organisator.ch\\\/sustainability\\\/2018-04-17\\\/hohe-gesundheitskosten-durch-luftschadstoffe\\\/\",\"url\":\"https:\\\/\\\/www.organisator.ch\\\/sustainability\\\/2018-04-17\\\/hohe-gesundheitskosten-durch-luftschadstoffe\\\/\",\"name\":\"Hohe Gesundheitskosten durch Luftschadstoffe - Organisator\",\"isPartOf\":{\"@id\":\"https:\\\/\\\/www.organisator.ch\\\/#website\"},\"primaryImageOfPage\":{\"@id\":\"https:\\\/\\\/www.organisator.ch\\\/sustainability\\\/2018-04-17\\\/hohe-gesundheitskosten-durch-luftschadstoffe\\\/#primaryimage\"},\"image\":{\"@id\":\"https:\\\/\\\/www.organisator.ch\\\/sustainability\\\/2018-04-17\\\/hohe-gesundheitskosten-durch-luftschadstoffe\\\/#primaryimage\"},\"thumbnailUrl\":\"https:\\\/\\\/www.organisator.ch\\\/wp-content\\\/uploads\\\/2018\\\/04\\\/Hohe-Gesundheitskosten-durch-Luftschadstoffe-up-umweltperspektiven.jpg\",\"datePublished\":\"2018-04-17T10:39:38+00:00\",\"dateModified\":\"2022-02-09T10:06:54+00:00\",\"description\":\"Luftschadstoffe beeintr\u00e4chtigen die Gesundheit, schaden Biodiversit\u00e4t, Wald- und Landwirtschaft. Ein Bericht zeigt die Entwicklung von 2005 bis 2015.\",\"breadcrumb\":{\"@id\":\"https:\\\/\\\/www.organisator.ch\\\/sustainability\\\/2018-04-17\\\/hohe-gesundheitskosten-durch-luftschadstoffe\\\/#breadcrumb\"},\"inLanguage\":\"it-IT\",\"potentialAction\":[{\"@type\":\"ReadAction\",\"target\":[\"https:\\\/\\\/www.organisator.ch\\\/sustainability\\\/2018-04-17\\\/hohe-gesundheitskosten-durch-luftschadstoffe\\\/\"]}]},{\"@type\":\"ImageObject\",\"inLanguage\":\"it-IT\",\"@id\":\"https:\\\/\\\/www.organisator.ch\\\/sustainability\\\/2018-04-17\\\/hohe-gesundheitskosten-durch-luftschadstoffe\\\/#primaryimage\",\"url\":\"https:\\\/\\\/www.organisator.ch\\\/wp-content\\\/uploads\\\/2018\\\/04\\\/Hohe-Gesundheitskosten-durch-Luftschadstoffe-up-umweltperspektiven.jpg\",\"contentUrl\":\"https:\\\/\\\/www.organisator.ch\\\/wp-content\\\/uploads\\\/2018\\\/04\\\/Hohe-Gesundheitskosten-durch-Luftschadstoffe-up-umweltperspektiven.jpg\",\"width\":640,\"height\":427,\"caption\":\"In Sachen Emissionen gibt es noch Luft nach oben: So etwa bei Stickstoffdioxid (NO2) im Verkehr. (Bild: pixabay)\"},{\"@type\":\"BreadcrumbList\",\"@id\":\"https:\\\/\\\/www.organisator.ch\\\/sustainability\\\/2018-04-17\\\/hohe-gesundheitskosten-durch-luftschadstoffe\\\/#breadcrumb\",\"itemListElement\":[{\"@type\":\"ListItem\",\"position\":1,\"name\":\"Home\",\"item\":\"https:\\\/\\\/www.organisator.ch\\\/\"},{\"@type\":\"ListItem\",\"position\":2,\"name\":\"Hohe Gesundheitskosten durch Luftschadstoffe\"}]},{\"@type\":\"WebSite\",\"@id\":\"https:\\\/\\\/www.organisator.ch\\\/#website\",\"url\":\"https:\\\/\\\/www.organisator.ch\\\/\",\"name\":\"Organisator\",\"description\":\"Kompetent. Praxisnah. Der ORGANISATOR bereitet in 10 Ausgaben pro Jahr die wesentlichen Themen f\u00fcr F\u00fchrungskr\u00e4fte von KMU auf.\",\"publisher\":{\"@id\":\"https:\\\/\\\/www.organisator.ch\\\/#organization\"},\"potentialAction\":[{\"@type\":\"SearchAction\",\"target\":{\"@type\":\"EntryPoint\",\"urlTemplate\":\"https:\\\/\\\/www.organisator.ch\\\/?s={search_term_string}\"},\"query-input\":{\"@type\":\"PropertyValueSpecification\",\"valueRequired\":true,\"valueName\":\"search_term_string\"}}],\"inLanguage\":\"it-IT\"},{\"@type\":\"Organization\",\"@id\":\"https:\\\/\\\/www.organisator.ch\\\/#organization\",\"name\":\"Organisator\",\"url\":\"https:\\\/\\\/www.organisator.ch\\\/\",\"logo\":{\"@type\":\"ImageObject\",\"inLanguage\":\"it-IT\",\"@id\":\"https:\\\/\\\/www.organisator.ch\\\/#\\\/schema\\\/logo\\\/image\\\/\",\"url\":\"https:\\\/\\\/www.organisator.ch\\\/wp-content\\\/uploads\\\/2022\\\/01\\\/Logo_Organisator_Website.png\",\"contentUrl\":\"https:\\\/\\\/www.organisator.ch\\\/wp-content\\\/uploads\\\/2022\\\/01\\\/Logo_Organisator_Website.png\",\"width\":800,\"height\":77,\"caption\":\"Organisator\"},\"image\":{\"@id\":\"https:\\\/\\\/www.organisator.ch\\\/#\\\/schema\\\/logo\\\/image\\\/\"},\"sameAs\":[\"https:\\\/\\\/www.facebook.com\\\/OrganisatorFachmagazin\",\"https:\\\/\\\/www.linkedin.com\\\/showcase\\\/organisator-das-magazin-fr-kmu\",\"https:\\\/\\\/www.xing.com\\\/news\\\/pages\\\/organisator-ch-695\",\"https:\\\/\\\/www.youtube.com\\\/channel\\\/UCGP2Sq0iWaZwT3BdIAQFYpw\"]},{\"@type\":\"Person\",\"@id\":\"https:\\\/\\\/www.organisator.ch\\\/#\\\/schema\\\/person\\\/134708ca9321c57b0362cceb7948ffbd\",\"name\":\"michael.merz\",\"image\":{\"@type\":\"ImageObject\",\"inLanguage\":\"it-IT\",\"@id\":\"https:\\\/\\\/secure.gravatar.com\\\/avatar\\\/?s=96&d=mm&r=g\",\"url\":\"https:\\\/\\\/secure.gravatar.com\\\/avatar\\\/?s=96&d=mm&r=g\",\"contentUrl\":\"https:\\\/\\\/secure.gravatar.com\\\/avatar\\\/?s=96&d=mm&r=g\",\"caption\":\"michael.merz\"},\"url\":\"https:\\\/\\\/www.organisator.ch\\\/it\\\/author\\\/michael-merz\\\/\"}]}<\/script>\n<!-- \/ Yoast SEO plugin. -->","yoast_head_json":{"title":"Alti costi sanitari dovuti agli inquinanti atmosferici - Organizzatore","description":"Gli inquinanti atmosferici influiscono sulla salute, danneggiano la biodiversit\u00e0, le foreste e l'agricoltura. Un rapporto mostra lo sviluppo dal 2005 al 2015.","robots":{"index":"index","follow":"follow","max-snippet":"max-snippet:-1","max-image-preview":"max-image-preview:large","max-video-preview":"max-video-preview:-1"},"canonical":"https:\/\/www.organisator.ch\/it\/sostenibilita\/2018-04-17\/hohe-gesundheitskosten-durch-luftschadstoffe\/","og_locale":"it_IT","og_type":"article","og_title":"Hohe Gesundheitskosten durch Luftschadstoffe - Organisator","og_description":"Luftschadstoffe beeintr\u00e4chtigen die Gesundheit, schaden Biodiversit\u00e4t, Wald- und Landwirtschaft. Ein Bericht zeigt die Entwicklung von 2005 bis 2015.","og_url":"https:\/\/www.organisator.ch\/it\/sostenibilita\/2018-04-17\/hohe-gesundheitskosten-durch-luftschadstoffe\/","og_site_name":"Organisator","article_publisher":"https:\/\/www.facebook.com\/OrganisatorFachmagazin","article_published_time":"2018-04-17T10:39:38+00:00","article_modified_time":"2022-02-09T10:06:54+00:00","og_image":[{"width":640,"height":427,"url":"https:\/\/www.organisator.ch\/wp-content\/uploads\/2018\/04\/Hohe-Gesundheitskosten-durch-Luftschadstoffe-up-umweltperspektiven.jpg","type":"image\/jpeg"}],"author":"michael.merz","twitter_card":"summary_large_image","schema":{"@context":"https:\/\/schema.org","@graph":[{"@type":"Article","@id":"https:\/\/www.organisator.ch\/sustainability\/2018-04-17\/hohe-gesundheitskosten-durch-luftschadstoffe\/#article","isPartOf":{"@id":"https:\/\/www.organisator.ch\/sustainability\/2018-04-17\/hohe-gesundheitskosten-durch-luftschadstoffe\/"},"author":{"name":"michael.merz","@id":"https:\/\/www.organisator.ch\/#\/schema\/person\/134708ca9321c57b0362cceb7948ffbd"},"headline":"Hohe Gesundheitskosten durch Luftschadstoffe","datePublished":"2018-04-17T10:39:38+00:00","dateModified":"2022-02-09T10:06:54+00:00","mainEntityOfPage":{"@id":"https:\/\/www.organisator.ch\/sustainability\/2018-04-17\/hohe-gesundheitskosten-durch-luftschadstoffe\/"},"wordCount":241,"commentCount":0,"publisher":{"@id":"https:\/\/www.organisator.ch\/#organization"},"image":{"@id":"https:\/\/www.organisator.ch\/sustainability\/2018-04-17\/hohe-gesundheitskosten-durch-luftschadstoffe\/#primaryimage"},"thumbnailUrl":"https:\/\/www.organisator.ch\/wp-content\/uploads\/2018\/04\/Hohe-Gesundheitskosten-durch-Luftschadstoffe-up-umweltperspektiven.jpg","keywords":["Emissionen","Kanton Z\u00fcrich","Luftqualit\u00e4t","Stadt Z\u00fcrich","Stickstoffdioxid"],"articleSection":["SUSTAINABILITY"],"inLanguage":"it-IT"},{"@type":"WebPage","@id":"https:\/\/www.organisator.ch\/sustainability\/2018-04-17\/hohe-gesundheitskosten-durch-luftschadstoffe\/","url":"https:\/\/www.organisator.ch\/sustainability\/2018-04-17\/hohe-gesundheitskosten-durch-luftschadstoffe\/","name":"Alti costi sanitari dovuti agli inquinanti atmosferici - Organizzatore","isPartOf":{"@id":"https:\/\/www.organisator.ch\/#website"},"primaryImageOfPage":{"@id":"https:\/\/www.organisator.ch\/sustainability\/2018-04-17\/hohe-gesundheitskosten-durch-luftschadstoffe\/#primaryimage"},"image":{"@id":"https:\/\/www.organisator.ch\/sustainability\/2018-04-17\/hohe-gesundheitskosten-durch-luftschadstoffe\/#primaryimage"},"thumbnailUrl":"https:\/\/www.organisator.ch\/wp-content\/uploads\/2018\/04\/Hohe-Gesundheitskosten-durch-Luftschadstoffe-up-umweltperspektiven.jpg","datePublished":"2018-04-17T10:39:38+00:00","dateModified":"2022-02-09T10:06:54+00:00","description":"Gli inquinanti atmosferici influiscono sulla salute, danneggiano la biodiversit\u00e0, le foreste e l'agricoltura. Un rapporto mostra lo sviluppo dal 2005 al 2015.","breadcrumb":{"@id":"https:\/\/www.organisator.ch\/sustainability\/2018-04-17\/hohe-gesundheitskosten-durch-luftschadstoffe\/#breadcrumb"},"inLanguage":"it-IT","potentialAction":[{"@type":"ReadAction","target":["https:\/\/www.organisator.ch\/sustainability\/2018-04-17\/hohe-gesundheitskosten-durch-luftschadstoffe\/"]}]},{"@type":"ImageObject","inLanguage":"it-IT","@id":"https:\/\/www.organisator.ch\/sustainability\/2018-04-17\/hohe-gesundheitskosten-durch-luftschadstoffe\/#primaryimage","url":"https:\/\/www.organisator.ch\/wp-content\/uploads\/2018\/04\/Hohe-Gesundheitskosten-durch-Luftschadstoffe-up-umweltperspektiven.jpg","contentUrl":"https:\/\/www.organisator.ch\/wp-content\/uploads\/2018\/04\/Hohe-Gesundheitskosten-durch-Luftschadstoffe-up-umweltperspektiven.jpg","width":640,"height":427,"caption":"In Sachen Emissionen gibt es noch Luft nach oben: So etwa bei Stickstoffdioxid (NO2) im Verkehr. (Bild: pixabay)"},{"@type":"BreadcrumbList","@id":"https:\/\/www.organisator.ch\/sustainability\/2018-04-17\/hohe-gesundheitskosten-durch-luftschadstoffe\/#breadcrumb","itemListElement":[{"@type":"ListItem","position":1,"name":"Home","item":"https:\/\/www.organisator.ch\/"},{"@type":"ListItem","position":2,"name":"Hohe Gesundheitskosten durch Luftschadstoffe"}]},{"@type":"WebSite","@id":"https:\/\/www.organisator.ch\/#website","url":"https:\/\/www.organisator.ch\/","name":"Organizzatore","description":"Competente. Pratico. In 10 numeri all'anno, ORGANISATOR presenta i temi essenziali per i manager delle PMI.","publisher":{"@id":"https:\/\/www.organisator.ch\/#organization"},"potentialAction":[{"@type":"SearchAction","target":{"@type":"EntryPoint","urlTemplate":"https:\/\/www.organisator.ch\/?s={search_term_string}"},"query-input":{"@type":"PropertyValueSpecification","valueRequired":true,"valueName":"search_term_string"}}],"inLanguage":"it-IT"},{"@type":"Organization","@id":"https:\/\/www.organisator.ch\/#organization","name":"Organizzatore","url":"https:\/\/www.organisator.ch\/","logo":{"@type":"ImageObject","inLanguage":"it-IT","@id":"https:\/\/www.organisator.ch\/#\/schema\/logo\/image\/","url":"https:\/\/www.organisator.ch\/wp-content\/uploads\/2022\/01\/Logo_Organisator_Website.png","contentUrl":"https:\/\/www.organisator.ch\/wp-content\/uploads\/2022\/01\/Logo_Organisator_Website.png","width":800,"height":77,"caption":"Organisator"},"image":{"@id":"https:\/\/www.organisator.ch\/#\/schema\/logo\/image\/"},"sameAs":["https:\/\/www.facebook.com\/OrganisatorFachmagazin","https:\/\/www.linkedin.com\/showcase\/organisator-das-magazin-fr-kmu","https:\/\/www.xing.com\/news\/pages\/organisator-ch-695","https:\/\/www.youtube.com\/channel\/UCGP2Sq0iWaZwT3BdIAQFYpw"]},{"@type":"Person","@id":"https:\/\/www.organisator.ch\/#\/schema\/person\/134708ca9321c57b0362cceb7948ffbd","name":"michael.merz","image":{"@type":"ImageObject","inLanguage":"it-IT","@id":"https:\/\/secure.gravatar.com\/avatar\/?s=96&d=mm&r=g","url":"https:\/\/secure.gravatar.com\/avatar\/?s=96&d=mm&r=g","contentUrl":"https:\/\/secure.gravatar.com\/avatar\/?s=96&d=mm&r=g","caption":"michael.merz"},"url":"https:\/\/www.organisator.ch\/it\/author\/michael-merz\/"}]}},"_links":{"self":[{"href":"https:\/\/www.organisator.ch\/it\/wp-json\/wp\/v2\/posts\/10039","targetHints":{"allow":["GET"]}}],"collection":[{"href":"https:\/\/www.organisator.ch\/it\/wp-json\/wp\/v2\/posts"}],"about":[{"href":"https:\/\/www.organisator.ch\/it\/wp-json\/wp\/v2\/types\/post"}],"author":[{"embeddable":true,"href":"https:\/\/www.organisator.ch\/it\/wp-json\/wp\/v2\/users\/5"}],"replies":[{"embeddable":true,"href":"https:\/\/www.organisator.ch\/it\/wp-json\/wp\/v2\/comments?post=10039"}],"version-history":[{"count":1,"href":"https:\/\/www.organisator.ch\/it\/wp-json\/wp\/v2\/posts\/10039\/revisions"}],"predecessor-version":[{"id":10713,"href":"https:\/\/www.organisator.ch\/it\/wp-json\/wp\/v2\/posts\/10039\/revisions\/10713"}],"wp:featuredmedia":[{"embeddable":true,"href":"https:\/\/www.organisator.ch\/it\/wp-json\/wp\/v2\/media\/1642"}],"wp:attachment":[{"href":"https:\/\/www.organisator.ch\/it\/wp-json\/wp\/v2\/media?parent=10039"}],"wp:term":[{"taxonomy":"category","embeddable":true,"href":"https:\/\/www.organisator.ch\/it\/wp-json\/wp\/v2\/categories?post=10039"},{"taxonomy":"post_tag","embeddable":true,"href":"https:\/\/www.organisator.ch\/it\/wp-json\/wp\/v2\/tags?post=10039"}],"curies":[{"name":"wp","href":"https:\/\/api.w.org\/{rel}","templated":true}]}}