{"id":10041,"date":"2018-04-19T15:50:27","date_gmt":"2018-04-19T13:50:27","guid":{"rendered":"https:\/\/www.umweltperspektiven.ch\/?p=1661"},"modified":"2024-11-07T07:22:09","modified_gmt":"2024-11-07T06:22:09","slug":"vorschau-zum-remforum-2018","status":"publish","type":"post","link":"https:\/\/www.organisator.ch\/it\/sustainability\/2018-04-19\/vorschau-zum-remforum-2018\/","title":{"rendered":"Anteprima del REMforum 2018"},"content":{"rendered":"<figure id=\"attachment_1662\" aria-describedby=\"caption-attachment-1662\" style=\"width: 680px\" class=\"wp-caption alignnone\"><img loading=\"lazy\" decoding=\"async\" class=\"wp-image-1662 size-medium\" src=\"https:\/\/www.organisator.ch\/wp-content\/uploads\/2018\/04\/Vorschau-zum-REMforum-2018-up-umwelt-perspektiven-680x467.jpg\" alt=\"REMforum 2018\" width=\"680\" height=\"467\" srcset=\"https:\/\/www.organisator.ch\/wp-content\/uploads\/2018\/04\/Vorschau-zum-REMforum-2018-up-umwelt-perspektiven-680x467.jpg 680w, https:\/\/www.organisator.ch\/wp-content\/uploads\/2018\/04\/Vorschau-zum-REMforum-2018-up-umwelt-perspektiven-1024x704.jpg 1024w, https:\/\/www.organisator.ch\/wp-content\/uploads\/2018\/04\/Vorschau-zum-REMforum-2018-up-umwelt-perspektiven-768x528.jpg 768w, https:\/\/www.organisator.ch\/wp-content\/uploads\/2018\/04\/Vorschau-zum-REMforum-2018-up-umwelt-perspektiven-18x12.jpg 18w, https:\/\/www.organisator.ch\/wp-content\/uploads\/2018\/04\/Vorschau-zum-REMforum-2018-up-umwelt-perspektiven-255x175.jpg 255w, https:\/\/www.organisator.ch\/wp-content\/uploads\/2018\/04\/Vorschau-zum-REMforum-2018-up-umwelt-perspektiven-509x350.jpg 509w, https:\/\/www.organisator.ch\/wp-content\/uploads\/2018\/04\/Vorschau-zum-REMforum-2018-up-umwelt-perspektiven-1164x800.jpg 1164w, https:\/\/www.organisator.ch\/wp-content\/uploads\/2018\/04\/Vorschau-zum-REMforum-2018-up-umwelt-perspektiven-920x632.jpg 920w, https:\/\/www.organisator.ch\/wp-content\/uploads\/2018\/04\/Vorschau-zum-REMforum-2018-up-umwelt-perspektiven-1400x962.jpg 1400w, https:\/\/www.organisator.ch\/wp-content\/uploads\/2018\/04\/Vorschau-zum-REMforum-2018-up-umwelt-perspektiven-300x206.jpg 300w, https:\/\/www.organisator.ch\/wp-content\/uploads\/2018\/04\/Vorschau-zum-REMforum-2018-up-umwelt-perspektiven.jpg 1521w\" sizes=\"auto, (max-width: 680px) 100vw, 680px\" \/><figcaption id=\"caption-attachment-1662\" class=\"wp-caption-text\">Il #REMforum offre l'opportunit\u00e0 di discutere le nuove tecnologie per le energie rinnovabili. (Immagine: zVg)<\/figcaption><\/figure>\n<p>REMforum 2018 \u00e8 pi\u00f9 di un generatore di impulsi per gli addetti ai lavori dell'energia. Negli ultimi due decenni, il sistema energetico \u00e8 passato da un'infrastruttura centralizzata alla decentralizzazione. Mentre le energie rinnovabili sono offerte sia in modo centralizzato (per esempio la grande energia idroelettrica o l'eolico offshore) che decentralizzato (per esempio il fotovoltaico), le recenti tendenze tecnologiche mostrano tendenze di distribuzione dell'energia pi\u00f9 forti e globali.<\/p>\n<p>La convergenza della conversione e dello stoccaggio di energia su piccola scala con l'elettromobilit\u00e0 e la tecnologia digitale sta forzando i sistemi energetici con un alto grado di autonomia locale. Questo crea opportunit\u00e0 per nuovi modelli di business per l'autoconsumo e il commercio di energia rinnovabile peer-to-peer, ma sfida anche l'attuale quadro istituzionale dei mercati dell'energia.<\/p>\n<p>Su <a href=\"\/\/www.REMforum.ch\">#REMforum 2018<\/a>Al 9\u00b0 Forum di San Gallo sulla gestione delle energie rinnovabili, i leader di pensiero dei mercati energetici di domani condivideranno le ultime intuizioni e discuteranno le nuove opportunit\u00e0 di business. Questo evento annuale unico collega manager, investitori e altri attori chiave nella transizione energetica globale e offre relatori ispiratori, dibattiti penetranti, workshop interattivi e ampie opportunit\u00e0 di networking. Il \"#REMforum\" \u00e8 organizzato dal <a href=\"\/\/iwoe.unisg.ch\/de\/lehrstuhlmanagementee\">Cattedra di gestione delle energie rinnovabili<\/a> ospitato presso l'Universit\u00e0 di San Gallo, una delle scuole di business leader in Europa.<\/p>\n<p><em>Il 9\u00b0 Forum di San Gallo per la gestione delle energie rinnovabili (\"Disruptive Decentralization? Energy Markets at a Crossroads\" si svolger\u00e0 dal 31 maggio al 1\u00b0 giugno 2018 a San Gallo.<\/em> <strong><br \/>\n<\/strong><\/p>\n<p><em>Potete trovare il programma attuale su <a href=\"\/\/www.REMforum.ch\">www.REMforum.ch<\/a><\/em><\/p>\n<p>&nbsp;<\/p>","protected":false},"excerpt":{"rendered":"<p>Das REMforum 2018 ist mehr als ein Impulsgeber f\u00fcr Energie-Insider. In den letzten zwei Jahrzehnten hat sich das Energiesystem von der zentralen Infrastruktur in Richtung Dezentralisierung verschoben. W\u00e4hrend erneuerbare Energien sowohl zentral (z.B. grosse Wasserkraft oder Offshore-Wind-Anlagen) als auch dezentral (z.B. Photovoltaik) angeboten werden, zeigen die j\u00fcngsten technologischen Trends st\u00e4rkere, weltweite Verteilungstendenzen von Energie auf. [&hellip;]<\/p>\n","protected":false},"author":5,"featured_media":1662,"comment_status":"closed","ping_status":"closed","sticky":false,"template":"","format":"standard","meta":{"_acf_changed":false,"_yoast_wpseo_focuskw":"REMforum 2018","_yoast_wpseo_metadesc":"Das REMforum 2018 beleuchtet die Dezentralisierung der Energiem\u00e4rkte und neue Gesch\u00e4ftsmodelle f\u00fcr erneuerbare Energien.","articlekey":"","footnotes":""},"categories":[580],"tags":[1098,221],"class_list":["post-10041","post","type-post","status-publish","format-standard","has-post-thumbnail","hentry","category-sustainability","tag-enerneuerbare-energie","tag-forum"],"acf":[],"yoast_head":"<!-- This site is optimized with the Yoast SEO plugin v27.5 - https:\/\/yoast.com\/product\/yoast-seo-wordpress\/ -->\n<title>Vorschau zum REMforum 2018 - Organisator<\/title>\n<meta name=\"description\" content=\"Das REMforum 2018 beleuchtet die Dezentralisierung der Energiem\u00e4rkte und neue Gesch\u00e4ftsmodelle f\u00fcr erneuerbare Energien.\" \/>\n<meta name=\"robots\" content=\"index, follow, max-snippet:-1, max-image-preview:large, max-video-preview:-1\" \/>\n<link rel=\"canonical\" href=\"https:\/\/www.organisator.ch\/it\/sostenibilita\/2018-04-19\/vorschau-zum-remforum-2018\/\" \/>\n<meta property=\"og:locale\" content=\"it_IT\" \/>\n<meta property=\"og:type\" content=\"article\" \/>\n<meta property=\"og:title\" content=\"Vorschau zum REMforum 2018 - Organisator\" \/>\n<meta property=\"og:description\" content=\"Das REMforum 2018 beleuchtet die Dezentralisierung der Energiem\u00e4rkte und neue Gesch\u00e4ftsmodelle f\u00fcr erneuerbare Energien.\" \/>\n<meta property=\"og:url\" content=\"https:\/\/www.organisator.ch\/it\/sostenibilita\/2018-04-19\/vorschau-zum-remforum-2018\/\" \/>\n<meta property=\"og:site_name\" content=\"Organisator\" \/>\n<meta property=\"article:publisher\" content=\"https:\/\/www.facebook.com\/OrganisatorFachmagazin\" \/>\n<meta property=\"article:published_time\" content=\"2018-04-19T13:50:27+00:00\" \/>\n<meta property=\"article:modified_time\" content=\"2024-11-07T06:22:09+00:00\" \/>\n<meta property=\"og:image\" content=\"https:\/\/www.organisator.ch\/wp-content\/uploads\/2018\/04\/Vorschau-zum-REMforum-2018-up-umwelt-perspektiven.jpg\" \/>\n\t<meta property=\"og:image:width\" content=\"1521\" \/>\n\t<meta property=\"og:image:height\" content=\"1045\" \/>\n\t<meta property=\"og:image:type\" content=\"image\/jpeg\" \/>\n<meta name=\"author\" content=\"michael.merz\" \/>\n<meta name=\"twitter:card\" content=\"summary_large_image\" \/>\n<script type=\"application\/ld+json\" class=\"yoast-schema-graph\">{\"@context\":\"https:\\\/\\\/schema.org\",\"@graph\":[{\"@type\":\"Article\",\"@id\":\"https:\\\/\\\/www.organisator.ch\\\/sustainability\\\/2018-04-19\\\/vorschau-zum-remforum-2018\\\/#article\",\"isPartOf\":{\"@id\":\"https:\\\/\\\/www.organisator.ch\\\/sustainability\\\/2018-04-19\\\/vorschau-zum-remforum-2018\\\/\"},\"author\":{\"name\":\"michael.merz\",\"@id\":\"https:\\\/\\\/www.organisator.ch\\\/#\\\/schema\\\/person\\\/134708ca9321c57b0362cceb7948ffbd\"},\"headline\":\"Vorschau zum REMforum 2018\",\"datePublished\":\"2018-04-19T13:50:27+00:00\",\"dateModified\":\"2024-11-07T06:22:09+00:00\",\"mainEntityOfPage\":{\"@id\":\"https:\\\/\\\/www.organisator.ch\\\/sustainability\\\/2018-04-19\\\/vorschau-zum-remforum-2018\\\/\"},\"wordCount\":256,\"publisher\":{\"@id\":\"https:\\\/\\\/www.organisator.ch\\\/#organization\"},\"image\":{\"@id\":\"https:\\\/\\\/www.organisator.ch\\\/sustainability\\\/2018-04-19\\\/vorschau-zum-remforum-2018\\\/#primaryimage\"},\"thumbnailUrl\":\"https:\\\/\\\/www.organisator.ch\\\/wp-content\\\/uploads\\\/2018\\\/04\\\/Vorschau-zum-REMforum-2018-up-umwelt-perspektiven.jpg\",\"keywords\":[\"Enerneuerbare Energie\",\"Forum\"],\"articleSection\":[\"SUSTAINABILITY\"],\"inLanguage\":\"it-IT\"},{\"@type\":\"WebPage\",\"@id\":\"https:\\\/\\\/www.organisator.ch\\\/sustainability\\\/2018-04-19\\\/vorschau-zum-remforum-2018\\\/\",\"url\":\"https:\\\/\\\/www.organisator.ch\\\/sustainability\\\/2018-04-19\\\/vorschau-zum-remforum-2018\\\/\",\"name\":\"Vorschau zum REMforum 2018 - Organisator\",\"isPartOf\":{\"@id\":\"https:\\\/\\\/www.organisator.ch\\\/#website\"},\"primaryImageOfPage\":{\"@id\":\"https:\\\/\\\/www.organisator.ch\\\/sustainability\\\/2018-04-19\\\/vorschau-zum-remforum-2018\\\/#primaryimage\"},\"image\":{\"@id\":\"https:\\\/\\\/www.organisator.ch\\\/sustainability\\\/2018-04-19\\\/vorschau-zum-remforum-2018\\\/#primaryimage\"},\"thumbnailUrl\":\"https:\\\/\\\/www.organisator.ch\\\/wp-content\\\/uploads\\\/2018\\\/04\\\/Vorschau-zum-REMforum-2018-up-umwelt-perspektiven.jpg\",\"datePublished\":\"2018-04-19T13:50:27+00:00\",\"dateModified\":\"2024-11-07T06:22:09+00:00\",\"description\":\"Das REMforum 2018 beleuchtet die Dezentralisierung der Energiem\u00e4rkte und neue Gesch\u00e4ftsmodelle f\u00fcr erneuerbare Energien.\",\"breadcrumb\":{\"@id\":\"https:\\\/\\\/www.organisator.ch\\\/sustainability\\\/2018-04-19\\\/vorschau-zum-remforum-2018\\\/#breadcrumb\"},\"inLanguage\":\"it-IT\",\"potentialAction\":[{\"@type\":\"ReadAction\",\"target\":[\"https:\\\/\\\/www.organisator.ch\\\/sustainability\\\/2018-04-19\\\/vorschau-zum-remforum-2018\\\/\"]}]},{\"@type\":\"ImageObject\",\"inLanguage\":\"it-IT\",\"@id\":\"https:\\\/\\\/www.organisator.ch\\\/sustainability\\\/2018-04-19\\\/vorschau-zum-remforum-2018\\\/#primaryimage\",\"url\":\"https:\\\/\\\/www.organisator.ch\\\/wp-content\\\/uploads\\\/2018\\\/04\\\/Vorschau-zum-REMforum-2018-up-umwelt-perspektiven.jpg\",\"contentUrl\":\"https:\\\/\\\/www.organisator.ch\\\/wp-content\\\/uploads\\\/2018\\\/04\\\/Vorschau-zum-REMforum-2018-up-umwelt-perspektiven.jpg\",\"width\":1521,\"height\":1045,\"caption\":\"Das #REMforum bietet M\u00f6glichkeiten \u00fcber neue Technologien f\u00fcr erneuerbare Energie zu diskutieren. (Bild: zVg)\"},{\"@type\":\"BreadcrumbList\",\"@id\":\"https:\\\/\\\/www.organisator.ch\\\/sustainability\\\/2018-04-19\\\/vorschau-zum-remforum-2018\\\/#breadcrumb\",\"itemListElement\":[{\"@type\":\"ListItem\",\"position\":1,\"name\":\"Home\",\"item\":\"https:\\\/\\\/www.organisator.ch\\\/\"},{\"@type\":\"ListItem\",\"position\":2,\"name\":\"Vorschau zum REMforum 2018\"}]},{\"@type\":\"WebSite\",\"@id\":\"https:\\\/\\\/www.organisator.ch\\\/#website\",\"url\":\"https:\\\/\\\/www.organisator.ch\\\/\",\"name\":\"Organisator\",\"description\":\"Kompetent. Praxisnah. Der ORGANISATOR bereitet in 10 Ausgaben pro Jahr die wesentlichen Themen f\u00fcr F\u00fchrungskr\u00e4fte von KMU auf.\",\"publisher\":{\"@id\":\"https:\\\/\\\/www.organisator.ch\\\/#organization\"},\"potentialAction\":[{\"@type\":\"SearchAction\",\"target\":{\"@type\":\"EntryPoint\",\"urlTemplate\":\"https:\\\/\\\/www.organisator.ch\\\/?s={search_term_string}\"},\"query-input\":{\"@type\":\"PropertyValueSpecification\",\"valueRequired\":true,\"valueName\":\"search_term_string\"}}],\"inLanguage\":\"it-IT\"},{\"@type\":\"Organization\",\"@id\":\"https:\\\/\\\/www.organisator.ch\\\/#organization\",\"name\":\"Organisator\",\"url\":\"https:\\\/\\\/www.organisator.ch\\\/\",\"logo\":{\"@type\":\"ImageObject\",\"inLanguage\":\"it-IT\",\"@id\":\"https:\\\/\\\/www.organisator.ch\\\/#\\\/schema\\\/logo\\\/image\\\/\",\"url\":\"https:\\\/\\\/www.organisator.ch\\\/wp-content\\\/uploads\\\/2022\\\/01\\\/Logo_Organisator_Website.png\",\"contentUrl\":\"https:\\\/\\\/www.organisator.ch\\\/wp-content\\\/uploads\\\/2022\\\/01\\\/Logo_Organisator_Website.png\",\"width\":800,\"height\":77,\"caption\":\"Organisator\"},\"image\":{\"@id\":\"https:\\\/\\\/www.organisator.ch\\\/#\\\/schema\\\/logo\\\/image\\\/\"},\"sameAs\":[\"https:\\\/\\\/www.facebook.com\\\/OrganisatorFachmagazin\",\"https:\\\/\\\/www.linkedin.com\\\/showcase\\\/organisator-das-magazin-fr-kmu\",\"https:\\\/\\\/www.xing.com\\\/news\\\/pages\\\/organisator-ch-695\",\"https:\\\/\\\/www.youtube.com\\\/channel\\\/UCGP2Sq0iWaZwT3BdIAQFYpw\"]},{\"@type\":\"Person\",\"@id\":\"https:\\\/\\\/www.organisator.ch\\\/#\\\/schema\\\/person\\\/134708ca9321c57b0362cceb7948ffbd\",\"name\":\"michael.merz\",\"image\":{\"@type\":\"ImageObject\",\"inLanguage\":\"it-IT\",\"@id\":\"https:\\\/\\\/secure.gravatar.com\\\/avatar\\\/?s=96&d=mm&r=g\",\"url\":\"https:\\\/\\\/secure.gravatar.com\\\/avatar\\\/?s=96&d=mm&r=g\",\"contentUrl\":\"https:\\\/\\\/secure.gravatar.com\\\/avatar\\\/?s=96&d=mm&r=g\",\"caption\":\"michael.merz\"},\"url\":\"https:\\\/\\\/www.organisator.ch\\\/it\\\/author\\\/michael-merz\\\/\"}]}<\/script>\n<!-- \/ Yoast SEO plugin. -->","yoast_head_json":{"title":"Anteprima di REMforum 2018 - Organizzatore","description":"Il REMforum 2018 far\u00e0 luce sulla decentralizzazione dei mercati energetici e sui nuovi modelli di business per le energie rinnovabili.","robots":{"index":"index","follow":"follow","max-snippet":"max-snippet:-1","max-image-preview":"max-image-preview:large","max-video-preview":"max-video-preview:-1"},"canonical":"https:\/\/www.organisator.ch\/it\/sostenibilita\/2018-04-19\/vorschau-zum-remforum-2018\/","og_locale":"it_IT","og_type":"article","og_title":"Vorschau zum REMforum 2018 - Organisator","og_description":"Das REMforum 2018 beleuchtet die Dezentralisierung der Energiem\u00e4rkte und neue Gesch\u00e4ftsmodelle f\u00fcr erneuerbare Energien.","og_url":"https:\/\/www.organisator.ch\/it\/sostenibilita\/2018-04-19\/vorschau-zum-remforum-2018\/","og_site_name":"Organisator","article_publisher":"https:\/\/www.facebook.com\/OrganisatorFachmagazin","article_published_time":"2018-04-19T13:50:27+00:00","article_modified_time":"2024-11-07T06:22:09+00:00","og_image":[{"width":1521,"height":1045,"url":"https:\/\/www.organisator.ch\/wp-content\/uploads\/2018\/04\/Vorschau-zum-REMforum-2018-up-umwelt-perspektiven.jpg","type":"image\/jpeg"}],"author":"michael.merz","twitter_card":"summary_large_image","schema":{"@context":"https:\/\/schema.org","@graph":[{"@type":"Article","@id":"https:\/\/www.organisator.ch\/sustainability\/2018-04-19\/vorschau-zum-remforum-2018\/#article","isPartOf":{"@id":"https:\/\/www.organisator.ch\/sustainability\/2018-04-19\/vorschau-zum-remforum-2018\/"},"author":{"name":"michael.merz","@id":"https:\/\/www.organisator.ch\/#\/schema\/person\/134708ca9321c57b0362cceb7948ffbd"},"headline":"Vorschau zum REMforum 2018","datePublished":"2018-04-19T13:50:27+00:00","dateModified":"2024-11-07T06:22:09+00:00","mainEntityOfPage":{"@id":"https:\/\/www.organisator.ch\/sustainability\/2018-04-19\/vorschau-zum-remforum-2018\/"},"wordCount":256,"publisher":{"@id":"https:\/\/www.organisator.ch\/#organization"},"image":{"@id":"https:\/\/www.organisator.ch\/sustainability\/2018-04-19\/vorschau-zum-remforum-2018\/#primaryimage"},"thumbnailUrl":"https:\/\/www.organisator.ch\/wp-content\/uploads\/2018\/04\/Vorschau-zum-REMforum-2018-up-umwelt-perspektiven.jpg","keywords":["Enerneuerbare Energie","Forum"],"articleSection":["SUSTAINABILITY"],"inLanguage":"it-IT"},{"@type":"WebPage","@id":"https:\/\/www.organisator.ch\/sustainability\/2018-04-19\/vorschau-zum-remforum-2018\/","url":"https:\/\/www.organisator.ch\/sustainability\/2018-04-19\/vorschau-zum-remforum-2018\/","name":"Anteprima di REMforum 2018 - Organizzatore","isPartOf":{"@id":"https:\/\/www.organisator.ch\/#website"},"primaryImageOfPage":{"@id":"https:\/\/www.organisator.ch\/sustainability\/2018-04-19\/vorschau-zum-remforum-2018\/#primaryimage"},"image":{"@id":"https:\/\/www.organisator.ch\/sustainability\/2018-04-19\/vorschau-zum-remforum-2018\/#primaryimage"},"thumbnailUrl":"https:\/\/www.organisator.ch\/wp-content\/uploads\/2018\/04\/Vorschau-zum-REMforum-2018-up-umwelt-perspektiven.jpg","datePublished":"2018-04-19T13:50:27+00:00","dateModified":"2024-11-07T06:22:09+00:00","description":"Il REMforum 2018 far\u00e0 luce sulla decentralizzazione dei mercati energetici e sui nuovi modelli di business per le energie rinnovabili.","breadcrumb":{"@id":"https:\/\/www.organisator.ch\/sustainability\/2018-04-19\/vorschau-zum-remforum-2018\/#breadcrumb"},"inLanguage":"it-IT","potentialAction":[{"@type":"ReadAction","target":["https:\/\/www.organisator.ch\/sustainability\/2018-04-19\/vorschau-zum-remforum-2018\/"]}]},{"@type":"ImageObject","inLanguage":"it-IT","@id":"https:\/\/www.organisator.ch\/sustainability\/2018-04-19\/vorschau-zum-remforum-2018\/#primaryimage","url":"https:\/\/www.organisator.ch\/wp-content\/uploads\/2018\/04\/Vorschau-zum-REMforum-2018-up-umwelt-perspektiven.jpg","contentUrl":"https:\/\/www.organisator.ch\/wp-content\/uploads\/2018\/04\/Vorschau-zum-REMforum-2018-up-umwelt-perspektiven.jpg","width":1521,"height":1045,"caption":"Das #REMforum bietet M\u00f6glichkeiten \u00fcber neue Technologien f\u00fcr erneuerbare Energie zu diskutieren. (Bild: zVg)"},{"@type":"BreadcrumbList","@id":"https:\/\/www.organisator.ch\/sustainability\/2018-04-19\/vorschau-zum-remforum-2018\/#breadcrumb","itemListElement":[{"@type":"ListItem","position":1,"name":"Home","item":"https:\/\/www.organisator.ch\/"},{"@type":"ListItem","position":2,"name":"Vorschau zum REMforum 2018"}]},{"@type":"WebSite","@id":"https:\/\/www.organisator.ch\/#website","url":"https:\/\/www.organisator.ch\/","name":"Organizzatore","description":"Competente. Pratico. In 10 numeri all'anno, ORGANISATOR presenta i temi essenziali per i manager delle PMI.","publisher":{"@id":"https:\/\/www.organisator.ch\/#organization"},"potentialAction":[{"@type":"SearchAction","target":{"@type":"EntryPoint","urlTemplate":"https:\/\/www.organisator.ch\/?s={search_term_string}"},"query-input":{"@type":"PropertyValueSpecification","valueRequired":true,"valueName":"search_term_string"}}],"inLanguage":"it-IT"},{"@type":"Organization","@id":"https:\/\/www.organisator.ch\/#organization","name":"Organizzatore","url":"https:\/\/www.organisator.ch\/","logo":{"@type":"ImageObject","inLanguage":"it-IT","@id":"https:\/\/www.organisator.ch\/#\/schema\/logo\/image\/","url":"https:\/\/www.organisator.ch\/wp-content\/uploads\/2022\/01\/Logo_Organisator_Website.png","contentUrl":"https:\/\/www.organisator.ch\/wp-content\/uploads\/2022\/01\/Logo_Organisator_Website.png","width":800,"height":77,"caption":"Organisator"},"image":{"@id":"https:\/\/www.organisator.ch\/#\/schema\/logo\/image\/"},"sameAs":["https:\/\/www.facebook.com\/OrganisatorFachmagazin","https:\/\/www.linkedin.com\/showcase\/organisator-das-magazin-fr-kmu","https:\/\/www.xing.com\/news\/pages\/organisator-ch-695","https:\/\/www.youtube.com\/channel\/UCGP2Sq0iWaZwT3BdIAQFYpw"]},{"@type":"Person","@id":"https:\/\/www.organisator.ch\/#\/schema\/person\/134708ca9321c57b0362cceb7948ffbd","name":"michael.merz","image":{"@type":"ImageObject","inLanguage":"it-IT","@id":"https:\/\/secure.gravatar.com\/avatar\/?s=96&d=mm&r=g","url":"https:\/\/secure.gravatar.com\/avatar\/?s=96&d=mm&r=g","contentUrl":"https:\/\/secure.gravatar.com\/avatar\/?s=96&d=mm&r=g","caption":"michael.merz"},"url":"https:\/\/www.organisator.ch\/it\/author\/michael-merz\/"}]}},"_links":{"self":[{"href":"https:\/\/www.organisator.ch\/it\/wp-json\/wp\/v2\/posts\/10041","targetHints":{"allow":["GET"]}}],"collection":[{"href":"https:\/\/www.organisator.ch\/it\/wp-json\/wp\/v2\/posts"}],"about":[{"href":"https:\/\/www.organisator.ch\/it\/wp-json\/wp\/v2\/types\/post"}],"author":[{"embeddable":true,"href":"https:\/\/www.organisator.ch\/it\/wp-json\/wp\/v2\/users\/5"}],"replies":[{"embeddable":true,"href":"https:\/\/www.organisator.ch\/it\/wp-json\/wp\/v2\/comments?post=10041"}],"version-history":[{"count":2,"href":"https:\/\/www.organisator.ch\/it\/wp-json\/wp\/v2\/posts\/10041\/revisions"}],"predecessor-version":[{"id":31649,"href":"https:\/\/www.organisator.ch\/it\/wp-json\/wp\/v2\/posts\/10041\/revisions\/31649"}],"wp:featuredmedia":[{"embeddable":true,"href":"https:\/\/www.organisator.ch\/it\/wp-json\/wp\/v2\/media\/1662"}],"wp:attachment":[{"href":"https:\/\/www.organisator.ch\/it\/wp-json\/wp\/v2\/media?parent=10041"}],"wp:term":[{"taxonomy":"category","embeddable":true,"href":"https:\/\/www.organisator.ch\/it\/wp-json\/wp\/v2\/categories?post=10041"},{"taxonomy":"post_tag","embeddable":true,"href":"https:\/\/www.organisator.ch\/it\/wp-json\/wp\/v2\/tags?post=10041"}],"curies":[{"name":"wp","href":"https:\/\/api.w.org\/{rel}","templated":true}]}}