{"id":10046,"date":"2018-07-23T10:54:29","date_gmt":"2018-07-23T08:54:29","guid":{"rendered":"https:\/\/www.umweltperspektiven.ch\/?p=1787"},"modified":"2022-02-09T11:05:36","modified_gmt":"2022-02-09T10:05:36","slug":"plastik-recycling-schweizer-schaffen-nur-25-prozent","status":"publish","type":"post","link":"https:\/\/www.organisator.ch\/it\/sustainability\/2018-07-23\/plastik-recycling-schweizer-schaffen-nur-25-prozent\/","title":{"rendered":"Riciclaggio della plastica: gli svizzeri gestiscono solo il 25 per cento"},"content":{"rendered":"<figure id=\"attachment_1788\" aria-describedby=\"caption-attachment-1788\" style=\"width: 316px\" class=\"wp-caption alignnone\"><img loading=\"lazy\" decoding=\"async\" class=\"size-full wp-image-1788\" src=\"\/\/www.umweltperspektiven.ch\/wp-content\/uploads\/2018\/07\/Plastik-Recycling_UP_Umwelt-Perspektiven-giorgio-keller.jpg\" alt=\"\" width=\"316\" height=\"399\" \/><figcaption id=\"caption-attachment-1788\" class=\"wp-caption-text\">Georgio Keller, fondatore di Recycling Services AG. (Immagine: zVg)<\/figcaption><\/figure>\n<p>Secondo le cifre attuali, la Svizzera deve ancora recuperare un po' di tempo per quanto riguarda il riciclaggio della plastica. Tuttavia, coloro che non smaltiscono correttamente i loro rifiuti inquinano la natura e l'ambiente. Anche un paese ricco come la Svizzera dovrebbe rendersene conto. Giorgio Keller, CEO del servizio di raccolta svizzero \"Recycling Services\", parla del riciclaggio in Svizzera in generale e del suo servizio di raccolta in particolare.<\/p>\n<p><strong>Signor Keller, perch\u00e9 pensa che il tasso di riciclaggio delle altre materie plastiche sia cos\u00ec basso in Svizzera rispetto al PET?<\/strong><\/p>\n<p><em>Penso che questo abbia a che fare da un lato con il fatto che sono stati fissati obiettivi chiari per il riciclaggio del PET e di conseguenza la popolazione \u00e8 stata sensibilizzata molto consapevolmente a questo. La situazione \u00e8 diversa per gli altri tipi di plastica, come le bottiglie di plastica o gli imballaggi e i contenitori per le bevande, e infine anche per i cosmetici, saponi e creme e i ben noti sacchetti di plastica. <\/em><\/p>\n<p><strong>Da dove viene questa \"ignoranza\" dei consumatori finali?<\/strong><\/p>\n<p><em>Molte persone non sanno nemmeno che possono riciclarli. Inoltre, molti punti di riciclaggio in Svizzera non offrono ancora la possibilit\u00e0 di restituire le bottiglie di plastica. \u00c8 da qui che vogliamo partire con il nostro servizio di raccolta e promuovere il riciclaggio della plastica in Svizzera.<\/em><\/p>\n<p><strong>Recycling Services \u00e8 stata fondata nel 2015 e ha sede a D\u00fcbendorf, dove l'azienda impiega 35 persone. <\/strong><strong>Come ti \u00e8 venuta l'idea di questo servizio?<\/strong><\/p>\n<p><em>La digitalizzazione ci permette di avere molti prodotti consegnati nelle nostre case. Questo rafforza l'idea dei consumatori di poter fare tutto da casa. Nell'area del riciclaggio in particolare, tuttavia, ci mancava un'offerta comparabile fino ad ora. Perch\u00e9 i rifiuti domestici vengono raccolti a casa mia, ma devo portare i rifiuti di riciclaggio in un punto di raccolta remoto in macchina? <\/em><\/p>\n<p><em>Volevamo cambiare le cose. Il riciclaggio dovrebbe essere semplice. Ecco perch\u00e9 con noi non devi separare i rifiuti da riciclare, tutto va nello stesso sacchetto di riciclaggio. Ci occupiamo della separazione e del riciclaggio per i nostri clienti.<\/em><\/p>\n<p><strong>Quali sono i prossimi progetti previsti da Recycling Services?<\/strong><br \/>\n<em>Abbiamo appena ampliato i nostri servizi e stiamo lavorando ancora pi\u00f9 intensamente con le societ\u00e0 di gestione immobiliare. Questo ci permette di offrire i nostri servizi a interi complessi residenziali. A causa di questo ulteriore segmento di clienti, abbiamo riorganizzato il nostro reparto vendite e creato un reparto ciascuno per i clienti privati, le PMI e la gestione immobiliare. <\/em><\/p>\n<p><em>Il nostro obiettivo principale al momento \u00e8 l'acquisizione di clienti, soprattutto nel settore della gestione immobiliare.<\/em><\/p>\n<p><a href=\"\/\/werecycle.ch\">werecycle.ch<\/a><\/p>\n<p>&nbsp;<\/p>\n<p><em>Informazioni sui servizi di riciclaggio:<\/em><br \/>\n<em>Recycling Services raccoglie i rifiuti di riciclaggio dai clienti privati e commerciali. I clienti possono abbonarsi al servizio e ricevere sacchi per i rifiuti da 35l o, per le PMI, da 110l, appositamente forniti da Recycling Services, in cui i clienti possono raccogliere i rifiuti riciclati non differenziati. Vengono raccolti i seguenti rifiuti riciclabili: Lattine di alluminio, vetro usato, bottiglie in PET, cartoni per bevande, bottiglie in PE, tappi di sughero, toner\/cartucce, rottami metallici, rifiuti elettronici, plastica, batterie e capsule Nespresso. Le famiglie possono sottoscrivere un abbonamento standard, che include una raccolta di due sacchetti per il riciclaggio al mese, o un abbonamento economico, che include due raccolte di due sacchetti per il riciclaggio al mese. Le aziende possono prenotare fino a quattro collezioni al mese.<\/em><\/p>\n<p>&nbsp;<\/p>","protected":false},"excerpt":{"rendered":"<p>Gem\u00e4ss aktuellen Zahlen hat die Schweiz noch Aufholbedarf, wenn es ums Plastik-Recycling geht. Wer nicht ordnungsgem\u00e4ss entsorgt, belastet jedoch Natur und Umwelt. Auch ein Wohlstandsland wie die Schweiz m\u00fcsste dies einsehen. Giorgio Keller, CEO vom Schweizer Recycling-Abholdienst &#8222;Recycling Services&#8220;, \u00fcber das Recycling in der Schweiz generell und \u00fcber seinen Abholdienst im Spezifischen. Herr Keller, wieso [&hellip;]<\/p>\n","protected":false},"author":5,"featured_media":1789,"comment_status":"open","ping_status":"open","sticky":false,"template":"","format":"standard","meta":{"_acf_changed":false,"_yoast_wpseo_focuskw":"Plastik-Recycling","_yoast_wpseo_metadesc":"Schon seit l\u00e4ngerem steht nicht nur Plastikm\u00fcll, sondern auch das Plastik-Recycling in der Schweiz scharf in der Kritik.","articlekey":"","footnotes":""},"categories":[580],"tags":[1918,424],"class_list":["post-10046","post","type-post","status-publish","format-standard","has-post-thumbnail","hentry","category-sustainability","tag-plastik-abfall","tag-schweiz"],"acf":[],"yoast_head":"<!-- This site is optimized with the Yoast SEO plugin v27.5 - https:\/\/yoast.com\/product\/yoast-seo-wordpress\/ -->\n<title>Plastik-Recycling: Schweizer schaffen nur 25 Prozent - Organisator<\/title>\n<meta name=\"description\" content=\"Schon seit l\u00e4ngerem steht nicht nur Plastikm\u00fcll, sondern auch das Plastik-Recycling in der Schweiz scharf in der Kritik.\" \/>\n<meta name=\"robots\" content=\"index, follow, max-snippet:-1, max-image-preview:large, max-video-preview:-1\" \/>\n<link rel=\"canonical\" href=\"https:\/\/www.organisator.ch\/it\/sostenibilita\/2018-07-23\/plastik-recycling-schweizer-schaffen-nur-25-prozent\/\" \/>\n<meta property=\"og:locale\" content=\"it_IT\" \/>\n<meta property=\"og:type\" content=\"article\" \/>\n<meta property=\"og:title\" content=\"Plastik-Recycling: Schweizer schaffen nur 25 Prozent - Organisator\" \/>\n<meta property=\"og:description\" content=\"Schon seit l\u00e4ngerem steht nicht nur Plastikm\u00fcll, sondern auch das Plastik-Recycling in der Schweiz scharf in der Kritik.\" \/>\n<meta property=\"og:url\" content=\"https:\/\/www.organisator.ch\/it\/sostenibilita\/2018-07-23\/plastik-recycling-schweizer-schaffen-nur-25-prozent\/\" \/>\n<meta property=\"og:site_name\" content=\"Organisator\" \/>\n<meta property=\"article:publisher\" content=\"https:\/\/www.facebook.com\/OrganisatorFachmagazin\" \/>\n<meta property=\"article:published_time\" content=\"2018-07-23T08:54:29+00:00\" \/>\n<meta property=\"article:modified_time\" content=\"2022-02-09T10:05:36+00:00\" \/>\n<meta property=\"og:image\" content=\"https:\/\/www.organisator.ch\/wp-content\/uploads\/2018\/07\/plastik-recycling_mert_guller.jpg\" \/>\n\t<meta property=\"og:image:width\" content=\"557\" \/>\n\t<meta property=\"og:image:height\" content=\"361\" \/>\n\t<meta property=\"og:image:type\" content=\"image\/jpeg\" \/>\n<meta name=\"author\" content=\"michael.merz\" \/>\n<meta name=\"twitter:card\" content=\"summary_large_image\" \/>\n<script type=\"application\/ld+json\" class=\"yoast-schema-graph\">{\"@context\":\"https:\\\/\\\/schema.org\",\"@graph\":[{\"@type\":\"Article\",\"@id\":\"https:\\\/\\\/www.organisator.ch\\\/sustainability\\\/2018-07-23\\\/plastik-recycling-schweizer-schaffen-nur-25-prozent\\\/#article\",\"isPartOf\":{\"@id\":\"https:\\\/\\\/www.organisator.ch\\\/sustainability\\\/2018-07-23\\\/plastik-recycling-schweizer-schaffen-nur-25-prozent\\\/\"},\"author\":{\"name\":\"michael.merz\",\"@id\":\"https:\\\/\\\/www.organisator.ch\\\/#\\\/schema\\\/person\\\/134708ca9321c57b0362cceb7948ffbd\"},\"headline\":\"Plastik-Recycling: Schweizer schaffen nur 25 Prozent\",\"datePublished\":\"2018-07-23T08:54:29+00:00\",\"dateModified\":\"2022-02-09T10:05:36+00:00\",\"mainEntityOfPage\":{\"@id\":\"https:\\\/\\\/www.organisator.ch\\\/sustainability\\\/2018-07-23\\\/plastik-recycling-schweizer-schaffen-nur-25-prozent\\\/\"},\"wordCount\":527,\"commentCount\":0,\"publisher\":{\"@id\":\"https:\\\/\\\/www.organisator.ch\\\/#organization\"},\"image\":{\"@id\":\"https:\\\/\\\/www.organisator.ch\\\/sustainability\\\/2018-07-23\\\/plastik-recycling-schweizer-schaffen-nur-25-prozent\\\/#primaryimage\"},\"thumbnailUrl\":\"https:\\\/\\\/www.organisator.ch\\\/wp-content\\\/uploads\\\/2018\\\/07\\\/plastik-recycling_mert_guller.jpg\",\"keywords\":[\"Plastik-Abfall\",\"Schweiz\"],\"articleSection\":[\"SUSTAINABILITY\"],\"inLanguage\":\"it-IT\"},{\"@type\":\"WebPage\",\"@id\":\"https:\\\/\\\/www.organisator.ch\\\/sustainability\\\/2018-07-23\\\/plastik-recycling-schweizer-schaffen-nur-25-prozent\\\/\",\"url\":\"https:\\\/\\\/www.organisator.ch\\\/sustainability\\\/2018-07-23\\\/plastik-recycling-schweizer-schaffen-nur-25-prozent\\\/\",\"name\":\"Plastik-Recycling: Schweizer schaffen nur 25 Prozent - Organisator\",\"isPartOf\":{\"@id\":\"https:\\\/\\\/www.organisator.ch\\\/#website\"},\"primaryImageOfPage\":{\"@id\":\"https:\\\/\\\/www.organisator.ch\\\/sustainability\\\/2018-07-23\\\/plastik-recycling-schweizer-schaffen-nur-25-prozent\\\/#primaryimage\"},\"image\":{\"@id\":\"https:\\\/\\\/www.organisator.ch\\\/sustainability\\\/2018-07-23\\\/plastik-recycling-schweizer-schaffen-nur-25-prozent\\\/#primaryimage\"},\"thumbnailUrl\":\"https:\\\/\\\/www.organisator.ch\\\/wp-content\\\/uploads\\\/2018\\\/07\\\/plastik-recycling_mert_guller.jpg\",\"datePublished\":\"2018-07-23T08:54:29+00:00\",\"dateModified\":\"2022-02-09T10:05:36+00:00\",\"description\":\"Schon seit l\u00e4ngerem steht nicht nur Plastikm\u00fcll, sondern auch das Plastik-Recycling in der Schweiz scharf in der Kritik.\",\"breadcrumb\":{\"@id\":\"https:\\\/\\\/www.organisator.ch\\\/sustainability\\\/2018-07-23\\\/plastik-recycling-schweizer-schaffen-nur-25-prozent\\\/#breadcrumb\"},\"inLanguage\":\"it-IT\",\"potentialAction\":[{\"@type\":\"ReadAction\",\"target\":[\"https:\\\/\\\/www.organisator.ch\\\/sustainability\\\/2018-07-23\\\/plastik-recycling-schweizer-schaffen-nur-25-prozent\\\/\"]}]},{\"@type\":\"ImageObject\",\"inLanguage\":\"it-IT\",\"@id\":\"https:\\\/\\\/www.organisator.ch\\\/sustainability\\\/2018-07-23\\\/plastik-recycling-schweizer-schaffen-nur-25-prozent\\\/#primaryimage\",\"url\":\"https:\\\/\\\/www.organisator.ch\\\/wp-content\\\/uploads\\\/2018\\\/07\\\/plastik-recycling_mert_guller.jpg\",\"contentUrl\":\"https:\\\/\\\/www.organisator.ch\\\/wp-content\\\/uploads\\\/2018\\\/07\\\/plastik-recycling_mert_guller.jpg\",\"width\":557,\"height\":361},{\"@type\":\"BreadcrumbList\",\"@id\":\"https:\\\/\\\/www.organisator.ch\\\/sustainability\\\/2018-07-23\\\/plastik-recycling-schweizer-schaffen-nur-25-prozent\\\/#breadcrumb\",\"itemListElement\":[{\"@type\":\"ListItem\",\"position\":1,\"name\":\"Home\",\"item\":\"https:\\\/\\\/www.organisator.ch\\\/\"},{\"@type\":\"ListItem\",\"position\":2,\"name\":\"Plastik-Recycling: Schweizer schaffen nur 25 Prozent\"}]},{\"@type\":\"WebSite\",\"@id\":\"https:\\\/\\\/www.organisator.ch\\\/#website\",\"url\":\"https:\\\/\\\/www.organisator.ch\\\/\",\"name\":\"Organisator\",\"description\":\"Kompetent. Praxisnah. Der ORGANISATOR bereitet in 10 Ausgaben pro Jahr die wesentlichen Themen f\u00fcr F\u00fchrungskr\u00e4fte von KMU auf.\",\"publisher\":{\"@id\":\"https:\\\/\\\/www.organisator.ch\\\/#organization\"},\"potentialAction\":[{\"@type\":\"SearchAction\",\"target\":{\"@type\":\"EntryPoint\",\"urlTemplate\":\"https:\\\/\\\/www.organisator.ch\\\/?s={search_term_string}\"},\"query-input\":{\"@type\":\"PropertyValueSpecification\",\"valueRequired\":true,\"valueName\":\"search_term_string\"}}],\"inLanguage\":\"it-IT\"},{\"@type\":\"Organization\",\"@id\":\"https:\\\/\\\/www.organisator.ch\\\/#organization\",\"name\":\"Organisator\",\"url\":\"https:\\\/\\\/www.organisator.ch\\\/\",\"logo\":{\"@type\":\"ImageObject\",\"inLanguage\":\"it-IT\",\"@id\":\"https:\\\/\\\/www.organisator.ch\\\/#\\\/schema\\\/logo\\\/image\\\/\",\"url\":\"https:\\\/\\\/www.organisator.ch\\\/wp-content\\\/uploads\\\/2022\\\/01\\\/Logo_Organisator_Website.png\",\"contentUrl\":\"https:\\\/\\\/www.organisator.ch\\\/wp-content\\\/uploads\\\/2022\\\/01\\\/Logo_Organisator_Website.png\",\"width\":800,\"height\":77,\"caption\":\"Organisator\"},\"image\":{\"@id\":\"https:\\\/\\\/www.organisator.ch\\\/#\\\/schema\\\/logo\\\/image\\\/\"},\"sameAs\":[\"https:\\\/\\\/www.facebook.com\\\/OrganisatorFachmagazin\",\"https:\\\/\\\/www.linkedin.com\\\/showcase\\\/organisator-das-magazin-fr-kmu\",\"https:\\\/\\\/www.xing.com\\\/news\\\/pages\\\/organisator-ch-695\",\"https:\\\/\\\/www.youtube.com\\\/channel\\\/UCGP2Sq0iWaZwT3BdIAQFYpw\"]},{\"@type\":\"Person\",\"@id\":\"https:\\\/\\\/www.organisator.ch\\\/#\\\/schema\\\/person\\\/134708ca9321c57b0362cceb7948ffbd\",\"name\":\"michael.merz\",\"image\":{\"@type\":\"ImageObject\",\"inLanguage\":\"it-IT\",\"@id\":\"https:\\\/\\\/secure.gravatar.com\\\/avatar\\\/?s=96&d=mm&r=g\",\"url\":\"https:\\\/\\\/secure.gravatar.com\\\/avatar\\\/?s=96&d=mm&r=g\",\"contentUrl\":\"https:\\\/\\\/secure.gravatar.com\\\/avatar\\\/?s=96&d=mm&r=g\",\"caption\":\"michael.merz\"},\"url\":\"https:\\\/\\\/www.organisator.ch\\\/it\\\/author\\\/michael-merz\\\/\"}]}<\/script>\n<!-- \/ Yoast SEO plugin. -->","yoast_head_json":{"title":"Riciclaggio della plastica: la Svizzera riesce a riciclare solo il 25% - Organizzatore","description":"Da qualche tempo, non solo i rifiuti di plastica, ma anche il riciclaggio della plastica in Svizzera \u00e8 oggetto di aspre critiche.","robots":{"index":"index","follow":"follow","max-snippet":"max-snippet:-1","max-image-preview":"max-image-preview:large","max-video-preview":"max-video-preview:-1"},"canonical":"https:\/\/www.organisator.ch\/it\/sostenibilita\/2018-07-23\/plastik-recycling-schweizer-schaffen-nur-25-prozent\/","og_locale":"it_IT","og_type":"article","og_title":"Plastik-Recycling: Schweizer schaffen nur 25 Prozent - Organisator","og_description":"Schon seit l\u00e4ngerem steht nicht nur Plastikm\u00fcll, sondern auch das Plastik-Recycling in der Schweiz scharf in der Kritik.","og_url":"https:\/\/www.organisator.ch\/it\/sostenibilita\/2018-07-23\/plastik-recycling-schweizer-schaffen-nur-25-prozent\/","og_site_name":"Organisator","article_publisher":"https:\/\/www.facebook.com\/OrganisatorFachmagazin","article_published_time":"2018-07-23T08:54:29+00:00","article_modified_time":"2022-02-09T10:05:36+00:00","og_image":[{"width":557,"height":361,"url":"https:\/\/www.organisator.ch\/wp-content\/uploads\/2018\/07\/plastik-recycling_mert_guller.jpg","type":"image\/jpeg"}],"author":"michael.merz","twitter_card":"summary_large_image","schema":{"@context":"https:\/\/schema.org","@graph":[{"@type":"Article","@id":"https:\/\/www.organisator.ch\/sustainability\/2018-07-23\/plastik-recycling-schweizer-schaffen-nur-25-prozent\/#article","isPartOf":{"@id":"https:\/\/www.organisator.ch\/sustainability\/2018-07-23\/plastik-recycling-schweizer-schaffen-nur-25-prozent\/"},"author":{"name":"michael.merz","@id":"https:\/\/www.organisator.ch\/#\/schema\/person\/134708ca9321c57b0362cceb7948ffbd"},"headline":"Plastik-Recycling: Schweizer schaffen nur 25 Prozent","datePublished":"2018-07-23T08:54:29+00:00","dateModified":"2022-02-09T10:05:36+00:00","mainEntityOfPage":{"@id":"https:\/\/www.organisator.ch\/sustainability\/2018-07-23\/plastik-recycling-schweizer-schaffen-nur-25-prozent\/"},"wordCount":527,"commentCount":0,"publisher":{"@id":"https:\/\/www.organisator.ch\/#organization"},"image":{"@id":"https:\/\/www.organisator.ch\/sustainability\/2018-07-23\/plastik-recycling-schweizer-schaffen-nur-25-prozent\/#primaryimage"},"thumbnailUrl":"https:\/\/www.organisator.ch\/wp-content\/uploads\/2018\/07\/plastik-recycling_mert_guller.jpg","keywords":["Plastik-Abfall","Schweiz"],"articleSection":["SUSTAINABILITY"],"inLanguage":"it-IT"},{"@type":"WebPage","@id":"https:\/\/www.organisator.ch\/sustainability\/2018-07-23\/plastik-recycling-schweizer-schaffen-nur-25-prozent\/","url":"https:\/\/www.organisator.ch\/sustainability\/2018-07-23\/plastik-recycling-schweizer-schaffen-nur-25-prozent\/","name":"Riciclaggio della plastica: la Svizzera riesce a riciclare solo il 25% - Organizzatore","isPartOf":{"@id":"https:\/\/www.organisator.ch\/#website"},"primaryImageOfPage":{"@id":"https:\/\/www.organisator.ch\/sustainability\/2018-07-23\/plastik-recycling-schweizer-schaffen-nur-25-prozent\/#primaryimage"},"image":{"@id":"https:\/\/www.organisator.ch\/sustainability\/2018-07-23\/plastik-recycling-schweizer-schaffen-nur-25-prozent\/#primaryimage"},"thumbnailUrl":"https:\/\/www.organisator.ch\/wp-content\/uploads\/2018\/07\/plastik-recycling_mert_guller.jpg","datePublished":"2018-07-23T08:54:29+00:00","dateModified":"2022-02-09T10:05:36+00:00","description":"Da qualche tempo, non solo i rifiuti di plastica, ma anche il riciclaggio della plastica in Svizzera \u00e8 oggetto di aspre critiche.","breadcrumb":{"@id":"https:\/\/www.organisator.ch\/sustainability\/2018-07-23\/plastik-recycling-schweizer-schaffen-nur-25-prozent\/#breadcrumb"},"inLanguage":"it-IT","potentialAction":[{"@type":"ReadAction","target":["https:\/\/www.organisator.ch\/sustainability\/2018-07-23\/plastik-recycling-schweizer-schaffen-nur-25-prozent\/"]}]},{"@type":"ImageObject","inLanguage":"it-IT","@id":"https:\/\/www.organisator.ch\/sustainability\/2018-07-23\/plastik-recycling-schweizer-schaffen-nur-25-prozent\/#primaryimage","url":"https:\/\/www.organisator.ch\/wp-content\/uploads\/2018\/07\/plastik-recycling_mert_guller.jpg","contentUrl":"https:\/\/www.organisator.ch\/wp-content\/uploads\/2018\/07\/plastik-recycling_mert_guller.jpg","width":557,"height":361},{"@type":"BreadcrumbList","@id":"https:\/\/www.organisator.ch\/sustainability\/2018-07-23\/plastik-recycling-schweizer-schaffen-nur-25-prozent\/#breadcrumb","itemListElement":[{"@type":"ListItem","position":1,"name":"Home","item":"https:\/\/www.organisator.ch\/"},{"@type":"ListItem","position":2,"name":"Plastik-Recycling: Schweizer schaffen nur 25 Prozent"}]},{"@type":"WebSite","@id":"https:\/\/www.organisator.ch\/#website","url":"https:\/\/www.organisator.ch\/","name":"Organizzatore","description":"Competente. Pratico. In 10 numeri all'anno, ORGANISATOR presenta i temi essenziali per i manager delle PMI.","publisher":{"@id":"https:\/\/www.organisator.ch\/#organization"},"potentialAction":[{"@type":"SearchAction","target":{"@type":"EntryPoint","urlTemplate":"https:\/\/www.organisator.ch\/?s={search_term_string}"},"query-input":{"@type":"PropertyValueSpecification","valueRequired":true,"valueName":"search_term_string"}}],"inLanguage":"it-IT"},{"@type":"Organization","@id":"https:\/\/www.organisator.ch\/#organization","name":"Organizzatore","url":"https:\/\/www.organisator.ch\/","logo":{"@type":"ImageObject","inLanguage":"it-IT","@id":"https:\/\/www.organisator.ch\/#\/schema\/logo\/image\/","url":"https:\/\/www.organisator.ch\/wp-content\/uploads\/2022\/01\/Logo_Organisator_Website.png","contentUrl":"https:\/\/www.organisator.ch\/wp-content\/uploads\/2022\/01\/Logo_Organisator_Website.png","width":800,"height":77,"caption":"Organisator"},"image":{"@id":"https:\/\/www.organisator.ch\/#\/schema\/logo\/image\/"},"sameAs":["https:\/\/www.facebook.com\/OrganisatorFachmagazin","https:\/\/www.linkedin.com\/showcase\/organisator-das-magazin-fr-kmu","https:\/\/www.xing.com\/news\/pages\/organisator-ch-695","https:\/\/www.youtube.com\/channel\/UCGP2Sq0iWaZwT3BdIAQFYpw"]},{"@type":"Person","@id":"https:\/\/www.organisator.ch\/#\/schema\/person\/134708ca9321c57b0362cceb7948ffbd","name":"michael.merz","image":{"@type":"ImageObject","inLanguage":"it-IT","@id":"https:\/\/secure.gravatar.com\/avatar\/?s=96&d=mm&r=g","url":"https:\/\/secure.gravatar.com\/avatar\/?s=96&d=mm&r=g","contentUrl":"https:\/\/secure.gravatar.com\/avatar\/?s=96&d=mm&r=g","caption":"michael.merz"},"url":"https:\/\/www.organisator.ch\/it\/author\/michael-merz\/"}]}},"_links":{"self":[{"href":"https:\/\/www.organisator.ch\/it\/wp-json\/wp\/v2\/posts\/10046","targetHints":{"allow":["GET"]}}],"collection":[{"href":"https:\/\/www.organisator.ch\/it\/wp-json\/wp\/v2\/posts"}],"about":[{"href":"https:\/\/www.organisator.ch\/it\/wp-json\/wp\/v2\/types\/post"}],"author":[{"embeddable":true,"href":"https:\/\/www.organisator.ch\/it\/wp-json\/wp\/v2\/users\/5"}],"replies":[{"embeddable":true,"href":"https:\/\/www.organisator.ch\/it\/wp-json\/wp\/v2\/comments?post=10046"}],"version-history":[{"count":1,"href":"https:\/\/www.organisator.ch\/it\/wp-json\/wp\/v2\/posts\/10046\/revisions"}],"predecessor-version":[{"id":10415,"href":"https:\/\/www.organisator.ch\/it\/wp-json\/wp\/v2\/posts\/10046\/revisions\/10415"}],"wp:featuredmedia":[{"embeddable":true,"href":"https:\/\/www.organisator.ch\/it\/wp-json\/wp\/v2\/media\/1789"}],"wp:attachment":[{"href":"https:\/\/www.organisator.ch\/it\/wp-json\/wp\/v2\/media?parent=10046"}],"wp:term":[{"taxonomy":"category","embeddable":true,"href":"https:\/\/www.organisator.ch\/it\/wp-json\/wp\/v2\/categories?post=10046"},{"taxonomy":"post_tag","embeddable":true,"href":"https:\/\/www.organisator.ch\/it\/wp-json\/wp\/v2\/tags?post=10046"}],"curies":[{"name":"wp","href":"https:\/\/api.w.org\/{rel}","templated":true}]}}