{"id":10055,"date":"2018-11-23T13:01:08","date_gmt":"2018-11-23T12:01:08","guid":{"rendered":"https:\/\/www.umweltperspektiven.ch\/?p=1908"},"modified":"2022-02-09T11:10:08","modified_gmt":"2022-02-09T10:10:08","slug":"ifz-sustainable-investments-studie-2018-ueber-nachhaltige-fonds","status":"publish","type":"post","link":"https:\/\/www.organisator.ch\/it\/sustainability\/2018-11-23\/ifz-sustainable-investments-studie-2018-ueber-nachhaltige-fonds\/","title":{"rendered":"\"IFZ Sustainable Investments Study 2018\" sui fondi sostenibili"},"content":{"rendered":"<figure id=\"attachment_1910\" aria-describedby=\"caption-attachment-1910\" style=\"width: 680px\" class=\"wp-caption alignnone\"><img loading=\"lazy\" decoding=\"async\" class=\"size-medium wp-image-1910\" src=\"\/\/www.umweltperspektiven.ch\/wp-content\/uploads\/2018\/11\/ifz-sustainable-investments-up-umweltperspektiven.jpg\" alt=\"\" width=\"680\" height=\"454\" \/><figcaption id=\"caption-attachment-1910\" class=\"wp-caption-text\">Il 27% dei fondi comuni sostenibili investono in un tema rilevante come il clima, l'ambiente, l'energia o le questioni sociali, dice lo studio IFZ. (Immagine simbolo: depositphotos)<\/figcaption><\/figure>\n<p>Manfred St\u00fcttgen, responsabile del \"IFZ Sustainable Investments Study 2018\", osserva una tendenza: \"I fondi tematici di solito riprendono i dibattiti contemporanei, attualmente questioni ambientali come il cambiamento climatico o sfide sociali come il cambiamento demografico\", dice St\u00fcttgen. I fondi tematici con un focus sull'ambiente e sul clima stanno crescendo in modo sproporzionato.<\/p>\n<p>Beneficiano della domanda di obbligazioni verdi. Pi\u00f9 di 1 miliardo di franchi svizzeri di nuovo denaro \u00e8 affluito in questi fondi. Anche la gamma di fondi con un tema sociale come la demografia, la giustizia generazionale o la diversit\u00e0 di genere si sta ampliando. Questi fondi sono ancora relativamente giovani rispetto ad altri fondi tematici (per esempio l'acqua).<\/p>\n<p>Gli investimenti sostenibili sono considerati un'innovazione di successo e stanno raggiungendo una base di investitori sempre pi\u00f9 ampia: il numero di fondi comuni sostenibili aumenta da 336 a 423 fondi (+26%) rispetto all'anno precedente. Il patrimonio gestito in essi cresce da 109 a 157 miliardi di franchi svizzeri (+44%). Lo dimostra lo studio dell'Istituto di servizi finanziari Zug IFZ dell'Universit\u00e0 di Lucerna, che analizza i fondi d'investimento sostenibili con licenza di distribuzione pubblica in Svizzera.<\/p>\n<p><strong>21 miliardi di franchi di nuovo denaro<\/strong><\/p>\n<p>Gli investitori preferiscono sempre di pi\u00f9 i fondi che prendono in considerazione fattori ambientali, sociali o di governance specifici oltre ai criteri finanziari. Degli 8'788 fondi comuni con una licenza di distribuzione svizzera, 423 fondi sono descritti come sostenibili secondo lo studio. I fondi sostenibili esistenti hanno attirato 21 miliardi di franchi svizzeri di nuovo denaro nel periodo di osservazione. Questo corrisponde a un afflusso netto di fondi di circa il 20%. In rapporto al patrimonio dei fondi, i fondi sostenibili attirano quindi il doppio dei nuovi capitali rispetto al mercato complessivo di tutti i fondi comuni in Svizzera.<\/p>\n<p><strong>I fornitori di fondi svizzeri sono particolarmente attivi<\/strong><br \/>\nI 423 fondi sono offerti da 119 fornitori di fondi. Tra le dieci maggiori istituzioni con il pi\u00f9 alto patrimonio gestito in fondi comuni sostenibili, quattro sono svizzere (vedi Figura 2). Anche gli offerenti svizzeri si fanno sempre pi\u00f9 sentire con nuovi fondi sostenibili: dieci istituzioni locali hanno lanciato pi\u00f9 di due nuovi fondi sostenibili nell'anno in esame. Oltre a una grande banca, queste includono banche cantonali selezionate e gestori patrimoniali svizzeri.<\/p>\n<p><strong>I fondi passivi diventano pi\u00f9 rilevanti<\/strong><br \/>\nDei 423 fondi sostenibili, i fondi a gestione attiva continuano ad avere una netta preponderanza (vedi Figura 4). I fondi passivi rappresentano solo il 10%, ma i tassi di crescita sono considerevoli: i fondi passivi sostenibili registrano tassi di afflusso di nuovo denaro del 33%. Questo \u00e8 significativamente pi\u00f9 alto che per i fondi convenzionali gestiti passivamente. Anche se le banche e i fornitori di fondi hanno ampliato la gamma di fondi sostenibili passivi di quasi il 50% nell'ultimo anno, questa offerta \u00e8 ancora limitata.<\/p>\n<p>Criteri di esclusione, selezione positiva e screening basato sulle norme sono comuni<br \/>\nUn criterio di differenziazione decisivo per i fondi sostenibili \u00e8 la strategia di sostenibilit\u00e0 implementata nel processo di investimento. Nella maggior parte dei casi, vengono combinate diverse strategie: il 78% dei 423 fondi sostenibili esclude alcuni oggetti di investimento, come i produttori di alcune armi, per considerazioni ecologiche, sociali o di governance specifiche (criteri di esclusione). Il 64% seleziona oggetti d'investimento che soddisfano particolarmente bene criteri socio-ecologici come la protezione dell'ambiente (selezione positiva). Il 61% dei fondi seleziona i propri investimenti per la conformit\u00e0 con gli standard internazionali come il Global Compact delle Nazioni Unite (screening basato sugli standard).<br \/>\nNessun consenso sulla valutazione della performance di sostenibilit\u00e0<\/p>\n<p>Lo studio mostra come la \"sostenibilit\u00e0\" pu\u00f2 essere misurata e valutata dalle aziende. In pratica, c'\u00e8 spesso disaccordo sui criteri di valutazione \"giusti\". Le agenzie di rating aiutano a valutare la performance di sostenibilit\u00e0 delle aziende.<\/p>\n<p><strong>Difficile misurare l'impatto dei fondi<\/strong><br \/>\n\"Attualmente, \u00e8 ancora difficile misurare l'impatto dei fondi sostenibili\", dice Manfred St\u00fcttgen. Tuttavia, i fornitori di fondi stanno cercando di soddisfare questo requisito con i cosiddetti fondi a impatto: Vogliono misurare e riferire l'impatto sociale ed ecologico. Un reporting trasparente sulla sostenibilit\u00e0 non \u00e8 importante solo per i fornitori di fondi. Gli indicatori di sostenibilit\u00e0 misurabili stanno diventando sempre pi\u00f9 rilevanti anche per i fondi pensione a causa delle considerazioni sui rischi nel processo di investimento.<\/p>\n<p>Lo studio esamina in dettaglio l'implementazione dei criteri di sostenibilit\u00e0 nel processo di investimento delle casse pensioni svizzere utilizzando esempi pratici.<\/p>\n<p><em>Il \"Sustainable Investments Study 2018\" pu\u00f2 essere ordinato su ifz@hslu.ch per CHF 190. Una versione digitale dello studio \u00e8 disponibile <a href=\"\/\/www.hslu.ch\/de-ch\/hochschule-luzern\/ueber-uns\/medien\/medienmitteilungen\/2018\/11\/22\/sustainable-investments-studie\/\">qui<\/a> disponibile.<\/em><\/p>\n<figure id=\"attachment_1909\" aria-describedby=\"caption-attachment-1909\" style=\"width: 680px\" class=\"wp-caption alignnone\"><img loading=\"lazy\" decoding=\"async\" class=\"size-medium wp-image-1909\" src=\"\/\/www.umweltperspektiven.ch\/wp-content\/uploads\/2018\/11\/ifz_sustainable_studie_Publikumsfonds-up-umweltperspektiven.jpg\" alt=\"\" width=\"680\" height=\"902\" srcset=\"https:\/\/www.organisator.ch\/wp-content\/uploads\/2018\/11\/ifz_sustainable_studie_Publikumsfonds-up-umweltperspektiven.jpg 884w, https:\/\/www.organisator.ch\/wp-content\/uploads\/2018\/11\/ifz_sustainable_studie_Publikumsfonds-up-umweltperspektiven-680x902.jpg 680w, https:\/\/www.organisator.ch\/wp-content\/uploads\/2018\/11\/ifz_sustainable_studie_Publikumsfonds-up-umweltperspektiven-772x1024.jpg 772w, https:\/\/www.organisator.ch\/wp-content\/uploads\/2018\/11\/ifz_sustainable_studie_Publikumsfonds-up-umweltperspektiven-768x1018.jpg 768w, https:\/\/www.organisator.ch\/wp-content\/uploads\/2018\/11\/ifz_sustainable_studie_Publikumsfonds-up-umweltperspektiven-9x12.jpg 9w, https:\/\/www.organisator.ch\/wp-content\/uploads\/2018\/11\/ifz_sustainable_studie_Publikumsfonds-up-umweltperspektiven-132x175.jpg 132w, https:\/\/www.organisator.ch\/wp-content\/uploads\/2018\/11\/ifz_sustainable_studie_Publikumsfonds-up-umweltperspektiven-264x350.jpg 264w, https:\/\/www.organisator.ch\/wp-content\/uploads\/2018\/11\/ifz_sustainable_studie_Publikumsfonds-up-umweltperspektiven-603x800.jpg 603w, https:\/\/www.organisator.ch\/wp-content\/uploads\/2018\/11\/ifz_sustainable_studie_Publikumsfonds-up-umweltperspektiven-300x398.jpg 300w\" sizes=\"auto, (max-width: 680px) 100vw, 680px\" \/><figcaption id=\"caption-attachment-1909\" class=\"wp-caption-text\">(Fonte: HSLU)<\/figcaption><\/figure>\n<p>&nbsp;<\/p>\n<p>&nbsp;<\/p>","protected":false},"excerpt":{"rendered":"<p>Der Studienleiter der der &#8222;IFZ Sustainable Investments Studie 2018&#8220; Manfred St\u00fcttgen beobachtet eine Tendenz: \u00abThemenfonds greifen meist zeitgen\u00f6ssische Debatten auf, gegenw\u00e4rtig Umweltthemen wie den Klimawandel oder soziale Herausforderungen wie den demographischen Wandel\u00bb, sagt St\u00fcttgen. Themenfonds mit einem Fokus auf Umwelt und Klima wachsen \u00fcberproportional. Sie profitieren von der Nachfrage nach gr\u00fcnen Obligationen (Green Bonds). Diesen [&hellip;]<\/p>\n","protected":false},"author":5,"featured_media":9573,"comment_status":"open","ping_status":"open","sticky":false,"template":"","format":"standard","meta":{"_acf_changed":false,"_yoast_wpseo_focuskw":"IFZ Sustainable Investments Studie 2018","_yoast_wpseo_metadesc":"Die \u00abIFZ Sustainable Investments Studie 2018\u00bb der Hochschule Luzern belegt, dass nachhaltige Investmentfonds um ein Mehrfaches wachsen.","articlekey":"","footnotes":""},"categories":[580],"tags":[1125,1752,1889,377,2174,459,2251],"class_list":["post-10055","post","type-post","status-publish","format-standard","has-post-thumbnail","hentry","category-sustainability","tag-esg","tag-nachhaltig-anlegen","tag-passive-fonds","tag-pensionskassen","tag-sri","tag-studie","tag-sustainable-investments"],"acf":[],"yoast_head":"<!-- This site is optimized with the Yoast SEO plugin v27.4 - https:\/\/yoast.com\/product\/yoast-seo-wordpress\/ -->\n<title>&quot;IFZ Sustainable Investments Studie 2018&quot; \u00fcber nachhaltige Fonds - Organisator<\/title>\n<meta name=\"description\" content=\"Die \u00abIFZ Sustainable Investments Studie 2018\u00bb der Hochschule Luzern belegt, dass nachhaltige Investmentfonds um ein Mehrfaches wachsen.\" \/>\n<meta name=\"robots\" content=\"index, follow, max-snippet:-1, max-image-preview:large, max-video-preview:-1\" \/>\n<link rel=\"canonical\" href=\"https:\/\/www.organisator.ch\/it\/sostenibilita\/2018-11-23\/ifz-sustainable-investments-studie-2018-ueber-nachhaltige-fonds\/\" \/>\n<meta property=\"og:locale\" content=\"it_IT\" \/>\n<meta property=\"og:type\" content=\"article\" \/>\n<meta property=\"og:title\" content=\"&quot;IFZ Sustainable Investments Studie 2018&quot; \u00fcber nachhaltige Fonds - Organisator\" \/>\n<meta property=\"og:description\" content=\"Die \u00abIFZ Sustainable Investments Studie 2018\u00bb der Hochschule Luzern belegt, dass nachhaltige Investmentfonds um ein Mehrfaches wachsen.\" \/>\n<meta property=\"og:url\" content=\"https:\/\/www.organisator.ch\/it\/sostenibilita\/2018-11-23\/ifz-sustainable-investments-studie-2018-ueber-nachhaltige-fonds\/\" \/>\n<meta property=\"og:site_name\" content=\"Organisator\" \/>\n<meta property=\"article:publisher\" content=\"https:\/\/www.facebook.com\/OrganisatorFachmagazin\" \/>\n<meta property=\"article:published_time\" content=\"2018-11-23T12:01:08+00:00\" \/>\n<meta property=\"article:modified_time\" content=\"2022-02-09T10:10:08+00:00\" \/>\n<meta property=\"og:image\" content=\"https:\/\/www.organisator.ch\/wp-content\/uploads\/2018\/11\/ifz-sustainable-investments-up-umweltperspektiven.jpg\" \/>\n\t<meta property=\"og:image:width\" content=\"1000\" \/>\n\t<meta property=\"og:image:height\" content=\"667\" \/>\n\t<meta property=\"og:image:type\" content=\"image\/jpeg\" \/>\n<meta name=\"author\" content=\"michael.merz\" \/>\n<meta name=\"twitter:card\" content=\"summary_large_image\" \/>\n<script type=\"application\/ld+json\" class=\"yoast-schema-graph\">{\"@context\":\"https:\\\/\\\/schema.org\",\"@graph\":[{\"@type\":\"Article\",\"@id\":\"https:\\\/\\\/www.organisator.ch\\\/sustainability\\\/2018-11-23\\\/ifz-sustainable-investments-studie-2018-ueber-nachhaltige-fonds\\\/#article\",\"isPartOf\":{\"@id\":\"https:\\\/\\\/www.organisator.ch\\\/sustainability\\\/2018-11-23\\\/ifz-sustainable-investments-studie-2018-ueber-nachhaltige-fonds\\\/\"},\"author\":{\"name\":\"michael.merz\",\"@id\":\"https:\\\/\\\/www.organisator.ch\\\/#\\\/schema\\\/person\\\/134708ca9321c57b0362cceb7948ffbd\"},\"headline\":\"&#8222;IFZ Sustainable Investments Studie 2018&#8220; \u00fcber nachhaltige Fonds\",\"datePublished\":\"2018-11-23T12:01:08+00:00\",\"dateModified\":\"2022-02-09T10:10:08+00:00\",\"mainEntityOfPage\":{\"@id\":\"https:\\\/\\\/www.organisator.ch\\\/sustainability\\\/2018-11-23\\\/ifz-sustainable-investments-studie-2018-ueber-nachhaltige-fonds\\\/\"},\"wordCount\":660,\"commentCount\":0,\"publisher\":{\"@id\":\"https:\\\/\\\/www.organisator.ch\\\/#organization\"},\"image\":{\"@id\":\"https:\\\/\\\/www.organisator.ch\\\/sustainability\\\/2018-11-23\\\/ifz-sustainable-investments-studie-2018-ueber-nachhaltige-fonds\\\/#primaryimage\"},\"thumbnailUrl\":\"https:\\\/\\\/www.organisator.ch\\\/wp-content\\\/uploads\\\/2018\\\/11\\\/ifz-sustainable-investments-up-umweltperspektiven.jpg\",\"keywords\":[\"ESG\",\"nachhaltig anlegen\",\"passive Fonds\",\"Pensionskassen\",\"SRI\",\"Studie\",\"sustainable investments\"],\"articleSection\":[\"SUSTAINABILITY\"],\"inLanguage\":\"it-IT\"},{\"@type\":\"WebPage\",\"@id\":\"https:\\\/\\\/www.organisator.ch\\\/sustainability\\\/2018-11-23\\\/ifz-sustainable-investments-studie-2018-ueber-nachhaltige-fonds\\\/\",\"url\":\"https:\\\/\\\/www.organisator.ch\\\/sustainability\\\/2018-11-23\\\/ifz-sustainable-investments-studie-2018-ueber-nachhaltige-fonds\\\/\",\"name\":\"\\\"IFZ Sustainable Investments Studie 2018\\\" \u00fcber nachhaltige Fonds - Organisator\",\"isPartOf\":{\"@id\":\"https:\\\/\\\/www.organisator.ch\\\/#website\"},\"primaryImageOfPage\":{\"@id\":\"https:\\\/\\\/www.organisator.ch\\\/sustainability\\\/2018-11-23\\\/ifz-sustainable-investments-studie-2018-ueber-nachhaltige-fonds\\\/#primaryimage\"},\"image\":{\"@id\":\"https:\\\/\\\/www.organisator.ch\\\/sustainability\\\/2018-11-23\\\/ifz-sustainable-investments-studie-2018-ueber-nachhaltige-fonds\\\/#primaryimage\"},\"thumbnailUrl\":\"https:\\\/\\\/www.organisator.ch\\\/wp-content\\\/uploads\\\/2018\\\/11\\\/ifz-sustainable-investments-up-umweltperspektiven.jpg\",\"datePublished\":\"2018-11-23T12:01:08+00:00\",\"dateModified\":\"2022-02-09T10:10:08+00:00\",\"description\":\"Die \u00abIFZ Sustainable Investments Studie 2018\u00bb der Hochschule Luzern belegt, dass nachhaltige Investmentfonds um ein Mehrfaches wachsen.\",\"breadcrumb\":{\"@id\":\"https:\\\/\\\/www.organisator.ch\\\/sustainability\\\/2018-11-23\\\/ifz-sustainable-investments-studie-2018-ueber-nachhaltige-fonds\\\/#breadcrumb\"},\"inLanguage\":\"it-IT\",\"potentialAction\":[{\"@type\":\"ReadAction\",\"target\":[\"https:\\\/\\\/www.organisator.ch\\\/sustainability\\\/2018-11-23\\\/ifz-sustainable-investments-studie-2018-ueber-nachhaltige-fonds\\\/\"]}]},{\"@type\":\"ImageObject\",\"inLanguage\":\"it-IT\",\"@id\":\"https:\\\/\\\/www.organisator.ch\\\/sustainability\\\/2018-11-23\\\/ifz-sustainable-investments-studie-2018-ueber-nachhaltige-fonds\\\/#primaryimage\",\"url\":\"https:\\\/\\\/www.organisator.ch\\\/wp-content\\\/uploads\\\/2018\\\/11\\\/ifz-sustainable-investments-up-umweltperspektiven.jpg\",\"contentUrl\":\"https:\\\/\\\/www.organisator.ch\\\/wp-content\\\/uploads\\\/2018\\\/11\\\/ifz-sustainable-investments-up-umweltperspektiven.jpg\",\"width\":1000,\"height\":667,\"caption\":\"27 Prozent der nachhaltigen Publikumsfonds investiert in ein nachhaltigkeitsrelevantes Thema wie etwa Klima, Umwelt, Energie oder Soziales, heisst es in der IFZ Studie. (Symbolbild: depositphotos)\"},{\"@type\":\"BreadcrumbList\",\"@id\":\"https:\\\/\\\/www.organisator.ch\\\/sustainability\\\/2018-11-23\\\/ifz-sustainable-investments-studie-2018-ueber-nachhaltige-fonds\\\/#breadcrumb\",\"itemListElement\":[{\"@type\":\"ListItem\",\"position\":1,\"name\":\"Home\",\"item\":\"https:\\\/\\\/www.organisator.ch\\\/\"},{\"@type\":\"ListItem\",\"position\":2,\"name\":\"&#8222;IFZ Sustainable Investments Studie 2018&#8220; \u00fcber nachhaltige Fonds\"}]},{\"@type\":\"WebSite\",\"@id\":\"https:\\\/\\\/www.organisator.ch\\\/#website\",\"url\":\"https:\\\/\\\/www.organisator.ch\\\/\",\"name\":\"Organisator\",\"description\":\"Kompetent. Praxisnah. Der ORGANISATOR bereitet in 10 Ausgaben pro Jahr die wesentlichen Themen f\u00fcr F\u00fchrungskr\u00e4fte von KMU auf.\",\"publisher\":{\"@id\":\"https:\\\/\\\/www.organisator.ch\\\/#organization\"},\"potentialAction\":[{\"@type\":\"SearchAction\",\"target\":{\"@type\":\"EntryPoint\",\"urlTemplate\":\"https:\\\/\\\/www.organisator.ch\\\/?s={search_term_string}\"},\"query-input\":{\"@type\":\"PropertyValueSpecification\",\"valueRequired\":true,\"valueName\":\"search_term_string\"}}],\"inLanguage\":\"it-IT\"},{\"@type\":\"Organization\",\"@id\":\"https:\\\/\\\/www.organisator.ch\\\/#organization\",\"name\":\"Organisator\",\"url\":\"https:\\\/\\\/www.organisator.ch\\\/\",\"logo\":{\"@type\":\"ImageObject\",\"inLanguage\":\"it-IT\",\"@id\":\"https:\\\/\\\/www.organisator.ch\\\/#\\\/schema\\\/logo\\\/image\\\/\",\"url\":\"https:\\\/\\\/www.organisator.ch\\\/wp-content\\\/uploads\\\/2022\\\/01\\\/Logo_Organisator_Website.png\",\"contentUrl\":\"https:\\\/\\\/www.organisator.ch\\\/wp-content\\\/uploads\\\/2022\\\/01\\\/Logo_Organisator_Website.png\",\"width\":800,\"height\":77,\"caption\":\"Organisator\"},\"image\":{\"@id\":\"https:\\\/\\\/www.organisator.ch\\\/#\\\/schema\\\/logo\\\/image\\\/\"},\"sameAs\":[\"https:\\\/\\\/www.facebook.com\\\/OrganisatorFachmagazin\",\"https:\\\/\\\/www.linkedin.com\\\/showcase\\\/organisator-das-magazin-fr-kmu\",\"https:\\\/\\\/www.xing.com\\\/news\\\/pages\\\/organisator-ch-695\",\"https:\\\/\\\/www.youtube.com\\\/channel\\\/UCGP2Sq0iWaZwT3BdIAQFYpw\"]},{\"@type\":\"Person\",\"@id\":\"https:\\\/\\\/www.organisator.ch\\\/#\\\/schema\\\/person\\\/134708ca9321c57b0362cceb7948ffbd\",\"name\":\"michael.merz\",\"image\":{\"@type\":\"ImageObject\",\"inLanguage\":\"it-IT\",\"@id\":\"https:\\\/\\\/secure.gravatar.com\\\/avatar\\\/?s=96&d=mm&r=g\",\"url\":\"https:\\\/\\\/secure.gravatar.com\\\/avatar\\\/?s=96&d=mm&r=g\",\"contentUrl\":\"https:\\\/\\\/secure.gravatar.com\\\/avatar\\\/?s=96&d=mm&r=g\",\"caption\":\"michael.merz\"},\"url\":\"https:\\\/\\\/www.organisator.ch\\\/it\\\/author\\\/michael-merz\\\/\"}]}<\/script>\n<!-- \/ Yoast SEO plugin. -->","yoast_head_json":{"title":"\"IFZ Sustainable Investments Study 2018\" sui fondi sostenibili - Organizzatore","description":"Lo \"Studio IFZ sugli investimenti sostenibili 2018\" dell'Universit\u00e0 di Scienze Applicate e Arti di Lucerna mostra che i fondi di investimento sostenibili sono in crescita di diverse volte.","robots":{"index":"index","follow":"follow","max-snippet":"max-snippet:-1","max-image-preview":"max-image-preview:large","max-video-preview":"max-video-preview:-1"},"canonical":"https:\/\/www.organisator.ch\/it\/sostenibilita\/2018-11-23\/ifz-sustainable-investments-studie-2018-ueber-nachhaltige-fonds\/","og_locale":"it_IT","og_type":"article","og_title":"\"IFZ Sustainable Investments Studie 2018\" \u00fcber nachhaltige Fonds - Organisator","og_description":"Die \u00abIFZ Sustainable Investments Studie 2018\u00bb der Hochschule Luzern belegt, dass nachhaltige Investmentfonds um ein Mehrfaches wachsen.","og_url":"https:\/\/www.organisator.ch\/it\/sostenibilita\/2018-11-23\/ifz-sustainable-investments-studie-2018-ueber-nachhaltige-fonds\/","og_site_name":"Organisator","article_publisher":"https:\/\/www.facebook.com\/OrganisatorFachmagazin","article_published_time":"2018-11-23T12:01:08+00:00","article_modified_time":"2022-02-09T10:10:08+00:00","og_image":[{"width":1000,"height":667,"url":"https:\/\/www.organisator.ch\/wp-content\/uploads\/2018\/11\/ifz-sustainable-investments-up-umweltperspektiven.jpg","type":"image\/jpeg"}],"author":"michael.merz","twitter_card":"summary_large_image","schema":{"@context":"https:\/\/schema.org","@graph":[{"@type":"Article","@id":"https:\/\/www.organisator.ch\/sustainability\/2018-11-23\/ifz-sustainable-investments-studie-2018-ueber-nachhaltige-fonds\/#article","isPartOf":{"@id":"https:\/\/www.organisator.ch\/sustainability\/2018-11-23\/ifz-sustainable-investments-studie-2018-ueber-nachhaltige-fonds\/"},"author":{"name":"michael.merz","@id":"https:\/\/www.organisator.ch\/#\/schema\/person\/134708ca9321c57b0362cceb7948ffbd"},"headline":"&#8222;IFZ Sustainable Investments Studie 2018&#8220; \u00fcber nachhaltige Fonds","datePublished":"2018-11-23T12:01:08+00:00","dateModified":"2022-02-09T10:10:08+00:00","mainEntityOfPage":{"@id":"https:\/\/www.organisator.ch\/sustainability\/2018-11-23\/ifz-sustainable-investments-studie-2018-ueber-nachhaltige-fonds\/"},"wordCount":660,"commentCount":0,"publisher":{"@id":"https:\/\/www.organisator.ch\/#organization"},"image":{"@id":"https:\/\/www.organisator.ch\/sustainability\/2018-11-23\/ifz-sustainable-investments-studie-2018-ueber-nachhaltige-fonds\/#primaryimage"},"thumbnailUrl":"https:\/\/www.organisator.ch\/wp-content\/uploads\/2018\/11\/ifz-sustainable-investments-up-umweltperspektiven.jpg","keywords":["ESG","nachhaltig anlegen","passive Fonds","Pensionskassen","SRI","Studie","sustainable investments"],"articleSection":["SUSTAINABILITY"],"inLanguage":"it-IT"},{"@type":"WebPage","@id":"https:\/\/www.organisator.ch\/sustainability\/2018-11-23\/ifz-sustainable-investments-studie-2018-ueber-nachhaltige-fonds\/","url":"https:\/\/www.organisator.ch\/sustainability\/2018-11-23\/ifz-sustainable-investments-studie-2018-ueber-nachhaltige-fonds\/","name":"\"IFZ Sustainable Investments Study 2018\" sui fondi sostenibili - Organizzatore","isPartOf":{"@id":"https:\/\/www.organisator.ch\/#website"},"primaryImageOfPage":{"@id":"https:\/\/www.organisator.ch\/sustainability\/2018-11-23\/ifz-sustainable-investments-studie-2018-ueber-nachhaltige-fonds\/#primaryimage"},"image":{"@id":"https:\/\/www.organisator.ch\/sustainability\/2018-11-23\/ifz-sustainable-investments-studie-2018-ueber-nachhaltige-fonds\/#primaryimage"},"thumbnailUrl":"https:\/\/www.organisator.ch\/wp-content\/uploads\/2018\/11\/ifz-sustainable-investments-up-umweltperspektiven.jpg","datePublished":"2018-11-23T12:01:08+00:00","dateModified":"2022-02-09T10:10:08+00:00","description":"Lo \"Studio IFZ sugli investimenti sostenibili 2018\" dell'Universit\u00e0 di Scienze Applicate e Arti di Lucerna mostra che i fondi di investimento sostenibili sono in crescita di diverse volte.","breadcrumb":{"@id":"https:\/\/www.organisator.ch\/sustainability\/2018-11-23\/ifz-sustainable-investments-studie-2018-ueber-nachhaltige-fonds\/#breadcrumb"},"inLanguage":"it-IT","potentialAction":[{"@type":"ReadAction","target":["https:\/\/www.organisator.ch\/sustainability\/2018-11-23\/ifz-sustainable-investments-studie-2018-ueber-nachhaltige-fonds\/"]}]},{"@type":"ImageObject","inLanguage":"it-IT","@id":"https:\/\/www.organisator.ch\/sustainability\/2018-11-23\/ifz-sustainable-investments-studie-2018-ueber-nachhaltige-fonds\/#primaryimage","url":"https:\/\/www.organisator.ch\/wp-content\/uploads\/2018\/11\/ifz-sustainable-investments-up-umweltperspektiven.jpg","contentUrl":"https:\/\/www.organisator.ch\/wp-content\/uploads\/2018\/11\/ifz-sustainable-investments-up-umweltperspektiven.jpg","width":1000,"height":667,"caption":"27 Prozent der nachhaltigen Publikumsfonds investiert in ein nachhaltigkeitsrelevantes Thema wie etwa Klima, Umwelt, Energie oder Soziales, heisst es in der IFZ Studie. (Symbolbild: depositphotos)"},{"@type":"BreadcrumbList","@id":"https:\/\/www.organisator.ch\/sustainability\/2018-11-23\/ifz-sustainable-investments-studie-2018-ueber-nachhaltige-fonds\/#breadcrumb","itemListElement":[{"@type":"ListItem","position":1,"name":"Home","item":"https:\/\/www.organisator.ch\/"},{"@type":"ListItem","position":2,"name":"&#8222;IFZ Sustainable Investments Studie 2018&#8220; \u00fcber nachhaltige Fonds"}]},{"@type":"WebSite","@id":"https:\/\/www.organisator.ch\/#website","url":"https:\/\/www.organisator.ch\/","name":"Organizzatore","description":"Competente. Pratico. In 10 numeri all'anno, ORGANISATOR presenta i temi essenziali per i manager delle PMI.","publisher":{"@id":"https:\/\/www.organisator.ch\/#organization"},"potentialAction":[{"@type":"SearchAction","target":{"@type":"EntryPoint","urlTemplate":"https:\/\/www.organisator.ch\/?s={search_term_string}"},"query-input":{"@type":"PropertyValueSpecification","valueRequired":true,"valueName":"search_term_string"}}],"inLanguage":"it-IT"},{"@type":"Organization","@id":"https:\/\/www.organisator.ch\/#organization","name":"Organizzatore","url":"https:\/\/www.organisator.ch\/","logo":{"@type":"ImageObject","inLanguage":"it-IT","@id":"https:\/\/www.organisator.ch\/#\/schema\/logo\/image\/","url":"https:\/\/www.organisator.ch\/wp-content\/uploads\/2022\/01\/Logo_Organisator_Website.png","contentUrl":"https:\/\/www.organisator.ch\/wp-content\/uploads\/2022\/01\/Logo_Organisator_Website.png","width":800,"height":77,"caption":"Organisator"},"image":{"@id":"https:\/\/www.organisator.ch\/#\/schema\/logo\/image\/"},"sameAs":["https:\/\/www.facebook.com\/OrganisatorFachmagazin","https:\/\/www.linkedin.com\/showcase\/organisator-das-magazin-fr-kmu","https:\/\/www.xing.com\/news\/pages\/organisator-ch-695","https:\/\/www.youtube.com\/channel\/UCGP2Sq0iWaZwT3BdIAQFYpw"]},{"@type":"Person","@id":"https:\/\/www.organisator.ch\/#\/schema\/person\/134708ca9321c57b0362cceb7948ffbd","name":"michael.merz","image":{"@type":"ImageObject","inLanguage":"it-IT","@id":"https:\/\/secure.gravatar.com\/avatar\/?s=96&d=mm&r=g","url":"https:\/\/secure.gravatar.com\/avatar\/?s=96&d=mm&r=g","contentUrl":"https:\/\/secure.gravatar.com\/avatar\/?s=96&d=mm&r=g","caption":"michael.merz"},"url":"https:\/\/www.organisator.ch\/it\/author\/michael-merz\/"}]}},"_links":{"self":[{"href":"https:\/\/www.organisator.ch\/it\/wp-json\/wp\/v2\/posts\/10055","targetHints":{"allow":["GET"]}}],"collection":[{"href":"https:\/\/www.organisator.ch\/it\/wp-json\/wp\/v2\/posts"}],"about":[{"href":"https:\/\/www.organisator.ch\/it\/wp-json\/wp\/v2\/types\/post"}],"author":[{"embeddable":true,"href":"https:\/\/www.organisator.ch\/it\/wp-json\/wp\/v2\/users\/5"}],"replies":[{"embeddable":true,"href":"https:\/\/www.organisator.ch\/it\/wp-json\/wp\/v2\/comments?post=10055"}],"version-history":[{"count":1,"href":"https:\/\/www.organisator.ch\/it\/wp-json\/wp\/v2\/posts\/10055\/revisions"}],"predecessor-version":[{"id":10917,"href":"https:\/\/www.organisator.ch\/it\/wp-json\/wp\/v2\/posts\/10055\/revisions\/10917"}],"wp:featuredmedia":[{"embeddable":true,"href":"https:\/\/www.organisator.ch\/it\/wp-json\/wp\/v2\/media\/9573"}],"wp:attachment":[{"href":"https:\/\/www.organisator.ch\/it\/wp-json\/wp\/v2\/media?parent=10055"}],"wp:term":[{"taxonomy":"category","embeddable":true,"href":"https:\/\/www.organisator.ch\/it\/wp-json\/wp\/v2\/categories?post=10055"},{"taxonomy":"post_tag","embeddable":true,"href":"https:\/\/www.organisator.ch\/it\/wp-json\/wp\/v2\/tags?post=10055"}],"curies":[{"name":"wp","href":"https:\/\/api.w.org\/{rel}","templated":true}]}}