{"id":10057,"date":"2018-12-06T18:00:12","date_gmt":"2018-12-06T17:00:12","guid":{"rendered":"https:\/\/www.umweltperspektiven.ch\/?p=1926"},"modified":"2022-02-09T11:06:18","modified_gmt":"2022-02-09T10:06:18","slug":"neue-eu-energie-regeln","status":"publish","type":"post","link":"https:\/\/www.organisator.ch\/it\/sustainability\/2018-12-06\/neue-eu-energie-regeln\/","title":{"rendered":"Nuove regole UE sull'energia"},"content":{"rendered":"<figure id=\"attachment_1927\" aria-describedby=\"caption-attachment-1927\" style=\"width: 680px\" class=\"wp-caption alignnone\"><img loading=\"lazy\" decoding=\"async\" class=\"size-medium wp-image-1927\" src=\"\/\/www.umweltperspektiven.ch\/wp-content\/uploads\/2018\/12\/EU_Energie-Regeln_UP_Management-u-Qualitaet.jpg\" alt=\"\" width=\"680\" height=\"453\" \/><figcaption id=\"caption-attachment-1927\" class=\"wp-caption-text\">Ogni tonnellata di energia rinnovabile conta. (Immagine simbolica)<\/figcaption><\/figure>\n<p>Le nuove regole energetiche dell'UE, uno strumento per monitorare i progressi nella politica climatica ed energetica (\"regolamento sulla governance\"), obbliga gli stati membri a presentare piani nazionali sull'energia e sul clima per il periodo fino al 2030 entro la fine del 2019, secondo un comunicato stampa del ministero dell'ambiente tedesco. Ci\u00f2 significa che saranno sviluppate strategie a lungo termine per la protezione del clima. La Germania ha gi\u00e0 adottato una tale strategia a lungo termine per la protezione del clima con il suo Piano di protezione del clima 2050. Se la Svizzera sia sulla stessa strada \u00e8 scritto altrove. In ogni caso, la Commissione europea si \u00e8 impegnata a presentare una strategia su come l'Europa pu\u00f2 raggiungere la neutralit\u00e0 dei gas a effetto serra il pi\u00f9 rapidamente possibile.<\/p>\n<p>La Commissione ha presentato una proposta in tal senso il 28 novembre.<\/p>\n<p>La rifusione della direttiva sull'efficienza energetica fissa un obiettivo di risparmio energetico per il 2030 di almeno il 32,5% rispetto alla tendenza. Questo \u00e8 un aumento rispetto alla proposta della Commissione, che era del 30%. Un obiettivo del 20% si applica gi\u00e0 per il 2020. C'\u00e8 ancora molto potenziale non sfruttato nell'efficienza energetica.<\/p>\n<p><strong> Direttiva sulle energie rinnovabili<\/strong><\/p>\n<p>La nuova versione della direttiva sulle energie rinnovabili stabilisce che almeno il 32% del consumo di energia (elettricit\u00e0, calore e trasporti) nell'UE dovrebbe provenire dalle energie rinnovabili entro il 2030. L'UE \u00e8 sulla buona strada per raggiungere l'obiettivo precedente del 20% entro il 2020. Il nuovo obiettivo del 32% \u00e8 molto pi\u00f9 ambizioso del 27% originariamente proposto dalla Commissione. Nel settore del riscaldamento, gli Stati membri devono aumentare la quota di energie rinnovabili di almeno 1,1 punti percentuali all'anno.<\/p>\n<p>Nel settore dei trasporti, la quota di energie rinnovabili deve aumentare al 14% entro il 2030. Nel 2016, era circa il sette per cento.<\/p>\n<p>La direttiva sulle energie rinnovabili stabilisce anche la misura in cui i biocarburanti possono essere contati. Come prima, la quota di biocarburanti convenzionali da colture arabili nel consumo totale di energia nei trasporti non pu\u00f2 superare il sette per cento. La novit\u00e0 \u00e8 che gli Stati membri possono anche stipulare una quota di biocarburanti convenzionali inferiore al sette per cento senza doverla compensare altrove. Secondo lo status quo, il governo tedesco vuole contare solo i biocarburanti convenzionali fino a una quota massima del 5,3%.<\/p>\n<p>L'accreditamento dei biocarburanti da colture energetiche la cui coltivazione contribuisce alla deforestazione delle foreste pluviali sar\u00e0 congelato al livello del 2019 e sar\u00e0 completamente eliminato nel periodo dal 2023 al 2030. Questo avr\u00e0 probabilmente un impatto sull'uso dell'olio di palma in particolare. I dettagli sono attualmente in fase di elaborazione.<\/p>","protected":false},"excerpt":{"rendered":"<p>Die neuen EU-Energie-Regeln, ein Instrument zur Fortschrittskontrolle in der Klima- und Energiepolitik (&#8222;Governance-Verordnung&#8220;), verpflichtet die Mitgliedstaaten, bis Ende 2019 nationale Energie- und Klimapl\u00e4ne f\u00fcr die Zeit bis 2030 vorzulegen, wie es in einer MItteilung des Deutschen Umweltministeriums heisst. Damit werden Langfriststrategien zum Klimaschutz entwickelt. Deutschland hat mit dem Klimaschutzplan 2050 bereits eine solche Langfriststrategie f\u00fcr [&hellip;]<\/p>\n","protected":false},"author":5,"featured_media":9576,"comment_status":"open","ping_status":"open","sticky":false,"template":"","format":"standard","meta":{"_acf_changed":false,"_yoast_wpseo_focuskw":"EU-Energie-Regeln","_yoast_wpseo_metadesc":"Der Rat der Europ\u00e4ischen Union hat anfangs Dezember 2018 neuen EU-Energie-Regeln f\u00fcr erneuerbare Energien und Energieeffizienz geeinigt.","articlekey":"","footnotes":""},"categories":[580],"tags":[1078,1095,1098,1132],"class_list":["post-10057","post","type-post","status-publish","format-standard","has-post-thumbnail","hentry","category-sustainability","tag-energieploan","tag-energiewende","tag-enerneuerbare-energie","tag-eu"],"acf":[],"yoast_head":"<!-- This site is optimized with the Yoast SEO plugin v27.5 - https:\/\/yoast.com\/product\/yoast-seo-wordpress\/ -->\n<title>Neue EU-Energie-Regeln - Organisator<\/title>\n<meta name=\"description\" content=\"Der Rat der Europ\u00e4ischen Union hat anfangs Dezember 2018 neuen EU-Energie-Regeln f\u00fcr erneuerbare Energien und Energieeffizienz geeinigt.\" \/>\n<meta name=\"robots\" content=\"index, follow, max-snippet:-1, max-image-preview:large, max-video-preview:-1\" \/>\n<link rel=\"canonical\" href=\"https:\/\/www.organisator.ch\/it\/sostenibilita\/2018-12-06\/neue-eu-energie-regeln\/\" \/>\n<meta property=\"og:locale\" content=\"it_IT\" \/>\n<meta property=\"og:type\" content=\"article\" \/>\n<meta property=\"og:title\" content=\"Neue EU-Energie-Regeln - Organisator\" \/>\n<meta property=\"og:description\" content=\"Der Rat der Europ\u00e4ischen Union hat anfangs Dezember 2018 neuen EU-Energie-Regeln f\u00fcr erneuerbare Energien und Energieeffizienz geeinigt.\" \/>\n<meta property=\"og:url\" content=\"https:\/\/www.organisator.ch\/it\/sostenibilita\/2018-12-06\/neue-eu-energie-regeln\/\" \/>\n<meta property=\"og:site_name\" content=\"Organisator\" \/>\n<meta property=\"article:publisher\" content=\"https:\/\/www.facebook.com\/OrganisatorFachmagazin\" \/>\n<meta property=\"article:published_time\" content=\"2018-12-06T17:00:12+00:00\" \/>\n<meta property=\"article:modified_time\" content=\"2022-02-09T10:06:18+00:00\" \/>\n<meta property=\"og:image\" content=\"https:\/\/www.organisator.ch\/wp-content\/uploads\/2018\/12\/EU_Energie-Regeln_UP_Management-u-Qualitaet-scaled.jpg\" \/>\n\t<meta property=\"og:image:width\" content=\"2560\" \/>\n\t<meta property=\"og:image:height\" content=\"1707\" \/>\n\t<meta property=\"og:image:type\" content=\"image\/jpeg\" \/>\n<meta name=\"author\" content=\"michael.merz\" \/>\n<meta name=\"twitter:card\" content=\"summary_large_image\" \/>\n<script type=\"application\/ld+json\" class=\"yoast-schema-graph\">{\"@context\":\"https:\\\/\\\/schema.org\",\"@graph\":[{\"@type\":\"Article\",\"@id\":\"https:\\\/\\\/www.organisator.ch\\\/sustainability\\\/2018-12-06\\\/neue-eu-energie-regeln\\\/#article\",\"isPartOf\":{\"@id\":\"https:\\\/\\\/www.organisator.ch\\\/sustainability\\\/2018-12-06\\\/neue-eu-energie-regeln\\\/\"},\"author\":{\"name\":\"michael.merz\",\"@id\":\"https:\\\/\\\/www.organisator.ch\\\/#\\\/schema\\\/person\\\/134708ca9321c57b0362cceb7948ffbd\"},\"headline\":\"Neue EU-Energie-Regeln\",\"datePublished\":\"2018-12-06T17:00:12+00:00\",\"dateModified\":\"2022-02-09T10:06:18+00:00\",\"mainEntityOfPage\":{\"@id\":\"https:\\\/\\\/www.organisator.ch\\\/sustainability\\\/2018-12-06\\\/neue-eu-energie-regeln\\\/\"},\"wordCount\":376,\"commentCount\":0,\"publisher\":{\"@id\":\"https:\\\/\\\/www.organisator.ch\\\/#organization\"},\"image\":{\"@id\":\"https:\\\/\\\/www.organisator.ch\\\/sustainability\\\/2018-12-06\\\/neue-eu-energie-regeln\\\/#primaryimage\"},\"thumbnailUrl\":\"https:\\\/\\\/www.organisator.ch\\\/wp-content\\\/uploads\\\/2018\\\/12\\\/EU_Energie-Regeln_UP_Management-u-Qualitaet-scaled.jpg\",\"keywords\":[\"Energieploan\",\"Energiewende\",\"Enerneuerbare Energie\",\"EU\"],\"articleSection\":[\"SUSTAINABILITY\"],\"inLanguage\":\"it-IT\"},{\"@type\":\"WebPage\",\"@id\":\"https:\\\/\\\/www.organisator.ch\\\/sustainability\\\/2018-12-06\\\/neue-eu-energie-regeln\\\/\",\"url\":\"https:\\\/\\\/www.organisator.ch\\\/sustainability\\\/2018-12-06\\\/neue-eu-energie-regeln\\\/\",\"name\":\"Neue EU-Energie-Regeln - Organisator\",\"isPartOf\":{\"@id\":\"https:\\\/\\\/www.organisator.ch\\\/#website\"},\"primaryImageOfPage\":{\"@id\":\"https:\\\/\\\/www.organisator.ch\\\/sustainability\\\/2018-12-06\\\/neue-eu-energie-regeln\\\/#primaryimage\"},\"image\":{\"@id\":\"https:\\\/\\\/www.organisator.ch\\\/sustainability\\\/2018-12-06\\\/neue-eu-energie-regeln\\\/#primaryimage\"},\"thumbnailUrl\":\"https:\\\/\\\/www.organisator.ch\\\/wp-content\\\/uploads\\\/2018\\\/12\\\/EU_Energie-Regeln_UP_Management-u-Qualitaet-scaled.jpg\",\"datePublished\":\"2018-12-06T17:00:12+00:00\",\"dateModified\":\"2022-02-09T10:06:18+00:00\",\"description\":\"Der Rat der Europ\u00e4ischen Union hat anfangs Dezember 2018 neuen EU-Energie-Regeln f\u00fcr erneuerbare Energien und Energieeffizienz geeinigt.\",\"breadcrumb\":{\"@id\":\"https:\\\/\\\/www.organisator.ch\\\/sustainability\\\/2018-12-06\\\/neue-eu-energie-regeln\\\/#breadcrumb\"},\"inLanguage\":\"it-IT\",\"potentialAction\":[{\"@type\":\"ReadAction\",\"target\":[\"https:\\\/\\\/www.organisator.ch\\\/sustainability\\\/2018-12-06\\\/neue-eu-energie-regeln\\\/\"]}]},{\"@type\":\"ImageObject\",\"inLanguage\":\"it-IT\",\"@id\":\"https:\\\/\\\/www.organisator.ch\\\/sustainability\\\/2018-12-06\\\/neue-eu-energie-regeln\\\/#primaryimage\",\"url\":\"https:\\\/\\\/www.organisator.ch\\\/wp-content\\\/uploads\\\/2018\\\/12\\\/EU_Energie-Regeln_UP_Management-u-Qualitaet-scaled.jpg\",\"contentUrl\":\"https:\\\/\\\/www.organisator.ch\\\/wp-content\\\/uploads\\\/2018\\\/12\\\/EU_Energie-Regeln_UP_Management-u-Qualitaet-scaled.jpg\",\"width\":2560,\"height\":1707,\"caption\":\"Es kommt auf jede Tonne erneuerbare Energie an. (Symbolbild)\"},{\"@type\":\"BreadcrumbList\",\"@id\":\"https:\\\/\\\/www.organisator.ch\\\/sustainability\\\/2018-12-06\\\/neue-eu-energie-regeln\\\/#breadcrumb\",\"itemListElement\":[{\"@type\":\"ListItem\",\"position\":1,\"name\":\"Home\",\"item\":\"https:\\\/\\\/www.organisator.ch\\\/\"},{\"@type\":\"ListItem\",\"position\":2,\"name\":\"Neue EU-Energie-Regeln\"}]},{\"@type\":\"WebSite\",\"@id\":\"https:\\\/\\\/www.organisator.ch\\\/#website\",\"url\":\"https:\\\/\\\/www.organisator.ch\\\/\",\"name\":\"Organisator\",\"description\":\"Kompetent. Praxisnah. Der ORGANISATOR bereitet in 10 Ausgaben pro Jahr die wesentlichen Themen f\u00fcr F\u00fchrungskr\u00e4fte von KMU auf.\",\"publisher\":{\"@id\":\"https:\\\/\\\/www.organisator.ch\\\/#organization\"},\"potentialAction\":[{\"@type\":\"SearchAction\",\"target\":{\"@type\":\"EntryPoint\",\"urlTemplate\":\"https:\\\/\\\/www.organisator.ch\\\/?s={search_term_string}\"},\"query-input\":{\"@type\":\"PropertyValueSpecification\",\"valueRequired\":true,\"valueName\":\"search_term_string\"}}],\"inLanguage\":\"it-IT\"},{\"@type\":\"Organization\",\"@id\":\"https:\\\/\\\/www.organisator.ch\\\/#organization\",\"name\":\"Organisator\",\"url\":\"https:\\\/\\\/www.organisator.ch\\\/\",\"logo\":{\"@type\":\"ImageObject\",\"inLanguage\":\"it-IT\",\"@id\":\"https:\\\/\\\/www.organisator.ch\\\/#\\\/schema\\\/logo\\\/image\\\/\",\"url\":\"https:\\\/\\\/www.organisator.ch\\\/wp-content\\\/uploads\\\/2022\\\/01\\\/Logo_Organisator_Website.png\",\"contentUrl\":\"https:\\\/\\\/www.organisator.ch\\\/wp-content\\\/uploads\\\/2022\\\/01\\\/Logo_Organisator_Website.png\",\"width\":800,\"height\":77,\"caption\":\"Organisator\"},\"image\":{\"@id\":\"https:\\\/\\\/www.organisator.ch\\\/#\\\/schema\\\/logo\\\/image\\\/\"},\"sameAs\":[\"https:\\\/\\\/www.facebook.com\\\/OrganisatorFachmagazin\",\"https:\\\/\\\/www.linkedin.com\\\/showcase\\\/organisator-das-magazin-fr-kmu\",\"https:\\\/\\\/www.xing.com\\\/news\\\/pages\\\/organisator-ch-695\",\"https:\\\/\\\/www.youtube.com\\\/channel\\\/UCGP2Sq0iWaZwT3BdIAQFYpw\"]},{\"@type\":\"Person\",\"@id\":\"https:\\\/\\\/www.organisator.ch\\\/#\\\/schema\\\/person\\\/134708ca9321c57b0362cceb7948ffbd\",\"name\":\"michael.merz\",\"image\":{\"@type\":\"ImageObject\",\"inLanguage\":\"it-IT\",\"@id\":\"https:\\\/\\\/secure.gravatar.com\\\/avatar\\\/?s=96&d=mm&r=g\",\"url\":\"https:\\\/\\\/secure.gravatar.com\\\/avatar\\\/?s=96&d=mm&r=g\",\"contentUrl\":\"https:\\\/\\\/secure.gravatar.com\\\/avatar\\\/?s=96&d=mm&r=g\",\"caption\":\"michael.merz\"},\"url\":\"https:\\\/\\\/www.organisator.ch\\\/it\\\/author\\\/michael-merz\\\/\"}]}<\/script>\n<!-- \/ Yoast SEO plugin. -->","yoast_head_json":{"title":"Nuove norme UE in materia di energia - Organizzatore","description":"All'inizio di dicembre 2018, il Consiglio dell'Unione europea ha approvato le nuove norme UE in materia di energia per le energie rinnovabili e l'efficienza energetica.","robots":{"index":"index","follow":"follow","max-snippet":"max-snippet:-1","max-image-preview":"max-image-preview:large","max-video-preview":"max-video-preview:-1"},"canonical":"https:\/\/www.organisator.ch\/it\/sostenibilita\/2018-12-06\/neue-eu-energie-regeln\/","og_locale":"it_IT","og_type":"article","og_title":"Neue EU-Energie-Regeln - Organisator","og_description":"Der Rat der Europ\u00e4ischen Union hat anfangs Dezember 2018 neuen EU-Energie-Regeln f\u00fcr erneuerbare Energien und Energieeffizienz geeinigt.","og_url":"https:\/\/www.organisator.ch\/it\/sostenibilita\/2018-12-06\/neue-eu-energie-regeln\/","og_site_name":"Organisator","article_publisher":"https:\/\/www.facebook.com\/OrganisatorFachmagazin","article_published_time":"2018-12-06T17:00:12+00:00","article_modified_time":"2022-02-09T10:06:18+00:00","og_image":[{"width":2560,"height":1707,"url":"https:\/\/www.organisator.ch\/wp-content\/uploads\/2018\/12\/EU_Energie-Regeln_UP_Management-u-Qualitaet-scaled.jpg","type":"image\/jpeg"}],"author":"michael.merz","twitter_card":"summary_large_image","schema":{"@context":"https:\/\/schema.org","@graph":[{"@type":"Article","@id":"https:\/\/www.organisator.ch\/sustainability\/2018-12-06\/neue-eu-energie-regeln\/#article","isPartOf":{"@id":"https:\/\/www.organisator.ch\/sustainability\/2018-12-06\/neue-eu-energie-regeln\/"},"author":{"name":"michael.merz","@id":"https:\/\/www.organisator.ch\/#\/schema\/person\/134708ca9321c57b0362cceb7948ffbd"},"headline":"Neue EU-Energie-Regeln","datePublished":"2018-12-06T17:00:12+00:00","dateModified":"2022-02-09T10:06:18+00:00","mainEntityOfPage":{"@id":"https:\/\/www.organisator.ch\/sustainability\/2018-12-06\/neue-eu-energie-regeln\/"},"wordCount":376,"commentCount":0,"publisher":{"@id":"https:\/\/www.organisator.ch\/#organization"},"image":{"@id":"https:\/\/www.organisator.ch\/sustainability\/2018-12-06\/neue-eu-energie-regeln\/#primaryimage"},"thumbnailUrl":"https:\/\/www.organisator.ch\/wp-content\/uploads\/2018\/12\/EU_Energie-Regeln_UP_Management-u-Qualitaet-scaled.jpg","keywords":["Energieploan","Energiewende","Enerneuerbare Energie","EU"],"articleSection":["SUSTAINABILITY"],"inLanguage":"it-IT"},{"@type":"WebPage","@id":"https:\/\/www.organisator.ch\/sustainability\/2018-12-06\/neue-eu-energie-regeln\/","url":"https:\/\/www.organisator.ch\/sustainability\/2018-12-06\/neue-eu-energie-regeln\/","name":"Nuove norme UE in materia di energia - Organizzatore","isPartOf":{"@id":"https:\/\/www.organisator.ch\/#website"},"primaryImageOfPage":{"@id":"https:\/\/www.organisator.ch\/sustainability\/2018-12-06\/neue-eu-energie-regeln\/#primaryimage"},"image":{"@id":"https:\/\/www.organisator.ch\/sustainability\/2018-12-06\/neue-eu-energie-regeln\/#primaryimage"},"thumbnailUrl":"https:\/\/www.organisator.ch\/wp-content\/uploads\/2018\/12\/EU_Energie-Regeln_UP_Management-u-Qualitaet-scaled.jpg","datePublished":"2018-12-06T17:00:12+00:00","dateModified":"2022-02-09T10:06:18+00:00","description":"All'inizio di dicembre 2018, il Consiglio dell'Unione europea ha approvato le nuove norme UE in materia di energia per le energie rinnovabili e l'efficienza energetica.","breadcrumb":{"@id":"https:\/\/www.organisator.ch\/sustainability\/2018-12-06\/neue-eu-energie-regeln\/#breadcrumb"},"inLanguage":"it-IT","potentialAction":[{"@type":"ReadAction","target":["https:\/\/www.organisator.ch\/sustainability\/2018-12-06\/neue-eu-energie-regeln\/"]}]},{"@type":"ImageObject","inLanguage":"it-IT","@id":"https:\/\/www.organisator.ch\/sustainability\/2018-12-06\/neue-eu-energie-regeln\/#primaryimage","url":"https:\/\/www.organisator.ch\/wp-content\/uploads\/2018\/12\/EU_Energie-Regeln_UP_Management-u-Qualitaet-scaled.jpg","contentUrl":"https:\/\/www.organisator.ch\/wp-content\/uploads\/2018\/12\/EU_Energie-Regeln_UP_Management-u-Qualitaet-scaled.jpg","width":2560,"height":1707,"caption":"Es kommt auf jede Tonne erneuerbare Energie an. (Symbolbild)"},{"@type":"BreadcrumbList","@id":"https:\/\/www.organisator.ch\/sustainability\/2018-12-06\/neue-eu-energie-regeln\/#breadcrumb","itemListElement":[{"@type":"ListItem","position":1,"name":"Home","item":"https:\/\/www.organisator.ch\/"},{"@type":"ListItem","position":2,"name":"Neue EU-Energie-Regeln"}]},{"@type":"WebSite","@id":"https:\/\/www.organisator.ch\/#website","url":"https:\/\/www.organisator.ch\/","name":"Organizzatore","description":"Competente. Pratico. In 10 numeri all'anno, ORGANISATOR presenta i temi essenziali per i manager delle PMI.","publisher":{"@id":"https:\/\/www.organisator.ch\/#organization"},"potentialAction":[{"@type":"SearchAction","target":{"@type":"EntryPoint","urlTemplate":"https:\/\/www.organisator.ch\/?s={search_term_string}"},"query-input":{"@type":"PropertyValueSpecification","valueRequired":true,"valueName":"search_term_string"}}],"inLanguage":"it-IT"},{"@type":"Organization","@id":"https:\/\/www.organisator.ch\/#organization","name":"Organizzatore","url":"https:\/\/www.organisator.ch\/","logo":{"@type":"ImageObject","inLanguage":"it-IT","@id":"https:\/\/www.organisator.ch\/#\/schema\/logo\/image\/","url":"https:\/\/www.organisator.ch\/wp-content\/uploads\/2022\/01\/Logo_Organisator_Website.png","contentUrl":"https:\/\/www.organisator.ch\/wp-content\/uploads\/2022\/01\/Logo_Organisator_Website.png","width":800,"height":77,"caption":"Organisator"},"image":{"@id":"https:\/\/www.organisator.ch\/#\/schema\/logo\/image\/"},"sameAs":["https:\/\/www.facebook.com\/OrganisatorFachmagazin","https:\/\/www.linkedin.com\/showcase\/organisator-das-magazin-fr-kmu","https:\/\/www.xing.com\/news\/pages\/organisator-ch-695","https:\/\/www.youtube.com\/channel\/UCGP2Sq0iWaZwT3BdIAQFYpw"]},{"@type":"Person","@id":"https:\/\/www.organisator.ch\/#\/schema\/person\/134708ca9321c57b0362cceb7948ffbd","name":"michael.merz","image":{"@type":"ImageObject","inLanguage":"it-IT","@id":"https:\/\/secure.gravatar.com\/avatar\/?s=96&d=mm&r=g","url":"https:\/\/secure.gravatar.com\/avatar\/?s=96&d=mm&r=g","contentUrl":"https:\/\/secure.gravatar.com\/avatar\/?s=96&d=mm&r=g","caption":"michael.merz"},"url":"https:\/\/www.organisator.ch\/it\/author\/michael-merz\/"}]}},"_links":{"self":[{"href":"https:\/\/www.organisator.ch\/it\/wp-json\/wp\/v2\/posts\/10057","targetHints":{"allow":["GET"]}}],"collection":[{"href":"https:\/\/www.organisator.ch\/it\/wp-json\/wp\/v2\/posts"}],"about":[{"href":"https:\/\/www.organisator.ch\/it\/wp-json\/wp\/v2\/types\/post"}],"author":[{"embeddable":true,"href":"https:\/\/www.organisator.ch\/it\/wp-json\/wp\/v2\/users\/5"}],"replies":[{"embeddable":true,"href":"https:\/\/www.organisator.ch\/it\/wp-json\/wp\/v2\/comments?post=10057"}],"version-history":[{"count":1,"href":"https:\/\/www.organisator.ch\/it\/wp-json\/wp\/v2\/posts\/10057\/revisions"}],"predecessor-version":[{"id":10563,"href":"https:\/\/www.organisator.ch\/it\/wp-json\/wp\/v2\/posts\/10057\/revisions\/10563"}],"wp:featuredmedia":[{"embeddable":true,"href":"https:\/\/www.organisator.ch\/it\/wp-json\/wp\/v2\/media\/9576"}],"wp:attachment":[{"href":"https:\/\/www.organisator.ch\/it\/wp-json\/wp\/v2\/media?parent=10057"}],"wp:term":[{"taxonomy":"category","embeddable":true,"href":"https:\/\/www.organisator.ch\/it\/wp-json\/wp\/v2\/categories?post=10057"},{"taxonomy":"post_tag","embeddable":true,"href":"https:\/\/www.organisator.ch\/it\/wp-json\/wp\/v2\/tags?post=10057"}],"curies":[{"name":"wp","href":"https:\/\/api.w.org\/{rel}","templated":true}]}}