{"id":10058,"date":"2018-12-20T18:01:54","date_gmt":"2018-12-20T17:01:54","guid":{"rendered":"https:\/\/www.umweltperspektiven.ch\/?p=1929"},"modified":"2022-08-02T14:55:30","modified_gmt":"2022-08-02T12:55:30","slug":"eu-aktionsplan-fuer-biodiversitaet","status":"publish","type":"post","link":"https:\/\/www.organisator.ch\/it\/sustainability\/2018-12-20\/eu-aktionsplan-fuer-biodiversitaet\/","title":{"rendered":"Piano d'azione UE per la biodiversit\u00e0"},"content":{"rendered":"<div class=\"o-body__item\">\n<div>\n<figure id=\"attachment_1930\" aria-describedby=\"caption-attachment-1930\" style=\"width: 680px\" class=\"wp-caption alignnone\"><img loading=\"lazy\" decoding=\"async\" class=\"wp-image-1930 size-medium\" src=\"\/\/www.umweltperspektiven.ch\/wp-content\/uploads\/2018\/12\/EU-Aktionsplan-f\u00fcr-Biodiversit\u00e4t-UP_Umweltperspektiven.jpg\" alt=\"Biodiversit\u00e0\" width=\"680\" height=\"510\" \/><figcaption id=\"caption-attachment-1930\" class=\"wp-caption-text\">Biodiversit\u00e0 non significa solo protezione degli alberi, ma anche delle specie e del mare. (Immagine simbolo: Unsplash)<\/figcaption><\/figure>\n<p>Oltre a un piano d'azione dell'UE, la conferenza di Sharm El-Sheikh non solo ha continuato a raggiungere accordi globali per le aree protette e per un ampio processo preparatorio per un nuovo sistema di obiettivi di conservazione delle specie, ma ha anche fatto richieste molto concrete di azione:<\/p>\n<p>\"Lo stato globale della natura \u00e8 preoccupante. La perdita delle specie e dei loro habitat \u00e8, accanto al cambiamento climatico, la seconda grande crisi ambientale del nostro tempo. Stiamo facendo progressi per quanto riguarda la designazione delle aree protette, per esempio. Ma in altre aree, come la riduzione dei sussidi che sono dannosi per la natura, per esempio nella politica agricola, si sta facendo troppo poco. Alla prossima Conferenza mondiale sulla biodiversit\u00e0 che si terr\u00e0 a Pechino nel 2020, dobbiamo porre la conservazione globale della natura su una nuova base. \u00c8 positivo che la comunit\u00e0 internazionale abbia concordato a Sharm El-Sheikh un chiaro processo preparatorio che includa anche le associazioni ambientaliste e imprenditoriali. La Germania svolger\u00e0 un ruolo attivo qui e sosterr\u00e0 un rapido progresso nella protezione della biodiversit\u00e0\", ha sottolineato il ministro federale dell'ambiente Svenja Schulze all'inizio di dicembre 2018.<\/p>\n<p><strong>\"Gli obiettivi di Aichi\" stanno per finire<\/strong><\/p>\n<p>Nel 2020, i cosiddetti \"obiettivi di Aichi\" sulla biodiversit\u00e0 adottati nel 2010 scadranno e saranno sostituiti da un nuovo e pi\u00f9 robusto sistema di obiettivi di conservazione. Un gruppo di lavoro di recente costituzione deve sviluppare proposte per un'azione impegnata nei prossimi due anni. Il nuovo sistema deve essere adottato nel 2020 alla Conferenza mondiale sulla biodiversit\u00e0 a Pechino. La Germania avr\u00e0 quindi la presidenza del Consiglio dell'UE e sar\u00e0 responsabile del coordinamento degli stati dell'UE.<\/p>\n<p>Nonostante i difficili negoziati, la conferenza ha accettato di dichiarare le aree del Mar Baltico, del Mar Nero e del Mar Caspio come significative per la biodiversit\u00e0. Questo pu\u00f2 essere visto come un primo passo verso la creazione di nuove aree marine protette.<\/p>\n<p><strong>Piano d'azione per gli impollinatori<\/strong><\/p>\n<p>Il Piano d'azione per gli impollinatori porta la conservazione degli insetti nel lavoro dell'Organizzazione per l'alimentazione e l'agricoltura (FAO) e nelle Convenzioni internazionali sulle sostanze chimiche. I finanziamenti devono essere resi disponibili e i paesi devono essere sostenuti nella creazione di programmi di protezione degli impollinatori. Il governo federale sta attualmente lavorando su un programma d'azione per la conservazione degli insetti.<\/p>\n<p>Oltre ai negoziati, gli Stati, la scienza, le imprese e la societ\u00e0 civile hanno presentato misure e soluzioni per proteggere la biodiversit\u00e0. La Germania ha anche presentato il suo ampio impegno internazionale per raggiungere gli obiettivi di Aichi. (Fonte: <a href=\"\/\/www.bmu.de\">www.bmu.de<\/a>)<\/p>\n<\/div>\n<\/div>","protected":false},"excerpt":{"rendered":"<p>Neben einem EU-Aktionsplan wurden an der Konferenz in Sharm El-Sheikh nicht nur weltweite Einigungen f\u00fcr Schutzgebiete sowie f\u00fcr einen breit angelegten Vorbereitungsprozess f\u00fcr ein neues System der Artenschutzziele weitergesetzt, es gab ganz konkrete Handlungsanforderungen: &#8222;Der weltweite Zustand der Natur ist besorgniserregend. Der Verlust von Arten und ihren Lebensr\u00e4umen ist neben dem Klimawandel die zweite grosse [&hellip;]<\/p>\n","protected":false},"author":5,"featured_media":9577,"comment_status":"closed","ping_status":"closed","sticky":false,"template":"","format":"standard","meta":{"_acf_changed":false,"_yoast_wpseo_focuskw":"Biodiversit\u00e4t","_yoast_wpseo_metadesc":"Die 14. UN-Biodiversit\u00e4tskonferenz in Sharm El-Sheikh ist mit Einigungen in unterschiedlichen Bereichen zu Ende gegangen.","articlekey":"","footnotes":""},"categories":[580],"tags":[829,1135,1289],"class_list":["post-10058","post","type-post","status-publish","format-standard","has-post-thumbnail","hentry","category-sustainability","tag-biodiversitaet","tag-eu-aktionsplan","tag-gewaesserschutz"],"acf":[],"yoast_head":"<!-- This site is optimized with the Yoast SEO plugin v27.4 - https:\/\/yoast.com\/product\/yoast-seo-wordpress\/ -->\n<title>EU-Aktionsplan f\u00fcr Biodiversit\u00e4t - Organisator<\/title>\n<meta name=\"description\" content=\"Die 14. UN-Biodiversit\u00e4tskonferenz in Sharm El-Sheikh ist mit Einigungen in unterschiedlichen Bereichen zu Ende gegangen.\" \/>\n<meta name=\"robots\" content=\"index, follow, max-snippet:-1, max-image-preview:large, max-video-preview:-1\" \/>\n<link rel=\"canonical\" href=\"https:\/\/www.organisator.ch\/it\/sostenibilita\/2018-12-20\/eu-aktionsplan-fuer-biodiversitaet\/\" \/>\n<meta property=\"og:locale\" content=\"it_IT\" \/>\n<meta property=\"og:type\" content=\"article\" \/>\n<meta property=\"og:title\" content=\"EU-Aktionsplan f\u00fcr Biodiversit\u00e4t - Organisator\" \/>\n<meta property=\"og:description\" content=\"Die 14. UN-Biodiversit\u00e4tskonferenz in Sharm El-Sheikh ist mit Einigungen in unterschiedlichen Bereichen zu Ende gegangen.\" \/>\n<meta property=\"og:url\" content=\"https:\/\/www.organisator.ch\/it\/sostenibilita\/2018-12-20\/eu-aktionsplan-fuer-biodiversitaet\/\" \/>\n<meta property=\"og:site_name\" content=\"Organisator\" \/>\n<meta property=\"article:publisher\" content=\"https:\/\/www.facebook.com\/OrganisatorFachmagazin\" \/>\n<meta property=\"article:published_time\" content=\"2018-12-20T17:01:54+00:00\" \/>\n<meta property=\"article:modified_time\" content=\"2022-08-02T12:55:30+00:00\" \/>\n<meta property=\"og:image\" content=\"https:\/\/www.organisator.ch\/wp-content\/uploads\/2018\/12\/EU-Aktionsplan-fuer-Biodiversitaet-UP_Umweltperspektiven-scaled.jpg\" \/>\n\t<meta property=\"og:image:width\" content=\"2560\" \/>\n\t<meta property=\"og:image:height\" content=\"1919\" \/>\n\t<meta property=\"og:image:type\" content=\"image\/jpeg\" \/>\n<meta name=\"author\" content=\"michael.merz\" \/>\n<meta name=\"twitter:card\" content=\"summary_large_image\" \/>\n<script type=\"application\/ld+json\" class=\"yoast-schema-graph\">{\"@context\":\"https:\\\/\\\/schema.org\",\"@graph\":[{\"@type\":\"Article\",\"@id\":\"https:\\\/\\\/www.organisator.ch\\\/sustainability\\\/2018-12-20\\\/eu-aktionsplan-fuer-biodiversitaet\\\/#article\",\"isPartOf\":{\"@id\":\"https:\\\/\\\/www.organisator.ch\\\/sustainability\\\/2018-12-20\\\/eu-aktionsplan-fuer-biodiversitaet\\\/\"},\"author\":{\"name\":\"michael.merz\",\"@id\":\"https:\\\/\\\/www.organisator.ch\\\/#\\\/schema\\\/person\\\/134708ca9321c57b0362cceb7948ffbd\"},\"headline\":\"EU-Aktionsplan f\u00fcr Biodiversit\u00e4t\",\"datePublished\":\"2018-12-20T17:01:54+00:00\",\"dateModified\":\"2022-08-02T12:55:30+00:00\",\"mainEntityOfPage\":{\"@id\":\"https:\\\/\\\/www.organisator.ch\\\/sustainability\\\/2018-12-20\\\/eu-aktionsplan-fuer-biodiversitaet\\\/\"},\"wordCount\":383,\"publisher\":{\"@id\":\"https:\\\/\\\/www.organisator.ch\\\/#organization\"},\"image\":{\"@id\":\"https:\\\/\\\/www.organisator.ch\\\/sustainability\\\/2018-12-20\\\/eu-aktionsplan-fuer-biodiversitaet\\\/#primaryimage\"},\"thumbnailUrl\":\"https:\\\/\\\/www.organisator.ch\\\/wp-content\\\/uploads\\\/2018\\\/12\\\/EU-Aktionsplan-fuer-Biodiversitaet-UP_Umweltperspektiven-scaled.jpg\",\"keywords\":[\"Biodiversit\u00e4t\",\"EU-Aktionsplan\",\"Gew\u00e4sserschutz\"],\"articleSection\":[\"SUSTAINABILITY\"],\"inLanguage\":\"it-IT\"},{\"@type\":\"WebPage\",\"@id\":\"https:\\\/\\\/www.organisator.ch\\\/sustainability\\\/2018-12-20\\\/eu-aktionsplan-fuer-biodiversitaet\\\/\",\"url\":\"https:\\\/\\\/www.organisator.ch\\\/sustainability\\\/2018-12-20\\\/eu-aktionsplan-fuer-biodiversitaet\\\/\",\"name\":\"EU-Aktionsplan f\u00fcr Biodiversit\u00e4t - Organisator\",\"isPartOf\":{\"@id\":\"https:\\\/\\\/www.organisator.ch\\\/#website\"},\"primaryImageOfPage\":{\"@id\":\"https:\\\/\\\/www.organisator.ch\\\/sustainability\\\/2018-12-20\\\/eu-aktionsplan-fuer-biodiversitaet\\\/#primaryimage\"},\"image\":{\"@id\":\"https:\\\/\\\/www.organisator.ch\\\/sustainability\\\/2018-12-20\\\/eu-aktionsplan-fuer-biodiversitaet\\\/#primaryimage\"},\"thumbnailUrl\":\"https:\\\/\\\/www.organisator.ch\\\/wp-content\\\/uploads\\\/2018\\\/12\\\/EU-Aktionsplan-fuer-Biodiversitaet-UP_Umweltperspektiven-scaled.jpg\",\"datePublished\":\"2018-12-20T17:01:54+00:00\",\"dateModified\":\"2022-08-02T12:55:30+00:00\",\"description\":\"Die 14. UN-Biodiversit\u00e4tskonferenz in Sharm El-Sheikh ist mit Einigungen in unterschiedlichen Bereichen zu Ende gegangen.\",\"breadcrumb\":{\"@id\":\"https:\\\/\\\/www.organisator.ch\\\/sustainability\\\/2018-12-20\\\/eu-aktionsplan-fuer-biodiversitaet\\\/#breadcrumb\"},\"inLanguage\":\"it-IT\",\"potentialAction\":[{\"@type\":\"ReadAction\",\"target\":[\"https:\\\/\\\/www.organisator.ch\\\/sustainability\\\/2018-12-20\\\/eu-aktionsplan-fuer-biodiversitaet\\\/\"]}]},{\"@type\":\"ImageObject\",\"inLanguage\":\"it-IT\",\"@id\":\"https:\\\/\\\/www.organisator.ch\\\/sustainability\\\/2018-12-20\\\/eu-aktionsplan-fuer-biodiversitaet\\\/#primaryimage\",\"url\":\"https:\\\/\\\/www.organisator.ch\\\/wp-content\\\/uploads\\\/2018\\\/12\\\/EU-Aktionsplan-fuer-Biodiversitaet-UP_Umweltperspektiven-scaled.jpg\",\"contentUrl\":\"https:\\\/\\\/www.organisator.ch\\\/wp-content\\\/uploads\\\/2018\\\/12\\\/EU-Aktionsplan-fuer-Biodiversitaet-UP_Umweltperspektiven-scaled.jpg\",\"width\":2560,\"height\":1919,\"caption\":\"Biodiversit\u00e4t heisst nicht nur Baumschutz, sondern auch Arten- und Meeresschutz. (Symbolbild: Unsplash)\"},{\"@type\":\"BreadcrumbList\",\"@id\":\"https:\\\/\\\/www.organisator.ch\\\/sustainability\\\/2018-12-20\\\/eu-aktionsplan-fuer-biodiversitaet\\\/#breadcrumb\",\"itemListElement\":[{\"@type\":\"ListItem\",\"position\":1,\"name\":\"Home\",\"item\":\"https:\\\/\\\/www.organisator.ch\\\/\"},{\"@type\":\"ListItem\",\"position\":2,\"name\":\"EU-Aktionsplan f\u00fcr Biodiversit\u00e4t\"}]},{\"@type\":\"WebSite\",\"@id\":\"https:\\\/\\\/www.organisator.ch\\\/#website\",\"url\":\"https:\\\/\\\/www.organisator.ch\\\/\",\"name\":\"Organisator\",\"description\":\"Kompetent. Praxisnah. Der ORGANISATOR bereitet in 10 Ausgaben pro Jahr die wesentlichen Themen f\u00fcr F\u00fchrungskr\u00e4fte von KMU auf.\",\"publisher\":{\"@id\":\"https:\\\/\\\/www.organisator.ch\\\/#organization\"},\"potentialAction\":[{\"@type\":\"SearchAction\",\"target\":{\"@type\":\"EntryPoint\",\"urlTemplate\":\"https:\\\/\\\/www.organisator.ch\\\/?s={search_term_string}\"},\"query-input\":{\"@type\":\"PropertyValueSpecification\",\"valueRequired\":true,\"valueName\":\"search_term_string\"}}],\"inLanguage\":\"it-IT\"},{\"@type\":\"Organization\",\"@id\":\"https:\\\/\\\/www.organisator.ch\\\/#organization\",\"name\":\"Organisator\",\"url\":\"https:\\\/\\\/www.organisator.ch\\\/\",\"logo\":{\"@type\":\"ImageObject\",\"inLanguage\":\"it-IT\",\"@id\":\"https:\\\/\\\/www.organisator.ch\\\/#\\\/schema\\\/logo\\\/image\\\/\",\"url\":\"https:\\\/\\\/www.organisator.ch\\\/wp-content\\\/uploads\\\/2022\\\/01\\\/Logo_Organisator_Website.png\",\"contentUrl\":\"https:\\\/\\\/www.organisator.ch\\\/wp-content\\\/uploads\\\/2022\\\/01\\\/Logo_Organisator_Website.png\",\"width\":800,\"height\":77,\"caption\":\"Organisator\"},\"image\":{\"@id\":\"https:\\\/\\\/www.organisator.ch\\\/#\\\/schema\\\/logo\\\/image\\\/\"},\"sameAs\":[\"https:\\\/\\\/www.facebook.com\\\/OrganisatorFachmagazin\",\"https:\\\/\\\/www.linkedin.com\\\/showcase\\\/organisator-das-magazin-fr-kmu\",\"https:\\\/\\\/www.xing.com\\\/news\\\/pages\\\/organisator-ch-695\",\"https:\\\/\\\/www.youtube.com\\\/channel\\\/UCGP2Sq0iWaZwT3BdIAQFYpw\"]},{\"@type\":\"Person\",\"@id\":\"https:\\\/\\\/www.organisator.ch\\\/#\\\/schema\\\/person\\\/134708ca9321c57b0362cceb7948ffbd\",\"name\":\"michael.merz\",\"image\":{\"@type\":\"ImageObject\",\"inLanguage\":\"it-IT\",\"@id\":\"https:\\\/\\\/secure.gravatar.com\\\/avatar\\\/?s=96&d=mm&r=g\",\"url\":\"https:\\\/\\\/secure.gravatar.com\\\/avatar\\\/?s=96&d=mm&r=g\",\"contentUrl\":\"https:\\\/\\\/secure.gravatar.com\\\/avatar\\\/?s=96&d=mm&r=g\",\"caption\":\"michael.merz\"},\"url\":\"https:\\\/\\\/www.organisator.ch\\\/it\\\/author\\\/michael-merz\\\/\"}]}<\/script>\n<!-- \/ Yoast SEO plugin. -->","yoast_head_json":{"title":"Piano d'azione dell'UE per la biodiversit\u00e0 - Organizzatore","description":"La 14a Conferenza delle Nazioni Unite sulla biodiversit\u00e0, tenutasi a Sharm El-Sheikh, si \u00e8 conclusa con accordi in diversi settori.","robots":{"index":"index","follow":"follow","max-snippet":"max-snippet:-1","max-image-preview":"max-image-preview:large","max-video-preview":"max-video-preview:-1"},"canonical":"https:\/\/www.organisator.ch\/it\/sostenibilita\/2018-12-20\/eu-aktionsplan-fuer-biodiversitaet\/","og_locale":"it_IT","og_type":"article","og_title":"EU-Aktionsplan f\u00fcr Biodiversit\u00e4t - Organisator","og_description":"Die 14. UN-Biodiversit\u00e4tskonferenz in Sharm El-Sheikh ist mit Einigungen in unterschiedlichen Bereichen zu Ende gegangen.","og_url":"https:\/\/www.organisator.ch\/it\/sostenibilita\/2018-12-20\/eu-aktionsplan-fuer-biodiversitaet\/","og_site_name":"Organisator","article_publisher":"https:\/\/www.facebook.com\/OrganisatorFachmagazin","article_published_time":"2018-12-20T17:01:54+00:00","article_modified_time":"2022-08-02T12:55:30+00:00","og_image":[{"width":2560,"height":1919,"url":"https:\/\/www.organisator.ch\/wp-content\/uploads\/2018\/12\/EU-Aktionsplan-fuer-Biodiversitaet-UP_Umweltperspektiven-scaled.jpg","type":"image\/jpeg"}],"author":"michael.merz","twitter_card":"summary_large_image","schema":{"@context":"https:\/\/schema.org","@graph":[{"@type":"Article","@id":"https:\/\/www.organisator.ch\/sustainability\/2018-12-20\/eu-aktionsplan-fuer-biodiversitaet\/#article","isPartOf":{"@id":"https:\/\/www.organisator.ch\/sustainability\/2018-12-20\/eu-aktionsplan-fuer-biodiversitaet\/"},"author":{"name":"michael.merz","@id":"https:\/\/www.organisator.ch\/#\/schema\/person\/134708ca9321c57b0362cceb7948ffbd"},"headline":"EU-Aktionsplan f\u00fcr Biodiversit\u00e4t","datePublished":"2018-12-20T17:01:54+00:00","dateModified":"2022-08-02T12:55:30+00:00","mainEntityOfPage":{"@id":"https:\/\/www.organisator.ch\/sustainability\/2018-12-20\/eu-aktionsplan-fuer-biodiversitaet\/"},"wordCount":383,"publisher":{"@id":"https:\/\/www.organisator.ch\/#organization"},"image":{"@id":"https:\/\/www.organisator.ch\/sustainability\/2018-12-20\/eu-aktionsplan-fuer-biodiversitaet\/#primaryimage"},"thumbnailUrl":"https:\/\/www.organisator.ch\/wp-content\/uploads\/2018\/12\/EU-Aktionsplan-fuer-Biodiversitaet-UP_Umweltperspektiven-scaled.jpg","keywords":["Biodiversit\u00e4t","EU-Aktionsplan","Gew\u00e4sserschutz"],"articleSection":["SUSTAINABILITY"],"inLanguage":"it-IT"},{"@type":"WebPage","@id":"https:\/\/www.organisator.ch\/sustainability\/2018-12-20\/eu-aktionsplan-fuer-biodiversitaet\/","url":"https:\/\/www.organisator.ch\/sustainability\/2018-12-20\/eu-aktionsplan-fuer-biodiversitaet\/","name":"Piano d'azione dell'UE per la biodiversit\u00e0 - Organizzatore","isPartOf":{"@id":"https:\/\/www.organisator.ch\/#website"},"primaryImageOfPage":{"@id":"https:\/\/www.organisator.ch\/sustainability\/2018-12-20\/eu-aktionsplan-fuer-biodiversitaet\/#primaryimage"},"image":{"@id":"https:\/\/www.organisator.ch\/sustainability\/2018-12-20\/eu-aktionsplan-fuer-biodiversitaet\/#primaryimage"},"thumbnailUrl":"https:\/\/www.organisator.ch\/wp-content\/uploads\/2018\/12\/EU-Aktionsplan-fuer-Biodiversitaet-UP_Umweltperspektiven-scaled.jpg","datePublished":"2018-12-20T17:01:54+00:00","dateModified":"2022-08-02T12:55:30+00:00","description":"La 14a Conferenza delle Nazioni Unite sulla biodiversit\u00e0, tenutasi a Sharm El-Sheikh, si \u00e8 conclusa con accordi in diversi settori.","breadcrumb":{"@id":"https:\/\/www.organisator.ch\/sustainability\/2018-12-20\/eu-aktionsplan-fuer-biodiversitaet\/#breadcrumb"},"inLanguage":"it-IT","potentialAction":[{"@type":"ReadAction","target":["https:\/\/www.organisator.ch\/sustainability\/2018-12-20\/eu-aktionsplan-fuer-biodiversitaet\/"]}]},{"@type":"ImageObject","inLanguage":"it-IT","@id":"https:\/\/www.organisator.ch\/sustainability\/2018-12-20\/eu-aktionsplan-fuer-biodiversitaet\/#primaryimage","url":"https:\/\/www.organisator.ch\/wp-content\/uploads\/2018\/12\/EU-Aktionsplan-fuer-Biodiversitaet-UP_Umweltperspektiven-scaled.jpg","contentUrl":"https:\/\/www.organisator.ch\/wp-content\/uploads\/2018\/12\/EU-Aktionsplan-fuer-Biodiversitaet-UP_Umweltperspektiven-scaled.jpg","width":2560,"height":1919,"caption":"Biodiversit\u00e4t heisst nicht nur Baumschutz, sondern auch Arten- und Meeresschutz. (Symbolbild: Unsplash)"},{"@type":"BreadcrumbList","@id":"https:\/\/www.organisator.ch\/sustainability\/2018-12-20\/eu-aktionsplan-fuer-biodiversitaet\/#breadcrumb","itemListElement":[{"@type":"ListItem","position":1,"name":"Home","item":"https:\/\/www.organisator.ch\/"},{"@type":"ListItem","position":2,"name":"EU-Aktionsplan f\u00fcr Biodiversit\u00e4t"}]},{"@type":"WebSite","@id":"https:\/\/www.organisator.ch\/#website","url":"https:\/\/www.organisator.ch\/","name":"Organizzatore","description":"Competente. Pratico. In 10 numeri all'anno, ORGANISATOR presenta i temi essenziali per i manager delle PMI.","publisher":{"@id":"https:\/\/www.organisator.ch\/#organization"},"potentialAction":[{"@type":"SearchAction","target":{"@type":"EntryPoint","urlTemplate":"https:\/\/www.organisator.ch\/?s={search_term_string}"},"query-input":{"@type":"PropertyValueSpecification","valueRequired":true,"valueName":"search_term_string"}}],"inLanguage":"it-IT"},{"@type":"Organization","@id":"https:\/\/www.organisator.ch\/#organization","name":"Organizzatore","url":"https:\/\/www.organisator.ch\/","logo":{"@type":"ImageObject","inLanguage":"it-IT","@id":"https:\/\/www.organisator.ch\/#\/schema\/logo\/image\/","url":"https:\/\/www.organisator.ch\/wp-content\/uploads\/2022\/01\/Logo_Organisator_Website.png","contentUrl":"https:\/\/www.organisator.ch\/wp-content\/uploads\/2022\/01\/Logo_Organisator_Website.png","width":800,"height":77,"caption":"Organisator"},"image":{"@id":"https:\/\/www.organisator.ch\/#\/schema\/logo\/image\/"},"sameAs":["https:\/\/www.facebook.com\/OrganisatorFachmagazin","https:\/\/www.linkedin.com\/showcase\/organisator-das-magazin-fr-kmu","https:\/\/www.xing.com\/news\/pages\/organisator-ch-695","https:\/\/www.youtube.com\/channel\/UCGP2Sq0iWaZwT3BdIAQFYpw"]},{"@type":"Person","@id":"https:\/\/www.organisator.ch\/#\/schema\/person\/134708ca9321c57b0362cceb7948ffbd","name":"michael.merz","image":{"@type":"ImageObject","inLanguage":"it-IT","@id":"https:\/\/secure.gravatar.com\/avatar\/?s=96&d=mm&r=g","url":"https:\/\/secure.gravatar.com\/avatar\/?s=96&d=mm&r=g","contentUrl":"https:\/\/secure.gravatar.com\/avatar\/?s=96&d=mm&r=g","caption":"michael.merz"},"url":"https:\/\/www.organisator.ch\/it\/author\/michael-merz\/"}]}},"_links":{"self":[{"href":"https:\/\/www.organisator.ch\/it\/wp-json\/wp\/v2\/posts\/10058","targetHints":{"allow":["GET"]}}],"collection":[{"href":"https:\/\/www.organisator.ch\/it\/wp-json\/wp\/v2\/posts"}],"about":[{"href":"https:\/\/www.organisator.ch\/it\/wp-json\/wp\/v2\/types\/post"}],"author":[{"embeddable":true,"href":"https:\/\/www.organisator.ch\/it\/wp-json\/wp\/v2\/users\/5"}],"replies":[{"embeddable":true,"href":"https:\/\/www.organisator.ch\/it\/wp-json\/wp\/v2\/comments?post=10058"}],"version-history":[{"count":3,"href":"https:\/\/www.organisator.ch\/it\/wp-json\/wp\/v2\/posts\/10058\/revisions"}],"predecessor-version":[{"id":16231,"href":"https:\/\/www.organisator.ch\/it\/wp-json\/wp\/v2\/posts\/10058\/revisions\/16231"}],"wp:featuredmedia":[{"embeddable":true,"href":"https:\/\/www.organisator.ch\/it\/wp-json\/wp\/v2\/media\/9577"}],"wp:attachment":[{"href":"https:\/\/www.organisator.ch\/it\/wp-json\/wp\/v2\/media?parent=10058"}],"wp:term":[{"taxonomy":"category","embeddable":true,"href":"https:\/\/www.organisator.ch\/it\/wp-json\/wp\/v2\/categories?post=10058"},{"taxonomy":"post_tag","embeddable":true,"href":"https:\/\/www.organisator.ch\/it\/wp-json\/wp\/v2\/tags?post=10058"}],"curies":[{"name":"wp","href":"https:\/\/api.w.org\/{rel}","templated":true}]}}