{"id":10071,"date":"2019-02-21T17:04:28","date_gmt":"2019-02-21T16:04:28","guid":{"rendered":"https:\/\/www.umweltperspektiven.ch\/?p=2024"},"modified":"2019-02-21T17:04:28","modified_gmt":"2019-02-21T16:04:28","slug":"superfood-aus-heimischen-gebieten","status":"publish","type":"post","link":"https:\/\/www.organisator.ch\/it\/allgemein\/2019-02-21\/superfood-aus-heimischen-gebieten\/","title":{"rendered":"Superfood dalle aree locali"},"content":{"rendered":"<figure id=\"attachment_2035\" aria-describedby=\"caption-attachment-2035\" style=\"width: 640px\" class=\"wp-caption alignnone\"><img loading=\"lazy\" decoding=\"async\" class=\"size-full wp-image-2035\" src=\"\/\/www.umweltperspektiven.ch\/wp-content\/uploads\/2019\/02\/superfood-up-Schweiz.jpg\" alt=\"\" width=\"640\" height=\"420\" srcset=\"https:\/\/www.organisator.ch\/wp-content\/uploads\/2019\/02\/superfood-up-Schweiz.jpg 640w, https:\/\/www.organisator.ch\/wp-content\/uploads\/2019\/02\/superfood-up-Schweiz-18x12.jpg 18w, https:\/\/www.organisator.ch\/wp-content\/uploads\/2019\/02\/superfood-up-Schweiz-267x175.jpg 267w, https:\/\/www.organisator.ch\/wp-content\/uploads\/2019\/02\/superfood-up-Schweiz-533x350.jpg 533w, https:\/\/www.organisator.ch\/wp-content\/uploads\/2019\/02\/superfood-up-Schweiz-300x197.jpg 300w\" sizes=\"auto, (max-width: 640px) 100vw, 640px\" \/><figcaption id=\"caption-attachment-2035\" class=\"wp-caption-text\">I superalimenti sono senza dubbio salutari - ancora meglio se provengono dalla regione. (Immagine simbolo: Unsplash)<\/figcaption><\/figure>\n<p>I superfoods sono alimenti, specialmente frutta e verdura, che hanno maggiori benefici per la salute rispetto ad altri alimenti grazie al loro contenuto di nutrienti.<\/p>\n<p>Spesso, i tanto decantati superfoods vengono da paesi lontani. C'\u00e8 qualcosa di mitico e sconosciuto in loro. L'accenno all'esotismo ci fa credere che i superfoods provenienti da lontano siano significativamente pi\u00f9 preziosi dei cibi locali. Ma non \u00e8 cos\u00ec: le piante che rispondono alla definizione di superalimenti crescono anche nei giardini locali e presso i produttori svizzeri.<\/p>\n<p><strong>Superfood dal balcone<\/strong><\/p>\n<p>La tendenza dei superalimenti continua. Dappertutto vengono pubblicizzati alimenti con grandi ingredienti per la salute. Spesso hanno fatto molta strada e hanno nomi esotici. Ma ci sono anche piante con super propriet\u00e0 nei nostri vivai. E la cosa migliore \u00e8 che potete coltivarli voi stessi - spesso anche sul vostro balcone.<\/p>\n<p>Si suppone che i superalimenti aiutino a perdere peso, a mantenere un aspetto giovanile e, in ogni caso, a promuovere la salute. Gli alimenti provenienti da paesi lontani con nomi che suonano sono quindi altamente<br \/>\nnel corso. Eppure ci sono cos\u00ec tante piante sane proprio sulla nostra porta di casa. La frutta e la verdura coltivate in casa sono ancora le migliori per una dieta equilibrata.<\/p>\n<p><strong>Le cose buone sono cos\u00ec vicine...<\/strong><br \/>\nI centri di giardinaggio e i vivai svizzeri hanno una grande selezione di piante autoctone e commestibili. Molti di loro sono considerati superalimenti e sono offerti come piantine o semi. Anche se non avete un giardino, potete coltivare verdure e frutta sane e deliziose erbe sul vostro balcone o terrazza. Da marzo, per esempio, \u00e8 gi\u00e0 tempo di seminare cipolle, spinaci o ravanelli.<\/p>\n<p>Da aprile in poi, iniziamo con varie piantine di cavoli e lattuga. A proposito, il cavolo primaverile \u00e8 una delle verdure pi\u00f9 ricche di calcio. Buono a sapersi, perch\u00e9 il calcio \u00e8 principalmente necessario per costruire e mantenere ossa e denti sani.<\/p>\n<p>Infine, a maggio, quando i giorni di gelo sono finiti, le piantine di pomodori, peperoni, zucche, meloni e simili che hanno bisogno di calore possono essere piantate nel letto senza protezione dal freddo. Se le verdure come<br \/>\nBroccoli, cicorino rosso e peperoncini o erbe come origano, prezzemolo e basilico, tutta una serie di supereroi delle piante pu\u00f2 essere coltivata con successo sul proprio balcone, anche senza molte conoscenze.<\/p>\n<p><strong>Piante legnose a bassa manutenzione<\/strong><br \/>\nI mirtilli sono particolarmente popolari in questo momento. La loro coltivazione \u00e8 molto semplice. E le bacche sono, tra le altre cose, un popolare rimedio domestico per la diarrea. Le fibre alimentari solubili, la cosiddetta pectina, sono responsabili di questo effetto. I popolari mirtilli sono anche ricchi di vitamina C, che aiuta l'assorbimento del ferro e rafforza il sistema immunitario. Anche piccoli alberi come quelli di mele, prugne o albicocche sono possibili sul balcone e sulla terrazza.<\/p>\n<p>Coltivare le piante \u00e8 molto divertente - e quello che avete piantato voi stessi ha semplicemente un sapore migliore.<\/p>\n<p>Quello che vale per il cibo in generale vale anche per i superfoods: un solo alimento non contiene mai tutti gli ingredienti vitali. Di conseguenza, i superalimenti non sostituiscono una dieta varia e versatile, ma possono completarla meravigliosamente.<\/p>\n<p><a href=\"\/\/www.jardinsuisse.ch\">http:\/\/www.jardinsuisse.ch<\/a><\/p>\n<p>&nbsp;<\/p>\n<p><em><strong>Suggerimenti e consigli da un'azienda specializzata<\/strong><\/em><br \/>\n<em>Grazie alla consulenza di esperti nei vivai svizzeri, la coltivazione di questi superfoods pu\u00f2 essere<\/em><br \/>\n<em>Le piante hanno successo anche sul balcone pi\u00f9 piccolo. Nel vivaio specializzato, gli appassionati di giardinaggio imparano quali<\/em><br \/>\n<em>la pianta prospera meglio in quali condizioni, di quanta acqua e fertilizzante ha bisogno e<\/em><br \/>\n<em>quando pu\u00f2 essere coltivato o raccolto. Puoi anche trovarlo su internet: Su<\/em><br \/>\n<em>www.superfood-pflanzen.ch fornisce un sacco di informazioni utili su verdure, erbe, frutta e ortaggi.<\/em><br \/>\n<em>e bacche che sono considerati superfoods e quali propriet\u00e0 rendono queste piante speciali.<\/em><br \/>\n<em>Ci sono anche raccomandazioni per i tempi di semina e di piantagione e per i tempi di raccolta. In un<\/em><br \/>\n<em>campo di ricerca del codice postale per trovare il pi\u00f9 vicino fornitore raccomandato di piante superfood nel<\/em><br \/>\n<em>Visualizzare in un batter d'occhio.<\/em><\/p>\n<p>&nbsp;<\/p>\n<p>&nbsp;<\/p>","protected":false},"excerpt":{"rendered":"<p>Superfoods sind Lebensmittel, insbesondere Obst und Gem\u00fcse, welche aufgrund ihres N\u00e4hrstoffgehaltes einen h\u00f6heren gesundheitlichen Nutzen als andere Lebensmittel aufweisen. Oft stammen vielgepriesene Superfoods aus fernen L\u00e4ndern. Ihnen haftet etwas mythisches, unbekanntes an. Der Hauch von Exotik l\u00e4sst uns glauben, dass Superfoods von weit her deutlich wertvoller sind als heimische Lebensmittel. Dem ist allerdings nicht so: [&hellip;]<\/p>\n","protected":false},"author":5,"featured_media":2035,"comment_status":"open","ping_status":"open","sticky":false,"template":"","format":"standard","meta":{"_acf_changed":false,"_yoast_wpseo_focuskw":"Superfood","_yoast_wpseo_metadesc":"Superfoods sind derzeit nicht nur sprichw\u00f6rtlich in aller Munde, sondern Chia-Samen, Goji-Beeren, Quinoa und Co. geh\u00f6ren schon zum Alltag.","articlekey":"","footnotes":""},"categories":[1],"tags":[1240,1605,424,2241],"class_list":["post-10071","post","type-post","status-publish","format-standard","has-post-thumbnail","hentry","category-allgemein","tag-garten","tag-lebensmittel","tag-schweiz","tag-superfood"],"acf":[],"yoast_head":"<!-- This site is optimized with the Yoast SEO plugin v27.5 - https:\/\/yoast.com\/product\/yoast-seo-wordpress\/ -->\n<title>Superfood aus heimischen Gebieten - Organisator<\/title>\n<meta name=\"description\" content=\"Superfoods sind derzeit nicht nur sprichw\u00f6rtlich in aller Munde, sondern Chia-Samen, Goji-Beeren, Quinoa und Co. geh\u00f6ren schon zum Alltag.\" \/>\n<meta name=\"robots\" content=\"index, follow, max-snippet:-1, max-image-preview:large, max-video-preview:-1\" \/>\n<link rel=\"canonical\" href=\"https:\/\/www.organisator.ch\/it\/generale\/2019-02-21\/superfood-aus-heimischen-gebieten\/\" \/>\n<meta property=\"og:locale\" content=\"it_IT\" \/>\n<meta property=\"og:type\" content=\"article\" \/>\n<meta property=\"og:title\" content=\"Superfood aus heimischen Gebieten - Organisator\" \/>\n<meta property=\"og:description\" content=\"Superfoods sind derzeit nicht nur sprichw\u00f6rtlich in aller Munde, sondern Chia-Samen, Goji-Beeren, Quinoa und Co. geh\u00f6ren schon zum Alltag.\" \/>\n<meta property=\"og:url\" content=\"https:\/\/www.organisator.ch\/it\/generale\/2019-02-21\/superfood-aus-heimischen-gebieten\/\" \/>\n<meta property=\"og:site_name\" content=\"Organisator\" \/>\n<meta property=\"article:publisher\" content=\"https:\/\/www.facebook.com\/OrganisatorFachmagazin\" \/>\n<meta property=\"article:published_time\" content=\"2019-02-21T16:04:28+00:00\" \/>\n<meta property=\"og:image\" content=\"https:\/\/www.organisator.ch\/wp-content\/uploads\/2019\/02\/superfood-up-Schweiz.jpg\" \/>\n\t<meta property=\"og:image:width\" content=\"640\" \/>\n\t<meta property=\"og:image:height\" content=\"420\" \/>\n\t<meta property=\"og:image:type\" content=\"image\/jpeg\" \/>\n<meta name=\"author\" content=\"michael.merz\" \/>\n<meta name=\"twitter:card\" content=\"summary_large_image\" \/>\n<script type=\"application\/ld+json\" class=\"yoast-schema-graph\">{\"@context\":\"https:\\\/\\\/schema.org\",\"@graph\":[{\"@type\":\"Article\",\"@id\":\"https:\\\/\\\/www.organisator.ch\\\/it\\\/generale\\\/2019-02-21\\\/superfood-aus-heimischen-gebieten\\\/#article\",\"isPartOf\":{\"@id\":\"https:\\\/\\\/www.organisator.ch\\\/it\\\/generale\\\/2019-02-21\\\/superfood-aus-heimischen-gebieten\\\/\"},\"author\":{\"name\":\"michael.merz\",\"@id\":\"https:\\\/\\\/www.organisator.ch\\\/#\\\/schema\\\/person\\\/134708ca9321c57b0362cceb7948ffbd\"},\"headline\":\"Superfood aus heimischen Gebieten\",\"datePublished\":\"2019-02-21T16:04:28+00:00\",\"mainEntityOfPage\":{\"@id\":\"https:\\\/\\\/www.organisator.ch\\\/it\\\/generale\\\/2019-02-21\\\/superfood-aus-heimischen-gebieten\\\/\"},\"wordCount\":649,\"commentCount\":0,\"publisher\":{\"@id\":\"https:\\\/\\\/www.organisator.ch\\\/#organization\"},\"image\":{\"@id\":\"https:\\\/\\\/www.organisator.ch\\\/it\\\/generale\\\/2019-02-21\\\/superfood-aus-heimischen-gebieten\\\/#primaryimage\"},\"thumbnailUrl\":\"https:\\\/\\\/www.organisator.ch\\\/wp-content\\\/uploads\\\/2019\\\/02\\\/superfood-up-Schweiz.jpg\",\"keywords\":[\"Garten\",\"Lebensmittel\",\"Schweiz\",\"Superfood\"],\"articleSection\":[\"Allgemein\"],\"inLanguage\":\"it-IT\"},{\"@type\":\"WebPage\",\"@id\":\"https:\\\/\\\/www.organisator.ch\\\/it\\\/generale\\\/2019-02-21\\\/superfood-aus-heimischen-gebieten\\\/\",\"url\":\"https:\\\/\\\/www.organisator.ch\\\/it\\\/generale\\\/2019-02-21\\\/superfood-aus-heimischen-gebieten\\\/\",\"name\":\"Superfood aus heimischen Gebieten - Organisator\",\"isPartOf\":{\"@id\":\"https:\\\/\\\/www.organisator.ch\\\/#website\"},\"primaryImageOfPage\":{\"@id\":\"https:\\\/\\\/www.organisator.ch\\\/it\\\/generale\\\/2019-02-21\\\/superfood-aus-heimischen-gebieten\\\/#primaryimage\"},\"image\":{\"@id\":\"https:\\\/\\\/www.organisator.ch\\\/it\\\/generale\\\/2019-02-21\\\/superfood-aus-heimischen-gebieten\\\/#primaryimage\"},\"thumbnailUrl\":\"https:\\\/\\\/www.organisator.ch\\\/wp-content\\\/uploads\\\/2019\\\/02\\\/superfood-up-Schweiz.jpg\",\"datePublished\":\"2019-02-21T16:04:28+00:00\",\"description\":\"Superfoods sind derzeit nicht nur sprichw\u00f6rtlich in aller Munde, sondern Chia-Samen, Goji-Beeren, Quinoa und Co. geh\u00f6ren schon zum Alltag.\",\"breadcrumb\":{\"@id\":\"https:\\\/\\\/www.organisator.ch\\\/it\\\/generale\\\/2019-02-21\\\/superfood-aus-heimischen-gebieten\\\/#breadcrumb\"},\"inLanguage\":\"it-IT\",\"potentialAction\":[{\"@type\":\"ReadAction\",\"target\":[\"https:\\\/\\\/www.organisator.ch\\\/it\\\/generale\\\/2019-02-21\\\/superfood-aus-heimischen-gebieten\\\/\"]}]},{\"@type\":\"ImageObject\",\"inLanguage\":\"it-IT\",\"@id\":\"https:\\\/\\\/www.organisator.ch\\\/it\\\/generale\\\/2019-02-21\\\/superfood-aus-heimischen-gebieten\\\/#primaryimage\",\"url\":\"https:\\\/\\\/www.organisator.ch\\\/wp-content\\\/uploads\\\/2019\\\/02\\\/superfood-up-Schweiz.jpg\",\"contentUrl\":\"https:\\\/\\\/www.organisator.ch\\\/wp-content\\\/uploads\\\/2019\\\/02\\\/superfood-up-Schweiz.jpg\",\"width\":640,\"height\":420,\"caption\":\"Superfoods sind zweifelsohne gesund - noch besser sie stammen aus der Region. (Symbolbild: Unsplash)\"},{\"@type\":\"BreadcrumbList\",\"@id\":\"https:\\\/\\\/www.organisator.ch\\\/it\\\/generale\\\/2019-02-21\\\/superfood-aus-heimischen-gebieten\\\/#breadcrumb\",\"itemListElement\":[{\"@type\":\"ListItem\",\"position\":1,\"name\":\"Home\",\"item\":\"https:\\\/\\\/www.organisator.ch\\\/\"},{\"@type\":\"ListItem\",\"position\":2,\"name\":\"Superfood aus heimischen Gebieten\"}]},{\"@type\":\"WebSite\",\"@id\":\"https:\\\/\\\/www.organisator.ch\\\/#website\",\"url\":\"https:\\\/\\\/www.organisator.ch\\\/\",\"name\":\"Organisator\",\"description\":\"Kompetent. Praxisnah. Der ORGANISATOR bereitet in 10 Ausgaben pro Jahr die wesentlichen Themen f\u00fcr F\u00fchrungskr\u00e4fte von KMU auf.\",\"publisher\":{\"@id\":\"https:\\\/\\\/www.organisator.ch\\\/#organization\"},\"potentialAction\":[{\"@type\":\"SearchAction\",\"target\":{\"@type\":\"EntryPoint\",\"urlTemplate\":\"https:\\\/\\\/www.organisator.ch\\\/?s={search_term_string}\"},\"query-input\":{\"@type\":\"PropertyValueSpecification\",\"valueRequired\":true,\"valueName\":\"search_term_string\"}}],\"inLanguage\":\"it-IT\"},{\"@type\":\"Organization\",\"@id\":\"https:\\\/\\\/www.organisator.ch\\\/#organization\",\"name\":\"Organisator\",\"url\":\"https:\\\/\\\/www.organisator.ch\\\/\",\"logo\":{\"@type\":\"ImageObject\",\"inLanguage\":\"it-IT\",\"@id\":\"https:\\\/\\\/www.organisator.ch\\\/#\\\/schema\\\/logo\\\/image\\\/\",\"url\":\"https:\\\/\\\/www.organisator.ch\\\/wp-content\\\/uploads\\\/2022\\\/01\\\/Logo_Organisator_Website.png\",\"contentUrl\":\"https:\\\/\\\/www.organisator.ch\\\/wp-content\\\/uploads\\\/2022\\\/01\\\/Logo_Organisator_Website.png\",\"width\":800,\"height\":77,\"caption\":\"Organisator\"},\"image\":{\"@id\":\"https:\\\/\\\/www.organisator.ch\\\/#\\\/schema\\\/logo\\\/image\\\/\"},\"sameAs\":[\"https:\\\/\\\/www.facebook.com\\\/OrganisatorFachmagazin\",\"https:\\\/\\\/www.linkedin.com\\\/showcase\\\/organisator-das-magazin-fr-kmu\",\"https:\\\/\\\/www.xing.com\\\/news\\\/pages\\\/organisator-ch-695\",\"https:\\\/\\\/www.youtube.com\\\/channel\\\/UCGP2Sq0iWaZwT3BdIAQFYpw\"]},{\"@type\":\"Person\",\"@id\":\"https:\\\/\\\/www.organisator.ch\\\/#\\\/schema\\\/person\\\/134708ca9321c57b0362cceb7948ffbd\",\"name\":\"michael.merz\",\"image\":{\"@type\":\"ImageObject\",\"inLanguage\":\"it-IT\",\"@id\":\"https:\\\/\\\/secure.gravatar.com\\\/avatar\\\/?s=96&d=mm&r=g\",\"url\":\"https:\\\/\\\/secure.gravatar.com\\\/avatar\\\/?s=96&d=mm&r=g\",\"contentUrl\":\"https:\\\/\\\/secure.gravatar.com\\\/avatar\\\/?s=96&d=mm&r=g\",\"caption\":\"michael.merz\"},\"url\":\"https:\\\/\\\/www.organisator.ch\\\/it\\\/author\\\/michael-merz\\\/\"}]}<\/script>\n<!-- \/ Yoast SEO plugin. -->","yoast_head_json":{"title":"Superfood dalle aree locali - Organizzatore","description":"I superalimenti non sono solo il tema del momento, ma semi di chia, bacche di goji, quinoa e simili fanno gi\u00e0 parte della vita quotidiana.","robots":{"index":"index","follow":"follow","max-snippet":"max-snippet:-1","max-image-preview":"max-image-preview:large","max-video-preview":"max-video-preview:-1"},"canonical":"https:\/\/www.organisator.ch\/it\/generale\/2019-02-21\/superfood-aus-heimischen-gebieten\/","og_locale":"it_IT","og_type":"article","og_title":"Superfood aus heimischen Gebieten - Organisator","og_description":"Superfoods sind derzeit nicht nur sprichw\u00f6rtlich in aller Munde, sondern Chia-Samen, Goji-Beeren, Quinoa und Co. geh\u00f6ren schon zum Alltag.","og_url":"https:\/\/www.organisator.ch\/it\/generale\/2019-02-21\/superfood-aus-heimischen-gebieten\/","og_site_name":"Organisator","article_publisher":"https:\/\/www.facebook.com\/OrganisatorFachmagazin","article_published_time":"2019-02-21T16:04:28+00:00","og_image":[{"width":640,"height":420,"url":"https:\/\/www.organisator.ch\/wp-content\/uploads\/2019\/02\/superfood-up-Schweiz.jpg","type":"image\/jpeg"}],"author":"michael.merz","twitter_card":"summary_large_image","schema":{"@context":"https:\/\/schema.org","@graph":[{"@type":"Article","@id":"https:\/\/www.organisator.ch\/it\/generale\/2019-02-21\/superfood-aus-heimischen-gebieten\/#article","isPartOf":{"@id":"https:\/\/www.organisator.ch\/it\/generale\/2019-02-21\/superfood-aus-heimischen-gebieten\/"},"author":{"name":"michael.merz","@id":"https:\/\/www.organisator.ch\/#\/schema\/person\/134708ca9321c57b0362cceb7948ffbd"},"headline":"Superfood aus heimischen Gebieten","datePublished":"2019-02-21T16:04:28+00:00","mainEntityOfPage":{"@id":"https:\/\/www.organisator.ch\/it\/generale\/2019-02-21\/superfood-aus-heimischen-gebieten\/"},"wordCount":649,"commentCount":0,"publisher":{"@id":"https:\/\/www.organisator.ch\/#organization"},"image":{"@id":"https:\/\/www.organisator.ch\/it\/generale\/2019-02-21\/superfood-aus-heimischen-gebieten\/#primaryimage"},"thumbnailUrl":"https:\/\/www.organisator.ch\/wp-content\/uploads\/2019\/02\/superfood-up-Schweiz.jpg","keywords":["Garten","Lebensmittel","Schweiz","Superfood"],"articleSection":["Allgemein"],"inLanguage":"it-IT"},{"@type":"WebPage","@id":"https:\/\/www.organisator.ch\/it\/generale\/2019-02-21\/superfood-aus-heimischen-gebieten\/","url":"https:\/\/www.organisator.ch\/it\/generale\/2019-02-21\/superfood-aus-heimischen-gebieten\/","name":"Superfood dalle aree locali - Organizzatore","isPartOf":{"@id":"https:\/\/www.organisator.ch\/#website"},"primaryImageOfPage":{"@id":"https:\/\/www.organisator.ch\/it\/generale\/2019-02-21\/superfood-aus-heimischen-gebieten\/#primaryimage"},"image":{"@id":"https:\/\/www.organisator.ch\/it\/generale\/2019-02-21\/superfood-aus-heimischen-gebieten\/#primaryimage"},"thumbnailUrl":"https:\/\/www.organisator.ch\/wp-content\/uploads\/2019\/02\/superfood-up-Schweiz.jpg","datePublished":"2019-02-21T16:04:28+00:00","description":"I superalimenti non sono solo il tema del momento, ma semi di chia, bacche di goji, quinoa e simili fanno gi\u00e0 parte della vita quotidiana.","breadcrumb":{"@id":"https:\/\/www.organisator.ch\/it\/generale\/2019-02-21\/superfood-aus-heimischen-gebieten\/#breadcrumb"},"inLanguage":"it-IT","potentialAction":[{"@type":"ReadAction","target":["https:\/\/www.organisator.ch\/it\/generale\/2019-02-21\/superfood-aus-heimischen-gebieten\/"]}]},{"@type":"ImageObject","inLanguage":"it-IT","@id":"https:\/\/www.organisator.ch\/it\/generale\/2019-02-21\/superfood-aus-heimischen-gebieten\/#primaryimage","url":"https:\/\/www.organisator.ch\/wp-content\/uploads\/2019\/02\/superfood-up-Schweiz.jpg","contentUrl":"https:\/\/www.organisator.ch\/wp-content\/uploads\/2019\/02\/superfood-up-Schweiz.jpg","width":640,"height":420,"caption":"Superfoods sind zweifelsohne gesund - noch besser sie stammen aus der Region. (Symbolbild: Unsplash)"},{"@type":"BreadcrumbList","@id":"https:\/\/www.organisator.ch\/it\/generale\/2019-02-21\/superfood-aus-heimischen-gebieten\/#breadcrumb","itemListElement":[{"@type":"ListItem","position":1,"name":"Home","item":"https:\/\/www.organisator.ch\/"},{"@type":"ListItem","position":2,"name":"Superfood aus heimischen Gebieten"}]},{"@type":"WebSite","@id":"https:\/\/www.organisator.ch\/#website","url":"https:\/\/www.organisator.ch\/","name":"Organizzatore","description":"Competente. Pratico. In 10 numeri all'anno, ORGANISATOR presenta i temi essenziali per i manager delle PMI.","publisher":{"@id":"https:\/\/www.organisator.ch\/#organization"},"potentialAction":[{"@type":"SearchAction","target":{"@type":"EntryPoint","urlTemplate":"https:\/\/www.organisator.ch\/?s={search_term_string}"},"query-input":{"@type":"PropertyValueSpecification","valueRequired":true,"valueName":"search_term_string"}}],"inLanguage":"it-IT"},{"@type":"Organization","@id":"https:\/\/www.organisator.ch\/#organization","name":"Organizzatore","url":"https:\/\/www.organisator.ch\/","logo":{"@type":"ImageObject","inLanguage":"it-IT","@id":"https:\/\/www.organisator.ch\/#\/schema\/logo\/image\/","url":"https:\/\/www.organisator.ch\/wp-content\/uploads\/2022\/01\/Logo_Organisator_Website.png","contentUrl":"https:\/\/www.organisator.ch\/wp-content\/uploads\/2022\/01\/Logo_Organisator_Website.png","width":800,"height":77,"caption":"Organisator"},"image":{"@id":"https:\/\/www.organisator.ch\/#\/schema\/logo\/image\/"},"sameAs":["https:\/\/www.facebook.com\/OrganisatorFachmagazin","https:\/\/www.linkedin.com\/showcase\/organisator-das-magazin-fr-kmu","https:\/\/www.xing.com\/news\/pages\/organisator-ch-695","https:\/\/www.youtube.com\/channel\/UCGP2Sq0iWaZwT3BdIAQFYpw"]},{"@type":"Person","@id":"https:\/\/www.organisator.ch\/#\/schema\/person\/134708ca9321c57b0362cceb7948ffbd","name":"michael.merz","image":{"@type":"ImageObject","inLanguage":"it-IT","@id":"https:\/\/secure.gravatar.com\/avatar\/?s=96&d=mm&r=g","url":"https:\/\/secure.gravatar.com\/avatar\/?s=96&d=mm&r=g","contentUrl":"https:\/\/secure.gravatar.com\/avatar\/?s=96&d=mm&r=g","caption":"michael.merz"},"url":"https:\/\/www.organisator.ch\/it\/author\/michael-merz\/"}]}},"_links":{"self":[{"href":"https:\/\/www.organisator.ch\/it\/wp-json\/wp\/v2\/posts\/10071","targetHints":{"allow":["GET"]}}],"collection":[{"href":"https:\/\/www.organisator.ch\/it\/wp-json\/wp\/v2\/posts"}],"about":[{"href":"https:\/\/www.organisator.ch\/it\/wp-json\/wp\/v2\/types\/post"}],"author":[{"embeddable":true,"href":"https:\/\/www.organisator.ch\/it\/wp-json\/wp\/v2\/users\/5"}],"replies":[{"embeddable":true,"href":"https:\/\/www.organisator.ch\/it\/wp-json\/wp\/v2\/comments?post=10071"}],"version-history":[{"count":0,"href":"https:\/\/www.organisator.ch\/it\/wp-json\/wp\/v2\/posts\/10071\/revisions"}],"wp:featuredmedia":[{"embeddable":true,"href":"https:\/\/www.organisator.ch\/it\/wp-json\/wp\/v2\/media\/2035"}],"wp:attachment":[{"href":"https:\/\/www.organisator.ch\/it\/wp-json\/wp\/v2\/media?parent=10071"}],"wp:term":[{"taxonomy":"category","embeddable":true,"href":"https:\/\/www.organisator.ch\/it\/wp-json\/wp\/v2\/categories?post=10071"},{"taxonomy":"post_tag","embeddable":true,"href":"https:\/\/www.organisator.ch\/it\/wp-json\/wp\/v2\/tags?post=10071"}],"curies":[{"name":"wp","href":"https:\/\/api.w.org\/{rel}","templated":true}]}}