{"id":10078,"date":"2019-03-25T10:51:13","date_gmt":"2019-03-25T09:51:13","guid":{"rendered":"https:\/\/www.umweltperspektiven.ch\/?p=2083"},"modified":"2022-02-09T11:10:07","modified_gmt":"2022-02-09T10:10:07","slug":"digibarometer-2018-ueber-verwaltungsratkompetenzen","status":"publish","type":"post","link":"https:\/\/www.organisator.ch\/it\/sustainability\/2019-03-25\/digibarometer-2018-ueber-verwaltungsratkompetenzen\/","title":{"rendered":"DigiBarometer 2018 sulle competenze del consiglio di amministrazione"},"content":{"rendered":"<figure id=\"attachment_2084\" aria-describedby=\"caption-attachment-2084\" style=\"width: 680px\" class=\"wp-caption alignnone\"><img loading=\"lazy\" decoding=\"async\" class=\"size-medium wp-image-2084\" src=\"\/\/www.umweltperspektiven.ch\/wp-content\/uploads\/2019\/03\/DigiBarometer_Cover.jpg\" alt=\"\" width=\"680\" height=\"453\" \/><figcaption id=\"caption-attachment-2084\" class=\"wp-caption-text\">Sono necessari maggiori sforzi anche nel settore ambientale. (Immagine zVg)<\/figcaption><\/figure>\n<p>Il DigiBarometer esamina la trasformazione digitale in Svizzera. Vecchi schemi di pensiero e strutture devono essere rotti, nuovi approcci e modelli di business devono essere sviluppati. La pressione di innovare e cambiare sta diventando una sfida continua - anche per le PMI svizzere.<\/p>\n<p>In questo contesto, la Chief Digital Community (CDC), in collaborazione con la Scuola di Informatica di Lucerna, ha condotto per la prima volta nel 2018 il DigiBarometer per rilevare la situazione delle PMI svizzere riguardo alla trasformazione digitale. Questo sondaggio ha fornito importanti informazioni sulla situazione delle PMI svizzere in un mondo sempre pi\u00f9 digitalizzato, con l'obiettivo di aumentare la consapevolezza.<\/p>\n<ul>\n<li><em>Il 97% vede la trasformazione digitale come un'opportunit\u00e0.<\/em><\/li>\n<li><em>Il 20 per cento \u00e8 sulla buona strada nella trasformazione digitale, il 68 per cento ha un successo parziale.<\/em><\/li>\n<li><em>Il 70 per cento ha ancorato la trasformazione digitale nella propria strategia aziendale, il 13 per cento sta anche progettando di farlo.<\/em><\/li>\n<li><em>Il 49 per cento ha un know-how interno sufficiente, mentre il 29 per cento non ce l'ha ancora.<\/em><\/li>\n<li><em>Il 56% non d\u00e0 una risposta riguardo alla posizione degli esperti per la trasformazione digitale all'interno della struttura aziendale. Il 24% menziona la direzione.<\/em><\/li>\n<li><em>Il 49% dichiara di avere troppo poche risorse interne per la trasformazione digitale.<\/em><\/li>\n<li><em>Il 46% nomina prodotti e servizi come area di reazione della trasformazione digitale.<\/em><\/li>\n<li><em>Il 28% ha risposto che il loro consiglio di amministrazione ha un alto livello di conoscenza, e un altro 8% lo valuta addirittura molto alto. Questo contrasta con il 38% che valuta il proprio consiglio di amministrazione come avente un livello di conoscenza basso o molto basso.<\/em><\/li>\n<\/ul>\n<p>Conclusione: le persone, i mercati e la societ\u00e0 cambieranno radicalmente. Le nuove tecnologie stanno costringendo le aziende a ripensare radicalmente i loro modelli di business e offrono enormi opportunit\u00e0 di crescita. Tuttavia, le aziende dovrebbero anche essere in grado di approfittare di queste opportunit\u00e0. La conseguenza diretta della padronanza della trasformazione digitale \u00e8 uno sforzo enorme, soprattutto per le aziende esistenti.<\/p>\n<p><a href=\"\/\/www.chiefdigital.ch\">www.chiefdigital.ch<\/a><\/p>","protected":false},"excerpt":{"rendered":"<p>Der DigiBarometer untersucht die digitale Transformation in der Schweiz. Altbew\u00e4hrte Denkmuster und Strukturen m\u00fcssen durchbrochen, neue Vorgehensweisen und Gesch\u00e4ftsmodelle entwickelt werden. Der Innovations- und Ver\u00e4nderungsdruck wird zu einer kontinuierlichen Herausforderung \u2013 auch f\u00fcr Schweizer KMU. Vor diesem Hintergrund f\u00fchrte die Chief Digital Community (CDC) in Zusammenarbeit mit der Hochschule Luzern &#8211; Informatik im Jahr 2018 [&hellip;]<\/p>\n","protected":false},"author":5,"featured_media":9596,"comment_status":"open","ping_status":"open","sticky":false,"template":"","format":"standard","meta":{"_acf_changed":false,"_yoast_wpseo_focuskw":"DigiBarometer","_yoast_wpseo_metadesc":"Nur 38 Prozent der KMU attestieren ihrem Verwaltungsrat ausreichendes Wissen \u00fcber die Digitale Transformation, heisst est im DigiBarometer.","articlekey":"","footnotes":""},"categories":[580],"tags":[157,301,424,2471],"class_list":["post-10078","post","type-post","status-publish","format-standard","has-post-thumbnail","hentry","category-sustainability","tag-digitalitaet","tag-kmu","tag-schweiz","tag-verwaltungsrat"],"acf":[],"yoast_head":"<!-- This site is optimized with the Yoast SEO plugin v27.5 - https:\/\/yoast.com\/product\/yoast-seo-wordpress\/ -->\n<title>DigiBarometer 2018 \u00fcber Verwaltungsratkompetenzen - Organisator<\/title>\n<meta name=\"description\" content=\"Nur 38 Prozent der KMU attestieren ihrem Verwaltungsrat ausreichendes Wissen \u00fcber die Digitale Transformation, heisst est im DigiBarometer.\" \/>\n<meta name=\"robots\" content=\"index, follow, max-snippet:-1, max-image-preview:large, max-video-preview:-1\" \/>\n<link rel=\"canonical\" href=\"https:\/\/www.organisator.ch\/it\/sostenibilita\/2019-03-25\/digibarometer-2018-ueber-verwaltungsratkompetenzen\/\" \/>\n<meta property=\"og:locale\" content=\"it_IT\" \/>\n<meta property=\"og:type\" content=\"article\" \/>\n<meta property=\"og:title\" content=\"DigiBarometer 2018 \u00fcber Verwaltungsratkompetenzen - Organisator\" \/>\n<meta property=\"og:description\" content=\"Nur 38 Prozent der KMU attestieren ihrem Verwaltungsrat ausreichendes Wissen \u00fcber die Digitale Transformation, heisst est im DigiBarometer.\" \/>\n<meta property=\"og:url\" content=\"https:\/\/www.organisator.ch\/it\/sostenibilita\/2019-03-25\/digibarometer-2018-ueber-verwaltungsratkompetenzen\/\" \/>\n<meta property=\"og:site_name\" content=\"Organisator\" \/>\n<meta property=\"article:publisher\" content=\"https:\/\/www.facebook.com\/OrganisatorFachmagazin\" \/>\n<meta property=\"article:published_time\" content=\"2019-03-25T09:51:13+00:00\" \/>\n<meta property=\"article:modified_time\" content=\"2022-02-09T10:10:07+00:00\" \/>\n<meta property=\"og:image\" content=\"https:\/\/www.organisator.ch\/wp-content\/uploads\/2019\/03\/DigiBarometer_Cover-scaled.jpg\" \/>\n\t<meta property=\"og:image:width\" content=\"2560\" \/>\n\t<meta property=\"og:image:height\" content=\"1707\" \/>\n\t<meta property=\"og:image:type\" content=\"image\/jpeg\" \/>\n<meta name=\"author\" content=\"michael.merz\" \/>\n<meta name=\"twitter:card\" content=\"summary_large_image\" \/>\n<script type=\"application\/ld+json\" class=\"yoast-schema-graph\">{\"@context\":\"https:\\\/\\\/schema.org\",\"@graph\":[{\"@type\":\"Article\",\"@id\":\"https:\\\/\\\/www.organisator.ch\\\/sustainability\\\/2019-03-25\\\/digibarometer-2018-ueber-verwaltungsratkompetenzen\\\/#article\",\"isPartOf\":{\"@id\":\"https:\\\/\\\/www.organisator.ch\\\/sustainability\\\/2019-03-25\\\/digibarometer-2018-ueber-verwaltungsratkompetenzen\\\/\"},\"author\":{\"name\":\"michael.merz\",\"@id\":\"https:\\\/\\\/www.organisator.ch\\\/#\\\/schema\\\/person\\\/134708ca9321c57b0362cceb7948ffbd\"},\"headline\":\"DigiBarometer 2018 \u00fcber Verwaltungsratkompetenzen\",\"datePublished\":\"2019-03-25T09:51:13+00:00\",\"dateModified\":\"2022-02-09T10:10:07+00:00\",\"mainEntityOfPage\":{\"@id\":\"https:\\\/\\\/www.organisator.ch\\\/sustainability\\\/2019-03-25\\\/digibarometer-2018-ueber-verwaltungsratkompetenzen\\\/\"},\"wordCount\":312,\"commentCount\":0,\"publisher\":{\"@id\":\"https:\\\/\\\/www.organisator.ch\\\/#organization\"},\"image\":{\"@id\":\"https:\\\/\\\/www.organisator.ch\\\/sustainability\\\/2019-03-25\\\/digibarometer-2018-ueber-verwaltungsratkompetenzen\\\/#primaryimage\"},\"thumbnailUrl\":\"https:\\\/\\\/www.organisator.ch\\\/wp-content\\\/uploads\\\/2019\\\/03\\\/DigiBarometer_Cover-scaled.jpg\",\"keywords\":[\"Digitalit\u00e4t\",\"KMU\",\"Schweiz\",\"Verwaltungsrat\"],\"articleSection\":[\"SUSTAINABILITY\"],\"inLanguage\":\"it-IT\"},{\"@type\":\"WebPage\",\"@id\":\"https:\\\/\\\/www.organisator.ch\\\/sustainability\\\/2019-03-25\\\/digibarometer-2018-ueber-verwaltungsratkompetenzen\\\/\",\"url\":\"https:\\\/\\\/www.organisator.ch\\\/sustainability\\\/2019-03-25\\\/digibarometer-2018-ueber-verwaltungsratkompetenzen\\\/\",\"name\":\"DigiBarometer 2018 \u00fcber Verwaltungsratkompetenzen - Organisator\",\"isPartOf\":{\"@id\":\"https:\\\/\\\/www.organisator.ch\\\/#website\"},\"primaryImageOfPage\":{\"@id\":\"https:\\\/\\\/www.organisator.ch\\\/sustainability\\\/2019-03-25\\\/digibarometer-2018-ueber-verwaltungsratkompetenzen\\\/#primaryimage\"},\"image\":{\"@id\":\"https:\\\/\\\/www.organisator.ch\\\/sustainability\\\/2019-03-25\\\/digibarometer-2018-ueber-verwaltungsratkompetenzen\\\/#primaryimage\"},\"thumbnailUrl\":\"https:\\\/\\\/www.organisator.ch\\\/wp-content\\\/uploads\\\/2019\\\/03\\\/DigiBarometer_Cover-scaled.jpg\",\"datePublished\":\"2019-03-25T09:51:13+00:00\",\"dateModified\":\"2022-02-09T10:10:07+00:00\",\"description\":\"Nur 38 Prozent der KMU attestieren ihrem Verwaltungsrat ausreichendes Wissen \u00fcber die Digitale Transformation, heisst est im DigiBarometer.\",\"breadcrumb\":{\"@id\":\"https:\\\/\\\/www.organisator.ch\\\/sustainability\\\/2019-03-25\\\/digibarometer-2018-ueber-verwaltungsratkompetenzen\\\/#breadcrumb\"},\"inLanguage\":\"it-IT\",\"potentialAction\":[{\"@type\":\"ReadAction\",\"target\":[\"https:\\\/\\\/www.organisator.ch\\\/sustainability\\\/2019-03-25\\\/digibarometer-2018-ueber-verwaltungsratkompetenzen\\\/\"]}]},{\"@type\":\"ImageObject\",\"inLanguage\":\"it-IT\",\"@id\":\"https:\\\/\\\/www.organisator.ch\\\/sustainability\\\/2019-03-25\\\/digibarometer-2018-ueber-verwaltungsratkompetenzen\\\/#primaryimage\",\"url\":\"https:\\\/\\\/www.organisator.ch\\\/wp-content\\\/uploads\\\/2019\\\/03\\\/DigiBarometer_Cover-scaled.jpg\",\"contentUrl\":\"https:\\\/\\\/www.organisator.ch\\\/wp-content\\\/uploads\\\/2019\\\/03\\\/DigiBarometer_Cover-scaled.jpg\",\"width\":2560,\"height\":1707,\"caption\":\"Auch in VR-Bereichen Im Umweltsektor braucht es gr\u00f6ssere Anstrengungen. (Bild zVg)\"},{\"@type\":\"BreadcrumbList\",\"@id\":\"https:\\\/\\\/www.organisator.ch\\\/sustainability\\\/2019-03-25\\\/digibarometer-2018-ueber-verwaltungsratkompetenzen\\\/#breadcrumb\",\"itemListElement\":[{\"@type\":\"ListItem\",\"position\":1,\"name\":\"Home\",\"item\":\"https:\\\/\\\/www.organisator.ch\\\/\"},{\"@type\":\"ListItem\",\"position\":2,\"name\":\"DigiBarometer 2018 \u00fcber Verwaltungsratkompetenzen\"}]},{\"@type\":\"WebSite\",\"@id\":\"https:\\\/\\\/www.organisator.ch\\\/#website\",\"url\":\"https:\\\/\\\/www.organisator.ch\\\/\",\"name\":\"Organisator\",\"description\":\"Kompetent. Praxisnah. Der ORGANISATOR bereitet in 10 Ausgaben pro Jahr die wesentlichen Themen f\u00fcr F\u00fchrungskr\u00e4fte von KMU auf.\",\"publisher\":{\"@id\":\"https:\\\/\\\/www.organisator.ch\\\/#organization\"},\"potentialAction\":[{\"@type\":\"SearchAction\",\"target\":{\"@type\":\"EntryPoint\",\"urlTemplate\":\"https:\\\/\\\/www.organisator.ch\\\/?s={search_term_string}\"},\"query-input\":{\"@type\":\"PropertyValueSpecification\",\"valueRequired\":true,\"valueName\":\"search_term_string\"}}],\"inLanguage\":\"it-IT\"},{\"@type\":\"Organization\",\"@id\":\"https:\\\/\\\/www.organisator.ch\\\/#organization\",\"name\":\"Organisator\",\"url\":\"https:\\\/\\\/www.organisator.ch\\\/\",\"logo\":{\"@type\":\"ImageObject\",\"inLanguage\":\"it-IT\",\"@id\":\"https:\\\/\\\/www.organisator.ch\\\/#\\\/schema\\\/logo\\\/image\\\/\",\"url\":\"https:\\\/\\\/www.organisator.ch\\\/wp-content\\\/uploads\\\/2022\\\/01\\\/Logo_Organisator_Website.png\",\"contentUrl\":\"https:\\\/\\\/www.organisator.ch\\\/wp-content\\\/uploads\\\/2022\\\/01\\\/Logo_Organisator_Website.png\",\"width\":800,\"height\":77,\"caption\":\"Organisator\"},\"image\":{\"@id\":\"https:\\\/\\\/www.organisator.ch\\\/#\\\/schema\\\/logo\\\/image\\\/\"},\"sameAs\":[\"https:\\\/\\\/www.facebook.com\\\/OrganisatorFachmagazin\",\"https:\\\/\\\/www.linkedin.com\\\/showcase\\\/organisator-das-magazin-fr-kmu\",\"https:\\\/\\\/www.xing.com\\\/news\\\/pages\\\/organisator-ch-695\",\"https:\\\/\\\/www.youtube.com\\\/channel\\\/UCGP2Sq0iWaZwT3BdIAQFYpw\"]},{\"@type\":\"Person\",\"@id\":\"https:\\\/\\\/www.organisator.ch\\\/#\\\/schema\\\/person\\\/134708ca9321c57b0362cceb7948ffbd\",\"name\":\"michael.merz\",\"image\":{\"@type\":\"ImageObject\",\"inLanguage\":\"it-IT\",\"@id\":\"https:\\\/\\\/secure.gravatar.com\\\/avatar\\\/?s=96&d=mm&r=g\",\"url\":\"https:\\\/\\\/secure.gravatar.com\\\/avatar\\\/?s=96&d=mm&r=g\",\"contentUrl\":\"https:\\\/\\\/secure.gravatar.com\\\/avatar\\\/?s=96&d=mm&r=g\",\"caption\":\"michael.merz\"},\"url\":\"https:\\\/\\\/www.organisator.ch\\\/it\\\/author\\\/michael-merz\\\/\"}]}<\/script>\n<!-- \/ Yoast SEO plugin. -->","yoast_head_json":{"title":"DigiBarometer 2018 sulle competenze dei consigli di amministrazione - Organizzatore","description":"Secondo il DigiBarometer, solo il 38% delle PMI dichiara che il proprio consiglio di amministrazione ha una conoscenza sufficiente della trasformazione digitale.","robots":{"index":"index","follow":"follow","max-snippet":"max-snippet:-1","max-image-preview":"max-image-preview:large","max-video-preview":"max-video-preview:-1"},"canonical":"https:\/\/www.organisator.ch\/it\/sostenibilita\/2019-03-25\/digibarometer-2018-ueber-verwaltungsratkompetenzen\/","og_locale":"it_IT","og_type":"article","og_title":"DigiBarometer 2018 \u00fcber Verwaltungsratkompetenzen - Organisator","og_description":"Nur 38 Prozent der KMU attestieren ihrem Verwaltungsrat ausreichendes Wissen \u00fcber die Digitale Transformation, heisst est im DigiBarometer.","og_url":"https:\/\/www.organisator.ch\/it\/sostenibilita\/2019-03-25\/digibarometer-2018-ueber-verwaltungsratkompetenzen\/","og_site_name":"Organisator","article_publisher":"https:\/\/www.facebook.com\/OrganisatorFachmagazin","article_published_time":"2019-03-25T09:51:13+00:00","article_modified_time":"2022-02-09T10:10:07+00:00","og_image":[{"width":2560,"height":1707,"url":"https:\/\/www.organisator.ch\/wp-content\/uploads\/2019\/03\/DigiBarometer_Cover-scaled.jpg","type":"image\/jpeg"}],"author":"michael.merz","twitter_card":"summary_large_image","schema":{"@context":"https:\/\/schema.org","@graph":[{"@type":"Article","@id":"https:\/\/www.organisator.ch\/sustainability\/2019-03-25\/digibarometer-2018-ueber-verwaltungsratkompetenzen\/#article","isPartOf":{"@id":"https:\/\/www.organisator.ch\/sustainability\/2019-03-25\/digibarometer-2018-ueber-verwaltungsratkompetenzen\/"},"author":{"name":"michael.merz","@id":"https:\/\/www.organisator.ch\/#\/schema\/person\/134708ca9321c57b0362cceb7948ffbd"},"headline":"DigiBarometer 2018 \u00fcber Verwaltungsratkompetenzen","datePublished":"2019-03-25T09:51:13+00:00","dateModified":"2022-02-09T10:10:07+00:00","mainEntityOfPage":{"@id":"https:\/\/www.organisator.ch\/sustainability\/2019-03-25\/digibarometer-2018-ueber-verwaltungsratkompetenzen\/"},"wordCount":312,"commentCount":0,"publisher":{"@id":"https:\/\/www.organisator.ch\/#organization"},"image":{"@id":"https:\/\/www.organisator.ch\/sustainability\/2019-03-25\/digibarometer-2018-ueber-verwaltungsratkompetenzen\/#primaryimage"},"thumbnailUrl":"https:\/\/www.organisator.ch\/wp-content\/uploads\/2019\/03\/DigiBarometer_Cover-scaled.jpg","keywords":["Digitalit\u00e4t","KMU","Schweiz","Verwaltungsrat"],"articleSection":["SUSTAINABILITY"],"inLanguage":"it-IT"},{"@type":"WebPage","@id":"https:\/\/www.organisator.ch\/sustainability\/2019-03-25\/digibarometer-2018-ueber-verwaltungsratkompetenzen\/","url":"https:\/\/www.organisator.ch\/sustainability\/2019-03-25\/digibarometer-2018-ueber-verwaltungsratkompetenzen\/","name":"DigiBarometer 2018 sulle competenze dei consigli di amministrazione - Organizzatore","isPartOf":{"@id":"https:\/\/www.organisator.ch\/#website"},"primaryImageOfPage":{"@id":"https:\/\/www.organisator.ch\/sustainability\/2019-03-25\/digibarometer-2018-ueber-verwaltungsratkompetenzen\/#primaryimage"},"image":{"@id":"https:\/\/www.organisator.ch\/sustainability\/2019-03-25\/digibarometer-2018-ueber-verwaltungsratkompetenzen\/#primaryimage"},"thumbnailUrl":"https:\/\/www.organisator.ch\/wp-content\/uploads\/2019\/03\/DigiBarometer_Cover-scaled.jpg","datePublished":"2019-03-25T09:51:13+00:00","dateModified":"2022-02-09T10:10:07+00:00","description":"Secondo il DigiBarometer, solo il 38% delle PMI dichiara che il proprio consiglio di amministrazione ha una conoscenza sufficiente della trasformazione digitale.","breadcrumb":{"@id":"https:\/\/www.organisator.ch\/sustainability\/2019-03-25\/digibarometer-2018-ueber-verwaltungsratkompetenzen\/#breadcrumb"},"inLanguage":"it-IT","potentialAction":[{"@type":"ReadAction","target":["https:\/\/www.organisator.ch\/sustainability\/2019-03-25\/digibarometer-2018-ueber-verwaltungsratkompetenzen\/"]}]},{"@type":"ImageObject","inLanguage":"it-IT","@id":"https:\/\/www.organisator.ch\/sustainability\/2019-03-25\/digibarometer-2018-ueber-verwaltungsratkompetenzen\/#primaryimage","url":"https:\/\/www.organisator.ch\/wp-content\/uploads\/2019\/03\/DigiBarometer_Cover-scaled.jpg","contentUrl":"https:\/\/www.organisator.ch\/wp-content\/uploads\/2019\/03\/DigiBarometer_Cover-scaled.jpg","width":2560,"height":1707,"caption":"Auch in VR-Bereichen Im Umweltsektor braucht es gr\u00f6ssere Anstrengungen. (Bild zVg)"},{"@type":"BreadcrumbList","@id":"https:\/\/www.organisator.ch\/sustainability\/2019-03-25\/digibarometer-2018-ueber-verwaltungsratkompetenzen\/#breadcrumb","itemListElement":[{"@type":"ListItem","position":1,"name":"Home","item":"https:\/\/www.organisator.ch\/"},{"@type":"ListItem","position":2,"name":"DigiBarometer 2018 \u00fcber Verwaltungsratkompetenzen"}]},{"@type":"WebSite","@id":"https:\/\/www.organisator.ch\/#website","url":"https:\/\/www.organisator.ch\/","name":"Organizzatore","description":"Competente. Pratico. In 10 numeri all'anno, ORGANISATOR presenta i temi essenziali per i manager delle PMI.","publisher":{"@id":"https:\/\/www.organisator.ch\/#organization"},"potentialAction":[{"@type":"SearchAction","target":{"@type":"EntryPoint","urlTemplate":"https:\/\/www.organisator.ch\/?s={search_term_string}"},"query-input":{"@type":"PropertyValueSpecification","valueRequired":true,"valueName":"search_term_string"}}],"inLanguage":"it-IT"},{"@type":"Organization","@id":"https:\/\/www.organisator.ch\/#organization","name":"Organizzatore","url":"https:\/\/www.organisator.ch\/","logo":{"@type":"ImageObject","inLanguage":"it-IT","@id":"https:\/\/www.organisator.ch\/#\/schema\/logo\/image\/","url":"https:\/\/www.organisator.ch\/wp-content\/uploads\/2022\/01\/Logo_Organisator_Website.png","contentUrl":"https:\/\/www.organisator.ch\/wp-content\/uploads\/2022\/01\/Logo_Organisator_Website.png","width":800,"height":77,"caption":"Organisator"},"image":{"@id":"https:\/\/www.organisator.ch\/#\/schema\/logo\/image\/"},"sameAs":["https:\/\/www.facebook.com\/OrganisatorFachmagazin","https:\/\/www.linkedin.com\/showcase\/organisator-das-magazin-fr-kmu","https:\/\/www.xing.com\/news\/pages\/organisator-ch-695","https:\/\/www.youtube.com\/channel\/UCGP2Sq0iWaZwT3BdIAQFYpw"]},{"@type":"Person","@id":"https:\/\/www.organisator.ch\/#\/schema\/person\/134708ca9321c57b0362cceb7948ffbd","name":"michael.merz","image":{"@type":"ImageObject","inLanguage":"it-IT","@id":"https:\/\/secure.gravatar.com\/avatar\/?s=96&d=mm&r=g","url":"https:\/\/secure.gravatar.com\/avatar\/?s=96&d=mm&r=g","contentUrl":"https:\/\/secure.gravatar.com\/avatar\/?s=96&d=mm&r=g","caption":"michael.merz"},"url":"https:\/\/www.organisator.ch\/it\/author\/michael-merz\/"}]}},"_links":{"self":[{"href":"https:\/\/www.organisator.ch\/it\/wp-json\/wp\/v2\/posts\/10078","targetHints":{"allow":["GET"]}}],"collection":[{"href":"https:\/\/www.organisator.ch\/it\/wp-json\/wp\/v2\/posts"}],"about":[{"href":"https:\/\/www.organisator.ch\/it\/wp-json\/wp\/v2\/types\/post"}],"author":[{"embeddable":true,"href":"https:\/\/www.organisator.ch\/it\/wp-json\/wp\/v2\/users\/5"}],"replies":[{"embeddable":true,"href":"https:\/\/www.organisator.ch\/it\/wp-json\/wp\/v2\/comments?post=10078"}],"version-history":[{"count":1,"href":"https:\/\/www.organisator.ch\/it\/wp-json\/wp\/v2\/posts\/10078\/revisions"}],"predecessor-version":[{"id":10907,"href":"https:\/\/www.organisator.ch\/it\/wp-json\/wp\/v2\/posts\/10078\/revisions\/10907"}],"wp:featuredmedia":[{"embeddable":true,"href":"https:\/\/www.organisator.ch\/it\/wp-json\/wp\/v2\/media\/9596"}],"wp:attachment":[{"href":"https:\/\/www.organisator.ch\/it\/wp-json\/wp\/v2\/media?parent=10078"}],"wp:term":[{"taxonomy":"category","embeddable":true,"href":"https:\/\/www.organisator.ch\/it\/wp-json\/wp\/v2\/categories?post=10078"},{"taxonomy":"post_tag","embeddable":true,"href":"https:\/\/www.organisator.ch\/it\/wp-json\/wp\/v2\/tags?post=10078"}],"curies":[{"name":"wp","href":"https:\/\/api.w.org\/{rel}","templated":true}]}}