{"id":10080,"date":"2019-04-05T12:46:09","date_gmt":"2019-04-05T10:46:09","guid":{"rendered":"https:\/\/www.umweltperspektiven.ch\/?p=2094"},"modified":"2022-02-09T11:05:36","modified_gmt":"2022-02-09T10:05:36","slug":"kreislauf-und-recycling-wirtschaft-wo-steht-die-schweiz","status":"publish","type":"post","link":"https:\/\/www.organisator.ch\/it\/sustainability\/2019-04-05\/kreislauf-und-recycling-wirtschaft-wo-steht-die-schweiz\/","title":{"rendered":"Economia circolare e di riciclaggio, a che punto \u00e8 la Svizzera?"},"content":{"rendered":"<figure id=\"attachment_2097\" aria-describedby=\"caption-attachment-2097\" style=\"width: 680px\" class=\"wp-caption alignnone\"><img loading=\"lazy\" decoding=\"async\" class=\"wp-image-2097 size-medium\" src=\"\/\/www.umweltperspektiven.ch\/wp-content\/uploads\/2019\/04\/photo0jpg.jpg\" alt=\"\" width=\"680\" height=\"510\" \/><figcaption id=\"caption-attachment-2097\" class=\"wp-caption-text\">Anche la Svizzera si sta impegnando per l'economia circolare. Parte quindi dal lato pi\u00f9 soleggiato di molti paesi dell'UE.<\/figcaption><\/figure>\n<p>Il 2 aprile 2019 ha avuto luogo il primo incontro di esperti di economia circolare e di riciclaggio della Svizzera e dell'UE. L'UE ha presentato l'ambizioso \"Pacchetto economia circolare 2030\". Contiene varie misure per prevenire i rifiuti, migliorare la riciclabilit\u00e0 dei prodotti e promuovere lo sviluppo di sistemi di raccolta e riciclaggio. L'obiettivo \u00e8 la transizione dell'economia verso un'economia circolare. Se il pi\u00f9 importante partner commerciale della Svizzera fa dei cambiamenti cos\u00ec fondamentali nel suo spazio economico, anche la Svizzera dovr\u00e0 affrontare questi cambiamenti.<\/p>\n<p>Esperti di riciclaggio dell'UE e della Svizzera hanno discusso le sfide e le conseguenze di questa nuova strategia dell'UE per l'industria svizzera al primo incontro di esperti della piattaforma \"Swiss Circular Economy Hub\". Patrik Geisselhardt, amministratore delegato di Swiss Recycling, era soddisfatto dell'inizio positivo: \"<em>Il \"Pacchetto Economia Circolare 2030\" cambier\u00e0 la nostra economia pi\u00f9 di quanto molti pensino. Sono molto felice che possiamo iniziare il dialogo in questa fase iniziale per favorire lo scambio di conoscenze e idee.<\/em>\"<\/p>\n<p><strong>La Svizzera in una buona posizione di partenza<\/strong><br \/>\nAnche la Svizzera si sta impegnando per l'economia circolare. Tuttavia, parte da una posizione migliore di molti paesi dell'UE. Molti materiali riciclabili sono gi\u00e0 raccolti separatamente in Svizzera e riciclati ad alto livello. I principi guida del dialogo sulle risorse forniscono un quadro di riferimento. Funziona anche la cooperazione tra il settore pubblico, l'industria del riciclaggio, i produttori di prodotti e il commercio al dettaglio. Il design del prodotto, o design per il riciclaggio, \u00e8 essenziale per ulteriori passi verso un'economia circolare. Questo significa che i prodotti e gli imballaggi devono essere progettati in modo da poter essere riciclati nel modo pi\u00f9 ottimale possibile alla fine del loro ciclo di vita.<\/p>\n<p>Swiss Recycling e Drehscheibe Kreislaufwirtschaft Schweiz:<br \/>\nSwiss Recycling \u00e8 l'organizzazione ombrello dei sistemi di riciclaggio svizzeri. Con il \"Drehscheibe Kreislaufwirtschaft Schweiz\" (Swiss Circular Economy Hub), Swiss Recycling crea una piattaforma per organizzazioni impegnate che sviluppano soluzioni concrete per un'economia pi\u00f9 circolare. Tra le altre cose, si stanno sviluppando indicatori di riciclaggio sostenibile invece di semplici quote di raccolta, in modo che l'economia circolare possa essere misurata in modo olistico. Il design per il riciclaggio sar\u00e0 ottimizzato attraverso le raccomandazioni settoriali delle industrie interessate, il che permetter\u00e0 anche di migliorare ulteriormente l'uso di materiali riciclati. Infine, la conoscenza necessaria \u00e8 presentata e condivisa in un modo che \u00e8 appropriato per il gruppo target.<\/p>\n<p><em>Altri link<\/em><\/p>\n<ul>\n<li><a href=\"\/\/www.circular-economy.swiss\">www.circular-economy.swiss<\/a><\/li>\n<li><a href=\"\/\/www.swissrecycling.ch\">www.swissrecycling.ch<\/a><\/li>\n<li><a href=\"\/\/www.ressourcentrialog.ch\">www.ressourcentrialog.ch<\/a><\/li>\n<\/ul>\n<p>&nbsp;<\/p>\n<p>&nbsp;<\/p>","protected":false},"excerpt":{"rendered":"<p>Am 2. April 2019 fand das erste Treffen von Kreislauf- und Recycling-Experten aus der Schweiz und der EU statt. Die EU hat das ambitionierte \u00abKreislaufwirtschaftspaket 2030\u00bb vorgelegt. Darin enthalten sind verschiedene Massnahmen, um Abf\u00e4lle zu vermeiden, die Rezyklierf\u00e4higkeit von Produkten zu verbessern und den Aufbau von Sammel- und Recyclingsystemen zu f\u00f6rdern. Ziel ist, dass die [&hellip;]<\/p>\n","protected":false},"author":5,"featured_media":9599,"comment_status":"open","ping_status":"open","sticky":false,"template":"","format":"standard","meta":{"_acf_changed":false,"_yoast_wpseo_focuskw":"Kreislauf- und Recycling","_yoast_wpseo_metadesc":"Die Kreislauf- und Recycling-Wirtschaft erh\u00e4lt Aufwind durch die \u00abDrehscheibe Kreislaufwirtschaft Schweiz\u00bb, sich auch mit EU-Experten austauscht.","articlekey":"","footnotes":""},"categories":[580],"tags":[1132,594,424],"class_list":["post-10080","post","type-post","status-publish","format-standard","has-post-thumbnail","hentry","category-sustainability","tag-eu","tag-kreislaufwirtschaft","tag-schweiz"],"acf":[],"yoast_head":"<!-- This site is optimized with the Yoast SEO plugin v27.5 - https:\/\/yoast.com\/product\/yoast-seo-wordpress\/ -->\n<title>Kreislauf- und Recycling-Wirtschaft, wo steht die Schweiz? - Organisator<\/title>\n<meta name=\"description\" content=\"Die Kreislauf- und Recycling-Wirtschaft erh\u00e4lt Aufwind durch die \u00abDrehscheibe Kreislaufwirtschaft Schweiz\u00bb, sich auch mit EU-Experten austauscht.\" \/>\n<meta name=\"robots\" content=\"index, follow, max-snippet:-1, max-image-preview:large, max-video-preview:-1\" \/>\n<link rel=\"canonical\" href=\"https:\/\/www.organisator.ch\/it\/sostenibilita\/2019-04-05\/kreislauf-und-recycling-wirtschaft-wo-steht-die-schweiz\/\" \/>\n<meta property=\"og:locale\" content=\"it_IT\" \/>\n<meta property=\"og:type\" content=\"article\" \/>\n<meta property=\"og:title\" content=\"Kreislauf- und Recycling-Wirtschaft, wo steht die Schweiz? - Organisator\" \/>\n<meta property=\"og:description\" content=\"Die Kreislauf- und Recycling-Wirtschaft erh\u00e4lt Aufwind durch die \u00abDrehscheibe Kreislaufwirtschaft Schweiz\u00bb, sich auch mit EU-Experten austauscht.\" \/>\n<meta property=\"og:url\" content=\"https:\/\/www.organisator.ch\/it\/sostenibilita\/2019-04-05\/kreislauf-und-recycling-wirtschaft-wo-steht-die-schweiz\/\" \/>\n<meta property=\"og:site_name\" content=\"Organisator\" \/>\n<meta property=\"article:publisher\" content=\"https:\/\/www.facebook.com\/OrganisatorFachmagazin\" \/>\n<meta property=\"article:published_time\" content=\"2019-04-05T10:46:09+00:00\" \/>\n<meta property=\"article:modified_time\" content=\"2022-02-09T10:05:36+00:00\" \/>\n<meta property=\"og:image\" content=\"https:\/\/www.organisator.ch\/wp-content\/uploads\/2019\/04\/photo0jpg.jpg\" \/>\n\t<meta property=\"og:image:width\" content=\"2048\" \/>\n\t<meta property=\"og:image:height\" content=\"1536\" \/>\n\t<meta property=\"og:image:type\" content=\"image\/jpeg\" \/>\n<meta name=\"author\" content=\"michael.merz\" \/>\n<meta name=\"twitter:card\" content=\"summary_large_image\" \/>\n<script type=\"application\/ld+json\" class=\"yoast-schema-graph\">{\"@context\":\"https:\\\/\\\/schema.org\",\"@graph\":[{\"@type\":\"Article\",\"@id\":\"https:\\\/\\\/www.organisator.ch\\\/sustainability\\\/2019-04-05\\\/kreislauf-und-recycling-wirtschaft-wo-steht-die-schweiz\\\/#article\",\"isPartOf\":{\"@id\":\"https:\\\/\\\/www.organisator.ch\\\/sustainability\\\/2019-04-05\\\/kreislauf-und-recycling-wirtschaft-wo-steht-die-schweiz\\\/\"},\"author\":{\"name\":\"michael.merz\",\"@id\":\"https:\\\/\\\/www.organisator.ch\\\/#\\\/schema\\\/person\\\/134708ca9321c57b0362cceb7948ffbd\"},\"headline\":\"Kreislauf- und Recycling-Wirtschaft, wo steht die Schweiz?\",\"datePublished\":\"2019-04-05T10:46:09+00:00\",\"dateModified\":\"2022-02-09T10:05:36+00:00\",\"mainEntityOfPage\":{\"@id\":\"https:\\\/\\\/www.organisator.ch\\\/sustainability\\\/2019-04-05\\\/kreislauf-und-recycling-wirtschaft-wo-steht-die-schweiz\\\/\"},\"wordCount\":381,\"commentCount\":0,\"publisher\":{\"@id\":\"https:\\\/\\\/www.organisator.ch\\\/#organization\"},\"image\":{\"@id\":\"https:\\\/\\\/www.organisator.ch\\\/sustainability\\\/2019-04-05\\\/kreislauf-und-recycling-wirtschaft-wo-steht-die-schweiz\\\/#primaryimage\"},\"thumbnailUrl\":\"https:\\\/\\\/www.organisator.ch\\\/wp-content\\\/uploads\\\/2019\\\/04\\\/photo0jpg.jpg\",\"keywords\":[\"EU\",\"Kreislaufwirtschaft\",\"Schweiz\"],\"articleSection\":[\"SUSTAINABILITY\"],\"inLanguage\":\"it-IT\"},{\"@type\":\"WebPage\",\"@id\":\"https:\\\/\\\/www.organisator.ch\\\/sustainability\\\/2019-04-05\\\/kreislauf-und-recycling-wirtschaft-wo-steht-die-schweiz\\\/\",\"url\":\"https:\\\/\\\/www.organisator.ch\\\/sustainability\\\/2019-04-05\\\/kreislauf-und-recycling-wirtschaft-wo-steht-die-schweiz\\\/\",\"name\":\"Kreislauf- und Recycling-Wirtschaft, wo steht die Schweiz? - Organisator\",\"isPartOf\":{\"@id\":\"https:\\\/\\\/www.organisator.ch\\\/#website\"},\"primaryImageOfPage\":{\"@id\":\"https:\\\/\\\/www.organisator.ch\\\/sustainability\\\/2019-04-05\\\/kreislauf-und-recycling-wirtschaft-wo-steht-die-schweiz\\\/#primaryimage\"},\"image\":{\"@id\":\"https:\\\/\\\/www.organisator.ch\\\/sustainability\\\/2019-04-05\\\/kreislauf-und-recycling-wirtschaft-wo-steht-die-schweiz\\\/#primaryimage\"},\"thumbnailUrl\":\"https:\\\/\\\/www.organisator.ch\\\/wp-content\\\/uploads\\\/2019\\\/04\\\/photo0jpg.jpg\",\"datePublished\":\"2019-04-05T10:46:09+00:00\",\"dateModified\":\"2022-02-09T10:05:36+00:00\",\"description\":\"Die Kreislauf- und Recycling-Wirtschaft erh\u00e4lt Aufwind durch die \u00abDrehscheibe Kreislaufwirtschaft Schweiz\u00bb, sich auch mit EU-Experten austauscht.\",\"breadcrumb\":{\"@id\":\"https:\\\/\\\/www.organisator.ch\\\/sustainability\\\/2019-04-05\\\/kreislauf-und-recycling-wirtschaft-wo-steht-die-schweiz\\\/#breadcrumb\"},\"inLanguage\":\"it-IT\",\"potentialAction\":[{\"@type\":\"ReadAction\",\"target\":[\"https:\\\/\\\/www.organisator.ch\\\/sustainability\\\/2019-04-05\\\/kreislauf-und-recycling-wirtschaft-wo-steht-die-schweiz\\\/\"]}]},{\"@type\":\"ImageObject\",\"inLanguage\":\"it-IT\",\"@id\":\"https:\\\/\\\/www.organisator.ch\\\/sustainability\\\/2019-04-05\\\/kreislauf-und-recycling-wirtschaft-wo-steht-die-schweiz\\\/#primaryimage\",\"url\":\"https:\\\/\\\/www.organisator.ch\\\/wp-content\\\/uploads\\\/2019\\\/04\\\/photo0jpg.jpg\",\"contentUrl\":\"https:\\\/\\\/www.organisator.ch\\\/wp-content\\\/uploads\\\/2019\\\/04\\\/photo0jpg.jpg\",\"width\":2048,\"height\":1536,\"caption\":\"Auch die Schweiz strebt die Kreislaufwirtschaft an. Sie startet jedoch aus einer besseren Ausgangslage als viele EU-L\u00e4nder.\"},{\"@type\":\"BreadcrumbList\",\"@id\":\"https:\\\/\\\/www.organisator.ch\\\/sustainability\\\/2019-04-05\\\/kreislauf-und-recycling-wirtschaft-wo-steht-die-schweiz\\\/#breadcrumb\",\"itemListElement\":[{\"@type\":\"ListItem\",\"position\":1,\"name\":\"Home\",\"item\":\"https:\\\/\\\/www.organisator.ch\\\/\"},{\"@type\":\"ListItem\",\"position\":2,\"name\":\"Kreislauf- und Recycling-Wirtschaft, wo steht die Schweiz?\"}]},{\"@type\":\"WebSite\",\"@id\":\"https:\\\/\\\/www.organisator.ch\\\/#website\",\"url\":\"https:\\\/\\\/www.organisator.ch\\\/\",\"name\":\"Organisator\",\"description\":\"Kompetent. Praxisnah. Der ORGANISATOR bereitet in 10 Ausgaben pro Jahr die wesentlichen Themen f\u00fcr F\u00fchrungskr\u00e4fte von KMU auf.\",\"publisher\":{\"@id\":\"https:\\\/\\\/www.organisator.ch\\\/#organization\"},\"potentialAction\":[{\"@type\":\"SearchAction\",\"target\":{\"@type\":\"EntryPoint\",\"urlTemplate\":\"https:\\\/\\\/www.organisator.ch\\\/?s={search_term_string}\"},\"query-input\":{\"@type\":\"PropertyValueSpecification\",\"valueRequired\":true,\"valueName\":\"search_term_string\"}}],\"inLanguage\":\"it-IT\"},{\"@type\":\"Organization\",\"@id\":\"https:\\\/\\\/www.organisator.ch\\\/#organization\",\"name\":\"Organisator\",\"url\":\"https:\\\/\\\/www.organisator.ch\\\/\",\"logo\":{\"@type\":\"ImageObject\",\"inLanguage\":\"it-IT\",\"@id\":\"https:\\\/\\\/www.organisator.ch\\\/#\\\/schema\\\/logo\\\/image\\\/\",\"url\":\"https:\\\/\\\/www.organisator.ch\\\/wp-content\\\/uploads\\\/2022\\\/01\\\/Logo_Organisator_Website.png\",\"contentUrl\":\"https:\\\/\\\/www.organisator.ch\\\/wp-content\\\/uploads\\\/2022\\\/01\\\/Logo_Organisator_Website.png\",\"width\":800,\"height\":77,\"caption\":\"Organisator\"},\"image\":{\"@id\":\"https:\\\/\\\/www.organisator.ch\\\/#\\\/schema\\\/logo\\\/image\\\/\"},\"sameAs\":[\"https:\\\/\\\/www.facebook.com\\\/OrganisatorFachmagazin\",\"https:\\\/\\\/www.linkedin.com\\\/showcase\\\/organisator-das-magazin-fr-kmu\",\"https:\\\/\\\/www.xing.com\\\/news\\\/pages\\\/organisator-ch-695\",\"https:\\\/\\\/www.youtube.com\\\/channel\\\/UCGP2Sq0iWaZwT3BdIAQFYpw\"]},{\"@type\":\"Person\",\"@id\":\"https:\\\/\\\/www.organisator.ch\\\/#\\\/schema\\\/person\\\/134708ca9321c57b0362cceb7948ffbd\",\"name\":\"michael.merz\",\"image\":{\"@type\":\"ImageObject\",\"inLanguage\":\"it-IT\",\"@id\":\"https:\\\/\\\/secure.gravatar.com\\\/avatar\\\/?s=96&d=mm&r=g\",\"url\":\"https:\\\/\\\/secure.gravatar.com\\\/avatar\\\/?s=96&d=mm&r=g\",\"contentUrl\":\"https:\\\/\\\/secure.gravatar.com\\\/avatar\\\/?s=96&d=mm&r=g\",\"caption\":\"michael.merz\"},\"url\":\"https:\\\/\\\/www.organisator.ch\\\/it\\\/author\\\/michael-merz\\\/\"}]}<\/script>\n<!-- \/ Yoast SEO plugin. -->","yoast_head_json":{"title":"Economia circolare e del riciclo, a che punto \u00e8 la Svizzera? - Organizzatore","description":"L'economia circolare e del riciclo riceve un impulso dalla \"Drehscheibe Kreislaufwirtschaft Schweiz\", che scambia anche informazioni con gli esperti dell'UE.","robots":{"index":"index","follow":"follow","max-snippet":"max-snippet:-1","max-image-preview":"max-image-preview:large","max-video-preview":"max-video-preview:-1"},"canonical":"https:\/\/www.organisator.ch\/it\/sostenibilita\/2019-04-05\/kreislauf-und-recycling-wirtschaft-wo-steht-die-schweiz\/","og_locale":"it_IT","og_type":"article","og_title":"Kreislauf- und Recycling-Wirtschaft, wo steht die Schweiz? - Organisator","og_description":"Die Kreislauf- und Recycling-Wirtschaft erh\u00e4lt Aufwind durch die \u00abDrehscheibe Kreislaufwirtschaft Schweiz\u00bb, sich auch mit EU-Experten austauscht.","og_url":"https:\/\/www.organisator.ch\/it\/sostenibilita\/2019-04-05\/kreislauf-und-recycling-wirtschaft-wo-steht-die-schweiz\/","og_site_name":"Organisator","article_publisher":"https:\/\/www.facebook.com\/OrganisatorFachmagazin","article_published_time":"2019-04-05T10:46:09+00:00","article_modified_time":"2022-02-09T10:05:36+00:00","og_image":[{"width":2048,"height":1536,"url":"https:\/\/www.organisator.ch\/wp-content\/uploads\/2019\/04\/photo0jpg.jpg","type":"image\/jpeg"}],"author":"michael.merz","twitter_card":"summary_large_image","schema":{"@context":"https:\/\/schema.org","@graph":[{"@type":"Article","@id":"https:\/\/www.organisator.ch\/sustainability\/2019-04-05\/kreislauf-und-recycling-wirtschaft-wo-steht-die-schweiz\/#article","isPartOf":{"@id":"https:\/\/www.organisator.ch\/sustainability\/2019-04-05\/kreislauf-und-recycling-wirtschaft-wo-steht-die-schweiz\/"},"author":{"name":"michael.merz","@id":"https:\/\/www.organisator.ch\/#\/schema\/person\/134708ca9321c57b0362cceb7948ffbd"},"headline":"Kreislauf- und Recycling-Wirtschaft, wo steht die Schweiz?","datePublished":"2019-04-05T10:46:09+00:00","dateModified":"2022-02-09T10:05:36+00:00","mainEntityOfPage":{"@id":"https:\/\/www.organisator.ch\/sustainability\/2019-04-05\/kreislauf-und-recycling-wirtschaft-wo-steht-die-schweiz\/"},"wordCount":381,"commentCount":0,"publisher":{"@id":"https:\/\/www.organisator.ch\/#organization"},"image":{"@id":"https:\/\/www.organisator.ch\/sustainability\/2019-04-05\/kreislauf-und-recycling-wirtschaft-wo-steht-die-schweiz\/#primaryimage"},"thumbnailUrl":"https:\/\/www.organisator.ch\/wp-content\/uploads\/2019\/04\/photo0jpg.jpg","keywords":["EU","Kreislaufwirtschaft","Schweiz"],"articleSection":["SUSTAINABILITY"],"inLanguage":"it-IT"},{"@type":"WebPage","@id":"https:\/\/www.organisator.ch\/sustainability\/2019-04-05\/kreislauf-und-recycling-wirtschaft-wo-steht-die-schweiz\/","url":"https:\/\/www.organisator.ch\/sustainability\/2019-04-05\/kreislauf-und-recycling-wirtschaft-wo-steht-die-schweiz\/","name":"Economia circolare e del riciclo, a che punto \u00e8 la Svizzera? - Organizzatore","isPartOf":{"@id":"https:\/\/www.organisator.ch\/#website"},"primaryImageOfPage":{"@id":"https:\/\/www.organisator.ch\/sustainability\/2019-04-05\/kreislauf-und-recycling-wirtschaft-wo-steht-die-schweiz\/#primaryimage"},"image":{"@id":"https:\/\/www.organisator.ch\/sustainability\/2019-04-05\/kreislauf-und-recycling-wirtschaft-wo-steht-die-schweiz\/#primaryimage"},"thumbnailUrl":"https:\/\/www.organisator.ch\/wp-content\/uploads\/2019\/04\/photo0jpg.jpg","datePublished":"2019-04-05T10:46:09+00:00","dateModified":"2022-02-09T10:05:36+00:00","description":"L'economia circolare e del riciclo riceve un impulso dalla \"Drehscheibe Kreislaufwirtschaft Schweiz\", che scambia anche informazioni con gli esperti dell'UE.","breadcrumb":{"@id":"https:\/\/www.organisator.ch\/sustainability\/2019-04-05\/kreislauf-und-recycling-wirtschaft-wo-steht-die-schweiz\/#breadcrumb"},"inLanguage":"it-IT","potentialAction":[{"@type":"ReadAction","target":["https:\/\/www.organisator.ch\/sustainability\/2019-04-05\/kreislauf-und-recycling-wirtschaft-wo-steht-die-schweiz\/"]}]},{"@type":"ImageObject","inLanguage":"it-IT","@id":"https:\/\/www.organisator.ch\/sustainability\/2019-04-05\/kreislauf-und-recycling-wirtschaft-wo-steht-die-schweiz\/#primaryimage","url":"https:\/\/www.organisator.ch\/wp-content\/uploads\/2019\/04\/photo0jpg.jpg","contentUrl":"https:\/\/www.organisator.ch\/wp-content\/uploads\/2019\/04\/photo0jpg.jpg","width":2048,"height":1536,"caption":"Auch die Schweiz strebt die Kreislaufwirtschaft an. Sie startet jedoch aus einer besseren Ausgangslage als viele EU-L\u00e4nder."},{"@type":"BreadcrumbList","@id":"https:\/\/www.organisator.ch\/sustainability\/2019-04-05\/kreislauf-und-recycling-wirtschaft-wo-steht-die-schweiz\/#breadcrumb","itemListElement":[{"@type":"ListItem","position":1,"name":"Home","item":"https:\/\/www.organisator.ch\/"},{"@type":"ListItem","position":2,"name":"Kreislauf- und Recycling-Wirtschaft, wo steht die Schweiz?"}]},{"@type":"WebSite","@id":"https:\/\/www.organisator.ch\/#website","url":"https:\/\/www.organisator.ch\/","name":"Organizzatore","description":"Competente. Pratico. In 10 numeri all'anno, ORGANISATOR presenta i temi essenziali per i manager delle PMI.","publisher":{"@id":"https:\/\/www.organisator.ch\/#organization"},"potentialAction":[{"@type":"SearchAction","target":{"@type":"EntryPoint","urlTemplate":"https:\/\/www.organisator.ch\/?s={search_term_string}"},"query-input":{"@type":"PropertyValueSpecification","valueRequired":true,"valueName":"search_term_string"}}],"inLanguage":"it-IT"},{"@type":"Organization","@id":"https:\/\/www.organisator.ch\/#organization","name":"Organizzatore","url":"https:\/\/www.organisator.ch\/","logo":{"@type":"ImageObject","inLanguage":"it-IT","@id":"https:\/\/www.organisator.ch\/#\/schema\/logo\/image\/","url":"https:\/\/www.organisator.ch\/wp-content\/uploads\/2022\/01\/Logo_Organisator_Website.png","contentUrl":"https:\/\/www.organisator.ch\/wp-content\/uploads\/2022\/01\/Logo_Organisator_Website.png","width":800,"height":77,"caption":"Organisator"},"image":{"@id":"https:\/\/www.organisator.ch\/#\/schema\/logo\/image\/"},"sameAs":["https:\/\/www.facebook.com\/OrganisatorFachmagazin","https:\/\/www.linkedin.com\/showcase\/organisator-das-magazin-fr-kmu","https:\/\/www.xing.com\/news\/pages\/organisator-ch-695","https:\/\/www.youtube.com\/channel\/UCGP2Sq0iWaZwT3BdIAQFYpw"]},{"@type":"Person","@id":"https:\/\/www.organisator.ch\/#\/schema\/person\/134708ca9321c57b0362cceb7948ffbd","name":"michael.merz","image":{"@type":"ImageObject","inLanguage":"it-IT","@id":"https:\/\/secure.gravatar.com\/avatar\/?s=96&d=mm&r=g","url":"https:\/\/secure.gravatar.com\/avatar\/?s=96&d=mm&r=g","contentUrl":"https:\/\/secure.gravatar.com\/avatar\/?s=96&d=mm&r=g","caption":"michael.merz"},"url":"https:\/\/www.organisator.ch\/it\/author\/michael-merz\/"}]}},"_links":{"self":[{"href":"https:\/\/www.organisator.ch\/it\/wp-json\/wp\/v2\/posts\/10080","targetHints":{"allow":["GET"]}}],"collection":[{"href":"https:\/\/www.organisator.ch\/it\/wp-json\/wp\/v2\/posts"}],"about":[{"href":"https:\/\/www.organisator.ch\/it\/wp-json\/wp\/v2\/types\/post"}],"author":[{"embeddable":true,"href":"https:\/\/www.organisator.ch\/it\/wp-json\/wp\/v2\/users\/5"}],"replies":[{"embeddable":true,"href":"https:\/\/www.organisator.ch\/it\/wp-json\/wp\/v2\/comments?post=10080"}],"version-history":[{"count":1,"href":"https:\/\/www.organisator.ch\/it\/wp-json\/wp\/v2\/posts\/10080\/revisions"}],"predecessor-version":[{"id":10411,"href":"https:\/\/www.organisator.ch\/it\/wp-json\/wp\/v2\/posts\/10080\/revisions\/10411"}],"wp:featuredmedia":[{"embeddable":true,"href":"https:\/\/www.organisator.ch\/it\/wp-json\/wp\/v2\/media\/9599"}],"wp:attachment":[{"href":"https:\/\/www.organisator.ch\/it\/wp-json\/wp\/v2\/media?parent=10080"}],"wp:term":[{"taxonomy":"category","embeddable":true,"href":"https:\/\/www.organisator.ch\/it\/wp-json\/wp\/v2\/categories?post=10080"},{"taxonomy":"post_tag","embeddable":true,"href":"https:\/\/www.organisator.ch\/it\/wp-json\/wp\/v2\/tags?post=10080"}],"curies":[{"name":"wp","href":"https:\/\/api.w.org\/{rel}","templated":true}]}}