{"id":10081,"date":"2019-04-24T15:43:12","date_gmt":"2019-04-24T13:43:12","guid":{"rendered":"https:\/\/www.umweltperspektiven.ch\/?p=2113"},"modified":"2022-02-09T11:06:53","modified_gmt":"2022-02-09T10:06:53","slug":"klimastiftung-schweiz-mit-rekordjahr","status":"publish","type":"post","link":"https:\/\/www.organisator.ch\/it\/sustainability\/2019-04-24\/klimastiftung-schweiz-mit-rekordjahr\/","title":{"rendered":"Fondazione svizzera per il clima con un anno record"},"content":{"rendered":"<figure id=\"attachment_2114\" aria-describedby=\"caption-attachment-2114\" style=\"width: 680px\" class=\"wp-caption alignnone\"><img loading=\"lazy\" decoding=\"async\" class=\"size-medium wp-image-2114\" src=\"\/\/www.umweltperspektiven.ch\/wp-content\/uploads\/2019\/04\/Klimastiftung_Schweiz.jpg\" alt=\"\" width=\"680\" height=\"510\" \/><figcaption id=\"caption-attachment-2114\" class=\"wp-caption-text\">La Fondazione \u00e8 in una buona posizione finanziaria e pu\u00f2 aumentare la sua efficacia grazie alle sue 27 aziende partner. (Immagine: Fondazione svizzera per il clima)<\/figcaption><\/figure>\n<p>Estati secche, forti precipitazioni, pi\u00f9 giorni caldi e inverni con poca neve: Gli scenari climatici presentati dal Politecnico di Zurigo nel 2018 sono chiari. Mostrano con grande precisione geografica cosa significher\u00e0 il cambiamento climatico per la Svizzera: mentre l'orticoltore dovr\u00e0 innaffiare i suoi ortaggi nel 2060, il proprietario di casa sta gi\u00e0 evacuando la sua cantina a causa delle precipitazioni estreme.<\/p>\n<p>\"Ma il rapporto non presenta solo i pericoli incombenti\", dice Vincent Eckert, direttore esecutivo della Fondazione svizzera per il clima. \"Dimostra anche che il cambiamento climatico pu\u00f2 almeno essere mitigato con un'azione decisiva\".<\/p>\n<p><strong>L'importo dei finanziamenti \u00e8 aumentato di oltre un terzo<\/strong><\/p>\n<p>Sempre pi\u00f9 PMI svizzere e del Liechtenstein adottano misure per migliorare la protezione del clima. Nell'anno del suo anniversario, la fondazione \u00e8 stata in grado di fornire sostegno finanziario a circa 350 PMI. L'importo del finanziamento \u00e8 aumentato di 37% rispetto all'anno precedente. \"Specialmente nell'area dell'innovazione, le aziende ci stanno presentando sempre pi\u00f9 richieste di finanziamento\", nota Eckert. Se una PMI sviluppa un prodotto per la protezione del clima, pu\u00f2 chiedere un finanziamento alla Fondazione svizzera per il clima.<\/p>\n<p>Anche il numero di progetti di efficienza energetica \u00e8 aumentato: la Fondazione \u00e8 stata in grado di sostenere finanziariamente quasi 100 progetti con cui le PMI risparmiano energia nelle loro operazioni. La promozione della mobilit\u00e0 elettrica, tra l'altro, \u00e8 aumentata notevolmente in questo settore, come mostra il rapporto annuale della Fondazione svizzera per il clima pubblicato oggi.<\/p>\n<p><strong>Ben posizionato grazie alle aziende partner<\/strong><\/p>\n<p>La Fondazione continua e rafforza le sue attivit\u00e0 promozionali. Finanziariamente, \u00e8 ben posizionato e pu\u00f2 aumentare la sua efficacia grazie alle 27 aziende partner: I grandi fornitori di servizi della Svizzera e del Liechtenstein donano il loro rimborso netto dalla tassa sulle emissioni di CO2 alla fondazione comune. Gli accordi con le aziende partner durano attualmente fino alla fine del 2020. La Fondazione ha gi\u00e0 iniziato il processo strategico \"post 2020\".<\/p>\n<p>All'amministratore delegato Vincent Eckert piace guardare indietro a un anno di successo, \"ma preferiamo guardare ancora pi\u00f9 avanti, a un futuro che stiamo progettando insieme alle nostre aziende partner\".<\/p>\n<p>&nbsp;<\/p>\n<p><em>Sulla Fondazione svizzera per il clima<\/em><\/p>\n<p><em>Proteggere il clima. Rafforzare le PMI. Secondo questo motto, la Fondazione svizzera per il clima sostiene progetti di piccole e medie imprese (PMI) che contribuiscono alla protezione del clima. Dalla sua creazione nel 2008, la fondazione ha concesso finanziamenti per 20 milioni di franchi a pi\u00f9 di 1400 PMI in Svizzera e nel Principato del Liechtenstein.<\/em><\/p>\n<p><em>La Fondazione svizzera per il clima \u00e8 stata creata come fondazione indipendente e senza scopo di lucro. \u00c8 sotto la supervisione federale ed \u00e8 aperto alle aziende interessate che vogliono rafforzare la protezione del clima attraverso un uso efficiente e mirato della ridistribuzione della tassa di pilotaggio del CO2.<\/em><\/p>\n<p><em>Dal gennaio 2008, la legge sul CO2 impone un prelievo sui carburanti. Una parte del prelievo rifluisce nell'economia. Le grandi societ\u00e0 di servizi, in particolare, ricevono indietro pi\u00f9 di quanto hanno pagato. Le aziende partner della Fondazione svizzera per il clima utilizzano questo \"sconto netto\" per le misure di protezione del clima delle PMI svizzere e del Liechtenstein.<\/em><\/p>\n<p><em>I partner della Fondazione svizzera per il clima<\/em><\/p>\n<p><em>I fornitori di servizi svizzeri e del Liechtenstein Allianz Suisse, Alternative Bank Switzerland, AXA, Bank J. Safra Sarasin, ECA Vaud, Geb\u00e4udeversicherung Bern, Geb\u00e4udeversicherung Kanton Z\u00fcrich, Glarner Kantonalbank, Julius B\u00e4r, LGT, Liechtensteinische Landesbank, Man Investments, NewRe, PartnerRe, Pictet &amp; Cie, PwC Switzerland, Raiffeisen Switzerland, RobecoSAM, Sanitas Krankenversicherung, SAP (Schweiz) AG, SCOR, Swiss Life, Swiss Re, Vaudoise Assurances, Vontobel, VP Bank e AXA XL sono partner della Swiss Climate Foundation.<\/em><\/p>\n<p>&nbsp;<\/p>\n<p><em>Ulteriori informazioni: <a href=\"\/\/www.klimastiftung.ch\">www.klimastiftung.ch<\/a><\/em><\/p>\n<p>&nbsp;<\/p>\n<p>&nbsp;<\/p>\n<p>&nbsp;<\/p>\n<p>&nbsp;<\/p>\n<p>&nbsp;<\/p>\n<p>&nbsp;<\/p>\n<p>&nbsp;<\/p>\n<p>&nbsp;<\/p>\n<p>&nbsp;<\/p>\n<p>&nbsp;<\/p>\n<table width=\"100%\">\n<tbody>\n<tr>\n<td>\n<table width=\"100%\">\n<tbody>\n<tr>\n<td width=\"750\">\n<table style=\"height: 5px;\" width=\"1321\">\n<tbody>\n<tr>\n<td><\/td>\n<\/tr>\n<\/tbody>\n<\/table>\n<\/td>\n<\/tr>\n<\/tbody>\n<\/table>\n<\/td>\n<\/tr>\n<\/tbody>\n<\/table>\n<p>&nbsp;<\/p>\n<table width=\"100%\">\n<tbody>\n<tr>\n<td>\n<table width=\"100%\">\n<tbody>\n<tr>\n<td><\/td>\n<\/tr>\n<\/tbody>\n<\/table>\n<\/td>\n<\/tr>\n<\/tbody>\n<\/table>\n<table width=\"100%\">\n<tbody>\n<tr>\n<td>\n<table width=\"100%\">\n<tbody>\n<tr>\n<td width=\"750\">\n<table width=\"100%\">\n<tbody>\n<tr>\n<td><\/td>\n<\/tr>\n<\/tbody>\n<\/table>\n<\/td>\n<\/tr>\n<\/tbody>\n<\/table>\n<\/td>\n<\/tr>\n<\/tbody>\n<\/table>\n<p>&nbsp;<\/p>\n<p>&nbsp;<\/p>\n<p>&nbsp;<\/p>","protected":false},"excerpt":{"rendered":"<p>Trockene Sommer, heftige Niederschl\u00e4ge, mehr Hitzetage und schneearme Winter: Die Klimaszenarien, welche die ETH Z\u00fcrich 2018 vorstellte, sind eindeutig. Sie zeigen mit hoher geographischer Pr\u00e4zision, was der Klimawandel f\u00fcr die Schweiz bedeutet: W\u00e4hrend der Gem\u00fcsebauer im Jahr 2060 sein Gem\u00fcse bew\u00e4ssern muss, evakuiert die Hausbesitzerin schon wieder ihren Keller wegen Extrem-Niederschlags. \u00abDoch der Bericht stellt [&hellip;]<\/p>\n","protected":false},"author":5,"featured_media":9602,"comment_status":"open","ping_status":"open","sticky":false,"template":"","format":"standard","meta":{"_acf_changed":false,"_yoast_wpseo_focuskw":"Klimastiftung Schweiz","_yoast_wpseo_metadesc":"Das zehnte Jahr war das erfolgreichste in der Geschichte der Klimastiftung Schweiz: Sie konnte hochdotierte Klimaschutz-Projekte unterst\u00fctzen.","articlekey":"","footnotes":""},"categories":[580],"tags":[292,1526,301,455],"class_list":["post-10081","post","type-post","status-publish","format-standard","has-post-thumbnail","hentry","category-sustainability","tag-jubilaeum","tag-klimastiftung-schweiz","tag-kmu","tag-stiftung"],"acf":[],"yoast_head":"<!-- This site is optimized with the Yoast SEO plugin v27.5 - https:\/\/yoast.com\/product\/yoast-seo-wordpress\/ -->\n<title>Klimastiftung Schweiz mit Rekordjahr - Organisator<\/title>\n<meta name=\"description\" content=\"Das zehnte Jahr war das erfolgreichste in der Geschichte der Klimastiftung Schweiz: Sie konnte hochdotierte Klimaschutz-Projekte unterst\u00fctzen.\" \/>\n<meta name=\"robots\" content=\"index, follow, max-snippet:-1, max-image-preview:large, max-video-preview:-1\" \/>\n<link rel=\"canonical\" href=\"https:\/\/www.organisator.ch\/it\/sostenibilita\/2019-04-24\/klimastiftung-schweiz-mit-rekordjahr\/\" \/>\n<meta property=\"og:locale\" content=\"it_IT\" \/>\n<meta property=\"og:type\" content=\"article\" \/>\n<meta property=\"og:title\" content=\"Klimastiftung Schweiz mit Rekordjahr - Organisator\" \/>\n<meta property=\"og:description\" content=\"Das zehnte Jahr war das erfolgreichste in der Geschichte der Klimastiftung Schweiz: Sie konnte hochdotierte Klimaschutz-Projekte unterst\u00fctzen.\" \/>\n<meta property=\"og:url\" content=\"https:\/\/www.organisator.ch\/it\/sostenibilita\/2019-04-24\/klimastiftung-schweiz-mit-rekordjahr\/\" \/>\n<meta property=\"og:site_name\" content=\"Organisator\" \/>\n<meta property=\"article:publisher\" content=\"https:\/\/www.facebook.com\/OrganisatorFachmagazin\" \/>\n<meta property=\"article:published_time\" content=\"2019-04-24T13:43:12+00:00\" \/>\n<meta property=\"article:modified_time\" content=\"2022-02-09T10:06:53+00:00\" \/>\n<meta property=\"og:image\" content=\"https:\/\/www.organisator.ch\/wp-content\/uploads\/2019\/04\/Klimastiftung_Schweiz-scaled.jpg\" \/>\n\t<meta property=\"og:image:width\" content=\"2560\" \/>\n\t<meta property=\"og:image:height\" content=\"1919\" \/>\n\t<meta property=\"og:image:type\" content=\"image\/jpeg\" \/>\n<meta name=\"author\" content=\"michael.merz\" \/>\n<meta name=\"twitter:card\" content=\"summary_large_image\" \/>\n<script type=\"application\/ld+json\" class=\"yoast-schema-graph\">{\"@context\":\"https:\\\/\\\/schema.org\",\"@graph\":[{\"@type\":\"Article\",\"@id\":\"https:\\\/\\\/www.organisator.ch\\\/sustainability\\\/2019-04-24\\\/klimastiftung-schweiz-mit-rekordjahr\\\/#article\",\"isPartOf\":{\"@id\":\"https:\\\/\\\/www.organisator.ch\\\/sustainability\\\/2019-04-24\\\/klimastiftung-schweiz-mit-rekordjahr\\\/\"},\"author\":{\"name\":\"michael.merz\",\"@id\":\"https:\\\/\\\/www.organisator.ch\\\/#\\\/schema\\\/person\\\/134708ca9321c57b0362cceb7948ffbd\"},\"headline\":\"Klimastiftung Schweiz mit Rekordjahr\",\"datePublished\":\"2019-04-24T13:43:12+00:00\",\"dateModified\":\"2022-02-09T10:06:53+00:00\",\"mainEntityOfPage\":{\"@id\":\"https:\\\/\\\/www.organisator.ch\\\/sustainability\\\/2019-04-24\\\/klimastiftung-schweiz-mit-rekordjahr\\\/\"},\"wordCount\":592,\"commentCount\":0,\"publisher\":{\"@id\":\"https:\\\/\\\/www.organisator.ch\\\/#organization\"},\"image\":{\"@id\":\"https:\\\/\\\/www.organisator.ch\\\/sustainability\\\/2019-04-24\\\/klimastiftung-schweiz-mit-rekordjahr\\\/#primaryimage\"},\"thumbnailUrl\":\"https:\\\/\\\/www.organisator.ch\\\/wp-content\\\/uploads\\\/2019\\\/04\\\/Klimastiftung_Schweiz-scaled.jpg\",\"keywords\":[\"Jubil\u00e4um\",\"Klimastiftung Schweiz\",\"KMU\",\"Stiftung\"],\"articleSection\":[\"SUSTAINABILITY\"],\"inLanguage\":\"it-IT\"},{\"@type\":\"WebPage\",\"@id\":\"https:\\\/\\\/www.organisator.ch\\\/sustainability\\\/2019-04-24\\\/klimastiftung-schweiz-mit-rekordjahr\\\/\",\"url\":\"https:\\\/\\\/www.organisator.ch\\\/sustainability\\\/2019-04-24\\\/klimastiftung-schweiz-mit-rekordjahr\\\/\",\"name\":\"Klimastiftung Schweiz mit Rekordjahr - Organisator\",\"isPartOf\":{\"@id\":\"https:\\\/\\\/www.organisator.ch\\\/#website\"},\"primaryImageOfPage\":{\"@id\":\"https:\\\/\\\/www.organisator.ch\\\/sustainability\\\/2019-04-24\\\/klimastiftung-schweiz-mit-rekordjahr\\\/#primaryimage\"},\"image\":{\"@id\":\"https:\\\/\\\/www.organisator.ch\\\/sustainability\\\/2019-04-24\\\/klimastiftung-schweiz-mit-rekordjahr\\\/#primaryimage\"},\"thumbnailUrl\":\"https:\\\/\\\/www.organisator.ch\\\/wp-content\\\/uploads\\\/2019\\\/04\\\/Klimastiftung_Schweiz-scaled.jpg\",\"datePublished\":\"2019-04-24T13:43:12+00:00\",\"dateModified\":\"2022-02-09T10:06:53+00:00\",\"description\":\"Das zehnte Jahr war das erfolgreichste in der Geschichte der Klimastiftung Schweiz: Sie konnte hochdotierte Klimaschutz-Projekte unterst\u00fctzen.\",\"breadcrumb\":{\"@id\":\"https:\\\/\\\/www.organisator.ch\\\/sustainability\\\/2019-04-24\\\/klimastiftung-schweiz-mit-rekordjahr\\\/#breadcrumb\"},\"inLanguage\":\"it-IT\",\"potentialAction\":[{\"@type\":\"ReadAction\",\"target\":[\"https:\\\/\\\/www.organisator.ch\\\/sustainability\\\/2019-04-24\\\/klimastiftung-schweiz-mit-rekordjahr\\\/\"]}]},{\"@type\":\"ImageObject\",\"inLanguage\":\"it-IT\",\"@id\":\"https:\\\/\\\/www.organisator.ch\\\/sustainability\\\/2019-04-24\\\/klimastiftung-schweiz-mit-rekordjahr\\\/#primaryimage\",\"url\":\"https:\\\/\\\/www.organisator.ch\\\/wp-content\\\/uploads\\\/2019\\\/04\\\/Klimastiftung_Schweiz-scaled.jpg\",\"contentUrl\":\"https:\\\/\\\/www.organisator.ch\\\/wp-content\\\/uploads\\\/2019\\\/04\\\/Klimastiftung_Schweiz-scaled.jpg\",\"width\":2560,\"height\":1919,\"caption\":\"Finanziell ist die Stiftung gut aufgestellt und kann ihre Wirksamkeit vergr\u00f6ssern, dies dank ihrer 27 Partnerfirmen. (Bild: Klimastiftung Schweiz)\"},{\"@type\":\"BreadcrumbList\",\"@id\":\"https:\\\/\\\/www.organisator.ch\\\/sustainability\\\/2019-04-24\\\/klimastiftung-schweiz-mit-rekordjahr\\\/#breadcrumb\",\"itemListElement\":[{\"@type\":\"ListItem\",\"position\":1,\"name\":\"Home\",\"item\":\"https:\\\/\\\/www.organisator.ch\\\/\"},{\"@type\":\"ListItem\",\"position\":2,\"name\":\"Klimastiftung Schweiz mit Rekordjahr\"}]},{\"@type\":\"WebSite\",\"@id\":\"https:\\\/\\\/www.organisator.ch\\\/#website\",\"url\":\"https:\\\/\\\/www.organisator.ch\\\/\",\"name\":\"Organisator\",\"description\":\"Kompetent. Praxisnah. Der ORGANISATOR bereitet in 10 Ausgaben pro Jahr die wesentlichen Themen f\u00fcr F\u00fchrungskr\u00e4fte von KMU auf.\",\"publisher\":{\"@id\":\"https:\\\/\\\/www.organisator.ch\\\/#organization\"},\"potentialAction\":[{\"@type\":\"SearchAction\",\"target\":{\"@type\":\"EntryPoint\",\"urlTemplate\":\"https:\\\/\\\/www.organisator.ch\\\/?s={search_term_string}\"},\"query-input\":{\"@type\":\"PropertyValueSpecification\",\"valueRequired\":true,\"valueName\":\"search_term_string\"}}],\"inLanguage\":\"it-IT\"},{\"@type\":\"Organization\",\"@id\":\"https:\\\/\\\/www.organisator.ch\\\/#organization\",\"name\":\"Organisator\",\"url\":\"https:\\\/\\\/www.organisator.ch\\\/\",\"logo\":{\"@type\":\"ImageObject\",\"inLanguage\":\"it-IT\",\"@id\":\"https:\\\/\\\/www.organisator.ch\\\/#\\\/schema\\\/logo\\\/image\\\/\",\"url\":\"https:\\\/\\\/www.organisator.ch\\\/wp-content\\\/uploads\\\/2022\\\/01\\\/Logo_Organisator_Website.png\",\"contentUrl\":\"https:\\\/\\\/www.organisator.ch\\\/wp-content\\\/uploads\\\/2022\\\/01\\\/Logo_Organisator_Website.png\",\"width\":800,\"height\":77,\"caption\":\"Organisator\"},\"image\":{\"@id\":\"https:\\\/\\\/www.organisator.ch\\\/#\\\/schema\\\/logo\\\/image\\\/\"},\"sameAs\":[\"https:\\\/\\\/www.facebook.com\\\/OrganisatorFachmagazin\",\"https:\\\/\\\/www.linkedin.com\\\/showcase\\\/organisator-das-magazin-fr-kmu\",\"https:\\\/\\\/www.xing.com\\\/news\\\/pages\\\/organisator-ch-695\",\"https:\\\/\\\/www.youtube.com\\\/channel\\\/UCGP2Sq0iWaZwT3BdIAQFYpw\"]},{\"@type\":\"Person\",\"@id\":\"https:\\\/\\\/www.organisator.ch\\\/#\\\/schema\\\/person\\\/134708ca9321c57b0362cceb7948ffbd\",\"name\":\"michael.merz\",\"image\":{\"@type\":\"ImageObject\",\"inLanguage\":\"it-IT\",\"@id\":\"https:\\\/\\\/secure.gravatar.com\\\/avatar\\\/?s=96&d=mm&r=g\",\"url\":\"https:\\\/\\\/secure.gravatar.com\\\/avatar\\\/?s=96&d=mm&r=g\",\"contentUrl\":\"https:\\\/\\\/secure.gravatar.com\\\/avatar\\\/?s=96&d=mm&r=g\",\"caption\":\"michael.merz\"},\"url\":\"https:\\\/\\\/www.organisator.ch\\\/it\\\/author\\\/michael-merz\\\/\"}]}<\/script>\n<!-- \/ Yoast SEO plugin. -->","yoast_head_json":{"title":"Fondazione Svizzera per il Clima: anno record - Organizzatore","description":"Il decimo anno \u00e8 stato quello di maggior successo nella storia della Fondazione Svizzera per il Clima: \u00e8 stata in grado di sostenere progetti di protezione del clima altamente finanziati.","robots":{"index":"index","follow":"follow","max-snippet":"max-snippet:-1","max-image-preview":"max-image-preview:large","max-video-preview":"max-video-preview:-1"},"canonical":"https:\/\/www.organisator.ch\/it\/sostenibilita\/2019-04-24\/klimastiftung-schweiz-mit-rekordjahr\/","og_locale":"it_IT","og_type":"article","og_title":"Klimastiftung Schweiz mit Rekordjahr - Organisator","og_description":"Das zehnte Jahr war das erfolgreichste in der Geschichte der Klimastiftung Schweiz: Sie konnte hochdotierte Klimaschutz-Projekte unterst\u00fctzen.","og_url":"https:\/\/www.organisator.ch\/it\/sostenibilita\/2019-04-24\/klimastiftung-schweiz-mit-rekordjahr\/","og_site_name":"Organisator","article_publisher":"https:\/\/www.facebook.com\/OrganisatorFachmagazin","article_published_time":"2019-04-24T13:43:12+00:00","article_modified_time":"2022-02-09T10:06:53+00:00","og_image":[{"width":2560,"height":1919,"url":"https:\/\/www.organisator.ch\/wp-content\/uploads\/2019\/04\/Klimastiftung_Schweiz-scaled.jpg","type":"image\/jpeg"}],"author":"michael.merz","twitter_card":"summary_large_image","schema":{"@context":"https:\/\/schema.org","@graph":[{"@type":"Article","@id":"https:\/\/www.organisator.ch\/sustainability\/2019-04-24\/klimastiftung-schweiz-mit-rekordjahr\/#article","isPartOf":{"@id":"https:\/\/www.organisator.ch\/sustainability\/2019-04-24\/klimastiftung-schweiz-mit-rekordjahr\/"},"author":{"name":"michael.merz","@id":"https:\/\/www.organisator.ch\/#\/schema\/person\/134708ca9321c57b0362cceb7948ffbd"},"headline":"Klimastiftung Schweiz mit Rekordjahr","datePublished":"2019-04-24T13:43:12+00:00","dateModified":"2022-02-09T10:06:53+00:00","mainEntityOfPage":{"@id":"https:\/\/www.organisator.ch\/sustainability\/2019-04-24\/klimastiftung-schweiz-mit-rekordjahr\/"},"wordCount":592,"commentCount":0,"publisher":{"@id":"https:\/\/www.organisator.ch\/#organization"},"image":{"@id":"https:\/\/www.organisator.ch\/sustainability\/2019-04-24\/klimastiftung-schweiz-mit-rekordjahr\/#primaryimage"},"thumbnailUrl":"https:\/\/www.organisator.ch\/wp-content\/uploads\/2019\/04\/Klimastiftung_Schweiz-scaled.jpg","keywords":["Jubil\u00e4um","Klimastiftung Schweiz","KMU","Stiftung"],"articleSection":["SUSTAINABILITY"],"inLanguage":"it-IT"},{"@type":"WebPage","@id":"https:\/\/www.organisator.ch\/sustainability\/2019-04-24\/klimastiftung-schweiz-mit-rekordjahr\/","url":"https:\/\/www.organisator.ch\/sustainability\/2019-04-24\/klimastiftung-schweiz-mit-rekordjahr\/","name":"Fondazione Svizzera per il Clima: anno record - Organizzatore","isPartOf":{"@id":"https:\/\/www.organisator.ch\/#website"},"primaryImageOfPage":{"@id":"https:\/\/www.organisator.ch\/sustainability\/2019-04-24\/klimastiftung-schweiz-mit-rekordjahr\/#primaryimage"},"image":{"@id":"https:\/\/www.organisator.ch\/sustainability\/2019-04-24\/klimastiftung-schweiz-mit-rekordjahr\/#primaryimage"},"thumbnailUrl":"https:\/\/www.organisator.ch\/wp-content\/uploads\/2019\/04\/Klimastiftung_Schweiz-scaled.jpg","datePublished":"2019-04-24T13:43:12+00:00","dateModified":"2022-02-09T10:06:53+00:00","description":"Il decimo anno \u00e8 stato quello di maggior successo nella storia della Fondazione Svizzera per il Clima: \u00e8 stata in grado di sostenere progetti di protezione del clima altamente finanziati.","breadcrumb":{"@id":"https:\/\/www.organisator.ch\/sustainability\/2019-04-24\/klimastiftung-schweiz-mit-rekordjahr\/#breadcrumb"},"inLanguage":"it-IT","potentialAction":[{"@type":"ReadAction","target":["https:\/\/www.organisator.ch\/sustainability\/2019-04-24\/klimastiftung-schweiz-mit-rekordjahr\/"]}]},{"@type":"ImageObject","inLanguage":"it-IT","@id":"https:\/\/www.organisator.ch\/sustainability\/2019-04-24\/klimastiftung-schweiz-mit-rekordjahr\/#primaryimage","url":"https:\/\/www.organisator.ch\/wp-content\/uploads\/2019\/04\/Klimastiftung_Schweiz-scaled.jpg","contentUrl":"https:\/\/www.organisator.ch\/wp-content\/uploads\/2019\/04\/Klimastiftung_Schweiz-scaled.jpg","width":2560,"height":1919,"caption":"Finanziell ist die Stiftung gut aufgestellt und kann ihre Wirksamkeit vergr\u00f6ssern, dies dank ihrer 27 Partnerfirmen. (Bild: Klimastiftung Schweiz)"},{"@type":"BreadcrumbList","@id":"https:\/\/www.organisator.ch\/sustainability\/2019-04-24\/klimastiftung-schweiz-mit-rekordjahr\/#breadcrumb","itemListElement":[{"@type":"ListItem","position":1,"name":"Home","item":"https:\/\/www.organisator.ch\/"},{"@type":"ListItem","position":2,"name":"Klimastiftung Schweiz mit Rekordjahr"}]},{"@type":"WebSite","@id":"https:\/\/www.organisator.ch\/#website","url":"https:\/\/www.organisator.ch\/","name":"Organizzatore","description":"Competente. Pratico. In 10 numeri all'anno, ORGANISATOR presenta i temi essenziali per i manager delle PMI.","publisher":{"@id":"https:\/\/www.organisator.ch\/#organization"},"potentialAction":[{"@type":"SearchAction","target":{"@type":"EntryPoint","urlTemplate":"https:\/\/www.organisator.ch\/?s={search_term_string}"},"query-input":{"@type":"PropertyValueSpecification","valueRequired":true,"valueName":"search_term_string"}}],"inLanguage":"it-IT"},{"@type":"Organization","@id":"https:\/\/www.organisator.ch\/#organization","name":"Organizzatore","url":"https:\/\/www.organisator.ch\/","logo":{"@type":"ImageObject","inLanguage":"it-IT","@id":"https:\/\/www.organisator.ch\/#\/schema\/logo\/image\/","url":"https:\/\/www.organisator.ch\/wp-content\/uploads\/2022\/01\/Logo_Organisator_Website.png","contentUrl":"https:\/\/www.organisator.ch\/wp-content\/uploads\/2022\/01\/Logo_Organisator_Website.png","width":800,"height":77,"caption":"Organisator"},"image":{"@id":"https:\/\/www.organisator.ch\/#\/schema\/logo\/image\/"},"sameAs":["https:\/\/www.facebook.com\/OrganisatorFachmagazin","https:\/\/www.linkedin.com\/showcase\/organisator-das-magazin-fr-kmu","https:\/\/www.xing.com\/news\/pages\/organisator-ch-695","https:\/\/www.youtube.com\/channel\/UCGP2Sq0iWaZwT3BdIAQFYpw"]},{"@type":"Person","@id":"https:\/\/www.organisator.ch\/#\/schema\/person\/134708ca9321c57b0362cceb7948ffbd","name":"michael.merz","image":{"@type":"ImageObject","inLanguage":"it-IT","@id":"https:\/\/secure.gravatar.com\/avatar\/?s=96&d=mm&r=g","url":"https:\/\/secure.gravatar.com\/avatar\/?s=96&d=mm&r=g","contentUrl":"https:\/\/secure.gravatar.com\/avatar\/?s=96&d=mm&r=g","caption":"michael.merz"},"url":"https:\/\/www.organisator.ch\/it\/author\/michael-merz\/"}]}},"_links":{"self":[{"href":"https:\/\/www.organisator.ch\/it\/wp-json\/wp\/v2\/posts\/10081","targetHints":{"allow":["GET"]}}],"collection":[{"href":"https:\/\/www.organisator.ch\/it\/wp-json\/wp\/v2\/posts"}],"about":[{"href":"https:\/\/www.organisator.ch\/it\/wp-json\/wp\/v2\/types\/post"}],"author":[{"embeddable":true,"href":"https:\/\/www.organisator.ch\/it\/wp-json\/wp\/v2\/users\/5"}],"replies":[{"embeddable":true,"href":"https:\/\/www.organisator.ch\/it\/wp-json\/wp\/v2\/comments?post=10081"}],"version-history":[{"count":1,"href":"https:\/\/www.organisator.ch\/it\/wp-json\/wp\/v2\/posts\/10081\/revisions"}],"predecessor-version":[{"id":10703,"href":"https:\/\/www.organisator.ch\/it\/wp-json\/wp\/v2\/posts\/10081\/revisions\/10703"}],"wp:featuredmedia":[{"embeddable":true,"href":"https:\/\/www.organisator.ch\/it\/wp-json\/wp\/v2\/media\/9602"}],"wp:attachment":[{"href":"https:\/\/www.organisator.ch\/it\/wp-json\/wp\/v2\/media?parent=10081"}],"wp:term":[{"taxonomy":"category","embeddable":true,"href":"https:\/\/www.organisator.ch\/it\/wp-json\/wp\/v2\/categories?post=10081"},{"taxonomy":"post_tag","embeddable":true,"href":"https:\/\/www.organisator.ch\/it\/wp-json\/wp\/v2\/tags?post=10081"}],"curies":[{"name":"wp","href":"https:\/\/api.w.org\/{rel}","templated":true}]}}