{"id":10084,"date":"2019-05-06T10:48:43","date_gmt":"2019-05-06T08:48:43","guid":{"rendered":"https:\/\/www.umweltperspektiven.ch\/?p=2130"},"modified":"2022-02-09T11:10:07","modified_gmt":"2022-02-09T10:10:07","slug":"sanu-30-jahre-bildung-und-beratung-fuer-eine-nachhaltige-entwicklung","status":"publish","type":"post","link":"https:\/\/www.organisator.ch\/it\/sustainability\/2019-05-06\/sanu-30-jahre-bildung-und-beratung-fuer-eine-nachhaltige-entwicklung\/","title":{"rendered":"sanu: 30 anni di educazione e consulenza per lo sviluppo sostenibile"},"content":{"rendered":"<figure id=\"attachment_2131\" aria-describedby=\"caption-attachment-2131\" style=\"width: 680px\" class=\"wp-caption alignnone\"><img loading=\"lazy\" decoding=\"async\" class=\"size-medium wp-image-2131\" src=\"\/\/www.umweltperspektiven.ch\/wp-content\/uploads\/2019\/05\/sanu_30_Jahre.jpg\" alt=\"\" width=\"680\" height=\"410\" \/><figcaption id=\"caption-attachment-2131\" class=\"wp-caption-text\">Gli attuali sviluppi economici e sociali richiedono sempre di pi\u00f9 forti competenze ambientali. sanu future learning ag ha offerto varie opportunit\u00e0 di formazione ulteriore a questo scopo. (Immagine: sanu)<\/figcaption><\/figure>\n<p>Attraverso approcci innovativi, sanu mira a espandere le sue attivit\u00e0 e, soprattutto, a tradurre il loro impatto in pratica. La Sanu AG, che ora si chiama sanu future learning ag, ha sviluppato notevolmente la sua offerta educativa negli ultimi 30 anni. Per rendere giustizia alla complessit\u00e0 del settore ambientale e per poter offrire ad ogni organizzazione soluzioni su misura, sanu si orienta verso gli sviluppi ambientali contemporanei.<\/p>\n<p>Nuove forme di lavoro, comunicazione, gestione, leadership e cooperazione: sempre pi\u00f9 clienti sanu beneficiano della nostra esperienza nel sostenere processi strategici e partecipativi per lo sviluppo sostenibile.<\/p>\n<p><strong>Proprio come il mondo, il sanu ag \u00e8 in continuo cambiamento.<\/strong><\/p>\n<p>A meno di un anno dal passaggio di consegne al nuovo CEO di sanu future learning ag, Marc M\u00fcnster, non ci sono solo cambiamenti nella comunicazione aziendale, ma anche nuove aggiunte al team: Ursula Spycher, una figura chiave negli ultimi due terzi della storia trentennale di sanu, lascer\u00e0 l'azienda alla fine di marzo 2019. Bernhard Wyss, un appassionato marketer con un ricco zaino digitale e informatico, assumer\u00e0 la direzione del \"management &amp; events support\". Anche Laure M\u00e4der si unir\u00e0 a Sanu nella primavera 2019. Prender\u00e0 il posto di Coraline Sahin come project manager del dipartimento \"pianificazione e costruzione\".<\/p>\n<p>Il loro battesimo del fuoco \u00e8 in arrivo questo autunno con il corso \"Soil Science Construction Monitoring\".<\/p>\n<p><strong>Competenze ambientali che prima dovevano essere create<\/strong><\/p>\n<p>Negli anni '80, il sanu si occupava principalmente della protezione della natura e dell'implementazione di nuove legislazioni, ma in seguito si dedic\u00f2 anche allo sviluppo delle competenze necessarie per cambiare le pratiche professionali delle organizzazioni e dei settori pubblici e privati. La manutenzione degli spazi verdi nei comuni, la gestione ambientale nelle aziende, la promozione della biodiversit\u00e0 tra gli specialisti o la supervisione ambientale delle costruzioni sono a volte diventati il centro degli interessi di sanu. Sanu si \u00e8 sempre impegnata nello sviluppo professionale dei generalisti di tutte le professioni che desiderano integrare l'ambiente nel loro profilo di competenza.<\/p>\n<p>Oggi, offre due corsi di preparazione per i certificati federali di consulente ambientale e specialista della natura e dell'ambiente in francese e tedesco.<\/p>\n<p><strong>Ristrutturazioni ovunque si guardi<\/strong><\/p>\n<p>Solo nel 1989, il muro di Berlino \u00e8 caduto, la Voyager 2 ha sorvolato Nettuno e la petroliera Exxon Valdez \u00e8 finita in fondo al mare al largo del Canada. Il Consiglio federale svizzero ha deciso di vietare le bombolette aerosol contenenti clorofluorocarburi (CFC), sospettate di contribuire alla formazione del buco dell'ozono.<\/p>\n<p>Nel 1989, la sanu ag (allora chiamata \"Centro svizzero di formazione per la protezione della natura e dell'ambiente\") \u00e8 stata fondata a Bienne. Nel 2012, l'intera parte operativa di sanu ha preso la forma giuridica di una societ\u00e0 per azioni per darle la necessaria flessibilit\u00e0 e reattivit\u00e0 in un mercato in rapida evoluzione. Per quanto riguarda la fondazione iniziale sanu, si \u00e8 evoluta in un serbatoio di pensare e fare sotto il nome di sanu durabilitas. Oggi la sanu ag impiega 25 collaboratori fissi e pi\u00f9 di 300 esperti esterni. La sanu ag offre pi\u00f9 di 100 servizi a circa 3'000 clienti all'anno con un fatturato di poco pi\u00f9 di 3 milioni di CHF.<\/p>\n<p><em><strong>\u00c8 tempo di festeggiare e condividere:<\/strong><\/em><\/p>\n<p><em> Vorremmo cogliere l'occasione della celebrazione del nostro anniversario per discutere e giocare con il tempo con i nostri amici, partner e altre persone interessate il 17 maggio 2019 e riflettere sul tempo in diverse culture, dimensioni e relazioni attraverso contributi emozionanti. Quanto tempo abbiamo e quanto tempo ci diamo per cosa? <\/em><em>Vorremmo anche offrire a coloro che non verranno il giorno, un po' di tempo sotto forma di mini-conferenze interattive sull'ambiente e sulle questioni future. Qualsiasi azienda o organizzazione che voglia beneficiare della nostra esperienza e visione sulle questioni attuali pu\u00f2 contattarci. <\/em><\/p>\n<p><em>Saremmo lieti se il nostro personale potesse visitare la vostra organizzazione e darvi un'ora del loro tempo in questo anno di anniversario. Maggiori dettagli sulle attivit\u00e0 del nostro anniversario possono essere trovati su <a href=\"\/\/www.sanu.ch\/de\/\">qui\u00a0<\/a><br \/>\n<\/em><\/p>\n<p>&nbsp;<\/p>\n<p>&nbsp;<\/p>\n<p>&nbsp;<\/p>","protected":false},"excerpt":{"rendered":"<p>Durch innovative Ans\u00e4tze will sanu ihre Aktivit\u00e4ten expandieren und vor allem ihre Wirkung f\u00fcr die Praxis umsetzen. Die Sanu AG, die heute sanu future learning ag heisst, hat ihr Bildungsangebot in den letzten 30 Jahren stark weiterentwickelt. Um der Komplexit\u00e4t des Umweltbereichs gerecht zu werden und jeder Organisation massgeschneiderte L\u00f6sungen anbieten zu k\u00f6nnen, orientiert sich [&hellip;]<\/p>\n","protected":false},"author":5,"featured_media":9605,"comment_status":"open","ping_status":"open","sticky":false,"template":"","format":"standard","meta":{"_acf_changed":false,"_yoast_wpseo_focuskw":"sanu","_yoast_wpseo_metadesc":"Die Sanu AG, die heute sanu future learning ag heisst, hat ihr Bildungsangebot in den letzten 30 Jahren stark weiterentwickelt.","articlekey":"","footnotes":""},"categories":[580],"tags":[240,292,2049,2362],"class_list":["post-10084","post","type-post","status-publish","format-standard","has-post-thumbnail","hentry","category-sustainability","tag-geschichte","tag-jubilaeum","tag-sanu","tag-umweltberufe"],"acf":[],"yoast_head":"<!-- This site is optimized with the Yoast SEO plugin v27.4 - https:\/\/yoast.com\/product\/yoast-seo-wordpress\/ -->\n<title>sanu: 30 Jahre Bildung und Beratung f\u00fcr eine nachhaltige Entwicklung - Organisator<\/title>\n<meta name=\"description\" content=\"Die Sanu AG, die heute sanu future learning ag heisst, hat ihr Bildungsangebot in den letzten 30 Jahren stark weiterentwickelt.\" \/>\n<meta name=\"robots\" content=\"index, follow, max-snippet:-1, max-image-preview:large, max-video-preview:-1\" \/>\n<link rel=\"canonical\" href=\"https:\/\/www.organisator.ch\/it\/sostenibilita\/2019-05-06\/sanu-30-jahre-bildung-und-beratung-fuer-eine-nachhaltige-entwicklung\/\" \/>\n<meta property=\"og:locale\" content=\"it_IT\" \/>\n<meta property=\"og:type\" content=\"article\" \/>\n<meta property=\"og:title\" content=\"sanu: 30 Jahre Bildung und Beratung f\u00fcr eine nachhaltige Entwicklung - Organisator\" \/>\n<meta property=\"og:description\" content=\"Die Sanu AG, die heute sanu future learning ag heisst, hat ihr Bildungsangebot in den letzten 30 Jahren stark weiterentwickelt.\" \/>\n<meta property=\"og:url\" content=\"https:\/\/www.organisator.ch\/it\/sostenibilita\/2019-05-06\/sanu-30-jahre-bildung-und-beratung-fuer-eine-nachhaltige-entwicklung\/\" \/>\n<meta property=\"og:site_name\" content=\"Organisator\" \/>\n<meta property=\"article:publisher\" content=\"https:\/\/www.facebook.com\/OrganisatorFachmagazin\" \/>\n<meta property=\"article:published_time\" content=\"2019-05-06T08:48:43+00:00\" \/>\n<meta property=\"article:modified_time\" content=\"2022-02-09T10:10:07+00:00\" \/>\n<meta property=\"og:image\" content=\"https:\/\/www.organisator.ch\/wp-content\/uploads\/2019\/05\/sanu_30_Jahre.jpg\" \/>\n\t<meta property=\"og:image:width\" content=\"870\" \/>\n\t<meta property=\"og:image:height\" content=\"524\" \/>\n\t<meta property=\"og:image:type\" content=\"image\/jpeg\" \/>\n<meta name=\"author\" content=\"michael.merz\" \/>\n<meta name=\"twitter:card\" content=\"summary_large_image\" \/>\n<script type=\"application\/ld+json\" class=\"yoast-schema-graph\">{\"@context\":\"https:\\\/\\\/schema.org\",\"@graph\":[{\"@type\":\"Article\",\"@id\":\"https:\\\/\\\/www.organisator.ch\\\/sustainability\\\/2019-05-06\\\/sanu-30-jahre-bildung-und-beratung-fuer-eine-nachhaltige-entwicklung\\\/#article\",\"isPartOf\":{\"@id\":\"https:\\\/\\\/www.organisator.ch\\\/sustainability\\\/2019-05-06\\\/sanu-30-jahre-bildung-und-beratung-fuer-eine-nachhaltige-entwicklung\\\/\"},\"author\":{\"name\":\"michael.merz\",\"@id\":\"https:\\\/\\\/www.organisator.ch\\\/#\\\/schema\\\/person\\\/134708ca9321c57b0362cceb7948ffbd\"},\"headline\":\"sanu: 30 Jahre Bildung und Beratung f\u00fcr eine nachhaltige Entwicklung\",\"datePublished\":\"2019-05-06T08:48:43+00:00\",\"dateModified\":\"2022-02-09T10:10:07+00:00\",\"mainEntityOfPage\":{\"@id\":\"https:\\\/\\\/www.organisator.ch\\\/sustainability\\\/2019-05-06\\\/sanu-30-jahre-bildung-und-beratung-fuer-eine-nachhaltige-entwicklung\\\/\"},\"wordCount\":682,\"commentCount\":0,\"publisher\":{\"@id\":\"https:\\\/\\\/www.organisator.ch\\\/#organization\"},\"image\":{\"@id\":\"https:\\\/\\\/www.organisator.ch\\\/sustainability\\\/2019-05-06\\\/sanu-30-jahre-bildung-und-beratung-fuer-eine-nachhaltige-entwicklung\\\/#primaryimage\"},\"thumbnailUrl\":\"https:\\\/\\\/www.organisator.ch\\\/wp-content\\\/uploads\\\/2019\\\/05\\\/sanu_30_Jahre.jpg\",\"keywords\":[\"Geschichte\",\"Jubil\u00e4um\",\"sanu\",\"Umweltberufe\"],\"articleSection\":[\"SUSTAINABILITY\"],\"inLanguage\":\"it-IT\"},{\"@type\":\"WebPage\",\"@id\":\"https:\\\/\\\/www.organisator.ch\\\/sustainability\\\/2019-05-06\\\/sanu-30-jahre-bildung-und-beratung-fuer-eine-nachhaltige-entwicklung\\\/\",\"url\":\"https:\\\/\\\/www.organisator.ch\\\/sustainability\\\/2019-05-06\\\/sanu-30-jahre-bildung-und-beratung-fuer-eine-nachhaltige-entwicklung\\\/\",\"name\":\"sanu: 30 Jahre Bildung und Beratung f\u00fcr eine nachhaltige Entwicklung - Organisator\",\"isPartOf\":{\"@id\":\"https:\\\/\\\/www.organisator.ch\\\/#website\"},\"primaryImageOfPage\":{\"@id\":\"https:\\\/\\\/www.organisator.ch\\\/sustainability\\\/2019-05-06\\\/sanu-30-jahre-bildung-und-beratung-fuer-eine-nachhaltige-entwicklung\\\/#primaryimage\"},\"image\":{\"@id\":\"https:\\\/\\\/www.organisator.ch\\\/sustainability\\\/2019-05-06\\\/sanu-30-jahre-bildung-und-beratung-fuer-eine-nachhaltige-entwicklung\\\/#primaryimage\"},\"thumbnailUrl\":\"https:\\\/\\\/www.organisator.ch\\\/wp-content\\\/uploads\\\/2019\\\/05\\\/sanu_30_Jahre.jpg\",\"datePublished\":\"2019-05-06T08:48:43+00:00\",\"dateModified\":\"2022-02-09T10:10:07+00:00\",\"description\":\"Die Sanu AG, die heute sanu future learning ag heisst, hat ihr Bildungsangebot in den letzten 30 Jahren stark weiterentwickelt.\",\"breadcrumb\":{\"@id\":\"https:\\\/\\\/www.organisator.ch\\\/sustainability\\\/2019-05-06\\\/sanu-30-jahre-bildung-und-beratung-fuer-eine-nachhaltige-entwicklung\\\/#breadcrumb\"},\"inLanguage\":\"it-IT\",\"potentialAction\":[{\"@type\":\"ReadAction\",\"target\":[\"https:\\\/\\\/www.organisator.ch\\\/sustainability\\\/2019-05-06\\\/sanu-30-jahre-bildung-und-beratung-fuer-eine-nachhaltige-entwicklung\\\/\"]}]},{\"@type\":\"ImageObject\",\"inLanguage\":\"it-IT\",\"@id\":\"https:\\\/\\\/www.organisator.ch\\\/sustainability\\\/2019-05-06\\\/sanu-30-jahre-bildung-und-beratung-fuer-eine-nachhaltige-entwicklung\\\/#primaryimage\",\"url\":\"https:\\\/\\\/www.organisator.ch\\\/wp-content\\\/uploads\\\/2019\\\/05\\\/sanu_30_Jahre.jpg\",\"contentUrl\":\"https:\\\/\\\/www.organisator.ch\\\/wp-content\\\/uploads\\\/2019\\\/05\\\/sanu_30_Jahre.jpg\",\"width\":870,\"height\":524,\"caption\":\"Die aktuellen wirtschaftlichen und sozialen Entwicklungen erfordern zunehmend starke Umweltkompetenzen. Die sanu future learning ag bietete hierf\u00fcr diverse Weiterbildungsm\u00f6glichkeiten. (Bild: sanu)\"},{\"@type\":\"BreadcrumbList\",\"@id\":\"https:\\\/\\\/www.organisator.ch\\\/sustainability\\\/2019-05-06\\\/sanu-30-jahre-bildung-und-beratung-fuer-eine-nachhaltige-entwicklung\\\/#breadcrumb\",\"itemListElement\":[{\"@type\":\"ListItem\",\"position\":1,\"name\":\"Home\",\"item\":\"https:\\\/\\\/www.organisator.ch\\\/\"},{\"@type\":\"ListItem\",\"position\":2,\"name\":\"sanu: 30 Jahre Bildung und Beratung f\u00fcr eine nachhaltige Entwicklung\"}]},{\"@type\":\"WebSite\",\"@id\":\"https:\\\/\\\/www.organisator.ch\\\/#website\",\"url\":\"https:\\\/\\\/www.organisator.ch\\\/\",\"name\":\"Organisator\",\"description\":\"Kompetent. Praxisnah. Der ORGANISATOR bereitet in 10 Ausgaben pro Jahr die wesentlichen Themen f\u00fcr F\u00fchrungskr\u00e4fte von KMU auf.\",\"publisher\":{\"@id\":\"https:\\\/\\\/www.organisator.ch\\\/#organization\"},\"potentialAction\":[{\"@type\":\"SearchAction\",\"target\":{\"@type\":\"EntryPoint\",\"urlTemplate\":\"https:\\\/\\\/www.organisator.ch\\\/?s={search_term_string}\"},\"query-input\":{\"@type\":\"PropertyValueSpecification\",\"valueRequired\":true,\"valueName\":\"search_term_string\"}}],\"inLanguage\":\"it-IT\"},{\"@type\":\"Organization\",\"@id\":\"https:\\\/\\\/www.organisator.ch\\\/#organization\",\"name\":\"Organisator\",\"url\":\"https:\\\/\\\/www.organisator.ch\\\/\",\"logo\":{\"@type\":\"ImageObject\",\"inLanguage\":\"it-IT\",\"@id\":\"https:\\\/\\\/www.organisator.ch\\\/#\\\/schema\\\/logo\\\/image\\\/\",\"url\":\"https:\\\/\\\/www.organisator.ch\\\/wp-content\\\/uploads\\\/2022\\\/01\\\/Logo_Organisator_Website.png\",\"contentUrl\":\"https:\\\/\\\/www.organisator.ch\\\/wp-content\\\/uploads\\\/2022\\\/01\\\/Logo_Organisator_Website.png\",\"width\":800,\"height\":77,\"caption\":\"Organisator\"},\"image\":{\"@id\":\"https:\\\/\\\/www.organisator.ch\\\/#\\\/schema\\\/logo\\\/image\\\/\"},\"sameAs\":[\"https:\\\/\\\/www.facebook.com\\\/OrganisatorFachmagazin\",\"https:\\\/\\\/www.linkedin.com\\\/showcase\\\/organisator-das-magazin-fr-kmu\",\"https:\\\/\\\/www.xing.com\\\/news\\\/pages\\\/organisator-ch-695\",\"https:\\\/\\\/www.youtube.com\\\/channel\\\/UCGP2Sq0iWaZwT3BdIAQFYpw\"]},{\"@type\":\"Person\",\"@id\":\"https:\\\/\\\/www.organisator.ch\\\/#\\\/schema\\\/person\\\/134708ca9321c57b0362cceb7948ffbd\",\"name\":\"michael.merz\",\"image\":{\"@type\":\"ImageObject\",\"inLanguage\":\"it-IT\",\"@id\":\"https:\\\/\\\/secure.gravatar.com\\\/avatar\\\/?s=96&d=mm&r=g\",\"url\":\"https:\\\/\\\/secure.gravatar.com\\\/avatar\\\/?s=96&d=mm&r=g\",\"contentUrl\":\"https:\\\/\\\/secure.gravatar.com\\\/avatar\\\/?s=96&d=mm&r=g\",\"caption\":\"michael.merz\"},\"url\":\"https:\\\/\\\/www.organisator.ch\\\/it\\\/author\\\/michael-merz\\\/\"}]}<\/script>\n<!-- \/ Yoast SEO plugin. -->","yoast_head_json":{"title":"sanu: 30 anni di formazione e consulenza per lo sviluppo sostenibile - Organizzatore","description":"Sanu AG, che ora si chiama sanu future learning ag, ha sviluppato notevolmente la sua offerta formativa negli ultimi 30 anni.","robots":{"index":"index","follow":"follow","max-snippet":"max-snippet:-1","max-image-preview":"max-image-preview:large","max-video-preview":"max-video-preview:-1"},"canonical":"https:\/\/www.organisator.ch\/it\/sostenibilita\/2019-05-06\/sanu-30-jahre-bildung-und-beratung-fuer-eine-nachhaltige-entwicklung\/","og_locale":"it_IT","og_type":"article","og_title":"sanu: 30 Jahre Bildung und Beratung f\u00fcr eine nachhaltige Entwicklung - Organisator","og_description":"Die Sanu AG, die heute sanu future learning ag heisst, hat ihr Bildungsangebot in den letzten 30 Jahren stark weiterentwickelt.","og_url":"https:\/\/www.organisator.ch\/it\/sostenibilita\/2019-05-06\/sanu-30-jahre-bildung-und-beratung-fuer-eine-nachhaltige-entwicklung\/","og_site_name":"Organisator","article_publisher":"https:\/\/www.facebook.com\/OrganisatorFachmagazin","article_published_time":"2019-05-06T08:48:43+00:00","article_modified_time":"2022-02-09T10:10:07+00:00","og_image":[{"width":870,"height":524,"url":"https:\/\/www.organisator.ch\/wp-content\/uploads\/2019\/05\/sanu_30_Jahre.jpg","type":"image\/jpeg"}],"author":"michael.merz","twitter_card":"summary_large_image","schema":{"@context":"https:\/\/schema.org","@graph":[{"@type":"Article","@id":"https:\/\/www.organisator.ch\/sustainability\/2019-05-06\/sanu-30-jahre-bildung-und-beratung-fuer-eine-nachhaltige-entwicklung\/#article","isPartOf":{"@id":"https:\/\/www.organisator.ch\/sustainability\/2019-05-06\/sanu-30-jahre-bildung-und-beratung-fuer-eine-nachhaltige-entwicklung\/"},"author":{"name":"michael.merz","@id":"https:\/\/www.organisator.ch\/#\/schema\/person\/134708ca9321c57b0362cceb7948ffbd"},"headline":"sanu: 30 Jahre Bildung und Beratung f\u00fcr eine nachhaltige Entwicklung","datePublished":"2019-05-06T08:48:43+00:00","dateModified":"2022-02-09T10:10:07+00:00","mainEntityOfPage":{"@id":"https:\/\/www.organisator.ch\/sustainability\/2019-05-06\/sanu-30-jahre-bildung-und-beratung-fuer-eine-nachhaltige-entwicklung\/"},"wordCount":682,"commentCount":0,"publisher":{"@id":"https:\/\/www.organisator.ch\/#organization"},"image":{"@id":"https:\/\/www.organisator.ch\/sustainability\/2019-05-06\/sanu-30-jahre-bildung-und-beratung-fuer-eine-nachhaltige-entwicklung\/#primaryimage"},"thumbnailUrl":"https:\/\/www.organisator.ch\/wp-content\/uploads\/2019\/05\/sanu_30_Jahre.jpg","keywords":["Geschichte","Jubil\u00e4um","sanu","Umweltberufe"],"articleSection":["SUSTAINABILITY"],"inLanguage":"it-IT"},{"@type":"WebPage","@id":"https:\/\/www.organisator.ch\/sustainability\/2019-05-06\/sanu-30-jahre-bildung-und-beratung-fuer-eine-nachhaltige-entwicklung\/","url":"https:\/\/www.organisator.ch\/sustainability\/2019-05-06\/sanu-30-jahre-bildung-und-beratung-fuer-eine-nachhaltige-entwicklung\/","name":"sanu: 30 anni di formazione e consulenza per lo sviluppo sostenibile - Organizzatore","isPartOf":{"@id":"https:\/\/www.organisator.ch\/#website"},"primaryImageOfPage":{"@id":"https:\/\/www.organisator.ch\/sustainability\/2019-05-06\/sanu-30-jahre-bildung-und-beratung-fuer-eine-nachhaltige-entwicklung\/#primaryimage"},"image":{"@id":"https:\/\/www.organisator.ch\/sustainability\/2019-05-06\/sanu-30-jahre-bildung-und-beratung-fuer-eine-nachhaltige-entwicklung\/#primaryimage"},"thumbnailUrl":"https:\/\/www.organisator.ch\/wp-content\/uploads\/2019\/05\/sanu_30_Jahre.jpg","datePublished":"2019-05-06T08:48:43+00:00","dateModified":"2022-02-09T10:10:07+00:00","description":"Sanu AG, che ora si chiama sanu future learning ag, ha sviluppato notevolmente la sua offerta formativa negli ultimi 30 anni.","breadcrumb":{"@id":"https:\/\/www.organisator.ch\/sustainability\/2019-05-06\/sanu-30-jahre-bildung-und-beratung-fuer-eine-nachhaltige-entwicklung\/#breadcrumb"},"inLanguage":"it-IT","potentialAction":[{"@type":"ReadAction","target":["https:\/\/www.organisator.ch\/sustainability\/2019-05-06\/sanu-30-jahre-bildung-und-beratung-fuer-eine-nachhaltige-entwicklung\/"]}]},{"@type":"ImageObject","inLanguage":"it-IT","@id":"https:\/\/www.organisator.ch\/sustainability\/2019-05-06\/sanu-30-jahre-bildung-und-beratung-fuer-eine-nachhaltige-entwicklung\/#primaryimage","url":"https:\/\/www.organisator.ch\/wp-content\/uploads\/2019\/05\/sanu_30_Jahre.jpg","contentUrl":"https:\/\/www.organisator.ch\/wp-content\/uploads\/2019\/05\/sanu_30_Jahre.jpg","width":870,"height":524,"caption":"Die aktuellen wirtschaftlichen und sozialen Entwicklungen erfordern zunehmend starke Umweltkompetenzen. Die sanu future learning ag bietete hierf\u00fcr diverse Weiterbildungsm\u00f6glichkeiten. (Bild: sanu)"},{"@type":"BreadcrumbList","@id":"https:\/\/www.organisator.ch\/sustainability\/2019-05-06\/sanu-30-jahre-bildung-und-beratung-fuer-eine-nachhaltige-entwicklung\/#breadcrumb","itemListElement":[{"@type":"ListItem","position":1,"name":"Home","item":"https:\/\/www.organisator.ch\/"},{"@type":"ListItem","position":2,"name":"sanu: 30 Jahre Bildung und Beratung f\u00fcr eine nachhaltige Entwicklung"}]},{"@type":"WebSite","@id":"https:\/\/www.organisator.ch\/#website","url":"https:\/\/www.organisator.ch\/","name":"Organizzatore","description":"Competente. Pratico. In 10 numeri all'anno, ORGANISATOR presenta i temi essenziali per i manager delle PMI.","publisher":{"@id":"https:\/\/www.organisator.ch\/#organization"},"potentialAction":[{"@type":"SearchAction","target":{"@type":"EntryPoint","urlTemplate":"https:\/\/www.organisator.ch\/?s={search_term_string}"},"query-input":{"@type":"PropertyValueSpecification","valueRequired":true,"valueName":"search_term_string"}}],"inLanguage":"it-IT"},{"@type":"Organization","@id":"https:\/\/www.organisator.ch\/#organization","name":"Organizzatore","url":"https:\/\/www.organisator.ch\/","logo":{"@type":"ImageObject","inLanguage":"it-IT","@id":"https:\/\/www.organisator.ch\/#\/schema\/logo\/image\/","url":"https:\/\/www.organisator.ch\/wp-content\/uploads\/2022\/01\/Logo_Organisator_Website.png","contentUrl":"https:\/\/www.organisator.ch\/wp-content\/uploads\/2022\/01\/Logo_Organisator_Website.png","width":800,"height":77,"caption":"Organisator"},"image":{"@id":"https:\/\/www.organisator.ch\/#\/schema\/logo\/image\/"},"sameAs":["https:\/\/www.facebook.com\/OrganisatorFachmagazin","https:\/\/www.linkedin.com\/showcase\/organisator-das-magazin-fr-kmu","https:\/\/www.xing.com\/news\/pages\/organisator-ch-695","https:\/\/www.youtube.com\/channel\/UCGP2Sq0iWaZwT3BdIAQFYpw"]},{"@type":"Person","@id":"https:\/\/www.organisator.ch\/#\/schema\/person\/134708ca9321c57b0362cceb7948ffbd","name":"michael.merz","image":{"@type":"ImageObject","inLanguage":"it-IT","@id":"https:\/\/secure.gravatar.com\/avatar\/?s=96&d=mm&r=g","url":"https:\/\/secure.gravatar.com\/avatar\/?s=96&d=mm&r=g","contentUrl":"https:\/\/secure.gravatar.com\/avatar\/?s=96&d=mm&r=g","caption":"michael.merz"},"url":"https:\/\/www.organisator.ch\/it\/author\/michael-merz\/"}]}},"_links":{"self":[{"href":"https:\/\/www.organisator.ch\/it\/wp-json\/wp\/v2\/posts\/10084","targetHints":{"allow":["GET"]}}],"collection":[{"href":"https:\/\/www.organisator.ch\/it\/wp-json\/wp\/v2\/posts"}],"about":[{"href":"https:\/\/www.organisator.ch\/it\/wp-json\/wp\/v2\/types\/post"}],"author":[{"embeddable":true,"href":"https:\/\/www.organisator.ch\/it\/wp-json\/wp\/v2\/users\/5"}],"replies":[{"embeddable":true,"href":"https:\/\/www.organisator.ch\/it\/wp-json\/wp\/v2\/comments?post=10084"}],"version-history":[{"count":1,"href":"https:\/\/www.organisator.ch\/it\/wp-json\/wp\/v2\/posts\/10084\/revisions"}],"predecessor-version":[{"id":10905,"href":"https:\/\/www.organisator.ch\/it\/wp-json\/wp\/v2\/posts\/10084\/revisions\/10905"}],"wp:featuredmedia":[{"embeddable":true,"href":"https:\/\/www.organisator.ch\/it\/wp-json\/wp\/v2\/media\/9605"}],"wp:attachment":[{"href":"https:\/\/www.organisator.ch\/it\/wp-json\/wp\/v2\/media?parent=10084"}],"wp:term":[{"taxonomy":"category","embeddable":true,"href":"https:\/\/www.organisator.ch\/it\/wp-json\/wp\/v2\/categories?post=10084"},{"taxonomy":"post_tag","embeddable":true,"href":"https:\/\/www.organisator.ch\/it\/wp-json\/wp\/v2\/tags?post=10084"}],"curies":[{"name":"wp","href":"https:\/\/api.w.org\/{rel}","templated":true}]}}