{"id":10088,"date":"2019-06-20T16:32:52","date_gmt":"2019-06-20T14:32:52","guid":{"rendered":"https:\/\/www.umweltperspektiven.ch\/?p=2211"},"modified":"2019-06-20T16:32:52","modified_gmt":"2019-06-20T14:32:52","slug":"streitbarometer-wie-die-schweiz-streitet","status":"publish","type":"post","link":"https:\/\/www.organisator.ch\/it\/allgemein\/2019-06-20\/streitbarometer-wie-die-schweiz-streitet\/","title":{"rendered":"Barometro delle controversie: Come le controversie della Svizzera"},"content":{"rendered":"<figure id=\"attachment_2213\" aria-describedby=\"caption-attachment-2213\" style=\"width: 680px\" class=\"wp-caption alignnone\"><img loading=\"lazy\" decoding=\"async\" class=\"size-medium wp-image-2213\" src=\"\/\/www.umweltperspektiven.ch\/wp-content\/uploads\/2019\/06\/TCS-Streitbarometer-UP_Umwelt-Perspektiven.jpg\" alt=\"\" width=\"680\" height=\"442\" \/><figcaption id=\"caption-attachment-2213\" class=\"wp-caption-text\">Se si esamina la frequenza delle controversie relative alla mobilit\u00e0 con i veicoli in base alle fasce d'et\u00e0, si nota che questa diminuisce chiaramente con l'aumentare dell'et\u00e0. (Immagine simbolo: Unsplash)<\/figcaption><\/figure>\n<p>Dopo il gi\u00e0 noto barometro dei viaggi, il TCS pubblica per la prima volta il suo barometro delle controversie. Con il primo sondaggio di questo tipo in Svizzera, il pi\u00f9 grande club di mobilit\u00e0 del Paese sottolinea la sua pluriennale esperienza nel campo della tutela legale. Le valutazioni del 1\u00b0 barometro delle controversie si basano sul portafoglio TCS nel settore della protezione giuridica del traffico, con circa 263.000 polizze. I dati raccolti si basano sui casi di protezione legale del TCS aperti o conclusi nel 2018.<\/p>\n<p>&nbsp;<\/p>\n<figure id=\"attachment_2212\" aria-describedby=\"caption-attachment-2212\" style=\"width: 680px\" class=\"wp-caption alignnone\"><img loading=\"lazy\" decoding=\"async\" class=\"size-medium wp-image-2212\" src=\"\/\/www.umweltperspektiven.ch\/wp-content\/uploads\/2019\/06\/zuercher-und-genfer-sind-die-groessten-streithaehne-accf5441c35c983gc4673dce4bc85a40@2x.jpg\" alt=\"\" width=\"680\" height=\"533\" \/><figcaption id=\"caption-attachment-2212\" class=\"wp-caption-text\">(Fonte: TCS)<\/figcaption><\/figure>\n<div class=\"elementStandard elementContent elementHeadline elementHeadline_var0\">\n<p><strong>Zurigo e Ginevra sono i maggiori contendenti<\/strong><\/p>\n<\/div>\n<div class=\"elementStandard elementContent elementText elementText_var0 elementTextAlign_var0\">\n<p>Nelle regioni di Zurigo e Ginevra, ogni anno quasi quattro persone su cento hanno una controversia legale a causa di un incidente stradale o in relazione al proprio veicolo. Rispetto alle altre cinque grandi regioni svizzere, la frequenza nelle due aree metropolitane \u00e8 superiore di circa il 50%. Le controversie in materia di violazione delle regole del traffico si verificano quasi due volte pi\u00f9 spesso tra gli abitanti di Zurigo che nell'Espace Mittelland o in Ticino.<\/p>\n<\/div>\n<div class=\"elementStandard elementContent elementHeadline elementHeadline_var0\">\n<p><strong>Gli anziani discutono meno, gli uomini due volte pi\u00f9 spesso, le donne pi\u00f9 a lungo<br \/>\n<\/strong><\/p>\n<\/div>\n<div class=\"elementStandard elementContent elementText elementText_var0 elementTextAlign_var0\">\n<p>Se osserviamo la frequenza delle controversie relative alla mobilit\u00e0 con i veicoli in base alle fasce d'et\u00e0, vediamo che diminuisce chiaramente con l'aumentare dell'et\u00e0. La fascia di et\u00e0 compresa tra i 18 e i 35 anni, ad esempio, \u00e8 coinvolta in controversie legali con una frequenza quasi doppia rispetto alla fascia di et\u00e0 superiore ai 66 anni, con circa quattro controversie ogni cento persone.<\/p>\n<\/div>\n<div class=\"elementStandard elementContent elementText elementText_var0 elementTextAlign_var0\">\n<p>L'analisi di genere mostra che gli uomini sono responsabili di due terzi di tutte le controversie. Pertanto, litigano due volte pi\u00f9 spesso delle donne. La discrepanza \u00e8 particolarmente grande nel caso delle violazioni del codice della strada e degli incidenti stradali; solo \u00bc di queste controversie \u00e8 colpa delle donne, mentre gli uomini fanno la parte del leone con il 75%. Allo stesso modo, le controversie tra uomini costano in media il 25% in pi\u00f9. Le donne, invece, discutono pi\u00f9 a lungo. In media, una controversia legale dura quasi un mese in pi\u00f9 per le donne rispetto agli uomini.<\/p>\n<p><em>Il primo barometro delle controversie del TCS sulla protezione giuridica del traffico pu\u00f2 essere scaricato all'indirizzo <a href=\"\/\/www.tcs.ch\/de\/testberichte-ratgeber\/ratgeber\/streitbarometer\/\" target=\"_blank\" rel=\"noopener\" name=\"www.tcs.ch\">www.tcs.ch<\/a> pu\u00f2 essere scaricato. Seguiranno altri barometri per le controversie, con particolare attenzione alla tutela legale degli edifici e alla tutela legale privata.<\/em><\/p>\n<\/div>","protected":false},"excerpt":{"rendered":"<p>Nach dem bereits bekannten Reisebarometer ver\u00f6ffentlicht der TCS nun erstmals seinen Streitbarometer. Mit der schweizweit ersten Erhebung dieser Art unterstreicht der gr\u00f6sste Mobilit\u00e4tsclub der Schweiz seine langj\u00e4hrige Erfahrung im Bereich des Rechtsschutzes. Die Auswertungen des 1. Streitbarometers basieren auf dem TCS-Portfolio im Verkehrsrechtsschutz mit rund 263\u00b4000 Policen. Die erhobenen Daten basieren auf den TCS-Rechtsschutzf\u00e4llen, die [&hellip;]<\/p>\n","protected":false},"author":5,"featured_media":2213,"comment_status":"open","ping_status":"open","sticky":false,"template":"","format":"standard","meta":{"_acf_changed":false,"_yoast_wpseo_focuskw":"Streitbarometer","_yoast_wpseo_metadesc":"Der Touring Club Schweiz lanciert den 1. Schweizer Streitbarometer. Die Rechtsschutzstudie liefert Antworten darauf, wieso es in der Schweiz Streit gibt.","articlekey":"","footnotes":""},"categories":[1],"tags":[1263,2082,460,2452],"class_list":["post-10088","post","type-post","status-publish","format-standard","has-post-thumbnail","hentry","category-allgemein","tag-gender","tag-schweizer-und-schweizerinnen","tag-studien","tag-verhalten"],"acf":[],"yoast_head":"<!-- This site is optimized with the Yoast SEO plugin v27.4 - https:\/\/yoast.com\/product\/yoast-seo-wordpress\/ -->\n<title>Streitbarometer: Wie die Schweiz streitet - Organisator<\/title>\n<meta name=\"description\" content=\"Der Touring Club Schweiz lanciert den 1. Schweizer Streitbarometer. Die Rechtsschutzstudie liefert Antworten darauf, wieso es in der Schweiz Streit gibt.\" \/>\n<meta name=\"robots\" content=\"index, follow, max-snippet:-1, max-image-preview:large, max-video-preview:-1\" \/>\n<link rel=\"canonical\" href=\"https:\/\/www.organisator.ch\/it\/generale\/2019-06-20\/streitbarometer-wie-die-schweiz-streitet\/\" \/>\n<meta property=\"og:locale\" content=\"it_IT\" \/>\n<meta property=\"og:type\" content=\"article\" \/>\n<meta property=\"og:title\" content=\"Streitbarometer: Wie die Schweiz streitet - Organisator\" \/>\n<meta property=\"og:description\" content=\"Der Touring Club Schweiz lanciert den 1. Schweizer Streitbarometer. Die Rechtsschutzstudie liefert Antworten darauf, wieso es in der Schweiz Streit gibt.\" \/>\n<meta property=\"og:url\" content=\"https:\/\/www.organisator.ch\/it\/generale\/2019-06-20\/streitbarometer-wie-die-schweiz-streitet\/\" \/>\n<meta property=\"og:site_name\" content=\"Organisator\" \/>\n<meta property=\"article:publisher\" content=\"https:\/\/www.facebook.com\/OrganisatorFachmagazin\" \/>\n<meta property=\"article:published_time\" content=\"2019-06-20T14:32:52+00:00\" \/>\n<meta property=\"og:image\" content=\"https:\/\/www.organisator.ch\/wp-content\/uploads\/2019\/06\/TCS-Streitbarometer-UP_Umwelt-Perspektiven-scaled.jpg\" \/>\n\t<meta property=\"og:image:width\" content=\"2560\" \/>\n\t<meta property=\"og:image:height\" content=\"1665\" \/>\n\t<meta property=\"og:image:type\" content=\"image\/jpeg\" \/>\n<meta name=\"author\" content=\"michael.merz\" \/>\n<meta name=\"twitter:card\" content=\"summary_large_image\" \/>\n<script type=\"application\/ld+json\" class=\"yoast-schema-graph\">{\"@context\":\"https:\\\/\\\/schema.org\",\"@graph\":[{\"@type\":\"Article\",\"@id\":\"https:\\\/\\\/www.organisator.ch\\\/it\\\/generale\\\/2019-06-20\\\/streitbarometer-wie-die-schweiz-streitet\\\/#article\",\"isPartOf\":{\"@id\":\"https:\\\/\\\/www.organisator.ch\\\/it\\\/generale\\\/2019-06-20\\\/streitbarometer-wie-die-schweiz-streitet\\\/\"},\"author\":{\"name\":\"michael.merz\",\"@id\":\"https:\\\/\\\/www.organisator.ch\\\/#\\\/schema\\\/person\\\/134708ca9321c57b0362cceb7948ffbd\"},\"headline\":\"Streitbarometer: Wie die Schweiz streitet\",\"datePublished\":\"2019-06-20T14:32:52+00:00\",\"mainEntityOfPage\":{\"@id\":\"https:\\\/\\\/www.organisator.ch\\\/it\\\/generale\\\/2019-06-20\\\/streitbarometer-wie-die-schweiz-streitet\\\/\"},\"wordCount\":364,\"commentCount\":0,\"publisher\":{\"@id\":\"https:\\\/\\\/www.organisator.ch\\\/#organization\"},\"image\":{\"@id\":\"https:\\\/\\\/www.organisator.ch\\\/it\\\/generale\\\/2019-06-20\\\/streitbarometer-wie-die-schweiz-streitet\\\/#primaryimage\"},\"thumbnailUrl\":\"https:\\\/\\\/www.organisator.ch\\\/wp-content\\\/uploads\\\/2019\\\/06\\\/TCS-Streitbarometer-UP_Umwelt-Perspektiven-scaled.jpg\",\"keywords\":[\"Gender\",\"Schweizer und Schweizerinnen\",\"Studien\",\"Verhalten\"],\"articleSection\":[\"Allgemein\"],\"inLanguage\":\"it-IT\"},{\"@type\":\"WebPage\",\"@id\":\"https:\\\/\\\/www.organisator.ch\\\/it\\\/generale\\\/2019-06-20\\\/streitbarometer-wie-die-schweiz-streitet\\\/\",\"url\":\"https:\\\/\\\/www.organisator.ch\\\/it\\\/generale\\\/2019-06-20\\\/streitbarometer-wie-die-schweiz-streitet\\\/\",\"name\":\"Streitbarometer: Wie die Schweiz streitet - Organisator\",\"isPartOf\":{\"@id\":\"https:\\\/\\\/www.organisator.ch\\\/#website\"},\"primaryImageOfPage\":{\"@id\":\"https:\\\/\\\/www.organisator.ch\\\/it\\\/generale\\\/2019-06-20\\\/streitbarometer-wie-die-schweiz-streitet\\\/#primaryimage\"},\"image\":{\"@id\":\"https:\\\/\\\/www.organisator.ch\\\/it\\\/generale\\\/2019-06-20\\\/streitbarometer-wie-die-schweiz-streitet\\\/#primaryimage\"},\"thumbnailUrl\":\"https:\\\/\\\/www.organisator.ch\\\/wp-content\\\/uploads\\\/2019\\\/06\\\/TCS-Streitbarometer-UP_Umwelt-Perspektiven-scaled.jpg\",\"datePublished\":\"2019-06-20T14:32:52+00:00\",\"description\":\"Der Touring Club Schweiz lanciert den 1. Schweizer Streitbarometer. Die Rechtsschutzstudie liefert Antworten darauf, wieso es in der Schweiz Streit gibt.\",\"breadcrumb\":{\"@id\":\"https:\\\/\\\/www.organisator.ch\\\/it\\\/generale\\\/2019-06-20\\\/streitbarometer-wie-die-schweiz-streitet\\\/#breadcrumb\"},\"inLanguage\":\"it-IT\",\"potentialAction\":[{\"@type\":\"ReadAction\",\"target\":[\"https:\\\/\\\/www.organisator.ch\\\/it\\\/generale\\\/2019-06-20\\\/streitbarometer-wie-die-schweiz-streitet\\\/\"]}]},{\"@type\":\"ImageObject\",\"inLanguage\":\"it-IT\",\"@id\":\"https:\\\/\\\/www.organisator.ch\\\/it\\\/generale\\\/2019-06-20\\\/streitbarometer-wie-die-schweiz-streitet\\\/#primaryimage\",\"url\":\"https:\\\/\\\/www.organisator.ch\\\/wp-content\\\/uploads\\\/2019\\\/06\\\/TCS-Streitbarometer-UP_Umwelt-Perspektiven-scaled.jpg\",\"contentUrl\":\"https:\\\/\\\/www.organisator.ch\\\/wp-content\\\/uploads\\\/2019\\\/06\\\/TCS-Streitbarometer-UP_Umwelt-Perspektiven-scaled.jpg\",\"width\":2560,\"height\":1665,\"caption\":\"Wird die Streitfrequenz rund um die Mobilit\u00e4t mit Fahrzeugen nach Altersgruppen betrachtet, zeigt sich, dass diese mit zunehmendem Alter klar abnimmt. (Symbolbild: Unsplash)\"},{\"@type\":\"BreadcrumbList\",\"@id\":\"https:\\\/\\\/www.organisator.ch\\\/it\\\/generale\\\/2019-06-20\\\/streitbarometer-wie-die-schweiz-streitet\\\/#breadcrumb\",\"itemListElement\":[{\"@type\":\"ListItem\",\"position\":1,\"name\":\"Home\",\"item\":\"https:\\\/\\\/www.organisator.ch\\\/\"},{\"@type\":\"ListItem\",\"position\":2,\"name\":\"Streitbarometer: Wie die Schweiz streitet\"}]},{\"@type\":\"WebSite\",\"@id\":\"https:\\\/\\\/www.organisator.ch\\\/#website\",\"url\":\"https:\\\/\\\/www.organisator.ch\\\/\",\"name\":\"Organisator\",\"description\":\"Kompetent. Praxisnah. Der ORGANISATOR bereitet in 10 Ausgaben pro Jahr die wesentlichen Themen f\u00fcr F\u00fchrungskr\u00e4fte von KMU auf.\",\"publisher\":{\"@id\":\"https:\\\/\\\/www.organisator.ch\\\/#organization\"},\"potentialAction\":[{\"@type\":\"SearchAction\",\"target\":{\"@type\":\"EntryPoint\",\"urlTemplate\":\"https:\\\/\\\/www.organisator.ch\\\/?s={search_term_string}\"},\"query-input\":{\"@type\":\"PropertyValueSpecification\",\"valueRequired\":true,\"valueName\":\"search_term_string\"}}],\"inLanguage\":\"it-IT\"},{\"@type\":\"Organization\",\"@id\":\"https:\\\/\\\/www.organisator.ch\\\/#organization\",\"name\":\"Organisator\",\"url\":\"https:\\\/\\\/www.organisator.ch\\\/\",\"logo\":{\"@type\":\"ImageObject\",\"inLanguage\":\"it-IT\",\"@id\":\"https:\\\/\\\/www.organisator.ch\\\/#\\\/schema\\\/logo\\\/image\\\/\",\"url\":\"https:\\\/\\\/www.organisator.ch\\\/wp-content\\\/uploads\\\/2022\\\/01\\\/Logo_Organisator_Website.png\",\"contentUrl\":\"https:\\\/\\\/www.organisator.ch\\\/wp-content\\\/uploads\\\/2022\\\/01\\\/Logo_Organisator_Website.png\",\"width\":800,\"height\":77,\"caption\":\"Organisator\"},\"image\":{\"@id\":\"https:\\\/\\\/www.organisator.ch\\\/#\\\/schema\\\/logo\\\/image\\\/\"},\"sameAs\":[\"https:\\\/\\\/www.facebook.com\\\/OrganisatorFachmagazin\",\"https:\\\/\\\/www.linkedin.com\\\/showcase\\\/organisator-das-magazin-fr-kmu\",\"https:\\\/\\\/www.xing.com\\\/news\\\/pages\\\/organisator-ch-695\",\"https:\\\/\\\/www.youtube.com\\\/channel\\\/UCGP2Sq0iWaZwT3BdIAQFYpw\"]},{\"@type\":\"Person\",\"@id\":\"https:\\\/\\\/www.organisator.ch\\\/#\\\/schema\\\/person\\\/134708ca9321c57b0362cceb7948ffbd\",\"name\":\"michael.merz\",\"image\":{\"@type\":\"ImageObject\",\"inLanguage\":\"it-IT\",\"@id\":\"https:\\\/\\\/secure.gravatar.com\\\/avatar\\\/?s=96&d=mm&r=g\",\"url\":\"https:\\\/\\\/secure.gravatar.com\\\/avatar\\\/?s=96&d=mm&r=g\",\"contentUrl\":\"https:\\\/\\\/secure.gravatar.com\\\/avatar\\\/?s=96&d=mm&r=g\",\"caption\":\"michael.merz\"},\"url\":\"https:\\\/\\\/www.organisator.ch\\\/it\\\/author\\\/michael-merz\\\/\"}]}<\/script>\n<!-- \/ Yoast SEO plugin. -->","yoast_head_json":{"title":"Barometro delle controversie: Come la Svizzera litiga - Organizzatore","description":"Il Touring Club Svizzero lancia il 1\u00b0 Barometro delle controversie in Svizzera. Lo studio sulla protezione giuridica fornisce risposte sul perch\u00e9 delle controversie in Svizzera.","robots":{"index":"index","follow":"follow","max-snippet":"max-snippet:-1","max-image-preview":"max-image-preview:large","max-video-preview":"max-video-preview:-1"},"canonical":"https:\/\/www.organisator.ch\/it\/generale\/2019-06-20\/streitbarometer-wie-die-schweiz-streitet\/","og_locale":"it_IT","og_type":"article","og_title":"Streitbarometer: Wie die Schweiz streitet - Organisator","og_description":"Der Touring Club Schweiz lanciert den 1. Schweizer Streitbarometer. Die Rechtsschutzstudie liefert Antworten darauf, wieso es in der Schweiz Streit gibt.","og_url":"https:\/\/www.organisator.ch\/it\/generale\/2019-06-20\/streitbarometer-wie-die-schweiz-streitet\/","og_site_name":"Organisator","article_publisher":"https:\/\/www.facebook.com\/OrganisatorFachmagazin","article_published_time":"2019-06-20T14:32:52+00:00","og_image":[{"width":2560,"height":1665,"url":"https:\/\/www.organisator.ch\/wp-content\/uploads\/2019\/06\/TCS-Streitbarometer-UP_Umwelt-Perspektiven-scaled.jpg","type":"image\/jpeg"}],"author":"michael.merz","twitter_card":"summary_large_image","schema":{"@context":"https:\/\/schema.org","@graph":[{"@type":"Article","@id":"https:\/\/www.organisator.ch\/it\/generale\/2019-06-20\/streitbarometer-wie-die-schweiz-streitet\/#article","isPartOf":{"@id":"https:\/\/www.organisator.ch\/it\/generale\/2019-06-20\/streitbarometer-wie-die-schweiz-streitet\/"},"author":{"name":"michael.merz","@id":"https:\/\/www.organisator.ch\/#\/schema\/person\/134708ca9321c57b0362cceb7948ffbd"},"headline":"Streitbarometer: Wie die Schweiz streitet","datePublished":"2019-06-20T14:32:52+00:00","mainEntityOfPage":{"@id":"https:\/\/www.organisator.ch\/it\/generale\/2019-06-20\/streitbarometer-wie-die-schweiz-streitet\/"},"wordCount":364,"commentCount":0,"publisher":{"@id":"https:\/\/www.organisator.ch\/#organization"},"image":{"@id":"https:\/\/www.organisator.ch\/it\/generale\/2019-06-20\/streitbarometer-wie-die-schweiz-streitet\/#primaryimage"},"thumbnailUrl":"https:\/\/www.organisator.ch\/wp-content\/uploads\/2019\/06\/TCS-Streitbarometer-UP_Umwelt-Perspektiven-scaled.jpg","keywords":["Gender","Schweizer und Schweizerinnen","Studien","Verhalten"],"articleSection":["Allgemein"],"inLanguage":"it-IT"},{"@type":"WebPage","@id":"https:\/\/www.organisator.ch\/it\/generale\/2019-06-20\/streitbarometer-wie-die-schweiz-streitet\/","url":"https:\/\/www.organisator.ch\/it\/generale\/2019-06-20\/streitbarometer-wie-die-schweiz-streitet\/","name":"Barometro delle controversie: Come la Svizzera litiga - Organizzatore","isPartOf":{"@id":"https:\/\/www.organisator.ch\/#website"},"primaryImageOfPage":{"@id":"https:\/\/www.organisator.ch\/it\/generale\/2019-06-20\/streitbarometer-wie-die-schweiz-streitet\/#primaryimage"},"image":{"@id":"https:\/\/www.organisator.ch\/it\/generale\/2019-06-20\/streitbarometer-wie-die-schweiz-streitet\/#primaryimage"},"thumbnailUrl":"https:\/\/www.organisator.ch\/wp-content\/uploads\/2019\/06\/TCS-Streitbarometer-UP_Umwelt-Perspektiven-scaled.jpg","datePublished":"2019-06-20T14:32:52+00:00","description":"Il Touring Club Svizzero lancia il 1\u00b0 Barometro delle controversie in Svizzera. Lo studio sulla protezione giuridica fornisce risposte sul perch\u00e9 delle controversie in Svizzera.","breadcrumb":{"@id":"https:\/\/www.organisator.ch\/it\/generale\/2019-06-20\/streitbarometer-wie-die-schweiz-streitet\/#breadcrumb"},"inLanguage":"it-IT","potentialAction":[{"@type":"ReadAction","target":["https:\/\/www.organisator.ch\/it\/generale\/2019-06-20\/streitbarometer-wie-die-schweiz-streitet\/"]}]},{"@type":"ImageObject","inLanguage":"it-IT","@id":"https:\/\/www.organisator.ch\/it\/generale\/2019-06-20\/streitbarometer-wie-die-schweiz-streitet\/#primaryimage","url":"https:\/\/www.organisator.ch\/wp-content\/uploads\/2019\/06\/TCS-Streitbarometer-UP_Umwelt-Perspektiven-scaled.jpg","contentUrl":"https:\/\/www.organisator.ch\/wp-content\/uploads\/2019\/06\/TCS-Streitbarometer-UP_Umwelt-Perspektiven-scaled.jpg","width":2560,"height":1665,"caption":"Wird die Streitfrequenz rund um die Mobilit\u00e4t mit Fahrzeugen nach Altersgruppen betrachtet, zeigt sich, dass diese mit zunehmendem Alter klar abnimmt. (Symbolbild: Unsplash)"},{"@type":"BreadcrumbList","@id":"https:\/\/www.organisator.ch\/it\/generale\/2019-06-20\/streitbarometer-wie-die-schweiz-streitet\/#breadcrumb","itemListElement":[{"@type":"ListItem","position":1,"name":"Home","item":"https:\/\/www.organisator.ch\/"},{"@type":"ListItem","position":2,"name":"Streitbarometer: Wie die Schweiz streitet"}]},{"@type":"WebSite","@id":"https:\/\/www.organisator.ch\/#website","url":"https:\/\/www.organisator.ch\/","name":"Organizzatore","description":"Competente. Pratico. In 10 numeri all'anno, ORGANISATOR presenta i temi essenziali per i manager delle PMI.","publisher":{"@id":"https:\/\/www.organisator.ch\/#organization"},"potentialAction":[{"@type":"SearchAction","target":{"@type":"EntryPoint","urlTemplate":"https:\/\/www.organisator.ch\/?s={search_term_string}"},"query-input":{"@type":"PropertyValueSpecification","valueRequired":true,"valueName":"search_term_string"}}],"inLanguage":"it-IT"},{"@type":"Organization","@id":"https:\/\/www.organisator.ch\/#organization","name":"Organizzatore","url":"https:\/\/www.organisator.ch\/","logo":{"@type":"ImageObject","inLanguage":"it-IT","@id":"https:\/\/www.organisator.ch\/#\/schema\/logo\/image\/","url":"https:\/\/www.organisator.ch\/wp-content\/uploads\/2022\/01\/Logo_Organisator_Website.png","contentUrl":"https:\/\/www.organisator.ch\/wp-content\/uploads\/2022\/01\/Logo_Organisator_Website.png","width":800,"height":77,"caption":"Organisator"},"image":{"@id":"https:\/\/www.organisator.ch\/#\/schema\/logo\/image\/"},"sameAs":["https:\/\/www.facebook.com\/OrganisatorFachmagazin","https:\/\/www.linkedin.com\/showcase\/organisator-das-magazin-fr-kmu","https:\/\/www.xing.com\/news\/pages\/organisator-ch-695","https:\/\/www.youtube.com\/channel\/UCGP2Sq0iWaZwT3BdIAQFYpw"]},{"@type":"Person","@id":"https:\/\/www.organisator.ch\/#\/schema\/person\/134708ca9321c57b0362cceb7948ffbd","name":"michael.merz","image":{"@type":"ImageObject","inLanguage":"it-IT","@id":"https:\/\/secure.gravatar.com\/avatar\/?s=96&d=mm&r=g","url":"https:\/\/secure.gravatar.com\/avatar\/?s=96&d=mm&r=g","contentUrl":"https:\/\/secure.gravatar.com\/avatar\/?s=96&d=mm&r=g","caption":"michael.merz"},"url":"https:\/\/www.organisator.ch\/it\/author\/michael-merz\/"}]}},"_links":{"self":[{"href":"https:\/\/www.organisator.ch\/it\/wp-json\/wp\/v2\/posts\/10088","targetHints":{"allow":["GET"]}}],"collection":[{"href":"https:\/\/www.organisator.ch\/it\/wp-json\/wp\/v2\/posts"}],"about":[{"href":"https:\/\/www.organisator.ch\/it\/wp-json\/wp\/v2\/types\/post"}],"author":[{"embeddable":true,"href":"https:\/\/www.organisator.ch\/it\/wp-json\/wp\/v2\/users\/5"}],"replies":[{"embeddable":true,"href":"https:\/\/www.organisator.ch\/it\/wp-json\/wp\/v2\/comments?post=10088"}],"version-history":[{"count":0,"href":"https:\/\/www.organisator.ch\/it\/wp-json\/wp\/v2\/posts\/10088\/revisions"}],"wp:featuredmedia":[{"embeddable":true,"href":"https:\/\/www.organisator.ch\/it\/wp-json\/wp\/v2\/media\/2213"}],"wp:attachment":[{"href":"https:\/\/www.organisator.ch\/it\/wp-json\/wp\/v2\/media?parent=10088"}],"wp:term":[{"taxonomy":"category","embeddable":true,"href":"https:\/\/www.organisator.ch\/it\/wp-json\/wp\/v2\/categories?post=10088"},{"taxonomy":"post_tag","embeddable":true,"href":"https:\/\/www.organisator.ch\/it\/wp-json\/wp\/v2\/tags?post=10088"}],"curies":[{"name":"wp","href":"https:\/\/api.w.org\/{rel}","templated":true}]}}