{"id":10096,"date":"2019-07-10T15:45:32","date_gmt":"2019-07-10T13:45:32","guid":{"rendered":"https:\/\/www.umweltperspektiven.ch\/?p=2292"},"modified":"2022-02-09T11:06:17","modified_gmt":"2022-02-09T10:06:17","slug":"oekobluff-bei-tragetaschen","status":"publish","type":"post","link":"https:\/\/www.organisator.ch\/it\/sustainability\/2019-07-10\/oekobluff-bei-tragetaschen\/","title":{"rendered":"Eco-bluff per le borse da trasporto"},"content":{"rendered":"<figure id=\"attachment_2293\" aria-describedby=\"caption-attachment-2293\" style=\"width: 680px\" class=\"wp-caption alignnone\"><img loading=\"lazy\" decoding=\"async\" class=\"size-medium wp-image-2293\" src=\"\/\/www.umweltperspektiven.ch\/wp-content\/uploads\/2019\/07\/Bildmaterial-PI-yes-or-no-Media-\u00d6kobluff-bei-Tragetaschen-201907-300-dpi.jpg\" alt=\"\" width=\"680\" height=\"510\" \/><figcaption id=\"caption-attachment-2293\" class=\"wp-caption-text\">Con il sacchetto di carta, l'immagine \u00e8 migliore della realt\u00e0. Gli svantaggi pratici per i consumatori non sono compensati dai vantaggi ambientali.<br \/>(Fonte: \u00a9Comporre s\u00ec o no\/ Media_Aasirov CanStockPhotos)<\/figcaption><\/figure>\n<p>Molti rivenditori offrono oggi solo sacchetti di carta o di lino. I sacchetti di plastica costano o vengono aboliti immediatamente. Tuttavia, gli svantaggi pratici del sacchetto di carta sono difficili da ignorare. La loro capacit\u00e0 di trasporto \u00e8 relativamente bassa: si strappano facilmente se caricati con poche bottiglie o lattine. Posto sulla strada bagnata, il pavimento si ammorbidisce in breve tempo. A causa del suo spessore e della mancanza di flessibilit\u00e0, \u00e8 difficile da ripiegare per essere riposto nella tasca della giacca. Molte persone sopporterebbero tutto questo se il sacchetto di carta fosse un bene per l'ambiente.<\/p>\n<p><strong>Quale materiale \u00e8 migliore ora?\u00a0<\/strong><\/p>\n<p>Tuttavia, questo non \u00e8 affatto il caso. Al contrario, la produzione di carta richiede una grande quantit\u00e0 di materiali ed energia. Durante la produzione, il legno sminuzzato viene trasformato in polpa di cellulosa nel bagno di cottura. Il materiale viene poi trattato con acqua e agenti sbiancanti in diverse fasi, essiccato, pressato e, a seconda del tipo di carta, ulteriormente raffinato. Secondo l'Agenzia Federale per l'Ambiente, una tonnellata di carta richiede la stessa quantit\u00e0 di energia per essere prodotta di una tonnellata di acciaio.<\/p>\n<p>L'Istituto svizzero per le prove sui materiali EMPA di San Gallo ha determinato l'impatto ambientale dei vari tipi di sacchetti. Nella valutazione del ciclo di vita, il sacchetto di carta \u00e8 risultato il secondo peggiore. Per il confronto \u00e8 stato utilizzato un tipico sacchetto di plastica realizzato con almeno l'80 di materiale riciclato %. Di conseguenza, un sacchetto di carta dovrebbe essere usato 7,4 volte pi\u00f9 spesso di un sacchetto di plastica per compensare il suo maggiore consumo di risorse. Non \u00e8 certo che durer\u00e0 cos\u00ec a lungo. Solo il sacchetto di cotone ha fatto peggio nello studio pubblicato nel 2014. Dovrebbe essere usato 82,4 volte pi\u00f9 spesso di un sacchetto di plastica per recuperare gli alti costi di produzione.<\/p>\n<p>Il confronto mostra: Con il sacchetto di carta, l'immagine \u00e8 migliore della realt\u00e0. Gli svantaggi pratici per i consumatori non sono compensati da alcun beneficio per l'ambiente.<\/p>\n<p><a href=\"\/\/www.yes-or-no.de\">www.yes-or-no.de<\/a><\/p>","protected":false},"excerpt":{"rendered":"<p>Viele H\u00e4ndler bieten Tragetaschen nur noch aus Papier oder Leinen an. Kunststofft\u00fcten kosten Geld oder werden gleich abgeschafft. Dabei sind die praktischen Nachteile der Papiert\u00fcte kaum zu \u00fcbersehen. Ihre Tragkraft ist vergleichsweise gering \u2013 bei Beladung mit ein paar Flaschen oder Dosen rei\u00dft sie leicht ein. Auf die nasse Stra\u00dfe abgestellt, weicht in kurzer Zeit [&hellip;]<\/p>\n","protected":false},"author":1,"featured_media":9623,"comment_status":"open","ping_status":"open","sticky":false,"template":"","format":"standard","meta":{"_acf_changed":false,"_yoast_wpseo_focuskw":"Tragetaschen","_yoast_wpseo_metadesc":"Der Handel bietet Tragetaschen zunehmend aus Papier an. Im Alltag erweisen sich solche T\u00fcten oft als unpraktisch und kurzlebig.","articlekey":"","footnotes":""},"categories":[580],"tags":[1052,1671,2318],"class_list":["post-10096","post","type-post","status-publish","format-standard","has-post-thumbnail","hentry","category-sustainability","tag-empa","tag-materialpruefung","tag-tragtaschen"],"acf":[],"yoast_head":"<!-- This site is optimized with the Yoast SEO plugin v27.4 - https:\/\/yoast.com\/product\/yoast-seo-wordpress\/ -->\n<title>\u00d6kobluff bei Tragetaschen - Organisator<\/title>\n<meta name=\"description\" content=\"Der Handel bietet Tragetaschen zunehmend aus Papier an. Im Alltag erweisen sich solche T\u00fcten oft als unpraktisch und kurzlebig.\" \/>\n<meta name=\"robots\" content=\"index, follow, max-snippet:-1, max-image-preview:large, max-video-preview:-1\" \/>\n<link rel=\"canonical\" href=\"https:\/\/www.organisator.ch\/it\/sostenibilita\/2019-07-10\/oekobluff-bei-tragetaschen\/\" \/>\n<meta property=\"og:locale\" content=\"it_IT\" \/>\n<meta property=\"og:type\" content=\"article\" \/>\n<meta property=\"og:title\" content=\"\u00d6kobluff bei Tragetaschen - Organisator\" \/>\n<meta property=\"og:description\" content=\"Der Handel bietet Tragetaschen zunehmend aus Papier an. Im Alltag erweisen sich solche T\u00fcten oft als unpraktisch und kurzlebig.\" \/>\n<meta property=\"og:url\" content=\"https:\/\/www.organisator.ch\/it\/sostenibilita\/2019-07-10\/oekobluff-bei-tragetaschen\/\" \/>\n<meta property=\"og:site_name\" content=\"Organisator\" \/>\n<meta property=\"article:publisher\" content=\"https:\/\/www.facebook.com\/OrganisatorFachmagazin\" \/>\n<meta property=\"article:published_time\" content=\"2019-07-10T13:45:32+00:00\" \/>\n<meta property=\"article:modified_time\" content=\"2022-02-09T10:06:17+00:00\" \/>\n<meta property=\"og:image\" content=\"https:\/\/www.organisator.ch\/wp-content\/uploads\/2019\/07\/Bildmaterial-PI-yes-or-no-Media-Oekobluff-bei-Tragetaschen-201907-300-dpi-1024x768.jpg\" \/>\n\t<meta property=\"og:image:width\" content=\"1024\" \/>\n\t<meta property=\"og:image:height\" content=\"768\" \/>\n\t<meta property=\"og:image:type\" content=\"image\/jpeg\" \/>\n<meta name=\"author\" content=\"admin\" \/>\n<meta name=\"twitter:card\" content=\"summary_large_image\" \/>\n<script type=\"application\/ld+json\" class=\"yoast-schema-graph\">{\"@context\":\"https:\\\/\\\/schema.org\",\"@graph\":[{\"@type\":\"Article\",\"@id\":\"https:\\\/\\\/www.organisator.ch\\\/sustainability\\\/2019-07-10\\\/oekobluff-bei-tragetaschen\\\/#article\",\"isPartOf\":{\"@id\":\"https:\\\/\\\/www.organisator.ch\\\/sustainability\\\/2019-07-10\\\/oekobluff-bei-tragetaschen\\\/\"},\"author\":{\"name\":\"admin\",\"@id\":\"https:\\\/\\\/www.organisator.ch\\\/#\\\/schema\\\/person\\\/aa2bace6c5c5aad60102004a50c4eb1c\"},\"headline\":\"\u00d6kobluff bei Tragetaschen\",\"datePublished\":\"2019-07-10T13:45:32+00:00\",\"dateModified\":\"2022-02-09T10:06:17+00:00\",\"mainEntityOfPage\":{\"@id\":\"https:\\\/\\\/www.organisator.ch\\\/sustainability\\\/2019-07-10\\\/oekobluff-bei-tragetaschen\\\/\"},\"wordCount\":336,\"commentCount\":0,\"publisher\":{\"@id\":\"https:\\\/\\\/www.organisator.ch\\\/#organization\"},\"image\":{\"@id\":\"https:\\\/\\\/www.organisator.ch\\\/sustainability\\\/2019-07-10\\\/oekobluff-bei-tragetaschen\\\/#primaryimage\"},\"thumbnailUrl\":\"https:\\\/\\\/www.organisator.ch\\\/wp-content\\\/uploads\\\/2019\\\/07\\\/Bildmaterial-PI-yes-or-no-Media-Oekobluff-bei-Tragetaschen-201907-300-dpi-scaled.jpg\",\"keywords\":[\"Empa\",\"Materialpr\u00fcfung\",\"Tragtaschen\"],\"articleSection\":[\"SUSTAINABILITY\"],\"inLanguage\":\"it-IT\"},{\"@type\":\"WebPage\",\"@id\":\"https:\\\/\\\/www.organisator.ch\\\/sustainability\\\/2019-07-10\\\/oekobluff-bei-tragetaschen\\\/\",\"url\":\"https:\\\/\\\/www.organisator.ch\\\/sustainability\\\/2019-07-10\\\/oekobluff-bei-tragetaschen\\\/\",\"name\":\"\u00d6kobluff bei Tragetaschen - Organisator\",\"isPartOf\":{\"@id\":\"https:\\\/\\\/www.organisator.ch\\\/#website\"},\"primaryImageOfPage\":{\"@id\":\"https:\\\/\\\/www.organisator.ch\\\/sustainability\\\/2019-07-10\\\/oekobluff-bei-tragetaschen\\\/#primaryimage\"},\"image\":{\"@id\":\"https:\\\/\\\/www.organisator.ch\\\/sustainability\\\/2019-07-10\\\/oekobluff-bei-tragetaschen\\\/#primaryimage\"},\"thumbnailUrl\":\"https:\\\/\\\/www.organisator.ch\\\/wp-content\\\/uploads\\\/2019\\\/07\\\/Bildmaterial-PI-yes-or-no-Media-Oekobluff-bei-Tragetaschen-201907-300-dpi-scaled.jpg\",\"datePublished\":\"2019-07-10T13:45:32+00:00\",\"dateModified\":\"2022-02-09T10:06:17+00:00\",\"description\":\"Der Handel bietet Tragetaschen zunehmend aus Papier an. Im Alltag erweisen sich solche T\u00fcten oft als unpraktisch und kurzlebig.\",\"breadcrumb\":{\"@id\":\"https:\\\/\\\/www.organisator.ch\\\/sustainability\\\/2019-07-10\\\/oekobluff-bei-tragetaschen\\\/#breadcrumb\"},\"inLanguage\":\"it-IT\",\"potentialAction\":[{\"@type\":\"ReadAction\",\"target\":[\"https:\\\/\\\/www.organisator.ch\\\/sustainability\\\/2019-07-10\\\/oekobluff-bei-tragetaschen\\\/\"]}]},{\"@type\":\"ImageObject\",\"inLanguage\":\"it-IT\",\"@id\":\"https:\\\/\\\/www.organisator.ch\\\/sustainability\\\/2019-07-10\\\/oekobluff-bei-tragetaschen\\\/#primaryimage\",\"url\":\"https:\\\/\\\/www.organisator.ch\\\/wp-content\\\/uploads\\\/2019\\\/07\\\/Bildmaterial-PI-yes-or-no-Media-Oekobluff-bei-Tragetaschen-201907-300-dpi-scaled.jpg\",\"contentUrl\":\"https:\\\/\\\/www.organisator.ch\\\/wp-content\\\/uploads\\\/2019\\\/07\\\/Bildmaterial-PI-yes-or-no-Media-Oekobluff-bei-Tragetaschen-201907-300-dpi-scaled.jpg\",\"width\":2560,\"height\":1920,\"caption\":\"Bei der Papiert\u00fcte ist das Image besser als die Wirklichkeit. Den praktischen Nachteilen der Verbraucher steht kein Nutzen f\u00fcr die Umwelt entgegen. (Quelle: \u00a9Composing yes or no\\\/ Media_Aasirov CanStockPhotos)\"},{\"@type\":\"BreadcrumbList\",\"@id\":\"https:\\\/\\\/www.organisator.ch\\\/sustainability\\\/2019-07-10\\\/oekobluff-bei-tragetaschen\\\/#breadcrumb\",\"itemListElement\":[{\"@type\":\"ListItem\",\"position\":1,\"name\":\"Home\",\"item\":\"https:\\\/\\\/www.organisator.ch\\\/\"},{\"@type\":\"ListItem\",\"position\":2,\"name\":\"\u00d6kobluff bei Tragetaschen\"}]},{\"@type\":\"WebSite\",\"@id\":\"https:\\\/\\\/www.organisator.ch\\\/#website\",\"url\":\"https:\\\/\\\/www.organisator.ch\\\/\",\"name\":\"Organisator\",\"description\":\"Kompetent. Praxisnah. Der ORGANISATOR bereitet in 10 Ausgaben pro Jahr die wesentlichen Themen f\u00fcr F\u00fchrungskr\u00e4fte von KMU auf.\",\"publisher\":{\"@id\":\"https:\\\/\\\/www.organisator.ch\\\/#organization\"},\"potentialAction\":[{\"@type\":\"SearchAction\",\"target\":{\"@type\":\"EntryPoint\",\"urlTemplate\":\"https:\\\/\\\/www.organisator.ch\\\/?s={search_term_string}\"},\"query-input\":{\"@type\":\"PropertyValueSpecification\",\"valueRequired\":true,\"valueName\":\"search_term_string\"}}],\"inLanguage\":\"it-IT\"},{\"@type\":\"Organization\",\"@id\":\"https:\\\/\\\/www.organisator.ch\\\/#organization\",\"name\":\"Organisator\",\"url\":\"https:\\\/\\\/www.organisator.ch\\\/\",\"logo\":{\"@type\":\"ImageObject\",\"inLanguage\":\"it-IT\",\"@id\":\"https:\\\/\\\/www.organisator.ch\\\/#\\\/schema\\\/logo\\\/image\\\/\",\"url\":\"https:\\\/\\\/www.organisator.ch\\\/wp-content\\\/uploads\\\/2022\\\/01\\\/Logo_Organisator_Website.png\",\"contentUrl\":\"https:\\\/\\\/www.organisator.ch\\\/wp-content\\\/uploads\\\/2022\\\/01\\\/Logo_Organisator_Website.png\",\"width\":800,\"height\":77,\"caption\":\"Organisator\"},\"image\":{\"@id\":\"https:\\\/\\\/www.organisator.ch\\\/#\\\/schema\\\/logo\\\/image\\\/\"},\"sameAs\":[\"https:\\\/\\\/www.facebook.com\\\/OrganisatorFachmagazin\",\"https:\\\/\\\/www.linkedin.com\\\/showcase\\\/organisator-das-magazin-fr-kmu\",\"https:\\\/\\\/www.xing.com\\\/news\\\/pages\\\/organisator-ch-695\",\"https:\\\/\\\/www.youtube.com\\\/channel\\\/UCGP2Sq0iWaZwT3BdIAQFYpw\"]},{\"@type\":\"Person\",\"@id\":\"https:\\\/\\\/www.organisator.ch\\\/#\\\/schema\\\/person\\\/aa2bace6c5c5aad60102004a50c4eb1c\",\"name\":\"admin\",\"image\":{\"@type\":\"ImageObject\",\"inLanguage\":\"it-IT\",\"@id\":\"https:\\\/\\\/secure.gravatar.com\\\/avatar\\\/ae2f4d718e6c49043e314ce431e7e645d646302a24a5ef5a8bc8e3f5a032e319?s=96&d=mm&r=g\",\"url\":\"https:\\\/\\\/secure.gravatar.com\\\/avatar\\\/ae2f4d718e6c49043e314ce431e7e645d646302a24a5ef5a8bc8e3f5a032e319?s=96&d=mm&r=g\",\"contentUrl\":\"https:\\\/\\\/secure.gravatar.com\\\/avatar\\\/ae2f4d718e6c49043e314ce431e7e645d646302a24a5ef5a8bc8e3f5a032e319?s=96&d=mm&r=g\",\"caption\":\"admin\"},\"sameAs\":[\"https:\\\/\\\/www.organisator.ch\"],\"url\":\"https:\\\/\\\/www.organisator.ch\\\/it\\\/author\\\/admin\\\/\"}]}<\/script>\n<!-- \/ Yoast SEO plugin. -->","yoast_head_json":{"title":"Eco-bluff per sacchetti - Organizzatore","description":"I rivenditori offrono sempre pi\u00f9 spesso sacchetti di carta. Nella vita quotidiana, queste borse si rivelano spesso poco pratiche e di breve durata.","robots":{"index":"index","follow":"follow","max-snippet":"max-snippet:-1","max-image-preview":"max-image-preview:large","max-video-preview":"max-video-preview:-1"},"canonical":"https:\/\/www.organisator.ch\/it\/sostenibilita\/2019-07-10\/oekobluff-bei-tragetaschen\/","og_locale":"it_IT","og_type":"article","og_title":"\u00d6kobluff bei Tragetaschen - Organisator","og_description":"Der Handel bietet Tragetaschen zunehmend aus Papier an. Im Alltag erweisen sich solche T\u00fcten oft als unpraktisch und kurzlebig.","og_url":"https:\/\/www.organisator.ch\/it\/sostenibilita\/2019-07-10\/oekobluff-bei-tragetaschen\/","og_site_name":"Organisator","article_publisher":"https:\/\/www.facebook.com\/OrganisatorFachmagazin","article_published_time":"2019-07-10T13:45:32+00:00","article_modified_time":"2022-02-09T10:06:17+00:00","og_image":[{"width":1024,"height":768,"url":"https:\/\/www.organisator.ch\/wp-content\/uploads\/2019\/07\/Bildmaterial-PI-yes-or-no-Media-Oekobluff-bei-Tragetaschen-201907-300-dpi-1024x768.jpg","type":"image\/jpeg"}],"author":"admin","twitter_card":"summary_large_image","schema":{"@context":"https:\/\/schema.org","@graph":[{"@type":"Article","@id":"https:\/\/www.organisator.ch\/sustainability\/2019-07-10\/oekobluff-bei-tragetaschen\/#article","isPartOf":{"@id":"https:\/\/www.organisator.ch\/sustainability\/2019-07-10\/oekobluff-bei-tragetaschen\/"},"author":{"name":"admin","@id":"https:\/\/www.organisator.ch\/#\/schema\/person\/aa2bace6c5c5aad60102004a50c4eb1c"},"headline":"\u00d6kobluff bei Tragetaschen","datePublished":"2019-07-10T13:45:32+00:00","dateModified":"2022-02-09T10:06:17+00:00","mainEntityOfPage":{"@id":"https:\/\/www.organisator.ch\/sustainability\/2019-07-10\/oekobluff-bei-tragetaschen\/"},"wordCount":336,"commentCount":0,"publisher":{"@id":"https:\/\/www.organisator.ch\/#organization"},"image":{"@id":"https:\/\/www.organisator.ch\/sustainability\/2019-07-10\/oekobluff-bei-tragetaschen\/#primaryimage"},"thumbnailUrl":"https:\/\/www.organisator.ch\/wp-content\/uploads\/2019\/07\/Bildmaterial-PI-yes-or-no-Media-Oekobluff-bei-Tragetaschen-201907-300-dpi-scaled.jpg","keywords":["Empa","Materialpr\u00fcfung","Tragtaschen"],"articleSection":["SUSTAINABILITY"],"inLanguage":"it-IT"},{"@type":"WebPage","@id":"https:\/\/www.organisator.ch\/sustainability\/2019-07-10\/oekobluff-bei-tragetaschen\/","url":"https:\/\/www.organisator.ch\/sustainability\/2019-07-10\/oekobluff-bei-tragetaschen\/","name":"Eco-bluff per sacchetti - Organizzatore","isPartOf":{"@id":"https:\/\/www.organisator.ch\/#website"},"primaryImageOfPage":{"@id":"https:\/\/www.organisator.ch\/sustainability\/2019-07-10\/oekobluff-bei-tragetaschen\/#primaryimage"},"image":{"@id":"https:\/\/www.organisator.ch\/sustainability\/2019-07-10\/oekobluff-bei-tragetaschen\/#primaryimage"},"thumbnailUrl":"https:\/\/www.organisator.ch\/wp-content\/uploads\/2019\/07\/Bildmaterial-PI-yes-or-no-Media-Oekobluff-bei-Tragetaschen-201907-300-dpi-scaled.jpg","datePublished":"2019-07-10T13:45:32+00:00","dateModified":"2022-02-09T10:06:17+00:00","description":"I rivenditori offrono sempre pi\u00f9 spesso sacchetti di carta. Nella vita quotidiana, queste borse si rivelano spesso poco pratiche e di breve durata.","breadcrumb":{"@id":"https:\/\/www.organisator.ch\/sustainability\/2019-07-10\/oekobluff-bei-tragetaschen\/#breadcrumb"},"inLanguage":"it-IT","potentialAction":[{"@type":"ReadAction","target":["https:\/\/www.organisator.ch\/sustainability\/2019-07-10\/oekobluff-bei-tragetaschen\/"]}]},{"@type":"ImageObject","inLanguage":"it-IT","@id":"https:\/\/www.organisator.ch\/sustainability\/2019-07-10\/oekobluff-bei-tragetaschen\/#primaryimage","url":"https:\/\/www.organisator.ch\/wp-content\/uploads\/2019\/07\/Bildmaterial-PI-yes-or-no-Media-Oekobluff-bei-Tragetaschen-201907-300-dpi-scaled.jpg","contentUrl":"https:\/\/www.organisator.ch\/wp-content\/uploads\/2019\/07\/Bildmaterial-PI-yes-or-no-Media-Oekobluff-bei-Tragetaschen-201907-300-dpi-scaled.jpg","width":2560,"height":1920,"caption":"Bei der Papiert\u00fcte ist das Image besser als die Wirklichkeit. Den praktischen Nachteilen der Verbraucher steht kein Nutzen f\u00fcr die Umwelt entgegen. (Quelle: \u00a9Composing yes or no\/ Media_Aasirov CanStockPhotos)"},{"@type":"BreadcrumbList","@id":"https:\/\/www.organisator.ch\/sustainability\/2019-07-10\/oekobluff-bei-tragetaschen\/#breadcrumb","itemListElement":[{"@type":"ListItem","position":1,"name":"Home","item":"https:\/\/www.organisator.ch\/"},{"@type":"ListItem","position":2,"name":"\u00d6kobluff bei Tragetaschen"}]},{"@type":"WebSite","@id":"https:\/\/www.organisator.ch\/#website","url":"https:\/\/www.organisator.ch\/","name":"Organizzatore","description":"Competente. Pratico. In 10 numeri all'anno, ORGANISATOR presenta i temi essenziali per i manager delle PMI.","publisher":{"@id":"https:\/\/www.organisator.ch\/#organization"},"potentialAction":[{"@type":"SearchAction","target":{"@type":"EntryPoint","urlTemplate":"https:\/\/www.organisator.ch\/?s={search_term_string}"},"query-input":{"@type":"PropertyValueSpecification","valueRequired":true,"valueName":"search_term_string"}}],"inLanguage":"it-IT"},{"@type":"Organization","@id":"https:\/\/www.organisator.ch\/#organization","name":"Organizzatore","url":"https:\/\/www.organisator.ch\/","logo":{"@type":"ImageObject","inLanguage":"it-IT","@id":"https:\/\/www.organisator.ch\/#\/schema\/logo\/image\/","url":"https:\/\/www.organisator.ch\/wp-content\/uploads\/2022\/01\/Logo_Organisator_Website.png","contentUrl":"https:\/\/www.organisator.ch\/wp-content\/uploads\/2022\/01\/Logo_Organisator_Website.png","width":800,"height":77,"caption":"Organisator"},"image":{"@id":"https:\/\/www.organisator.ch\/#\/schema\/logo\/image\/"},"sameAs":["https:\/\/www.facebook.com\/OrganisatorFachmagazin","https:\/\/www.linkedin.com\/showcase\/organisator-das-magazin-fr-kmu","https:\/\/www.xing.com\/news\/pages\/organisator-ch-695","https:\/\/www.youtube.com\/channel\/UCGP2Sq0iWaZwT3BdIAQFYpw"]},{"@type":"Person","@id":"https:\/\/www.organisator.ch\/#\/schema\/person\/aa2bace6c5c5aad60102004a50c4eb1c","name":"amministratore","image":{"@type":"ImageObject","inLanguage":"it-IT","@id":"https:\/\/secure.gravatar.com\/avatar\/ae2f4d718e6c49043e314ce431e7e645d646302a24a5ef5a8bc8e3f5a032e319?s=96&d=mm&r=g","url":"https:\/\/secure.gravatar.com\/avatar\/ae2f4d718e6c49043e314ce431e7e645d646302a24a5ef5a8bc8e3f5a032e319?s=96&d=mm&r=g","contentUrl":"https:\/\/secure.gravatar.com\/avatar\/ae2f4d718e6c49043e314ce431e7e645d646302a24a5ef5a8bc8e3f5a032e319?s=96&d=mm&r=g","caption":"admin"},"sameAs":["https:\/\/www.organisator.ch"],"url":"https:\/\/www.organisator.ch\/it\/author\/admin\/"}]}},"_links":{"self":[{"href":"https:\/\/www.organisator.ch\/it\/wp-json\/wp\/v2\/posts\/10096","targetHints":{"allow":["GET"]}}],"collection":[{"href":"https:\/\/www.organisator.ch\/it\/wp-json\/wp\/v2\/posts"}],"about":[{"href":"https:\/\/www.organisator.ch\/it\/wp-json\/wp\/v2\/types\/post"}],"author":[{"embeddable":true,"href":"https:\/\/www.organisator.ch\/it\/wp-json\/wp\/v2\/users\/1"}],"replies":[{"embeddable":true,"href":"https:\/\/www.organisator.ch\/it\/wp-json\/wp\/v2\/comments?post=10096"}],"version-history":[{"count":1,"href":"https:\/\/www.organisator.ch\/it\/wp-json\/wp\/v2\/posts\/10096\/revisions"}],"predecessor-version":[{"id":10552,"href":"https:\/\/www.organisator.ch\/it\/wp-json\/wp\/v2\/posts\/10096\/revisions\/10552"}],"wp:featuredmedia":[{"embeddable":true,"href":"https:\/\/www.organisator.ch\/it\/wp-json\/wp\/v2\/media\/9623"}],"wp:attachment":[{"href":"https:\/\/www.organisator.ch\/it\/wp-json\/wp\/v2\/media?parent=10096"}],"wp:term":[{"taxonomy":"category","embeddable":true,"href":"https:\/\/www.organisator.ch\/it\/wp-json\/wp\/v2\/categories?post=10096"},{"taxonomy":"post_tag","embeddable":true,"href":"https:\/\/www.organisator.ch\/it\/wp-json\/wp\/v2\/tags?post=10096"}],"curies":[{"name":"wp","href":"https:\/\/api.w.org\/{rel}","templated":true}]}}