{"id":10107,"date":"2019-08-08T16:37:24","date_gmt":"2019-08-08T14:37:24","guid":{"rendered":"https:\/\/www.umweltperspektiven.ch\/?p=2366"},"modified":"2022-02-09T11:10:51","modified_gmt":"2022-02-09T10:10:51","slug":"swisspower-renewables-beteiligt-sich-zu-50-prozent-an-energia-ambiente-spa","status":"publish","type":"post","link":"https:\/\/www.organisator.ch\/it\/sustainability\/2019-08-08\/swisspower-renewables-beteiligt-sich-zu-50-prozent-an-energia-ambiente-spa\/","title":{"rendered":"Swisspower Renewables acquisisce una partecipazione del 50 per cento in Energia Ambiente SpA"},"content":{"rendered":"<div class=\"page-meta page-meta--detail\">\n<div class=\"page-meta__lead\">\n<figure id=\"attachment_2367\" aria-describedby=\"caption-attachment-2367\" style=\"width: 600px\" class=\"wp-caption alignnone\"><img loading=\"lazy\" decoding=\"async\" class=\"size-full wp-image-2367\" src=\"\/\/www.umweltperspektiven.ch\/wp-content\/uploads\/2019\/08\/Swisspower_Felix_Meier_08.jpg\" alt=\"\" width=\"600\" height=\"399\" srcset=\"https:\/\/www.organisator.ch\/wp-content\/uploads\/2019\/08\/Swisspower_Felix_Meier_08.jpg 600w, https:\/\/www.organisator.ch\/wp-content\/uploads\/2019\/08\/Swisspower_Felix_Meier_08-18x12.jpg 18w, https:\/\/www.organisator.ch\/wp-content\/uploads\/2019\/08\/Swisspower_Felix_Meier_08-263x175.jpg 263w, https:\/\/www.organisator.ch\/wp-content\/uploads\/2019\/08\/Swisspower_Felix_Meier_08-526x350.jpg 526w, https:\/\/www.organisator.ch\/wp-content\/uploads\/2019\/08\/Swisspower_Felix_Meier_08-300x200.jpg 300w\" sizes=\"auto, (max-width: 600px) 100vw, 600px\" \/><figcaption id=\"caption-attachment-2367\" class=\"wp-caption-text\">Felix Meier, CEO di Swisspower Renewables AG (Immagine: zVg)<\/figcaption><\/figure>\n<p>Swisspower Renewables AG, una societ\u00e0 d'investimento detenuta da undici aziende municipalizzate Swisspower e dal fondo per le infrastrutture energetiche UBS Clean Energy Infrastructure 2 KmGK (UBS-CEIS 2), amplia ulteriormente i suoi investimenti nell'energia idroelettrica in Italia. Swisspower Renewables acquisisce il 50% delle azioni dell'italiana Energia Ambiente SpA.<\/p>\n<\/div>\n<\/div>\n<div class=\"content-elements layout__padding-bottom--xxl\">\n<div class=\"content-elements__element\">\n<div class=\"formatted-text  layout__one-child-padding-top--none\">\n<p>Energia Ambiente SpA possiede nove centrali idroelettriche nella provincia di Sondrio in Lombardia. Con una capacit\u00e0 installata di circa 38 megawatt (MW), la produzione annuale prevista di elettricit\u00e0 \u00e8 di circa 88 gigawattora (GWh). Swisspower Renewables acquisisce il pacchetto azionario dalla societ\u00e0 d'investimento 3New &amp; Partners SpA. Il restante 50% delle azioni continuer\u00e0 ad essere detenuto dall'italiana Bissi Holding SpA, una societ\u00e0 d'investimento che, come Swisspower Renewables, investe esclusivamente in energie rinnovabili.<\/p>\n<p><strong>Uno dei maggiori produttori svizzeri di energia rinnovabile all'estero<\/strong><\/p>\n<p>\"Con questa acquisizione espandiamo ulteriormente il nostro portafoglio idroelettrico in Italia\", afferma Felix Meier, CEO di Swisspower Renewables. Ad oggi, Swisspower Renewables possiede 31 centrali idroelettriche in Italia e 24 parchi eolici in Italia e Germania. La capacit\u00e0 di produzione totale dell'azienda \u00e8 di circa 640 GWh all'anno, che corrisponde al consumo medio annuale di elettricit\u00e0 di circa 140.000 famiglie. Questo rafforza la posizione di Swisspower Renewables come uno dei maggiori produttori svizzeri di energia rinnovabile all'estero.<\/p>\n<\/div>\n<div class=\"content-elements__element\">\n<div class=\"formatted-text  layout__last-child-padding-bottom--none\">\n<p><strong>Contributo alla transizione energetica<\/strong><\/p>\n<p>Con la produzione di energia rinnovabile, Swisspower Renewables contribuisce al masterplan Swisspower Stadtwerke 2050 per l'approvvigionamento a lungo termine di energia rinnovabile in Svizzera e quindi alla transizione energetica. Swisspower Renewables porta avanti l'espansione della capacit\u00e0 di produzione di energia rinnovabile all'estero, perch\u00e9 in Svizzera c'\u00e8 una diffusa mancanza di opportunit\u00e0 allo stesso prezzo. Per garantire la sicurezza dell'approvvigionamento in Svizzera in futuro, \u00e8 essenziale che pi\u00f9 energia rinnovabile venga prodotta contemporaneamente a livello nazionale. Swisspower si adopera affinch\u00e9 vengano creati adeguati incentivi agli investimenti, anche nel quadro dell'attuale revisione della legge sull'approvvigionamento elettrico.<\/p>\n<p><a href=\"\/\/www.swisspower.ch\">www.swisspower.ch<\/a><\/p>\n<\/div>\n<\/div>\n<\/div>\n<\/div>\n<p>&nbsp;<\/p>\n<p>&nbsp;<\/p>\n<p>&nbsp;<\/p>","protected":false},"excerpt":{"rendered":"<p>Die Swisspower Renewables AG, eine von elf Swisspower-Stadtwerken sowie dem Energieinfrastrukturfonds UBS Clean Energy Infrastructure 2 KmGK (UBS-CEIS 2) gehaltene Beteiligungsgesellschaft, baut ihre Investitionen in die Wasserkraft in Italien weiter aus. Swisspower Renewables \u00fcbernimmt 50 Prozent der Anteile an der italienischen Energia Ambiente SpA. Die Energia Ambiente SpA besitzt neun Wasserkraftwerke in der Provinz Sondrio [&hellip;]<\/p>\n","protected":false},"author":5,"featured_media":2367,"comment_status":"open","ping_status":"open","sticky":false,"template":"","format":"standard","meta":{"_acf_changed":false,"_yoast_wpseo_focuskw":"Swisspower Renewables AG","_yoast_wpseo_metadesc":"","articlekey":"","footnotes":""},"categories":[580],"tags":[1095,1098,1456,424,2521],"class_list":["post-10107","post","type-post","status-publish","format-standard","has-post-thumbnail","hentry","category-sustainability","tag-energiewende","tag-enerneuerbare-energie","tag-italien","tag-schweiz","tag-wasserkraftwerk"],"acf":[],"yoast_head":"<!-- This site is optimized with the Yoast SEO plugin v27.5 - https:\/\/yoast.com\/product\/yoast-seo-wordpress\/ -->\n<title>Swisspower Renewables beteiligt sich zu 50 Prozent an Energia Ambiente SpA - Organisator<\/title>\n<meta name=\"robots\" content=\"index, follow, max-snippet:-1, max-image-preview:large, max-video-preview:-1\" \/>\n<link rel=\"canonical\" href=\"https:\/\/www.organisator.ch\/it\/sostenibilita\/2019-08-08\/swisspower-renewables-beteiligt-sich-zu-50-prozent-an-energia-ambiente-spa\/\" \/>\n<meta property=\"og:locale\" content=\"it_IT\" \/>\n<meta property=\"og:type\" content=\"article\" \/>\n<meta property=\"og:title\" content=\"Swisspower Renewables beteiligt sich zu 50 Prozent an Energia Ambiente SpA - Organisator\" \/>\n<meta property=\"og:description\" content=\"Die Swisspower Renewables AG, eine von elf Swisspower-Stadtwerken sowie dem Energieinfrastrukturfonds UBS Clean Energy Infrastructure 2 KmGK (UBS-CEIS 2) gehaltene Beteiligungsgesellschaft, baut ihre Investitionen in die Wasserkraft in Italien weiter aus. Swisspower Renewables \u00fcbernimmt 50 Prozent der Anteile an der italienischen Energia Ambiente SpA. Die Energia Ambiente SpA besitzt neun Wasserkraftwerke in der Provinz Sondrio [&hellip;]\" \/>\n<meta property=\"og:url\" content=\"https:\/\/www.organisator.ch\/it\/sostenibilita\/2019-08-08\/swisspower-renewables-beteiligt-sich-zu-50-prozent-an-energia-ambiente-spa\/\" \/>\n<meta property=\"og:site_name\" content=\"Organisator\" \/>\n<meta property=\"article:publisher\" content=\"https:\/\/www.facebook.com\/OrganisatorFachmagazin\" \/>\n<meta property=\"article:published_time\" content=\"2019-08-08T14:37:24+00:00\" \/>\n<meta property=\"article:modified_time\" content=\"2022-02-09T10:10:51+00:00\" \/>\n<meta property=\"og:image\" content=\"https:\/\/www.organisator.ch\/wp-content\/uploads\/2019\/08\/Swisspower_Felix_Meier_08.jpg\" \/>\n\t<meta property=\"og:image:width\" content=\"600\" \/>\n\t<meta property=\"og:image:height\" content=\"399\" \/>\n\t<meta property=\"og:image:type\" content=\"image\/jpeg\" \/>\n<meta name=\"author\" content=\"michael.merz\" \/>\n<meta name=\"twitter:card\" content=\"summary_large_image\" \/>\n<script type=\"application\/ld+json\" class=\"yoast-schema-graph\">{\"@context\":\"https:\\\/\\\/schema.org\",\"@graph\":[{\"@type\":\"Article\",\"@id\":\"https:\\\/\\\/www.organisator.ch\\\/sustainability\\\/2019-08-08\\\/swisspower-renewables-beteiligt-sich-zu-50-prozent-an-energia-ambiente-spa\\\/#article\",\"isPartOf\":{\"@id\":\"https:\\\/\\\/www.organisator.ch\\\/sustainability\\\/2019-08-08\\\/swisspower-renewables-beteiligt-sich-zu-50-prozent-an-energia-ambiente-spa\\\/\"},\"author\":{\"name\":\"michael.merz\",\"@id\":\"https:\\\/\\\/www.organisator.ch\\\/#\\\/schema\\\/person\\\/134708ca9321c57b0362cceb7948ffbd\"},\"headline\":\"Swisspower Renewables beteiligt sich zu 50 Prozent an Energia Ambiente SpA\",\"datePublished\":\"2019-08-08T14:37:24+00:00\",\"dateModified\":\"2022-02-09T10:10:51+00:00\",\"mainEntityOfPage\":{\"@id\":\"https:\\\/\\\/www.organisator.ch\\\/sustainability\\\/2019-08-08\\\/swisspower-renewables-beteiligt-sich-zu-50-prozent-an-energia-ambiente-spa\\\/\"},\"wordCount\":327,\"commentCount\":0,\"publisher\":{\"@id\":\"https:\\\/\\\/www.organisator.ch\\\/#organization\"},\"image\":{\"@id\":\"https:\\\/\\\/www.organisator.ch\\\/sustainability\\\/2019-08-08\\\/swisspower-renewables-beteiligt-sich-zu-50-prozent-an-energia-ambiente-spa\\\/#primaryimage\"},\"thumbnailUrl\":\"https:\\\/\\\/www.organisator.ch\\\/wp-content\\\/uploads\\\/2019\\\/08\\\/Swisspower_Felix_Meier_08.jpg\",\"keywords\":[\"Energiewende\",\"Enerneuerbare Energie\",\"Italien\",\"Schweiz\",\"Wasserkraftwerk\"],\"articleSection\":[\"SUSTAINABILITY\"],\"inLanguage\":\"it-IT\"},{\"@type\":\"WebPage\",\"@id\":\"https:\\\/\\\/www.organisator.ch\\\/sustainability\\\/2019-08-08\\\/swisspower-renewables-beteiligt-sich-zu-50-prozent-an-energia-ambiente-spa\\\/\",\"url\":\"https:\\\/\\\/www.organisator.ch\\\/sustainability\\\/2019-08-08\\\/swisspower-renewables-beteiligt-sich-zu-50-prozent-an-energia-ambiente-spa\\\/\",\"name\":\"Swisspower Renewables beteiligt sich zu 50 Prozent an Energia Ambiente SpA - Organisator\",\"isPartOf\":{\"@id\":\"https:\\\/\\\/www.organisator.ch\\\/#website\"},\"primaryImageOfPage\":{\"@id\":\"https:\\\/\\\/www.organisator.ch\\\/sustainability\\\/2019-08-08\\\/swisspower-renewables-beteiligt-sich-zu-50-prozent-an-energia-ambiente-spa\\\/#primaryimage\"},\"image\":{\"@id\":\"https:\\\/\\\/www.organisator.ch\\\/sustainability\\\/2019-08-08\\\/swisspower-renewables-beteiligt-sich-zu-50-prozent-an-energia-ambiente-spa\\\/#primaryimage\"},\"thumbnailUrl\":\"https:\\\/\\\/www.organisator.ch\\\/wp-content\\\/uploads\\\/2019\\\/08\\\/Swisspower_Felix_Meier_08.jpg\",\"datePublished\":\"2019-08-08T14:37:24+00:00\",\"dateModified\":\"2022-02-09T10:10:51+00:00\",\"breadcrumb\":{\"@id\":\"https:\\\/\\\/www.organisator.ch\\\/sustainability\\\/2019-08-08\\\/swisspower-renewables-beteiligt-sich-zu-50-prozent-an-energia-ambiente-spa\\\/#breadcrumb\"},\"inLanguage\":\"it-IT\",\"potentialAction\":[{\"@type\":\"ReadAction\",\"target\":[\"https:\\\/\\\/www.organisator.ch\\\/sustainability\\\/2019-08-08\\\/swisspower-renewables-beteiligt-sich-zu-50-prozent-an-energia-ambiente-spa\\\/\"]}]},{\"@type\":\"ImageObject\",\"inLanguage\":\"it-IT\",\"@id\":\"https:\\\/\\\/www.organisator.ch\\\/sustainability\\\/2019-08-08\\\/swisspower-renewables-beteiligt-sich-zu-50-prozent-an-energia-ambiente-spa\\\/#primaryimage\",\"url\":\"https:\\\/\\\/www.organisator.ch\\\/wp-content\\\/uploads\\\/2019\\\/08\\\/Swisspower_Felix_Meier_08.jpg\",\"contentUrl\":\"https:\\\/\\\/www.organisator.ch\\\/wp-content\\\/uploads\\\/2019\\\/08\\\/Swisspower_Felix_Meier_08.jpg\",\"width\":600,\"height\":399,\"caption\":\"Felix Meier, CEO Swisspower Renewables AG (Bild: zVg)\"},{\"@type\":\"BreadcrumbList\",\"@id\":\"https:\\\/\\\/www.organisator.ch\\\/sustainability\\\/2019-08-08\\\/swisspower-renewables-beteiligt-sich-zu-50-prozent-an-energia-ambiente-spa\\\/#breadcrumb\",\"itemListElement\":[{\"@type\":\"ListItem\",\"position\":1,\"name\":\"Home\",\"item\":\"https:\\\/\\\/www.organisator.ch\\\/\"},{\"@type\":\"ListItem\",\"position\":2,\"name\":\"Swisspower Renewables beteiligt sich zu 50 Prozent an Energia Ambiente SpA\"}]},{\"@type\":\"WebSite\",\"@id\":\"https:\\\/\\\/www.organisator.ch\\\/#website\",\"url\":\"https:\\\/\\\/www.organisator.ch\\\/\",\"name\":\"Organisator\",\"description\":\"Kompetent. Praxisnah. Der ORGANISATOR bereitet in 10 Ausgaben pro Jahr die wesentlichen Themen f\u00fcr F\u00fchrungskr\u00e4fte von KMU auf.\",\"publisher\":{\"@id\":\"https:\\\/\\\/www.organisator.ch\\\/#organization\"},\"potentialAction\":[{\"@type\":\"SearchAction\",\"target\":{\"@type\":\"EntryPoint\",\"urlTemplate\":\"https:\\\/\\\/www.organisator.ch\\\/?s={search_term_string}\"},\"query-input\":{\"@type\":\"PropertyValueSpecification\",\"valueRequired\":true,\"valueName\":\"search_term_string\"}}],\"inLanguage\":\"it-IT\"},{\"@type\":\"Organization\",\"@id\":\"https:\\\/\\\/www.organisator.ch\\\/#organization\",\"name\":\"Organisator\",\"url\":\"https:\\\/\\\/www.organisator.ch\\\/\",\"logo\":{\"@type\":\"ImageObject\",\"inLanguage\":\"it-IT\",\"@id\":\"https:\\\/\\\/www.organisator.ch\\\/#\\\/schema\\\/logo\\\/image\\\/\",\"url\":\"https:\\\/\\\/www.organisator.ch\\\/wp-content\\\/uploads\\\/2022\\\/01\\\/Logo_Organisator_Website.png\",\"contentUrl\":\"https:\\\/\\\/www.organisator.ch\\\/wp-content\\\/uploads\\\/2022\\\/01\\\/Logo_Organisator_Website.png\",\"width\":800,\"height\":77,\"caption\":\"Organisator\"},\"image\":{\"@id\":\"https:\\\/\\\/www.organisator.ch\\\/#\\\/schema\\\/logo\\\/image\\\/\"},\"sameAs\":[\"https:\\\/\\\/www.facebook.com\\\/OrganisatorFachmagazin\",\"https:\\\/\\\/www.linkedin.com\\\/showcase\\\/organisator-das-magazin-fr-kmu\",\"https:\\\/\\\/www.xing.com\\\/news\\\/pages\\\/organisator-ch-695\",\"https:\\\/\\\/www.youtube.com\\\/channel\\\/UCGP2Sq0iWaZwT3BdIAQFYpw\"]},{\"@type\":\"Person\",\"@id\":\"https:\\\/\\\/www.organisator.ch\\\/#\\\/schema\\\/person\\\/134708ca9321c57b0362cceb7948ffbd\",\"name\":\"michael.merz\",\"image\":{\"@type\":\"ImageObject\",\"inLanguage\":\"it-IT\",\"@id\":\"https:\\\/\\\/secure.gravatar.com\\\/avatar\\\/?s=96&d=mm&r=g\",\"url\":\"https:\\\/\\\/secure.gravatar.com\\\/avatar\\\/?s=96&d=mm&r=g\",\"contentUrl\":\"https:\\\/\\\/secure.gravatar.com\\\/avatar\\\/?s=96&d=mm&r=g\",\"caption\":\"michael.merz\"},\"url\":\"https:\\\/\\\/www.organisator.ch\\\/it\\\/author\\\/michael-merz\\\/\"}]}<\/script>\n<!-- \/ Yoast SEO plugin. -->","yoast_head_json":{"title":"Swisspower Renewables acquisisce una partecipazione del 50% in Energia Ambiente SpA - Organizzatore","robots":{"index":"index","follow":"follow","max-snippet":"max-snippet:-1","max-image-preview":"max-image-preview:large","max-video-preview":"max-video-preview:-1"},"canonical":"https:\/\/www.organisator.ch\/it\/sostenibilita\/2019-08-08\/swisspower-renewables-beteiligt-sich-zu-50-prozent-an-energia-ambiente-spa\/","og_locale":"it_IT","og_type":"article","og_title":"Swisspower Renewables beteiligt sich zu 50 Prozent an Energia Ambiente SpA - Organisator","og_description":"Die Swisspower Renewables AG, eine von elf Swisspower-Stadtwerken sowie dem Energieinfrastrukturfonds UBS Clean Energy Infrastructure 2 KmGK (UBS-CEIS 2) gehaltene Beteiligungsgesellschaft, baut ihre Investitionen in die Wasserkraft in Italien weiter aus. Swisspower Renewables \u00fcbernimmt 50 Prozent der Anteile an der italienischen Energia Ambiente SpA. Die Energia Ambiente SpA besitzt neun Wasserkraftwerke in der Provinz Sondrio [&hellip;]","og_url":"https:\/\/www.organisator.ch\/it\/sostenibilita\/2019-08-08\/swisspower-renewables-beteiligt-sich-zu-50-prozent-an-energia-ambiente-spa\/","og_site_name":"Organisator","article_publisher":"https:\/\/www.facebook.com\/OrganisatorFachmagazin","article_published_time":"2019-08-08T14:37:24+00:00","article_modified_time":"2022-02-09T10:10:51+00:00","og_image":[{"width":600,"height":399,"url":"https:\/\/www.organisator.ch\/wp-content\/uploads\/2019\/08\/Swisspower_Felix_Meier_08.jpg","type":"image\/jpeg"}],"author":"michael.merz","twitter_card":"summary_large_image","schema":{"@context":"https:\/\/schema.org","@graph":[{"@type":"Article","@id":"https:\/\/www.organisator.ch\/sustainability\/2019-08-08\/swisspower-renewables-beteiligt-sich-zu-50-prozent-an-energia-ambiente-spa\/#article","isPartOf":{"@id":"https:\/\/www.organisator.ch\/sustainability\/2019-08-08\/swisspower-renewables-beteiligt-sich-zu-50-prozent-an-energia-ambiente-spa\/"},"author":{"name":"michael.merz","@id":"https:\/\/www.organisator.ch\/#\/schema\/person\/134708ca9321c57b0362cceb7948ffbd"},"headline":"Swisspower Renewables beteiligt sich zu 50 Prozent an Energia Ambiente SpA","datePublished":"2019-08-08T14:37:24+00:00","dateModified":"2022-02-09T10:10:51+00:00","mainEntityOfPage":{"@id":"https:\/\/www.organisator.ch\/sustainability\/2019-08-08\/swisspower-renewables-beteiligt-sich-zu-50-prozent-an-energia-ambiente-spa\/"},"wordCount":327,"commentCount":0,"publisher":{"@id":"https:\/\/www.organisator.ch\/#organization"},"image":{"@id":"https:\/\/www.organisator.ch\/sustainability\/2019-08-08\/swisspower-renewables-beteiligt-sich-zu-50-prozent-an-energia-ambiente-spa\/#primaryimage"},"thumbnailUrl":"https:\/\/www.organisator.ch\/wp-content\/uploads\/2019\/08\/Swisspower_Felix_Meier_08.jpg","keywords":["Energiewende","Enerneuerbare Energie","Italien","Schweiz","Wasserkraftwerk"],"articleSection":["SUSTAINABILITY"],"inLanguage":"it-IT"},{"@type":"WebPage","@id":"https:\/\/www.organisator.ch\/sustainability\/2019-08-08\/swisspower-renewables-beteiligt-sich-zu-50-prozent-an-energia-ambiente-spa\/","url":"https:\/\/www.organisator.ch\/sustainability\/2019-08-08\/swisspower-renewables-beteiligt-sich-zu-50-prozent-an-energia-ambiente-spa\/","name":"Swisspower Renewables acquisisce una partecipazione del 50% in Energia Ambiente SpA - Organizzatore","isPartOf":{"@id":"https:\/\/www.organisator.ch\/#website"},"primaryImageOfPage":{"@id":"https:\/\/www.organisator.ch\/sustainability\/2019-08-08\/swisspower-renewables-beteiligt-sich-zu-50-prozent-an-energia-ambiente-spa\/#primaryimage"},"image":{"@id":"https:\/\/www.organisator.ch\/sustainability\/2019-08-08\/swisspower-renewables-beteiligt-sich-zu-50-prozent-an-energia-ambiente-spa\/#primaryimage"},"thumbnailUrl":"https:\/\/www.organisator.ch\/wp-content\/uploads\/2019\/08\/Swisspower_Felix_Meier_08.jpg","datePublished":"2019-08-08T14:37:24+00:00","dateModified":"2022-02-09T10:10:51+00:00","breadcrumb":{"@id":"https:\/\/www.organisator.ch\/sustainability\/2019-08-08\/swisspower-renewables-beteiligt-sich-zu-50-prozent-an-energia-ambiente-spa\/#breadcrumb"},"inLanguage":"it-IT","potentialAction":[{"@type":"ReadAction","target":["https:\/\/www.organisator.ch\/sustainability\/2019-08-08\/swisspower-renewables-beteiligt-sich-zu-50-prozent-an-energia-ambiente-spa\/"]}]},{"@type":"ImageObject","inLanguage":"it-IT","@id":"https:\/\/www.organisator.ch\/sustainability\/2019-08-08\/swisspower-renewables-beteiligt-sich-zu-50-prozent-an-energia-ambiente-spa\/#primaryimage","url":"https:\/\/www.organisator.ch\/wp-content\/uploads\/2019\/08\/Swisspower_Felix_Meier_08.jpg","contentUrl":"https:\/\/www.organisator.ch\/wp-content\/uploads\/2019\/08\/Swisspower_Felix_Meier_08.jpg","width":600,"height":399,"caption":"Felix Meier, CEO Swisspower Renewables AG (Bild: zVg)"},{"@type":"BreadcrumbList","@id":"https:\/\/www.organisator.ch\/sustainability\/2019-08-08\/swisspower-renewables-beteiligt-sich-zu-50-prozent-an-energia-ambiente-spa\/#breadcrumb","itemListElement":[{"@type":"ListItem","position":1,"name":"Home","item":"https:\/\/www.organisator.ch\/"},{"@type":"ListItem","position":2,"name":"Swisspower Renewables beteiligt sich zu 50 Prozent an Energia Ambiente SpA"}]},{"@type":"WebSite","@id":"https:\/\/www.organisator.ch\/#website","url":"https:\/\/www.organisator.ch\/","name":"Organizzatore","description":"Competente. Pratico. In 10 numeri all'anno, ORGANISATOR presenta i temi essenziali per i manager delle PMI.","publisher":{"@id":"https:\/\/www.organisator.ch\/#organization"},"potentialAction":[{"@type":"SearchAction","target":{"@type":"EntryPoint","urlTemplate":"https:\/\/www.organisator.ch\/?s={search_term_string}"},"query-input":{"@type":"PropertyValueSpecification","valueRequired":true,"valueName":"search_term_string"}}],"inLanguage":"it-IT"},{"@type":"Organization","@id":"https:\/\/www.organisator.ch\/#organization","name":"Organizzatore","url":"https:\/\/www.organisator.ch\/","logo":{"@type":"ImageObject","inLanguage":"it-IT","@id":"https:\/\/www.organisator.ch\/#\/schema\/logo\/image\/","url":"https:\/\/www.organisator.ch\/wp-content\/uploads\/2022\/01\/Logo_Organisator_Website.png","contentUrl":"https:\/\/www.organisator.ch\/wp-content\/uploads\/2022\/01\/Logo_Organisator_Website.png","width":800,"height":77,"caption":"Organisator"},"image":{"@id":"https:\/\/www.organisator.ch\/#\/schema\/logo\/image\/"},"sameAs":["https:\/\/www.facebook.com\/OrganisatorFachmagazin","https:\/\/www.linkedin.com\/showcase\/organisator-das-magazin-fr-kmu","https:\/\/www.xing.com\/news\/pages\/organisator-ch-695","https:\/\/www.youtube.com\/channel\/UCGP2Sq0iWaZwT3BdIAQFYpw"]},{"@type":"Person","@id":"https:\/\/www.organisator.ch\/#\/schema\/person\/134708ca9321c57b0362cceb7948ffbd","name":"michael.merz","image":{"@type":"ImageObject","inLanguage":"it-IT","@id":"https:\/\/secure.gravatar.com\/avatar\/?s=96&d=mm&r=g","url":"https:\/\/secure.gravatar.com\/avatar\/?s=96&d=mm&r=g","contentUrl":"https:\/\/secure.gravatar.com\/avatar\/?s=96&d=mm&r=g","caption":"michael.merz"},"url":"https:\/\/www.organisator.ch\/it\/author\/michael-merz\/"}]}},"_links":{"self":[{"href":"https:\/\/www.organisator.ch\/it\/wp-json\/wp\/v2\/posts\/10107","targetHints":{"allow":["GET"]}}],"collection":[{"href":"https:\/\/www.organisator.ch\/it\/wp-json\/wp\/v2\/posts"}],"about":[{"href":"https:\/\/www.organisator.ch\/it\/wp-json\/wp\/v2\/types\/post"}],"author":[{"embeddable":true,"href":"https:\/\/www.organisator.ch\/it\/wp-json\/wp\/v2\/users\/5"}],"replies":[{"embeddable":true,"href":"https:\/\/www.organisator.ch\/it\/wp-json\/wp\/v2\/comments?post=10107"}],"version-history":[{"count":1,"href":"https:\/\/www.organisator.ch\/it\/wp-json\/wp\/v2\/posts\/10107\/revisions"}],"predecessor-version":[{"id":11013,"href":"https:\/\/www.organisator.ch\/it\/wp-json\/wp\/v2\/posts\/10107\/revisions\/11013"}],"wp:featuredmedia":[{"embeddable":true,"href":"https:\/\/www.organisator.ch\/it\/wp-json\/wp\/v2\/media\/2367"}],"wp:attachment":[{"href":"https:\/\/www.organisator.ch\/it\/wp-json\/wp\/v2\/media?parent=10107"}],"wp:term":[{"taxonomy":"category","embeddable":true,"href":"https:\/\/www.organisator.ch\/it\/wp-json\/wp\/v2\/categories?post=10107"},{"taxonomy":"post_tag","embeddable":true,"href":"https:\/\/www.organisator.ch\/it\/wp-json\/wp\/v2\/tags?post=10107"}],"curies":[{"name":"wp","href":"https:\/\/api.w.org\/{rel}","templated":true}]}}