{"id":1011,"date":"2017-06-12T17:58:54","date_gmt":"2017-06-12T15:58:54","guid":{"rendered":"https:\/\/www.umweltperspektiven.ch\/?p=1011"},"modified":"2022-02-09T11:06:56","modified_gmt":"2022-02-09T10:06:56","slug":"neuwagen-co2-emissionen-sinken-kaum","status":"publish","type":"post","link":"https:\/\/www.organisator.ch\/it\/sustainability\/2017-06-12\/neuwagen-co2-emissionen-sinken-kaum\/","title":{"rendered":"Auto nuove: le emissioni di CO2 non scendono quasi per niente"},"content":{"rendered":"<figure id=\"attachment_1012\" aria-describedby=\"caption-attachment-1012\" style=\"width: 680px\" class=\"wp-caption alignnone\"><img loading=\"lazy\" decoding=\"async\" class=\"size-medium wp-image-1012\" src=\"\/\/www.umweltperspektiven.ch\/wp-content\/uploads\/2017\/06\/Depositphotos_86865802_l-2015.jpg\" alt=\"\" width=\"680\" height=\"453\" \/><figcaption id=\"caption-attachment-1012\" class=\"wp-caption-text\">Le nuove automobili importate in Svizzera non hanno ancora raggiunto il valore obiettivo delle emissioni.<\/figcaption><\/figure>\n<p class=\"webLead\">Dal 1\u00b0 luglio 2012, in Svizzera sono in vigore, in analogia all'UE, le norme sulle emissioni di CO2 per le nuove autovetture: entro il 2015, le emissioni delle autovetture immatricolate per la prima volta in Svizzera dovrebbero essere ridotte a una media di 130 grammi di CO2 per chilometro. Dopo non aver raggiunto questo valore obiettivo medio nel 2015, gli importatori svizzeri di automobili lo hanno mancato anche nel 2016.<\/p>\n<p class=\"webLead\">Nell'anno di applicazione 2016, circa 319.300 autovetture sono state controllate per il rispetto delle norme sulle emissioni di CO2. Tra questi, i veicoli nuovi e quelli registrati all'estero per la prima volta meno di 6 mesi prima dello sdoganamento in Svizzera. La flotta registrata consisteva di circa 1.500 auto di importatori piccoli e privati e di circa 317.800 auto di 89 grandi importatori registrati.<\/p>\n<div id=\"xmlWrapper\">\n<p>Le emissioni medie di CO2 delle 319.300 nuove auto erano circa 134 g CO2\/km (2015: 135 g CO2\/km). L'obiettivo di 130 g CO2\/km, che si applica a tutta la flotta dal 2015, \u00e8 stato quindi ancora una volta mancato di poco in media. Al contrario, solo 19 degli 89 grandi importatori registrati hanno superato i loro obiettivi individuali (2015: 26 di 93), la maggior parte di loro di meno di 4 g\/km.<\/p>\n<p>Le emissioni di CO2 dell'intero parco auto nuovo di 134 g CO2\/km sono circa 1% pi\u00f9 basse rispetto all'anno precedente (vedi anche il comunicato stampa di oggi sul consumo di carburante delle nuove auto 2016). Questo corrisponde al tasso di riduzione pi\u00f9 basso dal 2006. Una ragione per questa riduzione esitante \u00e8 che gli obiettivi non sono stati ulteriormente rafforzati: Il valore obiettivo di 130 g\/km e la quota di flotta interessata dalla sanzione sono rimasti invariati rispetto al 2015. Solo i cosiddetti supercrediti (crediti multipli per auto con meno di 50 g CO2\/km) sono stati abbandonati rispetto all'anno precedente. Nel 2015, il fattore di ponderazione dei supercrediti era ancora 1,5.<\/p>\n<p>Nel mercato delle autovetture, le quote degli importatori paralleli e diretti hanno fluttuato fortemente prima e dopo l'entrata in vigore dei regolamenti sulle emissioni di CO2 nel 2012. Dal 2013, tuttavia, la quota \u00e8 rimasta costante a circa 7 % di tutte le nuove immatricolazioni e quindi continua ad essere nello stesso ordine di grandezza del 2011 prima dell'introduzione dei regolamenti sulle emissioni di CO2.<\/p>\n<p><strong>Importo della sanzione e sforzo di applicazione<\/strong><\/p>\n<p>Le sanzioni riscosse ammontano complessivamente a circa 2,4 milioni di franchi (2015: 12,6 milioni di franchi). Il totale delle entrate da sanzioni \u00e8 compensato da costi di esecuzione di circa 1,3 milioni di franchi (2015: 1,5 milioni di franchi). Complessivamente ne risulta un ricavo netto di 1,1 milioni di franchi per il 2016 (2015: 11,1 milioni di franchi), che viene suddiviso tra Svizzera e Principato del Liechtenstein a seconda del numero di immatricolazioni di veicoli e di importatori (quota del Principato del Liechtenstein: 2'000 franchi, 2015: 83'000 franchi). L'utile netto svizzero dell'anno di esecuzione 2016, pari a 1,1 milioni di franchi, sar\u00e0 assegnato nel 2018 al Fondo nazionale per le strade e i trasporti d'agglomerato NAF come soluzione sostitutiva del fondo per le infrastrutture, con riserva della decisione del Consiglio federale sulla sua entrata in vigore.<\/p>\n<\/div>","protected":false},"excerpt":{"rendered":"<p>Seit dem 1. Juli 2012 gelten in der Schweiz analog zur EU CO2-Emissionsvorschriften f\u00fcr neue Personenwagen: Bis 2015 h\u00e4tten so die Emissionen der erstmals zum Verkehr in der Schweiz zugelassenen Personenwagen im Durchschnitt auf 130 Gramm CO2 pro Kilometer gesenkt werden sollen. Nachdem die Schweizer Autoimporteure diesen durchschnittlichen Zielwert 2015 nicht erreicht hatten, verfehlten sie [&hellip;]<\/p>\n","protected":false},"author":1,"featured_media":9500,"comment_status":"open","ping_status":"open","sticky":false,"template":"","format":"standard","meta":{"_acf_changed":false,"_yoast_wpseo_focuskw":"Neuwagen","_yoast_wpseo_metadesc":"Zum zweiten Mal in Folge haben die Schweizer Autoimporteure die seit 2015 geltenden CO2--Emissionsgrenzwerte \u00fcberschritten.","articlekey":"","footnotes":""},"categories":[580],"tags":[884,928,354],"class_list":["post-1011","post","type-post","status-publish","format-standard","has-post-thumbnail","hentry","category-sustainability","tag-bundesamt-fuer-energie","tag-co2","tag-mobilitaet"],"acf":[],"yoast_head":"<!-- This site is optimized with the Yoast SEO plugin v27.4 - https:\/\/yoast.com\/product\/yoast-seo-wordpress\/ -->\n<title>Neuwagen: CO2-Emissionen sinken kaum - Organisator<\/title>\n<meta name=\"description\" content=\"Zum zweiten Mal in Folge haben die Schweizer Autoimporteure die seit 2015 geltenden CO2--Emissionsgrenzwerte \u00fcberschritten.\" \/>\n<meta name=\"robots\" content=\"index, follow, max-snippet:-1, max-image-preview:large, max-video-preview:-1\" \/>\n<link rel=\"canonical\" href=\"https:\/\/www.organisator.ch\/it\/sostenibilita\/2017-06-12\/neuwagen-co2-emissionen-sinken-kaum\/\" \/>\n<meta property=\"og:locale\" content=\"it_IT\" \/>\n<meta property=\"og:type\" content=\"article\" \/>\n<meta property=\"og:title\" content=\"Neuwagen: CO2-Emissionen sinken kaum - Organisator\" \/>\n<meta property=\"og:description\" content=\"Zum zweiten Mal in Folge haben die Schweizer Autoimporteure die seit 2015 geltenden CO2--Emissionsgrenzwerte \u00fcberschritten.\" \/>\n<meta property=\"og:url\" content=\"https:\/\/www.organisator.ch\/it\/sostenibilita\/2017-06-12\/neuwagen-co2-emissionen-sinken-kaum\/\" \/>\n<meta property=\"og:site_name\" content=\"Organisator\" \/>\n<meta property=\"article:publisher\" content=\"https:\/\/www.facebook.com\/OrganisatorFachmagazin\" \/>\n<meta property=\"article:published_time\" content=\"2017-06-12T15:58:54+00:00\" \/>\n<meta property=\"article:modified_time\" content=\"2022-02-09T10:06:56+00:00\" \/>\n<meta property=\"og:image\" content=\"https:\/\/www.organisator.ch\/wp-content\/uploads\/2017\/06\/Depositphotos_86865802_l-2015-1024x683.jpg\" \/>\n\t<meta property=\"og:image:width\" content=\"1024\" \/>\n\t<meta property=\"og:image:height\" content=\"683\" \/>\n\t<meta property=\"og:image:type\" content=\"image\/jpeg\" \/>\n<meta name=\"author\" content=\"admin\" \/>\n<meta name=\"twitter:card\" content=\"summary_large_image\" \/>\n<script type=\"application\/ld+json\" class=\"yoast-schema-graph\">{\"@context\":\"https:\\\/\\\/schema.org\",\"@graph\":[{\"@type\":\"Article\",\"@id\":\"https:\\\/\\\/www.organisator.ch\\\/sustainability\\\/2017-06-12\\\/neuwagen-co2-emissionen-sinken-kaum\\\/#article\",\"isPartOf\":{\"@id\":\"https:\\\/\\\/www.organisator.ch\\\/sustainability\\\/2017-06-12\\\/neuwagen-co2-emissionen-sinken-kaum\\\/\"},\"author\":{\"name\":\"admin\",\"@id\":\"https:\\\/\\\/www.organisator.ch\\\/#\\\/schema\\\/person\\\/aa2bace6c5c5aad60102004a50c4eb1c\"},\"headline\":\"Neuwagen: CO2-Emissionen sinken kaum\",\"datePublished\":\"2017-06-12T15:58:54+00:00\",\"dateModified\":\"2022-02-09T10:06:56+00:00\",\"mainEntityOfPage\":{\"@id\":\"https:\\\/\\\/www.organisator.ch\\\/sustainability\\\/2017-06-12\\\/neuwagen-co2-emissionen-sinken-kaum\\\/\"},\"wordCount\":417,\"commentCount\":0,\"publisher\":{\"@id\":\"https:\\\/\\\/www.organisator.ch\\\/#organization\"},\"image\":{\"@id\":\"https:\\\/\\\/www.organisator.ch\\\/sustainability\\\/2017-06-12\\\/neuwagen-co2-emissionen-sinken-kaum\\\/#primaryimage\"},\"thumbnailUrl\":\"https:\\\/\\\/www.organisator.ch\\\/wp-content\\\/uploads\\\/2017\\\/06\\\/Depositphotos_86865802_l-2015.jpg\",\"keywords\":[\"Bundesamt f\u00fcr Energie\",\"CO2\",\"Mobilit\u00e4t\"],\"articleSection\":[\"SUSTAINABILITY\"],\"inLanguage\":\"it-IT\"},{\"@type\":\"WebPage\",\"@id\":\"https:\\\/\\\/www.organisator.ch\\\/sustainability\\\/2017-06-12\\\/neuwagen-co2-emissionen-sinken-kaum\\\/\",\"url\":\"https:\\\/\\\/www.organisator.ch\\\/sustainability\\\/2017-06-12\\\/neuwagen-co2-emissionen-sinken-kaum\\\/\",\"name\":\"Neuwagen: CO2-Emissionen sinken kaum - Organisator\",\"isPartOf\":{\"@id\":\"https:\\\/\\\/www.organisator.ch\\\/#website\"},\"primaryImageOfPage\":{\"@id\":\"https:\\\/\\\/www.organisator.ch\\\/sustainability\\\/2017-06-12\\\/neuwagen-co2-emissionen-sinken-kaum\\\/#primaryimage\"},\"image\":{\"@id\":\"https:\\\/\\\/www.organisator.ch\\\/sustainability\\\/2017-06-12\\\/neuwagen-co2-emissionen-sinken-kaum\\\/#primaryimage\"},\"thumbnailUrl\":\"https:\\\/\\\/www.organisator.ch\\\/wp-content\\\/uploads\\\/2017\\\/06\\\/Depositphotos_86865802_l-2015.jpg\",\"datePublished\":\"2017-06-12T15:58:54+00:00\",\"dateModified\":\"2022-02-09T10:06:56+00:00\",\"description\":\"Zum zweiten Mal in Folge haben die Schweizer Autoimporteure die seit 2015 geltenden CO2--Emissionsgrenzwerte \u00fcberschritten.\",\"breadcrumb\":{\"@id\":\"https:\\\/\\\/www.organisator.ch\\\/sustainability\\\/2017-06-12\\\/neuwagen-co2-emissionen-sinken-kaum\\\/#breadcrumb\"},\"inLanguage\":\"it-IT\",\"potentialAction\":[{\"@type\":\"ReadAction\",\"target\":[\"https:\\\/\\\/www.organisator.ch\\\/sustainability\\\/2017-06-12\\\/neuwagen-co2-emissionen-sinken-kaum\\\/\"]}]},{\"@type\":\"ImageObject\",\"inLanguage\":\"it-IT\",\"@id\":\"https:\\\/\\\/www.organisator.ch\\\/sustainability\\\/2017-06-12\\\/neuwagen-co2-emissionen-sinken-kaum\\\/#primaryimage\",\"url\":\"https:\\\/\\\/www.organisator.ch\\\/wp-content\\\/uploads\\\/2017\\\/06\\\/Depositphotos_86865802_l-2015.jpg\",\"contentUrl\":\"https:\\\/\\\/www.organisator.ch\\\/wp-content\\\/uploads\\\/2017\\\/06\\\/Depositphotos_86865802_l-2015.jpg\",\"width\":1999,\"height\":1333,\"caption\":\"Die in die Schweiz importierten Neuwagen haben den Emissions-Zielwert immer noch nicht erreicht.\"},{\"@type\":\"BreadcrumbList\",\"@id\":\"https:\\\/\\\/www.organisator.ch\\\/sustainability\\\/2017-06-12\\\/neuwagen-co2-emissionen-sinken-kaum\\\/#breadcrumb\",\"itemListElement\":[{\"@type\":\"ListItem\",\"position\":1,\"name\":\"Home\",\"item\":\"https:\\\/\\\/www.organisator.ch\\\/\"},{\"@type\":\"ListItem\",\"position\":2,\"name\":\"Neuwagen: CO2-Emissionen sinken kaum\"}]},{\"@type\":\"WebSite\",\"@id\":\"https:\\\/\\\/www.organisator.ch\\\/#website\",\"url\":\"https:\\\/\\\/www.organisator.ch\\\/\",\"name\":\"Organisator\",\"description\":\"Kompetent. Praxisnah. Der ORGANISATOR bereitet in 10 Ausgaben pro Jahr die wesentlichen Themen f\u00fcr F\u00fchrungskr\u00e4fte von KMU auf.\",\"publisher\":{\"@id\":\"https:\\\/\\\/www.organisator.ch\\\/#organization\"},\"potentialAction\":[{\"@type\":\"SearchAction\",\"target\":{\"@type\":\"EntryPoint\",\"urlTemplate\":\"https:\\\/\\\/www.organisator.ch\\\/?s={search_term_string}\"},\"query-input\":{\"@type\":\"PropertyValueSpecification\",\"valueRequired\":true,\"valueName\":\"search_term_string\"}}],\"inLanguage\":\"it-IT\"},{\"@type\":\"Organization\",\"@id\":\"https:\\\/\\\/www.organisator.ch\\\/#organization\",\"name\":\"Organisator\",\"url\":\"https:\\\/\\\/www.organisator.ch\\\/\",\"logo\":{\"@type\":\"ImageObject\",\"inLanguage\":\"it-IT\",\"@id\":\"https:\\\/\\\/www.organisator.ch\\\/#\\\/schema\\\/logo\\\/image\\\/\",\"url\":\"https:\\\/\\\/www.organisator.ch\\\/wp-content\\\/uploads\\\/2022\\\/01\\\/Logo_Organisator_Website.png\",\"contentUrl\":\"https:\\\/\\\/www.organisator.ch\\\/wp-content\\\/uploads\\\/2022\\\/01\\\/Logo_Organisator_Website.png\",\"width\":800,\"height\":77,\"caption\":\"Organisator\"},\"image\":{\"@id\":\"https:\\\/\\\/www.organisator.ch\\\/#\\\/schema\\\/logo\\\/image\\\/\"},\"sameAs\":[\"https:\\\/\\\/www.facebook.com\\\/OrganisatorFachmagazin\",\"https:\\\/\\\/www.linkedin.com\\\/showcase\\\/organisator-das-magazin-fr-kmu\",\"https:\\\/\\\/www.xing.com\\\/news\\\/pages\\\/organisator-ch-695\",\"https:\\\/\\\/www.youtube.com\\\/channel\\\/UCGP2Sq0iWaZwT3BdIAQFYpw\"]},{\"@type\":\"Person\",\"@id\":\"https:\\\/\\\/www.organisator.ch\\\/#\\\/schema\\\/person\\\/aa2bace6c5c5aad60102004a50c4eb1c\",\"name\":\"admin\",\"image\":{\"@type\":\"ImageObject\",\"inLanguage\":\"it-IT\",\"@id\":\"https:\\\/\\\/secure.gravatar.com\\\/avatar\\\/ae2f4d718e6c49043e314ce431e7e645d646302a24a5ef5a8bc8e3f5a032e319?s=96&d=mm&r=g\",\"url\":\"https:\\\/\\\/secure.gravatar.com\\\/avatar\\\/ae2f4d718e6c49043e314ce431e7e645d646302a24a5ef5a8bc8e3f5a032e319?s=96&d=mm&r=g\",\"contentUrl\":\"https:\\\/\\\/secure.gravatar.com\\\/avatar\\\/ae2f4d718e6c49043e314ce431e7e645d646302a24a5ef5a8bc8e3f5a032e319?s=96&d=mm&r=g\",\"caption\":\"admin\"},\"sameAs\":[\"https:\\\/\\\/www.organisator.ch\"],\"url\":\"https:\\\/\\\/www.organisator.ch\\\/it\\\/author\\\/admin\\\/\"}]}<\/script>\n<!-- \/ Yoast SEO plugin. -->","yoast_head_json":{"title":"Nuove auto: le emissioni di CO2 scendono a fatica - Organizzatore","description":"Per la seconda volta consecutiva, gli importatori svizzeri di automobili hanno superato i limiti di emissione di CO2 in vigore dal 2015.","robots":{"index":"index","follow":"follow","max-snippet":"max-snippet:-1","max-image-preview":"max-image-preview:large","max-video-preview":"max-video-preview:-1"},"canonical":"https:\/\/www.organisator.ch\/it\/sostenibilita\/2017-06-12\/neuwagen-co2-emissionen-sinken-kaum\/","og_locale":"it_IT","og_type":"article","og_title":"Neuwagen: CO2-Emissionen sinken kaum - Organisator","og_description":"Zum zweiten Mal in Folge haben die Schweizer Autoimporteure die seit 2015 geltenden CO2--Emissionsgrenzwerte \u00fcberschritten.","og_url":"https:\/\/www.organisator.ch\/it\/sostenibilita\/2017-06-12\/neuwagen-co2-emissionen-sinken-kaum\/","og_site_name":"Organisator","article_publisher":"https:\/\/www.facebook.com\/OrganisatorFachmagazin","article_published_time":"2017-06-12T15:58:54+00:00","article_modified_time":"2022-02-09T10:06:56+00:00","og_image":[{"width":1024,"height":683,"url":"https:\/\/www.organisator.ch\/wp-content\/uploads\/2017\/06\/Depositphotos_86865802_l-2015-1024x683.jpg","type":"image\/jpeg"}],"author":"admin","twitter_card":"summary_large_image","schema":{"@context":"https:\/\/schema.org","@graph":[{"@type":"Article","@id":"https:\/\/www.organisator.ch\/sustainability\/2017-06-12\/neuwagen-co2-emissionen-sinken-kaum\/#article","isPartOf":{"@id":"https:\/\/www.organisator.ch\/sustainability\/2017-06-12\/neuwagen-co2-emissionen-sinken-kaum\/"},"author":{"name":"admin","@id":"https:\/\/www.organisator.ch\/#\/schema\/person\/aa2bace6c5c5aad60102004a50c4eb1c"},"headline":"Neuwagen: CO2-Emissionen sinken kaum","datePublished":"2017-06-12T15:58:54+00:00","dateModified":"2022-02-09T10:06:56+00:00","mainEntityOfPage":{"@id":"https:\/\/www.organisator.ch\/sustainability\/2017-06-12\/neuwagen-co2-emissionen-sinken-kaum\/"},"wordCount":417,"commentCount":0,"publisher":{"@id":"https:\/\/www.organisator.ch\/#organization"},"image":{"@id":"https:\/\/www.organisator.ch\/sustainability\/2017-06-12\/neuwagen-co2-emissionen-sinken-kaum\/#primaryimage"},"thumbnailUrl":"https:\/\/www.organisator.ch\/wp-content\/uploads\/2017\/06\/Depositphotos_86865802_l-2015.jpg","keywords":["Bundesamt f\u00fcr Energie","CO2","Mobilit\u00e4t"],"articleSection":["SUSTAINABILITY"],"inLanguage":"it-IT"},{"@type":"WebPage","@id":"https:\/\/www.organisator.ch\/sustainability\/2017-06-12\/neuwagen-co2-emissionen-sinken-kaum\/","url":"https:\/\/www.organisator.ch\/sustainability\/2017-06-12\/neuwagen-co2-emissionen-sinken-kaum\/","name":"Nuove auto: le emissioni di CO2 scendono a fatica - Organizzatore","isPartOf":{"@id":"https:\/\/www.organisator.ch\/#website"},"primaryImageOfPage":{"@id":"https:\/\/www.organisator.ch\/sustainability\/2017-06-12\/neuwagen-co2-emissionen-sinken-kaum\/#primaryimage"},"image":{"@id":"https:\/\/www.organisator.ch\/sustainability\/2017-06-12\/neuwagen-co2-emissionen-sinken-kaum\/#primaryimage"},"thumbnailUrl":"https:\/\/www.organisator.ch\/wp-content\/uploads\/2017\/06\/Depositphotos_86865802_l-2015.jpg","datePublished":"2017-06-12T15:58:54+00:00","dateModified":"2022-02-09T10:06:56+00:00","description":"Per la seconda volta consecutiva, gli importatori svizzeri di automobili hanno superato i limiti di emissione di CO2 in vigore dal 2015.","breadcrumb":{"@id":"https:\/\/www.organisator.ch\/sustainability\/2017-06-12\/neuwagen-co2-emissionen-sinken-kaum\/#breadcrumb"},"inLanguage":"it-IT","potentialAction":[{"@type":"ReadAction","target":["https:\/\/www.organisator.ch\/sustainability\/2017-06-12\/neuwagen-co2-emissionen-sinken-kaum\/"]}]},{"@type":"ImageObject","inLanguage":"it-IT","@id":"https:\/\/www.organisator.ch\/sustainability\/2017-06-12\/neuwagen-co2-emissionen-sinken-kaum\/#primaryimage","url":"https:\/\/www.organisator.ch\/wp-content\/uploads\/2017\/06\/Depositphotos_86865802_l-2015.jpg","contentUrl":"https:\/\/www.organisator.ch\/wp-content\/uploads\/2017\/06\/Depositphotos_86865802_l-2015.jpg","width":1999,"height":1333,"caption":"Die in die Schweiz importierten Neuwagen haben den Emissions-Zielwert immer noch nicht erreicht."},{"@type":"BreadcrumbList","@id":"https:\/\/www.organisator.ch\/sustainability\/2017-06-12\/neuwagen-co2-emissionen-sinken-kaum\/#breadcrumb","itemListElement":[{"@type":"ListItem","position":1,"name":"Home","item":"https:\/\/www.organisator.ch\/"},{"@type":"ListItem","position":2,"name":"Neuwagen: CO2-Emissionen sinken kaum"}]},{"@type":"WebSite","@id":"https:\/\/www.organisator.ch\/#website","url":"https:\/\/www.organisator.ch\/","name":"Organizzatore","description":"Competente. Pratico. In 10 numeri all'anno, ORGANISATOR presenta i temi essenziali per i manager delle PMI.","publisher":{"@id":"https:\/\/www.organisator.ch\/#organization"},"potentialAction":[{"@type":"SearchAction","target":{"@type":"EntryPoint","urlTemplate":"https:\/\/www.organisator.ch\/?s={search_term_string}"},"query-input":{"@type":"PropertyValueSpecification","valueRequired":true,"valueName":"search_term_string"}}],"inLanguage":"it-IT"},{"@type":"Organization","@id":"https:\/\/www.organisator.ch\/#organization","name":"Organizzatore","url":"https:\/\/www.organisator.ch\/","logo":{"@type":"ImageObject","inLanguage":"it-IT","@id":"https:\/\/www.organisator.ch\/#\/schema\/logo\/image\/","url":"https:\/\/www.organisator.ch\/wp-content\/uploads\/2022\/01\/Logo_Organisator_Website.png","contentUrl":"https:\/\/www.organisator.ch\/wp-content\/uploads\/2022\/01\/Logo_Organisator_Website.png","width":800,"height":77,"caption":"Organisator"},"image":{"@id":"https:\/\/www.organisator.ch\/#\/schema\/logo\/image\/"},"sameAs":["https:\/\/www.facebook.com\/OrganisatorFachmagazin","https:\/\/www.linkedin.com\/showcase\/organisator-das-magazin-fr-kmu","https:\/\/www.xing.com\/news\/pages\/organisator-ch-695","https:\/\/www.youtube.com\/channel\/UCGP2Sq0iWaZwT3BdIAQFYpw"]},{"@type":"Person","@id":"https:\/\/www.organisator.ch\/#\/schema\/person\/aa2bace6c5c5aad60102004a50c4eb1c","name":"amministratore","image":{"@type":"ImageObject","inLanguage":"it-IT","@id":"https:\/\/secure.gravatar.com\/avatar\/ae2f4d718e6c49043e314ce431e7e645d646302a24a5ef5a8bc8e3f5a032e319?s=96&d=mm&r=g","url":"https:\/\/secure.gravatar.com\/avatar\/ae2f4d718e6c49043e314ce431e7e645d646302a24a5ef5a8bc8e3f5a032e319?s=96&d=mm&r=g","contentUrl":"https:\/\/secure.gravatar.com\/avatar\/ae2f4d718e6c49043e314ce431e7e645d646302a24a5ef5a8bc8e3f5a032e319?s=96&d=mm&r=g","caption":"admin"},"sameAs":["https:\/\/www.organisator.ch"],"url":"https:\/\/www.organisator.ch\/it\/author\/admin\/"}]}},"_links":{"self":[{"href":"https:\/\/www.organisator.ch\/it\/wp-json\/wp\/v2\/posts\/1011","targetHints":{"allow":["GET"]}}],"collection":[{"href":"https:\/\/www.organisator.ch\/it\/wp-json\/wp\/v2\/posts"}],"about":[{"href":"https:\/\/www.organisator.ch\/it\/wp-json\/wp\/v2\/types\/post"}],"author":[{"embeddable":true,"href":"https:\/\/www.organisator.ch\/it\/wp-json\/wp\/v2\/users\/1"}],"replies":[{"embeddable":true,"href":"https:\/\/www.organisator.ch\/it\/wp-json\/wp\/v2\/comments?post=1011"}],"version-history":[{"count":1,"href":"https:\/\/www.organisator.ch\/it\/wp-json\/wp\/v2\/posts\/1011\/revisions"}],"predecessor-version":[{"id":10734,"href":"https:\/\/www.organisator.ch\/it\/wp-json\/wp\/v2\/posts\/1011\/revisions\/10734"}],"wp:featuredmedia":[{"embeddable":true,"href":"https:\/\/www.organisator.ch\/it\/wp-json\/wp\/v2\/media\/9500"}],"wp:attachment":[{"href":"https:\/\/www.organisator.ch\/it\/wp-json\/wp\/v2\/media?parent=1011"}],"wp:term":[{"taxonomy":"category","embeddable":true,"href":"https:\/\/www.organisator.ch\/it\/wp-json\/wp\/v2\/categories?post=1011"},{"taxonomy":"post_tag","embeddable":true,"href":"https:\/\/www.organisator.ch\/it\/wp-json\/wp\/v2\/tags?post=1011"}],"curies":[{"name":"wp","href":"https:\/\/api.w.org\/{rel}","templated":true}]}}