{"id":10116,"date":"2019-09-10T17:41:02","date_gmt":"2019-09-10T15:41:02","guid":{"rendered":"https:\/\/www.umweltperspektiven.ch\/?p=2430"},"modified":"2022-02-09T11:10:51","modified_gmt":"2022-02-09T10:10:51","slug":"sommer-in-der-schweiz-und-die-meisten-blitzeinschlaege-2019-blids","status":"publish","type":"post","link":"https:\/\/www.organisator.ch\/it\/sustainability\/2019-09-10\/sommer-in-der-schweiz-und-die-meisten-blitzeinschlaege-2019-blids\/","title":{"rendered":"Estate in Svizzera e pi\u00f9 fulmini nel 2019 BLIDS"},"content":{"rendered":"<figure id=\"attachment_2431\" aria-describedby=\"caption-attachment-2431\" style=\"width: 680px\" class=\"wp-caption alignnone\"><img loading=\"lazy\" decoding=\"async\" class=\"size-medium wp-image-2431\" src=\"\/\/www.umweltperspektiven.ch\/wp-content\/uploads\/2019\/09\/BLIDS-UP_Umwelt-Perspektiven.jpg\" alt=\"\" width=\"680\" height=\"453\" \/><figcaption id=\"caption-attachment-2431\" class=\"wp-caption-text\">Dal 1\u00b0 giugno alla fine di agosto 2019, il Servizio Informazioni Fulmini di Siemens (BLIDS) ha registrato 85 270 fulmini in Svizzera (estate 2018: 53 430). Con 16,21 fulmini per km2, la densit\u00e0 maggiore si \u00e8 registrata nel comune di Gravesano, nel Canton Ticino. Nella Svizzera tedesca, il valore pi\u00f9 alto \u00e8 stato registrato nel villaggio di Jaberg, situato nel cantone di Berna, con 11,23 fulmini per km2. (Immagine simbolo: Unsplash)<\/figcaption><\/figure>\n<p>BLIDS, il servizio di informazione sui fulmini di Siemens, utilizza circa 160 stazioni di misura collegate in Europa per registrare i fulmini e gestisce la rete di misura in Svizzera, Germania, Regno Unito, Benelux, Repubblica Ceca, Slovacchia e Ungheria. Per l'estate 2019 sono stati raccolti dati sui fulmini al suolo in Svizzera.<\/p>\n<p>Questo include solo i fulmini che si verificano tra la parte inferiore di una nuvola e il suolo. In tutta la Svizzera, quest'estate si sono verificati 85 270 fulmini, rispetto ai 53 430 fulmini dell'estate 2018. Il maggior numero di fulmini nei tre mesi estivi - in termini di superficie - si \u00e8 verificato nel comune di Gravesano\/TI.<\/p>\n<p>Il sistema BLIDS ha registrato 16,21 lampi per km2. Tra le dieci localit\u00e0 con la pi\u00f9 alta densit\u00e0 di fulmini nei mesi estivi, otto si trovano nel Canton Ticino. Il comune con la pi\u00f9 alta densit\u00e0 di fulmini della Svizzera tedesca \u00e8 Jaberg, nel cantone di Berna, con 11,23 lampi per km2. La scorsa estate, invece, in oltre 120 localit\u00e0 svizzere non \u00e8 stato registrato alcun fulmine.<\/p>\n<p>Guardando alle cifre assolute a livello cantonale, il Cantone dei Grigioni ha registrato il maggior numero di lampi di terra con 15749, seguito dal Canton Ticino (13856) e dal Cantone di Berna (11566). Nel cantone di Basilea Citt\u00e0, nello stesso periodo, si sono verificati solo 63 fulmini. A titolo di confronto, il solo comune vallesano di Bagnes ha registrato 1753 fulmini in tre mesi.<\/p>\n<p><strong>Determinazione precisa a 100 metri<\/strong><\/p>\n<p>L'elevata precisione di BLIDS si basa sul principio del tempo di arrivo (TOA). La posizione del flash viene calcolata in base alla differenza dei tempi registrati nei ricevitori. \"Mentre prima ci volevano fino a 30 secondi per recuperare le informazioni su un fulmine nel sistema, oggi ne bastano dieci\", spiega Stephan Thern, responsabile del servizio informazioni sui fulmini di Siemens.<\/p>\n<p>\"Oggi siamo in grado di individuare circa la met\u00e0 dei lampi a meno di 100 metri\". Oltre alla localizzazione precisa, questo metodo di misurazione e calcolo consente anche di rilevare la polarit\u00e0 e l'intensit\u00e0 di corrente, nonch\u00e9 i flash parziali all'interno di un flash complessivo. Pi\u00f9 precisi e veloci sono i dati, maggiore \u00e8 la protezione per le persone, gli impianti industriali e le infrastrutture.<\/p>\n<p>Il BLIDS \u00e8 utilizzato, tra gli altri, da servizi meteorologici, compagnie assicurative e aziende industriali ed elettriche. Grazie a MindSphere, il sistema operativo aperto di Siemens basato su cloud per l'Internet degli oggetti, i dati dei fulmini sono disponibili per i clienti anche su PC e dispositivi mobili.<strong>\u00a0<\/strong><\/p>\n<p><strong>Come funziona il sistema BLIDS<\/strong><\/p>\n<p>Ogni fulmine emette un segnale elettromagnetico o onde elettromagnetiche. Queste informazioni vengono registrate con le antenne e analizzate nel centro BLIDS di Siemens a Karlsruhe. Le antenne sono progettate in modo da poter rilevare la direzione di provenienza del segnale. In combinazione con le informazioni provenienti da altre antenne, \u00e8 possibile determinare il punto di impatto. Il corso di un temporale pu\u00f2 quindi essere visualizzato senza lacune.<\/p>\n<p><em>Con la spia gratuita BLIDS, gli interessati possono registrarsi su <a href=\"\/\/www.blids.de\">www.blids.de<\/a> informazioni rapide e aggiornate sui fulmini in Svizzera.<\/em><\/p>","protected":false},"excerpt":{"rendered":"<p>BLIDS, der Blitz-Informationsdienst von Siemens nutzt zur Erfassung von Blitzen rund 160 verbundene Messstationen in Europa und betreut das Messnetz in der Schweiz, Deutschland, Grossbritannien, Benelux, Tschechien, der Slowakei und Ungarn. F\u00fcr den Sommer 2019 wurden in der Schweiz die Daten zu Erdblitzen erhoben. Dazu geh\u00f6ren nur Blitze, welche zwischen dem unteren Teil einer Wolke [&hellip;]<\/p>\n","protected":false},"author":5,"featured_media":9636,"comment_status":"open","ping_status":"open","sticky":false,"template":"","format":"standard","meta":{"_acf_changed":false,"_yoast_wpseo_focuskw":"BLIDS","_yoast_wpseo_metadesc":"Vom 1. Juni bis Ende August 2019 hat der Blitz-Informationsdienst von Siemens (BLIDS) in der Schweiz 85 270 Blitzeinschl\u00e4ge (Sommer 2018: 53 430)","articlekey":"","footnotes":""},"categories":[580],"tags":[855,2056,424,2558],"class_list":["post-10116","post","type-post","status-publish","format-standard","has-post-thumbnail","hentry","category-sustainability","tag-blitz-dienst","tag-schaden","tag-schweiz","tag-wetter"],"acf":[],"yoast_head":"<!-- This site is optimized with the Yoast SEO plugin v27.4 - https:\/\/yoast.com\/product\/yoast-seo-wordpress\/ -->\n<title>Sommer in der Schweiz und die meisten Blitzeinschl\u00e4ge 2019 BLIDS - Organisator<\/title>\n<meta name=\"description\" content=\"Vom 1. Juni bis Ende August 2019 hat der Blitz-Informationsdienst von Siemens (BLIDS) in der Schweiz 85 270 Blitzeinschl\u00e4ge (Sommer 2018: 53 430)\" \/>\n<meta name=\"robots\" content=\"index, follow, max-snippet:-1, max-image-preview:large, max-video-preview:-1\" \/>\n<link rel=\"canonical\" href=\"https:\/\/www.organisator.ch\/it\/sostenibilita\/2019-09-10\/sommer-in-der-schweiz-und-die-meisten-blitzeinschlaege-2019-blids\/\" \/>\n<meta property=\"og:locale\" content=\"it_IT\" \/>\n<meta property=\"og:type\" content=\"article\" \/>\n<meta property=\"og:title\" content=\"Sommer in der Schweiz und die meisten Blitzeinschl\u00e4ge 2019 BLIDS - Organisator\" \/>\n<meta property=\"og:description\" content=\"Vom 1. Juni bis Ende August 2019 hat der Blitz-Informationsdienst von Siemens (BLIDS) in der Schweiz 85 270 Blitzeinschl\u00e4ge (Sommer 2018: 53 430)\" \/>\n<meta property=\"og:url\" content=\"https:\/\/www.organisator.ch\/it\/sostenibilita\/2019-09-10\/sommer-in-der-schweiz-und-die-meisten-blitzeinschlaege-2019-blids\/\" \/>\n<meta property=\"og:site_name\" content=\"Organisator\" \/>\n<meta property=\"article:publisher\" content=\"https:\/\/www.facebook.com\/OrganisatorFachmagazin\" \/>\n<meta property=\"article:published_time\" content=\"2019-09-10T15:41:02+00:00\" \/>\n<meta property=\"article:modified_time\" content=\"2022-02-09T10:10:51+00:00\" \/>\n<meta property=\"og:image\" content=\"https:\/\/www.organisator.ch\/wp-content\/uploads\/2019\/09\/BLIDS-UP_Umwelt-Perspektiven.jpg\" \/>\n\t<meta property=\"og:image:width\" content=\"1731\" \/>\n\t<meta property=\"og:image:height\" content=\"1154\" \/>\n\t<meta property=\"og:image:type\" content=\"image\/jpeg\" \/>\n<meta name=\"author\" content=\"michael.merz\" \/>\n<meta name=\"twitter:card\" content=\"summary_large_image\" \/>\n<script type=\"application\/ld+json\" class=\"yoast-schema-graph\">{\"@context\":\"https:\\\/\\\/schema.org\",\"@graph\":[{\"@type\":\"Article\",\"@id\":\"https:\\\/\\\/www.organisator.ch\\\/sustainability\\\/2019-09-10\\\/sommer-in-der-schweiz-und-die-meisten-blitzeinschlaege-2019-blids\\\/#article\",\"isPartOf\":{\"@id\":\"https:\\\/\\\/www.organisator.ch\\\/sustainability\\\/2019-09-10\\\/sommer-in-der-schweiz-und-die-meisten-blitzeinschlaege-2019-blids\\\/\"},\"author\":{\"name\":\"michael.merz\",\"@id\":\"https:\\\/\\\/www.organisator.ch\\\/#\\\/schema\\\/person\\\/134708ca9321c57b0362cceb7948ffbd\"},\"headline\":\"Sommer in der Schweiz und die meisten Blitzeinschl\u00e4ge 2019 BLIDS\",\"datePublished\":\"2019-09-10T15:41:02+00:00\",\"dateModified\":\"2022-02-09T10:10:51+00:00\",\"mainEntityOfPage\":{\"@id\":\"https:\\\/\\\/www.organisator.ch\\\/sustainability\\\/2019-09-10\\\/sommer-in-der-schweiz-und-die-meisten-blitzeinschlaege-2019-blids\\\/\"},\"wordCount\":525,\"commentCount\":0,\"publisher\":{\"@id\":\"https:\\\/\\\/www.organisator.ch\\\/#organization\"},\"image\":{\"@id\":\"https:\\\/\\\/www.organisator.ch\\\/sustainability\\\/2019-09-10\\\/sommer-in-der-schweiz-und-die-meisten-blitzeinschlaege-2019-blids\\\/#primaryimage\"},\"thumbnailUrl\":\"https:\\\/\\\/www.organisator.ch\\\/wp-content\\\/uploads\\\/2019\\\/09\\\/BLIDS-UP_Umwelt-Perspektiven.jpg\",\"keywords\":[\"Blitz Dienst\",\"Schaden\",\"Schweiz\",\"Wetter\"],\"articleSection\":[\"SUSTAINABILITY\"],\"inLanguage\":\"it-IT\"},{\"@type\":\"WebPage\",\"@id\":\"https:\\\/\\\/www.organisator.ch\\\/sustainability\\\/2019-09-10\\\/sommer-in-der-schweiz-und-die-meisten-blitzeinschlaege-2019-blids\\\/\",\"url\":\"https:\\\/\\\/www.organisator.ch\\\/sustainability\\\/2019-09-10\\\/sommer-in-der-schweiz-und-die-meisten-blitzeinschlaege-2019-blids\\\/\",\"name\":\"Sommer in der Schweiz und die meisten Blitzeinschl\u00e4ge 2019 BLIDS - Organisator\",\"isPartOf\":{\"@id\":\"https:\\\/\\\/www.organisator.ch\\\/#website\"},\"primaryImageOfPage\":{\"@id\":\"https:\\\/\\\/www.organisator.ch\\\/sustainability\\\/2019-09-10\\\/sommer-in-der-schweiz-und-die-meisten-blitzeinschlaege-2019-blids\\\/#primaryimage\"},\"image\":{\"@id\":\"https:\\\/\\\/www.organisator.ch\\\/sustainability\\\/2019-09-10\\\/sommer-in-der-schweiz-und-die-meisten-blitzeinschlaege-2019-blids\\\/#primaryimage\"},\"thumbnailUrl\":\"https:\\\/\\\/www.organisator.ch\\\/wp-content\\\/uploads\\\/2019\\\/09\\\/BLIDS-UP_Umwelt-Perspektiven.jpg\",\"datePublished\":\"2019-09-10T15:41:02+00:00\",\"dateModified\":\"2022-02-09T10:10:51+00:00\",\"description\":\"Vom 1. Juni bis Ende August 2019 hat der Blitz-Informationsdienst von Siemens (BLIDS) in der Schweiz 85 270 Blitzeinschl\u00e4ge (Sommer 2018: 53 430)\",\"breadcrumb\":{\"@id\":\"https:\\\/\\\/www.organisator.ch\\\/sustainability\\\/2019-09-10\\\/sommer-in-der-schweiz-und-die-meisten-blitzeinschlaege-2019-blids\\\/#breadcrumb\"},\"inLanguage\":\"it-IT\",\"potentialAction\":[{\"@type\":\"ReadAction\",\"target\":[\"https:\\\/\\\/www.organisator.ch\\\/sustainability\\\/2019-09-10\\\/sommer-in-der-schweiz-und-die-meisten-blitzeinschlaege-2019-blids\\\/\"]}]},{\"@type\":\"ImageObject\",\"inLanguage\":\"it-IT\",\"@id\":\"https:\\\/\\\/www.organisator.ch\\\/sustainability\\\/2019-09-10\\\/sommer-in-der-schweiz-und-die-meisten-blitzeinschlaege-2019-blids\\\/#primaryimage\",\"url\":\"https:\\\/\\\/www.organisator.ch\\\/wp-content\\\/uploads\\\/2019\\\/09\\\/BLIDS-UP_Umwelt-Perspektiven.jpg\",\"contentUrl\":\"https:\\\/\\\/www.organisator.ch\\\/wp-content\\\/uploads\\\/2019\\\/09\\\/BLIDS-UP_Umwelt-Perspektiven.jpg\",\"width\":1731,\"height\":1154,\"caption\":\"Vom 1. Juni bis Ende August 2019 hat der Blitz-Informationsdienst von Siemens (BLIDS) in der Schweiz 85 270 Blitzeinschl\u00e4ge (Sommer 2018: 53 430) registriert. Mit 16,21 Blitzen pro km2 lag die gr\u00f6sste Dichte in der Gemeinde Gravesano im Kanton Tessin. In der Deutschschweiz verzeichnete die im Kanton Bern gelegene Ortschaft Jaberg mit 11,23 Blitzen pro km2 den h\u00f6chsten Wert. (Symbolbild: Unsplash)\"},{\"@type\":\"BreadcrumbList\",\"@id\":\"https:\\\/\\\/www.organisator.ch\\\/sustainability\\\/2019-09-10\\\/sommer-in-der-schweiz-und-die-meisten-blitzeinschlaege-2019-blids\\\/#breadcrumb\",\"itemListElement\":[{\"@type\":\"ListItem\",\"position\":1,\"name\":\"Home\",\"item\":\"https:\\\/\\\/www.organisator.ch\\\/\"},{\"@type\":\"ListItem\",\"position\":2,\"name\":\"Sommer in der Schweiz und die meisten Blitzeinschl\u00e4ge 2019 BLIDS\"}]},{\"@type\":\"WebSite\",\"@id\":\"https:\\\/\\\/www.organisator.ch\\\/#website\",\"url\":\"https:\\\/\\\/www.organisator.ch\\\/\",\"name\":\"Organisator\",\"description\":\"Kompetent. Praxisnah. Der ORGANISATOR bereitet in 10 Ausgaben pro Jahr die wesentlichen Themen f\u00fcr F\u00fchrungskr\u00e4fte von KMU auf.\",\"publisher\":{\"@id\":\"https:\\\/\\\/www.organisator.ch\\\/#organization\"},\"potentialAction\":[{\"@type\":\"SearchAction\",\"target\":{\"@type\":\"EntryPoint\",\"urlTemplate\":\"https:\\\/\\\/www.organisator.ch\\\/?s={search_term_string}\"},\"query-input\":{\"@type\":\"PropertyValueSpecification\",\"valueRequired\":true,\"valueName\":\"search_term_string\"}}],\"inLanguage\":\"it-IT\"},{\"@type\":\"Organization\",\"@id\":\"https:\\\/\\\/www.organisator.ch\\\/#organization\",\"name\":\"Organisator\",\"url\":\"https:\\\/\\\/www.organisator.ch\\\/\",\"logo\":{\"@type\":\"ImageObject\",\"inLanguage\":\"it-IT\",\"@id\":\"https:\\\/\\\/www.organisator.ch\\\/#\\\/schema\\\/logo\\\/image\\\/\",\"url\":\"https:\\\/\\\/www.organisator.ch\\\/wp-content\\\/uploads\\\/2022\\\/01\\\/Logo_Organisator_Website.png\",\"contentUrl\":\"https:\\\/\\\/www.organisator.ch\\\/wp-content\\\/uploads\\\/2022\\\/01\\\/Logo_Organisator_Website.png\",\"width\":800,\"height\":77,\"caption\":\"Organisator\"},\"image\":{\"@id\":\"https:\\\/\\\/www.organisator.ch\\\/#\\\/schema\\\/logo\\\/image\\\/\"},\"sameAs\":[\"https:\\\/\\\/www.facebook.com\\\/OrganisatorFachmagazin\",\"https:\\\/\\\/www.linkedin.com\\\/showcase\\\/organisator-das-magazin-fr-kmu\",\"https:\\\/\\\/www.xing.com\\\/news\\\/pages\\\/organisator-ch-695\",\"https:\\\/\\\/www.youtube.com\\\/channel\\\/UCGP2Sq0iWaZwT3BdIAQFYpw\"]},{\"@type\":\"Person\",\"@id\":\"https:\\\/\\\/www.organisator.ch\\\/#\\\/schema\\\/person\\\/134708ca9321c57b0362cceb7948ffbd\",\"name\":\"michael.merz\",\"image\":{\"@type\":\"ImageObject\",\"inLanguage\":\"it-IT\",\"@id\":\"https:\\\/\\\/secure.gravatar.com\\\/avatar\\\/?s=96&d=mm&r=g\",\"url\":\"https:\\\/\\\/secure.gravatar.com\\\/avatar\\\/?s=96&d=mm&r=g\",\"contentUrl\":\"https:\\\/\\\/secure.gravatar.com\\\/avatar\\\/?s=96&d=mm&r=g\",\"caption\":\"michael.merz\"},\"url\":\"https:\\\/\\\/www.organisator.ch\\\/it\\\/author\\\/michael-merz\\\/\"}]}<\/script>\n<!-- \/ Yoast SEO plugin. -->","yoast_head_json":{"title":"Estate in Svizzera e maggior numero di fulmini 2019 BLIDS - Organizzatore","description":"Dal 1\u00b0 giugno alla fine di agosto 2019, il Servizio Informazioni Fulmini di Siemens (BLIDS) ha registrato 85 270 fulmini in Svizzera (estate 2018: 53 430).","robots":{"index":"index","follow":"follow","max-snippet":"max-snippet:-1","max-image-preview":"max-image-preview:large","max-video-preview":"max-video-preview:-1"},"canonical":"https:\/\/www.organisator.ch\/it\/sostenibilita\/2019-09-10\/sommer-in-der-schweiz-und-die-meisten-blitzeinschlaege-2019-blids\/","og_locale":"it_IT","og_type":"article","og_title":"Sommer in der Schweiz und die meisten Blitzeinschl\u00e4ge 2019 BLIDS - Organisator","og_description":"Vom 1. Juni bis Ende August 2019 hat der Blitz-Informationsdienst von Siemens (BLIDS) in der Schweiz 85 270 Blitzeinschl\u00e4ge (Sommer 2018: 53 430)","og_url":"https:\/\/www.organisator.ch\/it\/sostenibilita\/2019-09-10\/sommer-in-der-schweiz-und-die-meisten-blitzeinschlaege-2019-blids\/","og_site_name":"Organisator","article_publisher":"https:\/\/www.facebook.com\/OrganisatorFachmagazin","article_published_time":"2019-09-10T15:41:02+00:00","article_modified_time":"2022-02-09T10:10:51+00:00","og_image":[{"width":1731,"height":1154,"url":"https:\/\/www.organisator.ch\/wp-content\/uploads\/2019\/09\/BLIDS-UP_Umwelt-Perspektiven.jpg","type":"image\/jpeg"}],"author":"michael.merz","twitter_card":"summary_large_image","schema":{"@context":"https:\/\/schema.org","@graph":[{"@type":"Article","@id":"https:\/\/www.organisator.ch\/sustainability\/2019-09-10\/sommer-in-der-schweiz-und-die-meisten-blitzeinschlaege-2019-blids\/#article","isPartOf":{"@id":"https:\/\/www.organisator.ch\/sustainability\/2019-09-10\/sommer-in-der-schweiz-und-die-meisten-blitzeinschlaege-2019-blids\/"},"author":{"name":"michael.merz","@id":"https:\/\/www.organisator.ch\/#\/schema\/person\/134708ca9321c57b0362cceb7948ffbd"},"headline":"Sommer in der Schweiz und die meisten Blitzeinschl\u00e4ge 2019 BLIDS","datePublished":"2019-09-10T15:41:02+00:00","dateModified":"2022-02-09T10:10:51+00:00","mainEntityOfPage":{"@id":"https:\/\/www.organisator.ch\/sustainability\/2019-09-10\/sommer-in-der-schweiz-und-die-meisten-blitzeinschlaege-2019-blids\/"},"wordCount":525,"commentCount":0,"publisher":{"@id":"https:\/\/www.organisator.ch\/#organization"},"image":{"@id":"https:\/\/www.organisator.ch\/sustainability\/2019-09-10\/sommer-in-der-schweiz-und-die-meisten-blitzeinschlaege-2019-blids\/#primaryimage"},"thumbnailUrl":"https:\/\/www.organisator.ch\/wp-content\/uploads\/2019\/09\/BLIDS-UP_Umwelt-Perspektiven.jpg","keywords":["Blitz Dienst","Schaden","Schweiz","Wetter"],"articleSection":["SUSTAINABILITY"],"inLanguage":"it-IT"},{"@type":"WebPage","@id":"https:\/\/www.organisator.ch\/sustainability\/2019-09-10\/sommer-in-der-schweiz-und-die-meisten-blitzeinschlaege-2019-blids\/","url":"https:\/\/www.organisator.ch\/sustainability\/2019-09-10\/sommer-in-der-schweiz-und-die-meisten-blitzeinschlaege-2019-blids\/","name":"Estate in Svizzera e maggior numero di fulmini 2019 BLIDS - Organizzatore","isPartOf":{"@id":"https:\/\/www.organisator.ch\/#website"},"primaryImageOfPage":{"@id":"https:\/\/www.organisator.ch\/sustainability\/2019-09-10\/sommer-in-der-schweiz-und-die-meisten-blitzeinschlaege-2019-blids\/#primaryimage"},"image":{"@id":"https:\/\/www.organisator.ch\/sustainability\/2019-09-10\/sommer-in-der-schweiz-und-die-meisten-blitzeinschlaege-2019-blids\/#primaryimage"},"thumbnailUrl":"https:\/\/www.organisator.ch\/wp-content\/uploads\/2019\/09\/BLIDS-UP_Umwelt-Perspektiven.jpg","datePublished":"2019-09-10T15:41:02+00:00","dateModified":"2022-02-09T10:10:51+00:00","description":"Dal 1\u00b0 giugno alla fine di agosto 2019, il Servizio Informazioni Fulmini di Siemens (BLIDS) ha registrato 85 270 fulmini in Svizzera (estate 2018: 53 430).","breadcrumb":{"@id":"https:\/\/www.organisator.ch\/sustainability\/2019-09-10\/sommer-in-der-schweiz-und-die-meisten-blitzeinschlaege-2019-blids\/#breadcrumb"},"inLanguage":"it-IT","potentialAction":[{"@type":"ReadAction","target":["https:\/\/www.organisator.ch\/sustainability\/2019-09-10\/sommer-in-der-schweiz-und-die-meisten-blitzeinschlaege-2019-blids\/"]}]},{"@type":"ImageObject","inLanguage":"it-IT","@id":"https:\/\/www.organisator.ch\/sustainability\/2019-09-10\/sommer-in-der-schweiz-und-die-meisten-blitzeinschlaege-2019-blids\/#primaryimage","url":"https:\/\/www.organisator.ch\/wp-content\/uploads\/2019\/09\/BLIDS-UP_Umwelt-Perspektiven.jpg","contentUrl":"https:\/\/www.organisator.ch\/wp-content\/uploads\/2019\/09\/BLIDS-UP_Umwelt-Perspektiven.jpg","width":1731,"height":1154,"caption":"Vom 1. Juni bis Ende August 2019 hat der Blitz-Informationsdienst von Siemens (BLIDS) in der Schweiz 85 270 Blitzeinschl\u00e4ge (Sommer 2018: 53 430) registriert. Mit 16,21 Blitzen pro km2 lag die gr\u00f6sste Dichte in der Gemeinde Gravesano im Kanton Tessin. In der Deutschschweiz verzeichnete die im Kanton Bern gelegene Ortschaft Jaberg mit 11,23 Blitzen pro km2 den h\u00f6chsten Wert. (Symbolbild: Unsplash)"},{"@type":"BreadcrumbList","@id":"https:\/\/www.organisator.ch\/sustainability\/2019-09-10\/sommer-in-der-schweiz-und-die-meisten-blitzeinschlaege-2019-blids\/#breadcrumb","itemListElement":[{"@type":"ListItem","position":1,"name":"Home","item":"https:\/\/www.organisator.ch\/"},{"@type":"ListItem","position":2,"name":"Sommer in der Schweiz und die meisten Blitzeinschl\u00e4ge 2019 BLIDS"}]},{"@type":"WebSite","@id":"https:\/\/www.organisator.ch\/#website","url":"https:\/\/www.organisator.ch\/","name":"Organizzatore","description":"Competente. Pratico. In 10 numeri all'anno, ORGANISATOR presenta i temi essenziali per i manager delle PMI.","publisher":{"@id":"https:\/\/www.organisator.ch\/#organization"},"potentialAction":[{"@type":"SearchAction","target":{"@type":"EntryPoint","urlTemplate":"https:\/\/www.organisator.ch\/?s={search_term_string}"},"query-input":{"@type":"PropertyValueSpecification","valueRequired":true,"valueName":"search_term_string"}}],"inLanguage":"it-IT"},{"@type":"Organization","@id":"https:\/\/www.organisator.ch\/#organization","name":"Organizzatore","url":"https:\/\/www.organisator.ch\/","logo":{"@type":"ImageObject","inLanguage":"it-IT","@id":"https:\/\/www.organisator.ch\/#\/schema\/logo\/image\/","url":"https:\/\/www.organisator.ch\/wp-content\/uploads\/2022\/01\/Logo_Organisator_Website.png","contentUrl":"https:\/\/www.organisator.ch\/wp-content\/uploads\/2022\/01\/Logo_Organisator_Website.png","width":800,"height":77,"caption":"Organisator"},"image":{"@id":"https:\/\/www.organisator.ch\/#\/schema\/logo\/image\/"},"sameAs":["https:\/\/www.facebook.com\/OrganisatorFachmagazin","https:\/\/www.linkedin.com\/showcase\/organisator-das-magazin-fr-kmu","https:\/\/www.xing.com\/news\/pages\/organisator-ch-695","https:\/\/www.youtube.com\/channel\/UCGP2Sq0iWaZwT3BdIAQFYpw"]},{"@type":"Person","@id":"https:\/\/www.organisator.ch\/#\/schema\/person\/134708ca9321c57b0362cceb7948ffbd","name":"michael.merz","image":{"@type":"ImageObject","inLanguage":"it-IT","@id":"https:\/\/secure.gravatar.com\/avatar\/?s=96&d=mm&r=g","url":"https:\/\/secure.gravatar.com\/avatar\/?s=96&d=mm&r=g","contentUrl":"https:\/\/secure.gravatar.com\/avatar\/?s=96&d=mm&r=g","caption":"michael.merz"},"url":"https:\/\/www.organisator.ch\/it\/author\/michael-merz\/"}]}},"_links":{"self":[{"href":"https:\/\/www.organisator.ch\/it\/wp-json\/wp\/v2\/posts\/10116","targetHints":{"allow":["GET"]}}],"collection":[{"href":"https:\/\/www.organisator.ch\/it\/wp-json\/wp\/v2\/posts"}],"about":[{"href":"https:\/\/www.organisator.ch\/it\/wp-json\/wp\/v2\/types\/post"}],"author":[{"embeddable":true,"href":"https:\/\/www.organisator.ch\/it\/wp-json\/wp\/v2\/users\/5"}],"replies":[{"embeddable":true,"href":"https:\/\/www.organisator.ch\/it\/wp-json\/wp\/v2\/comments?post=10116"}],"version-history":[{"count":1,"href":"https:\/\/www.organisator.ch\/it\/wp-json\/wp\/v2\/posts\/10116\/revisions"}],"predecessor-version":[{"id":11010,"href":"https:\/\/www.organisator.ch\/it\/wp-json\/wp\/v2\/posts\/10116\/revisions\/11010"}],"wp:featuredmedia":[{"embeddable":true,"href":"https:\/\/www.organisator.ch\/it\/wp-json\/wp\/v2\/media\/9636"}],"wp:attachment":[{"href":"https:\/\/www.organisator.ch\/it\/wp-json\/wp\/v2\/media?parent=10116"}],"wp:term":[{"taxonomy":"category","embeddable":true,"href":"https:\/\/www.organisator.ch\/it\/wp-json\/wp\/v2\/categories?post=10116"},{"taxonomy":"post_tag","embeddable":true,"href":"https:\/\/www.organisator.ch\/it\/wp-json\/wp\/v2\/tags?post=10116"}],"curies":[{"name":"wp","href":"https:\/\/api.w.org\/{rel}","templated":true}]}}