{"id":10117,"date":"2019-09-09T12:00:00","date_gmt":"2019-09-09T10:00:00","guid":{"rendered":"https:\/\/www.umweltperspektiven.ch\/?p=2433"},"modified":"2022-02-09T11:10:04","modified_gmt":"2022-02-09T10:10:04","slug":"8-zermatt-summit-visionaere-und-macherinnen-machen-sich-auf-den-weg","status":"publish","type":"post","link":"https:\/\/www.organisator.ch\/it\/sustainability\/2019-09-09\/8-zermatt-summit-visionaere-und-macherinnen-machen-sich-auf-den-weg\/","title":{"rendered":"8\u00b0 Vertice di Zermatt: visionari e operatori partono per il loro viaggio"},"content":{"rendered":"<p><img loading=\"lazy\" decoding=\"async\" class=\"alignnone wp-image-2447 size-medium\" src=\"\/\/www.umweltperspektiven.ch\/wp-content\/uploads\/2019\/09\/Zermatt-Summit-Gunter-Pauli_UP-Umwelt-Perspektiven.jpg\" alt=\"\" width=\"680\" height=\"453\" \/><\/p>\n<p>Al summit di alto profilo sono attesi oltre 150 leader economici e di opinione provenienti dalla Svizzera, dall'Europa e da altri paesi. <a href=\"\/\/www.umweltperspektiven.ch\/mediadaten\/\">(vedi l'anteprima dell'\"8\u00b0 Summit di Zermatt\" nell'attuale edizione cartacea (UP_2019_09))<\/a>. Uno degli obiettivi dichiarati del Vertice di Zermatt \u00e8: il modello economico classico, che si concentra sulle persone, deve essere trasformato, ispirandosi alla natura e tenendo conto delle esigenze di tutti.<\/p>\n<p>\u00c8 necessario abbandonare radicalmente l'economia dell'usa e getta che ha prevalso fin dall'industrializzazione. Questo concetto ha contribuito in modo significativo a far s\u00ec che l'umanit\u00e0 esaurisca presto le risorse naturali.  25 imprenditori attivi a livello globale, come Alis\u00e9e de Tonnac, che \u00e8 stata recentemente nominata dalla rivista Forbes come uno dei principali \"Imprenditori sociali under 30\", o Giuseppe Lavazza, che \u00e8 stato il primo leader del mercato del caff\u00e8 a lanciare capsule di caff\u00e8 100% compostabili e biodegradabili nel 2015, mostrano nei loro keynote e come partecipanti ai panel come rompono con la logica tradizionale del business mainstream attraverso l'innovazione.<\/p>\n<p>La Blue Economy si concentra sui bisogni umani fondamentali - cibo, acqua, energia e salute - rigenerando la natura, creando posti di lavoro, costruendo comunit\u00e0 ed evitando gli sprechi. \"Nessuno mi dice che comprare una mela biologica dal Cile qui a Zermatt sia sostenibile. Questo non \u00e8 vero. Non lo \u00e8 e non lo sar\u00e0 mai\", spiega Gunter Pauli (vedi clip sotto), anch'egli fondatore della Blue Economy, al Summit di Zermatt. A suo avviso, l'economia locale stimola un rapporto diretto tra produttori e consumatori.<\/p>\n<p><strong>Un'uscita radicale dall'economia dell'usa e getta<\/strong><\/p>\n<p>Utilizzando esempi concreti di tecnologia all'avanguardia e di imprenditoria moderna, il Summit di Zermatt spiega che questo modello non ha senso nel nostro clima in continua evoluzione. I progetti sviluppati alla conferenza non solo promuovono una nuova economia circolare, ma creano flussi di reddito multipli che svincolano le aziende dagli attuali modelli di business principali e le trasformano in organizzazioni pi\u00f9 orientate agli stakeholder.<\/p>\n<p><strong>Piattaforma per lo scambio e la coltivazione di relazioni<\/strong><\/p>\n<p>I relatori che hanno qualcosa da dire e i congressisti che vogliono essere ispirati si incontrano una volta all'anno al Summit di Zermatt. Utilizzano questa piattaforma unica per scambiare idee con i \"changemaker\" della societ\u00e0 civile, dell'istruzione, della scienza e della politica, al fine di portare pi\u00f9 umanit\u00e0 nel processo di globalizzazione e di sviluppare nuovi modelli al servizio delle persone e del bene comune. Il Business Summit si batte per un business etico in un mondo sempre pi\u00f9 complesso.<\/p>\n<p><strong>Zermatt \u00e8 il luogo del potere del cambiamento<\/strong><\/p>\n<p>Le persone devono unirsi per realizzare il cambiamento. Quando le persone si incontrano a livello personale in un luogo stimolante come Zermatt, accadono cose che non sono pianificate, non possono essere pianificate. Non esiste una struttura online che possa sostituire questa esperienza. Ecco perch\u00e9 l'iniziatore e organizzatore del Summit di Zermatt Christopher Wasserman ha scelto deliberatamente questa sede. Zermatt \u00e8 lontana dal mondo frenetico di tutti i giorni. Il viaggio verso le montagne del Vallese richiede impegno, necessario se si vuole fare la differenza. Dice Wasserman:<\/p>\n<p>\"Vogliamo offrire un luogo in cui persone con un'ampia gamma di concetti di vita si incontrino per essere ispirati, scambiare innovazioni, fare rete e creare insieme nuovi modelli di business per un mondo migliore.\"<\/p>\n<p><a href=\"\/\/www.zermattsummit.org\">www.zermattsummit.org<\/a><\/p>\n<p>&nbsp;<\/p>\n<p>&nbsp;<\/p>\n<p><iframe loading=\"lazy\" title=\"Zermatt Summit 2019 - Intervista a Gunter Pauli di Urs Gredig : Perch\u00e9 partecipare al Summit?\" width=\"768\" height=\"432\" src=\"https:\/\/www.youtube.com\/embed\/fpIpYoM6qCE?feature=oembed\" frameborder=\"0\" allow=\"accelerometer; autoplay; clipboard-write; encrypted-media; gyroscope; picture-in-picture\" allowfullscreen><\/iframe><\/p>\n<p>Pi\u00f9 che dichiarazioni: i relatori del Vertice di Zermatt puntano all'azione.<\/p>\n<p>- Urs Gredig intervista Gunter Pauli in vista del Vertice sull'ambiente.<\/p>","protected":false},"excerpt":{"rendered":"<p>Am hochkar\u00e4tigen Wirtschaftsgipfel werden \u00fcber 150 Wirtschafts- und Meinungsf\u00fchrer aus der Schweiz, Europa und \u00dcbersee erwartet (siehe Vorschau zum &#8222;8. Zermatt Summit&#8220; in der aktuellen Druckausgabe (UP_2019_09)). Eines der erkl\u00e4rten Ziele des Zermatt Summit ist: Das klassische Wirtschaftsmodell, bei dem der Mensch im Mittelpunkt steht, muss transformiert werden \u2013 inspiriert von der Natur und unter [&hellip;]<\/p>\n","protected":false},"author":5,"featured_media":9637,"comment_status":"open","ping_status":"open","sticky":false,"template":"","format":"standard","meta":{"_acf_changed":false,"_yoast_wpseo_focuskw":"Zermatt Summit i","_yoast_wpseo_metadesc":"Vom 12. bis 14. September 2019 findet zum achten Mal der Zermatt Summit in Zermatt in der Schweiz statt. Vision\u00e4re und Macherinnen machen sich auf den Weg.","articlekey":"","footnotes":""},"categories":[580],"tags":[889,1207,358,2239,2597],"class_list":["post-10117","post","type-post","status-publish","format-standard","has-post-thumbnail","hentry","category-sustainability","tag-business-modelle","tag-food","tag-nachhaltige-wirtschaft","tag-summit","tag-zermatt"],"acf":[],"yoast_head":"<!-- This site is optimized with the Yoast SEO plugin v27.5 - https:\/\/yoast.com\/product\/yoast-seo-wordpress\/ -->\n<title>8. Zermatt Summit: Vision\u00e4re und Macherinnen machen sich auf den Weg - Organisator<\/title>\n<meta name=\"description\" content=\"Vom 12. bis 14. September 2019 findet zum achten Mal der Zermatt Summit in Zermatt in der Schweiz statt. Vision\u00e4re und Macherinnen machen sich auf den Weg.\" \/>\n<meta name=\"robots\" content=\"index, follow, max-snippet:-1, max-image-preview:large, max-video-preview:-1\" \/>\n<link rel=\"canonical\" href=\"https:\/\/www.organisator.ch\/it\/sostenibilita\/2019-09-09\/8-zermatt-summit-visionaere-und-macherinnen-machen-sich-auf-den-weg\/\" \/>\n<meta property=\"og:locale\" content=\"it_IT\" \/>\n<meta property=\"og:type\" content=\"article\" \/>\n<meta property=\"og:title\" content=\"8. Zermatt Summit: Vision\u00e4re und Macherinnen machen sich auf den Weg - Organisator\" \/>\n<meta property=\"og:description\" content=\"Vom 12. bis 14. September 2019 findet zum achten Mal der Zermatt Summit in Zermatt in der Schweiz statt. Vision\u00e4re und Macherinnen machen sich auf den Weg.\" \/>\n<meta property=\"og:url\" content=\"https:\/\/www.organisator.ch\/it\/sostenibilita\/2019-09-09\/8-zermatt-summit-visionaere-und-macherinnen-machen-sich-auf-den-weg\/\" \/>\n<meta property=\"og:site_name\" content=\"Organisator\" \/>\n<meta property=\"article:publisher\" content=\"https:\/\/www.facebook.com\/OrganisatorFachmagazin\" \/>\n<meta property=\"article:published_time\" content=\"2019-09-09T10:00:00+00:00\" \/>\n<meta property=\"article:modified_time\" content=\"2022-02-09T10:10:04+00:00\" \/>\n<meta property=\"og:image\" content=\"https:\/\/www.organisator.ch\/wp-content\/uploads\/2019\/09\/Zermatt-Summit-Gunter-Pauli_UP-Umwelt-Perspektiven.jpg\" \/>\n\t<meta property=\"og:image:width\" content=\"1280\" \/>\n\t<meta property=\"og:image:height\" content=\"853\" \/>\n\t<meta property=\"og:image:type\" content=\"image\/jpeg\" \/>\n<meta name=\"author\" content=\"michael.merz\" \/>\n<meta name=\"twitter:card\" content=\"summary_large_image\" \/>\n<script type=\"application\/ld+json\" class=\"yoast-schema-graph\">{\"@context\":\"https:\\\/\\\/schema.org\",\"@graph\":[{\"@type\":\"Article\",\"@id\":\"https:\\\/\\\/www.organisator.ch\\\/sustainability\\\/2019-09-09\\\/8-zermatt-summit-visionaere-und-macherinnen-machen-sich-auf-den-weg\\\/#article\",\"isPartOf\":{\"@id\":\"https:\\\/\\\/www.organisator.ch\\\/sustainability\\\/2019-09-09\\\/8-zermatt-summit-visionaere-und-macherinnen-machen-sich-auf-den-weg\\\/\"},\"author\":{\"name\":\"michael.merz\",\"@id\":\"https:\\\/\\\/www.organisator.ch\\\/#\\\/schema\\\/person\\\/134708ca9321c57b0362cceb7948ffbd\"},\"headline\":\"8. Zermatt Summit: Vision\u00e4re und Macherinnen machen sich auf den Weg\",\"datePublished\":\"2019-09-09T10:00:00+00:00\",\"dateModified\":\"2022-02-09T10:10:04+00:00\",\"mainEntityOfPage\":{\"@id\":\"https:\\\/\\\/www.organisator.ch\\\/sustainability\\\/2019-09-09\\\/8-zermatt-summit-visionaere-und-macherinnen-machen-sich-auf-den-weg\\\/\"},\"wordCount\":568,\"commentCount\":0,\"publisher\":{\"@id\":\"https:\\\/\\\/www.organisator.ch\\\/#organization\"},\"image\":{\"@id\":\"https:\\\/\\\/www.organisator.ch\\\/sustainability\\\/2019-09-09\\\/8-zermatt-summit-visionaere-und-macherinnen-machen-sich-auf-den-weg\\\/#primaryimage\"},\"thumbnailUrl\":\"https:\\\/\\\/www.organisator.ch\\\/wp-content\\\/uploads\\\/2019\\\/09\\\/Zermatt-Summit-Gunter-Pauli_UP-Umwelt-Perspektiven.jpg\",\"keywords\":[\"Business Modelle\",\"Food\",\"Nachhaltige Wirtschaft\",\"Summit\",\"Zermatt\"],\"articleSection\":[\"SUSTAINABILITY\"],\"inLanguage\":\"it-IT\"},{\"@type\":\"WebPage\",\"@id\":\"https:\\\/\\\/www.organisator.ch\\\/sustainability\\\/2019-09-09\\\/8-zermatt-summit-visionaere-und-macherinnen-machen-sich-auf-den-weg\\\/\",\"url\":\"https:\\\/\\\/www.organisator.ch\\\/sustainability\\\/2019-09-09\\\/8-zermatt-summit-visionaere-und-macherinnen-machen-sich-auf-den-weg\\\/\",\"name\":\"8. Zermatt Summit: Vision\u00e4re und Macherinnen machen sich auf den Weg - Organisator\",\"isPartOf\":{\"@id\":\"https:\\\/\\\/www.organisator.ch\\\/#website\"},\"primaryImageOfPage\":{\"@id\":\"https:\\\/\\\/www.organisator.ch\\\/sustainability\\\/2019-09-09\\\/8-zermatt-summit-visionaere-und-macherinnen-machen-sich-auf-den-weg\\\/#primaryimage\"},\"image\":{\"@id\":\"https:\\\/\\\/www.organisator.ch\\\/sustainability\\\/2019-09-09\\\/8-zermatt-summit-visionaere-und-macherinnen-machen-sich-auf-den-weg\\\/#primaryimage\"},\"thumbnailUrl\":\"https:\\\/\\\/www.organisator.ch\\\/wp-content\\\/uploads\\\/2019\\\/09\\\/Zermatt-Summit-Gunter-Pauli_UP-Umwelt-Perspektiven.jpg\",\"datePublished\":\"2019-09-09T10:00:00+00:00\",\"dateModified\":\"2022-02-09T10:10:04+00:00\",\"description\":\"Vom 12. bis 14. September 2019 findet zum achten Mal der Zermatt Summit in Zermatt in der Schweiz statt. Vision\u00e4re und Macherinnen machen sich auf den Weg.\",\"breadcrumb\":{\"@id\":\"https:\\\/\\\/www.organisator.ch\\\/sustainability\\\/2019-09-09\\\/8-zermatt-summit-visionaere-und-macherinnen-machen-sich-auf-den-weg\\\/#breadcrumb\"},\"inLanguage\":\"it-IT\",\"potentialAction\":[{\"@type\":\"ReadAction\",\"target\":[\"https:\\\/\\\/www.organisator.ch\\\/sustainability\\\/2019-09-09\\\/8-zermatt-summit-visionaere-und-macherinnen-machen-sich-auf-den-weg\\\/\"]}]},{\"@type\":\"ImageObject\",\"inLanguage\":\"it-IT\",\"@id\":\"https:\\\/\\\/www.organisator.ch\\\/sustainability\\\/2019-09-09\\\/8-zermatt-summit-visionaere-und-macherinnen-machen-sich-auf-den-weg\\\/#primaryimage\",\"url\":\"https:\\\/\\\/www.organisator.ch\\\/wp-content\\\/uploads\\\/2019\\\/09\\\/Zermatt-Summit-Gunter-Pauli_UP-Umwelt-Perspektiven.jpg\",\"contentUrl\":\"https:\\\/\\\/www.organisator.ch\\\/wp-content\\\/uploads\\\/2019\\\/09\\\/Zermatt-Summit-Gunter-Pauli_UP-Umwelt-Perspektiven.jpg\",\"width\":1280,\"height\":853,\"caption\":\"Mehr als neue Produkte braucht es Vision\u00e4re und Taten um die anstehenden Klimaprobleme zu l\u00f6sen. Namhafte Vision\u00e4re treffen sich am 8. Zermatt Summit diesen September. (Bild zVg)\"},{\"@type\":\"BreadcrumbList\",\"@id\":\"https:\\\/\\\/www.organisator.ch\\\/sustainability\\\/2019-09-09\\\/8-zermatt-summit-visionaere-und-macherinnen-machen-sich-auf-den-weg\\\/#breadcrumb\",\"itemListElement\":[{\"@type\":\"ListItem\",\"position\":1,\"name\":\"Home\",\"item\":\"https:\\\/\\\/www.organisator.ch\\\/\"},{\"@type\":\"ListItem\",\"position\":2,\"name\":\"8. Zermatt Summit: Vision\u00e4re und Macherinnen machen sich auf den Weg\"}]},{\"@type\":\"WebSite\",\"@id\":\"https:\\\/\\\/www.organisator.ch\\\/#website\",\"url\":\"https:\\\/\\\/www.organisator.ch\\\/\",\"name\":\"Organisator\",\"description\":\"Kompetent. Praxisnah. Der ORGANISATOR bereitet in 10 Ausgaben pro Jahr die wesentlichen Themen f\u00fcr F\u00fchrungskr\u00e4fte von KMU auf.\",\"publisher\":{\"@id\":\"https:\\\/\\\/www.organisator.ch\\\/#organization\"},\"potentialAction\":[{\"@type\":\"SearchAction\",\"target\":{\"@type\":\"EntryPoint\",\"urlTemplate\":\"https:\\\/\\\/www.organisator.ch\\\/?s={search_term_string}\"},\"query-input\":{\"@type\":\"PropertyValueSpecification\",\"valueRequired\":true,\"valueName\":\"search_term_string\"}}],\"inLanguage\":\"it-IT\"},{\"@type\":\"Organization\",\"@id\":\"https:\\\/\\\/www.organisator.ch\\\/#organization\",\"name\":\"Organisator\",\"url\":\"https:\\\/\\\/www.organisator.ch\\\/\",\"logo\":{\"@type\":\"ImageObject\",\"inLanguage\":\"it-IT\",\"@id\":\"https:\\\/\\\/www.organisator.ch\\\/#\\\/schema\\\/logo\\\/image\\\/\",\"url\":\"https:\\\/\\\/www.organisator.ch\\\/wp-content\\\/uploads\\\/2022\\\/01\\\/Logo_Organisator_Website.png\",\"contentUrl\":\"https:\\\/\\\/www.organisator.ch\\\/wp-content\\\/uploads\\\/2022\\\/01\\\/Logo_Organisator_Website.png\",\"width\":800,\"height\":77,\"caption\":\"Organisator\"},\"image\":{\"@id\":\"https:\\\/\\\/www.organisator.ch\\\/#\\\/schema\\\/logo\\\/image\\\/\"},\"sameAs\":[\"https:\\\/\\\/www.facebook.com\\\/OrganisatorFachmagazin\",\"https:\\\/\\\/www.linkedin.com\\\/showcase\\\/organisator-das-magazin-fr-kmu\",\"https:\\\/\\\/www.xing.com\\\/news\\\/pages\\\/organisator-ch-695\",\"https:\\\/\\\/www.youtube.com\\\/channel\\\/UCGP2Sq0iWaZwT3BdIAQFYpw\"]},{\"@type\":\"Person\",\"@id\":\"https:\\\/\\\/www.organisator.ch\\\/#\\\/schema\\\/person\\\/134708ca9321c57b0362cceb7948ffbd\",\"name\":\"michael.merz\",\"image\":{\"@type\":\"ImageObject\",\"inLanguage\":\"it-IT\",\"@id\":\"https:\\\/\\\/secure.gravatar.com\\\/avatar\\\/?s=96&d=mm&r=g\",\"url\":\"https:\\\/\\\/secure.gravatar.com\\\/avatar\\\/?s=96&d=mm&r=g\",\"contentUrl\":\"https:\\\/\\\/secure.gravatar.com\\\/avatar\\\/?s=96&d=mm&r=g\",\"caption\":\"michael.merz\"},\"url\":\"https:\\\/\\\/www.organisator.ch\\\/it\\\/author\\\/michael-merz\\\/\"}]}<\/script>\n<!-- \/ Yoast SEO plugin. -->","yoast_head_json":{"title":"8\u00b0 Summit di Zermatt: partono i visionari e gli esecutori - Organizzatore","description":"Dal 12 al 14 settembre 2019, il Summit di Zermatt si terr\u00e0 per l'ottava volta a Zermatt, in Svizzera. I visionari e gli esecutori si stanno mettendo in cammino.","robots":{"index":"index","follow":"follow","max-snippet":"max-snippet:-1","max-image-preview":"max-image-preview:large","max-video-preview":"max-video-preview:-1"},"canonical":"https:\/\/www.organisator.ch\/it\/sostenibilita\/2019-09-09\/8-zermatt-summit-visionaere-und-macherinnen-machen-sich-auf-den-weg\/","og_locale":"it_IT","og_type":"article","og_title":"8. Zermatt Summit: Vision\u00e4re und Macherinnen machen sich auf den Weg - Organisator","og_description":"Vom 12. bis 14. September 2019 findet zum achten Mal der Zermatt Summit in Zermatt in der Schweiz statt. Vision\u00e4re und Macherinnen machen sich auf den Weg.","og_url":"https:\/\/www.organisator.ch\/it\/sostenibilita\/2019-09-09\/8-zermatt-summit-visionaere-und-macherinnen-machen-sich-auf-den-weg\/","og_site_name":"Organisator","article_publisher":"https:\/\/www.facebook.com\/OrganisatorFachmagazin","article_published_time":"2019-09-09T10:00:00+00:00","article_modified_time":"2022-02-09T10:10:04+00:00","og_image":[{"width":1280,"height":853,"url":"https:\/\/www.organisator.ch\/wp-content\/uploads\/2019\/09\/Zermatt-Summit-Gunter-Pauli_UP-Umwelt-Perspektiven.jpg","type":"image\/jpeg"}],"author":"michael.merz","twitter_card":"summary_large_image","schema":{"@context":"https:\/\/schema.org","@graph":[{"@type":"Article","@id":"https:\/\/www.organisator.ch\/sustainability\/2019-09-09\/8-zermatt-summit-visionaere-und-macherinnen-machen-sich-auf-den-weg\/#article","isPartOf":{"@id":"https:\/\/www.organisator.ch\/sustainability\/2019-09-09\/8-zermatt-summit-visionaere-und-macherinnen-machen-sich-auf-den-weg\/"},"author":{"name":"michael.merz","@id":"https:\/\/www.organisator.ch\/#\/schema\/person\/134708ca9321c57b0362cceb7948ffbd"},"headline":"8. Zermatt Summit: Vision\u00e4re und Macherinnen machen sich auf den Weg","datePublished":"2019-09-09T10:00:00+00:00","dateModified":"2022-02-09T10:10:04+00:00","mainEntityOfPage":{"@id":"https:\/\/www.organisator.ch\/sustainability\/2019-09-09\/8-zermatt-summit-visionaere-und-macherinnen-machen-sich-auf-den-weg\/"},"wordCount":568,"commentCount":0,"publisher":{"@id":"https:\/\/www.organisator.ch\/#organization"},"image":{"@id":"https:\/\/www.organisator.ch\/sustainability\/2019-09-09\/8-zermatt-summit-visionaere-und-macherinnen-machen-sich-auf-den-weg\/#primaryimage"},"thumbnailUrl":"https:\/\/www.organisator.ch\/wp-content\/uploads\/2019\/09\/Zermatt-Summit-Gunter-Pauli_UP-Umwelt-Perspektiven.jpg","keywords":["Business Modelle","Food","Nachhaltige Wirtschaft","Summit","Zermatt"],"articleSection":["SUSTAINABILITY"],"inLanguage":"it-IT"},{"@type":"WebPage","@id":"https:\/\/www.organisator.ch\/sustainability\/2019-09-09\/8-zermatt-summit-visionaere-und-macherinnen-machen-sich-auf-den-weg\/","url":"https:\/\/www.organisator.ch\/sustainability\/2019-09-09\/8-zermatt-summit-visionaere-und-macherinnen-machen-sich-auf-den-weg\/","name":"8\u00b0 Summit di Zermatt: partono i visionari e gli esecutori - Organizzatore","isPartOf":{"@id":"https:\/\/www.organisator.ch\/#website"},"primaryImageOfPage":{"@id":"https:\/\/www.organisator.ch\/sustainability\/2019-09-09\/8-zermatt-summit-visionaere-und-macherinnen-machen-sich-auf-den-weg\/#primaryimage"},"image":{"@id":"https:\/\/www.organisator.ch\/sustainability\/2019-09-09\/8-zermatt-summit-visionaere-und-macherinnen-machen-sich-auf-den-weg\/#primaryimage"},"thumbnailUrl":"https:\/\/www.organisator.ch\/wp-content\/uploads\/2019\/09\/Zermatt-Summit-Gunter-Pauli_UP-Umwelt-Perspektiven.jpg","datePublished":"2019-09-09T10:00:00+00:00","dateModified":"2022-02-09T10:10:04+00:00","description":"Dal 12 al 14 settembre 2019, il Summit di Zermatt si terr\u00e0 per l'ottava volta a Zermatt, in Svizzera. I visionari e gli esecutori si stanno mettendo in cammino.","breadcrumb":{"@id":"https:\/\/www.organisator.ch\/sustainability\/2019-09-09\/8-zermatt-summit-visionaere-und-macherinnen-machen-sich-auf-den-weg\/#breadcrumb"},"inLanguage":"it-IT","potentialAction":[{"@type":"ReadAction","target":["https:\/\/www.organisator.ch\/sustainability\/2019-09-09\/8-zermatt-summit-visionaere-und-macherinnen-machen-sich-auf-den-weg\/"]}]},{"@type":"ImageObject","inLanguage":"it-IT","@id":"https:\/\/www.organisator.ch\/sustainability\/2019-09-09\/8-zermatt-summit-visionaere-und-macherinnen-machen-sich-auf-den-weg\/#primaryimage","url":"https:\/\/www.organisator.ch\/wp-content\/uploads\/2019\/09\/Zermatt-Summit-Gunter-Pauli_UP-Umwelt-Perspektiven.jpg","contentUrl":"https:\/\/www.organisator.ch\/wp-content\/uploads\/2019\/09\/Zermatt-Summit-Gunter-Pauli_UP-Umwelt-Perspektiven.jpg","width":1280,"height":853,"caption":"Mehr als neue Produkte braucht es Vision\u00e4re und Taten um die anstehenden Klimaprobleme zu l\u00f6sen. Namhafte Vision\u00e4re treffen sich am 8. Zermatt Summit diesen September. (Bild zVg)"},{"@type":"BreadcrumbList","@id":"https:\/\/www.organisator.ch\/sustainability\/2019-09-09\/8-zermatt-summit-visionaere-und-macherinnen-machen-sich-auf-den-weg\/#breadcrumb","itemListElement":[{"@type":"ListItem","position":1,"name":"Home","item":"https:\/\/www.organisator.ch\/"},{"@type":"ListItem","position":2,"name":"8. Zermatt Summit: Vision\u00e4re und Macherinnen machen sich auf den Weg"}]},{"@type":"WebSite","@id":"https:\/\/www.organisator.ch\/#website","url":"https:\/\/www.organisator.ch\/","name":"Organizzatore","description":"Competente. Pratico. In 10 numeri all'anno, ORGANISATOR presenta i temi essenziali per i manager delle PMI.","publisher":{"@id":"https:\/\/www.organisator.ch\/#organization"},"potentialAction":[{"@type":"SearchAction","target":{"@type":"EntryPoint","urlTemplate":"https:\/\/www.organisator.ch\/?s={search_term_string}"},"query-input":{"@type":"PropertyValueSpecification","valueRequired":true,"valueName":"search_term_string"}}],"inLanguage":"it-IT"},{"@type":"Organization","@id":"https:\/\/www.organisator.ch\/#organization","name":"Organizzatore","url":"https:\/\/www.organisator.ch\/","logo":{"@type":"ImageObject","inLanguage":"it-IT","@id":"https:\/\/www.organisator.ch\/#\/schema\/logo\/image\/","url":"https:\/\/www.organisator.ch\/wp-content\/uploads\/2022\/01\/Logo_Organisator_Website.png","contentUrl":"https:\/\/www.organisator.ch\/wp-content\/uploads\/2022\/01\/Logo_Organisator_Website.png","width":800,"height":77,"caption":"Organisator"},"image":{"@id":"https:\/\/www.organisator.ch\/#\/schema\/logo\/image\/"},"sameAs":["https:\/\/www.facebook.com\/OrganisatorFachmagazin","https:\/\/www.linkedin.com\/showcase\/organisator-das-magazin-fr-kmu","https:\/\/www.xing.com\/news\/pages\/organisator-ch-695","https:\/\/www.youtube.com\/channel\/UCGP2Sq0iWaZwT3BdIAQFYpw"]},{"@type":"Person","@id":"https:\/\/www.organisator.ch\/#\/schema\/person\/134708ca9321c57b0362cceb7948ffbd","name":"michael.merz","image":{"@type":"ImageObject","inLanguage":"it-IT","@id":"https:\/\/secure.gravatar.com\/avatar\/?s=96&d=mm&r=g","url":"https:\/\/secure.gravatar.com\/avatar\/?s=96&d=mm&r=g","contentUrl":"https:\/\/secure.gravatar.com\/avatar\/?s=96&d=mm&r=g","caption":"michael.merz"},"url":"https:\/\/www.organisator.ch\/it\/author\/michael-merz\/"}]}},"_links":{"self":[{"href":"https:\/\/www.organisator.ch\/it\/wp-json\/wp\/v2\/posts\/10117","targetHints":{"allow":["GET"]}}],"collection":[{"href":"https:\/\/www.organisator.ch\/it\/wp-json\/wp\/v2\/posts"}],"about":[{"href":"https:\/\/www.organisator.ch\/it\/wp-json\/wp\/v2\/types\/post"}],"author":[{"embeddable":true,"href":"https:\/\/www.organisator.ch\/it\/wp-json\/wp\/v2\/users\/5"}],"replies":[{"embeddable":true,"href":"https:\/\/www.organisator.ch\/it\/wp-json\/wp\/v2\/comments?post=10117"}],"version-history":[{"count":1,"href":"https:\/\/www.organisator.ch\/it\/wp-json\/wp\/v2\/posts\/10117\/revisions"}],"predecessor-version":[{"id":10881,"href":"https:\/\/www.organisator.ch\/it\/wp-json\/wp\/v2\/posts\/10117\/revisions\/10881"}],"wp:featuredmedia":[{"embeddable":true,"href":"https:\/\/www.organisator.ch\/it\/wp-json\/wp\/v2\/media\/9637"}],"wp:attachment":[{"href":"https:\/\/www.organisator.ch\/it\/wp-json\/wp\/v2\/media?parent=10117"}],"wp:term":[{"taxonomy":"category","embeddable":true,"href":"https:\/\/www.organisator.ch\/it\/wp-json\/wp\/v2\/categories?post=10117"},{"taxonomy":"post_tag","embeddable":true,"href":"https:\/\/www.organisator.ch\/it\/wp-json\/wp\/v2\/tags?post=10117"}],"curies":[{"name":"wp","href":"https:\/\/api.w.org\/{rel}","templated":true}]}}