{"id":10121,"date":"2019-09-20T10:13:24","date_gmt":"2019-09-20T08:13:24","guid":{"rendered":"https:\/\/www.umweltperspektiven.ch\/?p=2473"},"modified":"2022-02-09T11:06:16","modified_gmt":"2022-02-09T10:06:16","slug":"axpo-engagiert-christoph-brand-von-tamedia-als-ceo","status":"publish","type":"post","link":"https:\/\/www.organisator.ch\/it\/sustainability\/2019-09-20\/axpo-engagiert-christoph-brand-von-tamedia-als-ceo\/","title":{"rendered":"Axpo assume Christoph Brand da Tamedia come CEO"},"content":{"rendered":"<figure id=\"attachment_2474\" aria-describedby=\"caption-attachment-2474\" style=\"width: 289px\" class=\"wp-caption alignnone\"><img loading=\"lazy\" decoding=\"async\" class=\"size-full wp-image-2474\" src=\"\/\/www.umweltperspektiven.ch\/wp-content\/uploads\/2019\/09\/christophbrand.OKjpg_.jpg\" alt=\"\" width=\"289\" height=\"385\" \/><figcaption id=\"caption-attachment-2474\" class=\"wp-caption-text\">Christoph Brand sar\u00e0 il nuovo CEO di Axpo. (Immagine: digitalswitzerland)<\/figcaption><\/figure>\n<p>Christoph Brand, attualmente Deputy CEO del gruppo media Tamedia, succeder\u00e0 ad Andrew Walo, che lascer\u00e0 Axpo, come annunciato a giugno. A partire da ottobre, il presidente del Consiglio di amministrazione Thomas Sieber assumer\u00e0 anche la gestione operativa del gruppo ad interim per il periodo di transizione, ha annunciato la societ\u00e0 il 19 settembre 2019.<\/p>\n<p id=\"div_utif_adnz_content_1\">Brand \u00e8 membro del Consiglio di amministrazione di Tamedia dal 2012 ed \u00e8 responsabile della divisione \"Classifieds &amp; Marketplaces\"; dal 2019 \u00e8 vice CEO. \u00c8 stato anche CEO di Sunrise dal 2006 al 2010. In precedenza ha ricoperto posizioni di rilievo anche presso il gruppo di telecomunicazioni Swisscom.<\/p>\n<p>Nel frattempo, la ricerca del successore di Brand \u00e8 in corso presso Tamedia, come ha annunciato la societ\u00e0 di media in un comunicato separato. Questo garantir\u00e0 una transizione senza problemi di \"Classifieds &amp; Marketplaces\" nella nuova struttura organizzativa di Tamedia a partire dal 1\u00b0 gennaio 2020.<\/p>\n<p>Perch\u00e9, come gi\u00e0 annunciato a giugno, a fine anno Tamedia former\u00e0 una struttura organizzativa decentralizzata con quattro segmenti aziendali indipendenti. (Fonte: XING)<\/p>\n<div class=\"infobox newsletterbox\">\n<div class=\"infobox__wrapper\">\n<h2 class=\"infobox__title\"><\/h2>\n<\/div>\n<\/div>","protected":false},"excerpt":{"rendered":"<p>Christoph Brand, zurzeit stellvertretender CEO beim Medienkonzern Tamedia, folgt auf Andrew Walo, der Axpo verl\u00e4sst, wie bereits im Juni angek\u00fcndigt worden war. Ab Oktober werde Verwaltungsratspr\u00e4sident Thomas Sieber interimistisch f\u00fcr die \u00dcbergangszeit auch die operative F\u00fchrung des Konzerns \u00fcbernehmen, teilte die Gesellschaft am 19. September 2019 mit. Brand ist seit 2012 Mitglied der Unternehmensleitung bei [&hellip;]<\/p>\n","protected":false},"author":5,"featured_media":9640,"comment_status":"open","ping_status":"open","sticky":false,"template":"","format":"standard","meta":{"_acf_changed":false,"_yoast_wpseo_focuskw":"Christoph Brand","_yoast_wpseo_metadesc":"Der Energiekonzern Axpo ist in Christoph Brand Cbei der Suche nach einem neuen Chef f\u00fcndig geworden. Er wird ab 2020 den Energiekonzern leiten.","articlekey":"","footnotes":""},"categories":[580],"tags":[584,381],"class_list":["post-10121","post","type-post","status-publish","format-standard","has-post-thumbnail","hentry","category-sustainability","tag-energie","tag-personalia"],"acf":[],"yoast_head":"<!-- This site is optimized with the Yoast SEO plugin v27.4 - https:\/\/yoast.com\/product\/yoast-seo-wordpress\/ -->\n<title>Axpo engagiert Christoph Brand von Tamedia als CEO - Organisator<\/title>\n<meta name=\"description\" content=\"Der Energiekonzern Axpo ist in Christoph Brand Cbei der Suche nach einem neuen Chef f\u00fcndig geworden. Er wird ab 2020 den Energiekonzern leiten.\" \/>\n<meta name=\"robots\" content=\"index, follow, max-snippet:-1, max-image-preview:large, max-video-preview:-1\" \/>\n<link rel=\"canonical\" href=\"https:\/\/www.organisator.ch\/it\/sostenibilita\/2019-09-20\/axpo-engagiert-christoph-brand-von-tamedia-als-ceo\/\" \/>\n<meta property=\"og:locale\" content=\"it_IT\" \/>\n<meta property=\"og:type\" content=\"article\" \/>\n<meta property=\"og:title\" content=\"Axpo engagiert Christoph Brand von Tamedia als CEO - Organisator\" \/>\n<meta property=\"og:description\" content=\"Der Energiekonzern Axpo ist in Christoph Brand Cbei der Suche nach einem neuen Chef f\u00fcndig geworden. Er wird ab 2020 den Energiekonzern leiten.\" \/>\n<meta property=\"og:url\" content=\"https:\/\/www.organisator.ch\/it\/sostenibilita\/2019-09-20\/axpo-engagiert-christoph-brand-von-tamedia-als-ceo\/\" \/>\n<meta property=\"og:site_name\" content=\"Organisator\" \/>\n<meta property=\"article:publisher\" content=\"https:\/\/www.facebook.com\/OrganisatorFachmagazin\" \/>\n<meta property=\"article:published_time\" content=\"2019-09-20T08:13:24+00:00\" \/>\n<meta property=\"article:modified_time\" content=\"2022-02-09T10:06:16+00:00\" \/>\n<meta property=\"og:image\" content=\"https:\/\/www.organisator.ch\/wp-content\/uploads\/2019\/09\/christophbrand.OKjpg_.jpg\" \/>\n\t<meta property=\"og:image:width\" content=\"289\" \/>\n\t<meta property=\"og:image:height\" content=\"385\" \/>\n\t<meta property=\"og:image:type\" content=\"image\/jpeg\" \/>\n<meta name=\"author\" content=\"michael.merz\" \/>\n<meta name=\"twitter:card\" content=\"summary_large_image\" \/>\n<script type=\"application\/ld+json\" class=\"yoast-schema-graph\">{\"@context\":\"https:\\\/\\\/schema.org\",\"@graph\":[{\"@type\":\"Article\",\"@id\":\"https:\\\/\\\/www.organisator.ch\\\/sustainability\\\/2019-09-20\\\/axpo-engagiert-christoph-brand-von-tamedia-als-ceo\\\/#article\",\"isPartOf\":{\"@id\":\"https:\\\/\\\/www.organisator.ch\\\/sustainability\\\/2019-09-20\\\/axpo-engagiert-christoph-brand-von-tamedia-als-ceo\\\/\"},\"author\":{\"name\":\"michael.merz\",\"@id\":\"https:\\\/\\\/www.organisator.ch\\\/#\\\/schema\\\/person\\\/134708ca9321c57b0362cceb7948ffbd\"},\"headline\":\"Axpo engagiert Christoph Brand von Tamedia als CEO\",\"datePublished\":\"2019-09-20T08:13:24+00:00\",\"dateModified\":\"2022-02-09T10:06:16+00:00\",\"mainEntityOfPage\":{\"@id\":\"https:\\\/\\\/www.organisator.ch\\\/sustainability\\\/2019-09-20\\\/axpo-engagiert-christoph-brand-von-tamedia-als-ceo\\\/\"},\"wordCount\":185,\"commentCount\":0,\"publisher\":{\"@id\":\"https:\\\/\\\/www.organisator.ch\\\/#organization\"},\"image\":{\"@id\":\"https:\\\/\\\/www.organisator.ch\\\/sustainability\\\/2019-09-20\\\/axpo-engagiert-christoph-brand-von-tamedia-als-ceo\\\/#primaryimage\"},\"thumbnailUrl\":\"https:\\\/\\\/www.organisator.ch\\\/wp-content\\\/uploads\\\/2019\\\/09\\\/christophbrand.OKjpg_.jpg\",\"keywords\":[\"ENERGIE\",\"Personalia\"],\"articleSection\":[\"SUSTAINABILITY\"],\"inLanguage\":\"it-IT\"},{\"@type\":\"WebPage\",\"@id\":\"https:\\\/\\\/www.organisator.ch\\\/sustainability\\\/2019-09-20\\\/axpo-engagiert-christoph-brand-von-tamedia-als-ceo\\\/\",\"url\":\"https:\\\/\\\/www.organisator.ch\\\/sustainability\\\/2019-09-20\\\/axpo-engagiert-christoph-brand-von-tamedia-als-ceo\\\/\",\"name\":\"Axpo engagiert Christoph Brand von Tamedia als CEO - Organisator\",\"isPartOf\":{\"@id\":\"https:\\\/\\\/www.organisator.ch\\\/#website\"},\"primaryImageOfPage\":{\"@id\":\"https:\\\/\\\/www.organisator.ch\\\/sustainability\\\/2019-09-20\\\/axpo-engagiert-christoph-brand-von-tamedia-als-ceo\\\/#primaryimage\"},\"image\":{\"@id\":\"https:\\\/\\\/www.organisator.ch\\\/sustainability\\\/2019-09-20\\\/axpo-engagiert-christoph-brand-von-tamedia-als-ceo\\\/#primaryimage\"},\"thumbnailUrl\":\"https:\\\/\\\/www.organisator.ch\\\/wp-content\\\/uploads\\\/2019\\\/09\\\/christophbrand.OKjpg_.jpg\",\"datePublished\":\"2019-09-20T08:13:24+00:00\",\"dateModified\":\"2022-02-09T10:06:16+00:00\",\"description\":\"Der Energiekonzern Axpo ist in Christoph Brand Cbei der Suche nach einem neuen Chef f\u00fcndig geworden. Er wird ab 2020 den Energiekonzern leiten.\",\"breadcrumb\":{\"@id\":\"https:\\\/\\\/www.organisator.ch\\\/sustainability\\\/2019-09-20\\\/axpo-engagiert-christoph-brand-von-tamedia-als-ceo\\\/#breadcrumb\"},\"inLanguage\":\"it-IT\",\"potentialAction\":[{\"@type\":\"ReadAction\",\"target\":[\"https:\\\/\\\/www.organisator.ch\\\/sustainability\\\/2019-09-20\\\/axpo-engagiert-christoph-brand-von-tamedia-als-ceo\\\/\"]}]},{\"@type\":\"ImageObject\",\"inLanguage\":\"it-IT\",\"@id\":\"https:\\\/\\\/www.organisator.ch\\\/sustainability\\\/2019-09-20\\\/axpo-engagiert-christoph-brand-von-tamedia-als-ceo\\\/#primaryimage\",\"url\":\"https:\\\/\\\/www.organisator.ch\\\/wp-content\\\/uploads\\\/2019\\\/09\\\/christophbrand.OKjpg_.jpg\",\"contentUrl\":\"https:\\\/\\\/www.organisator.ch\\\/wp-content\\\/uploads\\\/2019\\\/09\\\/christophbrand.OKjpg_.jpg\",\"width\":289,\"height\":385,\"caption\":\"Christoph Brand wird neuer CEO bei Axpo. (Bild: digitalswitzerland)\"},{\"@type\":\"BreadcrumbList\",\"@id\":\"https:\\\/\\\/www.organisator.ch\\\/sustainability\\\/2019-09-20\\\/axpo-engagiert-christoph-brand-von-tamedia-als-ceo\\\/#breadcrumb\",\"itemListElement\":[{\"@type\":\"ListItem\",\"position\":1,\"name\":\"Home\",\"item\":\"https:\\\/\\\/www.organisator.ch\\\/\"},{\"@type\":\"ListItem\",\"position\":2,\"name\":\"Axpo engagiert Christoph Brand von Tamedia als CEO\"}]},{\"@type\":\"WebSite\",\"@id\":\"https:\\\/\\\/www.organisator.ch\\\/#website\",\"url\":\"https:\\\/\\\/www.organisator.ch\\\/\",\"name\":\"Organisator\",\"description\":\"Kompetent. Praxisnah. Der ORGANISATOR bereitet in 10 Ausgaben pro Jahr die wesentlichen Themen f\u00fcr F\u00fchrungskr\u00e4fte von KMU auf.\",\"publisher\":{\"@id\":\"https:\\\/\\\/www.organisator.ch\\\/#organization\"},\"potentialAction\":[{\"@type\":\"SearchAction\",\"target\":{\"@type\":\"EntryPoint\",\"urlTemplate\":\"https:\\\/\\\/www.organisator.ch\\\/?s={search_term_string}\"},\"query-input\":{\"@type\":\"PropertyValueSpecification\",\"valueRequired\":true,\"valueName\":\"search_term_string\"}}],\"inLanguage\":\"it-IT\"},{\"@type\":\"Organization\",\"@id\":\"https:\\\/\\\/www.organisator.ch\\\/#organization\",\"name\":\"Organisator\",\"url\":\"https:\\\/\\\/www.organisator.ch\\\/\",\"logo\":{\"@type\":\"ImageObject\",\"inLanguage\":\"it-IT\",\"@id\":\"https:\\\/\\\/www.organisator.ch\\\/#\\\/schema\\\/logo\\\/image\\\/\",\"url\":\"https:\\\/\\\/www.organisator.ch\\\/wp-content\\\/uploads\\\/2022\\\/01\\\/Logo_Organisator_Website.png\",\"contentUrl\":\"https:\\\/\\\/www.organisator.ch\\\/wp-content\\\/uploads\\\/2022\\\/01\\\/Logo_Organisator_Website.png\",\"width\":800,\"height\":77,\"caption\":\"Organisator\"},\"image\":{\"@id\":\"https:\\\/\\\/www.organisator.ch\\\/#\\\/schema\\\/logo\\\/image\\\/\"},\"sameAs\":[\"https:\\\/\\\/www.facebook.com\\\/OrganisatorFachmagazin\",\"https:\\\/\\\/www.linkedin.com\\\/showcase\\\/organisator-das-magazin-fr-kmu\",\"https:\\\/\\\/www.xing.com\\\/news\\\/pages\\\/organisator-ch-695\",\"https:\\\/\\\/www.youtube.com\\\/channel\\\/UCGP2Sq0iWaZwT3BdIAQFYpw\"]},{\"@type\":\"Person\",\"@id\":\"https:\\\/\\\/www.organisator.ch\\\/#\\\/schema\\\/person\\\/134708ca9321c57b0362cceb7948ffbd\",\"name\":\"michael.merz\",\"image\":{\"@type\":\"ImageObject\",\"inLanguage\":\"it-IT\",\"@id\":\"https:\\\/\\\/secure.gravatar.com\\\/avatar\\\/?s=96&d=mm&r=g\",\"url\":\"https:\\\/\\\/secure.gravatar.com\\\/avatar\\\/?s=96&d=mm&r=g\",\"contentUrl\":\"https:\\\/\\\/secure.gravatar.com\\\/avatar\\\/?s=96&d=mm&r=g\",\"caption\":\"michael.merz\"},\"url\":\"https:\\\/\\\/www.organisator.ch\\\/it\\\/author\\\/michael-merz\\\/\"}]}<\/script>\n<!-- \/ Yoast SEO plugin. -->","yoast_head_json":{"title":"Axpo assume Christoph Brand da Tamedia come CEO - Organizzatore","description":"Il gruppo energetico Axpo ha trovato un nuovo capo in Christoph Brand C. Egli sar\u00e0 a capo del gruppo energetico dal 2020. Guider\u00e0 il gruppo energia a partire dal 2020.","robots":{"index":"index","follow":"follow","max-snippet":"max-snippet:-1","max-image-preview":"max-image-preview:large","max-video-preview":"max-video-preview:-1"},"canonical":"https:\/\/www.organisator.ch\/it\/sostenibilita\/2019-09-20\/axpo-engagiert-christoph-brand-von-tamedia-als-ceo\/","og_locale":"it_IT","og_type":"article","og_title":"Axpo engagiert Christoph Brand von Tamedia als CEO - Organisator","og_description":"Der Energiekonzern Axpo ist in Christoph Brand Cbei der Suche nach einem neuen Chef f\u00fcndig geworden. Er wird ab 2020 den Energiekonzern leiten.","og_url":"https:\/\/www.organisator.ch\/it\/sostenibilita\/2019-09-20\/axpo-engagiert-christoph-brand-von-tamedia-als-ceo\/","og_site_name":"Organisator","article_publisher":"https:\/\/www.facebook.com\/OrganisatorFachmagazin","article_published_time":"2019-09-20T08:13:24+00:00","article_modified_time":"2022-02-09T10:06:16+00:00","og_image":[{"width":289,"height":385,"url":"https:\/\/www.organisator.ch\/wp-content\/uploads\/2019\/09\/christophbrand.OKjpg_.jpg","type":"image\/jpeg"}],"author":"michael.merz","twitter_card":"summary_large_image","schema":{"@context":"https:\/\/schema.org","@graph":[{"@type":"Article","@id":"https:\/\/www.organisator.ch\/sustainability\/2019-09-20\/axpo-engagiert-christoph-brand-von-tamedia-als-ceo\/#article","isPartOf":{"@id":"https:\/\/www.organisator.ch\/sustainability\/2019-09-20\/axpo-engagiert-christoph-brand-von-tamedia-als-ceo\/"},"author":{"name":"michael.merz","@id":"https:\/\/www.organisator.ch\/#\/schema\/person\/134708ca9321c57b0362cceb7948ffbd"},"headline":"Axpo engagiert Christoph Brand von Tamedia als CEO","datePublished":"2019-09-20T08:13:24+00:00","dateModified":"2022-02-09T10:06:16+00:00","mainEntityOfPage":{"@id":"https:\/\/www.organisator.ch\/sustainability\/2019-09-20\/axpo-engagiert-christoph-brand-von-tamedia-als-ceo\/"},"wordCount":185,"commentCount":0,"publisher":{"@id":"https:\/\/www.organisator.ch\/#organization"},"image":{"@id":"https:\/\/www.organisator.ch\/sustainability\/2019-09-20\/axpo-engagiert-christoph-brand-von-tamedia-als-ceo\/#primaryimage"},"thumbnailUrl":"https:\/\/www.organisator.ch\/wp-content\/uploads\/2019\/09\/christophbrand.OKjpg_.jpg","keywords":["ENERGIE","Personalia"],"articleSection":["SUSTAINABILITY"],"inLanguage":"it-IT"},{"@type":"WebPage","@id":"https:\/\/www.organisator.ch\/sustainability\/2019-09-20\/axpo-engagiert-christoph-brand-von-tamedia-als-ceo\/","url":"https:\/\/www.organisator.ch\/sustainability\/2019-09-20\/axpo-engagiert-christoph-brand-von-tamedia-als-ceo\/","name":"Axpo assume Christoph Brand da Tamedia come CEO - Organizzatore","isPartOf":{"@id":"https:\/\/www.organisator.ch\/#website"},"primaryImageOfPage":{"@id":"https:\/\/www.organisator.ch\/sustainability\/2019-09-20\/axpo-engagiert-christoph-brand-von-tamedia-als-ceo\/#primaryimage"},"image":{"@id":"https:\/\/www.organisator.ch\/sustainability\/2019-09-20\/axpo-engagiert-christoph-brand-von-tamedia-als-ceo\/#primaryimage"},"thumbnailUrl":"https:\/\/www.organisator.ch\/wp-content\/uploads\/2019\/09\/christophbrand.OKjpg_.jpg","datePublished":"2019-09-20T08:13:24+00:00","dateModified":"2022-02-09T10:06:16+00:00","description":"Il gruppo energetico Axpo ha trovato un nuovo capo in Christoph Brand C. Egli sar\u00e0 a capo del gruppo energetico dal 2020. Guider\u00e0 il gruppo energia a partire dal 2020.","breadcrumb":{"@id":"https:\/\/www.organisator.ch\/sustainability\/2019-09-20\/axpo-engagiert-christoph-brand-von-tamedia-als-ceo\/#breadcrumb"},"inLanguage":"it-IT","potentialAction":[{"@type":"ReadAction","target":["https:\/\/www.organisator.ch\/sustainability\/2019-09-20\/axpo-engagiert-christoph-brand-von-tamedia-als-ceo\/"]}]},{"@type":"ImageObject","inLanguage":"it-IT","@id":"https:\/\/www.organisator.ch\/sustainability\/2019-09-20\/axpo-engagiert-christoph-brand-von-tamedia-als-ceo\/#primaryimage","url":"https:\/\/www.organisator.ch\/wp-content\/uploads\/2019\/09\/christophbrand.OKjpg_.jpg","contentUrl":"https:\/\/www.organisator.ch\/wp-content\/uploads\/2019\/09\/christophbrand.OKjpg_.jpg","width":289,"height":385,"caption":"Christoph Brand wird neuer CEO bei Axpo. (Bild: digitalswitzerland)"},{"@type":"BreadcrumbList","@id":"https:\/\/www.organisator.ch\/sustainability\/2019-09-20\/axpo-engagiert-christoph-brand-von-tamedia-als-ceo\/#breadcrumb","itemListElement":[{"@type":"ListItem","position":1,"name":"Home","item":"https:\/\/www.organisator.ch\/"},{"@type":"ListItem","position":2,"name":"Axpo engagiert Christoph Brand von Tamedia als CEO"}]},{"@type":"WebSite","@id":"https:\/\/www.organisator.ch\/#website","url":"https:\/\/www.organisator.ch\/","name":"Organizzatore","description":"Competente. Pratico. In 10 numeri all'anno, ORGANISATOR presenta i temi essenziali per i manager delle PMI.","publisher":{"@id":"https:\/\/www.organisator.ch\/#organization"},"potentialAction":[{"@type":"SearchAction","target":{"@type":"EntryPoint","urlTemplate":"https:\/\/www.organisator.ch\/?s={search_term_string}"},"query-input":{"@type":"PropertyValueSpecification","valueRequired":true,"valueName":"search_term_string"}}],"inLanguage":"it-IT"},{"@type":"Organization","@id":"https:\/\/www.organisator.ch\/#organization","name":"Organizzatore","url":"https:\/\/www.organisator.ch\/","logo":{"@type":"ImageObject","inLanguage":"it-IT","@id":"https:\/\/www.organisator.ch\/#\/schema\/logo\/image\/","url":"https:\/\/www.organisator.ch\/wp-content\/uploads\/2022\/01\/Logo_Organisator_Website.png","contentUrl":"https:\/\/www.organisator.ch\/wp-content\/uploads\/2022\/01\/Logo_Organisator_Website.png","width":800,"height":77,"caption":"Organisator"},"image":{"@id":"https:\/\/www.organisator.ch\/#\/schema\/logo\/image\/"},"sameAs":["https:\/\/www.facebook.com\/OrganisatorFachmagazin","https:\/\/www.linkedin.com\/showcase\/organisator-das-magazin-fr-kmu","https:\/\/www.xing.com\/news\/pages\/organisator-ch-695","https:\/\/www.youtube.com\/channel\/UCGP2Sq0iWaZwT3BdIAQFYpw"]},{"@type":"Person","@id":"https:\/\/www.organisator.ch\/#\/schema\/person\/134708ca9321c57b0362cceb7948ffbd","name":"michael.merz","image":{"@type":"ImageObject","inLanguage":"it-IT","@id":"https:\/\/secure.gravatar.com\/avatar\/?s=96&d=mm&r=g","url":"https:\/\/secure.gravatar.com\/avatar\/?s=96&d=mm&r=g","contentUrl":"https:\/\/secure.gravatar.com\/avatar\/?s=96&d=mm&r=g","caption":"michael.merz"},"url":"https:\/\/www.organisator.ch\/it\/author\/michael-merz\/"}]}},"_links":{"self":[{"href":"https:\/\/www.organisator.ch\/it\/wp-json\/wp\/v2\/posts\/10121","targetHints":{"allow":["GET"]}}],"collection":[{"href":"https:\/\/www.organisator.ch\/it\/wp-json\/wp\/v2\/posts"}],"about":[{"href":"https:\/\/www.organisator.ch\/it\/wp-json\/wp\/v2\/types\/post"}],"author":[{"embeddable":true,"href":"https:\/\/www.organisator.ch\/it\/wp-json\/wp\/v2\/users\/5"}],"replies":[{"embeddable":true,"href":"https:\/\/www.organisator.ch\/it\/wp-json\/wp\/v2\/comments?post=10121"}],"version-history":[{"count":1,"href":"https:\/\/www.organisator.ch\/it\/wp-json\/wp\/v2\/posts\/10121\/revisions"}],"predecessor-version":[{"id":10548,"href":"https:\/\/www.organisator.ch\/it\/wp-json\/wp\/v2\/posts\/10121\/revisions\/10548"}],"wp:featuredmedia":[{"embeddable":true,"href":"https:\/\/www.organisator.ch\/it\/wp-json\/wp\/v2\/media\/9640"}],"wp:attachment":[{"href":"https:\/\/www.organisator.ch\/it\/wp-json\/wp\/v2\/media?parent=10121"}],"wp:term":[{"taxonomy":"category","embeddable":true,"href":"https:\/\/www.organisator.ch\/it\/wp-json\/wp\/v2\/categories?post=10121"},{"taxonomy":"post_tag","embeddable":true,"href":"https:\/\/www.organisator.ch\/it\/wp-json\/wp\/v2\/tags?post=10121"}],"curies":[{"name":"wp","href":"https:\/\/api.w.org\/{rel}","templated":true}]}}