{"id":10123,"date":"2019-10-01T11:42:26","date_gmt":"2019-10-01T09:42:26","guid":{"rendered":"https:\/\/www.umweltperspektiven.ch\/?p=2505"},"modified":"2022-02-09T11:10:03","modified_gmt":"2022-02-09T10:10:03","slug":"seat-verdreifacht-produktion-von-cng-fahrzeugen","status":"publish","type":"post","link":"https:\/\/www.organisator.ch\/it\/sustainability\/2019-10-01\/seat-verdreifacht-produktion-von-cng-fahrzeugen\/","title":{"rendered":"Seat triplica la produzione di veicoli CNG"},"content":{"rendered":"<p>&nbsp;<\/p>\n<figure id=\"attachment_2506\" aria-describedby=\"caption-attachment-2506\" style=\"width: 615px\" class=\"wp-caption alignnone\"><img loading=\"lazy\" decoding=\"async\" class=\"wp-image-2506\" src=\"\/\/www.umweltperspektiven.ch\/wp-content\/uploads\/2019\/10\/SEAT-CNG-Fahrzeuge-UP_Umwelt-Perspektiven.jpg\" alt=\"\" width=\"615\" height=\"410\" \/><figcaption id=\"caption-attachment-2506\" class=\"wp-caption-text\">Seat aumenta la capacit\u00e0 con veicoli alimentati a CNG. (Immagine: zVg)<\/figcaption><\/figure>\n<p>90 veicoli CNG dei modelli Leon, Leon Sportourer ST, Ibiza e Arona lasciano ogni giorno lo stabilimento di Martorell, vicino a Barcellona. Troppo pochi per soddisfare la crescente domanda di modelli CNG. Ecco perch\u00e9 Seat ha aumentato la sua capacit\u00e0 fino a 250 unit\u00e0 al giorno. Gli spagnoli hanno un ruolo di primo piano all'interno del gruppo VW nello sviluppo tecnologico dei veicoli CNG. Nel 2018, Seat ha triplicato le sue vendite di veicoli CNG, e quest'anno le vendite sono aumentate di un ulteriore 13%. Anche i marchi Audi, Skoda e VW della Volkswagen stanno producendo con successo veicoli che funzionano a gas naturale e biogas. La gamma si estende dalle piccole auto ai SUV e ai veicoli di fascia media superiore.<\/p>\n<p>\"Con l'espansione della produzione, Seat sta inviando un forte segnale per una maggiore sostenibilit\u00e0\", dice Pascal Lenzin, coordinatore nazionale per la mobilit\u00e0 CNG in Svizzera. Un'auto alimentata a gas naturale fossile emette circa il 25% in meno di CO<sub>2<\/sub> di un motore a benzina. Con il biogas, un'auto a metano viaggia quasi senza CO<sub>2<\/sub>-neutrale ed \u00e8 quindi alla pari con un veicolo elettrico - a condizione che sia alimentato da elettricit\u00e0 proveniente da fonti rinnovabili. Pascal Lenzin: \"Se la Svizzera vuole raggiungere i suoi obiettivi climatici, tutte le tecnologie di propulsione disponibili devono dare il loro contributo\".<\/p>\n<p>In Svizzera, una media del 22,4% di biogas \u00e8 mescolato al gas naturale fossile, e in molte pompe i conducenti di CNG possono aumentare il contenuto di biogas fino al 100%.<\/p>\n<p><em>Ulteriori informazioni sulla mobilit\u00e0 sostenibile su <\/em><a href=\"\/\/www.cng-mobility.ch\/\"><em>cng-mobility.ch<\/em><\/a><em>.<\/em><\/p>","protected":false},"excerpt":{"rendered":"<p>&nbsp; 90 CNG-Fahrzeuge der Modelle Leon, Leon Sportourer ST, Ibiza und Arona verlassen t\u00e4glich das Werk in Martorell bei Barcelona. Zu wenig, um die steigende Nachfrage nach CNG-Modellen zu befriedigen. Deshalb hat Seat die Kapazit\u00e4t auf bis zu 250 Einheiten pro Tag erh\u00f6ht. Die Spanier haben innerhalb des VW-Konzerns eine f\u00fchrende Rolle in der technologischen [&hellip;]<\/p>\n","protected":false},"author":5,"featured_media":2506,"comment_status":"open","ping_status":"open","sticky":false,"template":"","format":"standard","meta":{"_acf_changed":false,"_yoast_wpseo_focuskw":"CNG","_yoast_wpseo_metadesc":"Die Nachfrage nach umwelt- und klimaschonenden Fahrzeugen mit CNG-Antrieb steigt. Seat hat angek\u00fcndigt, die Produktion massiv zu erh\u00f6hen.","articlekey":"","footnotes":""},"categories":[580],"tags":[835,926,1154,424,2284],"class_list":["post-10123","post","type-post","status-publish","format-standard","has-post-thumbnail","hentry","category-sustainability","tag-biogas","tag-cng-antrieb","tag-fahrzeug","tag-schweiz","tag-tankstellen"],"acf":[],"yoast_head":"<!-- This site is optimized with the Yoast SEO plugin v27.4 - https:\/\/yoast.com\/product\/yoast-seo-wordpress\/ -->\n<title>Seat verdreifacht Produktion von CNG-Fahrzeugen - Organisator<\/title>\n<meta name=\"description\" content=\"Die Nachfrage nach umwelt- und klimaschonenden Fahrzeugen mit CNG-Antrieb steigt. Seat hat angek\u00fcndigt, die Produktion massiv zu erh\u00f6hen.\" \/>\n<meta name=\"robots\" content=\"index, follow, max-snippet:-1, max-image-preview:large, max-video-preview:-1\" \/>\n<link rel=\"canonical\" href=\"https:\/\/www.organisator.ch\/it\/sostenibilita\/2019-10-01\/seat-verdreifacht-produktion-von-cng-fahrzeugen\/\" \/>\n<meta property=\"og:locale\" content=\"it_IT\" \/>\n<meta property=\"og:type\" content=\"article\" \/>\n<meta property=\"og:title\" content=\"Seat verdreifacht Produktion von CNG-Fahrzeugen - Organisator\" \/>\n<meta property=\"og:description\" content=\"Die Nachfrage nach umwelt- und klimaschonenden Fahrzeugen mit CNG-Antrieb steigt. Seat hat angek\u00fcndigt, die Produktion massiv zu erh\u00f6hen.\" \/>\n<meta property=\"og:url\" content=\"https:\/\/www.organisator.ch\/it\/sostenibilita\/2019-10-01\/seat-verdreifacht-produktion-von-cng-fahrzeugen\/\" \/>\n<meta property=\"og:site_name\" content=\"Organisator\" \/>\n<meta property=\"article:publisher\" content=\"https:\/\/www.facebook.com\/OrganisatorFachmagazin\" \/>\n<meta property=\"article:published_time\" content=\"2019-10-01T09:42:26+00:00\" \/>\n<meta property=\"article:modified_time\" content=\"2022-02-09T10:10:03+00:00\" \/>\n<meta property=\"og:image\" content=\"https:\/\/www.organisator.ch\/wp-content\/uploads\/2019\/10\/SEAT-CNG-Fahrzeuge-UP_Umwelt-Perspektiven-scaled.jpg\" \/>\n\t<meta property=\"og:image:width\" content=\"2560\" \/>\n\t<meta property=\"og:image:height\" content=\"1707\" \/>\n\t<meta property=\"og:image:type\" content=\"image\/jpeg\" \/>\n<meta name=\"author\" content=\"michael.merz\" \/>\n<meta name=\"twitter:card\" content=\"summary_large_image\" \/>\n<script type=\"application\/ld+json\" class=\"yoast-schema-graph\">{\"@context\":\"https:\\\/\\\/schema.org\",\"@graph\":[{\"@type\":\"Article\",\"@id\":\"https:\\\/\\\/www.organisator.ch\\\/sustainability\\\/2019-10-01\\\/seat-verdreifacht-produktion-von-cng-fahrzeugen\\\/#article\",\"isPartOf\":{\"@id\":\"https:\\\/\\\/www.organisator.ch\\\/sustainability\\\/2019-10-01\\\/seat-verdreifacht-produktion-von-cng-fahrzeugen\\\/\"},\"author\":{\"name\":\"michael.merz\",\"@id\":\"https:\\\/\\\/www.organisator.ch\\\/#\\\/schema\\\/person\\\/134708ca9321c57b0362cceb7948ffbd\"},\"headline\":\"Seat verdreifacht Produktion von CNG-Fahrzeugen\",\"datePublished\":\"2019-10-01T09:42:26+00:00\",\"dateModified\":\"2022-02-09T10:10:03+00:00\",\"mainEntityOfPage\":{\"@id\":\"https:\\\/\\\/www.organisator.ch\\\/sustainability\\\/2019-10-01\\\/seat-verdreifacht-produktion-von-cng-fahrzeugen\\\/\"},\"wordCount\":258,\"commentCount\":0,\"publisher\":{\"@id\":\"https:\\\/\\\/www.organisator.ch\\\/#organization\"},\"image\":{\"@id\":\"https:\\\/\\\/www.organisator.ch\\\/sustainability\\\/2019-10-01\\\/seat-verdreifacht-produktion-von-cng-fahrzeugen\\\/#primaryimage\"},\"thumbnailUrl\":\"https:\\\/\\\/www.organisator.ch\\\/wp-content\\\/uploads\\\/2019\\\/10\\\/SEAT-CNG-Fahrzeuge-UP_Umwelt-Perspektiven-scaled.jpg\",\"keywords\":[\"Biogas\",\"CNG Antrieb\",\"Fahrzeug\",\"Schweiz\",\"Tankstellen\"],\"articleSection\":[\"SUSTAINABILITY\"],\"inLanguage\":\"it-IT\"},{\"@type\":\"WebPage\",\"@id\":\"https:\\\/\\\/www.organisator.ch\\\/sustainability\\\/2019-10-01\\\/seat-verdreifacht-produktion-von-cng-fahrzeugen\\\/\",\"url\":\"https:\\\/\\\/www.organisator.ch\\\/sustainability\\\/2019-10-01\\\/seat-verdreifacht-produktion-von-cng-fahrzeugen\\\/\",\"name\":\"Seat verdreifacht Produktion von CNG-Fahrzeugen - Organisator\",\"isPartOf\":{\"@id\":\"https:\\\/\\\/www.organisator.ch\\\/#website\"},\"primaryImageOfPage\":{\"@id\":\"https:\\\/\\\/www.organisator.ch\\\/sustainability\\\/2019-10-01\\\/seat-verdreifacht-produktion-von-cng-fahrzeugen\\\/#primaryimage\"},\"image\":{\"@id\":\"https:\\\/\\\/www.organisator.ch\\\/sustainability\\\/2019-10-01\\\/seat-verdreifacht-produktion-von-cng-fahrzeugen\\\/#primaryimage\"},\"thumbnailUrl\":\"https:\\\/\\\/www.organisator.ch\\\/wp-content\\\/uploads\\\/2019\\\/10\\\/SEAT-CNG-Fahrzeuge-UP_Umwelt-Perspektiven-scaled.jpg\",\"datePublished\":\"2019-10-01T09:42:26+00:00\",\"dateModified\":\"2022-02-09T10:10:03+00:00\",\"description\":\"Die Nachfrage nach umwelt- und klimaschonenden Fahrzeugen mit CNG-Antrieb steigt. Seat hat angek\u00fcndigt, die Produktion massiv zu erh\u00f6hen.\",\"breadcrumb\":{\"@id\":\"https:\\\/\\\/www.organisator.ch\\\/sustainability\\\/2019-10-01\\\/seat-verdreifacht-produktion-von-cng-fahrzeugen\\\/#breadcrumb\"},\"inLanguage\":\"it-IT\",\"potentialAction\":[{\"@type\":\"ReadAction\",\"target\":[\"https:\\\/\\\/www.organisator.ch\\\/sustainability\\\/2019-10-01\\\/seat-verdreifacht-produktion-von-cng-fahrzeugen\\\/\"]}]},{\"@type\":\"ImageObject\",\"inLanguage\":\"it-IT\",\"@id\":\"https:\\\/\\\/www.organisator.ch\\\/sustainability\\\/2019-10-01\\\/seat-verdreifacht-produktion-von-cng-fahrzeugen\\\/#primaryimage\",\"url\":\"https:\\\/\\\/www.organisator.ch\\\/wp-content\\\/uploads\\\/2019\\\/10\\\/SEAT-CNG-Fahrzeuge-UP_Umwelt-Perspektiven-scaled.jpg\",\"contentUrl\":\"https:\\\/\\\/www.organisator.ch\\\/wp-content\\\/uploads\\\/2019\\\/10\\\/SEAT-CNG-Fahrzeuge-UP_Umwelt-Perspektiven-scaled.jpg\",\"width\":2560,\"height\":1707,\"caption\":\"Seat erh\u00f6ht die Kapazit\u00e4t mit CNG-angetriebenen Fahrzeugen. (Bild: zVg)\"},{\"@type\":\"BreadcrumbList\",\"@id\":\"https:\\\/\\\/www.organisator.ch\\\/sustainability\\\/2019-10-01\\\/seat-verdreifacht-produktion-von-cng-fahrzeugen\\\/#breadcrumb\",\"itemListElement\":[{\"@type\":\"ListItem\",\"position\":1,\"name\":\"Home\",\"item\":\"https:\\\/\\\/www.organisator.ch\\\/\"},{\"@type\":\"ListItem\",\"position\":2,\"name\":\"Seat verdreifacht Produktion von CNG-Fahrzeugen\"}]},{\"@type\":\"WebSite\",\"@id\":\"https:\\\/\\\/www.organisator.ch\\\/#website\",\"url\":\"https:\\\/\\\/www.organisator.ch\\\/\",\"name\":\"Organisator\",\"description\":\"Kompetent. Praxisnah. Der ORGANISATOR bereitet in 10 Ausgaben pro Jahr die wesentlichen Themen f\u00fcr F\u00fchrungskr\u00e4fte von KMU auf.\",\"publisher\":{\"@id\":\"https:\\\/\\\/www.organisator.ch\\\/#organization\"},\"potentialAction\":[{\"@type\":\"SearchAction\",\"target\":{\"@type\":\"EntryPoint\",\"urlTemplate\":\"https:\\\/\\\/www.organisator.ch\\\/?s={search_term_string}\"},\"query-input\":{\"@type\":\"PropertyValueSpecification\",\"valueRequired\":true,\"valueName\":\"search_term_string\"}}],\"inLanguage\":\"it-IT\"},{\"@type\":\"Organization\",\"@id\":\"https:\\\/\\\/www.organisator.ch\\\/#organization\",\"name\":\"Organisator\",\"url\":\"https:\\\/\\\/www.organisator.ch\\\/\",\"logo\":{\"@type\":\"ImageObject\",\"inLanguage\":\"it-IT\",\"@id\":\"https:\\\/\\\/www.organisator.ch\\\/#\\\/schema\\\/logo\\\/image\\\/\",\"url\":\"https:\\\/\\\/www.organisator.ch\\\/wp-content\\\/uploads\\\/2022\\\/01\\\/Logo_Organisator_Website.png\",\"contentUrl\":\"https:\\\/\\\/www.organisator.ch\\\/wp-content\\\/uploads\\\/2022\\\/01\\\/Logo_Organisator_Website.png\",\"width\":800,\"height\":77,\"caption\":\"Organisator\"},\"image\":{\"@id\":\"https:\\\/\\\/www.organisator.ch\\\/#\\\/schema\\\/logo\\\/image\\\/\"},\"sameAs\":[\"https:\\\/\\\/www.facebook.com\\\/OrganisatorFachmagazin\",\"https:\\\/\\\/www.linkedin.com\\\/showcase\\\/organisator-das-magazin-fr-kmu\",\"https:\\\/\\\/www.xing.com\\\/news\\\/pages\\\/organisator-ch-695\",\"https:\\\/\\\/www.youtube.com\\\/channel\\\/UCGP2Sq0iWaZwT3BdIAQFYpw\"]},{\"@type\":\"Person\",\"@id\":\"https:\\\/\\\/www.organisator.ch\\\/#\\\/schema\\\/person\\\/134708ca9321c57b0362cceb7948ffbd\",\"name\":\"michael.merz\",\"image\":{\"@type\":\"ImageObject\",\"inLanguage\":\"it-IT\",\"@id\":\"https:\\\/\\\/secure.gravatar.com\\\/avatar\\\/?s=96&d=mm&r=g\",\"url\":\"https:\\\/\\\/secure.gravatar.com\\\/avatar\\\/?s=96&d=mm&r=g\",\"contentUrl\":\"https:\\\/\\\/secure.gravatar.com\\\/avatar\\\/?s=96&d=mm&r=g\",\"caption\":\"michael.merz\"},\"url\":\"https:\\\/\\\/www.organisator.ch\\\/it\\\/author\\\/michael-merz\\\/\"}]}<\/script>\n<!-- \/ Yoast SEO plugin. -->","yoast_head_json":{"title":"Seat triplica la produzione di veicoli a metano - Organizzatore","description":"La domanda di veicoli a metano rispettosi dell'ambiente e del clima \u00e8 in aumento. Seat ha annunciato un massiccio aumento della produzione.","robots":{"index":"index","follow":"follow","max-snippet":"max-snippet:-1","max-image-preview":"max-image-preview:large","max-video-preview":"max-video-preview:-1"},"canonical":"https:\/\/www.organisator.ch\/it\/sostenibilita\/2019-10-01\/seat-verdreifacht-produktion-von-cng-fahrzeugen\/","og_locale":"it_IT","og_type":"article","og_title":"Seat verdreifacht Produktion von CNG-Fahrzeugen - Organisator","og_description":"Die Nachfrage nach umwelt- und klimaschonenden Fahrzeugen mit CNG-Antrieb steigt. Seat hat angek\u00fcndigt, die Produktion massiv zu erh\u00f6hen.","og_url":"https:\/\/www.organisator.ch\/it\/sostenibilita\/2019-10-01\/seat-verdreifacht-produktion-von-cng-fahrzeugen\/","og_site_name":"Organisator","article_publisher":"https:\/\/www.facebook.com\/OrganisatorFachmagazin","article_published_time":"2019-10-01T09:42:26+00:00","article_modified_time":"2022-02-09T10:10:03+00:00","og_image":[{"width":2560,"height":1707,"url":"https:\/\/www.organisator.ch\/wp-content\/uploads\/2019\/10\/SEAT-CNG-Fahrzeuge-UP_Umwelt-Perspektiven-scaled.jpg","type":"image\/jpeg"}],"author":"michael.merz","twitter_card":"summary_large_image","schema":{"@context":"https:\/\/schema.org","@graph":[{"@type":"Article","@id":"https:\/\/www.organisator.ch\/sustainability\/2019-10-01\/seat-verdreifacht-produktion-von-cng-fahrzeugen\/#article","isPartOf":{"@id":"https:\/\/www.organisator.ch\/sustainability\/2019-10-01\/seat-verdreifacht-produktion-von-cng-fahrzeugen\/"},"author":{"name":"michael.merz","@id":"https:\/\/www.organisator.ch\/#\/schema\/person\/134708ca9321c57b0362cceb7948ffbd"},"headline":"Seat verdreifacht Produktion von CNG-Fahrzeugen","datePublished":"2019-10-01T09:42:26+00:00","dateModified":"2022-02-09T10:10:03+00:00","mainEntityOfPage":{"@id":"https:\/\/www.organisator.ch\/sustainability\/2019-10-01\/seat-verdreifacht-produktion-von-cng-fahrzeugen\/"},"wordCount":258,"commentCount":0,"publisher":{"@id":"https:\/\/www.organisator.ch\/#organization"},"image":{"@id":"https:\/\/www.organisator.ch\/sustainability\/2019-10-01\/seat-verdreifacht-produktion-von-cng-fahrzeugen\/#primaryimage"},"thumbnailUrl":"https:\/\/www.organisator.ch\/wp-content\/uploads\/2019\/10\/SEAT-CNG-Fahrzeuge-UP_Umwelt-Perspektiven-scaled.jpg","keywords":["Biogas","CNG Antrieb","Fahrzeug","Schweiz","Tankstellen"],"articleSection":["SUSTAINABILITY"],"inLanguage":"it-IT"},{"@type":"WebPage","@id":"https:\/\/www.organisator.ch\/sustainability\/2019-10-01\/seat-verdreifacht-produktion-von-cng-fahrzeugen\/","url":"https:\/\/www.organisator.ch\/sustainability\/2019-10-01\/seat-verdreifacht-produktion-von-cng-fahrzeugen\/","name":"Seat triplica la produzione di veicoli a metano - Organizzatore","isPartOf":{"@id":"https:\/\/www.organisator.ch\/#website"},"primaryImageOfPage":{"@id":"https:\/\/www.organisator.ch\/sustainability\/2019-10-01\/seat-verdreifacht-produktion-von-cng-fahrzeugen\/#primaryimage"},"image":{"@id":"https:\/\/www.organisator.ch\/sustainability\/2019-10-01\/seat-verdreifacht-produktion-von-cng-fahrzeugen\/#primaryimage"},"thumbnailUrl":"https:\/\/www.organisator.ch\/wp-content\/uploads\/2019\/10\/SEAT-CNG-Fahrzeuge-UP_Umwelt-Perspektiven-scaled.jpg","datePublished":"2019-10-01T09:42:26+00:00","dateModified":"2022-02-09T10:10:03+00:00","description":"La domanda di veicoli a metano rispettosi dell'ambiente e del clima \u00e8 in aumento. Seat ha annunciato un massiccio aumento della produzione.","breadcrumb":{"@id":"https:\/\/www.organisator.ch\/sustainability\/2019-10-01\/seat-verdreifacht-produktion-von-cng-fahrzeugen\/#breadcrumb"},"inLanguage":"it-IT","potentialAction":[{"@type":"ReadAction","target":["https:\/\/www.organisator.ch\/sustainability\/2019-10-01\/seat-verdreifacht-produktion-von-cng-fahrzeugen\/"]}]},{"@type":"ImageObject","inLanguage":"it-IT","@id":"https:\/\/www.organisator.ch\/sustainability\/2019-10-01\/seat-verdreifacht-produktion-von-cng-fahrzeugen\/#primaryimage","url":"https:\/\/www.organisator.ch\/wp-content\/uploads\/2019\/10\/SEAT-CNG-Fahrzeuge-UP_Umwelt-Perspektiven-scaled.jpg","contentUrl":"https:\/\/www.organisator.ch\/wp-content\/uploads\/2019\/10\/SEAT-CNG-Fahrzeuge-UP_Umwelt-Perspektiven-scaled.jpg","width":2560,"height":1707,"caption":"Seat erh\u00f6ht die Kapazit\u00e4t mit CNG-angetriebenen Fahrzeugen. (Bild: zVg)"},{"@type":"BreadcrumbList","@id":"https:\/\/www.organisator.ch\/sustainability\/2019-10-01\/seat-verdreifacht-produktion-von-cng-fahrzeugen\/#breadcrumb","itemListElement":[{"@type":"ListItem","position":1,"name":"Home","item":"https:\/\/www.organisator.ch\/"},{"@type":"ListItem","position":2,"name":"Seat verdreifacht Produktion von CNG-Fahrzeugen"}]},{"@type":"WebSite","@id":"https:\/\/www.organisator.ch\/#website","url":"https:\/\/www.organisator.ch\/","name":"Organizzatore","description":"Competente. Pratico. In 10 numeri all'anno, ORGANISATOR presenta i temi essenziali per i manager delle PMI.","publisher":{"@id":"https:\/\/www.organisator.ch\/#organization"},"potentialAction":[{"@type":"SearchAction","target":{"@type":"EntryPoint","urlTemplate":"https:\/\/www.organisator.ch\/?s={search_term_string}"},"query-input":{"@type":"PropertyValueSpecification","valueRequired":true,"valueName":"search_term_string"}}],"inLanguage":"it-IT"},{"@type":"Organization","@id":"https:\/\/www.organisator.ch\/#organization","name":"Organizzatore","url":"https:\/\/www.organisator.ch\/","logo":{"@type":"ImageObject","inLanguage":"it-IT","@id":"https:\/\/www.organisator.ch\/#\/schema\/logo\/image\/","url":"https:\/\/www.organisator.ch\/wp-content\/uploads\/2022\/01\/Logo_Organisator_Website.png","contentUrl":"https:\/\/www.organisator.ch\/wp-content\/uploads\/2022\/01\/Logo_Organisator_Website.png","width":800,"height":77,"caption":"Organisator"},"image":{"@id":"https:\/\/www.organisator.ch\/#\/schema\/logo\/image\/"},"sameAs":["https:\/\/www.facebook.com\/OrganisatorFachmagazin","https:\/\/www.linkedin.com\/showcase\/organisator-das-magazin-fr-kmu","https:\/\/www.xing.com\/news\/pages\/organisator-ch-695","https:\/\/www.youtube.com\/channel\/UCGP2Sq0iWaZwT3BdIAQFYpw"]},{"@type":"Person","@id":"https:\/\/www.organisator.ch\/#\/schema\/person\/134708ca9321c57b0362cceb7948ffbd","name":"michael.merz","image":{"@type":"ImageObject","inLanguage":"it-IT","@id":"https:\/\/secure.gravatar.com\/avatar\/?s=96&d=mm&r=g","url":"https:\/\/secure.gravatar.com\/avatar\/?s=96&d=mm&r=g","contentUrl":"https:\/\/secure.gravatar.com\/avatar\/?s=96&d=mm&r=g","caption":"michael.merz"},"url":"https:\/\/www.organisator.ch\/it\/author\/michael-merz\/"}]}},"_links":{"self":[{"href":"https:\/\/www.organisator.ch\/it\/wp-json\/wp\/v2\/posts\/10123","targetHints":{"allow":["GET"]}}],"collection":[{"href":"https:\/\/www.organisator.ch\/it\/wp-json\/wp\/v2\/posts"}],"about":[{"href":"https:\/\/www.organisator.ch\/it\/wp-json\/wp\/v2\/types\/post"}],"author":[{"embeddable":true,"href":"https:\/\/www.organisator.ch\/it\/wp-json\/wp\/v2\/users\/5"}],"replies":[{"embeddable":true,"href":"https:\/\/www.organisator.ch\/it\/wp-json\/wp\/v2\/comments?post=10123"}],"version-history":[{"count":1,"href":"https:\/\/www.organisator.ch\/it\/wp-json\/wp\/v2\/posts\/10123\/revisions"}],"predecessor-version":[{"id":10877,"href":"https:\/\/www.organisator.ch\/it\/wp-json\/wp\/v2\/posts\/10123\/revisions\/10877"}],"wp:featuredmedia":[{"embeddable":true,"href":"https:\/\/www.organisator.ch\/it\/wp-json\/wp\/v2\/media\/2506"}],"wp:attachment":[{"href":"https:\/\/www.organisator.ch\/it\/wp-json\/wp\/v2\/media?parent=10123"}],"wp:term":[{"taxonomy":"category","embeddable":true,"href":"https:\/\/www.organisator.ch\/it\/wp-json\/wp\/v2\/categories?post=10123"},{"taxonomy":"post_tag","embeddable":true,"href":"https:\/\/www.organisator.ch\/it\/wp-json\/wp\/v2\/tags?post=10123"}],"curies":[{"name":"wp","href":"https:\/\/api.w.org\/{rel}","templated":true}]}}