{"id":10127,"date":"2019-11-05T15:16:26","date_gmt":"2019-11-05T14:16:26","guid":{"rendered":"https:\/\/www.umweltperspektiven.ch\/?p=2577"},"modified":"2022-02-09T11:06:51","modified_gmt":"2022-02-09T10:06:51","slug":"universitaet-basel-setzt-sich-nachhaltigkeitsziele","status":"publish","type":"post","link":"https:\/\/www.organisator.ch\/it\/sustainability\/2019-11-05\/universitaet-basel-setzt-sich-nachhaltigkeitsziele\/","title":{"rendered":"L'Universit\u00e0 di Basilea si pone obiettivi di sostenibilit\u00e0"},"content":{"rendered":"<figure id=\"attachment_2578\" aria-describedby=\"caption-attachment-2578\" style=\"width: 680px\" class=\"wp-caption alignnone\"><img loading=\"lazy\" decoding=\"async\" class=\"size-medium wp-image-2578\" src=\"\/\/www.umweltperspektiven.ch\/wp-content\/uploads\/2019\/11\/Universit\u00e4t_Basel.jpg\" alt=\"\" width=\"680\" height=\"453\" \/><figcaption id=\"caption-attachment-2578\" class=\"wp-caption-text\">L'Universit\u00e0 di Basilea \u00e8 governata da gerarchie piatte e organi di gestione snelli con sufficiente autorit\u00e0 decisionale. (Immagine: zVg)<\/figcaption><\/figure>\n<p class=\"bodytext\">L'universit\u00e0 si sta impegnando per una posizione di primo piano nel campo dello sviluppo sostenibile presso le universit\u00e0 svizzere, informa il\u00a0<a href=\"\/\/www.unibas.ch\/de.html\" target=\"_blank\" rel=\"noopener\">Universit\u00e0 di Basilea<\/a>\u00a0in un\u00a0<a href=\"\/\/www.unibas.ch\/de\/Aktuell\/News\/Uni-Campus\/Nachhaltigkeit-an-der-Universitaet-Basel-Startschuss-fuer-den-Massnahmenplan.html\" target=\"_blank\" rel=\"noopener\">Comunicazione<\/a>. In un recente studio del WWF, l'universit\u00e0 \u00e8 stata classificata nella met\u00e0 superiore con il quinto posto, continua. Jens Gaab, delegato per la diversit\u00e0 e la sostenibilit\u00e0 all'Universit\u00e0 di Basilea, spiega che poich\u00e9 l'universit\u00e0 \u00e8 \"sempre orientata all'eccellenza\", questa posizione non \u00e8 sufficiente.<\/p>\n<p class=\"bodytext\">Sulla base di un rapporto pubblicato dalla sua unit\u00e0 di sostenibilit\u00e0 in estate, l'Universit\u00e0 di Basilea ha ora elaborato un piano d'azione completo. Il suo scopo \u00e8 quello di aiutare l'universit\u00e0 a raggiungere la sostenibilit\u00e0 a lungo termine e un posto in cima alla prossima classifica di sostenibilit\u00e0. \"Non ci interessano gli effetti temporanei che si spengono di nuovo\", spiega Gaab. Il raggiungimento degli obiettivi concreti formulati nel piano d'azione sar\u00e0 rivisto sulla base di cifre chiave consolidate.<\/p>\n<p class=\"bodytext\">Una delle misure riguarda il consumo di energia elettrica e termica degli edifici universitari. Attualmente ammonta a circa 54,5 gigawattora all'anno e deve essere ridotto del 20 per cento entro dieci anni. Inoltre, l'universit\u00e0 prevede di integrare maggiormente nell'insegnamento i temi legati alla sostenibilit\u00e0. \"Alla fine dei loro studi, nessuno studente dovrebbe poter affermare di non aver mai imparato nulla sulla sostenibilit\u00e0 nella nostra universit\u00e0\", spiega Gaab.<\/p>","protected":false},"excerpt":{"rendered":"<p>Die Universit\u00e4t strebe eine Spitzenposition im Bereich nachhaltige Entwicklung an Schweizer Hochschulen an, informiert die\u00a0Universit\u00e4t Basel\u00a0in einer\u00a0Mitteilung. In einer aktuellen WWF-Studie belege die Universit\u00e4t mit dem f\u00fcnften Platz einen Rang im oberen Mitteilfeld, heisst es dort weiter. Weil die Hochschule \u201eimmer an Exzellenz orientiert\u201c sei, reiche ihr dieser Platz nicht, erl\u00e4utert Jens Gaab, Delegierter f\u00fcr [&hellip;]<\/p>\n","protected":false},"author":5,"featured_media":9650,"comment_status":"open","ping_status":"open","sticky":false,"template":"","format":"standard","meta":{"_acf_changed":false,"_yoast_wpseo_focuskw":"Universit\u00e4t Basel","_yoast_wpseo_metadesc":"Die Universit\u00e4t Basel hat einen Massnahmenplan f\u00fcr konkrete Nachhaltigkeitsziele aufgestellt. Unter anderem will sie ihren Energieverbrauch senken.","articlekey":"","footnotes":""},"categories":[580],"tags":[1091,1794,2404,2405],"class_list":["post-10127","post","type-post","status-publish","format-standard","has-post-thumbnail","hentry","category-sustainability","tag-energieverbrauch","tag-nachhaltigkeitsziele","tag-universitaet","tag-universitaet-basel"],"acf":[],"yoast_head":"<!-- This site is optimized with the Yoast SEO plugin v27.4 - https:\/\/yoast.com\/product\/yoast-seo-wordpress\/ -->\n<title>Universit\u00e4t Basel setzt sich Nachhaltigkeitsziele - Organisator<\/title>\n<meta name=\"description\" content=\"Die Universit\u00e4t Basel hat einen Massnahmenplan f\u00fcr konkrete Nachhaltigkeitsziele aufgestellt. Unter anderem will sie ihren Energieverbrauch senken.\" \/>\n<meta name=\"robots\" content=\"index, follow, max-snippet:-1, max-image-preview:large, max-video-preview:-1\" \/>\n<link rel=\"canonical\" href=\"https:\/\/www.organisator.ch\/it\/sostenibilita\/2019-11-05\/universitaet-basel-setzt-sich-nachhaltigkeitsziele\/\" \/>\n<meta property=\"og:locale\" content=\"it_IT\" \/>\n<meta property=\"og:type\" content=\"article\" \/>\n<meta property=\"og:title\" content=\"Universit\u00e4t Basel setzt sich Nachhaltigkeitsziele - Organisator\" \/>\n<meta property=\"og:description\" content=\"Die Universit\u00e4t Basel hat einen Massnahmenplan f\u00fcr konkrete Nachhaltigkeitsziele aufgestellt. Unter anderem will sie ihren Energieverbrauch senken.\" \/>\n<meta property=\"og:url\" content=\"https:\/\/www.organisator.ch\/it\/sostenibilita\/2019-11-05\/universitaet-basel-setzt-sich-nachhaltigkeitsziele\/\" \/>\n<meta property=\"og:site_name\" content=\"Organisator\" \/>\n<meta property=\"article:publisher\" content=\"https:\/\/www.facebook.com\/OrganisatorFachmagazin\" \/>\n<meta property=\"article:published_time\" content=\"2019-11-05T14:16:26+00:00\" \/>\n<meta property=\"article:modified_time\" content=\"2022-02-09T10:06:51+00:00\" \/>\n<meta property=\"og:image\" content=\"https:\/\/www.organisator.ch\/wp-content\/uploads\/2019\/11\/Universitaet_Basel.jpg\" \/>\n\t<meta property=\"og:image:width\" content=\"750\" \/>\n\t<meta property=\"og:image:height\" content=\"500\" \/>\n\t<meta property=\"og:image:type\" content=\"image\/jpeg\" \/>\n<meta name=\"author\" content=\"michael.merz\" \/>\n<meta name=\"twitter:card\" content=\"summary_large_image\" \/>\n<script type=\"application\/ld+json\" class=\"yoast-schema-graph\">{\"@context\":\"https:\\\/\\\/schema.org\",\"@graph\":[{\"@type\":\"Article\",\"@id\":\"https:\\\/\\\/www.organisator.ch\\\/sustainability\\\/2019-11-05\\\/universitaet-basel-setzt-sich-nachhaltigkeitsziele\\\/#article\",\"isPartOf\":{\"@id\":\"https:\\\/\\\/www.organisator.ch\\\/sustainability\\\/2019-11-05\\\/universitaet-basel-setzt-sich-nachhaltigkeitsziele\\\/\"},\"author\":{\"name\":\"michael.merz\",\"@id\":\"https:\\\/\\\/www.organisator.ch\\\/#\\\/schema\\\/person\\\/134708ca9321c57b0362cceb7948ffbd\"},\"headline\":\"Universit\u00e4t Basel setzt sich Nachhaltigkeitsziele\",\"datePublished\":\"2019-11-05T14:16:26+00:00\",\"dateModified\":\"2022-02-09T10:06:51+00:00\",\"mainEntityOfPage\":{\"@id\":\"https:\\\/\\\/www.organisator.ch\\\/sustainability\\\/2019-11-05\\\/universitaet-basel-setzt-sich-nachhaltigkeitsziele\\\/\"},\"wordCount\":249,\"commentCount\":0,\"publisher\":{\"@id\":\"https:\\\/\\\/www.organisator.ch\\\/#organization\"},\"image\":{\"@id\":\"https:\\\/\\\/www.organisator.ch\\\/sustainability\\\/2019-11-05\\\/universitaet-basel-setzt-sich-nachhaltigkeitsziele\\\/#primaryimage\"},\"thumbnailUrl\":\"https:\\\/\\\/www.organisator.ch\\\/wp-content\\\/uploads\\\/2019\\\/11\\\/Universitaet_Basel.jpg\",\"keywords\":[\"Energieverbrauch\",\"Nachhaltigkeitsziele\",\"Universit\u00e4t\",\"Universit\u00e4t Basel\"],\"articleSection\":[\"SUSTAINABILITY\"],\"inLanguage\":\"it-IT\"},{\"@type\":\"WebPage\",\"@id\":\"https:\\\/\\\/www.organisator.ch\\\/sustainability\\\/2019-11-05\\\/universitaet-basel-setzt-sich-nachhaltigkeitsziele\\\/\",\"url\":\"https:\\\/\\\/www.organisator.ch\\\/sustainability\\\/2019-11-05\\\/universitaet-basel-setzt-sich-nachhaltigkeitsziele\\\/\",\"name\":\"Universit\u00e4t Basel setzt sich Nachhaltigkeitsziele - Organisator\",\"isPartOf\":{\"@id\":\"https:\\\/\\\/www.organisator.ch\\\/#website\"},\"primaryImageOfPage\":{\"@id\":\"https:\\\/\\\/www.organisator.ch\\\/sustainability\\\/2019-11-05\\\/universitaet-basel-setzt-sich-nachhaltigkeitsziele\\\/#primaryimage\"},\"image\":{\"@id\":\"https:\\\/\\\/www.organisator.ch\\\/sustainability\\\/2019-11-05\\\/universitaet-basel-setzt-sich-nachhaltigkeitsziele\\\/#primaryimage\"},\"thumbnailUrl\":\"https:\\\/\\\/www.organisator.ch\\\/wp-content\\\/uploads\\\/2019\\\/11\\\/Universitaet_Basel.jpg\",\"datePublished\":\"2019-11-05T14:16:26+00:00\",\"dateModified\":\"2022-02-09T10:06:51+00:00\",\"description\":\"Die Universit\u00e4t Basel hat einen Massnahmenplan f\u00fcr konkrete Nachhaltigkeitsziele aufgestellt. Unter anderem will sie ihren Energieverbrauch senken.\",\"breadcrumb\":{\"@id\":\"https:\\\/\\\/www.organisator.ch\\\/sustainability\\\/2019-11-05\\\/universitaet-basel-setzt-sich-nachhaltigkeitsziele\\\/#breadcrumb\"},\"inLanguage\":\"it-IT\",\"potentialAction\":[{\"@type\":\"ReadAction\",\"target\":[\"https:\\\/\\\/www.organisator.ch\\\/sustainability\\\/2019-11-05\\\/universitaet-basel-setzt-sich-nachhaltigkeitsziele\\\/\"]}]},{\"@type\":\"ImageObject\",\"inLanguage\":\"it-IT\",\"@id\":\"https:\\\/\\\/www.organisator.ch\\\/sustainability\\\/2019-11-05\\\/universitaet-basel-setzt-sich-nachhaltigkeitsziele\\\/#primaryimage\",\"url\":\"https:\\\/\\\/www.organisator.ch\\\/wp-content\\\/uploads\\\/2019\\\/11\\\/Universitaet_Basel.jpg\",\"contentUrl\":\"https:\\\/\\\/www.organisator.ch\\\/wp-content\\\/uploads\\\/2019\\\/11\\\/Universitaet_Basel.jpg\",\"width\":750,\"height\":500,\"caption\":\"Die Universit\u00e4t Basel wird \u00fcber flache Hierarchien und schlanke F\u00fchrungsgremien mit ausreichender Entscheidungskompetenz gesteuert. (Bild: zVg)\"},{\"@type\":\"BreadcrumbList\",\"@id\":\"https:\\\/\\\/www.organisator.ch\\\/sustainability\\\/2019-11-05\\\/universitaet-basel-setzt-sich-nachhaltigkeitsziele\\\/#breadcrumb\",\"itemListElement\":[{\"@type\":\"ListItem\",\"position\":1,\"name\":\"Home\",\"item\":\"https:\\\/\\\/www.organisator.ch\\\/\"},{\"@type\":\"ListItem\",\"position\":2,\"name\":\"Universit\u00e4t Basel setzt sich Nachhaltigkeitsziele\"}]},{\"@type\":\"WebSite\",\"@id\":\"https:\\\/\\\/www.organisator.ch\\\/#website\",\"url\":\"https:\\\/\\\/www.organisator.ch\\\/\",\"name\":\"Organisator\",\"description\":\"Kompetent. Praxisnah. Der ORGANISATOR bereitet in 10 Ausgaben pro Jahr die wesentlichen Themen f\u00fcr F\u00fchrungskr\u00e4fte von KMU auf.\",\"publisher\":{\"@id\":\"https:\\\/\\\/www.organisator.ch\\\/#organization\"},\"potentialAction\":[{\"@type\":\"SearchAction\",\"target\":{\"@type\":\"EntryPoint\",\"urlTemplate\":\"https:\\\/\\\/www.organisator.ch\\\/?s={search_term_string}\"},\"query-input\":{\"@type\":\"PropertyValueSpecification\",\"valueRequired\":true,\"valueName\":\"search_term_string\"}}],\"inLanguage\":\"it-IT\"},{\"@type\":\"Organization\",\"@id\":\"https:\\\/\\\/www.organisator.ch\\\/#organization\",\"name\":\"Organisator\",\"url\":\"https:\\\/\\\/www.organisator.ch\\\/\",\"logo\":{\"@type\":\"ImageObject\",\"inLanguage\":\"it-IT\",\"@id\":\"https:\\\/\\\/www.organisator.ch\\\/#\\\/schema\\\/logo\\\/image\\\/\",\"url\":\"https:\\\/\\\/www.organisator.ch\\\/wp-content\\\/uploads\\\/2022\\\/01\\\/Logo_Organisator_Website.png\",\"contentUrl\":\"https:\\\/\\\/www.organisator.ch\\\/wp-content\\\/uploads\\\/2022\\\/01\\\/Logo_Organisator_Website.png\",\"width\":800,\"height\":77,\"caption\":\"Organisator\"},\"image\":{\"@id\":\"https:\\\/\\\/www.organisator.ch\\\/#\\\/schema\\\/logo\\\/image\\\/\"},\"sameAs\":[\"https:\\\/\\\/www.facebook.com\\\/OrganisatorFachmagazin\",\"https:\\\/\\\/www.linkedin.com\\\/showcase\\\/organisator-das-magazin-fr-kmu\",\"https:\\\/\\\/www.xing.com\\\/news\\\/pages\\\/organisator-ch-695\",\"https:\\\/\\\/www.youtube.com\\\/channel\\\/UCGP2Sq0iWaZwT3BdIAQFYpw\"]},{\"@type\":\"Person\",\"@id\":\"https:\\\/\\\/www.organisator.ch\\\/#\\\/schema\\\/person\\\/134708ca9321c57b0362cceb7948ffbd\",\"name\":\"michael.merz\",\"image\":{\"@type\":\"ImageObject\",\"inLanguage\":\"it-IT\",\"@id\":\"https:\\\/\\\/secure.gravatar.com\\\/avatar\\\/?s=96&d=mm&r=g\",\"url\":\"https:\\\/\\\/secure.gravatar.com\\\/avatar\\\/?s=96&d=mm&r=g\",\"contentUrl\":\"https:\\\/\\\/secure.gravatar.com\\\/avatar\\\/?s=96&d=mm&r=g\",\"caption\":\"michael.merz\"},\"url\":\"https:\\\/\\\/www.organisator.ch\\\/it\\\/author\\\/michael-merz\\\/\"}]}<\/script>\n<!-- \/ Yoast SEO plugin. -->","yoast_head_json":{"title":"L'Universit\u00e0 di Basilea si pone obiettivi di sostenibilit\u00e0 - Organizzatore","description":"L'Universit\u00e0 di Basilea ha elaborato un piano d'azione per obiettivi concreti di sostenibilit\u00e0. Tra le altre cose, vuole ridurre il consumo di energia.","robots":{"index":"index","follow":"follow","max-snippet":"max-snippet:-1","max-image-preview":"max-image-preview:large","max-video-preview":"max-video-preview:-1"},"canonical":"https:\/\/www.organisator.ch\/it\/sostenibilita\/2019-11-05\/universitaet-basel-setzt-sich-nachhaltigkeitsziele\/","og_locale":"it_IT","og_type":"article","og_title":"Universit\u00e4t Basel setzt sich Nachhaltigkeitsziele - Organisator","og_description":"Die Universit\u00e4t Basel hat einen Massnahmenplan f\u00fcr konkrete Nachhaltigkeitsziele aufgestellt. Unter anderem will sie ihren Energieverbrauch senken.","og_url":"https:\/\/www.organisator.ch\/it\/sostenibilita\/2019-11-05\/universitaet-basel-setzt-sich-nachhaltigkeitsziele\/","og_site_name":"Organisator","article_publisher":"https:\/\/www.facebook.com\/OrganisatorFachmagazin","article_published_time":"2019-11-05T14:16:26+00:00","article_modified_time":"2022-02-09T10:06:51+00:00","og_image":[{"width":750,"height":500,"url":"https:\/\/www.organisator.ch\/wp-content\/uploads\/2019\/11\/Universitaet_Basel.jpg","type":"image\/jpeg"}],"author":"michael.merz","twitter_card":"summary_large_image","schema":{"@context":"https:\/\/schema.org","@graph":[{"@type":"Article","@id":"https:\/\/www.organisator.ch\/sustainability\/2019-11-05\/universitaet-basel-setzt-sich-nachhaltigkeitsziele\/#article","isPartOf":{"@id":"https:\/\/www.organisator.ch\/sustainability\/2019-11-05\/universitaet-basel-setzt-sich-nachhaltigkeitsziele\/"},"author":{"name":"michael.merz","@id":"https:\/\/www.organisator.ch\/#\/schema\/person\/134708ca9321c57b0362cceb7948ffbd"},"headline":"Universit\u00e4t Basel setzt sich Nachhaltigkeitsziele","datePublished":"2019-11-05T14:16:26+00:00","dateModified":"2022-02-09T10:06:51+00:00","mainEntityOfPage":{"@id":"https:\/\/www.organisator.ch\/sustainability\/2019-11-05\/universitaet-basel-setzt-sich-nachhaltigkeitsziele\/"},"wordCount":249,"commentCount":0,"publisher":{"@id":"https:\/\/www.organisator.ch\/#organization"},"image":{"@id":"https:\/\/www.organisator.ch\/sustainability\/2019-11-05\/universitaet-basel-setzt-sich-nachhaltigkeitsziele\/#primaryimage"},"thumbnailUrl":"https:\/\/www.organisator.ch\/wp-content\/uploads\/2019\/11\/Universitaet_Basel.jpg","keywords":["Energieverbrauch","Nachhaltigkeitsziele","Universit\u00e4t","Universit\u00e4t Basel"],"articleSection":["SUSTAINABILITY"],"inLanguage":"it-IT"},{"@type":"WebPage","@id":"https:\/\/www.organisator.ch\/sustainability\/2019-11-05\/universitaet-basel-setzt-sich-nachhaltigkeitsziele\/","url":"https:\/\/www.organisator.ch\/sustainability\/2019-11-05\/universitaet-basel-setzt-sich-nachhaltigkeitsziele\/","name":"L'Universit\u00e0 di Basilea si pone obiettivi di sostenibilit\u00e0 - Organizzatore","isPartOf":{"@id":"https:\/\/www.organisator.ch\/#website"},"primaryImageOfPage":{"@id":"https:\/\/www.organisator.ch\/sustainability\/2019-11-05\/universitaet-basel-setzt-sich-nachhaltigkeitsziele\/#primaryimage"},"image":{"@id":"https:\/\/www.organisator.ch\/sustainability\/2019-11-05\/universitaet-basel-setzt-sich-nachhaltigkeitsziele\/#primaryimage"},"thumbnailUrl":"https:\/\/www.organisator.ch\/wp-content\/uploads\/2019\/11\/Universitaet_Basel.jpg","datePublished":"2019-11-05T14:16:26+00:00","dateModified":"2022-02-09T10:06:51+00:00","description":"L'Universit\u00e0 di Basilea ha elaborato un piano d'azione per obiettivi concreti di sostenibilit\u00e0. Tra le altre cose, vuole ridurre il consumo di energia.","breadcrumb":{"@id":"https:\/\/www.organisator.ch\/sustainability\/2019-11-05\/universitaet-basel-setzt-sich-nachhaltigkeitsziele\/#breadcrumb"},"inLanguage":"it-IT","potentialAction":[{"@type":"ReadAction","target":["https:\/\/www.organisator.ch\/sustainability\/2019-11-05\/universitaet-basel-setzt-sich-nachhaltigkeitsziele\/"]}]},{"@type":"ImageObject","inLanguage":"it-IT","@id":"https:\/\/www.organisator.ch\/sustainability\/2019-11-05\/universitaet-basel-setzt-sich-nachhaltigkeitsziele\/#primaryimage","url":"https:\/\/www.organisator.ch\/wp-content\/uploads\/2019\/11\/Universitaet_Basel.jpg","contentUrl":"https:\/\/www.organisator.ch\/wp-content\/uploads\/2019\/11\/Universitaet_Basel.jpg","width":750,"height":500,"caption":"Die Universit\u00e4t Basel wird \u00fcber flache Hierarchien und schlanke F\u00fchrungsgremien mit ausreichender Entscheidungskompetenz gesteuert. (Bild: zVg)"},{"@type":"BreadcrumbList","@id":"https:\/\/www.organisator.ch\/sustainability\/2019-11-05\/universitaet-basel-setzt-sich-nachhaltigkeitsziele\/#breadcrumb","itemListElement":[{"@type":"ListItem","position":1,"name":"Home","item":"https:\/\/www.organisator.ch\/"},{"@type":"ListItem","position":2,"name":"Universit\u00e4t Basel setzt sich Nachhaltigkeitsziele"}]},{"@type":"WebSite","@id":"https:\/\/www.organisator.ch\/#website","url":"https:\/\/www.organisator.ch\/","name":"Organizzatore","description":"Competente. Pratico. In 10 numeri all'anno, ORGANISATOR presenta i temi essenziali per i manager delle PMI.","publisher":{"@id":"https:\/\/www.organisator.ch\/#organization"},"potentialAction":[{"@type":"SearchAction","target":{"@type":"EntryPoint","urlTemplate":"https:\/\/www.organisator.ch\/?s={search_term_string}"},"query-input":{"@type":"PropertyValueSpecification","valueRequired":true,"valueName":"search_term_string"}}],"inLanguage":"it-IT"},{"@type":"Organization","@id":"https:\/\/www.organisator.ch\/#organization","name":"Organizzatore","url":"https:\/\/www.organisator.ch\/","logo":{"@type":"ImageObject","inLanguage":"it-IT","@id":"https:\/\/www.organisator.ch\/#\/schema\/logo\/image\/","url":"https:\/\/www.organisator.ch\/wp-content\/uploads\/2022\/01\/Logo_Organisator_Website.png","contentUrl":"https:\/\/www.organisator.ch\/wp-content\/uploads\/2022\/01\/Logo_Organisator_Website.png","width":800,"height":77,"caption":"Organisator"},"image":{"@id":"https:\/\/www.organisator.ch\/#\/schema\/logo\/image\/"},"sameAs":["https:\/\/www.facebook.com\/OrganisatorFachmagazin","https:\/\/www.linkedin.com\/showcase\/organisator-das-magazin-fr-kmu","https:\/\/www.xing.com\/news\/pages\/organisator-ch-695","https:\/\/www.youtube.com\/channel\/UCGP2Sq0iWaZwT3BdIAQFYpw"]},{"@type":"Person","@id":"https:\/\/www.organisator.ch\/#\/schema\/person\/134708ca9321c57b0362cceb7948ffbd","name":"michael.merz","image":{"@type":"ImageObject","inLanguage":"it-IT","@id":"https:\/\/secure.gravatar.com\/avatar\/?s=96&d=mm&r=g","url":"https:\/\/secure.gravatar.com\/avatar\/?s=96&d=mm&r=g","contentUrl":"https:\/\/secure.gravatar.com\/avatar\/?s=96&d=mm&r=g","caption":"michael.merz"},"url":"https:\/\/www.organisator.ch\/it\/author\/michael-merz\/"}]}},"_links":{"self":[{"href":"https:\/\/www.organisator.ch\/it\/wp-json\/wp\/v2\/posts\/10127","targetHints":{"allow":["GET"]}}],"collection":[{"href":"https:\/\/www.organisator.ch\/it\/wp-json\/wp\/v2\/posts"}],"about":[{"href":"https:\/\/www.organisator.ch\/it\/wp-json\/wp\/v2\/types\/post"}],"author":[{"embeddable":true,"href":"https:\/\/www.organisator.ch\/it\/wp-json\/wp\/v2\/users\/5"}],"replies":[{"embeddable":true,"href":"https:\/\/www.organisator.ch\/it\/wp-json\/wp\/v2\/comments?post=10127"}],"version-history":[{"count":1,"href":"https:\/\/www.organisator.ch\/it\/wp-json\/wp\/v2\/posts\/10127\/revisions"}],"predecessor-version":[{"id":10691,"href":"https:\/\/www.organisator.ch\/it\/wp-json\/wp\/v2\/posts\/10127\/revisions\/10691"}],"wp:featuredmedia":[{"embeddable":true,"href":"https:\/\/www.organisator.ch\/it\/wp-json\/wp\/v2\/media\/9650"}],"wp:attachment":[{"href":"https:\/\/www.organisator.ch\/it\/wp-json\/wp\/v2\/media?parent=10127"}],"wp:term":[{"taxonomy":"category","embeddable":true,"href":"https:\/\/www.organisator.ch\/it\/wp-json\/wp\/v2\/categories?post=10127"},{"taxonomy":"post_tag","embeddable":true,"href":"https:\/\/www.organisator.ch\/it\/wp-json\/wp\/v2\/tags?post=10127"}],"curies":[{"name":"wp","href":"https:\/\/api.w.org\/{rel}","templated":true}]}}