{"id":10130,"date":"2019-11-12T10:22:55","date_gmt":"2019-11-12T09:22:55","guid":{"rendered":"https:\/\/www.umweltperspektiven.ch\/?p=2612"},"modified":"2022-02-09T11:10:51","modified_gmt":"2022-02-09T10:10:51","slug":"ohne-bakterien-und-pilze-saehe-es-auf-der-erde-aus-wie-auf-dem-mars","status":"publish","type":"post","link":"https:\/\/www.organisator.ch\/it\/sustainability\/2019-11-12\/ohne-bakterien-und-pilze-saehe-es-auf-der-erde-aus-wie-auf-dem-mars\/","title":{"rendered":"\"Senza batteri e funghi, la Terra assomiglierebbe a Marte\"."},"content":{"rendered":"<figure id=\"attachment_2613\" aria-describedby=\"caption-attachment-2613\" style=\"width: 680px\" class=\"wp-caption alignnone\"><img loading=\"lazy\" decoding=\"async\" class=\"size-medium wp-image-2613\" src=\"\/\/www.umweltperspektiven.ch\/wp-content\/uploads\/2019\/11\/Pilze.jpg\" alt=\"\" width=\"680\" height=\"510\" \/><figcaption id=\"caption-attachment-2613\" class=\"wp-caption-text\">Finch\u00e9 le erbe o i prati non riescono a fiorire, le specie batteriche e fungine occupano pi\u00f9 volte ogni punto. (Immagine: agroscope)<\/figcaption><\/figure>\n<p>Il profondo studio su \"batteri e funghi\" nei nostri terreni \u00e8 stato recentemente pubblicato sulla rinomata rivista \"Nature Communications\". La conclusione \u00e8 che pi\u00f9 la comunit\u00e0 microbica \u00e8 ricca di specie, pi\u00f9 le funzioni dell'ecosistema rimangono intatte, con un impatto positivo sull'agricoltura.<\/p>\n<p>\"\u00c8 probabilmente il primo studio a dimostrare che i batteri e i funghi presenti nei nostri terreni sono organizzati in reti enormi e che queste reti svolgono funzioni molto importanti\", afferma Marcel van der Heijden, agroecologo presso Agroscope e l'Universit\u00e0 di Zurigo. \"Pi\u00f9 la rete \u00e8 interconnessa, pi\u00f9 i nostri terreni possono essere utili all'agricoltura\".<\/p>\n<p>La conclusione: pi\u00f9 specie batteriche e fungine erano presenti nei terreni di prova, pi\u00f9 nutrienti le piante assorbivano e pi\u00f9 specie vegetali erano in grado di crescere. Se invece i microrganismi presenti nel terreno sono pochi o inesistenti, crescono solo erbe e vengono assorbiti molti meno nutrienti.<\/p>\n<p>Ma anche altre importanti funzioni del suolo vengono meno se le specie di batteri e funghi sono troppo poche: ad esempio, l'efficienza dei nutrienti, la decomposizione del materiale vegetale morto o lo stoccaggio del carbonio dall'atmosfera. \"Senza batteri e funghi, la Terra assomiglierebbe a Marte\", afferma Cameron Wagg, autore principale dello studio.<\/p>\n<p><b>Come una gigantesca fabbrica<\/b><\/p>\n<p>Le numerose specie di funghi e batteri lavorano insieme come in una grande fabbrica. Uno \u00e8 responsabile del \"ricevimento merci\", uno dello \"stoccaggio\", uno del \"caricamento dei nastri trasportatori\", uno della \"saldatura\" e uno della \"pulizia del capannone\". Solo quando tutti i posti sono occupati si ottiene qualcosa di utile\", spiega van der Heijden. \"Meno \"dipendenti\" ha la \"fabbrica\", meno pu\u00f2 realizzare\".<\/p>\n<p>Le specie batteriche e fungine occupano addirittura pi\u00f9 volte ciascuna posizione. \"Questo ha il seguente vantaggio: se una specie fallisce, quella successiva pu\u00f2 semplicemente subentrare\", spiega van der Heijden. Ci\u00f2 consente al suolo di funzionare anche in caso di periodi prolungati di caldo, siccit\u00e0 o altri impatti ambientali.<\/p>\n<p><b>Pi\u00f9 \u00e8 ricco di specie, pi\u00f9 funzioni ha il suolo<\/b><\/p>\n<p>Per lo studio, i ricercatori hanno ridotto gradualmente la biodiversit\u00e0 dei campioni di suolo. In questo modo \u00e8 stato possibile misurare la quantit\u00e0 di protossido di azoto prodotto dai diversi terreni, con conseguente perdita di azoto prezioso. Hanno anche studiato se le reti microbiche nel suolo influenzassero la lisciviazione di importanti nutrienti come l'azoto e i fosfati. Poi hanno fatto una \"analisi dei sistemi\" e hanno analizzato diverse funzioni contemporaneamente (\"multifunzionalit\u00e0\").<\/p>\n<p>I risultati hanno dimostrato che pi\u00f9 la comunit\u00e0 microbica di un suolo era complessa e ricca di specie, pi\u00f9 le funzioni dell'ecosistema rimanevano intatte, con un impatto positivo sull'agricoltura e sull'ambiente.<\/p>\n<p><b>Sette finch\u00e9 non rimane nulla<\/b><\/p>\n<p>Per lo studio, i ricercatori hanno utilizzato campioni di terreno provenienti da un campo di Zurigo. Per ridurre gradualmente la biodiversit\u00e0 di un terreno, hanno utilizzato una serie di setacci progressivamente pi\u00f9 fini. Di conseguenza, alcuni campioni presentavano l'intera diversit\u00e0 di batteri e funghi, mentre altri ne avevano pochissimi o nessuno. Gli esperti hanno quindi mescolato i campioni di terreno (inoculo) con terreno sterilizzato in camere ermeticamente chiuse in cui hanno seminato un miscuglio di erba e trifoglio. Le camere hanno permesso di registrare lo scambio di gas.<\/p>\n<p><em>Ulteriori link:\u00a0<\/em><\/p>\n<p><a href=\"\/\/www.nature.com\/ncomms\/\">Articolo in Nature Communications<\/a><\/p>\n<p><a class=\"icon icon--after icon--external\" title=\"\" href=\"\/\/www.agroscope.admin.ch\/agroscope\/de\/home.html\" target=\"_blank\" rel=\"noopener\">www.agroscope.admin.ch\u00a0<\/a><\/p>\n<p>&nbsp;<\/p>\n<p>&nbsp;<\/p>","protected":false},"excerpt":{"rendered":"<p>Die profunde Studie \u00fcber &#8222;Bakterien und Pilze&#8220; in unseren B\u00f6den sind k\u00fcrzlich in der renommierten Fachzeitschrift \u00abNature Communications\u00bb erschienen. Das Fazit: Je artenreicher die mikrobielle Gemeinschaft ist, desto mehr \u00d6kosystem-Funktionen bleiben intakt \u2013 was sich positiv auf die Landwirtschaft auswirkt. \u00abEs ist vermutlich die erste Studie, die zeigt, dass Bakterien und Pilze in unseren B\u00f6den [&hellip;]<\/p>\n","protected":false},"author":5,"featured_media":9654,"comment_status":"open","ping_status":"open","sticky":false,"template":"","format":"standard","meta":{"_acf_changed":false,"_yoast_wpseo_focuskw":"Bakterien und Pilze","_yoast_wpseo_metadesc":"Tausende von Bakterien und Pilzen arbeiten zusammen wie die wie R\u00e4der eines Uhrwerks, um einen gesunden Boden zu erhalten und Pflanzenwuchs zu f\u00f6rdern.","articlekey":"","footnotes":""},"categories":[580],"tags":[681,767,1021,1795,1912],"class_list":["post-10130","post","type-post","status-publish","format-standard","has-post-thumbnail","hentry","category-sustainability","tag-agraroekologie","tag-bakterien","tag-effizienz","tag-naehrstoffe","tag-pilze"],"acf":[],"yoast_head":"<!-- This site is optimized with the Yoast SEO plugin v27.5 - https:\/\/yoast.com\/product\/yoast-seo-wordpress\/ -->\n<title>\u00abOhne Bakterien und Pilze s\u00e4he es auf der Erde aus wie auf dem Mars\u00bb - Organisator<\/title>\n<meta name=\"description\" content=\"Tausende von Bakterien und Pilzen arbeiten zusammen wie die wie R\u00e4der eines Uhrwerks, um einen gesunden Boden zu erhalten und Pflanzenwuchs zu f\u00f6rdern.\" \/>\n<meta name=\"robots\" content=\"index, follow, max-snippet:-1, max-image-preview:large, max-video-preview:-1\" \/>\n<link rel=\"canonical\" href=\"https:\/\/www.organisator.ch\/it\/sostenibilita\/2019-11-12\/ohne-bakterien-und-pilze-saehe-es-auf-der-erde-aus-wie-auf-dem-mars\/\" \/>\n<meta property=\"og:locale\" content=\"it_IT\" \/>\n<meta property=\"og:type\" content=\"article\" \/>\n<meta property=\"og:title\" content=\"\u00abOhne Bakterien und Pilze s\u00e4he es auf der Erde aus wie auf dem Mars\u00bb - Organisator\" \/>\n<meta property=\"og:description\" content=\"Tausende von Bakterien und Pilzen arbeiten zusammen wie die wie R\u00e4der eines Uhrwerks, um einen gesunden Boden zu erhalten und Pflanzenwuchs zu f\u00f6rdern.\" \/>\n<meta property=\"og:url\" content=\"https:\/\/www.organisator.ch\/it\/sostenibilita\/2019-11-12\/ohne-bakterien-und-pilze-saehe-es-auf-der-erde-aus-wie-auf-dem-mars\/\" \/>\n<meta property=\"og:site_name\" content=\"Organisator\" \/>\n<meta property=\"article:publisher\" content=\"https:\/\/www.facebook.com\/OrganisatorFachmagazin\" \/>\n<meta property=\"article:published_time\" content=\"2019-11-12T09:22:55+00:00\" \/>\n<meta property=\"article:modified_time\" content=\"2022-02-09T10:10:51+00:00\" \/>\n<meta property=\"og:image\" content=\"https:\/\/www.organisator.ch\/wp-content\/uploads\/2019\/11\/Pilze-scaled.jpg\" \/>\n\t<meta property=\"og:image:width\" content=\"2560\" \/>\n\t<meta property=\"og:image:height\" content=\"1920\" \/>\n\t<meta property=\"og:image:type\" content=\"image\/jpeg\" \/>\n<meta name=\"author\" content=\"michael.merz\" \/>\n<meta name=\"twitter:card\" content=\"summary_large_image\" \/>\n<script type=\"application\/ld+json\" class=\"yoast-schema-graph\">{\"@context\":\"https:\\\/\\\/schema.org\",\"@graph\":[{\"@type\":\"Article\",\"@id\":\"https:\\\/\\\/www.organisator.ch\\\/sustainability\\\/2019-11-12\\\/ohne-bakterien-und-pilze-saehe-es-auf-der-erde-aus-wie-auf-dem-mars\\\/#article\",\"isPartOf\":{\"@id\":\"https:\\\/\\\/www.organisator.ch\\\/sustainability\\\/2019-11-12\\\/ohne-bakterien-und-pilze-saehe-es-auf-der-erde-aus-wie-auf-dem-mars\\\/\"},\"author\":{\"name\":\"michael.merz\",\"@id\":\"https:\\\/\\\/www.organisator.ch\\\/#\\\/schema\\\/person\\\/134708ca9321c57b0362cceb7948ffbd\"},\"headline\":\"\u00abOhne Bakterien und Pilze s\u00e4he es auf der Erde aus wie auf dem Mars\u00bb\",\"datePublished\":\"2019-11-12T09:22:55+00:00\",\"dateModified\":\"2022-02-09T10:10:51+00:00\",\"mainEntityOfPage\":{\"@id\":\"https:\\\/\\\/www.organisator.ch\\\/sustainability\\\/2019-11-12\\\/ohne-bakterien-und-pilze-saehe-es-auf-der-erde-aus-wie-auf-dem-mars\\\/\"},\"wordCount\":575,\"commentCount\":0,\"publisher\":{\"@id\":\"https:\\\/\\\/www.organisator.ch\\\/#organization\"},\"image\":{\"@id\":\"https:\\\/\\\/www.organisator.ch\\\/sustainability\\\/2019-11-12\\\/ohne-bakterien-und-pilze-saehe-es-auf-der-erde-aus-wie-auf-dem-mars\\\/#primaryimage\"},\"thumbnailUrl\":\"https:\\\/\\\/www.organisator.ch\\\/wp-content\\\/uploads\\\/2019\\\/11\\\/Pilze-scaled.jpg\",\"keywords\":[\"Agrar\u00f6kologie\",\"Bakterien\",\"Effizienz\",\"N\u00e4hrstoffe\",\"Pilze\"],\"articleSection\":[\"SUSTAINABILITY\"],\"inLanguage\":\"it-IT\"},{\"@type\":\"WebPage\",\"@id\":\"https:\\\/\\\/www.organisator.ch\\\/sustainability\\\/2019-11-12\\\/ohne-bakterien-und-pilze-saehe-es-auf-der-erde-aus-wie-auf-dem-mars\\\/\",\"url\":\"https:\\\/\\\/www.organisator.ch\\\/sustainability\\\/2019-11-12\\\/ohne-bakterien-und-pilze-saehe-es-auf-der-erde-aus-wie-auf-dem-mars\\\/\",\"name\":\"\u00abOhne Bakterien und Pilze s\u00e4he es auf der Erde aus wie auf dem Mars\u00bb - Organisator\",\"isPartOf\":{\"@id\":\"https:\\\/\\\/www.organisator.ch\\\/#website\"},\"primaryImageOfPage\":{\"@id\":\"https:\\\/\\\/www.organisator.ch\\\/sustainability\\\/2019-11-12\\\/ohne-bakterien-und-pilze-saehe-es-auf-der-erde-aus-wie-auf-dem-mars\\\/#primaryimage\"},\"image\":{\"@id\":\"https:\\\/\\\/www.organisator.ch\\\/sustainability\\\/2019-11-12\\\/ohne-bakterien-und-pilze-saehe-es-auf-der-erde-aus-wie-auf-dem-mars\\\/#primaryimage\"},\"thumbnailUrl\":\"https:\\\/\\\/www.organisator.ch\\\/wp-content\\\/uploads\\\/2019\\\/11\\\/Pilze-scaled.jpg\",\"datePublished\":\"2019-11-12T09:22:55+00:00\",\"dateModified\":\"2022-02-09T10:10:51+00:00\",\"description\":\"Tausende von Bakterien und Pilzen arbeiten zusammen wie die wie R\u00e4der eines Uhrwerks, um einen gesunden Boden zu erhalten und Pflanzenwuchs zu f\u00f6rdern.\",\"breadcrumb\":{\"@id\":\"https:\\\/\\\/www.organisator.ch\\\/sustainability\\\/2019-11-12\\\/ohne-bakterien-und-pilze-saehe-es-auf-der-erde-aus-wie-auf-dem-mars\\\/#breadcrumb\"},\"inLanguage\":\"it-IT\",\"potentialAction\":[{\"@type\":\"ReadAction\",\"target\":[\"https:\\\/\\\/www.organisator.ch\\\/sustainability\\\/2019-11-12\\\/ohne-bakterien-und-pilze-saehe-es-auf-der-erde-aus-wie-auf-dem-mars\\\/\"]}]},{\"@type\":\"ImageObject\",\"inLanguage\":\"it-IT\",\"@id\":\"https:\\\/\\\/www.organisator.ch\\\/sustainability\\\/2019-11-12\\\/ohne-bakterien-und-pilze-saehe-es-auf-der-erde-aus-wie-auf-dem-mars\\\/#primaryimage\",\"url\":\"https:\\\/\\\/www.organisator.ch\\\/wp-content\\\/uploads\\\/2019\\\/11\\\/Pilze-scaled.jpg\",\"contentUrl\":\"https:\\\/\\\/www.organisator.ch\\\/wp-content\\\/uploads\\\/2019\\\/11\\\/Pilze-scaled.jpg\",\"width\":2560,\"height\":1920,\"caption\":\"Bis Kr\u00e4uter gedeihen k\u00f6nnen, besetzen die Bakterien- und Pilzarten jede Stelle gleich mehrmals. (Bild: agroscope)\"},{\"@type\":\"BreadcrumbList\",\"@id\":\"https:\\\/\\\/www.organisator.ch\\\/sustainability\\\/2019-11-12\\\/ohne-bakterien-und-pilze-saehe-es-auf-der-erde-aus-wie-auf-dem-mars\\\/#breadcrumb\",\"itemListElement\":[{\"@type\":\"ListItem\",\"position\":1,\"name\":\"Home\",\"item\":\"https:\\\/\\\/www.organisator.ch\\\/\"},{\"@type\":\"ListItem\",\"position\":2,\"name\":\"\u00abOhne Bakterien und Pilze s\u00e4he es auf der Erde aus wie auf dem Mars\u00bb\"}]},{\"@type\":\"WebSite\",\"@id\":\"https:\\\/\\\/www.organisator.ch\\\/#website\",\"url\":\"https:\\\/\\\/www.organisator.ch\\\/\",\"name\":\"Organisator\",\"description\":\"Kompetent. Praxisnah. Der ORGANISATOR bereitet in 10 Ausgaben pro Jahr die wesentlichen Themen f\u00fcr F\u00fchrungskr\u00e4fte von KMU auf.\",\"publisher\":{\"@id\":\"https:\\\/\\\/www.organisator.ch\\\/#organization\"},\"potentialAction\":[{\"@type\":\"SearchAction\",\"target\":{\"@type\":\"EntryPoint\",\"urlTemplate\":\"https:\\\/\\\/www.organisator.ch\\\/?s={search_term_string}\"},\"query-input\":{\"@type\":\"PropertyValueSpecification\",\"valueRequired\":true,\"valueName\":\"search_term_string\"}}],\"inLanguage\":\"it-IT\"},{\"@type\":\"Organization\",\"@id\":\"https:\\\/\\\/www.organisator.ch\\\/#organization\",\"name\":\"Organisator\",\"url\":\"https:\\\/\\\/www.organisator.ch\\\/\",\"logo\":{\"@type\":\"ImageObject\",\"inLanguage\":\"it-IT\",\"@id\":\"https:\\\/\\\/www.organisator.ch\\\/#\\\/schema\\\/logo\\\/image\\\/\",\"url\":\"https:\\\/\\\/www.organisator.ch\\\/wp-content\\\/uploads\\\/2022\\\/01\\\/Logo_Organisator_Website.png\",\"contentUrl\":\"https:\\\/\\\/www.organisator.ch\\\/wp-content\\\/uploads\\\/2022\\\/01\\\/Logo_Organisator_Website.png\",\"width\":800,\"height\":77,\"caption\":\"Organisator\"},\"image\":{\"@id\":\"https:\\\/\\\/www.organisator.ch\\\/#\\\/schema\\\/logo\\\/image\\\/\"},\"sameAs\":[\"https:\\\/\\\/www.facebook.com\\\/OrganisatorFachmagazin\",\"https:\\\/\\\/www.linkedin.com\\\/showcase\\\/organisator-das-magazin-fr-kmu\",\"https:\\\/\\\/www.xing.com\\\/news\\\/pages\\\/organisator-ch-695\",\"https:\\\/\\\/www.youtube.com\\\/channel\\\/UCGP2Sq0iWaZwT3BdIAQFYpw\"]},{\"@type\":\"Person\",\"@id\":\"https:\\\/\\\/www.organisator.ch\\\/#\\\/schema\\\/person\\\/134708ca9321c57b0362cceb7948ffbd\",\"name\":\"michael.merz\",\"image\":{\"@type\":\"ImageObject\",\"inLanguage\":\"it-IT\",\"@id\":\"https:\\\/\\\/secure.gravatar.com\\\/avatar\\\/?s=96&d=mm&r=g\",\"url\":\"https:\\\/\\\/secure.gravatar.com\\\/avatar\\\/?s=96&d=mm&r=g\",\"contentUrl\":\"https:\\\/\\\/secure.gravatar.com\\\/avatar\\\/?s=96&d=mm&r=g\",\"caption\":\"michael.merz\"},\"url\":\"https:\\\/\\\/www.organisator.ch\\\/it\\\/author\\\/michael-merz\\\/\"}]}<\/script>\n<!-- \/ Yoast SEO plugin. -->","yoast_head_json":{"title":"\"Senza batteri e funghi, la Terra assomiglierebbe a Marte\" - Organizzatore","description":"Migliaia di batteri e funghi lavorano insieme come un orologio per mantenere il suolo sano e promuovere la crescita delle piante.","robots":{"index":"index","follow":"follow","max-snippet":"max-snippet:-1","max-image-preview":"max-image-preview:large","max-video-preview":"max-video-preview:-1"},"canonical":"https:\/\/www.organisator.ch\/it\/sostenibilita\/2019-11-12\/ohne-bakterien-und-pilze-saehe-es-auf-der-erde-aus-wie-auf-dem-mars\/","og_locale":"it_IT","og_type":"article","og_title":"\u00abOhne Bakterien und Pilze s\u00e4he es auf der Erde aus wie auf dem Mars\u00bb - Organisator","og_description":"Tausende von Bakterien und Pilzen arbeiten zusammen wie die wie R\u00e4der eines Uhrwerks, um einen gesunden Boden zu erhalten und Pflanzenwuchs zu f\u00f6rdern.","og_url":"https:\/\/www.organisator.ch\/it\/sostenibilita\/2019-11-12\/ohne-bakterien-und-pilze-saehe-es-auf-der-erde-aus-wie-auf-dem-mars\/","og_site_name":"Organisator","article_publisher":"https:\/\/www.facebook.com\/OrganisatorFachmagazin","article_published_time":"2019-11-12T09:22:55+00:00","article_modified_time":"2022-02-09T10:10:51+00:00","og_image":[{"width":2560,"height":1920,"url":"https:\/\/www.organisator.ch\/wp-content\/uploads\/2019\/11\/Pilze-scaled.jpg","type":"image\/jpeg"}],"author":"michael.merz","twitter_card":"summary_large_image","schema":{"@context":"https:\/\/schema.org","@graph":[{"@type":"Article","@id":"https:\/\/www.organisator.ch\/sustainability\/2019-11-12\/ohne-bakterien-und-pilze-saehe-es-auf-der-erde-aus-wie-auf-dem-mars\/#article","isPartOf":{"@id":"https:\/\/www.organisator.ch\/sustainability\/2019-11-12\/ohne-bakterien-und-pilze-saehe-es-auf-der-erde-aus-wie-auf-dem-mars\/"},"author":{"name":"michael.merz","@id":"https:\/\/www.organisator.ch\/#\/schema\/person\/134708ca9321c57b0362cceb7948ffbd"},"headline":"\u00abOhne Bakterien und Pilze s\u00e4he es auf der Erde aus wie auf dem Mars\u00bb","datePublished":"2019-11-12T09:22:55+00:00","dateModified":"2022-02-09T10:10:51+00:00","mainEntityOfPage":{"@id":"https:\/\/www.organisator.ch\/sustainability\/2019-11-12\/ohne-bakterien-und-pilze-saehe-es-auf-der-erde-aus-wie-auf-dem-mars\/"},"wordCount":575,"commentCount":0,"publisher":{"@id":"https:\/\/www.organisator.ch\/#organization"},"image":{"@id":"https:\/\/www.organisator.ch\/sustainability\/2019-11-12\/ohne-bakterien-und-pilze-saehe-es-auf-der-erde-aus-wie-auf-dem-mars\/#primaryimage"},"thumbnailUrl":"https:\/\/www.organisator.ch\/wp-content\/uploads\/2019\/11\/Pilze-scaled.jpg","keywords":["Agrar\u00f6kologie","Bakterien","Effizienz","N\u00e4hrstoffe","Pilze"],"articleSection":["SUSTAINABILITY"],"inLanguage":"it-IT"},{"@type":"WebPage","@id":"https:\/\/www.organisator.ch\/sustainability\/2019-11-12\/ohne-bakterien-und-pilze-saehe-es-auf-der-erde-aus-wie-auf-dem-mars\/","url":"https:\/\/www.organisator.ch\/sustainability\/2019-11-12\/ohne-bakterien-und-pilze-saehe-es-auf-der-erde-aus-wie-auf-dem-mars\/","name":"\"Senza batteri e funghi, la Terra assomiglierebbe a Marte\" - Organizzatore","isPartOf":{"@id":"https:\/\/www.organisator.ch\/#website"},"primaryImageOfPage":{"@id":"https:\/\/www.organisator.ch\/sustainability\/2019-11-12\/ohne-bakterien-und-pilze-saehe-es-auf-der-erde-aus-wie-auf-dem-mars\/#primaryimage"},"image":{"@id":"https:\/\/www.organisator.ch\/sustainability\/2019-11-12\/ohne-bakterien-und-pilze-saehe-es-auf-der-erde-aus-wie-auf-dem-mars\/#primaryimage"},"thumbnailUrl":"https:\/\/www.organisator.ch\/wp-content\/uploads\/2019\/11\/Pilze-scaled.jpg","datePublished":"2019-11-12T09:22:55+00:00","dateModified":"2022-02-09T10:10:51+00:00","description":"Migliaia di batteri e funghi lavorano insieme come un orologio per mantenere il suolo sano e promuovere la crescita delle piante.","breadcrumb":{"@id":"https:\/\/www.organisator.ch\/sustainability\/2019-11-12\/ohne-bakterien-und-pilze-saehe-es-auf-der-erde-aus-wie-auf-dem-mars\/#breadcrumb"},"inLanguage":"it-IT","potentialAction":[{"@type":"ReadAction","target":["https:\/\/www.organisator.ch\/sustainability\/2019-11-12\/ohne-bakterien-und-pilze-saehe-es-auf-der-erde-aus-wie-auf-dem-mars\/"]}]},{"@type":"ImageObject","inLanguage":"it-IT","@id":"https:\/\/www.organisator.ch\/sustainability\/2019-11-12\/ohne-bakterien-und-pilze-saehe-es-auf-der-erde-aus-wie-auf-dem-mars\/#primaryimage","url":"https:\/\/www.organisator.ch\/wp-content\/uploads\/2019\/11\/Pilze-scaled.jpg","contentUrl":"https:\/\/www.organisator.ch\/wp-content\/uploads\/2019\/11\/Pilze-scaled.jpg","width":2560,"height":1920,"caption":"Bis Kr\u00e4uter gedeihen k\u00f6nnen, besetzen die Bakterien- und Pilzarten jede Stelle gleich mehrmals. (Bild: agroscope)"},{"@type":"BreadcrumbList","@id":"https:\/\/www.organisator.ch\/sustainability\/2019-11-12\/ohne-bakterien-und-pilze-saehe-es-auf-der-erde-aus-wie-auf-dem-mars\/#breadcrumb","itemListElement":[{"@type":"ListItem","position":1,"name":"Home","item":"https:\/\/www.organisator.ch\/"},{"@type":"ListItem","position":2,"name":"\u00abOhne Bakterien und Pilze s\u00e4he es auf der Erde aus wie auf dem Mars\u00bb"}]},{"@type":"WebSite","@id":"https:\/\/www.organisator.ch\/#website","url":"https:\/\/www.organisator.ch\/","name":"Organizzatore","description":"Competente. Pratico. In 10 numeri all'anno, ORGANISATOR presenta i temi essenziali per i manager delle PMI.","publisher":{"@id":"https:\/\/www.organisator.ch\/#organization"},"potentialAction":[{"@type":"SearchAction","target":{"@type":"EntryPoint","urlTemplate":"https:\/\/www.organisator.ch\/?s={search_term_string}"},"query-input":{"@type":"PropertyValueSpecification","valueRequired":true,"valueName":"search_term_string"}}],"inLanguage":"it-IT"},{"@type":"Organization","@id":"https:\/\/www.organisator.ch\/#organization","name":"Organizzatore","url":"https:\/\/www.organisator.ch\/","logo":{"@type":"ImageObject","inLanguage":"it-IT","@id":"https:\/\/www.organisator.ch\/#\/schema\/logo\/image\/","url":"https:\/\/www.organisator.ch\/wp-content\/uploads\/2022\/01\/Logo_Organisator_Website.png","contentUrl":"https:\/\/www.organisator.ch\/wp-content\/uploads\/2022\/01\/Logo_Organisator_Website.png","width":800,"height":77,"caption":"Organisator"},"image":{"@id":"https:\/\/www.organisator.ch\/#\/schema\/logo\/image\/"},"sameAs":["https:\/\/www.facebook.com\/OrganisatorFachmagazin","https:\/\/www.linkedin.com\/showcase\/organisator-das-magazin-fr-kmu","https:\/\/www.xing.com\/news\/pages\/organisator-ch-695","https:\/\/www.youtube.com\/channel\/UCGP2Sq0iWaZwT3BdIAQFYpw"]},{"@type":"Person","@id":"https:\/\/www.organisator.ch\/#\/schema\/person\/134708ca9321c57b0362cceb7948ffbd","name":"michael.merz","image":{"@type":"ImageObject","inLanguage":"it-IT","@id":"https:\/\/secure.gravatar.com\/avatar\/?s=96&d=mm&r=g","url":"https:\/\/secure.gravatar.com\/avatar\/?s=96&d=mm&r=g","contentUrl":"https:\/\/secure.gravatar.com\/avatar\/?s=96&d=mm&r=g","caption":"michael.merz"},"url":"https:\/\/www.organisator.ch\/it\/author\/michael-merz\/"}]}},"_links":{"self":[{"href":"https:\/\/www.organisator.ch\/it\/wp-json\/wp\/v2\/posts\/10130","targetHints":{"allow":["GET"]}}],"collection":[{"href":"https:\/\/www.organisator.ch\/it\/wp-json\/wp\/v2\/posts"}],"about":[{"href":"https:\/\/www.organisator.ch\/it\/wp-json\/wp\/v2\/types\/post"}],"author":[{"embeddable":true,"href":"https:\/\/www.organisator.ch\/it\/wp-json\/wp\/v2\/users\/5"}],"replies":[{"embeddable":true,"href":"https:\/\/www.organisator.ch\/it\/wp-json\/wp\/v2\/comments?post=10130"}],"version-history":[{"count":1,"href":"https:\/\/www.organisator.ch\/it\/wp-json\/wp\/v2\/posts\/10130\/revisions"}],"predecessor-version":[{"id":11007,"href":"https:\/\/www.organisator.ch\/it\/wp-json\/wp\/v2\/posts\/10130\/revisions\/11007"}],"wp:featuredmedia":[{"embeddable":true,"href":"https:\/\/www.organisator.ch\/it\/wp-json\/wp\/v2\/media\/9654"}],"wp:attachment":[{"href":"https:\/\/www.organisator.ch\/it\/wp-json\/wp\/v2\/media?parent=10130"}],"wp:term":[{"taxonomy":"category","embeddable":true,"href":"https:\/\/www.organisator.ch\/it\/wp-json\/wp\/v2\/categories?post=10130"},{"taxonomy":"post_tag","embeddable":true,"href":"https:\/\/www.organisator.ch\/it\/wp-json\/wp\/v2\/tags?post=10130"}],"curies":[{"name":"wp","href":"https:\/\/api.w.org\/{rel}","templated":true}]}}