{"id":10131,"date":"2019-11-12T11:21:48","date_gmt":"2019-11-12T10:21:48","guid":{"rendered":"https:\/\/www.umweltperspektiven.ch\/?p=2615"},"modified":"2022-02-09T11:10:02","modified_gmt":"2022-02-09T10:10:02","slug":"was-wir-von-greta-thunberg-lernen-koennen","status":"publish","type":"post","link":"https:\/\/www.organisator.ch\/it\/sustainability\/2019-11-12\/was-wir-von-greta-thunberg-lernen-koennen\/","title":{"rendered":"Cosa possiamo imparare da Greta Thunberg"},"content":{"rendered":"<figure id=\"attachment_2617\" aria-describedby=\"caption-attachment-2617\" style=\"width: 680px\" class=\"wp-caption alignnone\"><img loading=\"lazy\" decoding=\"async\" class=\"size-medium wp-image-2617\" src=\"\/\/www.umweltperspektiven.ch\/wp-content\/uploads\/2019\/11\/Greta-Thunberg-Analyse-UP-Umwelt-Perspektiven-.jpg\" alt=\"\" width=\"680\" height=\"453\" \/><figcaption id=\"caption-attachment-2617\" class=\"wp-caption-text\">Non si pu\u00f2 difendere una buona causa da soli, ma lo si pu\u00f2 fare senza eco-narcisismo. (Immagine simbolo: Unsplash)<\/figcaption><\/figure>\n<p>Greta - cinque lettere, due sillabe, un nome sono sufficienti e milioni di persone sanno chi e cosa significa. E nel momento successivo avrete probabilmente gi\u00e0 sviluppato un'emozione verso la giovane donna con le due trecce e lo sguardo serio. Alle agenzie pubblicitarie pi\u00f9 professionali non resta che guardarla con invidia.<\/p>\n<p>Un testimonial che non \u00e8 n\u00e9 ingessato n\u00e9 molto pagato o che vanta un \"bonus celebrit\u00e0\" esistente di una vita passata sbiancata. 16 anni, segnato da una malattia, retoricamente mediocre e anche ancora senza una significativa rete di relazioni che potrebbe fornire una chiave per quasi ogni porta.<\/p>\n<p>Motivo sufficiente per riflettere sull'impatto comunicativo di Greta Thunberg come persona. Questa non \u00e8 n\u00e9 un'analisi del contenuto del suo lavoro n\u00e9 un apprezzamento delle sue idee, ma piuttosto una questione di ci\u00f2 che possiamo imparare da lei.<\/p>\n<p>Il fatto \u00e8 che ci sono molte opinioni su Greta e alcune di esse hanno probabilmente gi\u00e0 raggiunto il vostro livello di coscienza. Alcuni dicono: \"Questa \u00e8 un'eroina, finalmente qualcuno che scuote le cose\" e \"Sono assolutamente d'accordo con lei\". Altre voci si alzano con l'opinione che \"andrebbe a scuola pi\u00f9 saggiamente\". Oltre a queste affermazioni, che di solito sono in qualche modo tinte ideologicamente e allineate al proprio sistema di valori, ci sono anche gli incorreggibili feticisti della realt\u00e0 che dicono: \"Pu\u00f2 avere ragione, ma non pu\u00f2 ancora fare nulla per un clima migliore\". No, non pu\u00f2 davvero. Greta non siede alle leve del potere.<\/p>\n<p><strong>Sugli argomenti in generale\u00a0<\/strong><br \/>\nLa situazione \u00e8 abbastanza simile al mal di denti: se ne hai uno, non puoi curarlo da solo. Per questo, avete bisogno del dentista, che \u00e8 chiaramente in una posizione migliore per riparare le carie, e che ha anche le conoscenze e le attrezzature appropriate a portata di mano. Ma devi dirgli che hai mal di denti. \u00c8 meglio spiegargli esattamente dove fa male e per quanto tempo. E alla fine, nella migliore delle ipotesi, arriverete alla conclusione che dovreste mangiare meno cioccolato in futuro per evitare ulteriori conseguenze cos\u00ec devastanti, compreso il dolore.<\/p>\n<p>Il clima pu\u00f2 anche avere un mal di denti. Ma non tutti possono (o vogliono?) capire il linguaggio della natura - almeno non quelli che sono effettivamente gli specialisti politici, compresa la gestione. Questo richiede una voce.<\/p>\n<p><strong>Conclusione 1: Greta d\u00e0 voce a un problema<\/strong><br \/>\nSia nelle manifestazioni di Friday for Future che sulle schede elettorali, sia nelle conferenze e nei congressi o semplicemente durante una discussione con un vicino: Greta Thunberg \u00e8 presente, nella mente di molti e nel cuore di altri. \u00c8 una giovane personalit\u00e0 che ha sicuramente mosso un po' il mondo in pochi mesi.<\/p>\n<p>Non \u00e8 che il movimento per il clima sia nuovo. Ma finora \u00e8 mancato un volto. E senza volti, \u00e8 difficilmente possibile al giorno d'oggi trasmettere una storia, una visione, un'idea. Greta Thunberg serve la dinamica dei media e tutto ci\u00f2 che ha \"Greta\" nel titolo viene cliccato e piace. Anche se i commenti differiscono in termini di contenuto: Greta serve il principio dell'influencer e si rivolge a grandi cerchie di persone.<\/p>\n<p><strong>Conclusione 2: Greta d\u00e0 un volto a un movimento<\/strong><br \/>\nIn sostanza, la contraddizione non potrebbe essere pi\u00f9 evidente: Greta Thunberg soffre della sindrome di Asperger. Questo \u00e8 associato a limitazioni nell'interazione sociale e nella comunicazione. Cosa fa? Va tra le persone presumibilmente importanti e comunica, parla, si articola in modo spietato. Fa esattamente quello che qualsiasi allenatore o consulente di carriera ragionevolmente professionale consiglierebbe di non fare. Lo sappiamo tutti:<\/p>\n<p>I giocatori di basket sono alti, i saltatori con gli sci sono leggeri e gli oratori sono eloquenti. Eppure la storia ci insegna che le cose possono essere diverse. Proprio come Greta. Ci mostra cosa ci vuole: una volont\u00e0 incontenibile, una spinta interiore, una vera missione e il fatto di essere ispirati da un'idea. Emana una resistenza incredibile.<\/p>\n<p>Avrebbe mille e pi\u00f9 ragioni per non fare quello che sta facendo o per fermarsi. Lo smorgasbord di limitazioni fisiche, ostilit\u00e0 e battibecchi interni sarebbe sufficiente per trovare una scusa adeguata. Ma invece lei \u00e8 testarda e concentrata sui suoi obiettivi.<\/p>\n<p><strong>Conclusione 3: Greta ha un potere duraturo<\/strong><br \/>\n\u00c8 un segreto aperto: non tutto nelle produzioni mediatiche \u00e8 basato sulle idee di Greta. Ha dei consiglieri e ascolta quelli che sanno meglio di lei su alcune cose. Molti capi si vantano di non ascoltare i consiglieri perch\u00e9 ne sanno abbastanza da soli. Dovrebbero essere avvisati: Se avete mal di denti (vedi sopra), andate dal dentista, perch\u00e9 \u00e8 lo specialista.<br \/>\nI buoni consiglieri sono buoni partner di discussione e una fonte di ispirazione. La maggior parte degli esperti porta una visione da elicottero senza paraocchi. La selezione fa la differenza e l'arte \u00e8 quella di tenere fuori i consulenti meno rispettabili, i saccenti e tutti quelli che non hanno idea della pratica e di coinvolgere i veri specialisti.<\/p>\n<p>Le persone in varie professioni sanno anche lavorare con buoni consulenti o allenatori, ascoltare attentamente e prendere le informazioni o implementare i cambiamenti che hanno senso.<\/p>\n<p><strong>Conclusione 4: Greta si lascia aiutare<\/strong><br \/>\nLe persone dell'ambiente di Greta sono d'accordo: lo studente \u00e8 intrinsecamente motivato. In altre parole, agisce per una forte spinta interiore. La sedicenne Greta Thunberg pu\u00f2 essere uno stimolo a riflettere sulla propria motivazione, per esempio riguardo al lavoro o alla vita privata.<\/p>\n<p><strong>Conclusione 5: Greta agisce per motivazione intrinseca<\/strong><br \/>\nTuttavia, vale anche la pena di delimitare alcune cose. Greta non pu\u00f2 e non deve essere copiata o elevata allo status di santa. \u00c8 un vero modello di comportamento sotto molti aspetti. Ma ci sono anche argomenti che incoraggiano ad essere piuttosto cauti.<\/p>\n<p>In questi giorni, le chiare differenze culturali tra l'Europa e gli Stati Uniti sono ancora una volta evidenti. In questo paese, Greta polarizza, ma viene notata e scatena dibattiti su tutti i lati possibili. Chiunque dica Greta significa qualcosa sul cambiamento climatico. In America, invece, \u00e8 diverso. Un conoscente degli Stati Uniti mi ha detto recentemente che Greta Thunberg non fa quasi mai notizia.<\/p>\n<p>La situazione \u00e8 ben diversa, per esempio, con un ex assistente presidenziale che si unisce alla folla illustre di ex membri dello staff di Donald Trump. Ha detto a un giornalista alcune cose sui figli adulti e presumibilmente maleducati di Trump. Benvenuto nei media, qualcosa del genere \u00e8 presente e ha una portata corrispondente. Negli Stati Uniti, se chiedi \"Conosci Greta Thunberg?\" la risposta \u00e8 \"No - chi \u00e8 questa?\".<\/p>\n<p>Chiunque aggiunga poi qualcosa come \"sta lottando per il clima\" pu\u00f2 essere accolto da una contro-domanda come \"Ah, quindi lei guida anche Tesla?<\/p>\n<p>L'analisi della comunicazione riguarda sempre l'aspetto che la comunicazione deve essere orientata al destinatario. Al momento non sono sicuro che quello che Greta Thunberg fa in Europa funzioni anche in America. Per dirla in modo del tutto non giudicante: La protezione dell'ambiente e del clima \u00e8 pi\u00f9 ideologica nel vecchio continente, pi\u00f9 vicina al proprio sistema di valori e al comportamento personale. Nel mondo d'oltreoceano, le discussioni sfociano molto rapidamente in un dibattito tecnico - che non \u00e8 n\u00e9 meglio n\u00e9 peggio. Dopo tutto, le marmitte catalitiche erano obbligatorie negli Stati Uniti alcuni anni prima che in Europa.<\/p>\n<p><strong>Conclusione 6: Greta funziona - la domanda \u00e8 solo dove e come<\/strong><br \/>\nSe il viaggio in barca a vela di Greta attraverso l'Atlantico, per esempio, sia stata una mossa intelligente \u00e8 discutibile. Una campagna originariamente ben intenzionata \u00e8 letteralmente sfuggita di mano a volte grazie allo sfruttamento dei media. La discussione \u00e8 iniziata con domande legittime su dove venivano i loro compagni e se arrivavano e partivano in aereo. I media hanno improvvisamente speculato sul fatto che ci fosse una toilette sullo yacht - con lo spiacevole effetto collaterale che la vera ragione di questo viaggio \u00e8 passata in secondo piano.<\/p>\n<p>E ogni tanto, qualche giornalista fa il calcolo che quello che sta facendo ora pu\u00f2 richiedere pi\u00f9 CO2 che se non l'avesse fatto. In queste circostanze, sarebbe stato pi\u00f9 intelligente salire su un aereo con suo padre, non fare un gran casino e concentrarsi sulla sua apparizione e sui messaggi all'Assemblea Generale delle Nazioni Unite.<\/p>\n<p>Chiunque veda quanto spesso Greta Thunberg \u00e8 la ragazza di copertina delle riviste di oggi deve rendersi conto: Non di rado, i titoli e i media non hanno nulla a che fare con i loro obiettivi. L'idea originale, cio\u00e8 dare un volto alla storia, \u00e8 finita attraverso l'esagerazione mediatica dove si tratta solo del volto e non pi\u00f9 della materia. Quanto spesso si tratta della pura messa in scena e non pi\u00f9 dei fatti reali o della missione? Qualcuno vuole brillare soprattutto alla luce dei riflettori? Le intenzioni, spesso nobili, si perdono di vista per questo? Questo pu\u00f2 succedere, ma allora \u00e8 tutt'altro che intenzionale.<\/p>\n<p>Se si tratta solo di puro marketing, l'obiettivo perde. Questo \u00e8 lo stesso per un personaggio pubblico come per un'azienda. Soprattutto nelle grandi aziende, ci sono spesso abbastanza manager che hanno un solo obiettivo: finire un gradino pi\u00f9 in alto nella prossima riorganizzazione quando le carte vengono ridistribuite. Questo non ha niente a che vedere con l'impegno per il bene dell'azienda, \u00e8 il commercio fine a se stesso. E questo non \u00e8 un bene per Greta - o per qualsiasi capo.<\/p>\n<p><strong>Conclusione 7: Greta deve stare attenta a non perdere la sua misura<\/strong><br \/>\nLontano dallo sguardo critico: Chiunque voglia pu\u00f2 imparare qualcosa da chiunque - e da Greta Thunberg anche un po' di pi\u00f9. Per concludere l'apprendimento positivo sulla base della sua persona, dopo i suddetti aspetti ce n'\u00e8 un altro decisivo: lei fa! Dal know-how al do-how! Non si limita a parlare in modo intelligente, ma si fa carico di un sacco di inconvenienti. Si presenta, fa discorsi, \u00e8 sul posto, suscita conflitti e cerca di risolverli di nuovo.<\/p>\n<p>C'\u00e8 molto da dire sulle loro attivit\u00e0 - e in tutto questo, le loro azioni sono ancora le pi\u00f9 importanti. Una cosa dovrebbe essere chiara per noi: Greta Thunberg non salver\u00e0 il clima. Ma dimostra che \u00e8 possibile rimanere coerenti sul proprio tema. Tutti dovrebbero ricordarsi di questo quando si trovano nel loop del \"dovrei fare\".<\/p>\n<p>A proposito: date un'altra occhiata da vicino al nome, le singole lettere G-R-E-T-A lasciano molto spazio all'interpretazione. Non per niente la parola GREAT pu\u00f2 essere creata da una piccola riorganizzazione - e questo \u00e8 ci\u00f2 che l'America desidera in questo momento...<\/p>\n<p><a href=\"\/\/stefan-haeseli.com\/\">www.stefan-haeseli.com<\/a><\/p>","protected":false},"excerpt":{"rendered":"<p>Greta &#8211; f\u00fcnf Buchstaben, zwei Silben, ein Vorname gen\u00fcgen und Millionen von Menschen wissen, wer und was gemeint ist. Und im n\u00e4chsten Augenblick haben Sie dazu vermutlich auch schon eine Emotion entwickelt, gegen\u00fcber der jungen Frau mit den zwei Z\u00f6pfen und dem ernsten Blick. Da bleibt eingespurten und professionellsten Werbeagenturen nur noch das Augenwasser des [&hellip;]<\/p>\n","protected":false},"author":5,"featured_media":9655,"comment_status":"open","ping_status":"open","sticky":false,"template":"","format":"standard","meta":{"_acf_changed":false,"_yoast_wpseo_focuskw":"Greta Thunberg","_yoast_wpseo_metadesc":"Greta Thunberg: Sie wird von manchen als heilige Prophetin bezeichnet, von anderen als Hype-Ikone. Eine Rhetorik-Analyse.","articlekey":"","footnotes":""},"categories":[580],"tags":[705,183,2016,2302],"class_list":["post-10131","post","type-post","status-publish","format-standard","has-post-thumbnail","hentry","category-sustainability","tag-analyse","tag-ethik","tag-rhetorik","tag-thunberg"],"acf":[],"yoast_head":"<!-- This site is optimized with the Yoast SEO plugin v27.5 - https:\/\/yoast.com\/product\/yoast-seo-wordpress\/ -->\n<title>Was wir von Greta Thunberg lernen k\u00f6nnen - Organisator<\/title>\n<meta name=\"description\" content=\"Greta Thunberg: Sie wird von manchen als heilige Prophetin bezeichnet, von anderen als Hype-Ikone. Eine Rhetorik-Analyse.\" \/>\n<meta name=\"robots\" content=\"index, follow, max-snippet:-1, max-image-preview:large, max-video-preview:-1\" \/>\n<link rel=\"canonical\" href=\"https:\/\/www.organisator.ch\/it\/sostenibilita\/2019-11-12\/was-wir-von-greta-thunberg-lernen-koennen\/\" \/>\n<meta property=\"og:locale\" content=\"it_IT\" \/>\n<meta property=\"og:type\" content=\"article\" \/>\n<meta property=\"og:title\" content=\"Was wir von Greta Thunberg lernen k\u00f6nnen - Organisator\" \/>\n<meta property=\"og:description\" content=\"Greta Thunberg: Sie wird von manchen als heilige Prophetin bezeichnet, von anderen als Hype-Ikone. Eine Rhetorik-Analyse.\" \/>\n<meta property=\"og:url\" content=\"https:\/\/www.organisator.ch\/it\/sostenibilita\/2019-11-12\/was-wir-von-greta-thunberg-lernen-koennen\/\" \/>\n<meta property=\"og:site_name\" content=\"Organisator\" \/>\n<meta property=\"article:publisher\" content=\"https:\/\/www.facebook.com\/OrganisatorFachmagazin\" \/>\n<meta property=\"article:published_time\" content=\"2019-11-12T10:21:48+00:00\" \/>\n<meta property=\"article:modified_time\" content=\"2022-02-09T10:10:02+00:00\" \/>\n<meta property=\"og:image\" content=\"https:\/\/www.organisator.ch\/wp-content\/uploads\/2019\/11\/Greta-Thunberg-Analyse-UP-Umwelt-Perspektiven--1024x682.jpg\" \/>\n\t<meta property=\"og:image:width\" content=\"1024\" \/>\n\t<meta property=\"og:image:height\" content=\"682\" \/>\n\t<meta property=\"og:image:type\" content=\"image\/jpeg\" \/>\n<meta name=\"author\" content=\"michael.merz\" \/>\n<meta name=\"twitter:card\" content=\"summary_large_image\" \/>\n<script type=\"application\/ld+json\" class=\"yoast-schema-graph\">{\"@context\":\"https:\\\/\\\/schema.org\",\"@graph\":[{\"@type\":\"Article\",\"@id\":\"https:\\\/\\\/www.organisator.ch\\\/sustainability\\\/2019-11-12\\\/was-wir-von-greta-thunberg-lernen-koennen\\\/#article\",\"isPartOf\":{\"@id\":\"https:\\\/\\\/www.organisator.ch\\\/sustainability\\\/2019-11-12\\\/was-wir-von-greta-thunberg-lernen-koennen\\\/\"},\"author\":{\"name\":\"michael.merz\",\"@id\":\"https:\\\/\\\/www.organisator.ch\\\/#\\\/schema\\\/person\\\/134708ca9321c57b0362cceb7948ffbd\"},\"headline\":\"Was wir von Greta Thunberg lernen k\u00f6nnen\",\"datePublished\":\"2019-11-12T10:21:48+00:00\",\"dateModified\":\"2022-02-09T10:10:02+00:00\",\"mainEntityOfPage\":{\"@id\":\"https:\\\/\\\/www.organisator.ch\\\/sustainability\\\/2019-11-12\\\/was-wir-von-greta-thunberg-lernen-koennen\\\/\"},\"wordCount\":1811,\"commentCount\":0,\"publisher\":{\"@id\":\"https:\\\/\\\/www.organisator.ch\\\/#organization\"},\"image\":{\"@id\":\"https:\\\/\\\/www.organisator.ch\\\/sustainability\\\/2019-11-12\\\/was-wir-von-greta-thunberg-lernen-koennen\\\/#primaryimage\"},\"thumbnailUrl\":\"https:\\\/\\\/www.organisator.ch\\\/wp-content\\\/uploads\\\/2019\\\/11\\\/Greta-Thunberg-Analyse-UP-Umwelt-Perspektiven-.jpg\",\"keywords\":[\"Analyse\",\"Ethik\",\"Rhetorik\",\"Thunberg\"],\"articleSection\":[\"SUSTAINABILITY\"],\"inLanguage\":\"it-IT\"},{\"@type\":\"WebPage\",\"@id\":\"https:\\\/\\\/www.organisator.ch\\\/sustainability\\\/2019-11-12\\\/was-wir-von-greta-thunberg-lernen-koennen\\\/\",\"url\":\"https:\\\/\\\/www.organisator.ch\\\/sustainability\\\/2019-11-12\\\/was-wir-von-greta-thunberg-lernen-koennen\\\/\",\"name\":\"Was wir von Greta Thunberg lernen k\u00f6nnen - Organisator\",\"isPartOf\":{\"@id\":\"https:\\\/\\\/www.organisator.ch\\\/#website\"},\"primaryImageOfPage\":{\"@id\":\"https:\\\/\\\/www.organisator.ch\\\/sustainability\\\/2019-11-12\\\/was-wir-von-greta-thunberg-lernen-koennen\\\/#primaryimage\"},\"image\":{\"@id\":\"https:\\\/\\\/www.organisator.ch\\\/sustainability\\\/2019-11-12\\\/was-wir-von-greta-thunberg-lernen-koennen\\\/#primaryimage\"},\"thumbnailUrl\":\"https:\\\/\\\/www.organisator.ch\\\/wp-content\\\/uploads\\\/2019\\\/11\\\/Greta-Thunberg-Analyse-UP-Umwelt-Perspektiven-.jpg\",\"datePublished\":\"2019-11-12T10:21:48+00:00\",\"dateModified\":\"2022-02-09T10:10:02+00:00\",\"description\":\"Greta Thunberg: Sie wird von manchen als heilige Prophetin bezeichnet, von anderen als Hype-Ikone. Eine Rhetorik-Analyse.\",\"breadcrumb\":{\"@id\":\"https:\\\/\\\/www.organisator.ch\\\/sustainability\\\/2019-11-12\\\/was-wir-von-greta-thunberg-lernen-koennen\\\/#breadcrumb\"},\"inLanguage\":\"it-IT\",\"potentialAction\":[{\"@type\":\"ReadAction\",\"target\":[\"https:\\\/\\\/www.organisator.ch\\\/sustainability\\\/2019-11-12\\\/was-wir-von-greta-thunberg-lernen-koennen\\\/\"]}]},{\"@type\":\"ImageObject\",\"inLanguage\":\"it-IT\",\"@id\":\"https:\\\/\\\/www.organisator.ch\\\/sustainability\\\/2019-11-12\\\/was-wir-von-greta-thunberg-lernen-koennen\\\/#primaryimage\",\"url\":\"https:\\\/\\\/www.organisator.ch\\\/wp-content\\\/uploads\\\/2019\\\/11\\\/Greta-Thunberg-Analyse-UP-Umwelt-Perspektiven-.jpg\",\"contentUrl\":\"https:\\\/\\\/www.organisator.ch\\\/wp-content\\\/uploads\\\/2019\\\/11\\\/Greta-Thunberg-Analyse-UP-Umwelt-Perspektiven-.jpg\",\"width\":1732,\"height\":1154,\"caption\":\"Sich f\u00fcr eine gute Sache einsetzen kann man nicht alleine, aber man kann es ohne Eco-Narzissmus. (Symbolbild: Unsplash)\"},{\"@type\":\"BreadcrumbList\",\"@id\":\"https:\\\/\\\/www.organisator.ch\\\/sustainability\\\/2019-11-12\\\/was-wir-von-greta-thunberg-lernen-koennen\\\/#breadcrumb\",\"itemListElement\":[{\"@type\":\"ListItem\",\"position\":1,\"name\":\"Home\",\"item\":\"https:\\\/\\\/www.organisator.ch\\\/\"},{\"@type\":\"ListItem\",\"position\":2,\"name\":\"Was wir von Greta Thunberg lernen k\u00f6nnen\"}]},{\"@type\":\"WebSite\",\"@id\":\"https:\\\/\\\/www.organisator.ch\\\/#website\",\"url\":\"https:\\\/\\\/www.organisator.ch\\\/\",\"name\":\"Organisator\",\"description\":\"Kompetent. Praxisnah. Der ORGANISATOR bereitet in 10 Ausgaben pro Jahr die wesentlichen Themen f\u00fcr F\u00fchrungskr\u00e4fte von KMU auf.\",\"publisher\":{\"@id\":\"https:\\\/\\\/www.organisator.ch\\\/#organization\"},\"potentialAction\":[{\"@type\":\"SearchAction\",\"target\":{\"@type\":\"EntryPoint\",\"urlTemplate\":\"https:\\\/\\\/www.organisator.ch\\\/?s={search_term_string}\"},\"query-input\":{\"@type\":\"PropertyValueSpecification\",\"valueRequired\":true,\"valueName\":\"search_term_string\"}}],\"inLanguage\":\"it-IT\"},{\"@type\":\"Organization\",\"@id\":\"https:\\\/\\\/www.organisator.ch\\\/#organization\",\"name\":\"Organisator\",\"url\":\"https:\\\/\\\/www.organisator.ch\\\/\",\"logo\":{\"@type\":\"ImageObject\",\"inLanguage\":\"it-IT\",\"@id\":\"https:\\\/\\\/www.organisator.ch\\\/#\\\/schema\\\/logo\\\/image\\\/\",\"url\":\"https:\\\/\\\/www.organisator.ch\\\/wp-content\\\/uploads\\\/2022\\\/01\\\/Logo_Organisator_Website.png\",\"contentUrl\":\"https:\\\/\\\/www.organisator.ch\\\/wp-content\\\/uploads\\\/2022\\\/01\\\/Logo_Organisator_Website.png\",\"width\":800,\"height\":77,\"caption\":\"Organisator\"},\"image\":{\"@id\":\"https:\\\/\\\/www.organisator.ch\\\/#\\\/schema\\\/logo\\\/image\\\/\"},\"sameAs\":[\"https:\\\/\\\/www.facebook.com\\\/OrganisatorFachmagazin\",\"https:\\\/\\\/www.linkedin.com\\\/showcase\\\/organisator-das-magazin-fr-kmu\",\"https:\\\/\\\/www.xing.com\\\/news\\\/pages\\\/organisator-ch-695\",\"https:\\\/\\\/www.youtube.com\\\/channel\\\/UCGP2Sq0iWaZwT3BdIAQFYpw\"]},{\"@type\":\"Person\",\"@id\":\"https:\\\/\\\/www.organisator.ch\\\/#\\\/schema\\\/person\\\/134708ca9321c57b0362cceb7948ffbd\",\"name\":\"michael.merz\",\"image\":{\"@type\":\"ImageObject\",\"inLanguage\":\"it-IT\",\"@id\":\"https:\\\/\\\/secure.gravatar.com\\\/avatar\\\/?s=96&d=mm&r=g\",\"url\":\"https:\\\/\\\/secure.gravatar.com\\\/avatar\\\/?s=96&d=mm&r=g\",\"contentUrl\":\"https:\\\/\\\/secure.gravatar.com\\\/avatar\\\/?s=96&d=mm&r=g\",\"caption\":\"michael.merz\"},\"url\":\"https:\\\/\\\/www.organisator.ch\\\/it\\\/author\\\/michael-merz\\\/\"}]}<\/script>\n<!-- \/ Yoast SEO plugin. -->","yoast_head_json":{"title":"Cosa possiamo imparare da Greta Thunberg - Organizzatore","description":"Greta Thunberg: \u00e8 chiamata da alcuni un santo profeta, da altri un'icona del clamore. Un'analisi retorica.","robots":{"index":"index","follow":"follow","max-snippet":"max-snippet:-1","max-image-preview":"max-image-preview:large","max-video-preview":"max-video-preview:-1"},"canonical":"https:\/\/www.organisator.ch\/it\/sostenibilita\/2019-11-12\/was-wir-von-greta-thunberg-lernen-koennen\/","og_locale":"it_IT","og_type":"article","og_title":"Was wir von Greta Thunberg lernen k\u00f6nnen - Organisator","og_description":"Greta Thunberg: Sie wird von manchen als heilige Prophetin bezeichnet, von anderen als Hype-Ikone. Eine Rhetorik-Analyse.","og_url":"https:\/\/www.organisator.ch\/it\/sostenibilita\/2019-11-12\/was-wir-von-greta-thunberg-lernen-koennen\/","og_site_name":"Organisator","article_publisher":"https:\/\/www.facebook.com\/OrganisatorFachmagazin","article_published_time":"2019-11-12T10:21:48+00:00","article_modified_time":"2022-02-09T10:10:02+00:00","og_image":[{"width":1024,"height":682,"url":"https:\/\/www.organisator.ch\/wp-content\/uploads\/2019\/11\/Greta-Thunberg-Analyse-UP-Umwelt-Perspektiven--1024x682.jpg","type":"image\/jpeg"}],"author":"michael.merz","twitter_card":"summary_large_image","schema":{"@context":"https:\/\/schema.org","@graph":[{"@type":"Article","@id":"https:\/\/www.organisator.ch\/sustainability\/2019-11-12\/was-wir-von-greta-thunberg-lernen-koennen\/#article","isPartOf":{"@id":"https:\/\/www.organisator.ch\/sustainability\/2019-11-12\/was-wir-von-greta-thunberg-lernen-koennen\/"},"author":{"name":"michael.merz","@id":"https:\/\/www.organisator.ch\/#\/schema\/person\/134708ca9321c57b0362cceb7948ffbd"},"headline":"Was wir von Greta Thunberg lernen k\u00f6nnen","datePublished":"2019-11-12T10:21:48+00:00","dateModified":"2022-02-09T10:10:02+00:00","mainEntityOfPage":{"@id":"https:\/\/www.organisator.ch\/sustainability\/2019-11-12\/was-wir-von-greta-thunberg-lernen-koennen\/"},"wordCount":1811,"commentCount":0,"publisher":{"@id":"https:\/\/www.organisator.ch\/#organization"},"image":{"@id":"https:\/\/www.organisator.ch\/sustainability\/2019-11-12\/was-wir-von-greta-thunberg-lernen-koennen\/#primaryimage"},"thumbnailUrl":"https:\/\/www.organisator.ch\/wp-content\/uploads\/2019\/11\/Greta-Thunberg-Analyse-UP-Umwelt-Perspektiven-.jpg","keywords":["Analyse","Ethik","Rhetorik","Thunberg"],"articleSection":["SUSTAINABILITY"],"inLanguage":"it-IT"},{"@type":"WebPage","@id":"https:\/\/www.organisator.ch\/sustainability\/2019-11-12\/was-wir-von-greta-thunberg-lernen-koennen\/","url":"https:\/\/www.organisator.ch\/sustainability\/2019-11-12\/was-wir-von-greta-thunberg-lernen-koennen\/","name":"Cosa possiamo imparare da Greta Thunberg - Organizzatore","isPartOf":{"@id":"https:\/\/www.organisator.ch\/#website"},"primaryImageOfPage":{"@id":"https:\/\/www.organisator.ch\/sustainability\/2019-11-12\/was-wir-von-greta-thunberg-lernen-koennen\/#primaryimage"},"image":{"@id":"https:\/\/www.organisator.ch\/sustainability\/2019-11-12\/was-wir-von-greta-thunberg-lernen-koennen\/#primaryimage"},"thumbnailUrl":"https:\/\/www.organisator.ch\/wp-content\/uploads\/2019\/11\/Greta-Thunberg-Analyse-UP-Umwelt-Perspektiven-.jpg","datePublished":"2019-11-12T10:21:48+00:00","dateModified":"2022-02-09T10:10:02+00:00","description":"Greta Thunberg: \u00e8 chiamata da alcuni un santo profeta, da altri un'icona del clamore. Un'analisi retorica.","breadcrumb":{"@id":"https:\/\/www.organisator.ch\/sustainability\/2019-11-12\/was-wir-von-greta-thunberg-lernen-koennen\/#breadcrumb"},"inLanguage":"it-IT","potentialAction":[{"@type":"ReadAction","target":["https:\/\/www.organisator.ch\/sustainability\/2019-11-12\/was-wir-von-greta-thunberg-lernen-koennen\/"]}]},{"@type":"ImageObject","inLanguage":"it-IT","@id":"https:\/\/www.organisator.ch\/sustainability\/2019-11-12\/was-wir-von-greta-thunberg-lernen-koennen\/#primaryimage","url":"https:\/\/www.organisator.ch\/wp-content\/uploads\/2019\/11\/Greta-Thunberg-Analyse-UP-Umwelt-Perspektiven-.jpg","contentUrl":"https:\/\/www.organisator.ch\/wp-content\/uploads\/2019\/11\/Greta-Thunberg-Analyse-UP-Umwelt-Perspektiven-.jpg","width":1732,"height":1154,"caption":"Sich f\u00fcr eine gute Sache einsetzen kann man nicht alleine, aber man kann es ohne Eco-Narzissmus. (Symbolbild: Unsplash)"},{"@type":"BreadcrumbList","@id":"https:\/\/www.organisator.ch\/sustainability\/2019-11-12\/was-wir-von-greta-thunberg-lernen-koennen\/#breadcrumb","itemListElement":[{"@type":"ListItem","position":1,"name":"Home","item":"https:\/\/www.organisator.ch\/"},{"@type":"ListItem","position":2,"name":"Was wir von Greta Thunberg lernen k\u00f6nnen"}]},{"@type":"WebSite","@id":"https:\/\/www.organisator.ch\/#website","url":"https:\/\/www.organisator.ch\/","name":"Organizzatore","description":"Competente. Pratico. In 10 numeri all'anno, ORGANISATOR presenta i temi essenziali per i manager delle PMI.","publisher":{"@id":"https:\/\/www.organisator.ch\/#organization"},"potentialAction":[{"@type":"SearchAction","target":{"@type":"EntryPoint","urlTemplate":"https:\/\/www.organisator.ch\/?s={search_term_string}"},"query-input":{"@type":"PropertyValueSpecification","valueRequired":true,"valueName":"search_term_string"}}],"inLanguage":"it-IT"},{"@type":"Organization","@id":"https:\/\/www.organisator.ch\/#organization","name":"Organizzatore","url":"https:\/\/www.organisator.ch\/","logo":{"@type":"ImageObject","inLanguage":"it-IT","@id":"https:\/\/www.organisator.ch\/#\/schema\/logo\/image\/","url":"https:\/\/www.organisator.ch\/wp-content\/uploads\/2022\/01\/Logo_Organisator_Website.png","contentUrl":"https:\/\/www.organisator.ch\/wp-content\/uploads\/2022\/01\/Logo_Organisator_Website.png","width":800,"height":77,"caption":"Organisator"},"image":{"@id":"https:\/\/www.organisator.ch\/#\/schema\/logo\/image\/"},"sameAs":["https:\/\/www.facebook.com\/OrganisatorFachmagazin","https:\/\/www.linkedin.com\/showcase\/organisator-das-magazin-fr-kmu","https:\/\/www.xing.com\/news\/pages\/organisator-ch-695","https:\/\/www.youtube.com\/channel\/UCGP2Sq0iWaZwT3BdIAQFYpw"]},{"@type":"Person","@id":"https:\/\/www.organisator.ch\/#\/schema\/person\/134708ca9321c57b0362cceb7948ffbd","name":"michael.merz","image":{"@type":"ImageObject","inLanguage":"it-IT","@id":"https:\/\/secure.gravatar.com\/avatar\/?s=96&d=mm&r=g","url":"https:\/\/secure.gravatar.com\/avatar\/?s=96&d=mm&r=g","contentUrl":"https:\/\/secure.gravatar.com\/avatar\/?s=96&d=mm&r=g","caption":"michael.merz"},"url":"https:\/\/www.organisator.ch\/it\/author\/michael-merz\/"}]}},"_links":{"self":[{"href":"https:\/\/www.organisator.ch\/it\/wp-json\/wp\/v2\/posts\/10131","targetHints":{"allow":["GET"]}}],"collection":[{"href":"https:\/\/www.organisator.ch\/it\/wp-json\/wp\/v2\/posts"}],"about":[{"href":"https:\/\/www.organisator.ch\/it\/wp-json\/wp\/v2\/types\/post"}],"author":[{"embeddable":true,"href":"https:\/\/www.organisator.ch\/it\/wp-json\/wp\/v2\/users\/5"}],"replies":[{"embeddable":true,"href":"https:\/\/www.organisator.ch\/it\/wp-json\/wp\/v2\/comments?post=10131"}],"version-history":[{"count":1,"href":"https:\/\/www.organisator.ch\/it\/wp-json\/wp\/v2\/posts\/10131\/revisions"}],"predecessor-version":[{"id":10865,"href":"https:\/\/www.organisator.ch\/it\/wp-json\/wp\/v2\/posts\/10131\/revisions\/10865"}],"wp:featuredmedia":[{"embeddable":true,"href":"https:\/\/www.organisator.ch\/it\/wp-json\/wp\/v2\/media\/9655"}],"wp:attachment":[{"href":"https:\/\/www.organisator.ch\/it\/wp-json\/wp\/v2\/media?parent=10131"}],"wp:term":[{"taxonomy":"category","embeddable":true,"href":"https:\/\/www.organisator.ch\/it\/wp-json\/wp\/v2\/categories?post=10131"},{"taxonomy":"post_tag","embeddable":true,"href":"https:\/\/www.organisator.ch\/it\/wp-json\/wp\/v2\/tags?post=10131"}],"curies":[{"name":"wp","href":"https:\/\/api.w.org\/{rel}","templated":true}]}}