{"id":10136,"date":"2019-11-27T17:33:32","date_gmt":"2019-11-27T16:33:32","guid":{"rendered":"https:\/\/www.umweltperspektiven.ch\/?p=2654"},"modified":"2019-11-27T17:33:32","modified_gmt":"2019-11-27T16:33:32","slug":"senkrechte-solaranlagen-ergaenzen-gruendaecher","status":"publish","type":"post","link":"https:\/\/www.organisator.ch\/it\/allgemein\/2019-11-27\/senkrechte-solaranlagen-ergaenzen-gruendaecher\/","title":{"rendered":"I sistemi solari verticali completano i tetti verdi"},"content":{"rendered":"<p class=\"bodytext\">Im vergangenen Jahr haben Forscher der Z\u00fcrcher Hochschule f\u00fcr Angewandte Wissenschaften (<a href=\"\/\/www.zhaw.ch\/de\/hochschule\/\" target=\"_blank\" rel=\"noopener\">ZHAW<\/a>) eine senkrecht stehende Solaranlage auf dem Flachdach der Winterthurer Seniorenresidenz Eichgut installiert.<\/p>\n<figure id=\"attachment_2655\" aria-describedby=\"caption-attachment-2655\" style=\"width: 426px\" class=\"wp-caption alignnone\"><img loading=\"lazy\" decoding=\"async\" class=\"size-full wp-image-2655\" src=\"\/\/www.umweltperspektiven.ch\/wp-content\/uploads\/2019\/11\/senkrechterolar-UP_Umwelt-Perspektiven.jpg\" alt=\"\" width=\"426\" height=\"283\" \/><figcaption id=\"caption-attachment-2655\" class=\"wp-caption-text\">Dank senkrechten Solarmodulen k\u00f6nnen Pflanzen auf D\u00e4chern gut neben Solaranlagen gedeihen. (Bild: ZHAW)<\/figcaption><\/figure>\n<p class=\"bodytext\">Dort wurden die beidseitig aktiven Solarmodule \u00fcber ein Jahr in Kombination mit einem Gr\u00fcndach getestet, informiert die ZHAW in einer\u00a0<a href=\"\/\/www.zhaw.ch\/de\/medien\/medienmitteilungen\/detailansicht-medienmitteilung\/news-single\/senkrechte-solaranlage-und-kuehlendes-gruendach-ergaenzen-sich-ideal\/\" target=\"_blank\" rel=\"noopener\">Mitteilung<\/a>. \u201eDie Langzeitmessungen haben gezeigt, dass der Stromertrag pro installierter Modulleistung kaum von Standardanlagen mit nach S\u00fcden ausgerichteten, einseitigen Modulen abweicht\u201c, wird Hartmut Nussbaumer vom\u00a0<a href=\"\/\/www.zhaw.ch\/de\/engineering\/institute-zentren\/iefe\/\" target=\"_blank\" rel=\"noopener\">ZHAW-Institut f\u00fcr Energiesysteme und Fluid-Engineering<\/a>\u00a0dort zitiert. Konkret werfen die nach Osten und Westen ausgerichteten senkrechten Solarmodule rund 940 Kilowattstunden pro Kilowatt-Peak ab. Einseitige, nach S\u00fcden ausgerichtete Module bringen es auf rund 1050 Kilowattstunden pro Kilowatt-Peak.<\/p>\n<p class=\"bodytext\">Bei nach S\u00fcden ausgerichteten Solaranlagen wird der meiste Strom zudem in der Mittagszeit produziert. Die senkrechten Solarmodule hingegen arbeiten vor allem morgens und abends auf Hochtouren. Solcher in Randzeiten erzeugte Strom k\u00f6nnte bei steigendem Anteil von Solarstrom im\u00a0Netz \u201ek\u00fcnftig teuer verkauft werden\u201c, prognostizieren die Wissenschaftler.<\/p>\n<p class=\"bodytext\">Im Feldversuch der ZHAW wurde der Einsatz der Module in Kombination mit einem Gr\u00fcndach getestet. Ein Gr\u00fcndach \u201everbessert die Luftqualit\u00e4t, senkt im Sommer die Raumtemperatur der darunterliegenden Geb\u00e4udeteile und kann sich sogar positiv auf die Stromproduktion auswirken\u201c, heisst es dazu in der Mitteilung. Konkret konnte der Stromertrag durch den Einsatz silberlaubiger Pflanzen um bis zu 17 Prozent gegen\u00fcber dem Standardgr\u00fcndach gesteigert werden.<\/p>\n<p>[responsivevoice_button rate=&#8220;1&#8243; pitch=&#8220;1&#8243; volume=&#8220;0.8&#8243; voice=&#8220;Deutsch Female&#8220; buttontext=&#8220;Anh\u00f6ren&#8220;]<\/p>\n","protected":false},"excerpt":{"rendered":"<p>Im vergangenen Jahr haben Forscher der Z\u00fcrcher Hochschule f\u00fcr Angewandte Wissenschaften (ZHAW) eine senkrecht stehende Solaranlage auf dem Flachdach der Winterthurer Seniorenresidenz Eichgut installiert. Dort wurden die beidseitig aktiven Solarmodule \u00fcber ein Jahr in Kombination mit einem Gr\u00fcndach getestet, informiert die ZHAW in einer\u00a0Mitteilung. \u201eDie Langzeitmessungen haben gezeigt, dass der Stromertrag pro installierter Modulleistung kaum [&hellip;]<\/p>\n","protected":false},"author":5,"featured_media":9660,"comment_status":"closed","ping_status":"closed","sticky":false,"template":"","format":"standard","meta":{"_acf_changed":false,"_yoast_wpseo_focuskw":"Solarmodule","_yoast_wpseo_metadesc":"Beidseitig aktive, senkrecht stehende Solarmodule produzieren fast ebenso viel Strom wie einseitig nach S\u00fcden ausgerichtete Module.","articlekey":"","footnotes":""},"categories":[1],"tags":[829,584,2151,2600],"class_list":["post-10136","post","type-post","status-publish","format-standard","has-post-thumbnail","hentry","category-allgemein","tag-biodiversitaet","tag-energie","tag-solartechnik","tag-zhaw"],"acf":[],"yoast_head":"<!-- This site is optimized with the Yoast SEO plugin v27.5 - https:\/\/yoast.com\/product\/yoast-seo-wordpress\/ -->\n<title>Senkrechte Solaranlagen erg\u00e4nzen Gr\u00fcnd\u00e4cher - Organisator<\/title>\n<meta name=\"description\" content=\"Beidseitig aktive, senkrecht stehende Solarmodule produzieren fast ebenso viel Strom wie einseitig nach S\u00fcden ausgerichtete Module.\" \/>\n<meta name=\"robots\" content=\"index, follow, max-snippet:-1, max-image-preview:large, max-video-preview:-1\" \/>\n<link rel=\"canonical\" href=\"https:\/\/www.organisator.ch\/it\/generale\/2019-11-27\/senkrechte-solaranlagen-ergaenzen-gruendaecher\/\" \/>\n<meta property=\"og:locale\" content=\"it_IT\" \/>\n<meta property=\"og:type\" content=\"article\" \/>\n<meta property=\"og:title\" content=\"Senkrechte Solaranlagen erg\u00e4nzen Gr\u00fcnd\u00e4cher - Organisator\" \/>\n<meta property=\"og:description\" content=\"Beidseitig aktive, senkrecht stehende Solarmodule produzieren fast ebenso viel Strom wie einseitig nach S\u00fcden ausgerichtete Module.\" \/>\n<meta property=\"og:url\" content=\"https:\/\/www.organisator.ch\/it\/generale\/2019-11-27\/senkrechte-solaranlagen-ergaenzen-gruendaecher\/\" \/>\n<meta property=\"og:site_name\" content=\"Organisator\" \/>\n<meta property=\"article:publisher\" content=\"https:\/\/www.facebook.com\/OrganisatorFachmagazin\" \/>\n<meta property=\"article:published_time\" content=\"2019-11-27T16:33:32+00:00\" \/>\n<meta property=\"og:image\" content=\"https:\/\/www.organisator.ch\/wp-content\/uploads\/2019\/11\/senkrechterolar-UP_Umwelt-Perspektiven.jpg\" \/>\n\t<meta property=\"og:image:width\" content=\"426\" \/>\n\t<meta property=\"og:image:height\" content=\"283\" \/>\n\t<meta property=\"og:image:type\" content=\"image\/jpeg\" \/>\n<meta name=\"author\" content=\"michael.merz\" \/>\n<meta name=\"twitter:card\" content=\"summary_large_image\" \/>\n<script type=\"application\/ld+json\" class=\"yoast-schema-graph\">{\"@context\":\"https:\\\/\\\/schema.org\",\"@graph\":[{\"@type\":\"Article\",\"@id\":\"https:\\\/\\\/www.organisator.ch\\\/fr\\\/general\\\/2019-11-27\\\/senkrechte-solaranlagen-ergaenzen-gruendaecher\\\/#article\",\"isPartOf\":{\"@id\":\"https:\\\/\\\/www.organisator.ch\\\/fr\\\/general\\\/2019-11-27\\\/senkrechte-solaranlagen-ergaenzen-gruendaecher\\\/\"},\"author\":{\"name\":\"michael.merz\",\"@id\":\"https:\\\/\\\/www.organisator.ch\\\/#\\\/schema\\\/person\\\/134708ca9321c57b0362cceb7948ffbd\"},\"headline\":\"Senkrechte Solaranlagen erg\u00e4nzen Gr\u00fcnd\u00e4cher\",\"datePublished\":\"2019-11-27T16:33:32+00:00\",\"mainEntityOfPage\":{\"@id\":\"https:\\\/\\\/www.organisator.ch\\\/fr\\\/general\\\/2019-11-27\\\/senkrechte-solaranlagen-ergaenzen-gruendaecher\\\/\"},\"wordCount\":265,\"publisher\":{\"@id\":\"https:\\\/\\\/www.organisator.ch\\\/#organization\"},\"image\":{\"@id\":\"https:\\\/\\\/www.organisator.ch\\\/fr\\\/general\\\/2019-11-27\\\/senkrechte-solaranlagen-ergaenzen-gruendaecher\\\/#primaryimage\"},\"thumbnailUrl\":\"https:\\\/\\\/www.organisator.ch\\\/wp-content\\\/uploads\\\/2019\\\/11\\\/senkrechterolar-UP_Umwelt-Perspektiven.jpg\",\"keywords\":[\"Biodiversit\u00e4t\",\"ENERGIE\",\"Solartechnik\",\"ZHAW\"],\"articleSection\":[\"Allgemein\"],\"inLanguage\":\"it-IT\"},{\"@type\":\"WebPage\",\"@id\":\"https:\\\/\\\/www.organisator.ch\\\/fr\\\/general\\\/2019-11-27\\\/senkrechte-solaranlagen-ergaenzen-gruendaecher\\\/\",\"url\":\"https:\\\/\\\/www.organisator.ch\\\/fr\\\/general\\\/2019-11-27\\\/senkrechte-solaranlagen-ergaenzen-gruendaecher\\\/\",\"name\":\"Senkrechte Solaranlagen erg\u00e4nzen Gr\u00fcnd\u00e4cher - Organisator\",\"isPartOf\":{\"@id\":\"https:\\\/\\\/www.organisator.ch\\\/#website\"},\"primaryImageOfPage\":{\"@id\":\"https:\\\/\\\/www.organisator.ch\\\/fr\\\/general\\\/2019-11-27\\\/senkrechte-solaranlagen-ergaenzen-gruendaecher\\\/#primaryimage\"},\"image\":{\"@id\":\"https:\\\/\\\/www.organisator.ch\\\/fr\\\/general\\\/2019-11-27\\\/senkrechte-solaranlagen-ergaenzen-gruendaecher\\\/#primaryimage\"},\"thumbnailUrl\":\"https:\\\/\\\/www.organisator.ch\\\/wp-content\\\/uploads\\\/2019\\\/11\\\/senkrechterolar-UP_Umwelt-Perspektiven.jpg\",\"datePublished\":\"2019-11-27T16:33:32+00:00\",\"description\":\"Beidseitig aktive, senkrecht stehende Solarmodule produzieren fast ebenso viel Strom wie einseitig nach S\u00fcden ausgerichtete Module.\",\"breadcrumb\":{\"@id\":\"https:\\\/\\\/www.organisator.ch\\\/fr\\\/general\\\/2019-11-27\\\/senkrechte-solaranlagen-ergaenzen-gruendaecher\\\/#breadcrumb\"},\"inLanguage\":\"it-IT\",\"potentialAction\":[{\"@type\":\"ReadAction\",\"target\":[\"https:\\\/\\\/www.organisator.ch\\\/fr\\\/general\\\/2019-11-27\\\/senkrechte-solaranlagen-ergaenzen-gruendaecher\\\/\"]}]},{\"@type\":\"ImageObject\",\"inLanguage\":\"it-IT\",\"@id\":\"https:\\\/\\\/www.organisator.ch\\\/fr\\\/general\\\/2019-11-27\\\/senkrechte-solaranlagen-ergaenzen-gruendaecher\\\/#primaryimage\",\"url\":\"https:\\\/\\\/www.organisator.ch\\\/wp-content\\\/uploads\\\/2019\\\/11\\\/senkrechterolar-UP_Umwelt-Perspektiven.jpg\",\"contentUrl\":\"https:\\\/\\\/www.organisator.ch\\\/wp-content\\\/uploads\\\/2019\\\/11\\\/senkrechterolar-UP_Umwelt-Perspektiven.jpg\",\"width\":426,\"height\":283,\"caption\":\"Dank senkrechten Solarmodulen k\u00f6nnen Pflanzen auf D\u00e4chern gut neben Solaranlagen gedeihen. (Bild: ZHAW)\"},{\"@type\":\"BreadcrumbList\",\"@id\":\"https:\\\/\\\/www.organisator.ch\\\/fr\\\/general\\\/2019-11-27\\\/senkrechte-solaranlagen-ergaenzen-gruendaecher\\\/#breadcrumb\",\"itemListElement\":[{\"@type\":\"ListItem\",\"position\":1,\"name\":\"Home\",\"item\":\"https:\\\/\\\/www.organisator.ch\\\/\"},{\"@type\":\"ListItem\",\"position\":2,\"name\":\"Senkrechte Solaranlagen erg\u00e4nzen Gr\u00fcnd\u00e4cher\"}]},{\"@type\":\"WebSite\",\"@id\":\"https:\\\/\\\/www.organisator.ch\\\/#website\",\"url\":\"https:\\\/\\\/www.organisator.ch\\\/\",\"name\":\"Organisator\",\"description\":\"Kompetent. Praxisnah. Der ORGANISATOR bereitet in 10 Ausgaben pro Jahr die wesentlichen Themen f\u00fcr F\u00fchrungskr\u00e4fte von KMU auf.\",\"publisher\":{\"@id\":\"https:\\\/\\\/www.organisator.ch\\\/#organization\"},\"potentialAction\":[{\"@type\":\"SearchAction\",\"target\":{\"@type\":\"EntryPoint\",\"urlTemplate\":\"https:\\\/\\\/www.organisator.ch\\\/?s={search_term_string}\"},\"query-input\":{\"@type\":\"PropertyValueSpecification\",\"valueRequired\":true,\"valueName\":\"search_term_string\"}}],\"inLanguage\":\"it-IT\"},{\"@type\":\"Organization\",\"@id\":\"https:\\\/\\\/www.organisator.ch\\\/#organization\",\"name\":\"Organisator\",\"url\":\"https:\\\/\\\/www.organisator.ch\\\/\",\"logo\":{\"@type\":\"ImageObject\",\"inLanguage\":\"it-IT\",\"@id\":\"https:\\\/\\\/www.organisator.ch\\\/#\\\/schema\\\/logo\\\/image\\\/\",\"url\":\"https:\\\/\\\/www.organisator.ch\\\/wp-content\\\/uploads\\\/2022\\\/01\\\/Logo_Organisator_Website.png\",\"contentUrl\":\"https:\\\/\\\/www.organisator.ch\\\/wp-content\\\/uploads\\\/2022\\\/01\\\/Logo_Organisator_Website.png\",\"width\":800,\"height\":77,\"caption\":\"Organisator\"},\"image\":{\"@id\":\"https:\\\/\\\/www.organisator.ch\\\/#\\\/schema\\\/logo\\\/image\\\/\"},\"sameAs\":[\"https:\\\/\\\/www.facebook.com\\\/OrganisatorFachmagazin\",\"https:\\\/\\\/www.linkedin.com\\\/showcase\\\/organisator-das-magazin-fr-kmu\",\"https:\\\/\\\/www.xing.com\\\/news\\\/pages\\\/organisator-ch-695\",\"https:\\\/\\\/www.youtube.com\\\/channel\\\/UCGP2Sq0iWaZwT3BdIAQFYpw\"]},{\"@type\":\"Person\",\"@id\":\"https:\\\/\\\/www.organisator.ch\\\/#\\\/schema\\\/person\\\/134708ca9321c57b0362cceb7948ffbd\",\"name\":\"michael.merz\",\"image\":{\"@type\":\"ImageObject\",\"inLanguage\":\"it-IT\",\"@id\":\"https:\\\/\\\/secure.gravatar.com\\\/avatar\\\/?s=96&d=mm&r=g\",\"url\":\"https:\\\/\\\/secure.gravatar.com\\\/avatar\\\/?s=96&d=mm&r=g\",\"contentUrl\":\"https:\\\/\\\/secure.gravatar.com\\\/avatar\\\/?s=96&d=mm&r=g\",\"caption\":\"michael.merz\"},\"url\":\"https:\\\/\\\/www.organisator.ch\\\/it\\\/author\\\/michael-merz\\\/\"}]}<\/script>\n<!-- \/ Yoast SEO plugin. -->","yoast_head_json":{"title":"I sistemi solari verticali integrano i tetti verdi - Organizzatore","description":"I moduli solari verticali attivi su entrambi i lati producono quasi la stessa elettricit\u00e0 dei moduli rivolti a sud su un solo lato.","robots":{"index":"index","follow":"follow","max-snippet":"max-snippet:-1","max-image-preview":"max-image-preview:large","max-video-preview":"max-video-preview:-1"},"canonical":"https:\/\/www.organisator.ch\/it\/generale\/2019-11-27\/senkrechte-solaranlagen-ergaenzen-gruendaecher\/","og_locale":"it_IT","og_type":"article","og_title":"Senkrechte Solaranlagen erg\u00e4nzen Gr\u00fcnd\u00e4cher - Organisator","og_description":"Beidseitig aktive, senkrecht stehende Solarmodule produzieren fast ebenso viel Strom wie einseitig nach S\u00fcden ausgerichtete Module.","og_url":"https:\/\/www.organisator.ch\/it\/generale\/2019-11-27\/senkrechte-solaranlagen-ergaenzen-gruendaecher\/","og_site_name":"Organisator","article_publisher":"https:\/\/www.facebook.com\/OrganisatorFachmagazin","article_published_time":"2019-11-27T16:33:32+00:00","og_image":[{"width":426,"height":283,"url":"https:\/\/www.organisator.ch\/wp-content\/uploads\/2019\/11\/senkrechterolar-UP_Umwelt-Perspektiven.jpg","type":"image\/jpeg"}],"author":"michael.merz","twitter_card":"summary_large_image","schema":{"@context":"https:\/\/schema.org","@graph":[{"@type":"Article","@id":"https:\/\/www.organisator.ch\/fr\/general\/2019-11-27\/senkrechte-solaranlagen-ergaenzen-gruendaecher\/#article","isPartOf":{"@id":"https:\/\/www.organisator.ch\/fr\/general\/2019-11-27\/senkrechte-solaranlagen-ergaenzen-gruendaecher\/"},"author":{"name":"michael.merz","@id":"https:\/\/www.organisator.ch\/#\/schema\/person\/134708ca9321c57b0362cceb7948ffbd"},"headline":"Senkrechte Solaranlagen erg\u00e4nzen Gr\u00fcnd\u00e4cher","datePublished":"2019-11-27T16:33:32+00:00","mainEntityOfPage":{"@id":"https:\/\/www.organisator.ch\/fr\/general\/2019-11-27\/senkrechte-solaranlagen-ergaenzen-gruendaecher\/"},"wordCount":265,"publisher":{"@id":"https:\/\/www.organisator.ch\/#organization"},"image":{"@id":"https:\/\/www.organisator.ch\/fr\/general\/2019-11-27\/senkrechte-solaranlagen-ergaenzen-gruendaecher\/#primaryimage"},"thumbnailUrl":"https:\/\/www.organisator.ch\/wp-content\/uploads\/2019\/11\/senkrechterolar-UP_Umwelt-Perspektiven.jpg","keywords":["Biodiversit\u00e4t","ENERGIE","Solartechnik","ZHAW"],"articleSection":["Allgemein"],"inLanguage":"it-IT"},{"@type":"WebPage","@id":"https:\/\/www.organisator.ch\/fr\/general\/2019-11-27\/senkrechte-solaranlagen-ergaenzen-gruendaecher\/","url":"https:\/\/www.organisator.ch\/fr\/general\/2019-11-27\/senkrechte-solaranlagen-ergaenzen-gruendaecher\/","name":"I sistemi solari verticali integrano i tetti verdi - Organizzatore","isPartOf":{"@id":"https:\/\/www.organisator.ch\/#website"},"primaryImageOfPage":{"@id":"https:\/\/www.organisator.ch\/fr\/general\/2019-11-27\/senkrechte-solaranlagen-ergaenzen-gruendaecher\/#primaryimage"},"image":{"@id":"https:\/\/www.organisator.ch\/fr\/general\/2019-11-27\/senkrechte-solaranlagen-ergaenzen-gruendaecher\/#primaryimage"},"thumbnailUrl":"https:\/\/www.organisator.ch\/wp-content\/uploads\/2019\/11\/senkrechterolar-UP_Umwelt-Perspektiven.jpg","datePublished":"2019-11-27T16:33:32+00:00","description":"I moduli solari verticali attivi su entrambi i lati producono quasi la stessa elettricit\u00e0 dei moduli rivolti a sud su un solo lato.","breadcrumb":{"@id":"https:\/\/www.organisator.ch\/fr\/general\/2019-11-27\/senkrechte-solaranlagen-ergaenzen-gruendaecher\/#breadcrumb"},"inLanguage":"it-IT","potentialAction":[{"@type":"ReadAction","target":["https:\/\/www.organisator.ch\/fr\/general\/2019-11-27\/senkrechte-solaranlagen-ergaenzen-gruendaecher\/"]}]},{"@type":"ImageObject","inLanguage":"it-IT","@id":"https:\/\/www.organisator.ch\/fr\/general\/2019-11-27\/senkrechte-solaranlagen-ergaenzen-gruendaecher\/#primaryimage","url":"https:\/\/www.organisator.ch\/wp-content\/uploads\/2019\/11\/senkrechterolar-UP_Umwelt-Perspektiven.jpg","contentUrl":"https:\/\/www.organisator.ch\/wp-content\/uploads\/2019\/11\/senkrechterolar-UP_Umwelt-Perspektiven.jpg","width":426,"height":283,"caption":"Dank senkrechten Solarmodulen k\u00f6nnen Pflanzen auf D\u00e4chern gut neben Solaranlagen gedeihen. (Bild: ZHAW)"},{"@type":"BreadcrumbList","@id":"https:\/\/www.organisator.ch\/fr\/general\/2019-11-27\/senkrechte-solaranlagen-ergaenzen-gruendaecher\/#breadcrumb","itemListElement":[{"@type":"ListItem","position":1,"name":"Home","item":"https:\/\/www.organisator.ch\/"},{"@type":"ListItem","position":2,"name":"Senkrechte Solaranlagen erg\u00e4nzen Gr\u00fcnd\u00e4cher"}]},{"@type":"WebSite","@id":"https:\/\/www.organisator.ch\/#website","url":"https:\/\/www.organisator.ch\/","name":"Organizzatore","description":"Competente. Pratico. In 10 numeri all'anno, ORGANISATOR presenta i temi essenziali per i manager delle PMI.","publisher":{"@id":"https:\/\/www.organisator.ch\/#organization"},"potentialAction":[{"@type":"SearchAction","target":{"@type":"EntryPoint","urlTemplate":"https:\/\/www.organisator.ch\/?s={search_term_string}"},"query-input":{"@type":"PropertyValueSpecification","valueRequired":true,"valueName":"search_term_string"}}],"inLanguage":"it-IT"},{"@type":"Organization","@id":"https:\/\/www.organisator.ch\/#organization","name":"Organizzatore","url":"https:\/\/www.organisator.ch\/","logo":{"@type":"ImageObject","inLanguage":"it-IT","@id":"https:\/\/www.organisator.ch\/#\/schema\/logo\/image\/","url":"https:\/\/www.organisator.ch\/wp-content\/uploads\/2022\/01\/Logo_Organisator_Website.png","contentUrl":"https:\/\/www.organisator.ch\/wp-content\/uploads\/2022\/01\/Logo_Organisator_Website.png","width":800,"height":77,"caption":"Organisator"},"image":{"@id":"https:\/\/www.organisator.ch\/#\/schema\/logo\/image\/"},"sameAs":["https:\/\/www.facebook.com\/OrganisatorFachmagazin","https:\/\/www.linkedin.com\/showcase\/organisator-das-magazin-fr-kmu","https:\/\/www.xing.com\/news\/pages\/organisator-ch-695","https:\/\/www.youtube.com\/channel\/UCGP2Sq0iWaZwT3BdIAQFYpw"]},{"@type":"Person","@id":"https:\/\/www.organisator.ch\/#\/schema\/person\/134708ca9321c57b0362cceb7948ffbd","name":"michael.merz","image":{"@type":"ImageObject","inLanguage":"it-IT","@id":"https:\/\/secure.gravatar.com\/avatar\/?s=96&d=mm&r=g","url":"https:\/\/secure.gravatar.com\/avatar\/?s=96&d=mm&r=g","contentUrl":"https:\/\/secure.gravatar.com\/avatar\/?s=96&d=mm&r=g","caption":"michael.merz"},"url":"https:\/\/www.organisator.ch\/it\/author\/michael-merz\/"}]}},"_links":{"self":[{"href":"https:\/\/www.organisator.ch\/it\/wp-json\/wp\/v2\/posts\/10136","targetHints":{"allow":["GET"]}}],"collection":[{"href":"https:\/\/www.organisator.ch\/it\/wp-json\/wp\/v2\/posts"}],"about":[{"href":"https:\/\/www.organisator.ch\/it\/wp-json\/wp\/v2\/types\/post"}],"author":[{"embeddable":true,"href":"https:\/\/www.organisator.ch\/it\/wp-json\/wp\/v2\/users\/5"}],"replies":[{"embeddable":true,"href":"https:\/\/www.organisator.ch\/it\/wp-json\/wp\/v2\/comments?post=10136"}],"version-history":[{"count":0,"href":"https:\/\/www.organisator.ch\/it\/wp-json\/wp\/v2\/posts\/10136\/revisions"}],"wp:featuredmedia":[{"embeddable":true,"href":"https:\/\/www.organisator.ch\/it\/wp-json\/wp\/v2\/media\/9660"}],"wp:attachment":[{"href":"https:\/\/www.organisator.ch\/it\/wp-json\/wp\/v2\/media?parent=10136"}],"wp:term":[{"taxonomy":"category","embeddable":true,"href":"https:\/\/www.organisator.ch\/it\/wp-json\/wp\/v2\/categories?post=10136"},{"taxonomy":"post_tag","embeddable":true,"href":"https:\/\/www.organisator.ch\/it\/wp-json\/wp\/v2\/tags?post=10136"}],"curies":[{"name":"wp","href":"https:\/\/api.w.org\/{rel}","templated":true}]}}