{"id":10139,"date":"2019-12-17T06:45:34","date_gmt":"2019-12-17T05:45:34","guid":{"rendered":"https:\/\/www.umweltperspektiven.ch\/?p=2696"},"modified":"2024-11-07T06:17:15","modified_gmt":"2024-11-07T05:17:15","slug":"vorschau-zur-swissbau-2020","status":"publish","type":"post","link":"https:\/\/www.organisator.ch\/it\/allgemein\/2019-12-17\/vorschau-zur-swissbau-2020\/","title":{"rendered":"Anteprima di Swissbau 2020"},"content":{"rendered":"<figure id=\"attachment_2698\" aria-describedby=\"caption-attachment-2698\" style=\"width: 150px\" class=\"wp-caption alignnone\"><img loading=\"lazy\" decoding=\"async\" class=\"wp-image-2698 size-thumbnail\" src=\"https:\/\/www.organisator.ch\/wp-content\/uploads\/2017\/11\/Customer-Experience-in-der-privaten-Vorsorge-nicht-ueberzeugend-3_Organisator-150x150.jpg\" alt=\"anteprima della costruzione svizzera-2020\" width=\"150\" height=\"150\" srcset=\"https:\/\/www.organisator.ch\/wp-content\/uploads\/2017\/11\/Customer-Experience-in-der-privaten-Vorsorge-nicht-ueberzeugend-3_Organisator-150x150.jpg 150w, https:\/\/www.organisator.ch\/wp-content\/uploads\/2017\/11\/Customer-Experience-in-der-privaten-Vorsorge-nicht-ueberzeugend-3_Organisator-250x250.jpg 250w, https:\/\/www.organisator.ch\/wp-content\/uploads\/2017\/11\/Customer-Experience-in-der-privaten-Vorsorge-nicht-ueberzeugend-3_Organisator-100x100.jpg 100w\" sizes=\"auto, (max-width: 150px) 100vw, 150px\" \/><figcaption id=\"caption-attachment-2698\" class=\"wp-caption-text\">Efficienza energetica, energie rinnovabili e rispetto del clima: gli ultimi sviluppi saranno presentati alla Swissbau di gennaio. (Immagine: Swissbau 2018_Gebaeudetechnik | BLUETRAC AG)<\/figcaption><\/figure>\n<p>Non solo la cerimonia di apertura della Swissbau sembra promettente. Swissbau e bauenschweiz, l'organizzazione ombrello dell'industria edilizia svizzera, danno un caloroso benvenuto a tutti gli interessati alla cerimonia di apertura di Swissbau 2020. Tuttavia, quando si tratta di tecnologie e progetti innovativi e sostenibili, gli eventi sono ben altri.<\/p>\n<p>Nel cosiddetto \"Tour d'horizon\" si discutono le questioni pi\u00f9 interessanti del futuro dell'industria delle costruzioni. Nella seconda parte della celebrazione, ad esempio, la domanda \"Come vivremo nel futuro?\" sar\u00e0 esplorata con il futurologo e ricercatore di tendenze professor Timo Leukefeld. Nel contesto di una tavola rotonda con ospiti di prim'ordine dell'industria edilizia, si sono potute affrontare le prime tendenze dell'edilizia sostenibile.<\/p>\n<p>Swissbau \u00e8 composta dalle tre sezioni della fiera (espositori e loro prodotti e servizi), Swissbau Focus (evento e piattaforma di networking) e Swissbau Innovation Lab (mostra speciale per la trasformazione digitale). Questi tre formati si basano sul ciclo di vita di un immobile e vengono continuamente sviluppati in collaborazione con partner leader.<\/p>\n<p>In questo modo, Swissbau offre a espositori e visitatori una piattaforma di esperienze dal vivo con un alto livello di rilevanza, attualit\u00e0 e interdisciplinarit\u00e0. \"L'espansione di Swissbau nei settori dell'energia negli edifici, dell'automazione degli edifici e della sicurezza degli edifici risponde alla crescente necessit\u00e0 di un collegamento interdisciplinare. La collaborazione \u00e8 essenziale in tempi di cambiamento\", spiega Rudolf Pfander, Exhibition Director di Swissbau. \"Il nostro concetto di fiera integrativa apre a tutti nuovi gruppi target\".<\/p>\n<p>Il motto di Swissbau 2020 \u00e8 \"Prova ed errore - Coraggio per qualcosa di nuovo? L'industria edilizia e immobiliare svizzera \u00e8 sinonimo di qualit\u00e0 e coerenza, ma i processi consolidati sono sempre pi\u00f9 spesso messi in discussione. Di conseguenza, il futuro appartiene a team interdisciplinari che abbandonano le strade conosciute per trovare le soluzioni migliori.<\/p>\n<p>Due consigli per la fiera SWISSBAU in anticipo:<\/p>\n<p><strong>Aree da 2000 watt in Svizzera<\/strong><\/p>\n<p>La \"2000-Watt-Areal\" vi invita a partecipare a tre eventi specializzati durante la Swissbau. Unitevi a noi per una discussione sulla sostenibilit\u00e0 e l'intelligenza <a href=\"\/Users\/mermic\/Downloads\/2000_Watt_Flyer_de%20(3).pdf\">Sviluppo del sito e del quartiere<\/a>Gli eventi si svolgeranno nell'ambito di \"Swissbau Focus\", una piattaforma per esperti e decisori. Gli eventi si svolgeranno nell'ambito di \"Swissbau Focus\", la piattaforma per esperti e decisori.<\/p>\n<p><strong>Tecniche di illuminazione diurna allora e oggi<\/strong><\/p>\n<p>Questo \u00e8 il motto con cui le due aziende Bewilux AG e Rodach AG si presenteranno alla prossima Swissbau. Oltre a un aspetto completamente nuovo in uno stand molto spazioso, le due aziende presenteranno i loro prodotti innovativi sui temi dell'architettura in vetro, delle cupole per lucernari, delle uscite dal tetto, della tecnologia SHEV e della sicurezza anticaduta. La soddisfazione del cliente \u00e8 la priorit\u00e0 assoluta.<\/p>\n<p>I dipendenti qualificati si divertono a lavorare per i loro clienti giorno dopo giorno. Con la loro consulenza competente e professionale e la qualit\u00e0 di prim'ordine dei prodotti, abbinata alla massima efficienza energetica, le due aziende assicurano il valore sostenibile degli immobili, con una disponibilit\u00e0 di consegna flessibile e un team di installazione esperto.<\/p>\n<p><a href=\"\/\/www.swissbau.ch\">www.swissbau.ch<\/a><\/p>","protected":false},"excerpt":{"rendered":"<p>Nicht nur die Er\u00f6ffnungsfeier der Swissbau klingt vielversprechend. Die Swissbau und\u00a0 bauenschweiz, die Dachorganisation der Schweizer Bauwirtschaft, heisst sicherlich alle Bau-Interessierten herzlich zur Er\u00f6ffnungsfeier der Swissbau 2020 willkommen. Allerdings gibt es in Sachen innovative, nachhaltige Technologien und Projekte noch ganz andere Events. In der so genannten \u00abTour d\u2019horizon\u00bb k\u00f6nnen spannende Zukunftsfragen der Baubranche diskutiert werden. [&hellip;]<\/p>\n","protected":false},"author":5,"featured_media":9665,"comment_status":"closed","ping_status":"closed","sticky":false,"template":"","format":"standard","meta":{"_acf_changed":false,"_yoast_wpseo_focuskw":"Swissbau 2020","_yoast_wpseo_metadesc":"Swissbau 2020 pr\u00e4sentiert innovative Entwicklungen in Energieeffizienz, erneuerbaren Energien und Klimafreundlichkeit.","articlekey":"","footnotes":""},"categories":[1],"tags":[1690,2265],"class_list":["post-10139","post","type-post","status-publish","format-standard","has-post-thumbnail","hentry","category-allgemein","tag-messe","tag-swissbau"],"acf":[],"yoast_head":"<!-- This site is optimized with the Yoast SEO plugin v27.5 - https:\/\/yoast.com\/product\/yoast-seo-wordpress\/ -->\n<title>Vorschau zur Swissbau 2020 - Organisator<\/title>\n<meta name=\"description\" content=\"Swissbau 2020 pr\u00e4sentiert innovative Entwicklungen in Energieeffizienz, erneuerbaren Energien und Klimafreundlichkeit.\" \/>\n<meta name=\"robots\" content=\"index, follow, max-snippet:-1, max-image-preview:large, max-video-preview:-1\" \/>\n<link rel=\"canonical\" href=\"https:\/\/www.organisator.ch\/it\/generale\/2019-12-17\/vorschau-zur-swissbau-2020\/\" \/>\n<meta property=\"og:locale\" content=\"it_IT\" \/>\n<meta property=\"og:type\" content=\"article\" \/>\n<meta property=\"og:title\" content=\"Vorschau zur Swissbau 2020 - Organisator\" \/>\n<meta property=\"og:description\" content=\"Swissbau 2020 pr\u00e4sentiert innovative Entwicklungen in Energieeffizienz, erneuerbaren Energien und Klimafreundlichkeit.\" \/>\n<meta property=\"og:url\" content=\"https:\/\/www.organisator.ch\/it\/generale\/2019-12-17\/vorschau-zur-swissbau-2020\/\" \/>\n<meta property=\"og:site_name\" content=\"Organisator\" \/>\n<meta property=\"article:publisher\" content=\"https:\/\/www.facebook.com\/OrganisatorFachmagazin\" \/>\n<meta property=\"article:published_time\" content=\"2019-12-17T05:45:34+00:00\" \/>\n<meta property=\"article:modified_time\" content=\"2024-11-07T05:17:15+00:00\" \/>\n<meta property=\"og:image\" content=\"https:\/\/www.organisator.ch\/wp-content\/uploads\/2019\/12\/swissbau-up-umweltperspektiven-scaled.jpg\" \/>\n\t<meta property=\"og:image:width\" content=\"2560\" \/>\n\t<meta property=\"og:image:height\" content=\"1707\" \/>\n\t<meta property=\"og:image:type\" content=\"image\/jpeg\" \/>\n<meta name=\"author\" content=\"michael.merz\" \/>\n<meta name=\"twitter:card\" content=\"summary_large_image\" \/>\n<script type=\"application\/ld+json\" class=\"yoast-schema-graph\">{\"@context\":\"https:\\\/\\\/schema.org\",\"@graph\":[{\"@type\":\"Article\",\"@id\":\"https:\\\/\\\/www.organisator.ch\\\/allgemein\\\/2019-12-17\\\/vorschau-zur-swissbau-2020\\\/#article\",\"isPartOf\":{\"@id\":\"https:\\\/\\\/www.organisator.ch\\\/allgemein\\\/2019-12-17\\\/vorschau-zur-swissbau-2020\\\/\"},\"author\":{\"name\":\"michael.merz\",\"@id\":\"https:\\\/\\\/www.organisator.ch\\\/#\\\/schema\\\/person\\\/134708ca9321c57b0362cceb7948ffbd\"},\"headline\":\"Vorschau zur Swissbau 2020\",\"datePublished\":\"2019-12-17T05:45:34+00:00\",\"dateModified\":\"2024-11-07T05:17:15+00:00\",\"mainEntityOfPage\":{\"@id\":\"https:\\\/\\\/www.organisator.ch\\\/allgemein\\\/2019-12-17\\\/vorschau-zur-swissbau-2020\\\/\"},\"wordCount\":488,\"publisher\":{\"@id\":\"https:\\\/\\\/www.organisator.ch\\\/#organization\"},\"image\":{\"@id\":\"https:\\\/\\\/www.organisator.ch\\\/allgemein\\\/2019-12-17\\\/vorschau-zur-swissbau-2020\\\/#primaryimage\"},\"thumbnailUrl\":\"https:\\\/\\\/www.organisator.ch\\\/wp-content\\\/uploads\\\/2019\\\/12\\\/swissbau-up-umweltperspektiven-scaled.jpg\",\"keywords\":[\"Messe\",\"Swissbau\"],\"articleSection\":[\"Allgemein\"],\"inLanguage\":\"it-IT\"},{\"@type\":\"WebPage\",\"@id\":\"https:\\\/\\\/www.organisator.ch\\\/allgemein\\\/2019-12-17\\\/vorschau-zur-swissbau-2020\\\/\",\"url\":\"https:\\\/\\\/www.organisator.ch\\\/allgemein\\\/2019-12-17\\\/vorschau-zur-swissbau-2020\\\/\",\"name\":\"Vorschau zur Swissbau 2020 - Organisator\",\"isPartOf\":{\"@id\":\"https:\\\/\\\/www.organisator.ch\\\/#website\"},\"primaryImageOfPage\":{\"@id\":\"https:\\\/\\\/www.organisator.ch\\\/allgemein\\\/2019-12-17\\\/vorschau-zur-swissbau-2020\\\/#primaryimage\"},\"image\":{\"@id\":\"https:\\\/\\\/www.organisator.ch\\\/allgemein\\\/2019-12-17\\\/vorschau-zur-swissbau-2020\\\/#primaryimage\"},\"thumbnailUrl\":\"https:\\\/\\\/www.organisator.ch\\\/wp-content\\\/uploads\\\/2019\\\/12\\\/swissbau-up-umweltperspektiven-scaled.jpg\",\"datePublished\":\"2019-12-17T05:45:34+00:00\",\"dateModified\":\"2024-11-07T05:17:15+00:00\",\"description\":\"Swissbau 2020 pr\u00e4sentiert innovative Entwicklungen in Energieeffizienz, erneuerbaren Energien und Klimafreundlichkeit.\",\"breadcrumb\":{\"@id\":\"https:\\\/\\\/www.organisator.ch\\\/allgemein\\\/2019-12-17\\\/vorschau-zur-swissbau-2020\\\/#breadcrumb\"},\"inLanguage\":\"it-IT\",\"potentialAction\":[{\"@type\":\"ReadAction\",\"target\":[\"https:\\\/\\\/www.organisator.ch\\\/allgemein\\\/2019-12-17\\\/vorschau-zur-swissbau-2020\\\/\"]}]},{\"@type\":\"ImageObject\",\"inLanguage\":\"it-IT\",\"@id\":\"https:\\\/\\\/www.organisator.ch\\\/allgemein\\\/2019-12-17\\\/vorschau-zur-swissbau-2020\\\/#primaryimage\",\"url\":\"https:\\\/\\\/www.organisator.ch\\\/wp-content\\\/uploads\\\/2019\\\/12\\\/swissbau-up-umweltperspektiven-scaled.jpg\",\"contentUrl\":\"https:\\\/\\\/www.organisator.ch\\\/wp-content\\\/uploads\\\/2019\\\/12\\\/swissbau-up-umweltperspektiven-scaled.jpg\",\"width\":2560,\"height\":1707,\"caption\":\"Energieeffizienz, erneuerbare Energien und Klimafreundlichkeit: An der Swissbau im Januar werden die neusten Entwicklungen pr\u00e4sentiert. (Bild: Swissbau 2018_Gebaeudetechnik | BLUETRAC AG)\"},{\"@type\":\"BreadcrumbList\",\"@id\":\"https:\\\/\\\/www.organisator.ch\\\/allgemein\\\/2019-12-17\\\/vorschau-zur-swissbau-2020\\\/#breadcrumb\",\"itemListElement\":[{\"@type\":\"ListItem\",\"position\":1,\"name\":\"Home\",\"item\":\"https:\\\/\\\/www.organisator.ch\\\/\"},{\"@type\":\"ListItem\",\"position\":2,\"name\":\"Vorschau zur Swissbau 2020\"}]},{\"@type\":\"WebSite\",\"@id\":\"https:\\\/\\\/www.organisator.ch\\\/#website\",\"url\":\"https:\\\/\\\/www.organisator.ch\\\/\",\"name\":\"Organisator\",\"description\":\"Kompetent. Praxisnah. Der ORGANISATOR bereitet in 10 Ausgaben pro Jahr die wesentlichen Themen f\u00fcr F\u00fchrungskr\u00e4fte von KMU auf.\",\"publisher\":{\"@id\":\"https:\\\/\\\/www.organisator.ch\\\/#organization\"},\"potentialAction\":[{\"@type\":\"SearchAction\",\"target\":{\"@type\":\"EntryPoint\",\"urlTemplate\":\"https:\\\/\\\/www.organisator.ch\\\/?s={search_term_string}\"},\"query-input\":{\"@type\":\"PropertyValueSpecification\",\"valueRequired\":true,\"valueName\":\"search_term_string\"}}],\"inLanguage\":\"it-IT\"},{\"@type\":\"Organization\",\"@id\":\"https:\\\/\\\/www.organisator.ch\\\/#organization\",\"name\":\"Organisator\",\"url\":\"https:\\\/\\\/www.organisator.ch\\\/\",\"logo\":{\"@type\":\"ImageObject\",\"inLanguage\":\"it-IT\",\"@id\":\"https:\\\/\\\/www.organisator.ch\\\/#\\\/schema\\\/logo\\\/image\\\/\",\"url\":\"https:\\\/\\\/www.organisator.ch\\\/wp-content\\\/uploads\\\/2022\\\/01\\\/Logo_Organisator_Website.png\",\"contentUrl\":\"https:\\\/\\\/www.organisator.ch\\\/wp-content\\\/uploads\\\/2022\\\/01\\\/Logo_Organisator_Website.png\",\"width\":800,\"height\":77,\"caption\":\"Organisator\"},\"image\":{\"@id\":\"https:\\\/\\\/www.organisator.ch\\\/#\\\/schema\\\/logo\\\/image\\\/\"},\"sameAs\":[\"https:\\\/\\\/www.facebook.com\\\/OrganisatorFachmagazin\",\"https:\\\/\\\/www.linkedin.com\\\/showcase\\\/organisator-das-magazin-fr-kmu\",\"https:\\\/\\\/www.xing.com\\\/news\\\/pages\\\/organisator-ch-695\",\"https:\\\/\\\/www.youtube.com\\\/channel\\\/UCGP2Sq0iWaZwT3BdIAQFYpw\"]},{\"@type\":\"Person\",\"@id\":\"https:\\\/\\\/www.organisator.ch\\\/#\\\/schema\\\/person\\\/134708ca9321c57b0362cceb7948ffbd\",\"name\":\"michael.merz\",\"image\":{\"@type\":\"ImageObject\",\"inLanguage\":\"it-IT\",\"@id\":\"https:\\\/\\\/secure.gravatar.com\\\/avatar\\\/?s=96&d=mm&r=g\",\"url\":\"https:\\\/\\\/secure.gravatar.com\\\/avatar\\\/?s=96&d=mm&r=g\",\"contentUrl\":\"https:\\\/\\\/secure.gravatar.com\\\/avatar\\\/?s=96&d=mm&r=g\",\"caption\":\"michael.merz\"},\"url\":\"https:\\\/\\\/www.organisator.ch\\\/it\\\/author\\\/michael-merz\\\/\"}]}<\/script>\n<!-- \/ Yoast SEO plugin. -->","yoast_head_json":{"title":"Anteprima di Swissbau 2020 - Organizzatore","description":"Swissbau 2020 presenta sviluppi innovativi nel campo dell'efficienza energetica, delle energie rinnovabili e del rispetto del clima.","robots":{"index":"index","follow":"follow","max-snippet":"max-snippet:-1","max-image-preview":"max-image-preview:large","max-video-preview":"max-video-preview:-1"},"canonical":"https:\/\/www.organisator.ch\/it\/generale\/2019-12-17\/vorschau-zur-swissbau-2020\/","og_locale":"it_IT","og_type":"article","og_title":"Vorschau zur Swissbau 2020 - Organisator","og_description":"Swissbau 2020 pr\u00e4sentiert innovative Entwicklungen in Energieeffizienz, erneuerbaren Energien und Klimafreundlichkeit.","og_url":"https:\/\/www.organisator.ch\/it\/generale\/2019-12-17\/vorschau-zur-swissbau-2020\/","og_site_name":"Organisator","article_publisher":"https:\/\/www.facebook.com\/OrganisatorFachmagazin","article_published_time":"2019-12-17T05:45:34+00:00","article_modified_time":"2024-11-07T05:17:15+00:00","og_image":[{"width":2560,"height":1707,"url":"https:\/\/www.organisator.ch\/wp-content\/uploads\/2019\/12\/swissbau-up-umweltperspektiven-scaled.jpg","type":"image\/jpeg"}],"author":"michael.merz","twitter_card":"summary_large_image","schema":{"@context":"https:\/\/schema.org","@graph":[{"@type":"Article","@id":"https:\/\/www.organisator.ch\/allgemein\/2019-12-17\/vorschau-zur-swissbau-2020\/#article","isPartOf":{"@id":"https:\/\/www.organisator.ch\/allgemein\/2019-12-17\/vorschau-zur-swissbau-2020\/"},"author":{"name":"michael.merz","@id":"https:\/\/www.organisator.ch\/#\/schema\/person\/134708ca9321c57b0362cceb7948ffbd"},"headline":"Vorschau zur Swissbau 2020","datePublished":"2019-12-17T05:45:34+00:00","dateModified":"2024-11-07T05:17:15+00:00","mainEntityOfPage":{"@id":"https:\/\/www.organisator.ch\/allgemein\/2019-12-17\/vorschau-zur-swissbau-2020\/"},"wordCount":488,"publisher":{"@id":"https:\/\/www.organisator.ch\/#organization"},"image":{"@id":"https:\/\/www.organisator.ch\/allgemein\/2019-12-17\/vorschau-zur-swissbau-2020\/#primaryimage"},"thumbnailUrl":"https:\/\/www.organisator.ch\/wp-content\/uploads\/2019\/12\/swissbau-up-umweltperspektiven-scaled.jpg","keywords":["Messe","Swissbau"],"articleSection":["Allgemein"],"inLanguage":"it-IT"},{"@type":"WebPage","@id":"https:\/\/www.organisator.ch\/allgemein\/2019-12-17\/vorschau-zur-swissbau-2020\/","url":"https:\/\/www.organisator.ch\/allgemein\/2019-12-17\/vorschau-zur-swissbau-2020\/","name":"Anteprima di Swissbau 2020 - Organizzatore","isPartOf":{"@id":"https:\/\/www.organisator.ch\/#website"},"primaryImageOfPage":{"@id":"https:\/\/www.organisator.ch\/allgemein\/2019-12-17\/vorschau-zur-swissbau-2020\/#primaryimage"},"image":{"@id":"https:\/\/www.organisator.ch\/allgemein\/2019-12-17\/vorschau-zur-swissbau-2020\/#primaryimage"},"thumbnailUrl":"https:\/\/www.organisator.ch\/wp-content\/uploads\/2019\/12\/swissbau-up-umweltperspektiven-scaled.jpg","datePublished":"2019-12-17T05:45:34+00:00","dateModified":"2024-11-07T05:17:15+00:00","description":"Swissbau 2020 presenta sviluppi innovativi nel campo dell'efficienza energetica, delle energie rinnovabili e del rispetto del clima.","breadcrumb":{"@id":"https:\/\/www.organisator.ch\/allgemein\/2019-12-17\/vorschau-zur-swissbau-2020\/#breadcrumb"},"inLanguage":"it-IT","potentialAction":[{"@type":"ReadAction","target":["https:\/\/www.organisator.ch\/allgemein\/2019-12-17\/vorschau-zur-swissbau-2020\/"]}]},{"@type":"ImageObject","inLanguage":"it-IT","@id":"https:\/\/www.organisator.ch\/allgemein\/2019-12-17\/vorschau-zur-swissbau-2020\/#primaryimage","url":"https:\/\/www.organisator.ch\/wp-content\/uploads\/2019\/12\/swissbau-up-umweltperspektiven-scaled.jpg","contentUrl":"https:\/\/www.organisator.ch\/wp-content\/uploads\/2019\/12\/swissbau-up-umweltperspektiven-scaled.jpg","width":2560,"height":1707,"caption":"Energieeffizienz, erneuerbare Energien und Klimafreundlichkeit: An der Swissbau im Januar werden die neusten Entwicklungen pr\u00e4sentiert. (Bild: Swissbau 2018_Gebaeudetechnik | BLUETRAC AG)"},{"@type":"BreadcrumbList","@id":"https:\/\/www.organisator.ch\/allgemein\/2019-12-17\/vorschau-zur-swissbau-2020\/#breadcrumb","itemListElement":[{"@type":"ListItem","position":1,"name":"Home","item":"https:\/\/www.organisator.ch\/"},{"@type":"ListItem","position":2,"name":"Vorschau zur Swissbau 2020"}]},{"@type":"WebSite","@id":"https:\/\/www.organisator.ch\/#website","url":"https:\/\/www.organisator.ch\/","name":"Organizzatore","description":"Competente. Pratico. In 10 numeri all'anno, ORGANISATOR presenta i temi essenziali per i manager delle PMI.","publisher":{"@id":"https:\/\/www.organisator.ch\/#organization"},"potentialAction":[{"@type":"SearchAction","target":{"@type":"EntryPoint","urlTemplate":"https:\/\/www.organisator.ch\/?s={search_term_string}"},"query-input":{"@type":"PropertyValueSpecification","valueRequired":true,"valueName":"search_term_string"}}],"inLanguage":"it-IT"},{"@type":"Organization","@id":"https:\/\/www.organisator.ch\/#organization","name":"Organizzatore","url":"https:\/\/www.organisator.ch\/","logo":{"@type":"ImageObject","inLanguage":"it-IT","@id":"https:\/\/www.organisator.ch\/#\/schema\/logo\/image\/","url":"https:\/\/www.organisator.ch\/wp-content\/uploads\/2022\/01\/Logo_Organisator_Website.png","contentUrl":"https:\/\/www.organisator.ch\/wp-content\/uploads\/2022\/01\/Logo_Organisator_Website.png","width":800,"height":77,"caption":"Organisator"},"image":{"@id":"https:\/\/www.organisator.ch\/#\/schema\/logo\/image\/"},"sameAs":["https:\/\/www.facebook.com\/OrganisatorFachmagazin","https:\/\/www.linkedin.com\/showcase\/organisator-das-magazin-fr-kmu","https:\/\/www.xing.com\/news\/pages\/organisator-ch-695","https:\/\/www.youtube.com\/channel\/UCGP2Sq0iWaZwT3BdIAQFYpw"]},{"@type":"Person","@id":"https:\/\/www.organisator.ch\/#\/schema\/person\/134708ca9321c57b0362cceb7948ffbd","name":"michael.merz","image":{"@type":"ImageObject","inLanguage":"it-IT","@id":"https:\/\/secure.gravatar.com\/avatar\/?s=96&d=mm&r=g","url":"https:\/\/secure.gravatar.com\/avatar\/?s=96&d=mm&r=g","contentUrl":"https:\/\/secure.gravatar.com\/avatar\/?s=96&d=mm&r=g","caption":"michael.merz"},"url":"https:\/\/www.organisator.ch\/it\/author\/michael-merz\/"}]}},"_links":{"self":[{"href":"https:\/\/www.organisator.ch\/it\/wp-json\/wp\/v2\/posts\/10139","targetHints":{"allow":["GET"]}}],"collection":[{"href":"https:\/\/www.organisator.ch\/it\/wp-json\/wp\/v2\/posts"}],"about":[{"href":"https:\/\/www.organisator.ch\/it\/wp-json\/wp\/v2\/types\/post"}],"author":[{"embeddable":true,"href":"https:\/\/www.organisator.ch\/it\/wp-json\/wp\/v2\/users\/5"}],"replies":[{"embeddable":true,"href":"https:\/\/www.organisator.ch\/it\/wp-json\/wp\/v2\/comments?post=10139"}],"version-history":[{"count":2,"href":"https:\/\/www.organisator.ch\/it\/wp-json\/wp\/v2\/posts\/10139\/revisions"}],"predecessor-version":[{"id":31623,"href":"https:\/\/www.organisator.ch\/it\/wp-json\/wp\/v2\/posts\/10139\/revisions\/31623"}],"wp:featuredmedia":[{"embeddable":true,"href":"https:\/\/www.organisator.ch\/it\/wp-json\/wp\/v2\/media\/9665"}],"wp:attachment":[{"href":"https:\/\/www.organisator.ch\/it\/wp-json\/wp\/v2\/media?parent=10139"}],"wp:term":[{"taxonomy":"category","embeddable":true,"href":"https:\/\/www.organisator.ch\/it\/wp-json\/wp\/v2\/categories?post=10139"},{"taxonomy":"post_tag","embeddable":true,"href":"https:\/\/www.organisator.ch\/it\/wp-json\/wp\/v2\/tags?post=10139"}],"curies":[{"name":"wp","href":"https:\/\/api.w.org\/{rel}","templated":true}]}}