{"id":1014,"date":"2017-06-14T10:30:47","date_gmt":"2017-06-14T08:30:47","guid":{"rendered":"https:\/\/www.umweltperspektiven.ch\/?p=1014"},"modified":"2022-02-09T11:06:20","modified_gmt":"2022-02-09T10:06:20","slug":"energieeffizienz-programm-fuer-kmu","status":"publish","type":"post","link":"https:\/\/www.organisator.ch\/it\/sustainability\/2017-06-14\/energieeffizienz-programm-fuer-kmu\/","title":{"rendered":"Lanciato un nuovo programma di efficienza energetica per le PMI"},"content":{"rendered":"<figure id=\"attachment_1015\" aria-describedby=\"caption-attachment-1015\" style=\"width: 680px\" class=\"wp-caption alignnone\"><img loading=\"lazy\" decoding=\"async\" class=\"size-medium wp-image-1015\" src=\"\/\/www.umweltperspektiven.ch\/wp-content\/uploads\/2017\/06\/PEIK.jpg\" alt=\"\" width=\"680\" height=\"453\" \/><figcaption id=\"caption-attachment-1015\" class=\"wp-caption-text\">Sulla base dell'analisi in loco, i consulenti energetici accreditati PEIK propongono misure concrete di efficienza energetica (Immagine \u00a9 UFE)<\/figcaption><\/figure>\n<p class=\"webLead\">Circa 80`000 piccole e medie imprese (PMI) in Svizzera hanno un consumo energetico considerevole. Ogni anno, consumano da 100.000 a 500.000 kilowattora di elettricit\u00e0 (quanto 20-100 famiglie), da 500.000 a 5 milioni di kilowattora di energia termica (riscaldamento e calore di processo) e pi\u00f9 di 10.000 litri di carburante. Insieme, questo aggiunge una bolletta energetica tra i 20.000 e i 300.000 franchi per PMI.<\/p>\n<p class=\"webLead\">Con semplici misure e senza grandi investimenti, queste PMI potrebbero ridurre la loro bolletta energetica da 10 a 15%. Abbastanza ragionevole per avere il loro potenziale di risparmio energetico analizzato una volta con la consulenza di un esperto e poi decidere se e quali misure di risparmio energetico possono essere implementate. D'ora in poi, le PMI riceveranno supporto in questo processo: <a href=\"\/\/www.energieschweiz.ch\/page\/de-ch\/peik\">PEIK - La piattaforma delle PMI per l'efficienza energetica<\/a> offre la soluzione giusta per ogni esigenza. Le PMI decidono da sole se vogliono approfittare solo della consulenza procedurale gratuita per telefono o online, o se vogliono una consulenza energetica completa in loco o anche essere accompagnate durante l'attuazione delle misure. Un sostegno finanziario \u00e8 disponibile anche da SwissEnergy per la consulenza energetica e di implementazione.<\/p>\n<div id=\"xmlWrapper\">\n<p>PEIK offre alle PMI un punto d'ingresso basato sulle necessit\u00e0 per progetti di risparmio energetico che possono far risparmiare loro molti soldi. Con una bolletta energetica di 30.000 franchi per elettricit\u00e0, calore e benzina, un risparmio di 3.000-4.500 franchi all'anno pu\u00f2 essere raggiunto molto rapidamente.<\/p>\n<p><strong>Tre passi su misura per le PMI<\/strong><\/p>\n<p>Le PMI decidono da sole, senza alcun obbligo, quando e come prendere le misure di risparmio energetico. In questo modo, la consulenza energetica si adatta perfettamente al rispettivo sviluppo aziendale e pu\u00f2 prendere in considerazione le esigenze individuali.<\/p>\n<p><strong>Consigli procedurali:<\/strong> Online o per telefono, le PMI possono ottenere rapidamente e facilmente una prima stima approssimativa del loro potenziale di risparmio energetico e dei risparmi sui costi. Inoltre, ricevono informazioni su servizi di consulenza e supporto adeguati da cantoni, citt\u00e0, fornitori di energia o organizzazioni (ad esempio l'Agenzia dell'energia per l'industria o l'Agenzia Cleantech Svizzera). La consultazione del processo \u00e8 gratuita per le PMI.<\/p>\n<p><strong>Consigli sull'energia:<\/strong> I consulenti PEIK, che possono essere selezionati dalle PMI stesse da un pool di consulenti, analizzano il consumo energetico delle PMI in modo rapido ed efficiente sul posto. Sviluppano proposte concrete di misure con costi e tempi di ritorno. Come risultato, le PMI ricevono un rapporto chiaro con tutti i risultati della consulenza energetica PEIK e un piano di attuazione con informazioni sulle sovvenzioni. Le PMI hanno cos\u00ec tutte le informazioni necessarie per decidere se e quali misure vogliono attuare, quando e come. SwissEnergy contribuisce ai costi della consulenza energetica con 50% o con un massimo di 1500 CHF.<\/p>\n<p><strong>Supporto all'implementazione:<\/strong> Se richiesto, i consulenti PEIK sostengono anche le PMI nell'implementazione dopo la consultazione energetica. Aiutano a ottenere preventivi o a richiedere sovvenzioni. SwissEnergy pu\u00f2 contribuire ai costi fino a 500 franchi.<\/p>\n<p class=\"nsbtextkasten\">La consulenza energetica PEIK si rivolge specificamente alle 80.000 PMI con costi energetici annuali tra i 20.000 e i 300.000 franchi. Questi non sono esenti dalla tassa sul CO2 e non possono avere il rimborso della sovrattassa di rete. Inoltre, non contano come grandi consumatori e quindi non possono essere obbligati dai cantoni a migliorare la loro efficienza energetica.<\/p>\n<p>PEIK - La piattaforma PMI per l'efficienza energetica \u00e8 un nuovo servizio di consulenza offerto da SwissEnergy. Il programma SvizzeraEnergia, lanciato dal Consiglio federale nel 2001, mira ad aumentare l'efficienza energetica e la quota di energie rinnovabili. Il programma si concentra sulla sensibilizzazione, l'informazione e la consulenza, l'istruzione e la formazione, e la garanzia di qualit\u00e0 in varie aree prioritarie.<\/p>\n<p>PEIK durer\u00e0 inizialmente fino alla fine del 2019, dopo di che potr\u00e0 essere esteso per altri 3 anni se avr\u00e0 successo. L'obiettivo \u00e8 di realizzare 1.200 consultazioni di processo, 1.200 consultazioni energetiche e 500 sessioni di supporto all'implementazione all'anno. SwissEnergy mette a disposizione un finanziamento di 1,5 milioni di franchi all'anno per questo scopo.<\/p>\n<p class=\"nsbtextkasten\">Fonte: UFE<\/p>\n<\/div>","protected":false},"excerpt":{"rendered":"<p>Rund 80`000 kleine und mittlere Unternehmen (KMU) in der Schweiz haben einen betr\u00e4chtlichen Energieverbrauch. Pro Betrieb verbrauchen sie pro Jahr 100`000 bis 500`000 Kilowattstunden Strom (soviel wie 20-100 Haushalte), 500`000 bis 5 Millionen Kilowattstunden an W\u00e4rmeenergie (Heiz- und Prozessw\u00e4rme) sowie mehr als 10`000 Liter Treibstoff. Zusammen ergibt das eine Energierechnung zwischen 20`000 und 300`000 Franken [&hellip;]<\/p>\n","protected":false},"author":1,"featured_media":1015,"comment_status":"open","ping_status":"open","sticky":false,"template":"","format":"standard","meta":{"_acf_changed":false,"_yoast_wpseo_focuskw":"Energieeffizienz","_yoast_wpseo_metadesc":"Viele KMU verf\u00fcgen \u00fcber ein betr\u00e4chtliches Energiesparpotenzial. Eine neue Plattform hilft dabei, dieses zu finden und sinnvolle Massnahmen umzusetzen.","articlekey":"","footnotes":""},"categories":[580],"tags":[584,1066,1082,301],"class_list":["post-1014","post","type-post","status-publish","format-standard","has-post-thumbnail","hentry","category-sustainability","tag-energie","tag-energieeffizienz","tag-energieschweiz","tag-kmu"],"acf":[],"yoast_head":"<!-- This site is optimized with the Yoast SEO plugin v27.4 - https:\/\/yoast.com\/product\/yoast-seo-wordpress\/ -->\n<title>Neues Energieeffizienz-Programm f\u00fcr KMU lanciert - Organisator<\/title>\n<meta name=\"description\" content=\"Viele KMU verf\u00fcgen \u00fcber ein betr\u00e4chtliches Energiesparpotenzial. Eine neue Plattform hilft dabei, dieses zu finden und sinnvolle Massnahmen umzusetzen.\" \/>\n<meta name=\"robots\" content=\"index, follow, max-snippet:-1, max-image-preview:large, max-video-preview:-1\" \/>\n<link rel=\"canonical\" href=\"https:\/\/www.organisator.ch\/it\/sostenibilita\/2017-06-14\/energieeffizienz-programm-fuer-kmu\/\" \/>\n<meta property=\"og:locale\" content=\"it_IT\" \/>\n<meta property=\"og:type\" content=\"article\" \/>\n<meta property=\"og:title\" content=\"Neues Energieeffizienz-Programm f\u00fcr KMU lanciert - Organisator\" \/>\n<meta property=\"og:description\" content=\"Viele KMU verf\u00fcgen \u00fcber ein betr\u00e4chtliches Energiesparpotenzial. Eine neue Plattform hilft dabei, dieses zu finden und sinnvolle Massnahmen umzusetzen.\" \/>\n<meta property=\"og:url\" content=\"https:\/\/www.organisator.ch\/it\/sostenibilita\/2017-06-14\/energieeffizienz-programm-fuer-kmu\/\" \/>\n<meta property=\"og:site_name\" content=\"Organisator\" \/>\n<meta property=\"article:publisher\" content=\"https:\/\/www.facebook.com\/OrganisatorFachmagazin\" \/>\n<meta property=\"article:published_time\" content=\"2017-06-14T08:30:47+00:00\" \/>\n<meta property=\"article:modified_time\" content=\"2022-02-09T10:06:20+00:00\" \/>\n<meta property=\"og:image\" content=\"https:\/\/www.organisator.ch\/wp-content\/uploads\/2017\/06\/PEIK-scaled.jpg\" \/>\n\t<meta property=\"og:image:width\" content=\"2560\" \/>\n\t<meta property=\"og:image:height\" content=\"1707\" \/>\n\t<meta property=\"og:image:type\" content=\"image\/jpeg\" \/>\n<meta name=\"author\" content=\"admin\" \/>\n<meta name=\"twitter:card\" content=\"summary_large_image\" \/>\n<script type=\"application\/ld+json\" class=\"yoast-schema-graph\">{\"@context\":\"https:\\\/\\\/schema.org\",\"@graph\":[{\"@type\":\"Article\",\"@id\":\"https:\\\/\\\/www.organisator.ch\\\/sustainability\\\/2017-06-14\\\/energieeffizienz-programm-fuer-kmu\\\/#article\",\"isPartOf\":{\"@id\":\"https:\\\/\\\/www.organisator.ch\\\/sustainability\\\/2017-06-14\\\/energieeffizienz-programm-fuer-kmu\\\/\"},\"author\":{\"name\":\"admin\",\"@id\":\"https:\\\/\\\/www.organisator.ch\\\/#\\\/schema\\\/person\\\/aa2bace6c5c5aad60102004a50c4eb1c\"},\"headline\":\"Neues Energieeffizienz-Programm f\u00fcr KMU lanciert\",\"datePublished\":\"2017-06-14T08:30:47+00:00\",\"dateModified\":\"2022-02-09T10:06:20+00:00\",\"mainEntityOfPage\":{\"@id\":\"https:\\\/\\\/www.organisator.ch\\\/sustainability\\\/2017-06-14\\\/energieeffizienz-programm-fuer-kmu\\\/\"},\"wordCount\":618,\"commentCount\":0,\"publisher\":{\"@id\":\"https:\\\/\\\/www.organisator.ch\\\/#organization\"},\"image\":{\"@id\":\"https:\\\/\\\/www.organisator.ch\\\/sustainability\\\/2017-06-14\\\/energieeffizienz-programm-fuer-kmu\\\/#primaryimage\"},\"thumbnailUrl\":\"https:\\\/\\\/www.organisator.ch\\\/wp-content\\\/uploads\\\/2017\\\/06\\\/PEIK-scaled.jpg\",\"keywords\":[\"ENERGIE\",\"Energieeffizienz\",\"EnergieSchweiz\",\"KMU\"],\"articleSection\":[\"SUSTAINABILITY\"],\"inLanguage\":\"it-IT\"},{\"@type\":\"WebPage\",\"@id\":\"https:\\\/\\\/www.organisator.ch\\\/sustainability\\\/2017-06-14\\\/energieeffizienz-programm-fuer-kmu\\\/\",\"url\":\"https:\\\/\\\/www.organisator.ch\\\/sustainability\\\/2017-06-14\\\/energieeffizienz-programm-fuer-kmu\\\/\",\"name\":\"Neues Energieeffizienz-Programm f\u00fcr KMU lanciert - Organisator\",\"isPartOf\":{\"@id\":\"https:\\\/\\\/www.organisator.ch\\\/#website\"},\"primaryImageOfPage\":{\"@id\":\"https:\\\/\\\/www.organisator.ch\\\/sustainability\\\/2017-06-14\\\/energieeffizienz-programm-fuer-kmu\\\/#primaryimage\"},\"image\":{\"@id\":\"https:\\\/\\\/www.organisator.ch\\\/sustainability\\\/2017-06-14\\\/energieeffizienz-programm-fuer-kmu\\\/#primaryimage\"},\"thumbnailUrl\":\"https:\\\/\\\/www.organisator.ch\\\/wp-content\\\/uploads\\\/2017\\\/06\\\/PEIK-scaled.jpg\",\"datePublished\":\"2017-06-14T08:30:47+00:00\",\"dateModified\":\"2022-02-09T10:06:20+00:00\",\"description\":\"Viele KMU verf\u00fcgen \u00fcber ein betr\u00e4chtliches Energiesparpotenzial. Eine neue Plattform hilft dabei, dieses zu finden und sinnvolle Massnahmen umzusetzen.\",\"breadcrumb\":{\"@id\":\"https:\\\/\\\/www.organisator.ch\\\/sustainability\\\/2017-06-14\\\/energieeffizienz-programm-fuer-kmu\\\/#breadcrumb\"},\"inLanguage\":\"it-IT\",\"potentialAction\":[{\"@type\":\"ReadAction\",\"target\":[\"https:\\\/\\\/www.organisator.ch\\\/sustainability\\\/2017-06-14\\\/energieeffizienz-programm-fuer-kmu\\\/\"]}]},{\"@type\":\"ImageObject\",\"inLanguage\":\"it-IT\",\"@id\":\"https:\\\/\\\/www.organisator.ch\\\/sustainability\\\/2017-06-14\\\/energieeffizienz-programm-fuer-kmu\\\/#primaryimage\",\"url\":\"https:\\\/\\\/www.organisator.ch\\\/wp-content\\\/uploads\\\/2017\\\/06\\\/PEIK-scaled.jpg\",\"contentUrl\":\"https:\\\/\\\/www.organisator.ch\\\/wp-content\\\/uploads\\\/2017\\\/06\\\/PEIK-scaled.jpg\",\"width\":2560,\"height\":1707,\"caption\":\"Auf der Grundlage der Vor-Ort-Analyse schlagen die akkreditierten PEIK-Energieberater konkrete Energieeffizienzmassnahmen vor (Bild \u00a9 BFE)\"},{\"@type\":\"BreadcrumbList\",\"@id\":\"https:\\\/\\\/www.organisator.ch\\\/sustainability\\\/2017-06-14\\\/energieeffizienz-programm-fuer-kmu\\\/#breadcrumb\",\"itemListElement\":[{\"@type\":\"ListItem\",\"position\":1,\"name\":\"Home\",\"item\":\"https:\\\/\\\/www.organisator.ch\\\/\"},{\"@type\":\"ListItem\",\"position\":2,\"name\":\"Neues Energieeffizienz-Programm f\u00fcr KMU lanciert\"}]},{\"@type\":\"WebSite\",\"@id\":\"https:\\\/\\\/www.organisator.ch\\\/#website\",\"url\":\"https:\\\/\\\/www.organisator.ch\\\/\",\"name\":\"Organisator\",\"description\":\"Kompetent. Praxisnah. Der ORGANISATOR bereitet in 10 Ausgaben pro Jahr die wesentlichen Themen f\u00fcr F\u00fchrungskr\u00e4fte von KMU auf.\",\"publisher\":{\"@id\":\"https:\\\/\\\/www.organisator.ch\\\/#organization\"},\"potentialAction\":[{\"@type\":\"SearchAction\",\"target\":{\"@type\":\"EntryPoint\",\"urlTemplate\":\"https:\\\/\\\/www.organisator.ch\\\/?s={search_term_string}\"},\"query-input\":{\"@type\":\"PropertyValueSpecification\",\"valueRequired\":true,\"valueName\":\"search_term_string\"}}],\"inLanguage\":\"it-IT\"},{\"@type\":\"Organization\",\"@id\":\"https:\\\/\\\/www.organisator.ch\\\/#organization\",\"name\":\"Organisator\",\"url\":\"https:\\\/\\\/www.organisator.ch\\\/\",\"logo\":{\"@type\":\"ImageObject\",\"inLanguage\":\"it-IT\",\"@id\":\"https:\\\/\\\/www.organisator.ch\\\/#\\\/schema\\\/logo\\\/image\\\/\",\"url\":\"https:\\\/\\\/www.organisator.ch\\\/wp-content\\\/uploads\\\/2022\\\/01\\\/Logo_Organisator_Website.png\",\"contentUrl\":\"https:\\\/\\\/www.organisator.ch\\\/wp-content\\\/uploads\\\/2022\\\/01\\\/Logo_Organisator_Website.png\",\"width\":800,\"height\":77,\"caption\":\"Organisator\"},\"image\":{\"@id\":\"https:\\\/\\\/www.organisator.ch\\\/#\\\/schema\\\/logo\\\/image\\\/\"},\"sameAs\":[\"https:\\\/\\\/www.facebook.com\\\/OrganisatorFachmagazin\",\"https:\\\/\\\/www.linkedin.com\\\/showcase\\\/organisator-das-magazin-fr-kmu\",\"https:\\\/\\\/www.xing.com\\\/news\\\/pages\\\/organisator-ch-695\",\"https:\\\/\\\/www.youtube.com\\\/channel\\\/UCGP2Sq0iWaZwT3BdIAQFYpw\"]},{\"@type\":\"Person\",\"@id\":\"https:\\\/\\\/www.organisator.ch\\\/#\\\/schema\\\/person\\\/aa2bace6c5c5aad60102004a50c4eb1c\",\"name\":\"admin\",\"image\":{\"@type\":\"ImageObject\",\"inLanguage\":\"it-IT\",\"@id\":\"https:\\\/\\\/secure.gravatar.com\\\/avatar\\\/ae2f4d718e6c49043e314ce431e7e645d646302a24a5ef5a8bc8e3f5a032e319?s=96&d=mm&r=g\",\"url\":\"https:\\\/\\\/secure.gravatar.com\\\/avatar\\\/ae2f4d718e6c49043e314ce431e7e645d646302a24a5ef5a8bc8e3f5a032e319?s=96&d=mm&r=g\",\"contentUrl\":\"https:\\\/\\\/secure.gravatar.com\\\/avatar\\\/ae2f4d718e6c49043e314ce431e7e645d646302a24a5ef5a8bc8e3f5a032e319?s=96&d=mm&r=g\",\"caption\":\"admin\"},\"sameAs\":[\"https:\\\/\\\/www.organisator.ch\"],\"url\":\"https:\\\/\\\/www.organisator.ch\\\/it\\\/author\\\/admin\\\/\"}]}<\/script>\n<!-- \/ Yoast SEO plugin. -->","yoast_head_json":{"title":"Lanciato un nuovo programma di efficienza energetica per le PMI - Organizzatore","description":"Molte PMI hanno un notevole potenziale di risparmio energetico. Una nuova piattaforma aiuta a scoprirlo e a implementare misure sensate.","robots":{"index":"index","follow":"follow","max-snippet":"max-snippet:-1","max-image-preview":"max-image-preview:large","max-video-preview":"max-video-preview:-1"},"canonical":"https:\/\/www.organisator.ch\/it\/sostenibilita\/2017-06-14\/energieeffizienz-programm-fuer-kmu\/","og_locale":"it_IT","og_type":"article","og_title":"Neues Energieeffizienz-Programm f\u00fcr KMU lanciert - Organisator","og_description":"Viele KMU verf\u00fcgen \u00fcber ein betr\u00e4chtliches Energiesparpotenzial. Eine neue Plattform hilft dabei, dieses zu finden und sinnvolle Massnahmen umzusetzen.","og_url":"https:\/\/www.organisator.ch\/it\/sostenibilita\/2017-06-14\/energieeffizienz-programm-fuer-kmu\/","og_site_name":"Organisator","article_publisher":"https:\/\/www.facebook.com\/OrganisatorFachmagazin","article_published_time":"2017-06-14T08:30:47+00:00","article_modified_time":"2022-02-09T10:06:20+00:00","og_image":[{"width":2560,"height":1707,"url":"https:\/\/www.organisator.ch\/wp-content\/uploads\/2017\/06\/PEIK-scaled.jpg","type":"image\/jpeg"}],"author":"admin","twitter_card":"summary_large_image","schema":{"@context":"https:\/\/schema.org","@graph":[{"@type":"Article","@id":"https:\/\/www.organisator.ch\/sustainability\/2017-06-14\/energieeffizienz-programm-fuer-kmu\/#article","isPartOf":{"@id":"https:\/\/www.organisator.ch\/sustainability\/2017-06-14\/energieeffizienz-programm-fuer-kmu\/"},"author":{"name":"admin","@id":"https:\/\/www.organisator.ch\/#\/schema\/person\/aa2bace6c5c5aad60102004a50c4eb1c"},"headline":"Neues Energieeffizienz-Programm f\u00fcr KMU lanciert","datePublished":"2017-06-14T08:30:47+00:00","dateModified":"2022-02-09T10:06:20+00:00","mainEntityOfPage":{"@id":"https:\/\/www.organisator.ch\/sustainability\/2017-06-14\/energieeffizienz-programm-fuer-kmu\/"},"wordCount":618,"commentCount":0,"publisher":{"@id":"https:\/\/www.organisator.ch\/#organization"},"image":{"@id":"https:\/\/www.organisator.ch\/sustainability\/2017-06-14\/energieeffizienz-programm-fuer-kmu\/#primaryimage"},"thumbnailUrl":"https:\/\/www.organisator.ch\/wp-content\/uploads\/2017\/06\/PEIK-scaled.jpg","keywords":["ENERGIE","Energieeffizienz","EnergieSchweiz","KMU"],"articleSection":["SUSTAINABILITY"],"inLanguage":"it-IT"},{"@type":"WebPage","@id":"https:\/\/www.organisator.ch\/sustainability\/2017-06-14\/energieeffizienz-programm-fuer-kmu\/","url":"https:\/\/www.organisator.ch\/sustainability\/2017-06-14\/energieeffizienz-programm-fuer-kmu\/","name":"Lanciato un nuovo programma di efficienza energetica per le PMI - Organizzatore","isPartOf":{"@id":"https:\/\/www.organisator.ch\/#website"},"primaryImageOfPage":{"@id":"https:\/\/www.organisator.ch\/sustainability\/2017-06-14\/energieeffizienz-programm-fuer-kmu\/#primaryimage"},"image":{"@id":"https:\/\/www.organisator.ch\/sustainability\/2017-06-14\/energieeffizienz-programm-fuer-kmu\/#primaryimage"},"thumbnailUrl":"https:\/\/www.organisator.ch\/wp-content\/uploads\/2017\/06\/PEIK-scaled.jpg","datePublished":"2017-06-14T08:30:47+00:00","dateModified":"2022-02-09T10:06:20+00:00","description":"Molte PMI hanno un notevole potenziale di risparmio energetico. Una nuova piattaforma aiuta a scoprirlo e a implementare misure sensate.","breadcrumb":{"@id":"https:\/\/www.organisator.ch\/sustainability\/2017-06-14\/energieeffizienz-programm-fuer-kmu\/#breadcrumb"},"inLanguage":"it-IT","potentialAction":[{"@type":"ReadAction","target":["https:\/\/www.organisator.ch\/sustainability\/2017-06-14\/energieeffizienz-programm-fuer-kmu\/"]}]},{"@type":"ImageObject","inLanguage":"it-IT","@id":"https:\/\/www.organisator.ch\/sustainability\/2017-06-14\/energieeffizienz-programm-fuer-kmu\/#primaryimage","url":"https:\/\/www.organisator.ch\/wp-content\/uploads\/2017\/06\/PEIK-scaled.jpg","contentUrl":"https:\/\/www.organisator.ch\/wp-content\/uploads\/2017\/06\/PEIK-scaled.jpg","width":2560,"height":1707,"caption":"Auf der Grundlage der Vor-Ort-Analyse schlagen die akkreditierten PEIK-Energieberater konkrete Energieeffizienzmassnahmen vor (Bild \u00a9 BFE)"},{"@type":"BreadcrumbList","@id":"https:\/\/www.organisator.ch\/sustainability\/2017-06-14\/energieeffizienz-programm-fuer-kmu\/#breadcrumb","itemListElement":[{"@type":"ListItem","position":1,"name":"Home","item":"https:\/\/www.organisator.ch\/"},{"@type":"ListItem","position":2,"name":"Neues Energieeffizienz-Programm f\u00fcr KMU lanciert"}]},{"@type":"WebSite","@id":"https:\/\/www.organisator.ch\/#website","url":"https:\/\/www.organisator.ch\/","name":"Organizzatore","description":"Competente. Pratico. In 10 numeri all'anno, ORGANISATOR presenta i temi essenziali per i manager delle PMI.","publisher":{"@id":"https:\/\/www.organisator.ch\/#organization"},"potentialAction":[{"@type":"SearchAction","target":{"@type":"EntryPoint","urlTemplate":"https:\/\/www.organisator.ch\/?s={search_term_string}"},"query-input":{"@type":"PropertyValueSpecification","valueRequired":true,"valueName":"search_term_string"}}],"inLanguage":"it-IT"},{"@type":"Organization","@id":"https:\/\/www.organisator.ch\/#organization","name":"Organizzatore","url":"https:\/\/www.organisator.ch\/","logo":{"@type":"ImageObject","inLanguage":"it-IT","@id":"https:\/\/www.organisator.ch\/#\/schema\/logo\/image\/","url":"https:\/\/www.organisator.ch\/wp-content\/uploads\/2022\/01\/Logo_Organisator_Website.png","contentUrl":"https:\/\/www.organisator.ch\/wp-content\/uploads\/2022\/01\/Logo_Organisator_Website.png","width":800,"height":77,"caption":"Organisator"},"image":{"@id":"https:\/\/www.organisator.ch\/#\/schema\/logo\/image\/"},"sameAs":["https:\/\/www.facebook.com\/OrganisatorFachmagazin","https:\/\/www.linkedin.com\/showcase\/organisator-das-magazin-fr-kmu","https:\/\/www.xing.com\/news\/pages\/organisator-ch-695","https:\/\/www.youtube.com\/channel\/UCGP2Sq0iWaZwT3BdIAQFYpw"]},{"@type":"Person","@id":"https:\/\/www.organisator.ch\/#\/schema\/person\/aa2bace6c5c5aad60102004a50c4eb1c","name":"amministratore","image":{"@type":"ImageObject","inLanguage":"it-IT","@id":"https:\/\/secure.gravatar.com\/avatar\/ae2f4d718e6c49043e314ce431e7e645d646302a24a5ef5a8bc8e3f5a032e319?s=96&d=mm&r=g","url":"https:\/\/secure.gravatar.com\/avatar\/ae2f4d718e6c49043e314ce431e7e645d646302a24a5ef5a8bc8e3f5a032e319?s=96&d=mm&r=g","contentUrl":"https:\/\/secure.gravatar.com\/avatar\/ae2f4d718e6c49043e314ce431e7e645d646302a24a5ef5a8bc8e3f5a032e319?s=96&d=mm&r=g","caption":"admin"},"sameAs":["https:\/\/www.organisator.ch"],"url":"https:\/\/www.organisator.ch\/it\/author\/admin\/"}]}},"_links":{"self":[{"href":"https:\/\/www.organisator.ch\/it\/wp-json\/wp\/v2\/posts\/1014","targetHints":{"allow":["GET"]}}],"collection":[{"href":"https:\/\/www.organisator.ch\/it\/wp-json\/wp\/v2\/posts"}],"about":[{"href":"https:\/\/www.organisator.ch\/it\/wp-json\/wp\/v2\/types\/post"}],"author":[{"embeddable":true,"href":"https:\/\/www.organisator.ch\/it\/wp-json\/wp\/v2\/users\/1"}],"replies":[{"embeddable":true,"href":"https:\/\/www.organisator.ch\/it\/wp-json\/wp\/v2\/comments?post=1014"}],"version-history":[{"count":1,"href":"https:\/\/www.organisator.ch\/it\/wp-json\/wp\/v2\/posts\/1014\/revisions"}],"predecessor-version":[{"id":10579,"href":"https:\/\/www.organisator.ch\/it\/wp-json\/wp\/v2\/posts\/1014\/revisions\/10579"}],"wp:featuredmedia":[{"embeddable":true,"href":"https:\/\/www.organisator.ch\/it\/wp-json\/wp\/v2\/media\/1015"}],"wp:attachment":[{"href":"https:\/\/www.organisator.ch\/it\/wp-json\/wp\/v2\/media?parent=1014"}],"wp:term":[{"taxonomy":"category","embeddable":true,"href":"https:\/\/www.organisator.ch\/it\/wp-json\/wp\/v2\/categories?post=1014"},{"taxonomy":"post_tag","embeddable":true,"href":"https:\/\/www.organisator.ch\/it\/wp-json\/wp\/v2\/tags?post=1014"}],"curies":[{"name":"wp","href":"https:\/\/api.w.org\/{rel}","templated":true}]}}