{"id":10140,"date":"2020-01-03T10:50:41","date_gmt":"2020-01-03T09:50:41","guid":{"rendered":"https:\/\/www.umweltperspektiven.ch\/?p=2703"},"modified":"2022-02-09T11:10:01","modified_gmt":"2022-02-09T10:10:01","slug":"bundesrat-setzt-sich-fuer-einen-nachhaltigen-finanzplatz-schweiz-ein","status":"publish","type":"post","link":"https:\/\/www.organisator.ch\/it\/sustainability\/2020-01-03\/bundesrat-setzt-sich-fuer-einen-nachhaltigen-finanzplatz-schweiz-ein\/","title":{"rendered":"Il Consiglio federale auspica una piazza finanziaria svizzera sostenibile"},"content":{"rendered":"<figure id=\"attachment_2704\" aria-describedby=\"caption-attachment-2704\" style=\"width: 680px\" class=\"wp-caption alignnone\"><img loading=\"lazy\" decoding=\"async\" class=\"size-medium wp-image-2704\" src=\"\/\/www.umweltperspektiven.ch\/wp-content\/uploads\/2020\/01\/NachhaltigerFinanzsektor_UP_Umwelt-Perspektiven.jpg\" alt=\"\" width=\"680\" height=\"494\" \/><figcaption id=\"caption-attachment-2704\" class=\"wp-caption-text\">Il Consiglio federale ha nuovamente discusso della piazza finanziaria sostenibile. (Immagine: Unsplash)<\/figcaption><\/figure>\n<p>Il Consiglio federale vede grandi opportunit\u00e0 per una piazza finanziaria svizzera sostenibile. Vuole creare le condizioni quadro che consentano alla piazza finanziaria di essere competitiva nel settore della finanza sostenibile.<\/p>\n<p><strong>Gruppo di lavoro interno<\/strong><\/p>\n<p>Nell'ambito del dibattito del 26 giugno 2019 su una piazza finanziaria svizzera sostenibile, il governo svizzero ha istituito un gruppo di lavoro interno, incaricandolo di fornire diversi chiarimenti in merito. Sotto la guida della Segreteria di Stato per le questioni finanziarie internazionali (SIF) e in stretta collaborazione con l'UFAM e altre autorit\u00e0 come il Dipartimento federale degli affari esteri (DFAE) e la Segreteria di Stato per l'economia (SECO), il gruppo di lavoro consulta anche gli stakeholder del settore dei mercati finanziari e gli organismi esterni interessati.<\/p>\n<p>Uno dei compiti del gruppo di lavoro \u00e8 quello di discutere la regolamentazione dei mercati finanziari dal punto di vista della sostenibilit\u00e0.<\/p>\n<p><strong>Obiettivi<\/strong><\/p>\n<p>Qualsiasi necessit\u00e0 di intervento deve soddisfare i seguenti obiettivi generali: Aumentare la competitivit\u00e0 della piazza finanziaria svizzera, ossia migliorare la sua capacit\u00e0 di soddisfare la domanda di prodotti finanziari sostenibili e raggiungere gli obiettivi climatici. Di conseguenza, il Consiglio federale ha incaricato il DFF di approfondire i seguenti punti dal punto di vista dei rischi climatici e ambientali o dei loro effetti:<\/p>\n<p>1. obbligo di divulgare sistematicamente informazioni rilevanti e comparabili per clienti, proprietari e investitori; 2. rafforzamento della certezza giuridica in relazione agli obblighi di due diligence; 3. considerazione dei rischi climatici e ambientali o dei loro effetti in tutte le questioni relative alla stabilit\u00e0 dei mercati finanziari.<\/p>\n<p>La politica del Consiglio federale in materia di sostenibilit\u00e0 nel settore finanziario \u00e8 guidata dal principio di sussidiariet\u00e0 dell'azione governativa e dal primato degli approcci basati sul mercato. Anche questi principi dovranno essere presi in considerazione nell'esaminare le questioni sopra citate.<\/p>\n<p>Nella primavera del 2020, il gruppo di lavoro presenter\u00e0 le sue conclusioni sull'impatto del Piano d'azione dell'UE per un settore finanziario sostenibile sulla piazza finanziaria svizzera e far\u00e0 il punto sulle misure adottate finora dal settore pubblico e dall'industria finanziaria.<\/p>\n<p><a href=\"\/\/www.admin.ch\">www.admin.ch<\/a><\/p>","protected":false},"excerpt":{"rendered":"<p>Der Bundesrat sieht grosse Chancen f\u00fcr einen nachhaltigen Finanzplatz Schweiz. Er will die Rahmenbedingungen schaffen, die es dem Finanzplatz erlauben, im Bereich nachhaltiger Finanzen wettbewerbsf\u00e4hig zu sein. Interne Arbeitsgruppe Die Schweizer Regierung hat im Rahmen seiner Aussprache vom 26.\u00a0Juni 2019 \u00fcber einen nachhaltigen Finanzplatz Schweiz eine interne Arbeitsgruppe eingesetzt und sie mit verschiedenen Abkl\u00e4rungen zu [&hellip;]<\/p>\n","protected":false},"author":5,"featured_media":2704,"comment_status":"closed","ping_status":"closed","sticky":false,"template":"","format":"standard","meta":{"_acf_changed":false,"_yoast_wpseo_focuskw":"Nachhaltigen Finanzplatz","_yoast_wpseo_metadesc":"Laut einer Medienmitteilung vom Bund hat der Bundesrat in der Aussprache vom 6. Dezember 2019 \u00fcber einen nachhaltigen Finanzplatz Schweiz diskutiert.","articlekey":"","footnotes":""},"categories":[580],"tags":[723,1179,1752,424,2602],"class_list":["post-10140","post","type-post","status-publish","format-standard","has-post-thumbnail","hentry","category-sustainability","tag-arbeitsgruppe","tag-finanzplatz","tag-nachhaltig-anlegen","tag-schweiz","tag-ziele"],"acf":[],"yoast_head":"<!-- This site is optimized with the Yoast SEO plugin v27.5 - https:\/\/yoast.com\/product\/yoast-seo-wordpress\/ -->\n<title>Bundesrat setzt sich f\u00fcr einen nachhaltigen Finanzplatz Schweiz ein - Organisator<\/title>\n<meta name=\"description\" content=\"Laut einer Medienmitteilung vom Bund hat der Bundesrat in der Aussprache vom 6. Dezember 2019 \u00fcber einen nachhaltigen Finanzplatz Schweiz diskutiert.\" \/>\n<meta name=\"robots\" content=\"index, follow, max-snippet:-1, max-image-preview:large, max-video-preview:-1\" \/>\n<link rel=\"canonical\" href=\"https:\/\/www.organisator.ch\/it\/sostenibilita\/2020-01-03\/bundesrat-setzt-sich-fuer-einen-nachhaltigen-finanzplatz-schweiz-ein\/\" \/>\n<meta property=\"og:locale\" content=\"it_IT\" \/>\n<meta property=\"og:type\" content=\"article\" \/>\n<meta property=\"og:title\" content=\"Bundesrat setzt sich f\u00fcr einen nachhaltigen Finanzplatz Schweiz ein - Organisator\" \/>\n<meta property=\"og:description\" content=\"Laut einer Medienmitteilung vom Bund hat der Bundesrat in der Aussprache vom 6. Dezember 2019 \u00fcber einen nachhaltigen Finanzplatz Schweiz diskutiert.\" \/>\n<meta property=\"og:url\" content=\"https:\/\/www.organisator.ch\/it\/sostenibilita\/2020-01-03\/bundesrat-setzt-sich-fuer-einen-nachhaltigen-finanzplatz-schweiz-ein\/\" \/>\n<meta property=\"og:site_name\" content=\"Organisator\" \/>\n<meta property=\"article:publisher\" content=\"https:\/\/www.facebook.com\/OrganisatorFachmagazin\" \/>\n<meta property=\"article:published_time\" content=\"2020-01-03T09:50:41+00:00\" \/>\n<meta property=\"article:modified_time\" content=\"2022-02-09T10:10:01+00:00\" \/>\n<meta property=\"og:image\" content=\"https:\/\/www.organisator.ch\/wp-content\/uploads\/2020\/01\/NachhaltigerFinanzsektor_UP_Umwelt-Perspektiven-scaled.jpg\" \/>\n\t<meta property=\"og:image:width\" content=\"2560\" \/>\n\t<meta property=\"og:image:height\" content=\"1862\" \/>\n\t<meta property=\"og:image:type\" content=\"image\/jpeg\" \/>\n<meta name=\"author\" content=\"michael.merz\" \/>\n<meta name=\"twitter:card\" content=\"summary_large_image\" \/>\n<script type=\"application\/ld+json\" class=\"yoast-schema-graph\">{\"@context\":\"https:\\\/\\\/schema.org\",\"@graph\":[{\"@type\":\"Article\",\"@id\":\"https:\\\/\\\/www.organisator.ch\\\/sustainability\\\/2020-01-03\\\/bundesrat-setzt-sich-fuer-einen-nachhaltigen-finanzplatz-schweiz-ein\\\/#article\",\"isPartOf\":{\"@id\":\"https:\\\/\\\/www.organisator.ch\\\/sustainability\\\/2020-01-03\\\/bundesrat-setzt-sich-fuer-einen-nachhaltigen-finanzplatz-schweiz-ein\\\/\"},\"author\":{\"name\":\"michael.merz\",\"@id\":\"https:\\\/\\\/www.organisator.ch\\\/#\\\/schema\\\/person\\\/134708ca9321c57b0362cceb7948ffbd\"},\"headline\":\"Bundesrat setzt sich f\u00fcr einen nachhaltigen Finanzplatz Schweiz ein\",\"datePublished\":\"2020-01-03T09:50:41+00:00\",\"dateModified\":\"2022-02-09T10:10:01+00:00\",\"mainEntityOfPage\":{\"@id\":\"https:\\\/\\\/www.organisator.ch\\\/sustainability\\\/2020-01-03\\\/bundesrat-setzt-sich-fuer-einen-nachhaltigen-finanzplatz-schweiz-ein\\\/\"},\"wordCount\":342,\"publisher\":{\"@id\":\"https:\\\/\\\/www.organisator.ch\\\/#organization\"},\"image\":{\"@id\":\"https:\\\/\\\/www.organisator.ch\\\/sustainability\\\/2020-01-03\\\/bundesrat-setzt-sich-fuer-einen-nachhaltigen-finanzplatz-schweiz-ein\\\/#primaryimage\"},\"thumbnailUrl\":\"https:\\\/\\\/www.organisator.ch\\\/wp-content\\\/uploads\\\/2020\\\/01\\\/NachhaltigerFinanzsektor_UP_Umwelt-Perspektiven-scaled.jpg\",\"keywords\":[\"Arbeitsgruppe\",\"Finanzplatz\",\"nachhaltig anlegen\",\"Schweiz\",\"Ziele\"],\"articleSection\":[\"SUSTAINABILITY\"],\"inLanguage\":\"it-IT\"},{\"@type\":\"WebPage\",\"@id\":\"https:\\\/\\\/www.organisator.ch\\\/sustainability\\\/2020-01-03\\\/bundesrat-setzt-sich-fuer-einen-nachhaltigen-finanzplatz-schweiz-ein\\\/\",\"url\":\"https:\\\/\\\/www.organisator.ch\\\/sustainability\\\/2020-01-03\\\/bundesrat-setzt-sich-fuer-einen-nachhaltigen-finanzplatz-schweiz-ein\\\/\",\"name\":\"Bundesrat setzt sich f\u00fcr einen nachhaltigen Finanzplatz Schweiz ein - Organisator\",\"isPartOf\":{\"@id\":\"https:\\\/\\\/www.organisator.ch\\\/#website\"},\"primaryImageOfPage\":{\"@id\":\"https:\\\/\\\/www.organisator.ch\\\/sustainability\\\/2020-01-03\\\/bundesrat-setzt-sich-fuer-einen-nachhaltigen-finanzplatz-schweiz-ein\\\/#primaryimage\"},\"image\":{\"@id\":\"https:\\\/\\\/www.organisator.ch\\\/sustainability\\\/2020-01-03\\\/bundesrat-setzt-sich-fuer-einen-nachhaltigen-finanzplatz-schweiz-ein\\\/#primaryimage\"},\"thumbnailUrl\":\"https:\\\/\\\/www.organisator.ch\\\/wp-content\\\/uploads\\\/2020\\\/01\\\/NachhaltigerFinanzsektor_UP_Umwelt-Perspektiven-scaled.jpg\",\"datePublished\":\"2020-01-03T09:50:41+00:00\",\"dateModified\":\"2022-02-09T10:10:01+00:00\",\"description\":\"Laut einer Medienmitteilung vom Bund hat der Bundesrat in der Aussprache vom 6. Dezember 2019 \u00fcber einen nachhaltigen Finanzplatz Schweiz diskutiert.\",\"breadcrumb\":{\"@id\":\"https:\\\/\\\/www.organisator.ch\\\/sustainability\\\/2020-01-03\\\/bundesrat-setzt-sich-fuer-einen-nachhaltigen-finanzplatz-schweiz-ein\\\/#breadcrumb\"},\"inLanguage\":\"it-IT\",\"potentialAction\":[{\"@type\":\"ReadAction\",\"target\":[\"https:\\\/\\\/www.organisator.ch\\\/sustainability\\\/2020-01-03\\\/bundesrat-setzt-sich-fuer-einen-nachhaltigen-finanzplatz-schweiz-ein\\\/\"]}]},{\"@type\":\"ImageObject\",\"inLanguage\":\"it-IT\",\"@id\":\"https:\\\/\\\/www.organisator.ch\\\/sustainability\\\/2020-01-03\\\/bundesrat-setzt-sich-fuer-einen-nachhaltigen-finanzplatz-schweiz-ein\\\/#primaryimage\",\"url\":\"https:\\\/\\\/www.organisator.ch\\\/wp-content\\\/uploads\\\/2020\\\/01\\\/NachhaltigerFinanzsektor_UP_Umwelt-Perspektiven-scaled.jpg\",\"contentUrl\":\"https:\\\/\\\/www.organisator.ch\\\/wp-content\\\/uploads\\\/2020\\\/01\\\/NachhaltigerFinanzsektor_UP_Umwelt-Perspektiven-scaled.jpg\",\"width\":2560,\"height\":1862,\"caption\":\"Der Bundesrat hat erneut \u00fcber den nachhaltigen Finanzplatz diskutiert. (Bild: Unsplash)\"},{\"@type\":\"BreadcrumbList\",\"@id\":\"https:\\\/\\\/www.organisator.ch\\\/sustainability\\\/2020-01-03\\\/bundesrat-setzt-sich-fuer-einen-nachhaltigen-finanzplatz-schweiz-ein\\\/#breadcrumb\",\"itemListElement\":[{\"@type\":\"ListItem\",\"position\":1,\"name\":\"Home\",\"item\":\"https:\\\/\\\/www.organisator.ch\\\/\"},{\"@type\":\"ListItem\",\"position\":2,\"name\":\"Bundesrat setzt sich f\u00fcr einen nachhaltigen Finanzplatz Schweiz ein\"}]},{\"@type\":\"WebSite\",\"@id\":\"https:\\\/\\\/www.organisator.ch\\\/#website\",\"url\":\"https:\\\/\\\/www.organisator.ch\\\/\",\"name\":\"Organisator\",\"description\":\"Kompetent. Praxisnah. Der ORGANISATOR bereitet in 10 Ausgaben pro Jahr die wesentlichen Themen f\u00fcr F\u00fchrungskr\u00e4fte von KMU auf.\",\"publisher\":{\"@id\":\"https:\\\/\\\/www.organisator.ch\\\/#organization\"},\"potentialAction\":[{\"@type\":\"SearchAction\",\"target\":{\"@type\":\"EntryPoint\",\"urlTemplate\":\"https:\\\/\\\/www.organisator.ch\\\/?s={search_term_string}\"},\"query-input\":{\"@type\":\"PropertyValueSpecification\",\"valueRequired\":true,\"valueName\":\"search_term_string\"}}],\"inLanguage\":\"it-IT\"},{\"@type\":\"Organization\",\"@id\":\"https:\\\/\\\/www.organisator.ch\\\/#organization\",\"name\":\"Organisator\",\"url\":\"https:\\\/\\\/www.organisator.ch\\\/\",\"logo\":{\"@type\":\"ImageObject\",\"inLanguage\":\"it-IT\",\"@id\":\"https:\\\/\\\/www.organisator.ch\\\/#\\\/schema\\\/logo\\\/image\\\/\",\"url\":\"https:\\\/\\\/www.organisator.ch\\\/wp-content\\\/uploads\\\/2022\\\/01\\\/Logo_Organisator_Website.png\",\"contentUrl\":\"https:\\\/\\\/www.organisator.ch\\\/wp-content\\\/uploads\\\/2022\\\/01\\\/Logo_Organisator_Website.png\",\"width\":800,\"height\":77,\"caption\":\"Organisator\"},\"image\":{\"@id\":\"https:\\\/\\\/www.organisator.ch\\\/#\\\/schema\\\/logo\\\/image\\\/\"},\"sameAs\":[\"https:\\\/\\\/www.facebook.com\\\/OrganisatorFachmagazin\",\"https:\\\/\\\/www.linkedin.com\\\/showcase\\\/organisator-das-magazin-fr-kmu\",\"https:\\\/\\\/www.xing.com\\\/news\\\/pages\\\/organisator-ch-695\",\"https:\\\/\\\/www.youtube.com\\\/channel\\\/UCGP2Sq0iWaZwT3BdIAQFYpw\"]},{\"@type\":\"Person\",\"@id\":\"https:\\\/\\\/www.organisator.ch\\\/#\\\/schema\\\/person\\\/134708ca9321c57b0362cceb7948ffbd\",\"name\":\"michael.merz\",\"image\":{\"@type\":\"ImageObject\",\"inLanguage\":\"it-IT\",\"@id\":\"https:\\\/\\\/secure.gravatar.com\\\/avatar\\\/?s=96&d=mm&r=g\",\"url\":\"https:\\\/\\\/secure.gravatar.com\\\/avatar\\\/?s=96&d=mm&r=g\",\"contentUrl\":\"https:\\\/\\\/secure.gravatar.com\\\/avatar\\\/?s=96&d=mm&r=g\",\"caption\":\"michael.merz\"},\"url\":\"https:\\\/\\\/www.organisator.ch\\\/it\\\/author\\\/michael-merz\\\/\"}]}<\/script>\n<!-- \/ Yoast SEO plugin. -->","yoast_head_json":{"title":"Il Consiglio federale auspica una piazza finanziaria svizzera sostenibile - Organizzatore","description":"Secondo un comunicato stampa della Confederazione, il Consiglio federale ha discusso di una piazza finanziaria svizzera sostenibile durante il dibattito del 6 dicembre 2019.","robots":{"index":"index","follow":"follow","max-snippet":"max-snippet:-1","max-image-preview":"max-image-preview:large","max-video-preview":"max-video-preview:-1"},"canonical":"https:\/\/www.organisator.ch\/it\/sostenibilita\/2020-01-03\/bundesrat-setzt-sich-fuer-einen-nachhaltigen-finanzplatz-schweiz-ein\/","og_locale":"it_IT","og_type":"article","og_title":"Bundesrat setzt sich f\u00fcr einen nachhaltigen Finanzplatz Schweiz ein - Organisator","og_description":"Laut einer Medienmitteilung vom Bund hat der Bundesrat in der Aussprache vom 6. Dezember 2019 \u00fcber einen nachhaltigen Finanzplatz Schweiz diskutiert.","og_url":"https:\/\/www.organisator.ch\/it\/sostenibilita\/2020-01-03\/bundesrat-setzt-sich-fuer-einen-nachhaltigen-finanzplatz-schweiz-ein\/","og_site_name":"Organisator","article_publisher":"https:\/\/www.facebook.com\/OrganisatorFachmagazin","article_published_time":"2020-01-03T09:50:41+00:00","article_modified_time":"2022-02-09T10:10:01+00:00","og_image":[{"width":2560,"height":1862,"url":"https:\/\/www.organisator.ch\/wp-content\/uploads\/2020\/01\/NachhaltigerFinanzsektor_UP_Umwelt-Perspektiven-scaled.jpg","type":"image\/jpeg"}],"author":"michael.merz","twitter_card":"summary_large_image","schema":{"@context":"https:\/\/schema.org","@graph":[{"@type":"Article","@id":"https:\/\/www.organisator.ch\/sustainability\/2020-01-03\/bundesrat-setzt-sich-fuer-einen-nachhaltigen-finanzplatz-schweiz-ein\/#article","isPartOf":{"@id":"https:\/\/www.organisator.ch\/sustainability\/2020-01-03\/bundesrat-setzt-sich-fuer-einen-nachhaltigen-finanzplatz-schweiz-ein\/"},"author":{"name":"michael.merz","@id":"https:\/\/www.organisator.ch\/#\/schema\/person\/134708ca9321c57b0362cceb7948ffbd"},"headline":"Bundesrat setzt sich f\u00fcr einen nachhaltigen Finanzplatz Schweiz ein","datePublished":"2020-01-03T09:50:41+00:00","dateModified":"2022-02-09T10:10:01+00:00","mainEntityOfPage":{"@id":"https:\/\/www.organisator.ch\/sustainability\/2020-01-03\/bundesrat-setzt-sich-fuer-einen-nachhaltigen-finanzplatz-schweiz-ein\/"},"wordCount":342,"publisher":{"@id":"https:\/\/www.organisator.ch\/#organization"},"image":{"@id":"https:\/\/www.organisator.ch\/sustainability\/2020-01-03\/bundesrat-setzt-sich-fuer-einen-nachhaltigen-finanzplatz-schweiz-ein\/#primaryimage"},"thumbnailUrl":"https:\/\/www.organisator.ch\/wp-content\/uploads\/2020\/01\/NachhaltigerFinanzsektor_UP_Umwelt-Perspektiven-scaled.jpg","keywords":["Arbeitsgruppe","Finanzplatz","nachhaltig anlegen","Schweiz","Ziele"],"articleSection":["SUSTAINABILITY"],"inLanguage":"it-IT"},{"@type":"WebPage","@id":"https:\/\/www.organisator.ch\/sustainability\/2020-01-03\/bundesrat-setzt-sich-fuer-einen-nachhaltigen-finanzplatz-schweiz-ein\/","url":"https:\/\/www.organisator.ch\/sustainability\/2020-01-03\/bundesrat-setzt-sich-fuer-einen-nachhaltigen-finanzplatz-schweiz-ein\/","name":"Il Consiglio federale auspica una piazza finanziaria svizzera sostenibile - Organizzatore","isPartOf":{"@id":"https:\/\/www.organisator.ch\/#website"},"primaryImageOfPage":{"@id":"https:\/\/www.organisator.ch\/sustainability\/2020-01-03\/bundesrat-setzt-sich-fuer-einen-nachhaltigen-finanzplatz-schweiz-ein\/#primaryimage"},"image":{"@id":"https:\/\/www.organisator.ch\/sustainability\/2020-01-03\/bundesrat-setzt-sich-fuer-einen-nachhaltigen-finanzplatz-schweiz-ein\/#primaryimage"},"thumbnailUrl":"https:\/\/www.organisator.ch\/wp-content\/uploads\/2020\/01\/NachhaltigerFinanzsektor_UP_Umwelt-Perspektiven-scaled.jpg","datePublished":"2020-01-03T09:50:41+00:00","dateModified":"2022-02-09T10:10:01+00:00","description":"Secondo un comunicato stampa della Confederazione, il Consiglio federale ha discusso di una piazza finanziaria svizzera sostenibile durante il dibattito del 6 dicembre 2019.","breadcrumb":{"@id":"https:\/\/www.organisator.ch\/sustainability\/2020-01-03\/bundesrat-setzt-sich-fuer-einen-nachhaltigen-finanzplatz-schweiz-ein\/#breadcrumb"},"inLanguage":"it-IT","potentialAction":[{"@type":"ReadAction","target":["https:\/\/www.organisator.ch\/sustainability\/2020-01-03\/bundesrat-setzt-sich-fuer-einen-nachhaltigen-finanzplatz-schweiz-ein\/"]}]},{"@type":"ImageObject","inLanguage":"it-IT","@id":"https:\/\/www.organisator.ch\/sustainability\/2020-01-03\/bundesrat-setzt-sich-fuer-einen-nachhaltigen-finanzplatz-schweiz-ein\/#primaryimage","url":"https:\/\/www.organisator.ch\/wp-content\/uploads\/2020\/01\/NachhaltigerFinanzsektor_UP_Umwelt-Perspektiven-scaled.jpg","contentUrl":"https:\/\/www.organisator.ch\/wp-content\/uploads\/2020\/01\/NachhaltigerFinanzsektor_UP_Umwelt-Perspektiven-scaled.jpg","width":2560,"height":1862,"caption":"Der Bundesrat hat erneut \u00fcber den nachhaltigen Finanzplatz diskutiert. (Bild: Unsplash)"},{"@type":"BreadcrumbList","@id":"https:\/\/www.organisator.ch\/sustainability\/2020-01-03\/bundesrat-setzt-sich-fuer-einen-nachhaltigen-finanzplatz-schweiz-ein\/#breadcrumb","itemListElement":[{"@type":"ListItem","position":1,"name":"Home","item":"https:\/\/www.organisator.ch\/"},{"@type":"ListItem","position":2,"name":"Bundesrat setzt sich f\u00fcr einen nachhaltigen Finanzplatz Schweiz ein"}]},{"@type":"WebSite","@id":"https:\/\/www.organisator.ch\/#website","url":"https:\/\/www.organisator.ch\/","name":"Organizzatore","description":"Competente. Pratico. In 10 numeri all'anno, ORGANISATOR presenta i temi essenziali per i manager delle PMI.","publisher":{"@id":"https:\/\/www.organisator.ch\/#organization"},"potentialAction":[{"@type":"SearchAction","target":{"@type":"EntryPoint","urlTemplate":"https:\/\/www.organisator.ch\/?s={search_term_string}"},"query-input":{"@type":"PropertyValueSpecification","valueRequired":true,"valueName":"search_term_string"}}],"inLanguage":"it-IT"},{"@type":"Organization","@id":"https:\/\/www.organisator.ch\/#organization","name":"Organizzatore","url":"https:\/\/www.organisator.ch\/","logo":{"@type":"ImageObject","inLanguage":"it-IT","@id":"https:\/\/www.organisator.ch\/#\/schema\/logo\/image\/","url":"https:\/\/www.organisator.ch\/wp-content\/uploads\/2022\/01\/Logo_Organisator_Website.png","contentUrl":"https:\/\/www.organisator.ch\/wp-content\/uploads\/2022\/01\/Logo_Organisator_Website.png","width":800,"height":77,"caption":"Organisator"},"image":{"@id":"https:\/\/www.organisator.ch\/#\/schema\/logo\/image\/"},"sameAs":["https:\/\/www.facebook.com\/OrganisatorFachmagazin","https:\/\/www.linkedin.com\/showcase\/organisator-das-magazin-fr-kmu","https:\/\/www.xing.com\/news\/pages\/organisator-ch-695","https:\/\/www.youtube.com\/channel\/UCGP2Sq0iWaZwT3BdIAQFYpw"]},{"@type":"Person","@id":"https:\/\/www.organisator.ch\/#\/schema\/person\/134708ca9321c57b0362cceb7948ffbd","name":"michael.merz","image":{"@type":"ImageObject","inLanguage":"it-IT","@id":"https:\/\/secure.gravatar.com\/avatar\/?s=96&d=mm&r=g","url":"https:\/\/secure.gravatar.com\/avatar\/?s=96&d=mm&r=g","contentUrl":"https:\/\/secure.gravatar.com\/avatar\/?s=96&d=mm&r=g","caption":"michael.merz"},"url":"https:\/\/www.organisator.ch\/it\/author\/michael-merz\/"}]}},"_links":{"self":[{"href":"https:\/\/www.organisator.ch\/it\/wp-json\/wp\/v2\/posts\/10140","targetHints":{"allow":["GET"]}}],"collection":[{"href":"https:\/\/www.organisator.ch\/it\/wp-json\/wp\/v2\/posts"}],"about":[{"href":"https:\/\/www.organisator.ch\/it\/wp-json\/wp\/v2\/types\/post"}],"author":[{"embeddable":true,"href":"https:\/\/www.organisator.ch\/it\/wp-json\/wp\/v2\/users\/5"}],"replies":[{"embeddable":true,"href":"https:\/\/www.organisator.ch\/it\/wp-json\/wp\/v2\/comments?post=10140"}],"version-history":[{"count":1,"href":"https:\/\/www.organisator.ch\/it\/wp-json\/wp\/v2\/posts\/10140\/revisions"}],"predecessor-version":[{"id":10860,"href":"https:\/\/www.organisator.ch\/it\/wp-json\/wp\/v2\/posts\/10140\/revisions\/10860"}],"wp:featuredmedia":[{"embeddable":true,"href":"https:\/\/www.organisator.ch\/it\/wp-json\/wp\/v2\/media\/2704"}],"wp:attachment":[{"href":"https:\/\/www.organisator.ch\/it\/wp-json\/wp\/v2\/media?parent=10140"}],"wp:term":[{"taxonomy":"category","embeddable":true,"href":"https:\/\/www.organisator.ch\/it\/wp-json\/wp\/v2\/categories?post=10140"},{"taxonomy":"post_tag","embeddable":true,"href":"https:\/\/www.organisator.ch\/it\/wp-json\/wp\/v2\/tags?post=10140"}],"curies":[{"name":"wp","href":"https:\/\/api.w.org\/{rel}","templated":true}]}}