{"id":10141,"date":"2020-01-03T11:38:15","date_gmt":"2020-01-03T10:38:15","guid":{"rendered":"https:\/\/www.umweltperspektiven.ch\/?p=2706"},"modified":"2022-02-09T11:10:01","modified_gmt":"2022-02-09T10:10:01","slug":"koennten-nachhaltige-esg-produkte-anlagen-schwaechen","status":"publish","type":"post","link":"https:\/\/www.organisator.ch\/it\/sustainability\/2020-01-03\/koennten-nachhaltige-esg-produkte-anlagen-schwaechen\/","title":{"rendered":"I \"prodotti ESG\" sostenibili potrebbero indebolire gli investimenti?"},"content":{"rendered":"<p>&nbsp;<\/p>\n<p class=\"bodytext\"><img loading=\"lazy\" decoding=\"async\" class=\"alignnone size-full wp-image-2708\" src=\"\/\/www.umweltperspektiven.ch\/wp-content\/uploads\/2020\/01\/06897267.jpg\" alt=\"\" width=\"600\" height=\"800\" srcset=\"https:\/\/www.organisator.ch\/wp-content\/uploads\/2020\/01\/06897267.jpg 600w, https:\/\/www.organisator.ch\/wp-content\/uploads\/2020\/01\/06897267-9x12.jpg 9w, https:\/\/www.organisator.ch\/wp-content\/uploads\/2020\/01\/06897267-131x175.jpg 131w, https:\/\/www.organisator.ch\/wp-content\/uploads\/2020\/01\/06897267-263x350.jpg 263w, https:\/\/www.organisator.ch\/wp-content\/uploads\/2020\/01\/06897267-300x400.jpg 300w\" sizes=\"auto, (max-width: 600px) 100vw, 600px\" \/><\/p>\n<p class=\"bodytext\">Gli investimenti sostenibili non sono un peso per la pratica classica dell'investimento. Questo \u00e8 ci\u00f2 che il dottor Lars Kaiser, professore assistente presso la cattedra di amministrazione aziendale, gestione bancaria e finanziaria al\u00a0<a href=\"\/\/www.uni.li\/de\" target=\"_blank\" rel=\"noopener\">Universit\u00e0 del Liechtenstein<\/a>in uno studio. Per questo ha ricevuto il primo premio nel \"2019 Call for Papers Contest\" dell'American Brandes Institute.<\/p>\n<p class=\"bodytext\">Il titolo del suo articolo \u00e8 \"Integrazione ESG: valore, crescita e slancio\". ESG sta per Environmental, Social e Governance. Questi tre aspetti riassumono le aree di azione che proteggono la natura in modo sostenibile, assicurano il progresso sociale e migliorano gli standard di governance.<\/p>\n<p class=\"bodytext\">Secondo un\u00a0<a href=\"\/\/www.uni.li\/de\/universitaet\/medienportal\/medienmitteilungen\/esg-studie-ausgezeichnet\" target=\"_blank\" rel=\"noopener\">Comunicato stampa<\/a>\u00a0Lo studio ESG di Kaiser \u00e8 un'interfaccia diretta dell'evento \"ESG Kompakt\" all'Universit\u00e0 del Liechtenstein. Tutte le grandi associazioni del Principato avrebbero potuto essere conquistate per questo.<\/p>\n<p class=\"bodytext\">Il lavoro di Kaiser fornisce risultati dettagliati sull'efficacia finanziaria dell'integrazione ESG in combinazione con gli stili di investimento attivi tradizionali. \"In particolare, mostra che gli investitori statunitensi ed europei value, growth e momentum possono aumentare la performance di sostenibilit\u00e0 dei loro portafogli senza compromettere la performance finanziaria\". Secondo il comunicato stampa, i risultati contribuiscono alla crescente domanda di prodotti sostenibili.<\/p>","protected":false},"excerpt":{"rendered":"<p>&nbsp; Nachhaltige Investitionen sind keine Belastung f\u00fcr die klassische Anlagepraxis. Das hat Dr. Lars Kaiser, Assistenz-Professor am Lehrstuhl f\u00fcr Betriebswirtschaftslehre, Bank- und Finanzmanagement der\u00a0Universit\u00e4t Liechtenstein, in einer Studie nachgewiesen. Daf\u00fcr hat er nun den ersten Preis im \u201e2019 Call for Papers Contest\u201c des amerikanischen Brandes Institute erhalten. Der Titel seines Artikels lautet \u201eESG Integration: Value, [&hellip;]<\/p>\n","protected":false},"author":5,"featured_media":2707,"comment_status":"closed","ping_status":"closed","sticky":false,"template":"","format":"standard","meta":{"_acf_changed":false,"_yoast_wpseo_focuskw":"Finanzanlagen","_yoast_wpseo_metadesc":"Nachhaltigkeit und Finanzanlagen, ein Traumpaar? In seiner pr\u00e4mierten Arbeit weist Dr. Lars Kaiser nach, dass sich nachhaltige Anlagen lohnen.","articlekey":"","footnotes":""},"categories":[580],"tags":[743,769,1126,1764],"class_list":["post-10141","post","type-post","status-publish","format-standard","has-post-thumbnail","hentry","category-sustainability","tag-auszeichnung","tag-bank-management","tag-esg-studie","tag-nachhaltige-investitionen"],"acf":[],"yoast_head":"<!-- This site is optimized with the Yoast SEO plugin v27.5 - https:\/\/yoast.com\/product\/yoast-seo-wordpress\/ -->\n<title>K\u00f6nnten nachhaltige\u00a0&quot;ESG-Produkte&quot; Anlagen\u00a0schw\u00e4chen? - Organisator<\/title>\n<meta name=\"description\" content=\"Nachhaltigkeit und Finanzanlagen, ein Traumpaar? In seiner pr\u00e4mierten Arbeit weist Dr. Lars Kaiser nach, dass sich nachhaltige Anlagen lohnen.\" \/>\n<meta name=\"robots\" content=\"index, follow, max-snippet:-1, max-image-preview:large, max-video-preview:-1\" \/>\n<link rel=\"canonical\" href=\"https:\/\/www.organisator.ch\/it\/sostenibilita\/2020-01-03\/koennten-nachhaltige-esg-produkte-anlagen-schwaechen\/\" \/>\n<meta property=\"og:locale\" content=\"it_IT\" \/>\n<meta property=\"og:type\" content=\"article\" \/>\n<meta property=\"og:title\" content=\"K\u00f6nnten nachhaltige\u00a0&quot;ESG-Produkte&quot; Anlagen\u00a0schw\u00e4chen? - Organisator\" \/>\n<meta property=\"og:description\" content=\"Nachhaltigkeit und Finanzanlagen, ein Traumpaar? In seiner pr\u00e4mierten Arbeit weist Dr. Lars Kaiser nach, dass sich nachhaltige Anlagen lohnen.\" \/>\n<meta property=\"og:url\" content=\"https:\/\/www.organisator.ch\/it\/sostenibilita\/2020-01-03\/koennten-nachhaltige-esg-produkte-anlagen-schwaechen\/\" \/>\n<meta property=\"og:site_name\" content=\"Organisator\" \/>\n<meta property=\"article:publisher\" content=\"https:\/\/www.facebook.com\/OrganisatorFachmagazin\" \/>\n<meta property=\"article:published_time\" content=\"2020-01-03T10:38:15+00:00\" \/>\n<meta property=\"article:modified_time\" content=\"2022-02-09T10:10:01+00:00\" \/>\n<meta property=\"og:image\" content=\"https:\/\/www.organisator.ch\/wp-content\/uploads\/2020\/01\/SNV-100-Jahre-Zukunft-MQ-management-u-qualitaet.jpg\" \/>\n\t<meta property=\"og:image:width\" content=\"1732\" \/>\n\t<meta property=\"og:image:height\" content=\"1154\" \/>\n\t<meta property=\"og:image:type\" content=\"image\/jpeg\" \/>\n<meta name=\"author\" content=\"michael.merz\" \/>\n<meta name=\"twitter:card\" content=\"summary_large_image\" \/>\n<script type=\"application\/ld+json\" class=\"yoast-schema-graph\">{\"@context\":\"https:\\\/\\\/schema.org\",\"@graph\":[{\"@type\":\"Article\",\"@id\":\"https:\\\/\\\/www.organisator.ch\\\/sustainability\\\/2020-01-03\\\/koennten-nachhaltige-esg-produkte-anlagen-schwaechen\\\/#article\",\"isPartOf\":{\"@id\":\"https:\\\/\\\/www.organisator.ch\\\/sustainability\\\/2020-01-03\\\/koennten-nachhaltige-esg-produkte-anlagen-schwaechen\\\/\"},\"author\":{\"name\":\"michael.merz\",\"@id\":\"https:\\\/\\\/www.organisator.ch\\\/#\\\/schema\\\/person\\\/134708ca9321c57b0362cceb7948ffbd\"},\"headline\":\"K\u00f6nnten nachhaltige\u00a0&#8222;ESG-Produkte&#8220; Anlagen\u00a0schw\u00e4chen?\",\"datePublished\":\"2020-01-03T10:38:15+00:00\",\"dateModified\":\"2022-02-09T10:10:01+00:00\",\"mainEntityOfPage\":{\"@id\":\"https:\\\/\\\/www.organisator.ch\\\/sustainability\\\/2020-01-03\\\/koennten-nachhaltige-esg-produkte-anlagen-schwaechen\\\/\"},\"wordCount\":189,\"publisher\":{\"@id\":\"https:\\\/\\\/www.organisator.ch\\\/#organization\"},\"image\":{\"@id\":\"https:\\\/\\\/www.organisator.ch\\\/sustainability\\\/2020-01-03\\\/koennten-nachhaltige-esg-produkte-anlagen-schwaechen\\\/#primaryimage\"},\"thumbnailUrl\":\"https:\\\/\\\/www.organisator.ch\\\/wp-content\\\/uploads\\\/2020\\\/01\\\/SNV-100-Jahre-Zukunft-MQ-management-u-qualitaet.jpg\",\"keywords\":[\"Auszeichnung\",\"Bank Management\",\"ESG Studie\",\"Nachhaltige Investitionen\"],\"articleSection\":[\"SUSTAINABILITY\"],\"inLanguage\":\"it-IT\"},{\"@type\":\"WebPage\",\"@id\":\"https:\\\/\\\/www.organisator.ch\\\/sustainability\\\/2020-01-03\\\/koennten-nachhaltige-esg-produkte-anlagen-schwaechen\\\/\",\"url\":\"https:\\\/\\\/www.organisator.ch\\\/sustainability\\\/2020-01-03\\\/koennten-nachhaltige-esg-produkte-anlagen-schwaechen\\\/\",\"name\":\"K\u00f6nnten nachhaltige\u00a0\\\"ESG-Produkte\\\" Anlagen\u00a0schw\u00e4chen? - Organisator\",\"isPartOf\":{\"@id\":\"https:\\\/\\\/www.organisator.ch\\\/#website\"},\"primaryImageOfPage\":{\"@id\":\"https:\\\/\\\/www.organisator.ch\\\/sustainability\\\/2020-01-03\\\/koennten-nachhaltige-esg-produkte-anlagen-schwaechen\\\/#primaryimage\"},\"image\":{\"@id\":\"https:\\\/\\\/www.organisator.ch\\\/sustainability\\\/2020-01-03\\\/koennten-nachhaltige-esg-produkte-anlagen-schwaechen\\\/#primaryimage\"},\"thumbnailUrl\":\"https:\\\/\\\/www.organisator.ch\\\/wp-content\\\/uploads\\\/2020\\\/01\\\/SNV-100-Jahre-Zukunft-MQ-management-u-qualitaet.jpg\",\"datePublished\":\"2020-01-03T10:38:15+00:00\",\"dateModified\":\"2022-02-09T10:10:01+00:00\",\"description\":\"Nachhaltigkeit und Finanzanlagen, ein Traumpaar? In seiner pr\u00e4mierten Arbeit weist Dr. Lars Kaiser nach, dass sich nachhaltige Anlagen lohnen.\",\"breadcrumb\":{\"@id\":\"https:\\\/\\\/www.organisator.ch\\\/sustainability\\\/2020-01-03\\\/koennten-nachhaltige-esg-produkte-anlagen-schwaechen\\\/#breadcrumb\"},\"inLanguage\":\"it-IT\",\"potentialAction\":[{\"@type\":\"ReadAction\",\"target\":[\"https:\\\/\\\/www.organisator.ch\\\/sustainability\\\/2020-01-03\\\/koennten-nachhaltige-esg-produkte-anlagen-schwaechen\\\/\"]}]},{\"@type\":\"ImageObject\",\"inLanguage\":\"it-IT\",\"@id\":\"https:\\\/\\\/www.organisator.ch\\\/sustainability\\\/2020-01-03\\\/koennten-nachhaltige-esg-produkte-anlagen-schwaechen\\\/#primaryimage\",\"url\":\"https:\\\/\\\/www.organisator.ch\\\/wp-content\\\/uploads\\\/2020\\\/01\\\/SNV-100-Jahre-Zukunft-MQ-management-u-qualitaet.jpg\",\"contentUrl\":\"https:\\\/\\\/www.organisator.ch\\\/wp-content\\\/uploads\\\/2020\\\/01\\\/SNV-100-Jahre-Zukunft-MQ-management-u-qualitaet.jpg\",\"width\":1732,\"height\":1154},{\"@type\":\"BreadcrumbList\",\"@id\":\"https:\\\/\\\/www.organisator.ch\\\/sustainability\\\/2020-01-03\\\/koennten-nachhaltige-esg-produkte-anlagen-schwaechen\\\/#breadcrumb\",\"itemListElement\":[{\"@type\":\"ListItem\",\"position\":1,\"name\":\"Home\",\"item\":\"https:\\\/\\\/www.organisator.ch\\\/\"},{\"@type\":\"ListItem\",\"position\":2,\"name\":\"K\u00f6nnten nachhaltige\u00a0&#8222;ESG-Produkte&#8220; Anlagen\u00a0schw\u00e4chen?\"}]},{\"@type\":\"WebSite\",\"@id\":\"https:\\\/\\\/www.organisator.ch\\\/#website\",\"url\":\"https:\\\/\\\/www.organisator.ch\\\/\",\"name\":\"Organisator\",\"description\":\"Kompetent. Praxisnah. Der ORGANISATOR bereitet in 10 Ausgaben pro Jahr die wesentlichen Themen f\u00fcr F\u00fchrungskr\u00e4fte von KMU auf.\",\"publisher\":{\"@id\":\"https:\\\/\\\/www.organisator.ch\\\/#organization\"},\"potentialAction\":[{\"@type\":\"SearchAction\",\"target\":{\"@type\":\"EntryPoint\",\"urlTemplate\":\"https:\\\/\\\/www.organisator.ch\\\/?s={search_term_string}\"},\"query-input\":{\"@type\":\"PropertyValueSpecification\",\"valueRequired\":true,\"valueName\":\"search_term_string\"}}],\"inLanguage\":\"it-IT\"},{\"@type\":\"Organization\",\"@id\":\"https:\\\/\\\/www.organisator.ch\\\/#organization\",\"name\":\"Organisator\",\"url\":\"https:\\\/\\\/www.organisator.ch\\\/\",\"logo\":{\"@type\":\"ImageObject\",\"inLanguage\":\"it-IT\",\"@id\":\"https:\\\/\\\/www.organisator.ch\\\/#\\\/schema\\\/logo\\\/image\\\/\",\"url\":\"https:\\\/\\\/www.organisator.ch\\\/wp-content\\\/uploads\\\/2022\\\/01\\\/Logo_Organisator_Website.png\",\"contentUrl\":\"https:\\\/\\\/www.organisator.ch\\\/wp-content\\\/uploads\\\/2022\\\/01\\\/Logo_Organisator_Website.png\",\"width\":800,\"height\":77,\"caption\":\"Organisator\"},\"image\":{\"@id\":\"https:\\\/\\\/www.organisator.ch\\\/#\\\/schema\\\/logo\\\/image\\\/\"},\"sameAs\":[\"https:\\\/\\\/www.facebook.com\\\/OrganisatorFachmagazin\",\"https:\\\/\\\/www.linkedin.com\\\/showcase\\\/organisator-das-magazin-fr-kmu\",\"https:\\\/\\\/www.xing.com\\\/news\\\/pages\\\/organisator-ch-695\",\"https:\\\/\\\/www.youtube.com\\\/channel\\\/UCGP2Sq0iWaZwT3BdIAQFYpw\"]},{\"@type\":\"Person\",\"@id\":\"https:\\\/\\\/www.organisator.ch\\\/#\\\/schema\\\/person\\\/134708ca9321c57b0362cceb7948ffbd\",\"name\":\"michael.merz\",\"image\":{\"@type\":\"ImageObject\",\"inLanguage\":\"it-IT\",\"@id\":\"https:\\\/\\\/secure.gravatar.com\\\/avatar\\\/?s=96&d=mm&r=g\",\"url\":\"https:\\\/\\\/secure.gravatar.com\\\/avatar\\\/?s=96&d=mm&r=g\",\"contentUrl\":\"https:\\\/\\\/secure.gravatar.com\\\/avatar\\\/?s=96&d=mm&r=g\",\"caption\":\"michael.merz\"},\"url\":\"https:\\\/\\\/www.organisator.ch\\\/it\\\/author\\\/michael-merz\\\/\"}]}<\/script>\n<!-- \/ Yoast SEO plugin. -->","yoast_head_json":{"title":"I \"prodotti ESG\" sostenibili potrebbero indebolire gli investimenti? - Organizzatore","description":"Sostenibilit\u00e0 e investimenti finanziari, una coppia da sogno? Nel suo pluripremiato lavoro, il dottor Lars Kaiser dimostra che gli investimenti sostenibili sono utili.","robots":{"index":"index","follow":"follow","max-snippet":"max-snippet:-1","max-image-preview":"max-image-preview:large","max-video-preview":"max-video-preview:-1"},"canonical":"https:\/\/www.organisator.ch\/it\/sostenibilita\/2020-01-03\/koennten-nachhaltige-esg-produkte-anlagen-schwaechen\/","og_locale":"it_IT","og_type":"article","og_title":"K\u00f6nnten nachhaltige\u00a0\"ESG-Produkte\" Anlagen\u00a0schw\u00e4chen? - Organisator","og_description":"Nachhaltigkeit und Finanzanlagen, ein Traumpaar? In seiner pr\u00e4mierten Arbeit weist Dr. Lars Kaiser nach, dass sich nachhaltige Anlagen lohnen.","og_url":"https:\/\/www.organisator.ch\/it\/sostenibilita\/2020-01-03\/koennten-nachhaltige-esg-produkte-anlagen-schwaechen\/","og_site_name":"Organisator","article_publisher":"https:\/\/www.facebook.com\/OrganisatorFachmagazin","article_published_time":"2020-01-03T10:38:15+00:00","article_modified_time":"2022-02-09T10:10:01+00:00","og_image":[{"width":1732,"height":1154,"url":"https:\/\/www.organisator.ch\/wp-content\/uploads\/2020\/01\/SNV-100-Jahre-Zukunft-MQ-management-u-qualitaet.jpg","type":"image\/jpeg"}],"author":"michael.merz","twitter_card":"summary_large_image","schema":{"@context":"https:\/\/schema.org","@graph":[{"@type":"Article","@id":"https:\/\/www.organisator.ch\/sustainability\/2020-01-03\/koennten-nachhaltige-esg-produkte-anlagen-schwaechen\/#article","isPartOf":{"@id":"https:\/\/www.organisator.ch\/sustainability\/2020-01-03\/koennten-nachhaltige-esg-produkte-anlagen-schwaechen\/"},"author":{"name":"michael.merz","@id":"https:\/\/www.organisator.ch\/#\/schema\/person\/134708ca9321c57b0362cceb7948ffbd"},"headline":"K\u00f6nnten nachhaltige\u00a0&#8222;ESG-Produkte&#8220; Anlagen\u00a0schw\u00e4chen?","datePublished":"2020-01-03T10:38:15+00:00","dateModified":"2022-02-09T10:10:01+00:00","mainEntityOfPage":{"@id":"https:\/\/www.organisator.ch\/sustainability\/2020-01-03\/koennten-nachhaltige-esg-produkte-anlagen-schwaechen\/"},"wordCount":189,"publisher":{"@id":"https:\/\/www.organisator.ch\/#organization"},"image":{"@id":"https:\/\/www.organisator.ch\/sustainability\/2020-01-03\/koennten-nachhaltige-esg-produkte-anlagen-schwaechen\/#primaryimage"},"thumbnailUrl":"https:\/\/www.organisator.ch\/wp-content\/uploads\/2020\/01\/SNV-100-Jahre-Zukunft-MQ-management-u-qualitaet.jpg","keywords":["Auszeichnung","Bank Management","ESG Studie","Nachhaltige Investitionen"],"articleSection":["SUSTAINABILITY"],"inLanguage":"it-IT"},{"@type":"WebPage","@id":"https:\/\/www.organisator.ch\/sustainability\/2020-01-03\/koennten-nachhaltige-esg-produkte-anlagen-schwaechen\/","url":"https:\/\/www.organisator.ch\/sustainability\/2020-01-03\/koennten-nachhaltige-esg-produkte-anlagen-schwaechen\/","name":"I \"prodotti ESG\" sostenibili potrebbero indebolire gli investimenti? - Organizzatore","isPartOf":{"@id":"https:\/\/www.organisator.ch\/#website"},"primaryImageOfPage":{"@id":"https:\/\/www.organisator.ch\/sustainability\/2020-01-03\/koennten-nachhaltige-esg-produkte-anlagen-schwaechen\/#primaryimage"},"image":{"@id":"https:\/\/www.organisator.ch\/sustainability\/2020-01-03\/koennten-nachhaltige-esg-produkte-anlagen-schwaechen\/#primaryimage"},"thumbnailUrl":"https:\/\/www.organisator.ch\/wp-content\/uploads\/2020\/01\/SNV-100-Jahre-Zukunft-MQ-management-u-qualitaet.jpg","datePublished":"2020-01-03T10:38:15+00:00","dateModified":"2022-02-09T10:10:01+00:00","description":"Sostenibilit\u00e0 e investimenti finanziari, una coppia da sogno? Nel suo pluripremiato lavoro, il dottor Lars Kaiser dimostra che gli investimenti sostenibili sono utili.","breadcrumb":{"@id":"https:\/\/www.organisator.ch\/sustainability\/2020-01-03\/koennten-nachhaltige-esg-produkte-anlagen-schwaechen\/#breadcrumb"},"inLanguage":"it-IT","potentialAction":[{"@type":"ReadAction","target":["https:\/\/www.organisator.ch\/sustainability\/2020-01-03\/koennten-nachhaltige-esg-produkte-anlagen-schwaechen\/"]}]},{"@type":"ImageObject","inLanguage":"it-IT","@id":"https:\/\/www.organisator.ch\/sustainability\/2020-01-03\/koennten-nachhaltige-esg-produkte-anlagen-schwaechen\/#primaryimage","url":"https:\/\/www.organisator.ch\/wp-content\/uploads\/2020\/01\/SNV-100-Jahre-Zukunft-MQ-management-u-qualitaet.jpg","contentUrl":"https:\/\/www.organisator.ch\/wp-content\/uploads\/2020\/01\/SNV-100-Jahre-Zukunft-MQ-management-u-qualitaet.jpg","width":1732,"height":1154},{"@type":"BreadcrumbList","@id":"https:\/\/www.organisator.ch\/sustainability\/2020-01-03\/koennten-nachhaltige-esg-produkte-anlagen-schwaechen\/#breadcrumb","itemListElement":[{"@type":"ListItem","position":1,"name":"Home","item":"https:\/\/www.organisator.ch\/"},{"@type":"ListItem","position":2,"name":"K\u00f6nnten nachhaltige\u00a0&#8222;ESG-Produkte&#8220; Anlagen\u00a0schw\u00e4chen?"}]},{"@type":"WebSite","@id":"https:\/\/www.organisator.ch\/#website","url":"https:\/\/www.organisator.ch\/","name":"Organizzatore","description":"Competente. Pratico. In 10 numeri all'anno, ORGANISATOR presenta i temi essenziali per i manager delle PMI.","publisher":{"@id":"https:\/\/www.organisator.ch\/#organization"},"potentialAction":[{"@type":"SearchAction","target":{"@type":"EntryPoint","urlTemplate":"https:\/\/www.organisator.ch\/?s={search_term_string}"},"query-input":{"@type":"PropertyValueSpecification","valueRequired":true,"valueName":"search_term_string"}}],"inLanguage":"it-IT"},{"@type":"Organization","@id":"https:\/\/www.organisator.ch\/#organization","name":"Organizzatore","url":"https:\/\/www.organisator.ch\/","logo":{"@type":"ImageObject","inLanguage":"it-IT","@id":"https:\/\/www.organisator.ch\/#\/schema\/logo\/image\/","url":"https:\/\/www.organisator.ch\/wp-content\/uploads\/2022\/01\/Logo_Organisator_Website.png","contentUrl":"https:\/\/www.organisator.ch\/wp-content\/uploads\/2022\/01\/Logo_Organisator_Website.png","width":800,"height":77,"caption":"Organisator"},"image":{"@id":"https:\/\/www.organisator.ch\/#\/schema\/logo\/image\/"},"sameAs":["https:\/\/www.facebook.com\/OrganisatorFachmagazin","https:\/\/www.linkedin.com\/showcase\/organisator-das-magazin-fr-kmu","https:\/\/www.xing.com\/news\/pages\/organisator-ch-695","https:\/\/www.youtube.com\/channel\/UCGP2Sq0iWaZwT3BdIAQFYpw"]},{"@type":"Person","@id":"https:\/\/www.organisator.ch\/#\/schema\/person\/134708ca9321c57b0362cceb7948ffbd","name":"michael.merz","image":{"@type":"ImageObject","inLanguage":"it-IT","@id":"https:\/\/secure.gravatar.com\/avatar\/?s=96&d=mm&r=g","url":"https:\/\/secure.gravatar.com\/avatar\/?s=96&d=mm&r=g","contentUrl":"https:\/\/secure.gravatar.com\/avatar\/?s=96&d=mm&r=g","caption":"michael.merz"},"url":"https:\/\/www.organisator.ch\/it\/author\/michael-merz\/"}]}},"_links":{"self":[{"href":"https:\/\/www.organisator.ch\/it\/wp-json\/wp\/v2\/posts\/10141","targetHints":{"allow":["GET"]}}],"collection":[{"href":"https:\/\/www.organisator.ch\/it\/wp-json\/wp\/v2\/posts"}],"about":[{"href":"https:\/\/www.organisator.ch\/it\/wp-json\/wp\/v2\/types\/post"}],"author":[{"embeddable":true,"href":"https:\/\/www.organisator.ch\/it\/wp-json\/wp\/v2\/users\/5"}],"replies":[{"embeddable":true,"href":"https:\/\/www.organisator.ch\/it\/wp-json\/wp\/v2\/comments?post=10141"}],"version-history":[{"count":1,"href":"https:\/\/www.organisator.ch\/it\/wp-json\/wp\/v2\/posts\/10141\/revisions"}],"predecessor-version":[{"id":10859,"href":"https:\/\/www.organisator.ch\/it\/wp-json\/wp\/v2\/posts\/10141\/revisions\/10859"}],"wp:featuredmedia":[{"embeddable":true,"href":"https:\/\/www.organisator.ch\/it\/wp-json\/wp\/v2\/media\/2707"}],"wp:attachment":[{"href":"https:\/\/www.organisator.ch\/it\/wp-json\/wp\/v2\/media?parent=10141"}],"wp:term":[{"taxonomy":"category","embeddable":true,"href":"https:\/\/www.organisator.ch\/it\/wp-json\/wp\/v2\/categories?post=10141"},{"taxonomy":"post_tag","embeddable":true,"href":"https:\/\/www.organisator.ch\/it\/wp-json\/wp\/v2\/tags?post=10141"}],"curies":[{"name":"wp","href":"https:\/\/api.w.org\/{rel}","templated":true}]}}