{"id":10144,"date":"2020-01-14T16:13:34","date_gmt":"2020-01-14T15:13:34","guid":{"rendered":"https:\/\/www.umweltperspektiven.ch\/?p=2739"},"modified":"2022-02-09T11:10:00","modified_gmt":"2022-02-09T10:10:00","slug":"swiss-ethics-award-bekanntgabe-der-nominierten","status":"publish","type":"post","link":"https:\/\/www.organisator.ch\/it\/sustainability\/2020-01-14\/swiss-ethics-award-bekanntgabe-der-nominierten\/","title":{"rendered":"Premio svizzero di etica: annuncio dei progetti"},"content":{"rendered":"<figure id=\"attachment_2740\" aria-describedby=\"caption-attachment-2740\" style=\"width: 680px\" class=\"wp-caption alignnone\"><img loading=\"lazy\" decoding=\"async\" class=\"size-medium wp-image-2740\" src=\"\/\/www.umweltperspektiven.ch\/wp-content\/uploads\/2020\/01\/Gruppenfoto-Nominierte.jpg\" alt=\"\" width=\"680\" height=\"453\" srcset=\"https:\/\/www.organisator.ch\/wp-content\/uploads\/2020\/01\/Gruppenfoto-Nominierte.jpg 1021w, https:\/\/www.organisator.ch\/wp-content\/uploads\/2020\/01\/Gruppenfoto-Nominierte-680x453.jpg 680w, https:\/\/www.organisator.ch\/wp-content\/uploads\/2020\/01\/Gruppenfoto-Nominierte-768x511.jpg 768w, https:\/\/www.organisator.ch\/wp-content\/uploads\/2020\/01\/Gruppenfoto-Nominierte-18x12.jpg 18w, https:\/\/www.organisator.ch\/wp-content\/uploads\/2020\/01\/Gruppenfoto-Nominierte-263x175.jpg 263w, https:\/\/www.organisator.ch\/wp-content\/uploads\/2020\/01\/Gruppenfoto-Nominierte-526x350.jpg 526w, https:\/\/www.organisator.ch\/wp-content\/uploads\/2020\/01\/Gruppenfoto-Nominierte-920x613.jpg 920w, https:\/\/www.organisator.ch\/wp-content\/uploads\/2020\/01\/Gruppenfoto-Nominierte-300x200.jpg 300w\" sizes=\"auto, (max-width: 680px) 100vw, 680px\" \/><figcaption id=\"caption-attachment-2740\" class=\"wp-caption-text\">Quando le aziende lungimiranti fanno del bene: una foto di gruppo allo Swiss Ethics Award 2018. L'Award 2020 comprende anche alcuni fari. (Immagine: zVg)<\/figcaption><\/figure>\n<p>Dal 2005, lo SWISS EXCELLENCE FORUM premia con lo Swiss Ethics Award le prestazioni etiche eccellenti nel mondo degli affari. L'attenzione si concentra sui risultati delle organizzazioni che si assumono la responsabilit\u00e0 in modo speciale e si impegnano attivamente per una governance aziendale sostenibile. Cinque progetti eccezionali sono stati nominati per il premio 2020:<\/p>\n<ul>\n<li>Alternative Bank Schweiz AG, Olten Progetto: Climate-Active ABS<\/li>\n<li>Arbofino AG, M\u00e4nnedorf Investimento in legno con promozione della biodiversit\u00e0<\/li>\n<li>Forma Futura Invest AG, Zurigo Progetto: Gestione patrimoniale sostenibile indipendente<\/li>\n<li>Reckhaus AG, Gais con il rispetto degli insetti<\/li>\n<li>Vatorex AG, Wiesendangen con Bee Together Bee Alive<\/li>\n<\/ul>\n<p>&nbsp;<\/p>\n<p><strong>Nota sul premio<\/strong><\/p>\n<p><strong>Nota: Purtroppo, la prevista cerimonia del Premio svizzero di etica il 30 aprile non ha potuto aver luogo a causa dell'attuale pandemia di Corona. La cerimonia di premiazione avverr\u00e0 ora come parte di questo Ethics Talk il 23 settembre.<\/strong><\/p>\n<p>La cerimonia di premiazione avr\u00e0 luogo il 23 settembre 2020 al Museo dei Trasporti di Lucerna nell'ambito di un programma emozionante. Il dottor Marc Holitscher, membro del comitato esecutivo di Microsoft Svizzera, parler\u00e0 di \"Intelligenza artificiale: perch\u00e9 abbiamo bisogno di una bussola etica\". Sar\u00e0 ospite nella successiva tavola rotonda insieme alla dottoressa Regula Pfister, imprenditrice e membro del consiglio di amministrazione, e al dottor Michael F\u00fcrst, Head Social Innovation &amp; Strategy, Global Health &amp; Corporate Responsibility di Novartis International AG.<\/p>\n<p>&nbsp;<\/p>\n<p><strong>Giuria<\/strong><\/p>\n<p>I progetti sono giudicati da una giuria di alto livello composta da etici e da rappresentanti dell'economia, della scienza, della teologia e della politica:<\/p>\n<p>- Stephan Baer, Baer Ammann GmbH<\/p>\n<p>- Consigliere nazionale Corina Eichenberger<\/p>\n<p>- Paola Ghillani, Paola Ghillani &amp; Friends Ltd.<\/p>\n<p>- Prof. Dr Markus Huppenbauer, Centro per la religione, l'economia<\/p>\n<p>e politica, Universit\u00e0 di Zurigo<\/p>\n<p>- Prof. Dr Hans Ruh, etico commerciale e sociale<\/p>\n<p>- Prof. Dr Peter Schaber, Centro etico dell'Universit\u00e0 di Zurigo<\/p>\n<p>- Dr Christoph Weber-Berg, Chiesa riformata del Cantone di Argovia<\/p>\n<p><strong>\u00a0<\/strong><\/p>\n<p><em><strong>Partner<\/strong><\/em><\/p>\n<p><em>Lo Swiss Ethics Award \u00e8 sostenuto da Holinger AG, Die Post, ibW H\u00f6here Fachschule S\u00fcdostschweiz, Luzerner Kantonalbank, Linkgroup AG, Zentralbahn e Umwelt Perspektiven.<\/em><\/p>\n<p>&nbsp;<\/p>\n<p>Per ulteriori dettagli si prega di contattare:<\/p>\n<p>Ruth Buholzer, FORO DELL'ECCELLENZA SVIZZERA<\/p>\n<p>(<a href=\"mailto:r.buholzer@excellence-forum.ch\">r.buholzer@excellence-forum.ch<\/a>)<\/p>\n<p><a href=\"\/\/www.swiss-excellence-forum.ch\"><em>www.swiss-excellence-forum.ch<\/em><\/a><\/p>","protected":false},"excerpt":{"rendered":"<p>Seit 2005 zeichnet das SWISS EXCELLENCE FORUM mit dem Swiss Ethics Award herausragende ethische Leistungen in der Wirtschaft aus. Im Fokus stehen Leistungen von Organisationen, die in besonderer Weise Verantwortung \u00fcbernehmen und sich aktiv f\u00fcr eine nachhaltige Unternehmensf\u00fchrung engagieren. F\u00fcr den Award 2020 sind f\u00fcnf herausragende Projekte nominiert: Alternative Bank Schweiz AG, Olten\u00a0 Projekt: Klima-Aktive [&hellip;]<\/p>\n","protected":false},"author":5,"featured_media":2740,"comment_status":"closed","ping_status":"closed","sticky":false,"template":"","format":"standard","meta":{"_acf_changed":false,"_yoast_wpseo_focuskw":"Swiss Ethics Award","_yoast_wpseo_metadesc":"Am 30. April 2020 verleiht das SWISS EXCELLENCE FORUM im Rahmen der Ethical Leadership Tagung im KKL Luzern den Swiss Ethics Award.","articlekey":"","footnotes":""},"categories":[580],"tags":[65,183,1143,1656,502],"class_list":["post-10144","post","type-post","status-publish","format-standard","has-post-thumbnail","hentry","category-sustainability","tag-award","tag-ethik","tag-excellence","tag-luzern","tag-veranstaltungen"],"acf":[],"yoast_head":"<!-- This site is optimized with the Yoast SEO plugin v27.5 - https:\/\/yoast.com\/product\/yoast-seo-wordpress\/ -->\n<title>Swiss Ethics Award: Bekanntgabe der Projekte - Organisator<\/title>\n<meta name=\"description\" content=\"Am 30. April 2020 verleiht das SWISS EXCELLENCE FORUM im Rahmen der Ethical Leadership Tagung im KKL Luzern den Swiss Ethics Award.\" \/>\n<meta name=\"robots\" content=\"index, follow, max-snippet:-1, max-image-preview:large, max-video-preview:-1\" \/>\n<link rel=\"canonical\" href=\"https:\/\/www.organisator.ch\/it\/sostenibilita\/2020-01-14\/swiss-ethics-award-bekanntgabe-der-nominierten\/\" \/>\n<meta property=\"og:locale\" content=\"it_IT\" \/>\n<meta property=\"og:type\" content=\"article\" \/>\n<meta property=\"og:title\" content=\"Swiss Ethics Award: Bekanntgabe der Projekte - Organisator\" \/>\n<meta property=\"og:description\" content=\"Am 30. April 2020 verleiht das SWISS EXCELLENCE FORUM im Rahmen der Ethical Leadership Tagung im KKL Luzern den Swiss Ethics Award.\" \/>\n<meta property=\"og:url\" content=\"https:\/\/www.organisator.ch\/it\/sostenibilita\/2020-01-14\/swiss-ethics-award-bekanntgabe-der-nominierten\/\" \/>\n<meta property=\"og:site_name\" content=\"Organisator\" \/>\n<meta property=\"article:publisher\" content=\"https:\/\/www.facebook.com\/OrganisatorFachmagazin\" \/>\n<meta property=\"article:published_time\" content=\"2020-01-14T15:13:34+00:00\" \/>\n<meta property=\"article:modified_time\" content=\"2022-02-09T10:10:00+00:00\" \/>\n<meta property=\"og:image\" content=\"https:\/\/www.organisator.ch\/wp-content\/uploads\/2020\/01\/Gruppenfoto-Nominierte.jpg\" \/>\n\t<meta property=\"og:image:width\" content=\"1021\" \/>\n\t<meta property=\"og:image:height\" content=\"680\" \/>\n\t<meta property=\"og:image:type\" content=\"image\/jpeg\" \/>\n<meta name=\"author\" content=\"michael.merz\" \/>\n<meta name=\"twitter:card\" content=\"summary_large_image\" \/>\n<script type=\"application\/ld+json\" class=\"yoast-schema-graph\">{\"@context\":\"https:\\\/\\\/schema.org\",\"@graph\":[{\"@type\":\"Article\",\"@id\":\"https:\\\/\\\/www.organisator.ch\\\/sustainability\\\/2020-01-14\\\/swiss-ethics-award-bekanntgabe-der-nominierten\\\/#article\",\"isPartOf\":{\"@id\":\"https:\\\/\\\/www.organisator.ch\\\/sustainability\\\/2020-01-14\\\/swiss-ethics-award-bekanntgabe-der-nominierten\\\/\"},\"author\":{\"name\":\"michael.merz\",\"@id\":\"https:\\\/\\\/www.organisator.ch\\\/#\\\/schema\\\/person\\\/134708ca9321c57b0362cceb7948ffbd\"},\"headline\":\"Swiss Ethics Award: Bekanntgabe der Projekte\",\"datePublished\":\"2020-01-14T15:13:34+00:00\",\"dateModified\":\"2022-02-09T10:10:00+00:00\",\"mainEntityOfPage\":{\"@id\":\"https:\\\/\\\/www.organisator.ch\\\/sustainability\\\/2020-01-14\\\/swiss-ethics-award-bekanntgabe-der-nominierten\\\/\"},\"wordCount\":360,\"publisher\":{\"@id\":\"https:\\\/\\\/www.organisator.ch\\\/#organization\"},\"image\":{\"@id\":\"https:\\\/\\\/www.organisator.ch\\\/sustainability\\\/2020-01-14\\\/swiss-ethics-award-bekanntgabe-der-nominierten\\\/#primaryimage\"},\"thumbnailUrl\":\"https:\\\/\\\/www.organisator.ch\\\/wp-content\\\/uploads\\\/2020\\\/01\\\/Gruppenfoto-Nominierte.jpg\",\"keywords\":[\"Award\",\"Ethik\",\"Excellence\",\"Luzern\",\"Veranstaltungen\"],\"articleSection\":[\"SUSTAINABILITY\"],\"inLanguage\":\"it-IT\"},{\"@type\":\"WebPage\",\"@id\":\"https:\\\/\\\/www.organisator.ch\\\/sustainability\\\/2020-01-14\\\/swiss-ethics-award-bekanntgabe-der-nominierten\\\/\",\"url\":\"https:\\\/\\\/www.organisator.ch\\\/sustainability\\\/2020-01-14\\\/swiss-ethics-award-bekanntgabe-der-nominierten\\\/\",\"name\":\"Swiss Ethics Award: Bekanntgabe der Projekte - Organisator\",\"isPartOf\":{\"@id\":\"https:\\\/\\\/www.organisator.ch\\\/#website\"},\"primaryImageOfPage\":{\"@id\":\"https:\\\/\\\/www.organisator.ch\\\/sustainability\\\/2020-01-14\\\/swiss-ethics-award-bekanntgabe-der-nominierten\\\/#primaryimage\"},\"image\":{\"@id\":\"https:\\\/\\\/www.organisator.ch\\\/sustainability\\\/2020-01-14\\\/swiss-ethics-award-bekanntgabe-der-nominierten\\\/#primaryimage\"},\"thumbnailUrl\":\"https:\\\/\\\/www.organisator.ch\\\/wp-content\\\/uploads\\\/2020\\\/01\\\/Gruppenfoto-Nominierte.jpg\",\"datePublished\":\"2020-01-14T15:13:34+00:00\",\"dateModified\":\"2022-02-09T10:10:00+00:00\",\"description\":\"Am 30. April 2020 verleiht das SWISS EXCELLENCE FORUM im Rahmen der Ethical Leadership Tagung im KKL Luzern den Swiss Ethics Award.\",\"breadcrumb\":{\"@id\":\"https:\\\/\\\/www.organisator.ch\\\/sustainability\\\/2020-01-14\\\/swiss-ethics-award-bekanntgabe-der-nominierten\\\/#breadcrumb\"},\"inLanguage\":\"it-IT\",\"potentialAction\":[{\"@type\":\"ReadAction\",\"target\":[\"https:\\\/\\\/www.organisator.ch\\\/sustainability\\\/2020-01-14\\\/swiss-ethics-award-bekanntgabe-der-nominierten\\\/\"]}]},{\"@type\":\"ImageObject\",\"inLanguage\":\"it-IT\",\"@id\":\"https:\\\/\\\/www.organisator.ch\\\/sustainability\\\/2020-01-14\\\/swiss-ethics-award-bekanntgabe-der-nominierten\\\/#primaryimage\",\"url\":\"https:\\\/\\\/www.organisator.ch\\\/wp-content\\\/uploads\\\/2020\\\/01\\\/Gruppenfoto-Nominierte.jpg\",\"contentUrl\":\"https:\\\/\\\/www.organisator.ch\\\/wp-content\\\/uploads\\\/2020\\\/01\\\/Gruppenfoto-Nominierte.jpg\",\"width\":1021,\"height\":680,\"caption\":\"Wenn weitsichtige Unternehmen Gutes tun: Ein Gruppenbild am Swiss Ethics Award 2018. Auch der Award 2020 beinhaltet so einige Leuchtpunkte. (Bild: zVg)\"},{\"@type\":\"BreadcrumbList\",\"@id\":\"https:\\\/\\\/www.organisator.ch\\\/sustainability\\\/2020-01-14\\\/swiss-ethics-award-bekanntgabe-der-nominierten\\\/#breadcrumb\",\"itemListElement\":[{\"@type\":\"ListItem\",\"position\":1,\"name\":\"Home\",\"item\":\"https:\\\/\\\/www.organisator.ch\\\/\"},{\"@type\":\"ListItem\",\"position\":2,\"name\":\"Swiss Ethics Award: Bekanntgabe der Projekte\"}]},{\"@type\":\"WebSite\",\"@id\":\"https:\\\/\\\/www.organisator.ch\\\/#website\",\"url\":\"https:\\\/\\\/www.organisator.ch\\\/\",\"name\":\"Organisator\",\"description\":\"Kompetent. Praxisnah. Der ORGANISATOR bereitet in 10 Ausgaben pro Jahr die wesentlichen Themen f\u00fcr F\u00fchrungskr\u00e4fte von KMU auf.\",\"publisher\":{\"@id\":\"https:\\\/\\\/www.organisator.ch\\\/#organization\"},\"potentialAction\":[{\"@type\":\"SearchAction\",\"target\":{\"@type\":\"EntryPoint\",\"urlTemplate\":\"https:\\\/\\\/www.organisator.ch\\\/?s={search_term_string}\"},\"query-input\":{\"@type\":\"PropertyValueSpecification\",\"valueRequired\":true,\"valueName\":\"search_term_string\"}}],\"inLanguage\":\"it-IT\"},{\"@type\":\"Organization\",\"@id\":\"https:\\\/\\\/www.organisator.ch\\\/#organization\",\"name\":\"Organisator\",\"url\":\"https:\\\/\\\/www.organisator.ch\\\/\",\"logo\":{\"@type\":\"ImageObject\",\"inLanguage\":\"it-IT\",\"@id\":\"https:\\\/\\\/www.organisator.ch\\\/#\\\/schema\\\/logo\\\/image\\\/\",\"url\":\"https:\\\/\\\/www.organisator.ch\\\/wp-content\\\/uploads\\\/2022\\\/01\\\/Logo_Organisator_Website.png\",\"contentUrl\":\"https:\\\/\\\/www.organisator.ch\\\/wp-content\\\/uploads\\\/2022\\\/01\\\/Logo_Organisator_Website.png\",\"width\":800,\"height\":77,\"caption\":\"Organisator\"},\"image\":{\"@id\":\"https:\\\/\\\/www.organisator.ch\\\/#\\\/schema\\\/logo\\\/image\\\/\"},\"sameAs\":[\"https:\\\/\\\/www.facebook.com\\\/OrganisatorFachmagazin\",\"https:\\\/\\\/www.linkedin.com\\\/showcase\\\/organisator-das-magazin-fr-kmu\",\"https:\\\/\\\/www.xing.com\\\/news\\\/pages\\\/organisator-ch-695\",\"https:\\\/\\\/www.youtube.com\\\/channel\\\/UCGP2Sq0iWaZwT3BdIAQFYpw\"]},{\"@type\":\"Person\",\"@id\":\"https:\\\/\\\/www.organisator.ch\\\/#\\\/schema\\\/person\\\/134708ca9321c57b0362cceb7948ffbd\",\"name\":\"michael.merz\",\"image\":{\"@type\":\"ImageObject\",\"inLanguage\":\"it-IT\",\"@id\":\"https:\\\/\\\/secure.gravatar.com\\\/avatar\\\/?s=96&d=mm&r=g\",\"url\":\"https:\\\/\\\/secure.gravatar.com\\\/avatar\\\/?s=96&d=mm&r=g\",\"contentUrl\":\"https:\\\/\\\/secure.gravatar.com\\\/avatar\\\/?s=96&d=mm&r=g\",\"caption\":\"michael.merz\"},\"url\":\"https:\\\/\\\/www.organisator.ch\\\/it\\\/author\\\/michael-merz\\\/\"}]}<\/script>\n<!-- \/ Yoast SEO plugin. -->","yoast_head_json":{"title":"Premio Etico Svizzero: Annuncio dei progetti - Organizzatore","description":"Il 30 aprile 2020, lo SWISS EXCELLENCE FORUM consegner\u00e0 lo Swiss Ethics Award nell'ambito della Ethical Leadership Conference presso il KKL di Lucerna.","robots":{"index":"index","follow":"follow","max-snippet":"max-snippet:-1","max-image-preview":"max-image-preview:large","max-video-preview":"max-video-preview:-1"},"canonical":"https:\/\/www.organisator.ch\/it\/sostenibilita\/2020-01-14\/swiss-ethics-award-bekanntgabe-der-nominierten\/","og_locale":"it_IT","og_type":"article","og_title":"Swiss Ethics Award: Bekanntgabe der Projekte - Organisator","og_description":"Am 30. April 2020 verleiht das SWISS EXCELLENCE FORUM im Rahmen der Ethical Leadership Tagung im KKL Luzern den Swiss Ethics Award.","og_url":"https:\/\/www.organisator.ch\/it\/sostenibilita\/2020-01-14\/swiss-ethics-award-bekanntgabe-der-nominierten\/","og_site_name":"Organisator","article_publisher":"https:\/\/www.facebook.com\/OrganisatorFachmagazin","article_published_time":"2020-01-14T15:13:34+00:00","article_modified_time":"2022-02-09T10:10:00+00:00","og_image":[{"width":1021,"height":680,"url":"https:\/\/www.organisator.ch\/wp-content\/uploads\/2020\/01\/Gruppenfoto-Nominierte.jpg","type":"image\/jpeg"}],"author":"michael.merz","twitter_card":"summary_large_image","schema":{"@context":"https:\/\/schema.org","@graph":[{"@type":"Article","@id":"https:\/\/www.organisator.ch\/sustainability\/2020-01-14\/swiss-ethics-award-bekanntgabe-der-nominierten\/#article","isPartOf":{"@id":"https:\/\/www.organisator.ch\/sustainability\/2020-01-14\/swiss-ethics-award-bekanntgabe-der-nominierten\/"},"author":{"name":"michael.merz","@id":"https:\/\/www.organisator.ch\/#\/schema\/person\/134708ca9321c57b0362cceb7948ffbd"},"headline":"Swiss Ethics Award: Bekanntgabe der Projekte","datePublished":"2020-01-14T15:13:34+00:00","dateModified":"2022-02-09T10:10:00+00:00","mainEntityOfPage":{"@id":"https:\/\/www.organisator.ch\/sustainability\/2020-01-14\/swiss-ethics-award-bekanntgabe-der-nominierten\/"},"wordCount":360,"publisher":{"@id":"https:\/\/www.organisator.ch\/#organization"},"image":{"@id":"https:\/\/www.organisator.ch\/sustainability\/2020-01-14\/swiss-ethics-award-bekanntgabe-der-nominierten\/#primaryimage"},"thumbnailUrl":"https:\/\/www.organisator.ch\/wp-content\/uploads\/2020\/01\/Gruppenfoto-Nominierte.jpg","keywords":["Award","Ethik","Excellence","Luzern","Veranstaltungen"],"articleSection":["SUSTAINABILITY"],"inLanguage":"it-IT"},{"@type":"WebPage","@id":"https:\/\/www.organisator.ch\/sustainability\/2020-01-14\/swiss-ethics-award-bekanntgabe-der-nominierten\/","url":"https:\/\/www.organisator.ch\/sustainability\/2020-01-14\/swiss-ethics-award-bekanntgabe-der-nominierten\/","name":"Premio Etico Svizzero: Annuncio dei progetti - Organizzatore","isPartOf":{"@id":"https:\/\/www.organisator.ch\/#website"},"primaryImageOfPage":{"@id":"https:\/\/www.organisator.ch\/sustainability\/2020-01-14\/swiss-ethics-award-bekanntgabe-der-nominierten\/#primaryimage"},"image":{"@id":"https:\/\/www.organisator.ch\/sustainability\/2020-01-14\/swiss-ethics-award-bekanntgabe-der-nominierten\/#primaryimage"},"thumbnailUrl":"https:\/\/www.organisator.ch\/wp-content\/uploads\/2020\/01\/Gruppenfoto-Nominierte.jpg","datePublished":"2020-01-14T15:13:34+00:00","dateModified":"2022-02-09T10:10:00+00:00","description":"Il 30 aprile 2020, lo SWISS EXCELLENCE FORUM consegner\u00e0 lo Swiss Ethics Award nell'ambito della Ethical Leadership Conference presso il KKL di Lucerna.","breadcrumb":{"@id":"https:\/\/www.organisator.ch\/sustainability\/2020-01-14\/swiss-ethics-award-bekanntgabe-der-nominierten\/#breadcrumb"},"inLanguage":"it-IT","potentialAction":[{"@type":"ReadAction","target":["https:\/\/www.organisator.ch\/sustainability\/2020-01-14\/swiss-ethics-award-bekanntgabe-der-nominierten\/"]}]},{"@type":"ImageObject","inLanguage":"it-IT","@id":"https:\/\/www.organisator.ch\/sustainability\/2020-01-14\/swiss-ethics-award-bekanntgabe-der-nominierten\/#primaryimage","url":"https:\/\/www.organisator.ch\/wp-content\/uploads\/2020\/01\/Gruppenfoto-Nominierte.jpg","contentUrl":"https:\/\/www.organisator.ch\/wp-content\/uploads\/2020\/01\/Gruppenfoto-Nominierte.jpg","width":1021,"height":680,"caption":"Wenn weitsichtige Unternehmen Gutes tun: Ein Gruppenbild am Swiss Ethics Award 2018. Auch der Award 2020 beinhaltet so einige Leuchtpunkte. (Bild: zVg)"},{"@type":"BreadcrumbList","@id":"https:\/\/www.organisator.ch\/sustainability\/2020-01-14\/swiss-ethics-award-bekanntgabe-der-nominierten\/#breadcrumb","itemListElement":[{"@type":"ListItem","position":1,"name":"Home","item":"https:\/\/www.organisator.ch\/"},{"@type":"ListItem","position":2,"name":"Swiss Ethics Award: Bekanntgabe der Projekte"}]},{"@type":"WebSite","@id":"https:\/\/www.organisator.ch\/#website","url":"https:\/\/www.organisator.ch\/","name":"Organizzatore","description":"Competente. Pratico. In 10 numeri all'anno, ORGANISATOR presenta i temi essenziali per i manager delle PMI.","publisher":{"@id":"https:\/\/www.organisator.ch\/#organization"},"potentialAction":[{"@type":"SearchAction","target":{"@type":"EntryPoint","urlTemplate":"https:\/\/www.organisator.ch\/?s={search_term_string}"},"query-input":{"@type":"PropertyValueSpecification","valueRequired":true,"valueName":"search_term_string"}}],"inLanguage":"it-IT"},{"@type":"Organization","@id":"https:\/\/www.organisator.ch\/#organization","name":"Organizzatore","url":"https:\/\/www.organisator.ch\/","logo":{"@type":"ImageObject","inLanguage":"it-IT","@id":"https:\/\/www.organisator.ch\/#\/schema\/logo\/image\/","url":"https:\/\/www.organisator.ch\/wp-content\/uploads\/2022\/01\/Logo_Organisator_Website.png","contentUrl":"https:\/\/www.organisator.ch\/wp-content\/uploads\/2022\/01\/Logo_Organisator_Website.png","width":800,"height":77,"caption":"Organisator"},"image":{"@id":"https:\/\/www.organisator.ch\/#\/schema\/logo\/image\/"},"sameAs":["https:\/\/www.facebook.com\/OrganisatorFachmagazin","https:\/\/www.linkedin.com\/showcase\/organisator-das-magazin-fr-kmu","https:\/\/www.xing.com\/news\/pages\/organisator-ch-695","https:\/\/www.youtube.com\/channel\/UCGP2Sq0iWaZwT3BdIAQFYpw"]},{"@type":"Person","@id":"https:\/\/www.organisator.ch\/#\/schema\/person\/134708ca9321c57b0362cceb7948ffbd","name":"michael.merz","image":{"@type":"ImageObject","inLanguage":"it-IT","@id":"https:\/\/secure.gravatar.com\/avatar\/?s=96&d=mm&r=g","url":"https:\/\/secure.gravatar.com\/avatar\/?s=96&d=mm&r=g","contentUrl":"https:\/\/secure.gravatar.com\/avatar\/?s=96&d=mm&r=g","caption":"michael.merz"},"url":"https:\/\/www.organisator.ch\/it\/author\/michael-merz\/"}]}},"_links":{"self":[{"href":"https:\/\/www.organisator.ch\/it\/wp-json\/wp\/v2\/posts\/10144","targetHints":{"allow":["GET"]}}],"collection":[{"href":"https:\/\/www.organisator.ch\/it\/wp-json\/wp\/v2\/posts"}],"about":[{"href":"https:\/\/www.organisator.ch\/it\/wp-json\/wp\/v2\/types\/post"}],"author":[{"embeddable":true,"href":"https:\/\/www.organisator.ch\/it\/wp-json\/wp\/v2\/users\/5"}],"replies":[{"embeddable":true,"href":"https:\/\/www.organisator.ch\/it\/wp-json\/wp\/v2\/comments?post=10144"}],"version-history":[{"count":1,"href":"https:\/\/www.organisator.ch\/it\/wp-json\/wp\/v2\/posts\/10144\/revisions"}],"predecessor-version":[{"id":10856,"href":"https:\/\/www.organisator.ch\/it\/wp-json\/wp\/v2\/posts\/10144\/revisions\/10856"}],"wp:featuredmedia":[{"embeddable":true,"href":"https:\/\/www.organisator.ch\/it\/wp-json\/wp\/v2\/media\/2740"}],"wp:attachment":[{"href":"https:\/\/www.organisator.ch\/it\/wp-json\/wp\/v2\/media?parent=10144"}],"wp:term":[{"taxonomy":"category","embeddable":true,"href":"https:\/\/www.organisator.ch\/it\/wp-json\/wp\/v2\/categories?post=10144"},{"taxonomy":"post_tag","embeddable":true,"href":"https:\/\/www.organisator.ch\/it\/wp-json\/wp\/v2\/tags?post=10144"}],"curies":[{"name":"wp","href":"https:\/\/api.w.org\/{rel}","templated":true}]}}