{"id":10145,"date":"2020-01-16T11:26:09","date_gmt":"2020-01-16T10:26:09","guid":{"rendered":"https:\/\/www.umweltperspektiven.ch\/?p=2751"},"modified":"2020-01-16T11:26:09","modified_gmt":"2020-01-16T10:26:09","slug":"der-digitalbarometer-stimme-der-schweizer-bevoelkerung","status":"publish","type":"post","link":"https:\/\/www.organisator.ch\/it\/allgemein\/2020-01-16\/der-digitalbarometer-stimme-der-schweizer-bevoelkerung\/","title":{"rendered":"Il barometro digitale: La voce della popolazione svizzera"},"content":{"rendered":"<figure id=\"attachment_2752\" aria-describedby=\"caption-attachment-2752\" style=\"width: 680px\" class=\"wp-caption alignnone\"><img loading=\"lazy\" decoding=\"async\" class=\"size-medium wp-image-2752\" src=\"\/\/www.umweltperspektiven.ch\/wp-content\/uploads\/2020\/01\/Digitalbarometer_uebersicht-scaled.jpg\" alt=\"\" width=\"680\" height=\"445\" \/><figcaption id=\"caption-attachment-2752\" class=\"wp-caption-text\">\"Il Barometro Digitale mostra la percezione e il bisogno di design dalla prospettiva della popolazione. Con questa conoscenza, possiamo plasmare insieme il futuro digitale in modo sostenibile\", Matthias Holenstein, amministratore delegato della Risk Dialogue Foundation. (Fonte: DigitalBarometer2019)<\/figcaption><\/figure>\n<p>&nbsp;<\/p>\n<p>Dare alla popolazione una voce nella digitalizzazione - questo \u00e8 l'obiettivo del DigitalBarometer.  Perch\u00e9 l'inclusione delle persone \u00e8 un fattore di successo per la digitalizzazione.<\/p>\n<p>Viviamo in un mondo digitalizzato, ma c'\u00e8 anche la percezione soggettiva dei singoli membri della popolazione. I modelli di business consolidati sono sfidati dalla concorrenza digitale, le autorit\u00e0 pubbliche cercano di soddisfare le esigenze digitali della popolazione, ma anche gli individui si confrontano quotidianamente con un rapido sviluppo digitale.<\/p>\n<p>Temi come \"formazione delle opinioni\" e \"automazione dei processi di lavoro\" mostrano una percezione molto ambivalente di opportunit\u00e0 e minacce: la met\u00e0 degli intervistati associa questi temi con opportunit\u00e0 e minacce in egual misura. Su altri temi, come il \"voto elettronico\", si sono formati chiari campi di opinione. Qui 41% vede pi\u00f9 opportunit\u00e0 che pericoli e 32% pi\u00f9 pericoli che opportunit\u00e0. Un argomento chiaramente polarizzante. Grazie al DigitalBarometer, sono ora disponibili dati rappresentativi per tutti gli otto argomenti studiati.<\/p>\n<p><strong>Percezioni di pericolo\u00a0<\/strong><\/p>\n<p>Le diverse percezioni di opportunit\u00e0 e minacce si esprimono anche nelle forme di partecipazione e co-determinazione che vengono richieste. Per esempio, le persone che associano l'argomento \"voto elettronico\" con pi\u00f9 opportunit\u00e0 sono pi\u00f9 propense a voler partecipare a progetti pilota. Quando si parla di \"automazione dei processi di lavoro\", si notano differenze di et\u00e0 entusiasmanti. Mentre i pi\u00f9 giovani (18-34 anni) e i pi\u00f9 anziani (50-64 anni) sono pi\u00f9 disposti ad adattare il proprio comportamento per stare al passo con la digitalizzazione del mondo del lavoro, ad esempio attraverso la formazione continua, il gruppo di et\u00e0 media (35-49 anni) \u00e8 meno disposto.<\/p>\n<p><em>\"La ripetizione annuale del Barometro Digitale mostra come la percezione delle opportunit\u00e0 e delle minacce cambia con il progredire della trasformazione digitale. Offre alla politica, alla ricerca, all'impresa e alla societ\u00e0 civile l'opportunit\u00e0 di riprendere i temi d'attualit\u00e0. Per APROPOS_, mostra punti focali per i prossimi progetti\". (Anna-Lena K\u00f6ng, Project Manager DigitalBarometer alla Stiftung Risiko-Dialog)<\/em><\/p>\n<p>&nbsp;<\/p>\n<table width=\"100%\">\n<tbody>\n<tr>\n<td>Cos'\u00e8 il DigitalBarometer? Il DigitalBarometer annuale nell'ambito dell'iniziativa APROPOS_ della Fondazione Dialogo sui rischi - sostenuta dalla Mobiliare Genossenschaft - fornisce risposte differenziate alle domande pressanti: qual \u00e8 la percezione di opportunit\u00e0 e minacce della popolazione svizzera? Dove vorrebbero dire la loro, contribuire a plasmare la situazione ed essere coinvolti? Questo permette alla politica, alla ricerca, all'economia e alla societ\u00e0 civile di modellare specificamente le singole applicazioni della digitalizzazione in modo tale che le opportunit\u00e0 esistenti siano utilizzate e i pericoli percepiti siano affrontati.<\/p>\n<p>&nbsp;<\/p>\n<p>L'opuscolo sul DigitalBarometer 2019, comprese ulteriori informazioni, \u00e8 disponibile dal 27 novembre 2019 all'indirizzo:\u00a0<a href=\"\/\/www.apropos.swiss\/de\/digitalbarometer\"><strong>www.apropos.swiss\/de\/digitalbarometer<\/strong><\/a><\/td>\n<\/tr>\n<\/tbody>\n<\/table>\n<p>&nbsp;<\/p>\n<p>Il futuro dibattito deve mostrare quali sono le possibilit\u00e0 per l'individuo, dove sono necessarie condizioni quadro e come le opportunit\u00e0 e i pericoli potenziali possono essere affrontati in termini concreti. \u00c8 importante portare con s\u00e9 pensatori e operatori analogici e digitali. Possiamo basarci sulla nostra lunga esperienza di partecipazione democratica diretta per plasmare insieme la Svizzera digitale - con e per il popolo.<\/p>","protected":false},"excerpt":{"rendered":"<p>&nbsp; Der Bev\u00f6lkerung in der Digitalisierung eine Stimme geben \u2013 das ist das Ziel des DigitalBarometers. \u00a0Denn der Einbezug der Menschen ist ein Erfolgsfaktor f\u00fcr die Digitalisierung. Wir leben in einer digitalisierten Welt, allerdings gibt es auch die subjektive Wahrnehmung der einzelnen Bev\u00f6lkerungsmitglieder. Etablierte Gesch\u00e4ftsmodelle werden durch die digitale Konkurrenz gefordert, Beh\u00f6rden versuchen den digitalen [&hellip;]<\/p>\n","protected":false},"author":5,"featured_media":9673,"comment_status":"closed","ping_status":"closed","sticky":false,"template":"","format":"standard","meta":{"_acf_changed":false,"_yoast_wpseo_focuskw":"DigitalBarometer 2019","_yoast_wpseo_metadesc":"Die Bev\u00f6lkerung m\u00f6chte bei der digitalen Zukunft mitreden, kaum jemand will das Feld alleine den Fachleuten \u00fcberlassen, das zeigt der DigitalBarometer 2019.","articlekey":"","footnotes":""},"categories":[1],"tags":[770,1256,424,460],"class_list":["post-10145","post","type-post","status-publish","format-standard","has-post-thumbnail","hentry","category-allgemein","tag-barometer","tag-gefahrenwahrnehmung","tag-schweiz","tag-studien"],"acf":[],"yoast_head":"<!-- This site is optimized with the Yoast SEO plugin v27.5 - https:\/\/yoast.com\/product\/yoast-seo-wordpress\/ -->\n<title>Der Digitalbarometer: Stimme der Schweizer Bev\u00f6lkerung - Organisator<\/title>\n<meta name=\"description\" content=\"Die Bev\u00f6lkerung m\u00f6chte bei der digitalen Zukunft mitreden, kaum jemand will das Feld alleine den Fachleuten \u00fcberlassen, das zeigt der DigitalBarometer 2019.\" \/>\n<meta name=\"robots\" content=\"index, follow, max-snippet:-1, max-image-preview:large, max-video-preview:-1\" \/>\n<link rel=\"canonical\" href=\"https:\/\/www.organisator.ch\/it\/generale\/2020-01-16\/der-digitalbarometer-stimme-der-schweizer-bevoelkerung\/\" \/>\n<meta property=\"og:locale\" content=\"it_IT\" \/>\n<meta property=\"og:type\" content=\"article\" \/>\n<meta property=\"og:title\" content=\"Der Digitalbarometer: Stimme der Schweizer Bev\u00f6lkerung - Organisator\" \/>\n<meta property=\"og:description\" content=\"Die Bev\u00f6lkerung m\u00f6chte bei der digitalen Zukunft mitreden, kaum jemand will das Feld alleine den Fachleuten \u00fcberlassen, das zeigt der DigitalBarometer 2019.\" \/>\n<meta property=\"og:url\" content=\"https:\/\/www.organisator.ch\/it\/generale\/2020-01-16\/der-digitalbarometer-stimme-der-schweizer-bevoelkerung\/\" \/>\n<meta property=\"og:site_name\" content=\"Organisator\" \/>\n<meta property=\"article:publisher\" content=\"https:\/\/www.facebook.com\/OrganisatorFachmagazin\" \/>\n<meta property=\"article:published_time\" content=\"2020-01-16T10:26:09+00:00\" \/>\n<meta property=\"og:image\" content=\"https:\/\/www.organisator.ch\/wp-content\/uploads\/2020\/01\/Digitalbarometer_uebersicht-scaled-1.jpg\" \/>\n\t<meta property=\"og:image:width\" content=\"760\" \/>\n\t<meta property=\"og:image:height\" content=\"497\" \/>\n\t<meta property=\"og:image:type\" content=\"image\/jpeg\" \/>\n<meta name=\"author\" content=\"michael.merz\" \/>\n<meta name=\"twitter:card\" content=\"summary_large_image\" \/>\n<script type=\"application\/ld+json\" class=\"yoast-schema-graph\">{\"@context\":\"https:\\\/\\\/schema.org\",\"@graph\":[{\"@type\":\"Article\",\"@id\":\"https:\\\/\\\/www.organisator.ch\\\/en\\\/general\\\/2020-01-16\\\/der-digitalbarometer-stimme-der-schweizer-bevoelkerung\\\/#article\",\"isPartOf\":{\"@id\":\"https:\\\/\\\/www.organisator.ch\\\/en\\\/general\\\/2020-01-16\\\/der-digitalbarometer-stimme-der-schweizer-bevoelkerung\\\/\"},\"author\":{\"name\":\"michael.merz\",\"@id\":\"https:\\\/\\\/www.organisator.ch\\\/#\\\/schema\\\/person\\\/134708ca9321c57b0362cceb7948ffbd\"},\"headline\":\"Der Digitalbarometer: Stimme der Schweizer Bev\u00f6lkerung\",\"datePublished\":\"2020-01-16T10:26:09+00:00\",\"mainEntityOfPage\":{\"@id\":\"https:\\\/\\\/www.organisator.ch\\\/en\\\/general\\\/2020-01-16\\\/der-digitalbarometer-stimme-der-schweizer-bevoelkerung\\\/\"},\"wordCount\":524,\"publisher\":{\"@id\":\"https:\\\/\\\/www.organisator.ch\\\/#organization\"},\"image\":{\"@id\":\"https:\\\/\\\/www.organisator.ch\\\/en\\\/general\\\/2020-01-16\\\/der-digitalbarometer-stimme-der-schweizer-bevoelkerung\\\/#primaryimage\"},\"thumbnailUrl\":\"https:\\\/\\\/www.organisator.ch\\\/wp-content\\\/uploads\\\/2020\\\/01\\\/Digitalbarometer_uebersicht-scaled-1.jpg\",\"keywords\":[\"Barometer\",\"Gefahrenwahrnehmung\",\"Schweiz\",\"Studien\"],\"articleSection\":[\"Allgemein\"],\"inLanguage\":\"it-IT\"},{\"@type\":\"WebPage\",\"@id\":\"https:\\\/\\\/www.organisator.ch\\\/en\\\/general\\\/2020-01-16\\\/der-digitalbarometer-stimme-der-schweizer-bevoelkerung\\\/\",\"url\":\"https:\\\/\\\/www.organisator.ch\\\/en\\\/general\\\/2020-01-16\\\/der-digitalbarometer-stimme-der-schweizer-bevoelkerung\\\/\",\"name\":\"Der Digitalbarometer: Stimme der Schweizer Bev\u00f6lkerung - Organisator\",\"isPartOf\":{\"@id\":\"https:\\\/\\\/www.organisator.ch\\\/#website\"},\"primaryImageOfPage\":{\"@id\":\"https:\\\/\\\/www.organisator.ch\\\/en\\\/general\\\/2020-01-16\\\/der-digitalbarometer-stimme-der-schweizer-bevoelkerung\\\/#primaryimage\"},\"image\":{\"@id\":\"https:\\\/\\\/www.organisator.ch\\\/en\\\/general\\\/2020-01-16\\\/der-digitalbarometer-stimme-der-schweizer-bevoelkerung\\\/#primaryimage\"},\"thumbnailUrl\":\"https:\\\/\\\/www.organisator.ch\\\/wp-content\\\/uploads\\\/2020\\\/01\\\/Digitalbarometer_uebersicht-scaled-1.jpg\",\"datePublished\":\"2020-01-16T10:26:09+00:00\",\"description\":\"Die Bev\u00f6lkerung m\u00f6chte bei der digitalen Zukunft mitreden, kaum jemand will das Feld alleine den Fachleuten \u00fcberlassen, das zeigt der DigitalBarometer 2019.\",\"breadcrumb\":{\"@id\":\"https:\\\/\\\/www.organisator.ch\\\/en\\\/general\\\/2020-01-16\\\/der-digitalbarometer-stimme-der-schweizer-bevoelkerung\\\/#breadcrumb\"},\"inLanguage\":\"it-IT\",\"potentialAction\":[{\"@type\":\"ReadAction\",\"target\":[\"https:\\\/\\\/www.organisator.ch\\\/en\\\/general\\\/2020-01-16\\\/der-digitalbarometer-stimme-der-schweizer-bevoelkerung\\\/\"]}]},{\"@type\":\"ImageObject\",\"inLanguage\":\"it-IT\",\"@id\":\"https:\\\/\\\/www.organisator.ch\\\/en\\\/general\\\/2020-01-16\\\/der-digitalbarometer-stimme-der-schweizer-bevoelkerung\\\/#primaryimage\",\"url\":\"https:\\\/\\\/www.organisator.ch\\\/wp-content\\\/uploads\\\/2020\\\/01\\\/Digitalbarometer_uebersicht-scaled-1.jpg\",\"contentUrl\":\"https:\\\/\\\/www.organisator.ch\\\/wp-content\\\/uploads\\\/2020\\\/01\\\/Digitalbarometer_uebersicht-scaled-1.jpg\",\"width\":760,\"height\":497,\"caption\":\"\u201eDer DigitalBarometer zeigt die Wahrnehmung und den Gestaltungsbedarf aus Sicht der Bev\u00f6lkerung auf. Mit diesem Wissen k\u00f6nnen wir die digitale Zukunft gemeinsam tragf\u00e4hig gestalten.\u201c (Matthias Holenstein, Gesch\u00e4ftsf\u00fchrer der Stiftung Risiko-Dialog).\"},{\"@type\":\"BreadcrumbList\",\"@id\":\"https:\\\/\\\/www.organisator.ch\\\/en\\\/general\\\/2020-01-16\\\/der-digitalbarometer-stimme-der-schweizer-bevoelkerung\\\/#breadcrumb\",\"itemListElement\":[{\"@type\":\"ListItem\",\"position\":1,\"name\":\"Home\",\"item\":\"https:\\\/\\\/www.organisator.ch\\\/\"},{\"@type\":\"ListItem\",\"position\":2,\"name\":\"Der Digitalbarometer: Stimme der Schweizer Bev\u00f6lkerung\"}]},{\"@type\":\"WebSite\",\"@id\":\"https:\\\/\\\/www.organisator.ch\\\/#website\",\"url\":\"https:\\\/\\\/www.organisator.ch\\\/\",\"name\":\"Organisator\",\"description\":\"Kompetent. Praxisnah. Der ORGANISATOR bereitet in 10 Ausgaben pro Jahr die wesentlichen Themen f\u00fcr F\u00fchrungskr\u00e4fte von KMU auf.\",\"publisher\":{\"@id\":\"https:\\\/\\\/www.organisator.ch\\\/#organization\"},\"potentialAction\":[{\"@type\":\"SearchAction\",\"target\":{\"@type\":\"EntryPoint\",\"urlTemplate\":\"https:\\\/\\\/www.organisator.ch\\\/?s={search_term_string}\"},\"query-input\":{\"@type\":\"PropertyValueSpecification\",\"valueRequired\":true,\"valueName\":\"search_term_string\"}}],\"inLanguage\":\"it-IT\"},{\"@type\":\"Organization\",\"@id\":\"https:\\\/\\\/www.organisator.ch\\\/#organization\",\"name\":\"Organisator\",\"url\":\"https:\\\/\\\/www.organisator.ch\\\/\",\"logo\":{\"@type\":\"ImageObject\",\"inLanguage\":\"it-IT\",\"@id\":\"https:\\\/\\\/www.organisator.ch\\\/#\\\/schema\\\/logo\\\/image\\\/\",\"url\":\"https:\\\/\\\/www.organisator.ch\\\/wp-content\\\/uploads\\\/2022\\\/01\\\/Logo_Organisator_Website.png\",\"contentUrl\":\"https:\\\/\\\/www.organisator.ch\\\/wp-content\\\/uploads\\\/2022\\\/01\\\/Logo_Organisator_Website.png\",\"width\":800,\"height\":77,\"caption\":\"Organisator\"},\"image\":{\"@id\":\"https:\\\/\\\/www.organisator.ch\\\/#\\\/schema\\\/logo\\\/image\\\/\"},\"sameAs\":[\"https:\\\/\\\/www.facebook.com\\\/OrganisatorFachmagazin\",\"https:\\\/\\\/www.linkedin.com\\\/showcase\\\/organisator-das-magazin-fr-kmu\",\"https:\\\/\\\/www.xing.com\\\/news\\\/pages\\\/organisator-ch-695\",\"https:\\\/\\\/www.youtube.com\\\/channel\\\/UCGP2Sq0iWaZwT3BdIAQFYpw\"]},{\"@type\":\"Person\",\"@id\":\"https:\\\/\\\/www.organisator.ch\\\/#\\\/schema\\\/person\\\/134708ca9321c57b0362cceb7948ffbd\",\"name\":\"michael.merz\",\"image\":{\"@type\":\"ImageObject\",\"inLanguage\":\"it-IT\",\"@id\":\"https:\\\/\\\/secure.gravatar.com\\\/avatar\\\/?s=96&d=mm&r=g\",\"url\":\"https:\\\/\\\/secure.gravatar.com\\\/avatar\\\/?s=96&d=mm&r=g\",\"contentUrl\":\"https:\\\/\\\/secure.gravatar.com\\\/avatar\\\/?s=96&d=mm&r=g\",\"caption\":\"michael.merz\"},\"url\":\"https:\\\/\\\/www.organisator.ch\\\/it\\\/author\\\/michael-merz\\\/\"}]}<\/script>\n<!-- \/ Yoast SEO plugin. -->","yoast_head_json":{"title":"Il barometro digitale: Voce del popolo svizzero - Organizzatore","description":"La popolazione vuole avere voce in capitolo sul futuro digitale, quasi nessuno vuole lasciare il campo ai soli esperti, come dimostra il DigitalBarometer 2019.","robots":{"index":"index","follow":"follow","max-snippet":"max-snippet:-1","max-image-preview":"max-image-preview:large","max-video-preview":"max-video-preview:-1"},"canonical":"https:\/\/www.organisator.ch\/it\/generale\/2020-01-16\/der-digitalbarometer-stimme-der-schweizer-bevoelkerung\/","og_locale":"it_IT","og_type":"article","og_title":"Der Digitalbarometer: Stimme der Schweizer Bev\u00f6lkerung - Organisator","og_description":"Die Bev\u00f6lkerung m\u00f6chte bei der digitalen Zukunft mitreden, kaum jemand will das Feld alleine den Fachleuten \u00fcberlassen, das zeigt der DigitalBarometer 2019.","og_url":"https:\/\/www.organisator.ch\/it\/generale\/2020-01-16\/der-digitalbarometer-stimme-der-schweizer-bevoelkerung\/","og_site_name":"Organisator","article_publisher":"https:\/\/www.facebook.com\/OrganisatorFachmagazin","article_published_time":"2020-01-16T10:26:09+00:00","og_image":[{"width":760,"height":497,"url":"https:\/\/www.organisator.ch\/wp-content\/uploads\/2020\/01\/Digitalbarometer_uebersicht-scaled-1.jpg","type":"image\/jpeg"}],"author":"michael.merz","twitter_card":"summary_large_image","schema":{"@context":"https:\/\/schema.org","@graph":[{"@type":"Article","@id":"https:\/\/www.organisator.ch\/en\/general\/2020-01-16\/der-digitalbarometer-stimme-der-schweizer-bevoelkerung\/#article","isPartOf":{"@id":"https:\/\/www.organisator.ch\/en\/general\/2020-01-16\/der-digitalbarometer-stimme-der-schweizer-bevoelkerung\/"},"author":{"name":"michael.merz","@id":"https:\/\/www.organisator.ch\/#\/schema\/person\/134708ca9321c57b0362cceb7948ffbd"},"headline":"Der Digitalbarometer: Stimme der Schweizer Bev\u00f6lkerung","datePublished":"2020-01-16T10:26:09+00:00","mainEntityOfPage":{"@id":"https:\/\/www.organisator.ch\/en\/general\/2020-01-16\/der-digitalbarometer-stimme-der-schweizer-bevoelkerung\/"},"wordCount":524,"publisher":{"@id":"https:\/\/www.organisator.ch\/#organization"},"image":{"@id":"https:\/\/www.organisator.ch\/en\/general\/2020-01-16\/der-digitalbarometer-stimme-der-schweizer-bevoelkerung\/#primaryimage"},"thumbnailUrl":"https:\/\/www.organisator.ch\/wp-content\/uploads\/2020\/01\/Digitalbarometer_uebersicht-scaled-1.jpg","keywords":["Barometer","Gefahrenwahrnehmung","Schweiz","Studien"],"articleSection":["Allgemein"],"inLanguage":"it-IT"},{"@type":"WebPage","@id":"https:\/\/www.organisator.ch\/en\/general\/2020-01-16\/der-digitalbarometer-stimme-der-schweizer-bevoelkerung\/","url":"https:\/\/www.organisator.ch\/en\/general\/2020-01-16\/der-digitalbarometer-stimme-der-schweizer-bevoelkerung\/","name":"Il barometro digitale: Voce del popolo svizzero - Organizzatore","isPartOf":{"@id":"https:\/\/www.organisator.ch\/#website"},"primaryImageOfPage":{"@id":"https:\/\/www.organisator.ch\/en\/general\/2020-01-16\/der-digitalbarometer-stimme-der-schweizer-bevoelkerung\/#primaryimage"},"image":{"@id":"https:\/\/www.organisator.ch\/en\/general\/2020-01-16\/der-digitalbarometer-stimme-der-schweizer-bevoelkerung\/#primaryimage"},"thumbnailUrl":"https:\/\/www.organisator.ch\/wp-content\/uploads\/2020\/01\/Digitalbarometer_uebersicht-scaled-1.jpg","datePublished":"2020-01-16T10:26:09+00:00","description":"La popolazione vuole avere voce in capitolo sul futuro digitale, quasi nessuno vuole lasciare il campo ai soli esperti, come dimostra il DigitalBarometer 2019.","breadcrumb":{"@id":"https:\/\/www.organisator.ch\/en\/general\/2020-01-16\/der-digitalbarometer-stimme-der-schweizer-bevoelkerung\/#breadcrumb"},"inLanguage":"it-IT","potentialAction":[{"@type":"ReadAction","target":["https:\/\/www.organisator.ch\/en\/general\/2020-01-16\/der-digitalbarometer-stimme-der-schweizer-bevoelkerung\/"]}]},{"@type":"ImageObject","inLanguage":"it-IT","@id":"https:\/\/www.organisator.ch\/en\/general\/2020-01-16\/der-digitalbarometer-stimme-der-schweizer-bevoelkerung\/#primaryimage","url":"https:\/\/www.organisator.ch\/wp-content\/uploads\/2020\/01\/Digitalbarometer_uebersicht-scaled-1.jpg","contentUrl":"https:\/\/www.organisator.ch\/wp-content\/uploads\/2020\/01\/Digitalbarometer_uebersicht-scaled-1.jpg","width":760,"height":497,"caption":"\u201eDer DigitalBarometer zeigt die Wahrnehmung und den Gestaltungsbedarf aus Sicht der Bev\u00f6lkerung auf. Mit diesem Wissen k\u00f6nnen wir die digitale Zukunft gemeinsam tragf\u00e4hig gestalten.\u201c (Matthias Holenstein, Gesch\u00e4ftsf\u00fchrer der Stiftung Risiko-Dialog)."},{"@type":"BreadcrumbList","@id":"https:\/\/www.organisator.ch\/en\/general\/2020-01-16\/der-digitalbarometer-stimme-der-schweizer-bevoelkerung\/#breadcrumb","itemListElement":[{"@type":"ListItem","position":1,"name":"Home","item":"https:\/\/www.organisator.ch\/"},{"@type":"ListItem","position":2,"name":"Der Digitalbarometer: Stimme der Schweizer Bev\u00f6lkerung"}]},{"@type":"WebSite","@id":"https:\/\/www.organisator.ch\/#website","url":"https:\/\/www.organisator.ch\/","name":"Organizzatore","description":"Competente. Pratico. In 10 numeri all'anno, ORGANISATOR presenta i temi essenziali per i manager delle PMI.","publisher":{"@id":"https:\/\/www.organisator.ch\/#organization"},"potentialAction":[{"@type":"SearchAction","target":{"@type":"EntryPoint","urlTemplate":"https:\/\/www.organisator.ch\/?s={search_term_string}"},"query-input":{"@type":"PropertyValueSpecification","valueRequired":true,"valueName":"search_term_string"}}],"inLanguage":"it-IT"},{"@type":"Organization","@id":"https:\/\/www.organisator.ch\/#organization","name":"Organizzatore","url":"https:\/\/www.organisator.ch\/","logo":{"@type":"ImageObject","inLanguage":"it-IT","@id":"https:\/\/www.organisator.ch\/#\/schema\/logo\/image\/","url":"https:\/\/www.organisator.ch\/wp-content\/uploads\/2022\/01\/Logo_Organisator_Website.png","contentUrl":"https:\/\/www.organisator.ch\/wp-content\/uploads\/2022\/01\/Logo_Organisator_Website.png","width":800,"height":77,"caption":"Organisator"},"image":{"@id":"https:\/\/www.organisator.ch\/#\/schema\/logo\/image\/"},"sameAs":["https:\/\/www.facebook.com\/OrganisatorFachmagazin","https:\/\/www.linkedin.com\/showcase\/organisator-das-magazin-fr-kmu","https:\/\/www.xing.com\/news\/pages\/organisator-ch-695","https:\/\/www.youtube.com\/channel\/UCGP2Sq0iWaZwT3BdIAQFYpw"]},{"@type":"Person","@id":"https:\/\/www.organisator.ch\/#\/schema\/person\/134708ca9321c57b0362cceb7948ffbd","name":"michael.merz","image":{"@type":"ImageObject","inLanguage":"it-IT","@id":"https:\/\/secure.gravatar.com\/avatar\/?s=96&d=mm&r=g","url":"https:\/\/secure.gravatar.com\/avatar\/?s=96&d=mm&r=g","contentUrl":"https:\/\/secure.gravatar.com\/avatar\/?s=96&d=mm&r=g","caption":"michael.merz"},"url":"https:\/\/www.organisator.ch\/it\/author\/michael-merz\/"}]}},"_links":{"self":[{"href":"https:\/\/www.organisator.ch\/it\/wp-json\/wp\/v2\/posts\/10145","targetHints":{"allow":["GET"]}}],"collection":[{"href":"https:\/\/www.organisator.ch\/it\/wp-json\/wp\/v2\/posts"}],"about":[{"href":"https:\/\/www.organisator.ch\/it\/wp-json\/wp\/v2\/types\/post"}],"author":[{"embeddable":true,"href":"https:\/\/www.organisator.ch\/it\/wp-json\/wp\/v2\/users\/5"}],"replies":[{"embeddable":true,"href":"https:\/\/www.organisator.ch\/it\/wp-json\/wp\/v2\/comments?post=10145"}],"version-history":[{"count":0,"href":"https:\/\/www.organisator.ch\/it\/wp-json\/wp\/v2\/posts\/10145\/revisions"}],"wp:featuredmedia":[{"embeddable":true,"href":"https:\/\/www.organisator.ch\/it\/wp-json\/wp\/v2\/media\/9673"}],"wp:attachment":[{"href":"https:\/\/www.organisator.ch\/it\/wp-json\/wp\/v2\/media?parent=10145"}],"wp:term":[{"taxonomy":"category","embeddable":true,"href":"https:\/\/www.organisator.ch\/it\/wp-json\/wp\/v2\/categories?post=10145"},{"taxonomy":"post_tag","embeddable":true,"href":"https:\/\/www.organisator.ch\/it\/wp-json\/wp\/v2\/tags?post=10145"}],"curies":[{"name":"wp","href":"https:\/\/api.w.org\/{rel}","templated":true}]}}