{"id":10150,"date":"2020-01-30T15:39:47","date_gmt":"2020-01-30T14:39:47","guid":{"rendered":"https:\/\/www.umweltperspektiven.ch\/?p=2794"},"modified":"2022-02-09T11:10:00","modified_gmt":"2022-02-09T10:10:00","slug":"reinraummesse-lounges-raumplaner-anerkennen-verstaerkt-nachhaltiges-bauen-fuer-sich","status":"publish","type":"post","link":"https:\/\/www.organisator.ch\/it\/sustainability\/2020-01-30\/reinraummesse-lounges-raumplaner-anerkennen-verstaerkt-nachhaltiges-bauen-fuer-sich\/","title":{"rendered":"Fiera delle camere bianche LOUNGES: I progettisti di camere riconoscono sempre di pi\u00f9 l'edilizia sostenibile"},"content":{"rendered":"<figure id=\"attachment_2795\" aria-describedby=\"caption-attachment-2795\" style=\"width: 640px\" class=\"wp-caption alignnone\"><img loading=\"lazy\" decoding=\"async\" class=\"size-full wp-image-2795\" src=\"\/\/www.umweltperspektiven.ch\/wp-content\/uploads\/2020\/01\/Messe-Lounges-2020-UP-Umwelt-Perspektiven.jpg\" alt=\"\" width=\"640\" height=\"423\" srcset=\"https:\/\/www.organisator.ch\/wp-content\/uploads\/2020\/01\/Messe-Lounges-2020-UP-Umwelt-Perspektiven.jpg 640w, https:\/\/www.organisator.ch\/wp-content\/uploads\/2020\/01\/Messe-Lounges-2020-UP-Umwelt-Perspektiven-18x12.jpg 18w, https:\/\/www.organisator.ch\/wp-content\/uploads\/2020\/01\/Messe-Lounges-2020-UP-Umwelt-Perspektiven-265x175.jpg 265w, https:\/\/www.organisator.ch\/wp-content\/uploads\/2020\/01\/Messe-Lounges-2020-UP-Umwelt-Perspektiven-530x350.jpg 530w, https:\/\/www.organisator.ch\/wp-content\/uploads\/2020\/01\/Messe-Lounges-2020-UP-Umwelt-Perspektiven-300x198.jpg 300w\" sizes=\"auto, (max-width: 640px) 100vw, 640px\" \/><figcaption id=\"caption-attachment-2795\" class=\"wp-caption-text\">Il mondo del lavoro 4.0 richiede nuove prospettive. Oggi progettare un ufficio significa creare possibilit\u00e0 anzich\u00e9 necessit\u00e0. (Immagine: zVg)<\/figcaption><\/figure>\n<p>L'esperto di nuovi lavori Sven Bietau spiega alla fiera LOUNGES: \"L'attuale forma di ufficio predominante \u00e8 progettata architettonicamente per un modo di lavorare lineare e gerarchico. Le aziende che vogliono rimanere competitive in futuro, tuttavia, hanno bisogno di spazi per l'empatia, la creativit\u00e0 e l'inventiva, e non solo di celle in cui lavorare.<\/p>\n<p>Nel nuovo decennio, un ambiente di lavoro orientato al futuro deve quindi essere pi\u00f9 di una semplice copia o modifica di una stanza necessaria in un design chic. Experience Design\" e \"User Driven Design\" sono diventati indispensabili nel mondo dell'ufficio. CSMM-architecture matters sostiene quindi l'approccio di progettare i futuri ambienti di lavoro come spazi di possibilit\u00e0.<\/p>\n<p><strong>\"L'ufficio \u00e8 morto. Viva l'ufficio!\".<\/strong><\/p>\n<p>Con il titolo del workshop \"L'ufficio \u00e8 morto. Lunga vita all'ufficio!\", Sven Bietau traccia un arco dal mondo del lavoro 4.0 al necessario cambiamento interno e invita a ripensarlo con la sua tesi.<\/p>\n<p>\"Gli spazi di possibilit\u00e0 perseguono principalmente l'obiettivo di promuovere l'innovazione. Creano un ambiente in cui le persone possono esistere come esseri sociali e innovativi. Tutto \u00e8 possibile in questo spazio, liberamente secondo il principio della serendipit\u00e0\". L'esperto giustifica la sua visione:<\/p>\n<p>\"Le innovazioni che hanno cambiato la nostra societ\u00e0 in modo permanente, come quella della penicillina, potrebbero infatti essere favorite dalla creazione di condizioni quadro - cio\u00e8 la sperimentazione in laboratorio e la composizione di determinate sostanze. Ma ci\u00f2 che non poteva essere pianificato era l'invenzione stessa. \u00c8 stata la felice coincidenza - la serendipit\u00e0 - a rendere possibile la scoperta stessa\", spiega Bietau, Managing Partner di CSMM.<\/p>\n<p>\"Chiede quindi un cambio veemente di paradigma nel mondo del lavoro, passando da uno spazio di necessit\u00e0 a uno spazio di possibilit\u00e0. Secondo lui, questo cambiamento di paradigma serve anche a costruire in modo veramente sostenibile in futuro.<\/p>\n<p><strong>Pianificazione territoriale sostenibile <\/strong><\/p>\n<p>Lo spazio delle possibilit\u00e0 \u00e8 sostenibile perch\u00e9 tiene conto in egual misura degli aspetti ecologici, sociali e culturali oltre che di quelli economici. Secondo gli organizzatori della fiera LOUNGES, \"il tema dell'edilizia sostenibile \u00e8 ancora agli inizi in molti settori, ma si sta sviluppando a rotta di collo\".<\/p>\n<p>La digitalizzazione sta stravolgendo l'immagine prevalente dell'ufficio. Non solo permette di lavorare indipendentemente dal tempo e dal luogo, ma mette in rete, accelera e abilita in una misura senza precedenti. Bietau: \"Niente ci influenza quanto lo spazio circostante. Ecco perch\u00e9 bisogna dare molto spazio a quei fattori che favoriscono l'innovazione\".<\/p>\n<p>Gli ambienti di lavoro devono essere ripensati nella loro progettazione. L'ufficio rimane necessario, un luogo di incontro sociale che crea identificazione. In futuro, l'ufficio non sar\u00e0 un luogo di lavoro, ma un nucleo di innovazione.<\/p>\n<p>Con il cambiamento dei settori occupazionali, sono cambiati anche gli obiettivi del lavoro. Se un tempo serviva soprattutto a sopravvivere, e allora gran parte delle professioni perseguivano il puro lavoro come obiettivo a seguito della divisione industriale del lavoro, nell'odierna societ\u00e0 della conoscenza si tratta soprattutto di creare innovazione per rimanere commercializzabili.<\/p>\n<p><a href=\"\/\/www.cs-mm.com\">www.cs-mm.com<\/a><\/p>\n<p>&nbsp;<\/p>\n<p>&nbsp;<\/p>\n<p>&nbsp;<\/p>\n<p>&nbsp;<\/p>","protected":false},"excerpt":{"rendered":"<p>Der New-Work-Experte Sven Bietau erl\u00e4utert an der Reinraummesse LOUNGES: \u201eDie aktuell vorherrschende B\u00fcroform ist architektonisch ausgelegt auf eine lineare und hierarchische Arbeitsweise. Unternehmen, die zuk\u00fcnftig wettbewerbsf\u00e4hig bleiben wollen, ben\u00f6tigen heute aber Raum f\u00fcr Empathie, Kreativit\u00e4t und Erfindergeist \u2013 und keine reinen Zellen zum Abarbeiten\u201c. Eine zukunftsorientierte Arbeitsumgebung muss im neu angebrochenen Jahrzehnt deshalb mehr sein [&hellip;]<\/p>\n","protected":false},"author":5,"featured_media":2795,"comment_status":"closed","ping_status":"closed","sticky":false,"template":"","format":"standard","meta":{"_acf_changed":false,"_yoast_wpseo_focuskw":"Reinraummesse LOUNGES","_yoast_wpseo_metadesc":"Bei der vom 28. Januar bis zum 30. Januar stattfindenden Reinraummesse LOUNGES spricht der New-Work-Experte Sven Bietau \u00fcber nachhaltige Bautrends.","articlekey":"","footnotes":""},"categories":[580],"tags":[724,274,1753,363,1980],"class_list":["post-10150","post","type-post","status-publish","format-standard","has-post-thumbnail","hentry","category-sustainability","tag-arbeitswelten","tag-innovation","tag-nachhaltig-bauen","tag-new-work","tag-raumklima"],"acf":[],"yoast_head":"<!-- This site is optimized with the Yoast SEO plugin v27.5 - https:\/\/yoast.com\/product\/yoast-seo-wordpress\/ -->\n<title>Reinraummesse LOUNGES: Raumplaner anerkennen verst\u00e4rkt nachhaltiges Bauen f\u00fcr sich - Organisator<\/title>\n<meta name=\"description\" content=\"Bei der vom 28. Januar bis zum 30. Januar stattfindenden Reinraummesse LOUNGES spricht der New-Work-Experte Sven Bietau \u00fcber nachhaltige Bautrends.\" \/>\n<meta name=\"robots\" content=\"index, follow, max-snippet:-1, max-image-preview:large, max-video-preview:-1\" \/>\n<link rel=\"canonical\" href=\"https:\/\/www.organisator.ch\/it\/sostenibilita\/2020-01-30\/reinraummesse-lounges-raumplaner-anerkennen-verstaerkt-nachhaltiges-bauen-fuer-sich\/\" \/>\n<meta property=\"og:locale\" content=\"it_IT\" \/>\n<meta property=\"og:type\" content=\"article\" \/>\n<meta property=\"og:title\" content=\"Reinraummesse LOUNGES: Raumplaner anerkennen verst\u00e4rkt nachhaltiges Bauen f\u00fcr sich - Organisator\" \/>\n<meta property=\"og:description\" content=\"Bei der vom 28. Januar bis zum 30. Januar stattfindenden Reinraummesse LOUNGES spricht der New-Work-Experte Sven Bietau \u00fcber nachhaltige Bautrends.\" \/>\n<meta property=\"og:url\" content=\"https:\/\/www.organisator.ch\/it\/sostenibilita\/2020-01-30\/reinraummesse-lounges-raumplaner-anerkennen-verstaerkt-nachhaltiges-bauen-fuer-sich\/\" \/>\n<meta property=\"og:site_name\" content=\"Organisator\" \/>\n<meta property=\"article:publisher\" content=\"https:\/\/www.facebook.com\/OrganisatorFachmagazin\" \/>\n<meta property=\"article:published_time\" content=\"2020-01-30T14:39:47+00:00\" \/>\n<meta property=\"article:modified_time\" content=\"2022-02-09T10:10:00+00:00\" \/>\n<meta property=\"og:image\" content=\"https:\/\/www.organisator.ch\/wp-content\/uploads\/2020\/01\/Messe-Lounges-2020-UP-Umwelt-Perspektiven.jpg\" \/>\n\t<meta property=\"og:image:width\" content=\"640\" \/>\n\t<meta property=\"og:image:height\" content=\"423\" \/>\n\t<meta property=\"og:image:type\" content=\"image\/jpeg\" \/>\n<meta name=\"author\" content=\"michael.merz\" \/>\n<meta name=\"twitter:card\" content=\"summary_large_image\" \/>\n<script type=\"application\/ld+json\" class=\"yoast-schema-graph\">{\"@context\":\"https:\\\/\\\/schema.org\",\"@graph\":[{\"@type\":\"Article\",\"@id\":\"https:\\\/\\\/www.organisator.ch\\\/sustainability\\\/2020-01-30\\\/reinraummesse-lounges-raumplaner-anerkennen-verstaerkt-nachhaltiges-bauen-fuer-sich\\\/#article\",\"isPartOf\":{\"@id\":\"https:\\\/\\\/www.organisator.ch\\\/sustainability\\\/2020-01-30\\\/reinraummesse-lounges-raumplaner-anerkennen-verstaerkt-nachhaltiges-bauen-fuer-sich\\\/\"},\"author\":{\"name\":\"michael.merz\",\"@id\":\"https:\\\/\\\/www.organisator.ch\\\/#\\\/schema\\\/person\\\/134708ca9321c57b0362cceb7948ffbd\"},\"headline\":\"Reinraummesse LOUNGES: Raumplaner anerkennen verst\u00e4rkt nachhaltiges Bauen f\u00fcr sich\",\"datePublished\":\"2020-01-30T14:39:47+00:00\",\"dateModified\":\"2022-02-09T10:10:00+00:00\",\"mainEntityOfPage\":{\"@id\":\"https:\\\/\\\/www.organisator.ch\\\/sustainability\\\/2020-01-30\\\/reinraummesse-lounges-raumplaner-anerkennen-verstaerkt-nachhaltiges-bauen-fuer-sich\\\/\"},\"wordCount\":522,\"publisher\":{\"@id\":\"https:\\\/\\\/www.organisator.ch\\\/#organization\"},\"image\":{\"@id\":\"https:\\\/\\\/www.organisator.ch\\\/sustainability\\\/2020-01-30\\\/reinraummesse-lounges-raumplaner-anerkennen-verstaerkt-nachhaltiges-bauen-fuer-sich\\\/#primaryimage\"},\"thumbnailUrl\":\"https:\\\/\\\/www.organisator.ch\\\/wp-content\\\/uploads\\\/2020\\\/01\\\/Messe-Lounges-2020-UP-Umwelt-Perspektiven.jpg\",\"keywords\":[\"Arbeitswelten\",\"Innovation\",\"Nachhaltig Bauen\",\"New Work\",\"Raumklima\"],\"articleSection\":[\"SUSTAINABILITY\"],\"inLanguage\":\"it-IT\"},{\"@type\":\"WebPage\",\"@id\":\"https:\\\/\\\/www.organisator.ch\\\/sustainability\\\/2020-01-30\\\/reinraummesse-lounges-raumplaner-anerkennen-verstaerkt-nachhaltiges-bauen-fuer-sich\\\/\",\"url\":\"https:\\\/\\\/www.organisator.ch\\\/sustainability\\\/2020-01-30\\\/reinraummesse-lounges-raumplaner-anerkennen-verstaerkt-nachhaltiges-bauen-fuer-sich\\\/\",\"name\":\"Reinraummesse LOUNGES: Raumplaner anerkennen verst\u00e4rkt nachhaltiges Bauen f\u00fcr sich - Organisator\",\"isPartOf\":{\"@id\":\"https:\\\/\\\/www.organisator.ch\\\/#website\"},\"primaryImageOfPage\":{\"@id\":\"https:\\\/\\\/www.organisator.ch\\\/sustainability\\\/2020-01-30\\\/reinraummesse-lounges-raumplaner-anerkennen-verstaerkt-nachhaltiges-bauen-fuer-sich\\\/#primaryimage\"},\"image\":{\"@id\":\"https:\\\/\\\/www.organisator.ch\\\/sustainability\\\/2020-01-30\\\/reinraummesse-lounges-raumplaner-anerkennen-verstaerkt-nachhaltiges-bauen-fuer-sich\\\/#primaryimage\"},\"thumbnailUrl\":\"https:\\\/\\\/www.organisator.ch\\\/wp-content\\\/uploads\\\/2020\\\/01\\\/Messe-Lounges-2020-UP-Umwelt-Perspektiven.jpg\",\"datePublished\":\"2020-01-30T14:39:47+00:00\",\"dateModified\":\"2022-02-09T10:10:00+00:00\",\"description\":\"Bei der vom 28. Januar bis zum 30. Januar stattfindenden Reinraummesse LOUNGES spricht der New-Work-Experte Sven Bietau \u00fcber nachhaltige Bautrends.\",\"breadcrumb\":{\"@id\":\"https:\\\/\\\/www.organisator.ch\\\/sustainability\\\/2020-01-30\\\/reinraummesse-lounges-raumplaner-anerkennen-verstaerkt-nachhaltiges-bauen-fuer-sich\\\/#breadcrumb\"},\"inLanguage\":\"it-IT\",\"potentialAction\":[{\"@type\":\"ReadAction\",\"target\":[\"https:\\\/\\\/www.organisator.ch\\\/sustainability\\\/2020-01-30\\\/reinraummesse-lounges-raumplaner-anerkennen-verstaerkt-nachhaltiges-bauen-fuer-sich\\\/\"]}]},{\"@type\":\"ImageObject\",\"inLanguage\":\"it-IT\",\"@id\":\"https:\\\/\\\/www.organisator.ch\\\/sustainability\\\/2020-01-30\\\/reinraummesse-lounges-raumplaner-anerkennen-verstaerkt-nachhaltiges-bauen-fuer-sich\\\/#primaryimage\",\"url\":\"https:\\\/\\\/www.organisator.ch\\\/wp-content\\\/uploads\\\/2020\\\/01\\\/Messe-Lounges-2020-UP-Umwelt-Perspektiven.jpg\",\"contentUrl\":\"https:\\\/\\\/www.organisator.ch\\\/wp-content\\\/uploads\\\/2020\\\/01\\\/Messe-Lounges-2020-UP-Umwelt-Perspektiven.jpg\",\"width\":640,\"height\":423,\"caption\":\"Arbeitswelt 4.0 verlangt nach neuen Sichtweisen. B\u00fcrogestaltung heisst heute statt Notwendigkeiten M\u00f6glichkeiten schaffen. (Bild: zVg)\"},{\"@type\":\"BreadcrumbList\",\"@id\":\"https:\\\/\\\/www.organisator.ch\\\/sustainability\\\/2020-01-30\\\/reinraummesse-lounges-raumplaner-anerkennen-verstaerkt-nachhaltiges-bauen-fuer-sich\\\/#breadcrumb\",\"itemListElement\":[{\"@type\":\"ListItem\",\"position\":1,\"name\":\"Home\",\"item\":\"https:\\\/\\\/www.organisator.ch\\\/\"},{\"@type\":\"ListItem\",\"position\":2,\"name\":\"Reinraummesse LOUNGES: Raumplaner anerkennen verst\u00e4rkt nachhaltiges Bauen f\u00fcr sich\"}]},{\"@type\":\"WebSite\",\"@id\":\"https:\\\/\\\/www.organisator.ch\\\/#website\",\"url\":\"https:\\\/\\\/www.organisator.ch\\\/\",\"name\":\"Organisator\",\"description\":\"Kompetent. Praxisnah. Der ORGANISATOR bereitet in 10 Ausgaben pro Jahr die wesentlichen Themen f\u00fcr F\u00fchrungskr\u00e4fte von KMU auf.\",\"publisher\":{\"@id\":\"https:\\\/\\\/www.organisator.ch\\\/#organization\"},\"potentialAction\":[{\"@type\":\"SearchAction\",\"target\":{\"@type\":\"EntryPoint\",\"urlTemplate\":\"https:\\\/\\\/www.organisator.ch\\\/?s={search_term_string}\"},\"query-input\":{\"@type\":\"PropertyValueSpecification\",\"valueRequired\":true,\"valueName\":\"search_term_string\"}}],\"inLanguage\":\"it-IT\"},{\"@type\":\"Organization\",\"@id\":\"https:\\\/\\\/www.organisator.ch\\\/#organization\",\"name\":\"Organisator\",\"url\":\"https:\\\/\\\/www.organisator.ch\\\/\",\"logo\":{\"@type\":\"ImageObject\",\"inLanguage\":\"it-IT\",\"@id\":\"https:\\\/\\\/www.organisator.ch\\\/#\\\/schema\\\/logo\\\/image\\\/\",\"url\":\"https:\\\/\\\/www.organisator.ch\\\/wp-content\\\/uploads\\\/2022\\\/01\\\/Logo_Organisator_Website.png\",\"contentUrl\":\"https:\\\/\\\/www.organisator.ch\\\/wp-content\\\/uploads\\\/2022\\\/01\\\/Logo_Organisator_Website.png\",\"width\":800,\"height\":77,\"caption\":\"Organisator\"},\"image\":{\"@id\":\"https:\\\/\\\/www.organisator.ch\\\/#\\\/schema\\\/logo\\\/image\\\/\"},\"sameAs\":[\"https:\\\/\\\/www.facebook.com\\\/OrganisatorFachmagazin\",\"https:\\\/\\\/www.linkedin.com\\\/showcase\\\/organisator-das-magazin-fr-kmu\",\"https:\\\/\\\/www.xing.com\\\/news\\\/pages\\\/organisator-ch-695\",\"https:\\\/\\\/www.youtube.com\\\/channel\\\/UCGP2Sq0iWaZwT3BdIAQFYpw\"]},{\"@type\":\"Person\",\"@id\":\"https:\\\/\\\/www.organisator.ch\\\/#\\\/schema\\\/person\\\/134708ca9321c57b0362cceb7948ffbd\",\"name\":\"michael.merz\",\"image\":{\"@type\":\"ImageObject\",\"inLanguage\":\"it-IT\",\"@id\":\"https:\\\/\\\/secure.gravatar.com\\\/avatar\\\/?s=96&d=mm&r=g\",\"url\":\"https:\\\/\\\/secure.gravatar.com\\\/avatar\\\/?s=96&d=mm&r=g\",\"contentUrl\":\"https:\\\/\\\/secure.gravatar.com\\\/avatar\\\/?s=96&d=mm&r=g\",\"caption\":\"michael.merz\"},\"url\":\"https:\\\/\\\/www.organisator.ch\\\/it\\\/author\\\/michael-merz\\\/\"}]}<\/script>\n<!-- \/ Yoast SEO plugin. -->","yoast_head_json":{"title":"Fiera delle camere bianche LOUNGES: I progettisti di camere riconoscono sempre pi\u00f9 la costruzione sostenibile - Organizzatore","description":"Alla fiera delle camere bianche LOUNGES, in programma dal 28 al 30 gennaio, l'esperto di nuovi lavori Sven Bietau parler\u00e0 delle tendenze dell'edilizia sostenibile.","robots":{"index":"index","follow":"follow","max-snippet":"max-snippet:-1","max-image-preview":"max-image-preview:large","max-video-preview":"max-video-preview:-1"},"canonical":"https:\/\/www.organisator.ch\/it\/sostenibilita\/2020-01-30\/reinraummesse-lounges-raumplaner-anerkennen-verstaerkt-nachhaltiges-bauen-fuer-sich\/","og_locale":"it_IT","og_type":"article","og_title":"Reinraummesse LOUNGES: Raumplaner anerkennen verst\u00e4rkt nachhaltiges Bauen f\u00fcr sich - Organisator","og_description":"Bei der vom 28. Januar bis zum 30. Januar stattfindenden Reinraummesse LOUNGES spricht der New-Work-Experte Sven Bietau \u00fcber nachhaltige Bautrends.","og_url":"https:\/\/www.organisator.ch\/it\/sostenibilita\/2020-01-30\/reinraummesse-lounges-raumplaner-anerkennen-verstaerkt-nachhaltiges-bauen-fuer-sich\/","og_site_name":"Organisator","article_publisher":"https:\/\/www.facebook.com\/OrganisatorFachmagazin","article_published_time":"2020-01-30T14:39:47+00:00","article_modified_time":"2022-02-09T10:10:00+00:00","og_image":[{"width":640,"height":423,"url":"https:\/\/www.organisator.ch\/wp-content\/uploads\/2020\/01\/Messe-Lounges-2020-UP-Umwelt-Perspektiven.jpg","type":"image\/jpeg"}],"author":"michael.merz","twitter_card":"summary_large_image","schema":{"@context":"https:\/\/schema.org","@graph":[{"@type":"Article","@id":"https:\/\/www.organisator.ch\/sustainability\/2020-01-30\/reinraummesse-lounges-raumplaner-anerkennen-verstaerkt-nachhaltiges-bauen-fuer-sich\/#article","isPartOf":{"@id":"https:\/\/www.organisator.ch\/sustainability\/2020-01-30\/reinraummesse-lounges-raumplaner-anerkennen-verstaerkt-nachhaltiges-bauen-fuer-sich\/"},"author":{"name":"michael.merz","@id":"https:\/\/www.organisator.ch\/#\/schema\/person\/134708ca9321c57b0362cceb7948ffbd"},"headline":"Reinraummesse LOUNGES: Raumplaner anerkennen verst\u00e4rkt nachhaltiges Bauen f\u00fcr sich","datePublished":"2020-01-30T14:39:47+00:00","dateModified":"2022-02-09T10:10:00+00:00","mainEntityOfPage":{"@id":"https:\/\/www.organisator.ch\/sustainability\/2020-01-30\/reinraummesse-lounges-raumplaner-anerkennen-verstaerkt-nachhaltiges-bauen-fuer-sich\/"},"wordCount":522,"publisher":{"@id":"https:\/\/www.organisator.ch\/#organization"},"image":{"@id":"https:\/\/www.organisator.ch\/sustainability\/2020-01-30\/reinraummesse-lounges-raumplaner-anerkennen-verstaerkt-nachhaltiges-bauen-fuer-sich\/#primaryimage"},"thumbnailUrl":"https:\/\/www.organisator.ch\/wp-content\/uploads\/2020\/01\/Messe-Lounges-2020-UP-Umwelt-Perspektiven.jpg","keywords":["Arbeitswelten","Innovation","Nachhaltig Bauen","New Work","Raumklima"],"articleSection":["SUSTAINABILITY"],"inLanguage":"it-IT"},{"@type":"WebPage","@id":"https:\/\/www.organisator.ch\/sustainability\/2020-01-30\/reinraummesse-lounges-raumplaner-anerkennen-verstaerkt-nachhaltiges-bauen-fuer-sich\/","url":"https:\/\/www.organisator.ch\/sustainability\/2020-01-30\/reinraummesse-lounges-raumplaner-anerkennen-verstaerkt-nachhaltiges-bauen-fuer-sich\/","name":"Fiera delle camere bianche LOUNGES: I progettisti di camere riconoscono sempre pi\u00f9 la costruzione sostenibile - Organizzatore","isPartOf":{"@id":"https:\/\/www.organisator.ch\/#website"},"primaryImageOfPage":{"@id":"https:\/\/www.organisator.ch\/sustainability\/2020-01-30\/reinraummesse-lounges-raumplaner-anerkennen-verstaerkt-nachhaltiges-bauen-fuer-sich\/#primaryimage"},"image":{"@id":"https:\/\/www.organisator.ch\/sustainability\/2020-01-30\/reinraummesse-lounges-raumplaner-anerkennen-verstaerkt-nachhaltiges-bauen-fuer-sich\/#primaryimage"},"thumbnailUrl":"https:\/\/www.organisator.ch\/wp-content\/uploads\/2020\/01\/Messe-Lounges-2020-UP-Umwelt-Perspektiven.jpg","datePublished":"2020-01-30T14:39:47+00:00","dateModified":"2022-02-09T10:10:00+00:00","description":"Alla fiera delle camere bianche LOUNGES, in programma dal 28 al 30 gennaio, l'esperto di nuovi lavori Sven Bietau parler\u00e0 delle tendenze dell'edilizia sostenibile.","breadcrumb":{"@id":"https:\/\/www.organisator.ch\/sustainability\/2020-01-30\/reinraummesse-lounges-raumplaner-anerkennen-verstaerkt-nachhaltiges-bauen-fuer-sich\/#breadcrumb"},"inLanguage":"it-IT","potentialAction":[{"@type":"ReadAction","target":["https:\/\/www.organisator.ch\/sustainability\/2020-01-30\/reinraummesse-lounges-raumplaner-anerkennen-verstaerkt-nachhaltiges-bauen-fuer-sich\/"]}]},{"@type":"ImageObject","inLanguage":"it-IT","@id":"https:\/\/www.organisator.ch\/sustainability\/2020-01-30\/reinraummesse-lounges-raumplaner-anerkennen-verstaerkt-nachhaltiges-bauen-fuer-sich\/#primaryimage","url":"https:\/\/www.organisator.ch\/wp-content\/uploads\/2020\/01\/Messe-Lounges-2020-UP-Umwelt-Perspektiven.jpg","contentUrl":"https:\/\/www.organisator.ch\/wp-content\/uploads\/2020\/01\/Messe-Lounges-2020-UP-Umwelt-Perspektiven.jpg","width":640,"height":423,"caption":"Arbeitswelt 4.0 verlangt nach neuen Sichtweisen. B\u00fcrogestaltung heisst heute statt Notwendigkeiten M\u00f6glichkeiten schaffen. (Bild: zVg)"},{"@type":"BreadcrumbList","@id":"https:\/\/www.organisator.ch\/sustainability\/2020-01-30\/reinraummesse-lounges-raumplaner-anerkennen-verstaerkt-nachhaltiges-bauen-fuer-sich\/#breadcrumb","itemListElement":[{"@type":"ListItem","position":1,"name":"Home","item":"https:\/\/www.organisator.ch\/"},{"@type":"ListItem","position":2,"name":"Reinraummesse LOUNGES: Raumplaner anerkennen verst\u00e4rkt nachhaltiges Bauen f\u00fcr sich"}]},{"@type":"WebSite","@id":"https:\/\/www.organisator.ch\/#website","url":"https:\/\/www.organisator.ch\/","name":"Organizzatore","description":"Competente. Pratico. In 10 numeri all'anno, ORGANISATOR presenta i temi essenziali per i manager delle PMI.","publisher":{"@id":"https:\/\/www.organisator.ch\/#organization"},"potentialAction":[{"@type":"SearchAction","target":{"@type":"EntryPoint","urlTemplate":"https:\/\/www.organisator.ch\/?s={search_term_string}"},"query-input":{"@type":"PropertyValueSpecification","valueRequired":true,"valueName":"search_term_string"}}],"inLanguage":"it-IT"},{"@type":"Organization","@id":"https:\/\/www.organisator.ch\/#organization","name":"Organizzatore","url":"https:\/\/www.organisator.ch\/","logo":{"@type":"ImageObject","inLanguage":"it-IT","@id":"https:\/\/www.organisator.ch\/#\/schema\/logo\/image\/","url":"https:\/\/www.organisator.ch\/wp-content\/uploads\/2022\/01\/Logo_Organisator_Website.png","contentUrl":"https:\/\/www.organisator.ch\/wp-content\/uploads\/2022\/01\/Logo_Organisator_Website.png","width":800,"height":77,"caption":"Organisator"},"image":{"@id":"https:\/\/www.organisator.ch\/#\/schema\/logo\/image\/"},"sameAs":["https:\/\/www.facebook.com\/OrganisatorFachmagazin","https:\/\/www.linkedin.com\/showcase\/organisator-das-magazin-fr-kmu","https:\/\/www.xing.com\/news\/pages\/organisator-ch-695","https:\/\/www.youtube.com\/channel\/UCGP2Sq0iWaZwT3BdIAQFYpw"]},{"@type":"Person","@id":"https:\/\/www.organisator.ch\/#\/schema\/person\/134708ca9321c57b0362cceb7948ffbd","name":"michael.merz","image":{"@type":"ImageObject","inLanguage":"it-IT","@id":"https:\/\/secure.gravatar.com\/avatar\/?s=96&d=mm&r=g","url":"https:\/\/secure.gravatar.com\/avatar\/?s=96&d=mm&r=g","contentUrl":"https:\/\/secure.gravatar.com\/avatar\/?s=96&d=mm&r=g","caption":"michael.merz"},"url":"https:\/\/www.organisator.ch\/it\/author\/michael-merz\/"}]}},"_links":{"self":[{"href":"https:\/\/www.organisator.ch\/it\/wp-json\/wp\/v2\/posts\/10150","targetHints":{"allow":["GET"]}}],"collection":[{"href":"https:\/\/www.organisator.ch\/it\/wp-json\/wp\/v2\/posts"}],"about":[{"href":"https:\/\/www.organisator.ch\/it\/wp-json\/wp\/v2\/types\/post"}],"author":[{"embeddable":true,"href":"https:\/\/www.organisator.ch\/it\/wp-json\/wp\/v2\/users\/5"}],"replies":[{"embeddable":true,"href":"https:\/\/www.organisator.ch\/it\/wp-json\/wp\/v2\/comments?post=10150"}],"version-history":[{"count":1,"href":"https:\/\/www.organisator.ch\/it\/wp-json\/wp\/v2\/posts\/10150\/revisions"}],"predecessor-version":[{"id":10852,"href":"https:\/\/www.organisator.ch\/it\/wp-json\/wp\/v2\/posts\/10150\/revisions\/10852"}],"wp:featuredmedia":[{"embeddable":true,"href":"https:\/\/www.organisator.ch\/it\/wp-json\/wp\/v2\/media\/2795"}],"wp:attachment":[{"href":"https:\/\/www.organisator.ch\/it\/wp-json\/wp\/v2\/media?parent=10150"}],"wp:term":[{"taxonomy":"category","embeddable":true,"href":"https:\/\/www.organisator.ch\/it\/wp-json\/wp\/v2\/categories?post=10150"},{"taxonomy":"post_tag","embeddable":true,"href":"https:\/\/www.organisator.ch\/it\/wp-json\/wp\/v2\/tags?post=10150"}],"curies":[{"name":"wp","href":"https:\/\/api.w.org\/{rel}","templated":true}]}}