{"id":10165,"date":"2020-03-18T11:57:52","date_gmt":"2020-03-18T10:57:52","guid":{"rendered":"https:\/\/www.umweltperspektiven.ch\/?p=2939"},"modified":"2024-11-07T05:56:20","modified_gmt":"2024-11-07T04:56:20","slug":"werde-buenzli-und-rette-die-welt","status":"publish","type":"post","link":"https:\/\/www.organisator.ch\/it\/allgemein\/2020-03-18\/werde-buenzli-und-rette-die-welt\/","title":{"rendered":"Diventa un B\u00fcnzli e salva il mondo"},"content":{"rendered":"<div class=\"paragraph__text-23HSsHHfD6LPW2uE3vQpEI\">\n<div>\n<figure id=\"attachment_2941\" aria-describedby=\"caption-attachment-2941\" style=\"width: 680px\" class=\"wp-caption alignnone\"><img loading=\"lazy\" decoding=\"async\" class=\"wp-image-2941 size-medium\" src=\"\/\/www.umweltperspektiven.ch\/wp-content\/uploads\/2020\/03\/SwissRecycling_Bu\u2560\u00eanzli_F200_Auflo\u2560\u00easung_d_02.jpg\" alt=\"Diventare un B\u00fcnzli\" width=\"680\" height=\"509\" \/><figcaption id=\"caption-attachment-2941\" class=\"wp-caption-text\">\u00c8 possibile effettuare un test B\u00fcnzli su www.werde-b\u00fcnzli.ch. (Immagine: swissrecycling)<\/figcaption><\/figure><\/p>\n<p>Per circa una settimana sono stati affissi in tutta la Svizzera manifesti con il messaggio \"Diventa un B\u00fcnzli\" e \"I B\u00fcnzli salvano il mondo\". La campagna \u00e8 sostenuta da Swiss Recycling, l'associazione che raggruppa i sistemi di riciclaggio svizzeri. La nuova campagna crossmediale, che comprende manifesti, TV, online e social media, mira a mostrare i vantaggi del riciclaggio e a confermare un comportamento corretto - per non dire \"alla B\u00fcnzli\" - in materia di riciclaggio.<\/p>\n<p>\"Anche se la Svizzera \u00e8 uno dei principali riciclatori in Europa, c'\u00e8 ancora del potenziale\", spiega Patrik Geisselhardt, amministratore delegato di Swiss Recycling. \"Un lavoro continuo di sensibilizzazione \u00e8 importante per convincere un numero ancora maggiore di persone a riciclare in modo sostenibile\".<\/p>\n<p><strong>Canzone riciclata e regia di alto livello<\/strong><\/p>\n<p>La band svizzera Baby Jail ha gentilmente fornito la sua canzone \"Tubel Trophy\" per la campagna. Questo brano \u00e8 stato ri-registrato con altri musicisti in collaborazione con HitMill e ora racconta la storia di un ignorante della protezione del clima che crede ancora che il riscaldamento globale sia una \"fake news\".<\/p>\n<p>Il regista svizzero Michael Steiner \u00e8 responsabile della realizzazione dello spot televisivo.<\/p>\n<\/div>\n<\/div>\n<p>&nbsp;<\/p>\n<p><iframe loading=\"lazy\" title=\"Swiss Recycling - &quot;B\u00fcnzli save the world&quot; (2020) di Werbewoche\" width=\"768\" height=\"450\" scrolling=\"no\" frameborder=\"no\" src=\"https:\/\/w.soundcloud.com\/player\/?visual=true&#038;url=https%3A%2F%2Fapi.soundcloud.com%2Fplaylists%2F1010972590&#038;show_artwork=true&#038;maxheight=1000&#038;maxwidth=768\"><\/iframe><\/p>\n<p>&nbsp;<\/p>\n<div class=\"paragraph__text-23HSsHHfD6LPW2uE3vQpEI\">\n<div>\n<p><strong>Pagina di atterraggio di B\u00fcnzli<\/strong><\/p>\n<p>Su <a href=\"\/\/werde-buenzli.ch\/de\" target=\"_blank\" rel=\"noopener\">Diventare-b\u00fcnzli.ch<\/a> \u00e8 possibile sottoporsi al test B\u00fcnzli. Il test ha lo scopo di mostrare in modo umoristico quanto sia accentuato il proprio comportamento di riciclaggio e come si possa migliorare ulteriormente. Inoltre, \u00e8 possibile dichiarare il proprio B\u00fcnzlitum. La piattaforma \u00e8 anche un marketplace per i prodotti di riciclo: Qui potete trovare fornitori e prodotti di materiali riciclati e riciclabili. Gli interessati possono cercare gruppi di prodotti o semplicemente scorrere il mercato e conoscere aziende e prodotti. Per acquistare i prodotti, si viene indirizzati al fornitore tramite il marketplace.<\/p>\n<p>&nbsp;<\/p>\n<p><strong>Grazie al riciclo: energia residenziale per quasi 800.000 persone\u00a0<\/strong><\/p>\n<p>Grazie a Greta Thunberg e al movimento per la protezione del clima \"Fridays for Future\", la protezione del clima globale non \u00e8 mai stata cos\u00ec attuale. Una valutazione del ciclo di vita pu\u00f2 mostrare i vantaggi concreti dei sistemi di riciclaggio svizzeri: Il riciclaggio in questo Paese produce un beneficio ambientale equivalente al fabbisogno energetico residenziale di 790`000 persone, ovvero gli abitanti di Zurigo, Basilea, Berna e Lucerna messi insieme. Swiss Recycling sensibilizza l'opinione pubblica, perch\u00e9 il riciclaggio conserva le risorse, risparmia energia, riduce l'inquinamento da CO2 e crea materie prime secondarie.<\/p>\n<\/div>\n<\/div>\n<p>&nbsp;<\/p>\n<p>&nbsp;<\/p>\n<table width=\"100%\">\n<tbody>\n<tr>\n<td>\n<table width=\"100%\">\n<tbody>\n<tr>\n<td width=\"600\">\n<table width=\"100%\">\n<tbody>\n<tr>\n<td>\n<p><em>Per la campagna \"Werde B\u00fcnzli\" \u00e8 stato \"riciclato\" anche il \"Tubel Trophy\" della band svizzera Baby Jail. Lo spot televisivo \u00e8 stato diretto dal noto regista svizzero Michael Steiner.<\/em><\/p>\n<p><em>Contribuite a rafforzare il comportamento di riciclaggio di Coin-Like e adottate, condividete e diffondete il contenuto il 18 marzo, in occasione della \"Giornata internazionale del riciclaggio\".<\/em><\/p>\n<p><em>Vi auguro un'emozionante immersione nel mondo di B\u00fcnzli.<\/em><br \/>\n<em>il team svizzero di riciclaggio<\/em><\/p>\n<p><a href=\"\/\/www.swissrecycling.ch\/swiss-recycling\/werde-buenzli\/\">http:\/\/www.swissrecycling.ch\/swiss-recycling\/werde-buenzli\/<\/a><\/p>\n<p>&nbsp;<\/p>\n<\/td>\n<\/tr>\n<\/tbody>\n<\/table>\n<\/td>\n<\/tr>\n<\/tbody>\n<\/table>\n<\/td>\n<\/tr>\n<\/tbody>\n<\/table>","protected":false},"excerpt":{"rendered":"<p>Seit rund einer Woche h\u00e4ngen in der ganzen Schweiz Plakate mit der Botschaft \u00abWerde B\u00fcnzli\u00bb und \u00abB\u00fcnzli retten die Welt\u00bb. Dahinter steckt die Dachorganisation der Schweizer Recycling-Systeme Swiss Recycling. Mit der neuen crossmedialen Kampagne, die Plakate, TV, Online und Social Media umfasst, soll der Nutzen des Recyclings aufgezeigt und gutes \u2013 um nicht zu sagen [&hellip;]<\/p>\n","protected":false},"author":5,"featured_media":9688,"comment_status":"closed","ping_status":"closed","sticky":false,"template":"","format":"standard","meta":{"_acf_changed":false,"_yoast_wpseo_focuskw":"Werde B\u00fcnzli","_yoast_wpseo_metadesc":"P\u00fcnktlich zum \u00abInternationalen Tag des Recyclings\u00bb am 18. M\u00e4rz 2020 l\u00fcften wir das Geheimnis rund um die Teaser-Plakatkampagne","articlekey":"","footnotes":""},"categories":[1],"tags":[1438,293,1987,2273],"class_list":["post-10165","post","type-post","status-publish","format-standard","has-post-thumbnail","hentry","category-allgemein","tag-internationaler-tag","tag-kampagne","tag-recycling","tag-swissrecycling"],"acf":[],"yoast_head":"<!-- This site is optimized with the Yoast SEO plugin v27.5 - https:\/\/yoast.com\/product\/yoast-seo-wordpress\/ -->\n<title>Werde B\u00fcnzli und rette die Welt - Organisator<\/title>\n<meta name=\"description\" content=\"P\u00fcnktlich zum \u00abInternationalen Tag des Recyclings\u00bb am 18. M\u00e4rz 2020 l\u00fcften wir das Geheimnis rund um die Teaser-Plakatkampagne\" \/>\n<meta name=\"robots\" content=\"index, follow, max-snippet:-1, max-image-preview:large, max-video-preview:-1\" \/>\n<link rel=\"canonical\" href=\"https:\/\/www.organisator.ch\/it\/generale\/2020-03-18\/werde-buenzli-und-rette-die-welt\/\" \/>\n<meta property=\"og:locale\" content=\"it_IT\" \/>\n<meta property=\"og:type\" content=\"article\" \/>\n<meta property=\"og:title\" content=\"Werde B\u00fcnzli und rette die Welt - Organisator\" \/>\n<meta property=\"og:description\" content=\"P\u00fcnktlich zum \u00abInternationalen Tag des Recyclings\u00bb am 18. M\u00e4rz 2020 l\u00fcften wir das Geheimnis rund um die Teaser-Plakatkampagne\" \/>\n<meta property=\"og:url\" content=\"https:\/\/www.organisator.ch\/it\/generale\/2020-03-18\/werde-buenzli-und-rette-die-welt\/\" \/>\n<meta property=\"og:site_name\" content=\"Organisator\" \/>\n<meta property=\"article:publisher\" content=\"https:\/\/www.facebook.com\/OrganisatorFachmagazin\" \/>\n<meta property=\"article:published_time\" content=\"2020-03-18T10:57:52+00:00\" \/>\n<meta property=\"article:modified_time\" content=\"2024-11-07T04:56:20+00:00\" \/>\n<meta property=\"og:image\" content=\"https:\/\/www.organisator.ch\/wp-content\/uploads\/2020\/03\/SwissRecycling_Bu\u2560enzli_F200_Auflo\u2560esung_d_02.jpg\" \/>\n\t<meta property=\"og:image:width\" content=\"960\" \/>\n\t<meta property=\"og:image:height\" content=\"718\" \/>\n\t<meta property=\"og:image:type\" content=\"image\/jpeg\" \/>\n<meta name=\"author\" content=\"michael.merz\" \/>\n<meta name=\"twitter:card\" content=\"summary_large_image\" \/>\n<script type=\"application\/ld+json\" class=\"yoast-schema-graph\">{\"@context\":\"https:\\\/\\\/schema.org\",\"@graph\":[{\"@type\":\"Article\",\"@id\":\"https:\\\/\\\/www.organisator.ch\\\/allgemein\\\/2020-03-18\\\/werde-buenzli-und-rette-die-welt\\\/#article\",\"isPartOf\":{\"@id\":\"https:\\\/\\\/www.organisator.ch\\\/allgemein\\\/2020-03-18\\\/werde-buenzli-und-rette-die-welt\\\/\"},\"author\":{\"name\":\"michael.merz\",\"@id\":\"https:\\\/\\\/www.organisator.ch\\\/#\\\/schema\\\/person\\\/134708ca9321c57b0362cceb7948ffbd\"},\"headline\":\"Werde B\u00fcnzli und rette die Welt\",\"datePublished\":\"2020-03-18T10:57:52+00:00\",\"dateModified\":\"2024-11-07T04:56:20+00:00\",\"mainEntityOfPage\":{\"@id\":\"https:\\\/\\\/www.organisator.ch\\\/allgemein\\\/2020-03-18\\\/werde-buenzli-und-rette-die-welt\\\/\"},\"wordCount\":493,\"publisher\":{\"@id\":\"https:\\\/\\\/www.organisator.ch\\\/#organization\"},\"image\":{\"@id\":\"https:\\\/\\\/www.organisator.ch\\\/allgemein\\\/2020-03-18\\\/werde-buenzli-und-rette-die-welt\\\/#primaryimage\"},\"thumbnailUrl\":\"https:\\\/\\\/www.organisator.ch\\\/wp-content\\\/uploads\\\/2020\\\/03\\\/SwissRecycling_Bu\u2560enzli_F200_Auflo\u2560esung_d_02.jpg\",\"keywords\":[\"Internationaler Tag\",\"Kampagne\",\"Recycling\",\"Swissrecycling\"],\"articleSection\":[\"Allgemein\"],\"inLanguage\":\"it-IT\"},{\"@type\":\"WebPage\",\"@id\":\"https:\\\/\\\/www.organisator.ch\\\/allgemein\\\/2020-03-18\\\/werde-buenzli-und-rette-die-welt\\\/\",\"url\":\"https:\\\/\\\/www.organisator.ch\\\/allgemein\\\/2020-03-18\\\/werde-buenzli-und-rette-die-welt\\\/\",\"name\":\"Werde B\u00fcnzli und rette die Welt - Organisator\",\"isPartOf\":{\"@id\":\"https:\\\/\\\/www.organisator.ch\\\/#website\"},\"primaryImageOfPage\":{\"@id\":\"https:\\\/\\\/www.organisator.ch\\\/allgemein\\\/2020-03-18\\\/werde-buenzli-und-rette-die-welt\\\/#primaryimage\"},\"image\":{\"@id\":\"https:\\\/\\\/www.organisator.ch\\\/allgemein\\\/2020-03-18\\\/werde-buenzli-und-rette-die-welt\\\/#primaryimage\"},\"thumbnailUrl\":\"https:\\\/\\\/www.organisator.ch\\\/wp-content\\\/uploads\\\/2020\\\/03\\\/SwissRecycling_Bu\u2560enzli_F200_Auflo\u2560esung_d_02.jpg\",\"datePublished\":\"2020-03-18T10:57:52+00:00\",\"dateModified\":\"2024-11-07T04:56:20+00:00\",\"description\":\"P\u00fcnktlich zum \u00abInternationalen Tag des Recyclings\u00bb am 18. M\u00e4rz 2020 l\u00fcften wir das Geheimnis rund um die Teaser-Plakatkampagne\",\"breadcrumb\":{\"@id\":\"https:\\\/\\\/www.organisator.ch\\\/allgemein\\\/2020-03-18\\\/werde-buenzli-und-rette-die-welt\\\/#breadcrumb\"},\"inLanguage\":\"it-IT\",\"potentialAction\":[{\"@type\":\"ReadAction\",\"target\":[\"https:\\\/\\\/www.organisator.ch\\\/allgemein\\\/2020-03-18\\\/werde-buenzli-und-rette-die-welt\\\/\"]}]},{\"@type\":\"ImageObject\",\"inLanguage\":\"it-IT\",\"@id\":\"https:\\\/\\\/www.organisator.ch\\\/allgemein\\\/2020-03-18\\\/werde-buenzli-und-rette-die-welt\\\/#primaryimage\",\"url\":\"https:\\\/\\\/www.organisator.ch\\\/wp-content\\\/uploads\\\/2020\\\/03\\\/SwissRecycling_Bu\u2560enzli_F200_Auflo\u2560esung_d_02.jpg\",\"contentUrl\":\"https:\\\/\\\/www.organisator.ch\\\/wp-content\\\/uploads\\\/2020\\\/03\\\/SwissRecycling_Bu\u2560enzli_F200_Auflo\u2560esung_d_02.jpg\",\"width\":960,\"height\":718,\"caption\":\"Auf www.werde-b\u00fcnzli.ch kann man sich einem B\u00fcnzli-Test unterziehen. (Bild: swissrecycling)\"},{\"@type\":\"BreadcrumbList\",\"@id\":\"https:\\\/\\\/www.organisator.ch\\\/allgemein\\\/2020-03-18\\\/werde-buenzli-und-rette-die-welt\\\/#breadcrumb\",\"itemListElement\":[{\"@type\":\"ListItem\",\"position\":1,\"name\":\"Home\",\"item\":\"https:\\\/\\\/www.organisator.ch\\\/\"},{\"@type\":\"ListItem\",\"position\":2,\"name\":\"Werde B\u00fcnzli und rette die Welt\"}]},{\"@type\":\"WebSite\",\"@id\":\"https:\\\/\\\/www.organisator.ch\\\/#website\",\"url\":\"https:\\\/\\\/www.organisator.ch\\\/\",\"name\":\"Organisator\",\"description\":\"Kompetent. Praxisnah. Der ORGANISATOR bereitet in 10 Ausgaben pro Jahr die wesentlichen Themen f\u00fcr F\u00fchrungskr\u00e4fte von KMU auf.\",\"publisher\":{\"@id\":\"https:\\\/\\\/www.organisator.ch\\\/#organization\"},\"potentialAction\":[{\"@type\":\"SearchAction\",\"target\":{\"@type\":\"EntryPoint\",\"urlTemplate\":\"https:\\\/\\\/www.organisator.ch\\\/?s={search_term_string}\"},\"query-input\":{\"@type\":\"PropertyValueSpecification\",\"valueRequired\":true,\"valueName\":\"search_term_string\"}}],\"inLanguage\":\"it-IT\"},{\"@type\":\"Organization\",\"@id\":\"https:\\\/\\\/www.organisator.ch\\\/#organization\",\"name\":\"Organisator\",\"url\":\"https:\\\/\\\/www.organisator.ch\\\/\",\"logo\":{\"@type\":\"ImageObject\",\"inLanguage\":\"it-IT\",\"@id\":\"https:\\\/\\\/www.organisator.ch\\\/#\\\/schema\\\/logo\\\/image\\\/\",\"url\":\"https:\\\/\\\/www.organisator.ch\\\/wp-content\\\/uploads\\\/2022\\\/01\\\/Logo_Organisator_Website.png\",\"contentUrl\":\"https:\\\/\\\/www.organisator.ch\\\/wp-content\\\/uploads\\\/2022\\\/01\\\/Logo_Organisator_Website.png\",\"width\":800,\"height\":77,\"caption\":\"Organisator\"},\"image\":{\"@id\":\"https:\\\/\\\/www.organisator.ch\\\/#\\\/schema\\\/logo\\\/image\\\/\"},\"sameAs\":[\"https:\\\/\\\/www.facebook.com\\\/OrganisatorFachmagazin\",\"https:\\\/\\\/www.linkedin.com\\\/showcase\\\/organisator-das-magazin-fr-kmu\",\"https:\\\/\\\/www.xing.com\\\/news\\\/pages\\\/organisator-ch-695\",\"https:\\\/\\\/www.youtube.com\\\/channel\\\/UCGP2Sq0iWaZwT3BdIAQFYpw\"]},{\"@type\":\"Person\",\"@id\":\"https:\\\/\\\/www.organisator.ch\\\/#\\\/schema\\\/person\\\/134708ca9321c57b0362cceb7948ffbd\",\"name\":\"michael.merz\",\"image\":{\"@type\":\"ImageObject\",\"inLanguage\":\"it-IT\",\"@id\":\"https:\\\/\\\/secure.gravatar.com\\\/avatar\\\/?s=96&d=mm&r=g\",\"url\":\"https:\\\/\\\/secure.gravatar.com\\\/avatar\\\/?s=96&d=mm&r=g\",\"contentUrl\":\"https:\\\/\\\/secure.gravatar.com\\\/avatar\\\/?s=96&d=mm&r=g\",\"caption\":\"michael.merz\"},\"url\":\"https:\\\/\\\/www.organisator.ch\\\/it\\\/author\\\/michael-merz\\\/\"}]}<\/script>\n<!-- \/ Yoast SEO plugin. -->","yoast_head_json":{"title":"Diventa un B\u00fcnzli e salva il mondo - Organizzatore","description":"Giusto in tempo per la \"Giornata Internazionale del Riciclaggio\" del 18 marzo 2020, vi sveliamo il segreto che si cela dietro la campagna di poster teaser","robots":{"index":"index","follow":"follow","max-snippet":"max-snippet:-1","max-image-preview":"max-image-preview:large","max-video-preview":"max-video-preview:-1"},"canonical":"https:\/\/www.organisator.ch\/it\/generale\/2020-03-18\/werde-buenzli-und-rette-die-welt\/","og_locale":"it_IT","og_type":"article","og_title":"Werde B\u00fcnzli und rette die Welt - Organisator","og_description":"P\u00fcnktlich zum \u00abInternationalen Tag des Recyclings\u00bb am 18. M\u00e4rz 2020 l\u00fcften wir das Geheimnis rund um die Teaser-Plakatkampagne","og_url":"https:\/\/www.organisator.ch\/it\/generale\/2020-03-18\/werde-buenzli-und-rette-die-welt\/","og_site_name":"Organisator","article_publisher":"https:\/\/www.facebook.com\/OrganisatorFachmagazin","article_published_time":"2020-03-18T10:57:52+00:00","article_modified_time":"2024-11-07T04:56:20+00:00","og_image":[{"width":960,"height":718,"url":"https:\/\/www.organisator.ch\/wp-content\/uploads\/2020\/03\/SwissRecycling_Bu\u2560enzli_F200_Auflo\u2560esung_d_02.jpg","type":"image\/jpeg"}],"author":"michael.merz","twitter_card":"summary_large_image","schema":{"@context":"https:\/\/schema.org","@graph":[{"@type":"Article","@id":"https:\/\/www.organisator.ch\/allgemein\/2020-03-18\/werde-buenzli-und-rette-die-welt\/#article","isPartOf":{"@id":"https:\/\/www.organisator.ch\/allgemein\/2020-03-18\/werde-buenzli-und-rette-die-welt\/"},"author":{"name":"michael.merz","@id":"https:\/\/www.organisator.ch\/#\/schema\/person\/134708ca9321c57b0362cceb7948ffbd"},"headline":"Werde B\u00fcnzli und rette die Welt","datePublished":"2020-03-18T10:57:52+00:00","dateModified":"2024-11-07T04:56:20+00:00","mainEntityOfPage":{"@id":"https:\/\/www.organisator.ch\/allgemein\/2020-03-18\/werde-buenzli-und-rette-die-welt\/"},"wordCount":493,"publisher":{"@id":"https:\/\/www.organisator.ch\/#organization"},"image":{"@id":"https:\/\/www.organisator.ch\/allgemein\/2020-03-18\/werde-buenzli-und-rette-die-welt\/#primaryimage"},"thumbnailUrl":"https:\/\/www.organisator.ch\/wp-content\/uploads\/2020\/03\/SwissRecycling_Bu\u2560enzli_F200_Auflo\u2560esung_d_02.jpg","keywords":["Internationaler Tag","Kampagne","Recycling","Swissrecycling"],"articleSection":["Allgemein"],"inLanguage":"it-IT"},{"@type":"WebPage","@id":"https:\/\/www.organisator.ch\/allgemein\/2020-03-18\/werde-buenzli-und-rette-die-welt\/","url":"https:\/\/www.organisator.ch\/allgemein\/2020-03-18\/werde-buenzli-und-rette-die-welt\/","name":"Diventa un B\u00fcnzli e salva il mondo - Organizzatore","isPartOf":{"@id":"https:\/\/www.organisator.ch\/#website"},"primaryImageOfPage":{"@id":"https:\/\/www.organisator.ch\/allgemein\/2020-03-18\/werde-buenzli-und-rette-die-welt\/#primaryimage"},"image":{"@id":"https:\/\/www.organisator.ch\/allgemein\/2020-03-18\/werde-buenzli-und-rette-die-welt\/#primaryimage"},"thumbnailUrl":"https:\/\/www.organisator.ch\/wp-content\/uploads\/2020\/03\/SwissRecycling_Bu\u2560enzli_F200_Auflo\u2560esung_d_02.jpg","datePublished":"2020-03-18T10:57:52+00:00","dateModified":"2024-11-07T04:56:20+00:00","description":"Giusto in tempo per la \"Giornata Internazionale del Riciclaggio\" del 18 marzo 2020, vi sveliamo il segreto che si cela dietro la campagna di poster teaser","breadcrumb":{"@id":"https:\/\/www.organisator.ch\/allgemein\/2020-03-18\/werde-buenzli-und-rette-die-welt\/#breadcrumb"},"inLanguage":"it-IT","potentialAction":[{"@type":"ReadAction","target":["https:\/\/www.organisator.ch\/allgemein\/2020-03-18\/werde-buenzli-und-rette-die-welt\/"]}]},{"@type":"ImageObject","inLanguage":"it-IT","@id":"https:\/\/www.organisator.ch\/allgemein\/2020-03-18\/werde-buenzli-und-rette-die-welt\/#primaryimage","url":"https:\/\/www.organisator.ch\/wp-content\/uploads\/2020\/03\/SwissRecycling_Bu\u2560enzli_F200_Auflo\u2560esung_d_02.jpg","contentUrl":"https:\/\/www.organisator.ch\/wp-content\/uploads\/2020\/03\/SwissRecycling_Bu\u2560enzli_F200_Auflo\u2560esung_d_02.jpg","width":960,"height":718,"caption":"Auf www.werde-b\u00fcnzli.ch kann man sich einem B\u00fcnzli-Test unterziehen. (Bild: swissrecycling)"},{"@type":"BreadcrumbList","@id":"https:\/\/www.organisator.ch\/allgemein\/2020-03-18\/werde-buenzli-und-rette-die-welt\/#breadcrumb","itemListElement":[{"@type":"ListItem","position":1,"name":"Home","item":"https:\/\/www.organisator.ch\/"},{"@type":"ListItem","position":2,"name":"Werde B\u00fcnzli und rette die Welt"}]},{"@type":"WebSite","@id":"https:\/\/www.organisator.ch\/#website","url":"https:\/\/www.organisator.ch\/","name":"Organizzatore","description":"Competente. Pratico. In 10 numeri all'anno, ORGANISATOR presenta i temi essenziali per i manager delle PMI.","publisher":{"@id":"https:\/\/www.organisator.ch\/#organization"},"potentialAction":[{"@type":"SearchAction","target":{"@type":"EntryPoint","urlTemplate":"https:\/\/www.organisator.ch\/?s={search_term_string}"},"query-input":{"@type":"PropertyValueSpecification","valueRequired":true,"valueName":"search_term_string"}}],"inLanguage":"it-IT"},{"@type":"Organization","@id":"https:\/\/www.organisator.ch\/#organization","name":"Organizzatore","url":"https:\/\/www.organisator.ch\/","logo":{"@type":"ImageObject","inLanguage":"it-IT","@id":"https:\/\/www.organisator.ch\/#\/schema\/logo\/image\/","url":"https:\/\/www.organisator.ch\/wp-content\/uploads\/2022\/01\/Logo_Organisator_Website.png","contentUrl":"https:\/\/www.organisator.ch\/wp-content\/uploads\/2022\/01\/Logo_Organisator_Website.png","width":800,"height":77,"caption":"Organisator"},"image":{"@id":"https:\/\/www.organisator.ch\/#\/schema\/logo\/image\/"},"sameAs":["https:\/\/www.facebook.com\/OrganisatorFachmagazin","https:\/\/www.linkedin.com\/showcase\/organisator-das-magazin-fr-kmu","https:\/\/www.xing.com\/news\/pages\/organisator-ch-695","https:\/\/www.youtube.com\/channel\/UCGP2Sq0iWaZwT3BdIAQFYpw"]},{"@type":"Person","@id":"https:\/\/www.organisator.ch\/#\/schema\/person\/134708ca9321c57b0362cceb7948ffbd","name":"michael.merz","image":{"@type":"ImageObject","inLanguage":"it-IT","@id":"https:\/\/secure.gravatar.com\/avatar\/?s=96&d=mm&r=g","url":"https:\/\/secure.gravatar.com\/avatar\/?s=96&d=mm&r=g","contentUrl":"https:\/\/secure.gravatar.com\/avatar\/?s=96&d=mm&r=g","caption":"michael.merz"},"url":"https:\/\/www.organisator.ch\/it\/author\/michael-merz\/"}]}},"_links":{"self":[{"href":"https:\/\/www.organisator.ch\/it\/wp-json\/wp\/v2\/posts\/10165","targetHints":{"allow":["GET"]}}],"collection":[{"href":"https:\/\/www.organisator.ch\/it\/wp-json\/wp\/v2\/posts"}],"about":[{"href":"https:\/\/www.organisator.ch\/it\/wp-json\/wp\/v2\/types\/post"}],"author":[{"embeddable":true,"href":"https:\/\/www.organisator.ch\/it\/wp-json\/wp\/v2\/users\/5"}],"replies":[{"embeddable":true,"href":"https:\/\/www.organisator.ch\/it\/wp-json\/wp\/v2\/comments?post=10165"}],"version-history":[{"count":2,"href":"https:\/\/www.organisator.ch\/it\/wp-json\/wp\/v2\/posts\/10165\/revisions"}],"predecessor-version":[{"id":31615,"href":"https:\/\/www.organisator.ch\/it\/wp-json\/wp\/v2\/posts\/10165\/revisions\/31615"}],"wp:featuredmedia":[{"embeddable":true,"href":"https:\/\/www.organisator.ch\/it\/wp-json\/wp\/v2\/media\/9688"}],"wp:attachment":[{"href":"https:\/\/www.organisator.ch\/it\/wp-json\/wp\/v2\/media?parent=10165"}],"wp:term":[{"taxonomy":"category","embeddable":true,"href":"https:\/\/www.organisator.ch\/it\/wp-json\/wp\/v2\/categories?post=10165"},{"taxonomy":"post_tag","embeddable":true,"href":"https:\/\/www.organisator.ch\/it\/wp-json\/wp\/v2\/tags?post=10165"}],"curies":[{"name":"wp","href":"https:\/\/api.w.org\/{rel}","templated":true}]}}