{"id":10166,"date":"2020-04-06T16:27:09","date_gmt":"2020-04-06T14:27:09","guid":{"rendered":"https:\/\/www.umweltperspektiven.ch\/?p=2984"},"modified":"2022-02-09T11:06:14","modified_gmt":"2022-02-09T10:06:14","slug":"neues-stromversorgungsgesetz-fuer-die-schweiz-kommt-2021","status":"publish","type":"post","link":"https:\/\/www.organisator.ch\/it\/sustainability\/2020-04-06\/neues-stromversorgungsgesetz-fuer-die-schweiz-kommt-2021\/","title":{"rendered":"La nuova legge sull'approvvigionamento elettrico della Svizzera arriva nel 2021"},"content":{"rendered":"<div class=\"news-teaser font-weight-bold\">\n<p>&nbsp;<\/p>\n<figure id=\"attachment_2985\" aria-describedby=\"caption-attachment-2985\" style=\"width: 680px\" class=\"wp-caption alignnone\"><img loading=\"lazy\" decoding=\"async\" class=\"size-medium wp-image-2985\" src=\"\/\/www.umweltperspektiven.ch\/wp-content\/uploads\/2020\/04\/Strommarkt-Schweiz-Desktop.jpg\" alt=\"\" width=\"680\" height=\"453\" \/><figcaption id=\"caption-attachment-2985\" class=\"wp-caption-text\">La distribuzione dell'elettricit\u00e0 in Svizzera sta assumendo nuove forme. (Immagine: Unsplash)<\/figcaption><\/figure>\n<p>La nuova legge sull'approvvigionamento elettrico \u00e8 destinata a fissare i parametri per una completa apertura del mercato dell'elettricit\u00e0. Il Consiglio federale ritiene che l'apertura del mercato dell'elettricit\u00e0 a tutti i clienti rafforzer\u00e0 la produzione decentralizzata di elettricit\u00e0.<\/p>\n<p>Inoltre, le energie rinnovabili devono essere ampliate. Pertanto, un corrispondente emendamento alla legge deve essere fatto ora.<\/p>\n<\/div>\n<div class=\"news-content\">\n<p><strong>Rafforzare le \"energie rinnovabili<\/strong><\/p>\n<p class=\"bodytext\">Finora, i consumatori di almeno 100.000 chilowattora di elettricit\u00e0 all'anno possono gi\u00e0 scegliere liberamente il loro fornitore di elettricit\u00e0. L'emendamento \u00e8 destinato a rendere questo possibile anche per le famiglie e le piccole imprese. Questi devono anche avere il diritto di ritornare dal libero mercato all'offerta di base.<\/p>\n<p class=\"bodytext\">Qui, l'elettricit\u00e0 rinnovabile al 100% dalla produzione svizzera \u00e8 fornita di default, il che rafforza le energie rinnovabili. Con questa modifica della StromVG, il Consiglio federale spera di \"rafforzare la produzione decentralizzata di elettricit\u00e0 e migliorare cos\u00ec l'integrazione delle energie rinnovabili nel mercato dell'elettricit\u00e0\".<\/p>\n<p class=\"bodytext\">La proposta di revisione della legge sull'energia (EnG), d'altra parte, serve a offrire al settore dell'elettricit\u00e0 pi\u00f9 sicurezza di pianificazione e incentivi agli investimenti per espandere le energie rinnovabili nazionali. A tal fine, i precedenti valori guida per l'espansione delle energie rinnovabili devono essere dichiarati obiettivi di espansione vincolanti per il 2035.<\/p>\n<p><strong>Contributi pi\u00f9 flessibili per le aste\u00a0<\/strong><\/p>\n<p class=\"bodytext\">Un obiettivo di espansione deve anche essere definito per il 2050. \"In futuro, anche i nuovi impianti eolici, le piccole centrali idroelettriche e di biogas e le centrali geotermiche dovrebbero poter richiedere contributi agli investimenti e quindi coprire anche una parte dei costi di pianificazione\", informa ancora il Consiglio federale. Tuttavia, questi non riceveranno pi\u00f9 tariffe di alimentazione a partire dal 2023.<\/p>\n<p class=\"bodytext\">Gli attuali pagamenti fissi una tantum per gli impianti fotovoltaici devono essere sostituiti da contributi generati attraverso le aste.<\/p>\n<p class=\"bodytext\">Nel caso dei grandi impianti idrici, il finanziamento dei contributi agli investimenti deve essere raddoppiato. \"Impianti particolarmente importanti (grande produzione annuale aggiuntiva, sostanziale espansione dello stoccaggio, importante contributo alla produzione invernale) possono anche avere la priorit\u00e0 nel finanziamento\", dice il <a href=\"\/\/www.admin.ch\/gov\/de\/start\/dokumentation\/medienmitteilungen.msg-id-72549.html\">Comunicazione<\/a>.<\/p>\n<\/div>","protected":false},"excerpt":{"rendered":"<p>&nbsp; Durch das neue Stromversorgungsgesetz sollen Eckwerte f\u00fcr eine vollst\u00e4ndige \u00d6ffnung des Strommarktes bestimmt werden. Durch die \u00d6ffnung des Strommarktes f\u00fcr alle Kunden werde die dezentrale Stromproduktion gest\u00e4rkt, meint der Bundesrat. Zudem sollen die Erneuerbaren ausgebaut werden. Daher soll nun eine entsprechende Gesetzes\u00e4nderung vorgenommen werden. St\u00e4rkung der &#8222;Erneuerbaren&#8220; Bislang k\u00f6nnen bereits Verbraucher von mindestens 100&#8217;000 [&hellip;]<\/p>\n","protected":false},"author":5,"featured_media":2985,"comment_status":"closed","ping_status":"closed","sticky":false,"template":"","format":"standard","meta":{"_acf_changed":false,"_yoast_wpseo_focuskw":"Stromversorgungsgesetz","_yoast_wpseo_metadesc":"Das Eidgen\u00f6ssische Departement f\u00fcr Umwelt, Verkehr, Energie und Kommunikation (UVEK) wird 2021 eine \u00c4nderung des Stromversorgungsgesetzes umsetzen.","articlekey":"","footnotes":""},"categories":[580],"tags":[1119,1663,2221],"class_list":["post-10166","post","type-post","status-publish","format-standard","has-post-thumbnail","hentry","category-sustainability","tag-erneuerbare-energie","tag-marktoeffnung","tag-strommarkt-schweiz"],"acf":[],"yoast_head":"<!-- This site is optimized with the Yoast SEO plugin v27.5 - https:\/\/yoast.com\/product\/yoast-seo-wordpress\/ -->\n<title>Neues Stromversorgungsgesetz f\u00fcr die Schweiz kommt 2021 - Organisator<\/title>\n<meta name=\"description\" content=\"Das Eidgen\u00f6ssische Departement f\u00fcr Umwelt, Verkehr, Energie und Kommunikation (UVEK) wird 2021 eine \u00c4nderung des Stromversorgungsgesetzes umsetzen.\" \/>\n<meta name=\"robots\" content=\"index, follow, max-snippet:-1, max-image-preview:large, max-video-preview:-1\" \/>\n<link rel=\"canonical\" href=\"https:\/\/www.organisator.ch\/it\/sostenibilita\/2020-04-06\/neues-stromversorgungsgesetz-fuer-die-schweiz-kommt-2021\/\" \/>\n<meta property=\"og:locale\" content=\"it_IT\" \/>\n<meta property=\"og:type\" content=\"article\" \/>\n<meta property=\"og:title\" content=\"Neues Stromversorgungsgesetz f\u00fcr die Schweiz kommt 2021 - Organisator\" \/>\n<meta property=\"og:description\" content=\"Das Eidgen\u00f6ssische Departement f\u00fcr Umwelt, Verkehr, Energie und Kommunikation (UVEK) wird 2021 eine \u00c4nderung des Stromversorgungsgesetzes umsetzen.\" \/>\n<meta property=\"og:url\" content=\"https:\/\/www.organisator.ch\/it\/sostenibilita\/2020-04-06\/neues-stromversorgungsgesetz-fuer-die-schweiz-kommt-2021\/\" \/>\n<meta property=\"og:site_name\" content=\"Organisator\" \/>\n<meta property=\"article:publisher\" content=\"https:\/\/www.facebook.com\/OrganisatorFachmagazin\" \/>\n<meta property=\"article:published_time\" content=\"2020-04-06T14:27:09+00:00\" \/>\n<meta property=\"article:modified_time\" content=\"2022-02-09T10:06:14+00:00\" \/>\n<meta property=\"og:image\" content=\"https:\/\/www.organisator.ch\/wp-content\/uploads\/2020\/04\/Strommarkt-Schweiz-Desktop-scaled.jpg\" \/>\n\t<meta property=\"og:image:width\" content=\"2560\" \/>\n\t<meta property=\"og:image:height\" content=\"1707\" \/>\n\t<meta property=\"og:image:type\" content=\"image\/jpeg\" \/>\n<meta name=\"author\" content=\"michael.merz\" \/>\n<meta name=\"twitter:card\" content=\"summary_large_image\" \/>\n<script type=\"application\/ld+json\" class=\"yoast-schema-graph\">{\"@context\":\"https:\\\/\\\/schema.org\",\"@graph\":[{\"@type\":\"Article\",\"@id\":\"https:\\\/\\\/www.organisator.ch\\\/sustainability\\\/2020-04-06\\\/neues-stromversorgungsgesetz-fuer-die-schweiz-kommt-2021\\\/#article\",\"isPartOf\":{\"@id\":\"https:\\\/\\\/www.organisator.ch\\\/sustainability\\\/2020-04-06\\\/neues-stromversorgungsgesetz-fuer-die-schweiz-kommt-2021\\\/\"},\"author\":{\"name\":\"michael.merz\",\"@id\":\"https:\\\/\\\/www.organisator.ch\\\/#\\\/schema\\\/person\\\/134708ca9321c57b0362cceb7948ffbd\"},\"headline\":\"Neues Stromversorgungsgesetz f\u00fcr die Schweiz kommt 2021\",\"datePublished\":\"2020-04-06T14:27:09+00:00\",\"dateModified\":\"2022-02-09T10:06:14+00:00\",\"mainEntityOfPage\":{\"@id\":\"https:\\\/\\\/www.organisator.ch\\\/sustainability\\\/2020-04-06\\\/neues-stromversorgungsgesetz-fuer-die-schweiz-kommt-2021\\\/\"},\"wordCount\":315,\"publisher\":{\"@id\":\"https:\\\/\\\/www.organisator.ch\\\/#organization\"},\"image\":{\"@id\":\"https:\\\/\\\/www.organisator.ch\\\/sustainability\\\/2020-04-06\\\/neues-stromversorgungsgesetz-fuer-die-schweiz-kommt-2021\\\/#primaryimage\"},\"thumbnailUrl\":\"https:\\\/\\\/www.organisator.ch\\\/wp-content\\\/uploads\\\/2020\\\/04\\\/Strommarkt-Schweiz-Desktop-scaled.jpg\",\"keywords\":[\"erneuerbare Energie\",\"Markt\u00f6ffnung\",\"Strommarkt. Schweiz\"],\"articleSection\":[\"SUSTAINABILITY\"],\"inLanguage\":\"it-IT\"},{\"@type\":\"WebPage\",\"@id\":\"https:\\\/\\\/www.organisator.ch\\\/sustainability\\\/2020-04-06\\\/neues-stromversorgungsgesetz-fuer-die-schweiz-kommt-2021\\\/\",\"url\":\"https:\\\/\\\/www.organisator.ch\\\/sustainability\\\/2020-04-06\\\/neues-stromversorgungsgesetz-fuer-die-schweiz-kommt-2021\\\/\",\"name\":\"Neues Stromversorgungsgesetz f\u00fcr die Schweiz kommt 2021 - Organisator\",\"isPartOf\":{\"@id\":\"https:\\\/\\\/www.organisator.ch\\\/#website\"},\"primaryImageOfPage\":{\"@id\":\"https:\\\/\\\/www.organisator.ch\\\/sustainability\\\/2020-04-06\\\/neues-stromversorgungsgesetz-fuer-die-schweiz-kommt-2021\\\/#primaryimage\"},\"image\":{\"@id\":\"https:\\\/\\\/www.organisator.ch\\\/sustainability\\\/2020-04-06\\\/neues-stromversorgungsgesetz-fuer-die-schweiz-kommt-2021\\\/#primaryimage\"},\"thumbnailUrl\":\"https:\\\/\\\/www.organisator.ch\\\/wp-content\\\/uploads\\\/2020\\\/04\\\/Strommarkt-Schweiz-Desktop-scaled.jpg\",\"datePublished\":\"2020-04-06T14:27:09+00:00\",\"dateModified\":\"2022-02-09T10:06:14+00:00\",\"description\":\"Das Eidgen\u00f6ssische Departement f\u00fcr Umwelt, Verkehr, Energie und Kommunikation (UVEK) wird 2021 eine \u00c4nderung des Stromversorgungsgesetzes umsetzen.\",\"breadcrumb\":{\"@id\":\"https:\\\/\\\/www.organisator.ch\\\/sustainability\\\/2020-04-06\\\/neues-stromversorgungsgesetz-fuer-die-schweiz-kommt-2021\\\/#breadcrumb\"},\"inLanguage\":\"it-IT\",\"potentialAction\":[{\"@type\":\"ReadAction\",\"target\":[\"https:\\\/\\\/www.organisator.ch\\\/sustainability\\\/2020-04-06\\\/neues-stromversorgungsgesetz-fuer-die-schweiz-kommt-2021\\\/\"]}]},{\"@type\":\"ImageObject\",\"inLanguage\":\"it-IT\",\"@id\":\"https:\\\/\\\/www.organisator.ch\\\/sustainability\\\/2020-04-06\\\/neues-stromversorgungsgesetz-fuer-die-schweiz-kommt-2021\\\/#primaryimage\",\"url\":\"https:\\\/\\\/www.organisator.ch\\\/wp-content\\\/uploads\\\/2020\\\/04\\\/Strommarkt-Schweiz-Desktop-scaled.jpg\",\"contentUrl\":\"https:\\\/\\\/www.organisator.ch\\\/wp-content\\\/uploads\\\/2020\\\/04\\\/Strommarkt-Schweiz-Desktop-scaled.jpg\",\"width\":2560,\"height\":1707,\"caption\":\"Die Stromverteilung in der Schweiz nimmt neue Formen an. (Bild: Unsplash)\"},{\"@type\":\"BreadcrumbList\",\"@id\":\"https:\\\/\\\/www.organisator.ch\\\/sustainability\\\/2020-04-06\\\/neues-stromversorgungsgesetz-fuer-die-schweiz-kommt-2021\\\/#breadcrumb\",\"itemListElement\":[{\"@type\":\"ListItem\",\"position\":1,\"name\":\"Home\",\"item\":\"https:\\\/\\\/www.organisator.ch\\\/\"},{\"@type\":\"ListItem\",\"position\":2,\"name\":\"Neues Stromversorgungsgesetz f\u00fcr die Schweiz kommt 2021\"}]},{\"@type\":\"WebSite\",\"@id\":\"https:\\\/\\\/www.organisator.ch\\\/#website\",\"url\":\"https:\\\/\\\/www.organisator.ch\\\/\",\"name\":\"Organisator\",\"description\":\"Kompetent. Praxisnah. Der ORGANISATOR bereitet in 10 Ausgaben pro Jahr die wesentlichen Themen f\u00fcr F\u00fchrungskr\u00e4fte von KMU auf.\",\"publisher\":{\"@id\":\"https:\\\/\\\/www.organisator.ch\\\/#organization\"},\"potentialAction\":[{\"@type\":\"SearchAction\",\"target\":{\"@type\":\"EntryPoint\",\"urlTemplate\":\"https:\\\/\\\/www.organisator.ch\\\/?s={search_term_string}\"},\"query-input\":{\"@type\":\"PropertyValueSpecification\",\"valueRequired\":true,\"valueName\":\"search_term_string\"}}],\"inLanguage\":\"it-IT\"},{\"@type\":\"Organization\",\"@id\":\"https:\\\/\\\/www.organisator.ch\\\/#organization\",\"name\":\"Organisator\",\"url\":\"https:\\\/\\\/www.organisator.ch\\\/\",\"logo\":{\"@type\":\"ImageObject\",\"inLanguage\":\"it-IT\",\"@id\":\"https:\\\/\\\/www.organisator.ch\\\/#\\\/schema\\\/logo\\\/image\\\/\",\"url\":\"https:\\\/\\\/www.organisator.ch\\\/wp-content\\\/uploads\\\/2022\\\/01\\\/Logo_Organisator_Website.png\",\"contentUrl\":\"https:\\\/\\\/www.organisator.ch\\\/wp-content\\\/uploads\\\/2022\\\/01\\\/Logo_Organisator_Website.png\",\"width\":800,\"height\":77,\"caption\":\"Organisator\"},\"image\":{\"@id\":\"https:\\\/\\\/www.organisator.ch\\\/#\\\/schema\\\/logo\\\/image\\\/\"},\"sameAs\":[\"https:\\\/\\\/www.facebook.com\\\/OrganisatorFachmagazin\",\"https:\\\/\\\/www.linkedin.com\\\/showcase\\\/organisator-das-magazin-fr-kmu\",\"https:\\\/\\\/www.xing.com\\\/news\\\/pages\\\/organisator-ch-695\",\"https:\\\/\\\/www.youtube.com\\\/channel\\\/UCGP2Sq0iWaZwT3BdIAQFYpw\"]},{\"@type\":\"Person\",\"@id\":\"https:\\\/\\\/www.organisator.ch\\\/#\\\/schema\\\/person\\\/134708ca9321c57b0362cceb7948ffbd\",\"name\":\"michael.merz\",\"image\":{\"@type\":\"ImageObject\",\"inLanguage\":\"it-IT\",\"@id\":\"https:\\\/\\\/secure.gravatar.com\\\/avatar\\\/?s=96&d=mm&r=g\",\"url\":\"https:\\\/\\\/secure.gravatar.com\\\/avatar\\\/?s=96&d=mm&r=g\",\"contentUrl\":\"https:\\\/\\\/secure.gravatar.com\\\/avatar\\\/?s=96&d=mm&r=g\",\"caption\":\"michael.merz\"},\"url\":\"https:\\\/\\\/www.organisator.ch\\\/it\\\/author\\\/michael-merz\\\/\"}]}<\/script>\n<!-- \/ Yoast SEO plugin. -->","yoast_head_json":{"title":"Nuova legge sull'approvvigionamento elettrico in Svizzera in arrivo nel 2021 - Organizzatore","description":"Il Dipartimento federale dell'ambiente, dei trasporti, dell'energia e delle comunicazioni (DATEC) attuer\u00e0 una modifica della legge sull'approvvigionamento elettrico nel 2021.","robots":{"index":"index","follow":"follow","max-snippet":"max-snippet:-1","max-image-preview":"max-image-preview:large","max-video-preview":"max-video-preview:-1"},"canonical":"https:\/\/www.organisator.ch\/it\/sostenibilita\/2020-04-06\/neues-stromversorgungsgesetz-fuer-die-schweiz-kommt-2021\/","og_locale":"it_IT","og_type":"article","og_title":"Neues Stromversorgungsgesetz f\u00fcr die Schweiz kommt 2021 - Organisator","og_description":"Das Eidgen\u00f6ssische Departement f\u00fcr Umwelt, Verkehr, Energie und Kommunikation (UVEK) wird 2021 eine \u00c4nderung des Stromversorgungsgesetzes umsetzen.","og_url":"https:\/\/www.organisator.ch\/it\/sostenibilita\/2020-04-06\/neues-stromversorgungsgesetz-fuer-die-schweiz-kommt-2021\/","og_site_name":"Organisator","article_publisher":"https:\/\/www.facebook.com\/OrganisatorFachmagazin","article_published_time":"2020-04-06T14:27:09+00:00","article_modified_time":"2022-02-09T10:06:14+00:00","og_image":[{"width":2560,"height":1707,"url":"https:\/\/www.organisator.ch\/wp-content\/uploads\/2020\/04\/Strommarkt-Schweiz-Desktop-scaled.jpg","type":"image\/jpeg"}],"author":"michael.merz","twitter_card":"summary_large_image","schema":{"@context":"https:\/\/schema.org","@graph":[{"@type":"Article","@id":"https:\/\/www.organisator.ch\/sustainability\/2020-04-06\/neues-stromversorgungsgesetz-fuer-die-schweiz-kommt-2021\/#article","isPartOf":{"@id":"https:\/\/www.organisator.ch\/sustainability\/2020-04-06\/neues-stromversorgungsgesetz-fuer-die-schweiz-kommt-2021\/"},"author":{"name":"michael.merz","@id":"https:\/\/www.organisator.ch\/#\/schema\/person\/134708ca9321c57b0362cceb7948ffbd"},"headline":"Neues Stromversorgungsgesetz f\u00fcr die Schweiz kommt 2021","datePublished":"2020-04-06T14:27:09+00:00","dateModified":"2022-02-09T10:06:14+00:00","mainEntityOfPage":{"@id":"https:\/\/www.organisator.ch\/sustainability\/2020-04-06\/neues-stromversorgungsgesetz-fuer-die-schweiz-kommt-2021\/"},"wordCount":315,"publisher":{"@id":"https:\/\/www.organisator.ch\/#organization"},"image":{"@id":"https:\/\/www.organisator.ch\/sustainability\/2020-04-06\/neues-stromversorgungsgesetz-fuer-die-schweiz-kommt-2021\/#primaryimage"},"thumbnailUrl":"https:\/\/www.organisator.ch\/wp-content\/uploads\/2020\/04\/Strommarkt-Schweiz-Desktop-scaled.jpg","keywords":["erneuerbare Energie","Markt\u00f6ffnung","Strommarkt. Schweiz"],"articleSection":["SUSTAINABILITY"],"inLanguage":"it-IT"},{"@type":"WebPage","@id":"https:\/\/www.organisator.ch\/sustainability\/2020-04-06\/neues-stromversorgungsgesetz-fuer-die-schweiz-kommt-2021\/","url":"https:\/\/www.organisator.ch\/sustainability\/2020-04-06\/neues-stromversorgungsgesetz-fuer-die-schweiz-kommt-2021\/","name":"Nuova legge sull'approvvigionamento elettrico in Svizzera in arrivo nel 2021 - Organizzatore","isPartOf":{"@id":"https:\/\/www.organisator.ch\/#website"},"primaryImageOfPage":{"@id":"https:\/\/www.organisator.ch\/sustainability\/2020-04-06\/neues-stromversorgungsgesetz-fuer-die-schweiz-kommt-2021\/#primaryimage"},"image":{"@id":"https:\/\/www.organisator.ch\/sustainability\/2020-04-06\/neues-stromversorgungsgesetz-fuer-die-schweiz-kommt-2021\/#primaryimage"},"thumbnailUrl":"https:\/\/www.organisator.ch\/wp-content\/uploads\/2020\/04\/Strommarkt-Schweiz-Desktop-scaled.jpg","datePublished":"2020-04-06T14:27:09+00:00","dateModified":"2022-02-09T10:06:14+00:00","description":"Il Dipartimento federale dell'ambiente, dei trasporti, dell'energia e delle comunicazioni (DATEC) attuer\u00e0 una modifica della legge sull'approvvigionamento elettrico nel 2021.","breadcrumb":{"@id":"https:\/\/www.organisator.ch\/sustainability\/2020-04-06\/neues-stromversorgungsgesetz-fuer-die-schweiz-kommt-2021\/#breadcrumb"},"inLanguage":"it-IT","potentialAction":[{"@type":"ReadAction","target":["https:\/\/www.organisator.ch\/sustainability\/2020-04-06\/neues-stromversorgungsgesetz-fuer-die-schweiz-kommt-2021\/"]}]},{"@type":"ImageObject","inLanguage":"it-IT","@id":"https:\/\/www.organisator.ch\/sustainability\/2020-04-06\/neues-stromversorgungsgesetz-fuer-die-schweiz-kommt-2021\/#primaryimage","url":"https:\/\/www.organisator.ch\/wp-content\/uploads\/2020\/04\/Strommarkt-Schweiz-Desktop-scaled.jpg","contentUrl":"https:\/\/www.organisator.ch\/wp-content\/uploads\/2020\/04\/Strommarkt-Schweiz-Desktop-scaled.jpg","width":2560,"height":1707,"caption":"Die Stromverteilung in der Schweiz nimmt neue Formen an. (Bild: Unsplash)"},{"@type":"BreadcrumbList","@id":"https:\/\/www.organisator.ch\/sustainability\/2020-04-06\/neues-stromversorgungsgesetz-fuer-die-schweiz-kommt-2021\/#breadcrumb","itemListElement":[{"@type":"ListItem","position":1,"name":"Home","item":"https:\/\/www.organisator.ch\/"},{"@type":"ListItem","position":2,"name":"Neues Stromversorgungsgesetz f\u00fcr die Schweiz kommt 2021"}]},{"@type":"WebSite","@id":"https:\/\/www.organisator.ch\/#website","url":"https:\/\/www.organisator.ch\/","name":"Organizzatore","description":"Competente. Pratico. In 10 numeri all'anno, ORGANISATOR presenta i temi essenziali per i manager delle PMI.","publisher":{"@id":"https:\/\/www.organisator.ch\/#organization"},"potentialAction":[{"@type":"SearchAction","target":{"@type":"EntryPoint","urlTemplate":"https:\/\/www.organisator.ch\/?s={search_term_string}"},"query-input":{"@type":"PropertyValueSpecification","valueRequired":true,"valueName":"search_term_string"}}],"inLanguage":"it-IT"},{"@type":"Organization","@id":"https:\/\/www.organisator.ch\/#organization","name":"Organizzatore","url":"https:\/\/www.organisator.ch\/","logo":{"@type":"ImageObject","inLanguage":"it-IT","@id":"https:\/\/www.organisator.ch\/#\/schema\/logo\/image\/","url":"https:\/\/www.organisator.ch\/wp-content\/uploads\/2022\/01\/Logo_Organisator_Website.png","contentUrl":"https:\/\/www.organisator.ch\/wp-content\/uploads\/2022\/01\/Logo_Organisator_Website.png","width":800,"height":77,"caption":"Organisator"},"image":{"@id":"https:\/\/www.organisator.ch\/#\/schema\/logo\/image\/"},"sameAs":["https:\/\/www.facebook.com\/OrganisatorFachmagazin","https:\/\/www.linkedin.com\/showcase\/organisator-das-magazin-fr-kmu","https:\/\/www.xing.com\/news\/pages\/organisator-ch-695","https:\/\/www.youtube.com\/channel\/UCGP2Sq0iWaZwT3BdIAQFYpw"]},{"@type":"Person","@id":"https:\/\/www.organisator.ch\/#\/schema\/person\/134708ca9321c57b0362cceb7948ffbd","name":"michael.merz","image":{"@type":"ImageObject","inLanguage":"it-IT","@id":"https:\/\/secure.gravatar.com\/avatar\/?s=96&d=mm&r=g","url":"https:\/\/secure.gravatar.com\/avatar\/?s=96&d=mm&r=g","contentUrl":"https:\/\/secure.gravatar.com\/avatar\/?s=96&d=mm&r=g","caption":"michael.merz"},"url":"https:\/\/www.organisator.ch\/it\/author\/michael-merz\/"}]}},"_links":{"self":[{"href":"https:\/\/www.organisator.ch\/it\/wp-json\/wp\/v2\/posts\/10166","targetHints":{"allow":["GET"]}}],"collection":[{"href":"https:\/\/www.organisator.ch\/it\/wp-json\/wp\/v2\/posts"}],"about":[{"href":"https:\/\/www.organisator.ch\/it\/wp-json\/wp\/v2\/types\/post"}],"author":[{"embeddable":true,"href":"https:\/\/www.organisator.ch\/it\/wp-json\/wp\/v2\/users\/5"}],"replies":[{"embeddable":true,"href":"https:\/\/www.organisator.ch\/it\/wp-json\/wp\/v2\/comments?post=10166"}],"version-history":[{"count":1,"href":"https:\/\/www.organisator.ch\/it\/wp-json\/wp\/v2\/posts\/10166\/revisions"}],"predecessor-version":[{"id":10527,"href":"https:\/\/www.organisator.ch\/it\/wp-json\/wp\/v2\/posts\/10166\/revisions\/10527"}],"wp:featuredmedia":[{"embeddable":true,"href":"https:\/\/www.organisator.ch\/it\/wp-json\/wp\/v2\/media\/2985"}],"wp:attachment":[{"href":"https:\/\/www.organisator.ch\/it\/wp-json\/wp\/v2\/media?parent=10166"}],"wp:term":[{"taxonomy":"category","embeddable":true,"href":"https:\/\/www.organisator.ch\/it\/wp-json\/wp\/v2\/categories?post=10166"},{"taxonomy":"post_tag","embeddable":true,"href":"https:\/\/www.organisator.ch\/it\/wp-json\/wp\/v2\/tags?post=10166"}],"curies":[{"name":"wp","href":"https:\/\/api.w.org\/{rel}","templated":true}]}}