{"id":10168,"date":"2020-04-21T09:15:53","date_gmt":"2020-04-21T07:15:53","guid":{"rendered":"https:\/\/www.umweltperspektiven.ch\/?p=3010"},"modified":"2020-04-21T09:15:53","modified_gmt":"2020-04-21T07:15:53","slug":"corona-stimmungsbarometer","status":"publish","type":"post","link":"https:\/\/www.organisator.ch\/it\/allgemein\/2020-04-21\/corona-stimmungsbarometer\/","title":{"rendered":"Barometro dell'umore Corona"},"content":{"rendered":"<figure id=\"attachment_3011\" aria-describedby=\"caption-attachment-3011\" style=\"width: 680px\" class=\"wp-caption alignnone\"><img loading=\"lazy\" decoding=\"async\" class=\"size-medium wp-image-3011\" src=\"\/\/www.umweltperspektiven.ch\/wp-content\/uploads\/2020\/04\/Comparis-Umfrage-UP-Umwelt-Perspektiven.jpg\" alt=\"\" width=\"680\" height=\"453\" \/><figcaption id=\"caption-attachment-3011\" class=\"wp-caption-text\">Gli svizzeri ricevono per la prima volta un voto \"sufficiente\" per il loro comportamento. (Immagine: Unsplash)<\/figcaption><\/figure>\n<p><span style=\"font-size: 10.5pt; font-family: 'Arial',sans-serif;\">Ogni settimana dall'inizio del blocco in Svizzera, il servizio di confronto online Comparis e l'istituto di ricerche di mercato Marketagent Switzerland hanno chiesto alla popolazione di giudicare la qualit\u00e0 della gestione della crisi Corona dei seguenti attori: Governo, sanit\u00e0 (ospedali, ambulatori medici, hotline mediche, ecc.), propria famiglia, proprio datore di lavoro, attori finanziari (banche, assicurazioni, Banca Nazionale, ecc.) esercito e popolazione svizzera. Durante il fine settimana di Pasqua, gli intervistati hanno valutato per la prima volta il comportamento della popolazione svizzera come sufficiente.\u00a0<\/span><\/p>\n<p><strong><span style=\"font-size: 10.5pt; font-family: 'Arial',sans-serif;\">Il comportamento della popolazione \u00e8 accettato per la prima volta anche dai pi\u00f9 giovani\u00a0<\/span><\/strong><\/p>\n<p><span style=\"font-size: 10.5pt; font-family: 'Arial',sans-serif;\">La popolazione svizzera \u00e8 migliorata da un punteggio di 3,8 a 4,0 in quattro settimane (scala di valutazione da 1 a 6). Per la prima volta, il comportamento della popolazione \u00e8 accettato anche dai pi\u00f9 giovani. Quelli tra i 40 e i 49 anni gli hanno dato un 4,0. Gli under 20 sono stati particolarmente duri un mese fa: il loro rating \u00e8 passato da 3,3 un mese fa a 3,9 ora. Tra i 30-39enni, il rating \u00e8 anche salito a 3,9 (da 3,4).\u00a0<\/span><\/p>\n<p><span style=\"font-size: 10.5pt; font-family: 'Arial',sans-serif;\">\"\u00c8 possibile che l'attuale sviluppo positivo delle cifre dell'infezione mostri alla popolazione quanto hanno raggiunto con il loro comportamento e contribuisca a una valutazione pi\u00f9 positiva del proprio comportamento\", dice Liane Nagengast, ricercatrice di mercato presso Marketagent Svizzera.\u00a0<\/span><\/p>\n<p><strong><span style=\"font-size: 10.5pt; font-family: 'Arial',sans-serif;\">La met\u00e0 degli intervistati d\u00e0 al proprio datore di lavoro un voto da buono a molto buono<\/span><\/strong><\/p>\n<p><span style=\"font-size: 10.5pt; font-family: 'Arial',sans-serif;\">I datori di lavoro di tutte le generazioni non sono stati in grado di migliorare il loro punteggio di 4,7 dall'ultimo sondaggio. Ma la proporzione di persone che ha dato al proprio datore di lavoro un voto da \"buono\" a \"molto buono\" \u00e8 aumentata pi\u00f9 che in qualsiasi altra categoria dall'inizio del blocco - dal 41,1 al 48,9 per cento. Questo \u00e8 un altro aumento significativo di 7,8 punti percentuali.<\/span><\/p>\n<p><span style=\"font-size: 10.5pt; font-family: 'Arial',sans-serif;\">Gli svizzeri tedeschi hanno ormai superato i ticinesi in termini di soddisfazione nei confronti del loro datore di lavoro. Qui, il 51,5% degli intervistati ha dato ai propri datori di lavoro un punteggio tra 5 e 6 nel periodo pasquale (7,6 punti percentuali in pi\u00f9 rispetto al primo sondaggio). In Ticino, intanto, la percentuale \u00e8 scesa leggermente dalla settimana scorsa, passando dal 52 al 48,9 per cento.<\/span><\/p>\n<p><span style=\"font-size: 10.5pt; font-family: 'Arial',sans-serif;\">\"Le piccole e medie imprese sono la spina dorsale dell'economia svizzera. La loro dimensione gestibile permette loro di reagire rapidamente alle nuove sfide, adattare i processi di conseguenza e impiegare il personale nel miglior modo possibile. In combinazione con il regime di lavoro a orario ridotto e i prestiti per la crisi concessi rapidamente dalla Confederazione, l'economia svizzera sta andando molto bene nel confronto internazionale\", osserva l'esperto finanziario di Comparis Fr\u00e9d\u00e9ric Papp. La chiave, tuttavia, \u00e8 un'uscita precoce ma attenta dal blocco. Specialmente nel settore \"commercio, trasporto e ospitalit\u00e0\", c'\u00e8 la minaccia di massicce perdite nella creazione di valore a causa della perdita della domanda finale fino al 25 per cento*. \"Perdite di questa portata porteranno a ulteriori licenziamenti\", dice Papp. \u00a0<\/span><\/p>\n<p><strong><span style=\"font-size: 10.5pt; font-family: 'Arial',sans-serif;\">La febbre del campo tra gli adolescenti<\/span><\/strong><\/p>\n<p><span style=\"font-size: 10.5pt; font-family: 'Arial',sans-serif;\">Dopo settimane senza strutture scolastiche e di apprendistato fisse a casa, il quarto sondaggio rivela una febbre da campeggio tra gli adolescenti. La gestione delle crisi della famiglia \u00e8 ancora in testa alla classifica insieme a quella del servizio sanitario con un punteggio complessivo di 5,2. Ma tra i giovani tra i 15 e i 19 anni, la percentuale di intervistati che valutano la propria famiglia come \"buona\" o \"molto buona\" \u00e8 crollata la scorsa settimana di ben 12,8 punti percentuali, arrivando solo al 65,5 per cento. Questo \u00e8 il numero pi\u00f9 basso di tutto il periodo del sondaggio. Il gruppo degli adolescenti ha dato alla propria famiglia un punteggio totale di 4,9 nella settimana di Pasqua (dopo il 5,1 della settimana precedente).<\/span><\/p>\n<p><a href=\"\/\/www.comparis.ch\">www.comparis.ch<\/a><\/p>","protected":false},"excerpt":{"rendered":"<p>Jede Woche seit dem Start des Lockdowns in der Schweiz l\u00e4sst der Online-Vergleichsdienst Comparis und das Marktforschungsinstitut Marketagent Schweiz die Bev\u00f6lkerung \u00fcber die Qualit\u00e4t des Corona-Krisenmanagements der folgenden Akteure urteilen: Regierung, Gesundheitswesen (Spit\u00e4ler, Arztpraxen, medizinische Hotlines etc.), eigene Familie, eigener Arbeitgeber, Finanzakteure (Banken, Versicherungen, Nationalbank etc.) Armee und Schweizer Bev\u00f6lkerung. \u00dcber das Oster-Wochenende haben die [&hellip;]<\/p>\n","protected":false},"author":5,"featured_media":9697,"comment_status":"closed","ping_status":"closed","sticky":false,"template":"","format":"standard","meta":{"_acf_changed":false,"_yoast_wpseo_focuskw":"comparis","_yoast_wpseo_metadesc":"comparis.ch und Marketagent.com Schweiz f\u00fchlen Schweizerinnen und Schweizern in der Corona-Krise mit einer w\u00f6chentlichen repr\u00e4sentativen Befragung .","articlekey":"","footnotes":""},"categories":[1],"tags":[805,131,953,341,424,487],"class_list":["post-10168","post","type-post","status-publish","format-standard","has-post-thumbnail","hentry","category-allgemein","tag-bevoelkerung","tag-corona-krise","tag-covid-19","tag-marktforschung","tag-schweiz","tag-umfrage"],"acf":[],"yoast_head":"<!-- This site is optimized with the Yoast SEO plugin v27.4 - https:\/\/yoast.com\/product\/yoast-seo-wordpress\/ -->\n<title>Corona-Stimmungsbarometer - Organisator<\/title>\n<meta name=\"description\" content=\"comparis.ch und Marketagent.com Schweiz f\u00fchlen Schweizerinnen und Schweizern in der Corona-Krise mit einer w\u00f6chentlichen repr\u00e4sentativen Befragung .\" \/>\n<meta name=\"robots\" content=\"index, follow, max-snippet:-1, max-image-preview:large, max-video-preview:-1\" \/>\n<link rel=\"canonical\" href=\"https:\/\/www.organisator.ch\/it\/generale\/2020-04-21\/corona-stimmungsbarometer\/\" \/>\n<meta property=\"og:locale\" content=\"it_IT\" \/>\n<meta property=\"og:type\" content=\"article\" \/>\n<meta property=\"og:title\" content=\"Corona-Stimmungsbarometer - Organisator\" \/>\n<meta property=\"og:description\" content=\"comparis.ch und Marketagent.com Schweiz f\u00fchlen Schweizerinnen und Schweizern in der Corona-Krise mit einer w\u00f6chentlichen repr\u00e4sentativen Befragung .\" \/>\n<meta property=\"og:url\" content=\"https:\/\/www.organisator.ch\/it\/generale\/2020-04-21\/corona-stimmungsbarometer\/\" \/>\n<meta property=\"og:site_name\" content=\"Organisator\" \/>\n<meta property=\"article:publisher\" content=\"https:\/\/www.facebook.com\/OrganisatorFachmagazin\" \/>\n<meta property=\"article:published_time\" content=\"2020-04-21T07:15:53+00:00\" \/>\n<meta property=\"og:image\" content=\"https:\/\/www.organisator.ch\/wp-content\/uploads\/2020\/04\/Comparis-Umfrage-UP-Umwelt-Perspektiven-scaled.jpg\" \/>\n\t<meta property=\"og:image:width\" content=\"2560\" \/>\n\t<meta property=\"og:image:height\" content=\"1707\" \/>\n\t<meta property=\"og:image:type\" content=\"image\/jpeg\" \/>\n<meta name=\"author\" content=\"michael.merz\" \/>\n<meta name=\"twitter:card\" content=\"summary_large_image\" \/>\n<script type=\"application\/ld+json\" class=\"yoast-schema-graph\">{\"@context\":\"https:\\\/\\\/schema.org\",\"@graph\":[{\"@type\":\"Article\",\"@id\":\"https:\\\/\\\/www.organisator.ch\\\/en\\\/general\\\/2020-04-21\\\/corona-stimmungsbarometer\\\/#article\",\"isPartOf\":{\"@id\":\"https:\\\/\\\/www.organisator.ch\\\/en\\\/general\\\/2020-04-21\\\/corona-stimmungsbarometer\\\/\"},\"author\":{\"name\":\"michael.merz\",\"@id\":\"https:\\\/\\\/www.organisator.ch\\\/#\\\/schema\\\/person\\\/134708ca9321c57b0362cceb7948ffbd\"},\"headline\":\"Corona-Stimmungsbarometer\",\"datePublished\":\"2020-04-21T07:15:53+00:00\",\"mainEntityOfPage\":{\"@id\":\"https:\\\/\\\/www.organisator.ch\\\/en\\\/general\\\/2020-04-21\\\/corona-stimmungsbarometer\\\/\"},\"wordCount\":550,\"publisher\":{\"@id\":\"https:\\\/\\\/www.organisator.ch\\\/#organization\"},\"image\":{\"@id\":\"https:\\\/\\\/www.organisator.ch\\\/en\\\/general\\\/2020-04-21\\\/corona-stimmungsbarometer\\\/#primaryimage\"},\"thumbnailUrl\":\"https:\\\/\\\/www.organisator.ch\\\/wp-content\\\/uploads\\\/2020\\\/04\\\/Comparis-Umfrage-UP-Umwelt-Perspektiven-scaled.jpg\",\"keywords\":[\"Bev\u00f6lkerung\",\"Corona-Krise\",\"Covid-19\",\"Marktforschung\",\"Schweiz\",\"Umfrage\"],\"articleSection\":[\"Allgemein\"],\"inLanguage\":\"it-IT\"},{\"@type\":\"WebPage\",\"@id\":\"https:\\\/\\\/www.organisator.ch\\\/en\\\/general\\\/2020-04-21\\\/corona-stimmungsbarometer\\\/\",\"url\":\"https:\\\/\\\/www.organisator.ch\\\/en\\\/general\\\/2020-04-21\\\/corona-stimmungsbarometer\\\/\",\"name\":\"Corona-Stimmungsbarometer - Organisator\",\"isPartOf\":{\"@id\":\"https:\\\/\\\/www.organisator.ch\\\/#website\"},\"primaryImageOfPage\":{\"@id\":\"https:\\\/\\\/www.organisator.ch\\\/en\\\/general\\\/2020-04-21\\\/corona-stimmungsbarometer\\\/#primaryimage\"},\"image\":{\"@id\":\"https:\\\/\\\/www.organisator.ch\\\/en\\\/general\\\/2020-04-21\\\/corona-stimmungsbarometer\\\/#primaryimage\"},\"thumbnailUrl\":\"https:\\\/\\\/www.organisator.ch\\\/wp-content\\\/uploads\\\/2020\\\/04\\\/Comparis-Umfrage-UP-Umwelt-Perspektiven-scaled.jpg\",\"datePublished\":\"2020-04-21T07:15:53+00:00\",\"description\":\"comparis.ch und Marketagent.com Schweiz f\u00fchlen Schweizerinnen und Schweizern in der Corona-Krise mit einer w\u00f6chentlichen repr\u00e4sentativen Befragung .\",\"breadcrumb\":{\"@id\":\"https:\\\/\\\/www.organisator.ch\\\/en\\\/general\\\/2020-04-21\\\/corona-stimmungsbarometer\\\/#breadcrumb\"},\"inLanguage\":\"it-IT\",\"potentialAction\":[{\"@type\":\"ReadAction\",\"target\":[\"https:\\\/\\\/www.organisator.ch\\\/en\\\/general\\\/2020-04-21\\\/corona-stimmungsbarometer\\\/\"]}]},{\"@type\":\"ImageObject\",\"inLanguage\":\"it-IT\",\"@id\":\"https:\\\/\\\/www.organisator.ch\\\/en\\\/general\\\/2020-04-21\\\/corona-stimmungsbarometer\\\/#primaryimage\",\"url\":\"https:\\\/\\\/www.organisator.ch\\\/wp-content\\\/uploads\\\/2020\\\/04\\\/Comparis-Umfrage-UP-Umwelt-Perspektiven-scaled.jpg\",\"contentUrl\":\"https:\\\/\\\/www.organisator.ch\\\/wp-content\\\/uploads\\\/2020\\\/04\\\/Comparis-Umfrage-UP-Umwelt-Perspektiven-scaled.jpg\",\"width\":2560,\"height\":1707,\"caption\":\"Schweizer Bev\u00f6lkerung erh\u00e4lt erstmals f\u00fcr ihr Verhalten die Note \u00abgen\u00fcgend\u00bb. (Bild: Unsplash)\"},{\"@type\":\"BreadcrumbList\",\"@id\":\"https:\\\/\\\/www.organisator.ch\\\/en\\\/general\\\/2020-04-21\\\/corona-stimmungsbarometer\\\/#breadcrumb\",\"itemListElement\":[{\"@type\":\"ListItem\",\"position\":1,\"name\":\"Home\",\"item\":\"https:\\\/\\\/www.organisator.ch\\\/\"},{\"@type\":\"ListItem\",\"position\":2,\"name\":\"Corona-Stimmungsbarometer\"}]},{\"@type\":\"WebSite\",\"@id\":\"https:\\\/\\\/www.organisator.ch\\\/#website\",\"url\":\"https:\\\/\\\/www.organisator.ch\\\/\",\"name\":\"Organisator\",\"description\":\"Kompetent. Praxisnah. Der ORGANISATOR bereitet in 10 Ausgaben pro Jahr die wesentlichen Themen f\u00fcr F\u00fchrungskr\u00e4fte von KMU auf.\",\"publisher\":{\"@id\":\"https:\\\/\\\/www.organisator.ch\\\/#organization\"},\"potentialAction\":[{\"@type\":\"SearchAction\",\"target\":{\"@type\":\"EntryPoint\",\"urlTemplate\":\"https:\\\/\\\/www.organisator.ch\\\/?s={search_term_string}\"},\"query-input\":{\"@type\":\"PropertyValueSpecification\",\"valueRequired\":true,\"valueName\":\"search_term_string\"}}],\"inLanguage\":\"it-IT\"},{\"@type\":\"Organization\",\"@id\":\"https:\\\/\\\/www.organisator.ch\\\/#organization\",\"name\":\"Organisator\",\"url\":\"https:\\\/\\\/www.organisator.ch\\\/\",\"logo\":{\"@type\":\"ImageObject\",\"inLanguage\":\"it-IT\",\"@id\":\"https:\\\/\\\/www.organisator.ch\\\/#\\\/schema\\\/logo\\\/image\\\/\",\"url\":\"https:\\\/\\\/www.organisator.ch\\\/wp-content\\\/uploads\\\/2022\\\/01\\\/Logo_Organisator_Website.png\",\"contentUrl\":\"https:\\\/\\\/www.organisator.ch\\\/wp-content\\\/uploads\\\/2022\\\/01\\\/Logo_Organisator_Website.png\",\"width\":800,\"height\":77,\"caption\":\"Organisator\"},\"image\":{\"@id\":\"https:\\\/\\\/www.organisator.ch\\\/#\\\/schema\\\/logo\\\/image\\\/\"},\"sameAs\":[\"https:\\\/\\\/www.facebook.com\\\/OrganisatorFachmagazin\",\"https:\\\/\\\/www.linkedin.com\\\/showcase\\\/organisator-das-magazin-fr-kmu\",\"https:\\\/\\\/www.xing.com\\\/news\\\/pages\\\/organisator-ch-695\",\"https:\\\/\\\/www.youtube.com\\\/channel\\\/UCGP2Sq0iWaZwT3BdIAQFYpw\"]},{\"@type\":\"Person\",\"@id\":\"https:\\\/\\\/www.organisator.ch\\\/#\\\/schema\\\/person\\\/134708ca9321c57b0362cceb7948ffbd\",\"name\":\"michael.merz\",\"image\":{\"@type\":\"ImageObject\",\"inLanguage\":\"it-IT\",\"@id\":\"https:\\\/\\\/secure.gravatar.com\\\/avatar\\\/?s=96&d=mm&r=g\",\"url\":\"https:\\\/\\\/secure.gravatar.com\\\/avatar\\\/?s=96&d=mm&r=g\",\"contentUrl\":\"https:\\\/\\\/secure.gravatar.com\\\/avatar\\\/?s=96&d=mm&r=g\",\"caption\":\"michael.merz\"},\"url\":\"https:\\\/\\\/www.organisator.ch\\\/it\\\/author\\\/michael-merz\\\/\"}]}<\/script>\n<!-- \/ Yoast SEO plugin. -->","yoast_head_json":{"title":"Barometro dell'umore Corona - Organizzatore","description":"comparis.ch e Marketagent.com Svizzera sentono gli svizzeri nella crisi di Corona con un sondaggio rappresentativo settimanale.","robots":{"index":"index","follow":"follow","max-snippet":"max-snippet:-1","max-image-preview":"max-image-preview:large","max-video-preview":"max-video-preview:-1"},"canonical":"https:\/\/www.organisator.ch\/it\/generale\/2020-04-21\/corona-stimmungsbarometer\/","og_locale":"it_IT","og_type":"article","og_title":"Corona-Stimmungsbarometer - Organisator","og_description":"comparis.ch und Marketagent.com Schweiz f\u00fchlen Schweizerinnen und Schweizern in der Corona-Krise mit einer w\u00f6chentlichen repr\u00e4sentativen Befragung .","og_url":"https:\/\/www.organisator.ch\/it\/generale\/2020-04-21\/corona-stimmungsbarometer\/","og_site_name":"Organisator","article_publisher":"https:\/\/www.facebook.com\/OrganisatorFachmagazin","article_published_time":"2020-04-21T07:15:53+00:00","og_image":[{"width":2560,"height":1707,"url":"https:\/\/www.organisator.ch\/wp-content\/uploads\/2020\/04\/Comparis-Umfrage-UP-Umwelt-Perspektiven-scaled.jpg","type":"image\/jpeg"}],"author":"michael.merz","twitter_card":"summary_large_image","schema":{"@context":"https:\/\/schema.org","@graph":[{"@type":"Article","@id":"https:\/\/www.organisator.ch\/en\/general\/2020-04-21\/corona-stimmungsbarometer\/#article","isPartOf":{"@id":"https:\/\/www.organisator.ch\/en\/general\/2020-04-21\/corona-stimmungsbarometer\/"},"author":{"name":"michael.merz","@id":"https:\/\/www.organisator.ch\/#\/schema\/person\/134708ca9321c57b0362cceb7948ffbd"},"headline":"Corona-Stimmungsbarometer","datePublished":"2020-04-21T07:15:53+00:00","mainEntityOfPage":{"@id":"https:\/\/www.organisator.ch\/en\/general\/2020-04-21\/corona-stimmungsbarometer\/"},"wordCount":550,"publisher":{"@id":"https:\/\/www.organisator.ch\/#organization"},"image":{"@id":"https:\/\/www.organisator.ch\/en\/general\/2020-04-21\/corona-stimmungsbarometer\/#primaryimage"},"thumbnailUrl":"https:\/\/www.organisator.ch\/wp-content\/uploads\/2020\/04\/Comparis-Umfrage-UP-Umwelt-Perspektiven-scaled.jpg","keywords":["Bev\u00f6lkerung","Corona-Krise","Covid-19","Marktforschung","Schweiz","Umfrage"],"articleSection":["Allgemein"],"inLanguage":"it-IT"},{"@type":"WebPage","@id":"https:\/\/www.organisator.ch\/en\/general\/2020-04-21\/corona-stimmungsbarometer\/","url":"https:\/\/www.organisator.ch\/en\/general\/2020-04-21\/corona-stimmungsbarometer\/","name":"Barometro dell'umore Corona - Organizzatore","isPartOf":{"@id":"https:\/\/www.organisator.ch\/#website"},"primaryImageOfPage":{"@id":"https:\/\/www.organisator.ch\/en\/general\/2020-04-21\/corona-stimmungsbarometer\/#primaryimage"},"image":{"@id":"https:\/\/www.organisator.ch\/en\/general\/2020-04-21\/corona-stimmungsbarometer\/#primaryimage"},"thumbnailUrl":"https:\/\/www.organisator.ch\/wp-content\/uploads\/2020\/04\/Comparis-Umfrage-UP-Umwelt-Perspektiven-scaled.jpg","datePublished":"2020-04-21T07:15:53+00:00","description":"comparis.ch e Marketagent.com Svizzera sentono gli svizzeri nella crisi di Corona con un sondaggio rappresentativo settimanale.","breadcrumb":{"@id":"https:\/\/www.organisator.ch\/en\/general\/2020-04-21\/corona-stimmungsbarometer\/#breadcrumb"},"inLanguage":"it-IT","potentialAction":[{"@type":"ReadAction","target":["https:\/\/www.organisator.ch\/en\/general\/2020-04-21\/corona-stimmungsbarometer\/"]}]},{"@type":"ImageObject","inLanguage":"it-IT","@id":"https:\/\/www.organisator.ch\/en\/general\/2020-04-21\/corona-stimmungsbarometer\/#primaryimage","url":"https:\/\/www.organisator.ch\/wp-content\/uploads\/2020\/04\/Comparis-Umfrage-UP-Umwelt-Perspektiven-scaled.jpg","contentUrl":"https:\/\/www.organisator.ch\/wp-content\/uploads\/2020\/04\/Comparis-Umfrage-UP-Umwelt-Perspektiven-scaled.jpg","width":2560,"height":1707,"caption":"Schweizer Bev\u00f6lkerung erh\u00e4lt erstmals f\u00fcr ihr Verhalten die Note \u00abgen\u00fcgend\u00bb. (Bild: Unsplash)"},{"@type":"BreadcrumbList","@id":"https:\/\/www.organisator.ch\/en\/general\/2020-04-21\/corona-stimmungsbarometer\/#breadcrumb","itemListElement":[{"@type":"ListItem","position":1,"name":"Home","item":"https:\/\/www.organisator.ch\/"},{"@type":"ListItem","position":2,"name":"Corona-Stimmungsbarometer"}]},{"@type":"WebSite","@id":"https:\/\/www.organisator.ch\/#website","url":"https:\/\/www.organisator.ch\/","name":"Organizzatore","description":"Competente. Pratico. In 10 numeri all'anno, ORGANISATOR presenta i temi essenziali per i manager delle PMI.","publisher":{"@id":"https:\/\/www.organisator.ch\/#organization"},"potentialAction":[{"@type":"SearchAction","target":{"@type":"EntryPoint","urlTemplate":"https:\/\/www.organisator.ch\/?s={search_term_string}"},"query-input":{"@type":"PropertyValueSpecification","valueRequired":true,"valueName":"search_term_string"}}],"inLanguage":"it-IT"},{"@type":"Organization","@id":"https:\/\/www.organisator.ch\/#organization","name":"Organizzatore","url":"https:\/\/www.organisator.ch\/","logo":{"@type":"ImageObject","inLanguage":"it-IT","@id":"https:\/\/www.organisator.ch\/#\/schema\/logo\/image\/","url":"https:\/\/www.organisator.ch\/wp-content\/uploads\/2022\/01\/Logo_Organisator_Website.png","contentUrl":"https:\/\/www.organisator.ch\/wp-content\/uploads\/2022\/01\/Logo_Organisator_Website.png","width":800,"height":77,"caption":"Organisator"},"image":{"@id":"https:\/\/www.organisator.ch\/#\/schema\/logo\/image\/"},"sameAs":["https:\/\/www.facebook.com\/OrganisatorFachmagazin","https:\/\/www.linkedin.com\/showcase\/organisator-das-magazin-fr-kmu","https:\/\/www.xing.com\/news\/pages\/organisator-ch-695","https:\/\/www.youtube.com\/channel\/UCGP2Sq0iWaZwT3BdIAQFYpw"]},{"@type":"Person","@id":"https:\/\/www.organisator.ch\/#\/schema\/person\/134708ca9321c57b0362cceb7948ffbd","name":"michael.merz","image":{"@type":"ImageObject","inLanguage":"it-IT","@id":"https:\/\/secure.gravatar.com\/avatar\/?s=96&d=mm&r=g","url":"https:\/\/secure.gravatar.com\/avatar\/?s=96&d=mm&r=g","contentUrl":"https:\/\/secure.gravatar.com\/avatar\/?s=96&d=mm&r=g","caption":"michael.merz"},"url":"https:\/\/www.organisator.ch\/it\/author\/michael-merz\/"}]}},"_links":{"self":[{"href":"https:\/\/www.organisator.ch\/it\/wp-json\/wp\/v2\/posts\/10168","targetHints":{"allow":["GET"]}}],"collection":[{"href":"https:\/\/www.organisator.ch\/it\/wp-json\/wp\/v2\/posts"}],"about":[{"href":"https:\/\/www.organisator.ch\/it\/wp-json\/wp\/v2\/types\/post"}],"author":[{"embeddable":true,"href":"https:\/\/www.organisator.ch\/it\/wp-json\/wp\/v2\/users\/5"}],"replies":[{"embeddable":true,"href":"https:\/\/www.organisator.ch\/it\/wp-json\/wp\/v2\/comments?post=10168"}],"version-history":[{"count":0,"href":"https:\/\/www.organisator.ch\/it\/wp-json\/wp\/v2\/posts\/10168\/revisions"}],"wp:featuredmedia":[{"embeddable":true,"href":"https:\/\/www.organisator.ch\/it\/wp-json\/wp\/v2\/media\/9697"}],"wp:attachment":[{"href":"https:\/\/www.organisator.ch\/it\/wp-json\/wp\/v2\/media?parent=10168"}],"wp:term":[{"taxonomy":"category","embeddable":true,"href":"https:\/\/www.organisator.ch\/it\/wp-json\/wp\/v2\/categories?post=10168"},{"taxonomy":"post_tag","embeddable":true,"href":"https:\/\/www.organisator.ch\/it\/wp-json\/wp\/v2\/tags?post=10168"}],"curies":[{"name":"wp","href":"https:\/\/api.w.org\/{rel}","templated":true}]}}