{"id":10178,"date":"2020-05-10T13:34:46","date_gmt":"2020-05-10T11:34:46","guid":{"rendered":"https:\/\/www.umweltperspektiven.ch\/?p=3062"},"modified":"2022-02-09T11:06:49","modified_gmt":"2022-02-09T10:06:49","slug":"corona-lufthygiene-soll-ansteckungsrisiko-mindern","status":"publish","type":"post","link":"https:\/\/www.organisator.ch\/it\/sustainability\/2020-05-10\/corona-lufthygiene-soll-ansteckungsrisiko-mindern\/","title":{"rendered":"Corona: L'igiene dell'aria dovrebbe ridurre il rischio di infezioni"},"content":{"rendered":"<figure id=\"attachment_3063\" aria-describedby=\"caption-attachment-3063\" style=\"width: 680px\" class=\"wp-caption alignnone\"><img loading=\"lazy\" decoding=\"async\" class=\"size-medium wp-image-3063\" src=\"\/\/www.umweltperspektiven.ch\/wp-content\/uploads\/2020\/05\/raumklima-l\u00fcftung-corona-up-umwelt-perspektiven.jpg\" alt=\"\" width=\"680\" height=\"453\" \/><figcaption id=\"caption-attachment-3063\" class=\"wp-caption-text\">AFC Air Flow Consulting AG \u00e8 stata scorporata dall'Istituto Federale di Tecnologia di Zurigo (ETH) pi\u00f9 di 20 anni fa.<\/figcaption><\/figure>\n<p>A causa della situazione straordinaria legata alla crisi della Corona, AFC Air Flow Consulting AG sta lavorando su un nuovo concetto di protezione dell'igiene dell'aria per le aziende. Il primo passo \u00e8 analizzare l'infrastruttura, l'occupazione delle stanze e la situazione della ventilazione. Successivamente, viene sviluppata una strategia di ventilazione sulla base di simulazioni e prove computazionali.<\/p>\n<p>Questo dovrebbe aiutare a ridurre il rischio di infezione. Con il concetto di protezione di AFC, le imprese dovrebbero essere in grado di riaprire pi\u00f9 rapidamente. Secondo l'azienda, \u00e8 possibile anche un maggiore utilizzo della capacit\u00e0 senza aumentare il rischio di infezioni.<\/p>\n<p class=\"bodytext\">Nel nuovo sviluppo, AFC sar\u00e0 supportato da Stefan K\u00fchn dell'International Negotiation and Conflict Resolution Systems (<a href=\"\/\/www.incs.international\/de\/\" target=\"_blank\" rel=\"noopener\">INCS Ltd<\/a>) consigliare.<\/p>\n<p class=\"bodytext\">Il\u00a0<a href=\"\/\/www.afc.ch\/\" target=\"_blank\" rel=\"noopener\">AFC Air Flow Consulting AG<\/a>\u00a0\u00e8 stata scorporata dal Politecnico federale di Zurigo (ETH) pi\u00f9 di 20 anni fa. L'azienda \u00e8 specializzata nell'igiene dell'aria. Si occupa, per esempio, della dispersione di particelle e inquinanti atmosferici negli edifici.<\/p>\n<p class=\"bodytext\">La competenza principale di AFC \u00e8 una simulazione al computer che pu\u00f2 essere utilizzata per visualizzare i flussi d'aria. Questo permette di valutare l'efficacia di varie misure sul flusso d'aria e la dispersione degli inquinanti.<\/p>\n<p class=\"bodytext\">","protected":false},"excerpt":{"rendered":"<p>Aufgrund der ausserordentlichen Lage in Zusammenhang mit der Corona-Krise arbeitet die AFC Air Flow Consulting AG an einem neuen Lufthygiene-Schutzkonzept f\u00fcr Betriebe. Dabei werden zuerst die Infrastruktur, die Raumbelegung und die L\u00fcftungssituation analysiert. Anschliessend wird auf Basis von Simulationen und rechnerischen Nachweisen eine L\u00fcftungsstrategie entwickelt. Diese soll helfen, die Ansteckungsgefahr zu senken.\u00a0Mit dem Schutzkonzept von [&hellip;]<\/p>\n","protected":false},"author":5,"featured_media":9702,"comment_status":"closed","ping_status":"closed","sticky":false,"template":"","format":"standard","meta":{"_acf_changed":false,"_yoast_wpseo_focuskw":"Lufthygiene","_yoast_wpseo_metadesc":"Die ETH-Ausgr\u00fcndung AFC befasst sich mit Lufthygiene und der Ausbreitung von Corona-Viren und Luftschadstoffen.","articlekey":"","footnotes":""},"categories":[580],"tags":[946,1648,1649,1980,2070],"class_list":["post-10178","post","type-post","status-publish","format-standard","has-post-thumbnail","hentry","category-sustainability","tag-corona","tag-lufthygiene","tag-luftqualitaet","tag-raumklima","tag-schutzkonzept"],"acf":[],"yoast_head":"<!-- This site is optimized with the Yoast SEO plugin v27.4 - https:\/\/yoast.com\/product\/yoast-seo-wordpress\/ -->\n<title>Corona: Lufthygiene soll Ansteckungsrisiko mindern - Organisator<\/title>\n<meta name=\"description\" content=\"Die ETH-Ausgr\u00fcndung AFC befasst sich mit Lufthygiene und der Ausbreitung von Corona-Viren und Luftschadstoffen.\" \/>\n<meta name=\"robots\" content=\"index, follow, max-snippet:-1, max-image-preview:large, max-video-preview:-1\" \/>\n<link rel=\"canonical\" href=\"https:\/\/www.organisator.ch\/it\/sostenibilita\/2020-05-10\/corona-lufthygiene-soll-ansteckungsrisiko-mindern\/\" \/>\n<meta property=\"og:locale\" content=\"it_IT\" \/>\n<meta property=\"og:type\" content=\"article\" \/>\n<meta property=\"og:title\" content=\"Corona: Lufthygiene soll Ansteckungsrisiko mindern - Organisator\" \/>\n<meta property=\"og:description\" content=\"Die ETH-Ausgr\u00fcndung AFC befasst sich mit Lufthygiene und der Ausbreitung von Corona-Viren und Luftschadstoffen.\" \/>\n<meta property=\"og:url\" content=\"https:\/\/www.organisator.ch\/it\/sostenibilita\/2020-05-10\/corona-lufthygiene-soll-ansteckungsrisiko-mindern\/\" \/>\n<meta property=\"og:site_name\" content=\"Organisator\" \/>\n<meta property=\"article:publisher\" content=\"https:\/\/www.facebook.com\/OrganisatorFachmagazin\" \/>\n<meta property=\"article:published_time\" content=\"2020-05-10T11:34:46+00:00\" \/>\n<meta property=\"article:modified_time\" content=\"2022-02-09T10:06:49+00:00\" \/>\n<meta property=\"og:image\" content=\"https:\/\/www.organisator.ch\/wp-content\/uploads\/2020\/05\/raumklima-lueftung-corona-up-umwelt-perspektiven-scaled.jpg\" \/>\n\t<meta property=\"og:image:width\" content=\"2560\" \/>\n\t<meta property=\"og:image:height\" content=\"1704\" \/>\n\t<meta property=\"og:image:type\" content=\"image\/jpeg\" \/>\n<meta name=\"author\" content=\"michael.merz\" \/>\n<meta name=\"twitter:card\" content=\"summary_large_image\" \/>\n<script type=\"application\/ld+json\" class=\"yoast-schema-graph\">{\"@context\":\"https:\\\/\\\/schema.org\",\"@graph\":[{\"@type\":\"Article\",\"@id\":\"https:\\\/\\\/www.organisator.ch\\\/sustainability\\\/2020-05-10\\\/corona-lufthygiene-soll-ansteckungsrisiko-mindern\\\/#article\",\"isPartOf\":{\"@id\":\"https:\\\/\\\/www.organisator.ch\\\/sustainability\\\/2020-05-10\\\/corona-lufthygiene-soll-ansteckungsrisiko-mindern\\\/\"},\"author\":{\"name\":\"michael.merz\",\"@id\":\"https:\\\/\\\/www.organisator.ch\\\/#\\\/schema\\\/person\\\/134708ca9321c57b0362cceb7948ffbd\"},\"headline\":\"Corona: Lufthygiene soll Ansteckungsrisiko mindern\",\"datePublished\":\"2020-05-10T11:34:46+00:00\",\"dateModified\":\"2022-02-09T10:06:49+00:00\",\"mainEntityOfPage\":{\"@id\":\"https:\\\/\\\/www.organisator.ch\\\/sustainability\\\/2020-05-10\\\/corona-lufthygiene-soll-ansteckungsrisiko-mindern\\\/\"},\"wordCount\":216,\"publisher\":{\"@id\":\"https:\\\/\\\/www.organisator.ch\\\/#organization\"},\"image\":{\"@id\":\"https:\\\/\\\/www.organisator.ch\\\/sustainability\\\/2020-05-10\\\/corona-lufthygiene-soll-ansteckungsrisiko-mindern\\\/#primaryimage\"},\"thumbnailUrl\":\"https:\\\/\\\/www.organisator.ch\\\/wp-content\\\/uploads\\\/2020\\\/05\\\/raumklima-lueftung-corona-up-umwelt-perspektiven-scaled.jpg\",\"keywords\":[\"Corona\",\"Lufthygiene\",\"Luftqualit\u00e4t\",\"Raumklima\",\"Schutzkonzept\"],\"articleSection\":[\"SUSTAINABILITY\"],\"inLanguage\":\"it-IT\"},{\"@type\":\"WebPage\",\"@id\":\"https:\\\/\\\/www.organisator.ch\\\/sustainability\\\/2020-05-10\\\/corona-lufthygiene-soll-ansteckungsrisiko-mindern\\\/\",\"url\":\"https:\\\/\\\/www.organisator.ch\\\/sustainability\\\/2020-05-10\\\/corona-lufthygiene-soll-ansteckungsrisiko-mindern\\\/\",\"name\":\"Corona: Lufthygiene soll Ansteckungsrisiko mindern - Organisator\",\"isPartOf\":{\"@id\":\"https:\\\/\\\/www.organisator.ch\\\/#website\"},\"primaryImageOfPage\":{\"@id\":\"https:\\\/\\\/www.organisator.ch\\\/sustainability\\\/2020-05-10\\\/corona-lufthygiene-soll-ansteckungsrisiko-mindern\\\/#primaryimage\"},\"image\":{\"@id\":\"https:\\\/\\\/www.organisator.ch\\\/sustainability\\\/2020-05-10\\\/corona-lufthygiene-soll-ansteckungsrisiko-mindern\\\/#primaryimage\"},\"thumbnailUrl\":\"https:\\\/\\\/www.organisator.ch\\\/wp-content\\\/uploads\\\/2020\\\/05\\\/raumklima-lueftung-corona-up-umwelt-perspektiven-scaled.jpg\",\"datePublished\":\"2020-05-10T11:34:46+00:00\",\"dateModified\":\"2022-02-09T10:06:49+00:00\",\"description\":\"Die ETH-Ausgr\u00fcndung AFC befasst sich mit Lufthygiene und der Ausbreitung von Corona-Viren und Luftschadstoffen.\",\"breadcrumb\":{\"@id\":\"https:\\\/\\\/www.organisator.ch\\\/sustainability\\\/2020-05-10\\\/corona-lufthygiene-soll-ansteckungsrisiko-mindern\\\/#breadcrumb\"},\"inLanguage\":\"it-IT\",\"potentialAction\":[{\"@type\":\"ReadAction\",\"target\":[\"https:\\\/\\\/www.organisator.ch\\\/sustainability\\\/2020-05-10\\\/corona-lufthygiene-soll-ansteckungsrisiko-mindern\\\/\"]}]},{\"@type\":\"ImageObject\",\"inLanguage\":\"it-IT\",\"@id\":\"https:\\\/\\\/www.organisator.ch\\\/sustainability\\\/2020-05-10\\\/corona-lufthygiene-soll-ansteckungsrisiko-mindern\\\/#primaryimage\",\"url\":\"https:\\\/\\\/www.organisator.ch\\\/wp-content\\\/uploads\\\/2020\\\/05\\\/raumklima-lueftung-corona-up-umwelt-perspektiven-scaled.jpg\",\"contentUrl\":\"https:\\\/\\\/www.organisator.ch\\\/wp-content\\\/uploads\\\/2020\\\/05\\\/raumklima-lueftung-corona-up-umwelt-perspektiven-scaled.jpg\",\"width\":2560,\"height\":1704,\"caption\":\"sg\"},{\"@type\":\"BreadcrumbList\",\"@id\":\"https:\\\/\\\/www.organisator.ch\\\/sustainability\\\/2020-05-10\\\/corona-lufthygiene-soll-ansteckungsrisiko-mindern\\\/#breadcrumb\",\"itemListElement\":[{\"@type\":\"ListItem\",\"position\":1,\"name\":\"Home\",\"item\":\"https:\\\/\\\/www.organisator.ch\\\/\"},{\"@type\":\"ListItem\",\"position\":2,\"name\":\"Corona: Lufthygiene soll Ansteckungsrisiko mindern\"}]},{\"@type\":\"WebSite\",\"@id\":\"https:\\\/\\\/www.organisator.ch\\\/#website\",\"url\":\"https:\\\/\\\/www.organisator.ch\\\/\",\"name\":\"Organisator\",\"description\":\"Kompetent. Praxisnah. Der ORGANISATOR bereitet in 10 Ausgaben pro Jahr die wesentlichen Themen f\u00fcr F\u00fchrungskr\u00e4fte von KMU auf.\",\"publisher\":{\"@id\":\"https:\\\/\\\/www.organisator.ch\\\/#organization\"},\"potentialAction\":[{\"@type\":\"SearchAction\",\"target\":{\"@type\":\"EntryPoint\",\"urlTemplate\":\"https:\\\/\\\/www.organisator.ch\\\/?s={search_term_string}\"},\"query-input\":{\"@type\":\"PropertyValueSpecification\",\"valueRequired\":true,\"valueName\":\"search_term_string\"}}],\"inLanguage\":\"it-IT\"},{\"@type\":\"Organization\",\"@id\":\"https:\\\/\\\/www.organisator.ch\\\/#organization\",\"name\":\"Organisator\",\"url\":\"https:\\\/\\\/www.organisator.ch\\\/\",\"logo\":{\"@type\":\"ImageObject\",\"inLanguage\":\"it-IT\",\"@id\":\"https:\\\/\\\/www.organisator.ch\\\/#\\\/schema\\\/logo\\\/image\\\/\",\"url\":\"https:\\\/\\\/www.organisator.ch\\\/wp-content\\\/uploads\\\/2022\\\/01\\\/Logo_Organisator_Website.png\",\"contentUrl\":\"https:\\\/\\\/www.organisator.ch\\\/wp-content\\\/uploads\\\/2022\\\/01\\\/Logo_Organisator_Website.png\",\"width\":800,\"height\":77,\"caption\":\"Organisator\"},\"image\":{\"@id\":\"https:\\\/\\\/www.organisator.ch\\\/#\\\/schema\\\/logo\\\/image\\\/\"},\"sameAs\":[\"https:\\\/\\\/www.facebook.com\\\/OrganisatorFachmagazin\",\"https:\\\/\\\/www.linkedin.com\\\/showcase\\\/organisator-das-magazin-fr-kmu\",\"https:\\\/\\\/www.xing.com\\\/news\\\/pages\\\/organisator-ch-695\",\"https:\\\/\\\/www.youtube.com\\\/channel\\\/UCGP2Sq0iWaZwT3BdIAQFYpw\"]},{\"@type\":\"Person\",\"@id\":\"https:\\\/\\\/www.organisator.ch\\\/#\\\/schema\\\/person\\\/134708ca9321c57b0362cceb7948ffbd\",\"name\":\"michael.merz\",\"image\":{\"@type\":\"ImageObject\",\"inLanguage\":\"it-IT\",\"@id\":\"https:\\\/\\\/secure.gravatar.com\\\/avatar\\\/?s=96&d=mm&r=g\",\"url\":\"https:\\\/\\\/secure.gravatar.com\\\/avatar\\\/?s=96&d=mm&r=g\",\"contentUrl\":\"https:\\\/\\\/secure.gravatar.com\\\/avatar\\\/?s=96&d=mm&r=g\",\"caption\":\"michael.merz\"},\"url\":\"https:\\\/\\\/www.organisator.ch\\\/it\\\/author\\\/michael-merz\\\/\"}]}<\/script>\n<!-- \/ Yoast SEO plugin. -->","yoast_head_json":{"title":"Corona: l'igiene dell'aria per ridurre il rischio di infezioni - Organizzatore","description":"Lo spin-off AFC dell'ETH si occupa di igiene dell'aria e della diffusione dei virus corona e degli inquinanti atmosferici.","robots":{"index":"index","follow":"follow","max-snippet":"max-snippet:-1","max-image-preview":"max-image-preview:large","max-video-preview":"max-video-preview:-1"},"canonical":"https:\/\/www.organisator.ch\/it\/sostenibilita\/2020-05-10\/corona-lufthygiene-soll-ansteckungsrisiko-mindern\/","og_locale":"it_IT","og_type":"article","og_title":"Corona: Lufthygiene soll Ansteckungsrisiko mindern - Organisator","og_description":"Die ETH-Ausgr\u00fcndung AFC befasst sich mit Lufthygiene und der Ausbreitung von Corona-Viren und Luftschadstoffen.","og_url":"https:\/\/www.organisator.ch\/it\/sostenibilita\/2020-05-10\/corona-lufthygiene-soll-ansteckungsrisiko-mindern\/","og_site_name":"Organisator","article_publisher":"https:\/\/www.facebook.com\/OrganisatorFachmagazin","article_published_time":"2020-05-10T11:34:46+00:00","article_modified_time":"2022-02-09T10:06:49+00:00","og_image":[{"width":2560,"height":1704,"url":"https:\/\/www.organisator.ch\/wp-content\/uploads\/2020\/05\/raumklima-lueftung-corona-up-umwelt-perspektiven-scaled.jpg","type":"image\/jpeg"}],"author":"michael.merz","twitter_card":"summary_large_image","schema":{"@context":"https:\/\/schema.org","@graph":[{"@type":"Article","@id":"https:\/\/www.organisator.ch\/sustainability\/2020-05-10\/corona-lufthygiene-soll-ansteckungsrisiko-mindern\/#article","isPartOf":{"@id":"https:\/\/www.organisator.ch\/sustainability\/2020-05-10\/corona-lufthygiene-soll-ansteckungsrisiko-mindern\/"},"author":{"name":"michael.merz","@id":"https:\/\/www.organisator.ch\/#\/schema\/person\/134708ca9321c57b0362cceb7948ffbd"},"headline":"Corona: Lufthygiene soll Ansteckungsrisiko mindern","datePublished":"2020-05-10T11:34:46+00:00","dateModified":"2022-02-09T10:06:49+00:00","mainEntityOfPage":{"@id":"https:\/\/www.organisator.ch\/sustainability\/2020-05-10\/corona-lufthygiene-soll-ansteckungsrisiko-mindern\/"},"wordCount":216,"publisher":{"@id":"https:\/\/www.organisator.ch\/#organization"},"image":{"@id":"https:\/\/www.organisator.ch\/sustainability\/2020-05-10\/corona-lufthygiene-soll-ansteckungsrisiko-mindern\/#primaryimage"},"thumbnailUrl":"https:\/\/www.organisator.ch\/wp-content\/uploads\/2020\/05\/raumklima-lueftung-corona-up-umwelt-perspektiven-scaled.jpg","keywords":["Corona","Lufthygiene","Luftqualit\u00e4t","Raumklima","Schutzkonzept"],"articleSection":["SUSTAINABILITY"],"inLanguage":"it-IT"},{"@type":"WebPage","@id":"https:\/\/www.organisator.ch\/sustainability\/2020-05-10\/corona-lufthygiene-soll-ansteckungsrisiko-mindern\/","url":"https:\/\/www.organisator.ch\/sustainability\/2020-05-10\/corona-lufthygiene-soll-ansteckungsrisiko-mindern\/","name":"Corona: l'igiene dell'aria per ridurre il rischio di infezioni - Organizzatore","isPartOf":{"@id":"https:\/\/www.organisator.ch\/#website"},"primaryImageOfPage":{"@id":"https:\/\/www.organisator.ch\/sustainability\/2020-05-10\/corona-lufthygiene-soll-ansteckungsrisiko-mindern\/#primaryimage"},"image":{"@id":"https:\/\/www.organisator.ch\/sustainability\/2020-05-10\/corona-lufthygiene-soll-ansteckungsrisiko-mindern\/#primaryimage"},"thumbnailUrl":"https:\/\/www.organisator.ch\/wp-content\/uploads\/2020\/05\/raumklima-lueftung-corona-up-umwelt-perspektiven-scaled.jpg","datePublished":"2020-05-10T11:34:46+00:00","dateModified":"2022-02-09T10:06:49+00:00","description":"Lo spin-off AFC dell'ETH si occupa di igiene dell'aria e della diffusione dei virus corona e degli inquinanti atmosferici.","breadcrumb":{"@id":"https:\/\/www.organisator.ch\/sustainability\/2020-05-10\/corona-lufthygiene-soll-ansteckungsrisiko-mindern\/#breadcrumb"},"inLanguage":"it-IT","potentialAction":[{"@type":"ReadAction","target":["https:\/\/www.organisator.ch\/sustainability\/2020-05-10\/corona-lufthygiene-soll-ansteckungsrisiko-mindern\/"]}]},{"@type":"ImageObject","inLanguage":"it-IT","@id":"https:\/\/www.organisator.ch\/sustainability\/2020-05-10\/corona-lufthygiene-soll-ansteckungsrisiko-mindern\/#primaryimage","url":"https:\/\/www.organisator.ch\/wp-content\/uploads\/2020\/05\/raumklima-lueftung-corona-up-umwelt-perspektiven-scaled.jpg","contentUrl":"https:\/\/www.organisator.ch\/wp-content\/uploads\/2020\/05\/raumklima-lueftung-corona-up-umwelt-perspektiven-scaled.jpg","width":2560,"height":1704,"caption":"sg"},{"@type":"BreadcrumbList","@id":"https:\/\/www.organisator.ch\/sustainability\/2020-05-10\/corona-lufthygiene-soll-ansteckungsrisiko-mindern\/#breadcrumb","itemListElement":[{"@type":"ListItem","position":1,"name":"Home","item":"https:\/\/www.organisator.ch\/"},{"@type":"ListItem","position":2,"name":"Corona: Lufthygiene soll Ansteckungsrisiko mindern"}]},{"@type":"WebSite","@id":"https:\/\/www.organisator.ch\/#website","url":"https:\/\/www.organisator.ch\/","name":"Organizzatore","description":"Competente. Pratico. In 10 numeri all'anno, ORGANISATOR presenta i temi essenziali per i manager delle PMI.","publisher":{"@id":"https:\/\/www.organisator.ch\/#organization"},"potentialAction":[{"@type":"SearchAction","target":{"@type":"EntryPoint","urlTemplate":"https:\/\/www.organisator.ch\/?s={search_term_string}"},"query-input":{"@type":"PropertyValueSpecification","valueRequired":true,"valueName":"search_term_string"}}],"inLanguage":"it-IT"},{"@type":"Organization","@id":"https:\/\/www.organisator.ch\/#organization","name":"Organizzatore","url":"https:\/\/www.organisator.ch\/","logo":{"@type":"ImageObject","inLanguage":"it-IT","@id":"https:\/\/www.organisator.ch\/#\/schema\/logo\/image\/","url":"https:\/\/www.organisator.ch\/wp-content\/uploads\/2022\/01\/Logo_Organisator_Website.png","contentUrl":"https:\/\/www.organisator.ch\/wp-content\/uploads\/2022\/01\/Logo_Organisator_Website.png","width":800,"height":77,"caption":"Organisator"},"image":{"@id":"https:\/\/www.organisator.ch\/#\/schema\/logo\/image\/"},"sameAs":["https:\/\/www.facebook.com\/OrganisatorFachmagazin","https:\/\/www.linkedin.com\/showcase\/organisator-das-magazin-fr-kmu","https:\/\/www.xing.com\/news\/pages\/organisator-ch-695","https:\/\/www.youtube.com\/channel\/UCGP2Sq0iWaZwT3BdIAQFYpw"]},{"@type":"Person","@id":"https:\/\/www.organisator.ch\/#\/schema\/person\/134708ca9321c57b0362cceb7948ffbd","name":"michael.merz","image":{"@type":"ImageObject","inLanguage":"it-IT","@id":"https:\/\/secure.gravatar.com\/avatar\/?s=96&d=mm&r=g","url":"https:\/\/secure.gravatar.com\/avatar\/?s=96&d=mm&r=g","contentUrl":"https:\/\/secure.gravatar.com\/avatar\/?s=96&d=mm&r=g","caption":"michael.merz"},"url":"https:\/\/www.organisator.ch\/it\/author\/michael-merz\/"}]}},"_links":{"self":[{"href":"https:\/\/www.organisator.ch\/it\/wp-json\/wp\/v2\/posts\/10178","targetHints":{"allow":["GET"]}}],"collection":[{"href":"https:\/\/www.organisator.ch\/it\/wp-json\/wp\/v2\/posts"}],"about":[{"href":"https:\/\/www.organisator.ch\/it\/wp-json\/wp\/v2\/types\/post"}],"author":[{"embeddable":true,"href":"https:\/\/www.organisator.ch\/it\/wp-json\/wp\/v2\/users\/5"}],"replies":[{"embeddable":true,"href":"https:\/\/www.organisator.ch\/it\/wp-json\/wp\/v2\/comments?post=10178"}],"version-history":[{"count":1,"href":"https:\/\/www.organisator.ch\/it\/wp-json\/wp\/v2\/posts\/10178\/revisions"}],"predecessor-version":[{"id":10677,"href":"https:\/\/www.organisator.ch\/it\/wp-json\/wp\/v2\/posts\/10178\/revisions\/10677"}],"wp:featuredmedia":[{"embeddable":true,"href":"https:\/\/www.organisator.ch\/it\/wp-json\/wp\/v2\/media\/9702"}],"wp:attachment":[{"href":"https:\/\/www.organisator.ch\/it\/wp-json\/wp\/v2\/media?parent=10178"}],"wp:term":[{"taxonomy":"category","embeddable":true,"href":"https:\/\/www.organisator.ch\/it\/wp-json\/wp\/v2\/categories?post=10178"},{"taxonomy":"post_tag","embeddable":true,"href":"https:\/\/www.organisator.ch\/it\/wp-json\/wp\/v2\/tags?post=10178"}],"curies":[{"name":"wp","href":"https:\/\/api.w.org\/{rel}","templated":true}]}}