{"id":10180,"date":"2020-06-05T09:41:55","date_gmt":"2020-06-05T07:41:55","guid":{"rendered":"https:\/\/www.umweltperspektiven.ch\/?p=3095"},"modified":"2022-02-09T11:09:58","modified_gmt":"2022-02-09T10:09:58","slug":"si-opener-schutz-digitaler-menschenrechte-in-der-zeit-nach-covid-19","status":"publish","type":"post","link":"https:\/\/www.organisator.ch\/it\/sustainability\/2020-06-05\/si-opener-schutz-digitaler-menschenrechte-in-der-zeit-nach-covid-19\/","title":{"rendered":"SI Opener: proteggere i diritti umani digitali nell'era post-Covid-19"},"content":{"rendered":"<figure id=\"attachment_3116\" aria-describedby=\"caption-attachment-3116\" style=\"width: 680px\" class=\"wp-caption alignnone\"><img loading=\"lazy\" decoding=\"async\" class=\"wp-image-3116 size-medium\" src=\"\/\/www.umweltperspektiven.ch\/wp-content\/uploads\/2020\/06\/digitialit\u00e4t-menschenrechte-up-umwelt-perspektiven.jpg\" alt=\"\" width=\"680\" height=\"461\" \/><figcaption id=\"caption-attachment-3116\" class=\"wp-caption-text\">Le compagnie di comunicazione si trovano sempre pi\u00f9 spesso ad affrontare ordini da parte dei governi per limitare l'accesso ai loro servizi e interrompere le reti. (Immagine: Unsplash)<\/figcaption><\/figure>\n<p>Un comunicato sul SI Opener dice: \"Nella crisi di Corona - come in molte altre questioni ESG fondamentali, tra l'altro - i diritti umani digitali sono messi alla prova. Da un lato, le applicazioni che possono tracciare le persone infette possono salvare vite umane e contribuire a facilitare le misure per contenere la pandemia, aiutando cos\u00ec l'economia. D'altra parte, l'uso di tali app mette a rischio la privacy se non viene fatto con attenzione\".<\/p>\n<p>Alcuni sembrano pensare che la privacy debba essere sacrificata per questo scopo. Tuttavia, AccessNow, un'organizzazione non-profit leader in questo campo, sostiene che forti diritti digitali possono effettivamente aiutare a migliorare la salute pubblica.(2)<\/p>\n<p>Robeco (vedi box sotto) condivide pienamente questo punto di vista. \"Se i diritti digitali non sono adeguatamente protetti, la gente non user\u00e0 volontariamente le app per tracciare le persone infette, quindi l'unico modo in cui queste app avranno successo in questo caso \u00e8 se il loro uso sar\u00e0 reso obbligatorio\". In molti paesi, la gente non lo accetter\u00e0, e i governi di questi paesi non sarebbero quindi in grado di utilizzare con successo gli strumenti di salute digitale\".<\/p>\n<p><strong>Problemi relativi ai diritti umani digitali<\/strong><\/p>\n<p>Ma ci sono anche altri, continua l'apertura del SI, \"problemi meno evidenti\". I dati sanitari sono alcuni dei dati pi\u00f9 sensibili che ci siano. La protezione dei dati \u00e8 della massima importanza in questo caso. L'analisi dei dati sanitari da parte delle autorit\u00e0 pu\u00f2 essere necessaria per rispondere a una massiccia epidemia di una malattia infettiva. Tuttavia, una cattiva gestione di questi dati pu\u00f2 portare alla sfiducia e a un minore utilizzo degli strumenti di salute digitale.<\/p>\n<p>Un'altra questione importante \u00e8 la sorveglianza. Alcuni governi potrebbero usare la crisi per installare strumenti di sorveglianza su larga scala, il che potrebbe essere visto come controverso. Per esempio, il riconoscimento facciale sta gi\u00e0 giocando un ruolo importante nel monitoraggio e nel controllo dei movimenti delle persone nella crisi di Corona. La Cina lo sta usando per individuare le persone infette e identificare le persone che non indossano maschere.<\/p>\n<p>A Mosca, si dice che le autorit\u00e0 stiano usando telecamere di sorveglianza e sistemi di riconoscimento facciale e di localizzazione per far rispettare le norme di quarantena e rintracciare le persone infette e i loro familiari.(3) Mentre riconosciamo che l'individualismo \u00e8 pi\u00f9 apprezzato nei paesi occidentali che altrove, crediamo che queste pratiche rischiano di violare gravemente il diritto umano fondamentale alla privacy - senza un chiaro beneficio sociale.<\/p>\n<p><strong>Censura e diffusione di informazioni false<\/strong><\/p>\n<p>Le aziende IT e di telecomunicazione di tutto il mondo si trovano sempre pi\u00f9 spesso ad affrontare ordini da parte dei governi per limitare l'accesso ai loro servizi e interrompere le reti. Tali interruzioni hanno portato a restrizioni del diritto alla libert\u00e0 di espressione, riconosciuto a livello internazionale, tagliando l'accesso ai servizi di emergenza, ai pagamenti e ai servizi sanitari, e limitando i contatti con familiari e amici.<\/p>\n<p>In alcuni casi, tali ordini comportano un rischio aggiuntivo di violazione dei diritti umani se impediscono il libero flusso di informazioni in vista delle elezioni, o se gli ordini prendono di mira regioni, distretti o gruppi etnici specifici. Nella crisi attuale, stiamo vedendo le autorit\u00e0 in Cina, Iran e anche gli Stati Uniti tentare di controllare le informazioni diffuse da giornalisti e professionisti della salute sui social media.<\/p>\n<p>Tuttavia, stiamo anche vedendo una grande quantit\u00e0 di disinformazione diffusa, come trattenere il respiro per verificare se si \u00e8 infetti, o la raccomandazione di vari farmaci che vengono spacciati come la soluzione alla pandemia di Corona. In risposta, le principali piattaforme come Facebook, Google e Twitter stanno indirizzando i consumatori verso fonti di informazione affidabili come le autorit\u00e0 sanitarie.<\/p>\n<p><strong>Cosa possono fare le aziende?<\/strong><\/p>\n<p>In assenza di un buon quadro normativo, crediamo che i diritti umani digitali portino dei rischi alle aziende in cui investiamo. I rischi relativi alla protezione dei dati, alla sicurezza informatica e all'impatto sociale dell'IA possono avere un impatto molto negativo sul loro business. Pertanto, le aziende possono distinguersi affrontando questi problemi in modo esemplare.<\/p>\n<p>Nell'ambito del nostro processo d'investimento basato sui fondamentali, Robeco analizza quindi sistematicamente il modo in cui le aziende affrontano questi problemi. Per valutare i rischi in questo senso, esaminano non solo la forza delle politiche editoriali e di sicurezza delle informazioni delle aziende, ma anche l'approccio e i risultati quando si tratta di violazioni e multe. Alcune aziende sono anche pi\u00f9 trasparenti di altre su questi risultati.<\/p>\n<p>Combiniamo questa analisi con altri aspetti materiali come la corporate governance e le politiche delle risorse umane per valutare l'impatto sui driver di valore delle aziende in questi settori. La privacy dei dati e i rischi di sicurezza informatica, cos\u00ec come i rischi sociali legati all'IA, sono spesso difficili da quantificare in termini di impatto sulle entrate e sui fattori di costo. Sulla base della nostra analisi, quindi adattiamo principalmente la nostra cifra per il costo del capitale di un'azienda per ottenere una stima dei rischi reputazionali, legali e commerciali.<\/p>\n<p><strong>La punta dell'iceberg<\/strong><\/p>\n<p>Nella nostra analisi degli investimenti e nell'influenzare attivamente le aziende, Robeco si concentra sui rischi e le sfide imminenti come la discriminazione o la violazione dei dati come risultato degli algoritmi di costruzione. Guardiamo anche all'efficacia della governance aziendale in relazione ai diritti umani digitali e al loro impatto sul capitale umano, ma anche alle opportunit\u00e0 offerte dall'AI. Tutti questi aspetti sono essenziali per il successo finanziario di un'azienda.<\/p>\n<p>Robeco conclude nel SI Opener con un impegno che promette molto: \"Chiediamo alle aziende di acquisire conoscenze adeguate a livello di consiglio di amministrazione e di stabilire politiche e processi resilienti che garantiscano la conformit\u00e0 ai diritti umani nel nostro mondo sempre pi\u00f9 digitalizzato. Chiediamo loro anche di essere trasparenti quando vengono identificati problemi o violazioni. Affinch\u00e9 non ci siano dubbi: Naturalmente, un'app che potrebbe aiutare a tenere traccia dei casi di Covid 19 e contenere la diffusione del coronavirus \u00e8 una buona idea. Ma il suo successo dipende dalla protezione dei diritti umani\".<\/p>\n<p><a href=\"\/\/voxia.ch\/wp-content\/uploads\/2020\/06\/SI-Opener-Protecting-digital-human-rights-in-the-post-Covid-19-era-May-2020.pdf\">Link alla versione originale PDF di SI Opener #1<\/a><\/p>\n<p>&nbsp;<\/p>\n<p><em>Informazioni di base sul SI Opener:<\/em><\/p>\n<p><em>Come per tutte le tendenze in rapida evoluzione, la mancanza di un solido quadro normativo porta nuovi rischi e opportunit\u00e0 per tutte le parti interessate. In Robeco, abbiamo riconosciuto molti anni fa che la privacy dei dati \u00e8 uno dei principali rischi di business per le societ\u00e0 di internet e telecomunicazioni. I modelli di business di alcune aziende sono interamente basati sulla raccolta, l'uso o la vendita di dati sui consumatori. La sicurezza informatica e i rischi sociali associati all'intelligenza artificiale (AI) sono quindi punti su cui ci concentriamo quando si tratta di diritti umani digitali.<\/em><\/p>\n<p><em>Siamo convinti che l'investimento sostenibile non \u00e8 bianco o nero. N\u00e9 si tratta di soluzioni rapide o di risposte facili. Crediamo anche che alcuni presupposti comuni sugli investimenti sostenibili possano essere sbagliati. Ecco perch\u00e9 a Robeco ci piace usare la nostra leadership in questo campo per educare gli investitori all'investimento sostenibile. Nella nostra nuova serie di articoli intitolata \"SI Opener\", esaminiamo aspetti sorprendenti che riguardano l'investimento sostenibile e il progresso umano. Iniziamo con la minaccia digitale alla privacy e ai diritti umani. Con questa serie, vogliamo attirare l'attenzione sul fatto che l'investimento sostenibile \u00e8 un argomento complesso e che ci vuole molta competenza ed esperienza per prendere le giuste decisioni di investimento. \u00a0<\/em><\/p>\n<p><em>Fonti:<\/em><\/p>\n<p><em>1) Fonte:<a href=\"\/\/techjury.net\/stats-about\/big-data-statistics\/#gref\"> https:\/\/techjury.net\/stats-about\/big-data-statistics\/#gref<\/a><\/em><\/p>\n<p><em>2) Fonte: <a href=\"\/\/www.accessnow.org\/protect-digital-rights-promote-public-health-towards-a-better-coronavirus-response\/\">https:\/\/www.accessnow.org\/protect-digital-rights-promote-public-health-towards-a-better-coronavirus-response\/<\/a><\/em><\/p>\n<p><em>3) Fonte: <a href=\"\/\/www.accessnow.org\">AccessNow.org<\/a><\/em><\/p>","protected":false},"excerpt":{"rendered":"<p>In einer Mitteilung zum SI Opener heisst es: &#8222;In der Corona-Krise \u2013 wie \u00fcbrigens bei vielen anderen grundlegenden ESG-Themen \u2013 werden digitale Menschenrechte auf den Pr\u00fcfstand gestellt. Einerseits k\u00f6nnen Apps, mit denen infizierte Personen aufgesp\u00fcrt werden k\u00f6nnen, Leben retten und zur Lockerung von Massnahmen zur Eind\u00e4mmung der Pandemie beitragen und somit der Wirtschaft helfen. Andererseits [&hellip;]<\/p>\n","protected":false},"author":5,"featured_media":3116,"comment_status":"closed","ping_status":"closed","sticky":false,"template":"","format":"standard","meta":{"_acf_changed":false,"_yoast_wpseo_focuskw":"SI Opener","_yoast_wpseo_metadesc":"Im SI Opener heisst es: \"Die Menge digitaler Daten kann ernsthafte Probleme in Bezug auf Datenschutz und Menschenrechte verursachen.","articlekey":"","footnotes":""},"categories":[580],"tags":[131,953,157,1443,1687,1948],"class_list":["post-10180","post","type-post","status-publish","format-standard","has-post-thumbnail","hentry","category-sustainability","tag-corona-krise","tag-covid-19","tag-digitalitaet","tag-investments","tag-menschenrechte","tag-privat-sphaere"],"acf":[],"yoast_head":"<!-- This site is optimized with the Yoast SEO plugin v27.5 - https:\/\/yoast.com\/product\/yoast-seo-wordpress\/ -->\n<title>SI Opener: Schutz digitaler Menschenrechte in der Zeit nach Covid-19 - Organisator<\/title>\n<meta name=\"description\" content=\"Im SI Opener heisst es: &quot;Die Menge digitaler Daten kann ernsthafte Probleme in Bezug auf Datenschutz und Menschenrechte verursachen.\" \/>\n<meta name=\"robots\" content=\"index, follow, max-snippet:-1, max-image-preview:large, max-video-preview:-1\" \/>\n<link rel=\"canonical\" href=\"https:\/\/www.organisator.ch\/it\/sostenibilita\/2020-06-05\/si-opener-schutz-digitaler-menschenrechte-in-der-zeit-nach-covid-19\/\" \/>\n<meta property=\"og:locale\" content=\"it_IT\" \/>\n<meta property=\"og:type\" content=\"article\" \/>\n<meta property=\"og:title\" content=\"SI Opener: Schutz digitaler Menschenrechte in der Zeit nach Covid-19 - Organisator\" \/>\n<meta property=\"og:description\" content=\"Im SI Opener heisst es: &quot;Die Menge digitaler Daten kann ernsthafte Probleme in Bezug auf Datenschutz und Menschenrechte verursachen.\" \/>\n<meta property=\"og:url\" content=\"https:\/\/www.organisator.ch\/it\/sostenibilita\/2020-06-05\/si-opener-schutz-digitaler-menschenrechte-in-der-zeit-nach-covid-19\/\" \/>\n<meta property=\"og:site_name\" content=\"Organisator\" \/>\n<meta property=\"article:publisher\" content=\"https:\/\/www.facebook.com\/OrganisatorFachmagazin\" \/>\n<meta property=\"article:published_time\" content=\"2020-06-05T07:41:55+00:00\" \/>\n<meta property=\"article:modified_time\" content=\"2022-02-09T10:09:58+00:00\" \/>\n<meta property=\"og:image\" content=\"https:\/\/www.organisator.ch\/wp-content\/uploads\/2020\/06\/digitialitaet-menschenrechte-up-umwelt-perspektiven-scaled.jpg\" \/>\n\t<meta property=\"og:image:width\" content=\"2560\" \/>\n\t<meta property=\"og:image:height\" content=\"1736\" \/>\n\t<meta property=\"og:image:type\" content=\"image\/jpeg\" \/>\n<meta name=\"author\" content=\"michael.merz\" \/>\n<meta name=\"twitter:card\" content=\"summary_large_image\" \/>\n<script type=\"application\/ld+json\" class=\"yoast-schema-graph\">{\"@context\":\"https:\\\/\\\/schema.org\",\"@graph\":[{\"@type\":\"Article\",\"@id\":\"https:\\\/\\\/www.organisator.ch\\\/sustainability\\\/2020-06-05\\\/si-opener-schutz-digitaler-menschenrechte-in-der-zeit-nach-covid-19\\\/#article\",\"isPartOf\":{\"@id\":\"https:\\\/\\\/www.organisator.ch\\\/sustainability\\\/2020-06-05\\\/si-opener-schutz-digitaler-menschenrechte-in-der-zeit-nach-covid-19\\\/\"},\"author\":{\"name\":\"michael.merz\",\"@id\":\"https:\\\/\\\/www.organisator.ch\\\/#\\\/schema\\\/person\\\/134708ca9321c57b0362cceb7948ffbd\"},\"headline\":\"SI Opener: Schutz digitaler Menschenrechte in der Zeit nach Covid-19\",\"datePublished\":\"2020-06-05T07:41:55+00:00\",\"dateModified\":\"2022-02-09T10:09:58+00:00\",\"mainEntityOfPage\":{\"@id\":\"https:\\\/\\\/www.organisator.ch\\\/sustainability\\\/2020-06-05\\\/si-opener-schutz-digitaler-menschenrechte-in-der-zeit-nach-covid-19\\\/\"},\"wordCount\":1284,\"publisher\":{\"@id\":\"https:\\\/\\\/www.organisator.ch\\\/#organization\"},\"image\":{\"@id\":\"https:\\\/\\\/www.organisator.ch\\\/sustainability\\\/2020-06-05\\\/si-opener-schutz-digitaler-menschenrechte-in-der-zeit-nach-covid-19\\\/#primaryimage\"},\"thumbnailUrl\":\"https:\\\/\\\/www.organisator.ch\\\/wp-content\\\/uploads\\\/2020\\\/06\\\/digitialitaet-menschenrechte-up-umwelt-perspektiven-scaled.jpg\",\"keywords\":[\"Corona-Krise\",\"Covid-19\",\"Digitalit\u00e4t\",\"Investments\",\"Menschenrechte\",\"Privat Sph\u00e4re\"],\"articleSection\":[\"SUSTAINABILITY\"],\"inLanguage\":\"it-IT\"},{\"@type\":\"WebPage\",\"@id\":\"https:\\\/\\\/www.organisator.ch\\\/sustainability\\\/2020-06-05\\\/si-opener-schutz-digitaler-menschenrechte-in-der-zeit-nach-covid-19\\\/\",\"url\":\"https:\\\/\\\/www.organisator.ch\\\/sustainability\\\/2020-06-05\\\/si-opener-schutz-digitaler-menschenrechte-in-der-zeit-nach-covid-19\\\/\",\"name\":\"SI Opener: Schutz digitaler Menschenrechte in der Zeit nach Covid-19 - Organisator\",\"isPartOf\":{\"@id\":\"https:\\\/\\\/www.organisator.ch\\\/#website\"},\"primaryImageOfPage\":{\"@id\":\"https:\\\/\\\/www.organisator.ch\\\/sustainability\\\/2020-06-05\\\/si-opener-schutz-digitaler-menschenrechte-in-der-zeit-nach-covid-19\\\/#primaryimage\"},\"image\":{\"@id\":\"https:\\\/\\\/www.organisator.ch\\\/sustainability\\\/2020-06-05\\\/si-opener-schutz-digitaler-menschenrechte-in-der-zeit-nach-covid-19\\\/#primaryimage\"},\"thumbnailUrl\":\"https:\\\/\\\/www.organisator.ch\\\/wp-content\\\/uploads\\\/2020\\\/06\\\/digitialitaet-menschenrechte-up-umwelt-perspektiven-scaled.jpg\",\"datePublished\":\"2020-06-05T07:41:55+00:00\",\"dateModified\":\"2022-02-09T10:09:58+00:00\",\"description\":\"Im SI Opener heisst es: \\\"Die Menge digitaler Daten kann ernsthafte Probleme in Bezug auf Datenschutz und Menschenrechte verursachen.\",\"breadcrumb\":{\"@id\":\"https:\\\/\\\/www.organisator.ch\\\/sustainability\\\/2020-06-05\\\/si-opener-schutz-digitaler-menschenrechte-in-der-zeit-nach-covid-19\\\/#breadcrumb\"},\"inLanguage\":\"it-IT\",\"potentialAction\":[{\"@type\":\"ReadAction\",\"target\":[\"https:\\\/\\\/www.organisator.ch\\\/sustainability\\\/2020-06-05\\\/si-opener-schutz-digitaler-menschenrechte-in-der-zeit-nach-covid-19\\\/\"]}]},{\"@type\":\"ImageObject\",\"inLanguage\":\"it-IT\",\"@id\":\"https:\\\/\\\/www.organisator.ch\\\/sustainability\\\/2020-06-05\\\/si-opener-schutz-digitaler-menschenrechte-in-der-zeit-nach-covid-19\\\/#primaryimage\",\"url\":\"https:\\\/\\\/www.organisator.ch\\\/wp-content\\\/uploads\\\/2020\\\/06\\\/digitialitaet-menschenrechte-up-umwelt-perspektiven-scaled.jpg\",\"contentUrl\":\"https:\\\/\\\/www.organisator.ch\\\/wp-content\\\/uploads\\\/2020\\\/06\\\/digitialitaet-menschenrechte-up-umwelt-perspektiven-scaled.jpg\",\"width\":2560,\"height\":1736},{\"@type\":\"BreadcrumbList\",\"@id\":\"https:\\\/\\\/www.organisator.ch\\\/sustainability\\\/2020-06-05\\\/si-opener-schutz-digitaler-menschenrechte-in-der-zeit-nach-covid-19\\\/#breadcrumb\",\"itemListElement\":[{\"@type\":\"ListItem\",\"position\":1,\"name\":\"Home\",\"item\":\"https:\\\/\\\/www.organisator.ch\\\/\"},{\"@type\":\"ListItem\",\"position\":2,\"name\":\"SI Opener: Schutz digitaler Menschenrechte in der Zeit nach Covid-19\"}]},{\"@type\":\"WebSite\",\"@id\":\"https:\\\/\\\/www.organisator.ch\\\/#website\",\"url\":\"https:\\\/\\\/www.organisator.ch\\\/\",\"name\":\"Organisator\",\"description\":\"Kompetent. Praxisnah. Der ORGANISATOR bereitet in 10 Ausgaben pro Jahr die wesentlichen Themen f\u00fcr F\u00fchrungskr\u00e4fte von KMU auf.\",\"publisher\":{\"@id\":\"https:\\\/\\\/www.organisator.ch\\\/#organization\"},\"potentialAction\":[{\"@type\":\"SearchAction\",\"target\":{\"@type\":\"EntryPoint\",\"urlTemplate\":\"https:\\\/\\\/www.organisator.ch\\\/?s={search_term_string}\"},\"query-input\":{\"@type\":\"PropertyValueSpecification\",\"valueRequired\":true,\"valueName\":\"search_term_string\"}}],\"inLanguage\":\"it-IT\"},{\"@type\":\"Organization\",\"@id\":\"https:\\\/\\\/www.organisator.ch\\\/#organization\",\"name\":\"Organisator\",\"url\":\"https:\\\/\\\/www.organisator.ch\\\/\",\"logo\":{\"@type\":\"ImageObject\",\"inLanguage\":\"it-IT\",\"@id\":\"https:\\\/\\\/www.organisator.ch\\\/#\\\/schema\\\/logo\\\/image\\\/\",\"url\":\"https:\\\/\\\/www.organisator.ch\\\/wp-content\\\/uploads\\\/2022\\\/01\\\/Logo_Organisator_Website.png\",\"contentUrl\":\"https:\\\/\\\/www.organisator.ch\\\/wp-content\\\/uploads\\\/2022\\\/01\\\/Logo_Organisator_Website.png\",\"width\":800,\"height\":77,\"caption\":\"Organisator\"},\"image\":{\"@id\":\"https:\\\/\\\/www.organisator.ch\\\/#\\\/schema\\\/logo\\\/image\\\/\"},\"sameAs\":[\"https:\\\/\\\/www.facebook.com\\\/OrganisatorFachmagazin\",\"https:\\\/\\\/www.linkedin.com\\\/showcase\\\/organisator-das-magazin-fr-kmu\",\"https:\\\/\\\/www.xing.com\\\/news\\\/pages\\\/organisator-ch-695\",\"https:\\\/\\\/www.youtube.com\\\/channel\\\/UCGP2Sq0iWaZwT3BdIAQFYpw\"]},{\"@type\":\"Person\",\"@id\":\"https:\\\/\\\/www.organisator.ch\\\/#\\\/schema\\\/person\\\/134708ca9321c57b0362cceb7948ffbd\",\"name\":\"michael.merz\",\"image\":{\"@type\":\"ImageObject\",\"inLanguage\":\"it-IT\",\"@id\":\"https:\\\/\\\/secure.gravatar.com\\\/avatar\\\/?s=96&d=mm&r=g\",\"url\":\"https:\\\/\\\/secure.gravatar.com\\\/avatar\\\/?s=96&d=mm&r=g\",\"contentUrl\":\"https:\\\/\\\/secure.gravatar.com\\\/avatar\\\/?s=96&d=mm&r=g\",\"caption\":\"michael.merz\"},\"url\":\"https:\\\/\\\/www.organisator.ch\\\/it\\\/author\\\/michael-merz\\\/\"}]}<\/script>\n<!-- \/ Yoast SEO plugin. -->","yoast_head_json":{"title":"SI Opener: Proteggere i diritti umani digitali nell'era post-Covid 19 - Organizzatore","description":"L'apertura del SI afferma: \"La quantit\u00e0 di dati digitali pu\u00f2 causare seri problemi in termini di protezione dei dati e di diritti umani.","robots":{"index":"index","follow":"follow","max-snippet":"max-snippet:-1","max-image-preview":"max-image-preview:large","max-video-preview":"max-video-preview:-1"},"canonical":"https:\/\/www.organisator.ch\/it\/sostenibilita\/2020-06-05\/si-opener-schutz-digitaler-menschenrechte-in-der-zeit-nach-covid-19\/","og_locale":"it_IT","og_type":"article","og_title":"SI Opener: Schutz digitaler Menschenrechte in der Zeit nach Covid-19 - Organisator","og_description":"Im SI Opener heisst es: \"Die Menge digitaler Daten kann ernsthafte Probleme in Bezug auf Datenschutz und Menschenrechte verursachen.","og_url":"https:\/\/www.organisator.ch\/it\/sostenibilita\/2020-06-05\/si-opener-schutz-digitaler-menschenrechte-in-der-zeit-nach-covid-19\/","og_site_name":"Organisator","article_publisher":"https:\/\/www.facebook.com\/OrganisatorFachmagazin","article_published_time":"2020-06-05T07:41:55+00:00","article_modified_time":"2022-02-09T10:09:58+00:00","og_image":[{"width":2560,"height":1736,"url":"https:\/\/www.organisator.ch\/wp-content\/uploads\/2020\/06\/digitialitaet-menschenrechte-up-umwelt-perspektiven-scaled.jpg","type":"image\/jpeg"}],"author":"michael.merz","twitter_card":"summary_large_image","schema":{"@context":"https:\/\/schema.org","@graph":[{"@type":"Article","@id":"https:\/\/www.organisator.ch\/sustainability\/2020-06-05\/si-opener-schutz-digitaler-menschenrechte-in-der-zeit-nach-covid-19\/#article","isPartOf":{"@id":"https:\/\/www.organisator.ch\/sustainability\/2020-06-05\/si-opener-schutz-digitaler-menschenrechte-in-der-zeit-nach-covid-19\/"},"author":{"name":"michael.merz","@id":"https:\/\/www.organisator.ch\/#\/schema\/person\/134708ca9321c57b0362cceb7948ffbd"},"headline":"SI Opener: Schutz digitaler Menschenrechte in der Zeit nach Covid-19","datePublished":"2020-06-05T07:41:55+00:00","dateModified":"2022-02-09T10:09:58+00:00","mainEntityOfPage":{"@id":"https:\/\/www.organisator.ch\/sustainability\/2020-06-05\/si-opener-schutz-digitaler-menschenrechte-in-der-zeit-nach-covid-19\/"},"wordCount":1284,"publisher":{"@id":"https:\/\/www.organisator.ch\/#organization"},"image":{"@id":"https:\/\/www.organisator.ch\/sustainability\/2020-06-05\/si-opener-schutz-digitaler-menschenrechte-in-der-zeit-nach-covid-19\/#primaryimage"},"thumbnailUrl":"https:\/\/www.organisator.ch\/wp-content\/uploads\/2020\/06\/digitialitaet-menschenrechte-up-umwelt-perspektiven-scaled.jpg","keywords":["Corona-Krise","Covid-19","Digitalit\u00e4t","Investments","Menschenrechte","Privat Sph\u00e4re"],"articleSection":["SUSTAINABILITY"],"inLanguage":"it-IT"},{"@type":"WebPage","@id":"https:\/\/www.organisator.ch\/sustainability\/2020-06-05\/si-opener-schutz-digitaler-menschenrechte-in-der-zeit-nach-covid-19\/","url":"https:\/\/www.organisator.ch\/sustainability\/2020-06-05\/si-opener-schutz-digitaler-menschenrechte-in-der-zeit-nach-covid-19\/","name":"SI Opener: Proteggere i diritti umani digitali nell'era post-Covid 19 - Organizzatore","isPartOf":{"@id":"https:\/\/www.organisator.ch\/#website"},"primaryImageOfPage":{"@id":"https:\/\/www.organisator.ch\/sustainability\/2020-06-05\/si-opener-schutz-digitaler-menschenrechte-in-der-zeit-nach-covid-19\/#primaryimage"},"image":{"@id":"https:\/\/www.organisator.ch\/sustainability\/2020-06-05\/si-opener-schutz-digitaler-menschenrechte-in-der-zeit-nach-covid-19\/#primaryimage"},"thumbnailUrl":"https:\/\/www.organisator.ch\/wp-content\/uploads\/2020\/06\/digitialitaet-menschenrechte-up-umwelt-perspektiven-scaled.jpg","datePublished":"2020-06-05T07:41:55+00:00","dateModified":"2022-02-09T10:09:58+00:00","description":"L'apertura del SI afferma: \"La quantit\u00e0 di dati digitali pu\u00f2 causare seri problemi in termini di protezione dei dati e di diritti umani.","breadcrumb":{"@id":"https:\/\/www.organisator.ch\/sustainability\/2020-06-05\/si-opener-schutz-digitaler-menschenrechte-in-der-zeit-nach-covid-19\/#breadcrumb"},"inLanguage":"it-IT","potentialAction":[{"@type":"ReadAction","target":["https:\/\/www.organisator.ch\/sustainability\/2020-06-05\/si-opener-schutz-digitaler-menschenrechte-in-der-zeit-nach-covid-19\/"]}]},{"@type":"ImageObject","inLanguage":"it-IT","@id":"https:\/\/www.organisator.ch\/sustainability\/2020-06-05\/si-opener-schutz-digitaler-menschenrechte-in-der-zeit-nach-covid-19\/#primaryimage","url":"https:\/\/www.organisator.ch\/wp-content\/uploads\/2020\/06\/digitialitaet-menschenrechte-up-umwelt-perspektiven-scaled.jpg","contentUrl":"https:\/\/www.organisator.ch\/wp-content\/uploads\/2020\/06\/digitialitaet-menschenrechte-up-umwelt-perspektiven-scaled.jpg","width":2560,"height":1736},{"@type":"BreadcrumbList","@id":"https:\/\/www.organisator.ch\/sustainability\/2020-06-05\/si-opener-schutz-digitaler-menschenrechte-in-der-zeit-nach-covid-19\/#breadcrumb","itemListElement":[{"@type":"ListItem","position":1,"name":"Home","item":"https:\/\/www.organisator.ch\/"},{"@type":"ListItem","position":2,"name":"SI Opener: Schutz digitaler Menschenrechte in der Zeit nach Covid-19"}]},{"@type":"WebSite","@id":"https:\/\/www.organisator.ch\/#website","url":"https:\/\/www.organisator.ch\/","name":"Organizzatore","description":"Competente. Pratico. In 10 numeri all'anno, ORGANISATOR presenta i temi essenziali per i manager delle PMI.","publisher":{"@id":"https:\/\/www.organisator.ch\/#organization"},"potentialAction":[{"@type":"SearchAction","target":{"@type":"EntryPoint","urlTemplate":"https:\/\/www.organisator.ch\/?s={search_term_string}"},"query-input":{"@type":"PropertyValueSpecification","valueRequired":true,"valueName":"search_term_string"}}],"inLanguage":"it-IT"},{"@type":"Organization","@id":"https:\/\/www.organisator.ch\/#organization","name":"Organizzatore","url":"https:\/\/www.organisator.ch\/","logo":{"@type":"ImageObject","inLanguage":"it-IT","@id":"https:\/\/www.organisator.ch\/#\/schema\/logo\/image\/","url":"https:\/\/www.organisator.ch\/wp-content\/uploads\/2022\/01\/Logo_Organisator_Website.png","contentUrl":"https:\/\/www.organisator.ch\/wp-content\/uploads\/2022\/01\/Logo_Organisator_Website.png","width":800,"height":77,"caption":"Organisator"},"image":{"@id":"https:\/\/www.organisator.ch\/#\/schema\/logo\/image\/"},"sameAs":["https:\/\/www.facebook.com\/OrganisatorFachmagazin","https:\/\/www.linkedin.com\/showcase\/organisator-das-magazin-fr-kmu","https:\/\/www.xing.com\/news\/pages\/organisator-ch-695","https:\/\/www.youtube.com\/channel\/UCGP2Sq0iWaZwT3BdIAQFYpw"]},{"@type":"Person","@id":"https:\/\/www.organisator.ch\/#\/schema\/person\/134708ca9321c57b0362cceb7948ffbd","name":"michael.merz","image":{"@type":"ImageObject","inLanguage":"it-IT","@id":"https:\/\/secure.gravatar.com\/avatar\/?s=96&d=mm&r=g","url":"https:\/\/secure.gravatar.com\/avatar\/?s=96&d=mm&r=g","contentUrl":"https:\/\/secure.gravatar.com\/avatar\/?s=96&d=mm&r=g","caption":"michael.merz"},"url":"https:\/\/www.organisator.ch\/it\/author\/michael-merz\/"}]}},"_links":{"self":[{"href":"https:\/\/www.organisator.ch\/it\/wp-json\/wp\/v2\/posts\/10180","targetHints":{"allow":["GET"]}}],"collection":[{"href":"https:\/\/www.organisator.ch\/it\/wp-json\/wp\/v2\/posts"}],"about":[{"href":"https:\/\/www.organisator.ch\/it\/wp-json\/wp\/v2\/types\/post"}],"author":[{"embeddable":true,"href":"https:\/\/www.organisator.ch\/it\/wp-json\/wp\/v2\/users\/5"}],"replies":[{"embeddable":true,"href":"https:\/\/www.organisator.ch\/it\/wp-json\/wp\/v2\/comments?post=10180"}],"version-history":[{"count":1,"href":"https:\/\/www.organisator.ch\/it\/wp-json\/wp\/v2\/posts\/10180\/revisions"}],"predecessor-version":[{"id":10834,"href":"https:\/\/www.organisator.ch\/it\/wp-json\/wp\/v2\/posts\/10180\/revisions\/10834"}],"wp:featuredmedia":[{"embeddable":true,"href":"https:\/\/www.organisator.ch\/it\/wp-json\/wp\/v2\/media\/3116"}],"wp:attachment":[{"href":"https:\/\/www.organisator.ch\/it\/wp-json\/wp\/v2\/media?parent=10180"}],"wp:term":[{"taxonomy":"category","embeddable":true,"href":"https:\/\/www.organisator.ch\/it\/wp-json\/wp\/v2\/categories?post=10180"},{"taxonomy":"post_tag","embeddable":true,"href":"https:\/\/www.organisator.ch\/it\/wp-json\/wp\/v2\/tags?post=10180"}],"curies":[{"name":"wp","href":"https:\/\/api.w.org\/{rel}","templated":true}]}}