{"id":10185,"date":"2020-06-17T11:36:12","date_gmt":"2020-06-17T09:36:12","guid":{"rendered":"https:\/\/www.umweltperspektiven.ch\/?p=3148"},"modified":"2022-02-09T11:05:33","modified_gmt":"2022-02-09T10:05:33","slug":"fahrzeug-lebenszykluskosten-abfallsammelfahrzeuge-aufbaukehrmaschinen-und-antriebssysteme","status":"publish","type":"post","link":"https:\/\/www.organisator.ch\/it\/sustainability\/2020-06-17\/fahrzeug-lebenszykluskosten-abfallsammelfahrzeuge-aufbaukehrmaschinen-und-antriebssysteme\/","title":{"rendered":"Costi del ciclo di vita dei veicoli: veicoli per la raccolta dei rifiuti, spazzatrici montate su camion e sistemi di azionamento"},"content":{"rendered":"<figure id=\"attachment_3149\" aria-describedby=\"caption-attachment-3149\" style=\"width: 680px\" class=\"wp-caption alignnone\"><img loading=\"lazy\" decoding=\"async\" class=\"size-medium wp-image-3149\" src=\"\/\/www.umweltperspektiven.ch\/wp-content\/uploads\/2020\/06\/Fahrzeug-Lebenszykluskosten-UP_Umwelt-Perspektiven.jpg\" alt=\"\" width=\"680\" height=\"453\" srcset=\"https:\/\/www.organisator.ch\/wp-content\/uploads\/2020\/06\/Fahrzeug-Lebenszykluskosten-UP_Umwelt-Perspektiven.jpg 2449w, https:\/\/www.organisator.ch\/wp-content\/uploads\/2020\/06\/Fahrzeug-Lebenszykluskosten-UP_Umwelt-Perspektiven-680x453.jpg 680w, https:\/\/www.organisator.ch\/wp-content\/uploads\/2020\/06\/Fahrzeug-Lebenszykluskosten-UP_Umwelt-Perspektiven-1024x682.jpg 1024w, https:\/\/www.organisator.ch\/wp-content\/uploads\/2020\/06\/Fahrzeug-Lebenszykluskosten-UP_Umwelt-Perspektiven-768x512.jpg 768w, https:\/\/www.organisator.ch\/wp-content\/uploads\/2020\/06\/Fahrzeug-Lebenszykluskosten-UP_Umwelt-Perspektiven-1536x1024.jpg 1536w, https:\/\/www.organisator.ch\/wp-content\/uploads\/2020\/06\/Fahrzeug-Lebenszykluskosten-UP_Umwelt-Perspektiven-2048x1365.jpg 2048w, https:\/\/www.organisator.ch\/wp-content\/uploads\/2020\/06\/Fahrzeug-Lebenszykluskosten-UP_Umwelt-Perspektiven-18x12.jpg 18w, https:\/\/www.organisator.ch\/wp-content\/uploads\/2020\/06\/Fahrzeug-Lebenszykluskosten-UP_Umwelt-Perspektiven-263x175.jpg 263w, https:\/\/www.organisator.ch\/wp-content\/uploads\/2020\/06\/Fahrzeug-Lebenszykluskosten-UP_Umwelt-Perspektiven-525x350.jpg 525w, https:\/\/www.organisator.ch\/wp-content\/uploads\/2020\/06\/Fahrzeug-Lebenszykluskosten-UP_Umwelt-Perspektiven-1200x800.jpg 1200w, https:\/\/www.organisator.ch\/wp-content\/uploads\/2020\/06\/Fahrzeug-Lebenszykluskosten-UP_Umwelt-Perspektiven-920x613.jpg 920w, https:\/\/www.organisator.ch\/wp-content\/uploads\/2020\/06\/Fahrzeug-Lebenszykluskosten-UP_Umwelt-Perspektiven-1400x933.jpg 1400w, https:\/\/www.organisator.ch\/wp-content\/uploads\/2020\/06\/Fahrzeug-Lebenszykluskosten-UP_Umwelt-Perspektiven-300x200.jpg 300w\" sizes=\"auto, (max-width: 680px) 100vw, 680px\" \/><figcaption id=\"caption-attachment-3149\" class=\"wp-caption-text\">Il seminario online \"Calcolo dei costi del ciclo di vita dei veicoli\" avr\u00e0 luogo. (Immagine: Unsplash)<\/figcaption><\/figure>\n<p>Che si tratti di veicoli per la raccolta dei rifiuti, di contenitori per i rifiuti, di spazzatrici montate su autocarro e di sistemi di azionamento, tutto ruota intorno ai costi del ciclo di vita dei veicoli. Coloro che sono ancora interessati ai sistemi di trasmissione alternativi potranno conoscere i vantaggi e gli svantaggi dei nuovi sistemi di trasmissione il 22 luglio. Una buona preparazione \u00e8 il seminario online di due ore sulle tecnologie dell'idrogeno del 23 giugno. Fornisce informazioni sulle propriet\u00e0, la produzione e il trasporto.<\/p>\n<p><strong>Seminario sulla carrozzeria dei veicoli\u00a0<\/strong><\/p>\n<p>I partecipanti al seminario online \"Persona qualificata secondo il regolamento DGUV 70 (esperto)\" imparano a valutare la sicurezza operativa dei veicoli per la raccolta dei rifiuti. Dopo aver partecipato a questo corso, i partecipanti saranno in grado di ispezionare autonomamente la carrozzeria di un veicolo con compattatore e sollevatore come persona competente.<\/p>\n<p>I sistemi di identificazione creano ordine e hanno un effetto di guida. Rintracciano tutti i cestini \"neri\" lungo le strade. Spesso ce ne sono un numero incredibile. Riceverete informazioni legali e tecniche in diretta su Internet il 15 luglio. I sistemi a pavimento sono poco ingombranti, privi di barriere e contribuiscono all'estetica dell'ambiente.<\/p>\n<p>Sebbene l'acquisto di sistemi a pavimento sia considerato costoso, promette anche molti risparmi. I dettagli su cosa aspettarsi saranno chiariti nel seminario online del 20 luglio.<\/p>\n<p><em>Per i conducenti di spazzatrici autocarrate, kommunalwirtschaft.eu offre ancora corsi di formazione in estate, il 30 giugno a Herne e il 14 luglio ad Hannover. Il corso di formazione per istruttori di tre giorni sulla qualificazione professionale dei conducenti si terr\u00e0 dal 5 al 7 ottobre a Berlino. La sola modifica della legge offrir\u00e0 molti spunti di discussione.<\/em><\/p>\n<table style=\"height: 132px;\" width=\"1007\">\n<tbody>\n<tr>\n<td><a href=\"\/\/kommunalwirtschaft.eu\/veranstaltungen\/fuhrparkmanager\/15121-berechnen-der-fahrzeug-lebenszykluskosten\">Seminario online \"Calcolo dei costi del ciclo di vita del veicolo<\/a><\/td>\n<\/tr>\n<tr>\n<td><\/td>\n<\/tr>\n<tr>\n<td><\/td>\n<\/tr>\n<\/tbody>\n<\/table>","protected":false},"excerpt":{"rendered":"<p>Ob Abfallsammelfahrzeuge, Abfallbeh\u00e4lter, Aufbaukehrmaschinen und Antriebssysteme &#8211; \u00fcberall dreht es sich um die Fahrzeug-Lebenszykluskosten. Wer sich noch f\u00fcr alternative Antriebe interessiert, kann sich am 22. Juli mit den Vor- und Nachteilen der neuen Antriebssysteme befassen. Eine gute Vorbereitung ist schon das zweist\u00fcndige Online-Seminar Wasserstofftechnologien am 23. Juni. Es informiert \u00fcber Eigenschaften, Erzeugung und Transport. Seminar [&hellip;]<\/p>\n","protected":false},"author":5,"featured_media":3149,"comment_status":"closed","ping_status":"closed","sticky":false,"template":"","format":"standard","meta":{"_acf_changed":false,"_yoast_wpseo_focuskw":"Fahrzeug-Lebenszykluskosten","_yoast_wpseo_metadesc":"eider musste das Seminar \"Berechnen der Fahrzeug-Lebenszykluskosten\" durch die kommunalwirtschaft.eu mehrmals verschoben werden. Jetzt gibt es neue Termine.","articlekey":"","footnotes":""},"categories":[580],"tags":[658,1154,1547,1561,1612,366,2107],"class_list":["post-10185","post","type-post","status-publish","format-standard","has-post-thumbnail","hentry","category-sustainability","tag-abfallwagen","tag-fahrzeug","tag-kommunalfahrzeuge","tag-kosten","tag-lebenszyklus","tag-online","tag-seminare"],"acf":[],"yoast_head":"<!-- This site is optimized with the Yoast SEO plugin v27.4 - https:\/\/yoast.com\/product\/yoast-seo-wordpress\/ -->\n<title>Fahrzeug-Lebenszykluskosten: Abfallsammelfahrzeuge, Aufbaukehrmaschinen und Antriebssysteme - Organisator<\/title>\n<meta name=\"description\" content=\"eider musste das Seminar &quot;Berechnen der Fahrzeug-Lebenszykluskosten&quot; durch die kommunalwirtschaft.eu mehrmals verschoben werden. Jetzt gibt es neue Termine.\" \/>\n<meta name=\"robots\" content=\"index, follow, max-snippet:-1, max-image-preview:large, max-video-preview:-1\" \/>\n<link rel=\"canonical\" href=\"https:\/\/www.organisator.ch\/it\/sostenibilita\/2020-06-17\/fahrzeug-lebenszykluskosten-abfallsammelfahrzeuge-aufbaukehrmaschinen-und-antriebssysteme\/\" \/>\n<meta property=\"og:locale\" content=\"it_IT\" \/>\n<meta property=\"og:type\" content=\"article\" \/>\n<meta property=\"og:title\" content=\"Fahrzeug-Lebenszykluskosten: Abfallsammelfahrzeuge, Aufbaukehrmaschinen und Antriebssysteme - Organisator\" \/>\n<meta property=\"og:description\" content=\"eider musste das Seminar &quot;Berechnen der Fahrzeug-Lebenszykluskosten&quot; durch die kommunalwirtschaft.eu mehrmals verschoben werden. Jetzt gibt es neue Termine.\" \/>\n<meta property=\"og:url\" content=\"https:\/\/www.organisator.ch\/it\/sostenibilita\/2020-06-17\/fahrzeug-lebenszykluskosten-abfallsammelfahrzeuge-aufbaukehrmaschinen-und-antriebssysteme\/\" \/>\n<meta property=\"og:site_name\" content=\"Organisator\" \/>\n<meta property=\"article:publisher\" content=\"https:\/\/www.facebook.com\/OrganisatorFachmagazin\" \/>\n<meta property=\"article:published_time\" content=\"2020-06-17T09:36:12+00:00\" \/>\n<meta property=\"article:modified_time\" content=\"2022-02-09T10:05:33+00:00\" \/>\n<meta property=\"og:image\" content=\"https:\/\/www.organisator.ch\/wp-content\/uploads\/2020\/06\/Fahrzeug-Lebenszykluskosten-UP_Umwelt-Perspektiven.jpg\" \/>\n\t<meta property=\"og:image:width\" content=\"2449\" \/>\n\t<meta property=\"og:image:height\" content=\"1632\" \/>\n\t<meta property=\"og:image:type\" content=\"image\/jpeg\" \/>\n<meta name=\"author\" content=\"michael.merz\" \/>\n<meta name=\"twitter:card\" content=\"summary_large_image\" \/>\n<script type=\"application\/ld+json\" class=\"yoast-schema-graph\">{\"@context\":\"https:\\\/\\\/schema.org\",\"@graph\":[{\"@type\":\"Article\",\"@id\":\"https:\\\/\\\/www.organisator.ch\\\/sustainability\\\/2020-06-17\\\/fahrzeug-lebenszykluskosten-abfallsammelfahrzeuge-aufbaukehrmaschinen-und-antriebssysteme\\\/#article\",\"isPartOf\":{\"@id\":\"https:\\\/\\\/www.organisator.ch\\\/sustainability\\\/2020-06-17\\\/fahrzeug-lebenszykluskosten-abfallsammelfahrzeuge-aufbaukehrmaschinen-und-antriebssysteme\\\/\"},\"author\":{\"name\":\"michael.merz\",\"@id\":\"https:\\\/\\\/www.organisator.ch\\\/#\\\/schema\\\/person\\\/134708ca9321c57b0362cceb7948ffbd\"},\"headline\":\"Fahrzeug-Lebenszykluskosten: Abfallsammelfahrzeuge, Aufbaukehrmaschinen und Antriebssysteme\",\"datePublished\":\"2020-06-17T09:36:12+00:00\",\"dateModified\":\"2022-02-09T10:05:33+00:00\",\"mainEntityOfPage\":{\"@id\":\"https:\\\/\\\/www.organisator.ch\\\/sustainability\\\/2020-06-17\\\/fahrzeug-lebenszykluskosten-abfallsammelfahrzeuge-aufbaukehrmaschinen-und-antriebssysteme\\\/\"},\"wordCount\":248,\"publisher\":{\"@id\":\"https:\\\/\\\/www.organisator.ch\\\/#organization\"},\"image\":{\"@id\":\"https:\\\/\\\/www.organisator.ch\\\/sustainability\\\/2020-06-17\\\/fahrzeug-lebenszykluskosten-abfallsammelfahrzeuge-aufbaukehrmaschinen-und-antriebssysteme\\\/#primaryimage\"},\"thumbnailUrl\":\"https:\\\/\\\/www.organisator.ch\\\/wp-content\\\/uploads\\\/2020\\\/06\\\/Fahrzeug-Lebenszykluskosten-UP_Umwelt-Perspektiven.jpg\",\"keywords\":[\"Abfallwagen\",\"Fahrzeug\",\"Kommunalfahrzeuge\",\"Kosten\",\"Lebenszyklus\",\"Online\",\"Seminare\"],\"articleSection\":[\"SUSTAINABILITY\"],\"inLanguage\":\"it-IT\"},{\"@type\":\"WebPage\",\"@id\":\"https:\\\/\\\/www.organisator.ch\\\/sustainability\\\/2020-06-17\\\/fahrzeug-lebenszykluskosten-abfallsammelfahrzeuge-aufbaukehrmaschinen-und-antriebssysteme\\\/\",\"url\":\"https:\\\/\\\/www.organisator.ch\\\/sustainability\\\/2020-06-17\\\/fahrzeug-lebenszykluskosten-abfallsammelfahrzeuge-aufbaukehrmaschinen-und-antriebssysteme\\\/\",\"name\":\"Fahrzeug-Lebenszykluskosten: Abfallsammelfahrzeuge, Aufbaukehrmaschinen und Antriebssysteme - Organisator\",\"isPartOf\":{\"@id\":\"https:\\\/\\\/www.organisator.ch\\\/#website\"},\"primaryImageOfPage\":{\"@id\":\"https:\\\/\\\/www.organisator.ch\\\/sustainability\\\/2020-06-17\\\/fahrzeug-lebenszykluskosten-abfallsammelfahrzeuge-aufbaukehrmaschinen-und-antriebssysteme\\\/#primaryimage\"},\"image\":{\"@id\":\"https:\\\/\\\/www.organisator.ch\\\/sustainability\\\/2020-06-17\\\/fahrzeug-lebenszykluskosten-abfallsammelfahrzeuge-aufbaukehrmaschinen-und-antriebssysteme\\\/#primaryimage\"},\"thumbnailUrl\":\"https:\\\/\\\/www.organisator.ch\\\/wp-content\\\/uploads\\\/2020\\\/06\\\/Fahrzeug-Lebenszykluskosten-UP_Umwelt-Perspektiven.jpg\",\"datePublished\":\"2020-06-17T09:36:12+00:00\",\"dateModified\":\"2022-02-09T10:05:33+00:00\",\"description\":\"eider musste das Seminar \\\"Berechnen der Fahrzeug-Lebenszykluskosten\\\" durch die kommunalwirtschaft.eu mehrmals verschoben werden. Jetzt gibt es neue Termine.\",\"breadcrumb\":{\"@id\":\"https:\\\/\\\/www.organisator.ch\\\/sustainability\\\/2020-06-17\\\/fahrzeug-lebenszykluskosten-abfallsammelfahrzeuge-aufbaukehrmaschinen-und-antriebssysteme\\\/#breadcrumb\"},\"inLanguage\":\"it-IT\",\"potentialAction\":[{\"@type\":\"ReadAction\",\"target\":[\"https:\\\/\\\/www.organisator.ch\\\/sustainability\\\/2020-06-17\\\/fahrzeug-lebenszykluskosten-abfallsammelfahrzeuge-aufbaukehrmaschinen-und-antriebssysteme\\\/\"]}]},{\"@type\":\"ImageObject\",\"inLanguage\":\"it-IT\",\"@id\":\"https:\\\/\\\/www.organisator.ch\\\/sustainability\\\/2020-06-17\\\/fahrzeug-lebenszykluskosten-abfallsammelfahrzeuge-aufbaukehrmaschinen-und-antriebssysteme\\\/#primaryimage\",\"url\":\"https:\\\/\\\/www.organisator.ch\\\/wp-content\\\/uploads\\\/2020\\\/06\\\/Fahrzeug-Lebenszykluskosten-UP_Umwelt-Perspektiven.jpg\",\"contentUrl\":\"https:\\\/\\\/www.organisator.ch\\\/wp-content\\\/uploads\\\/2020\\\/06\\\/Fahrzeug-Lebenszykluskosten-UP_Umwelt-Perspektiven.jpg\",\"width\":2449,\"height\":1632,\"caption\":\"Das Online-Seminar \\\"Berechnen der Fahrzeug-Lebenszykluskosten\\\" findet nun doch statt. (Bild: Unsplash)\"},{\"@type\":\"BreadcrumbList\",\"@id\":\"https:\\\/\\\/www.organisator.ch\\\/sustainability\\\/2020-06-17\\\/fahrzeug-lebenszykluskosten-abfallsammelfahrzeuge-aufbaukehrmaschinen-und-antriebssysteme\\\/#breadcrumb\",\"itemListElement\":[{\"@type\":\"ListItem\",\"position\":1,\"name\":\"Home\",\"item\":\"https:\\\/\\\/www.organisator.ch\\\/\"},{\"@type\":\"ListItem\",\"position\":2,\"name\":\"Fahrzeug-Lebenszykluskosten: Abfallsammelfahrzeuge, Aufbaukehrmaschinen und Antriebssysteme\"}]},{\"@type\":\"WebSite\",\"@id\":\"https:\\\/\\\/www.organisator.ch\\\/#website\",\"url\":\"https:\\\/\\\/www.organisator.ch\\\/\",\"name\":\"Organisator\",\"description\":\"Kompetent. Praxisnah. Der ORGANISATOR bereitet in 10 Ausgaben pro Jahr die wesentlichen Themen f\u00fcr F\u00fchrungskr\u00e4fte von KMU auf.\",\"publisher\":{\"@id\":\"https:\\\/\\\/www.organisator.ch\\\/#organization\"},\"potentialAction\":[{\"@type\":\"SearchAction\",\"target\":{\"@type\":\"EntryPoint\",\"urlTemplate\":\"https:\\\/\\\/www.organisator.ch\\\/?s={search_term_string}\"},\"query-input\":{\"@type\":\"PropertyValueSpecification\",\"valueRequired\":true,\"valueName\":\"search_term_string\"}}],\"inLanguage\":\"it-IT\"},{\"@type\":\"Organization\",\"@id\":\"https:\\\/\\\/www.organisator.ch\\\/#organization\",\"name\":\"Organisator\",\"url\":\"https:\\\/\\\/www.organisator.ch\\\/\",\"logo\":{\"@type\":\"ImageObject\",\"inLanguage\":\"it-IT\",\"@id\":\"https:\\\/\\\/www.organisator.ch\\\/#\\\/schema\\\/logo\\\/image\\\/\",\"url\":\"https:\\\/\\\/www.organisator.ch\\\/wp-content\\\/uploads\\\/2022\\\/01\\\/Logo_Organisator_Website.png\",\"contentUrl\":\"https:\\\/\\\/www.organisator.ch\\\/wp-content\\\/uploads\\\/2022\\\/01\\\/Logo_Organisator_Website.png\",\"width\":800,\"height\":77,\"caption\":\"Organisator\"},\"image\":{\"@id\":\"https:\\\/\\\/www.organisator.ch\\\/#\\\/schema\\\/logo\\\/image\\\/\"},\"sameAs\":[\"https:\\\/\\\/www.facebook.com\\\/OrganisatorFachmagazin\",\"https:\\\/\\\/www.linkedin.com\\\/showcase\\\/organisator-das-magazin-fr-kmu\",\"https:\\\/\\\/www.xing.com\\\/news\\\/pages\\\/organisator-ch-695\",\"https:\\\/\\\/www.youtube.com\\\/channel\\\/UCGP2Sq0iWaZwT3BdIAQFYpw\"]},{\"@type\":\"Person\",\"@id\":\"https:\\\/\\\/www.organisator.ch\\\/#\\\/schema\\\/person\\\/134708ca9321c57b0362cceb7948ffbd\",\"name\":\"michael.merz\",\"image\":{\"@type\":\"ImageObject\",\"inLanguage\":\"it-IT\",\"@id\":\"https:\\\/\\\/secure.gravatar.com\\\/avatar\\\/?s=96&d=mm&r=g\",\"url\":\"https:\\\/\\\/secure.gravatar.com\\\/avatar\\\/?s=96&d=mm&r=g\",\"contentUrl\":\"https:\\\/\\\/secure.gravatar.com\\\/avatar\\\/?s=96&d=mm&r=g\",\"caption\":\"michael.merz\"},\"url\":\"https:\\\/\\\/www.organisator.ch\\\/it\\\/author\\\/michael-merz\\\/\"}]}<\/script>\n<!-- \/ Yoast SEO plugin. -->","yoast_head_json":{"title":"Costi del ciclo di vita dei veicoli: veicoli per la raccolta dei rifiuti, spazzatrici autocarrate e sistemi di trazione - Organizzatore","description":"ebbene il seminario \"Calcolo dei costi del ciclo di vita dei veicoli\" sia stato rinviato pi\u00f9 volte da kommunalwirtschaft.eu. Ora ci sono nuove date.","robots":{"index":"index","follow":"follow","max-snippet":"max-snippet:-1","max-image-preview":"max-image-preview:large","max-video-preview":"max-video-preview:-1"},"canonical":"https:\/\/www.organisator.ch\/it\/sostenibilita\/2020-06-17\/fahrzeug-lebenszykluskosten-abfallsammelfahrzeuge-aufbaukehrmaschinen-und-antriebssysteme\/","og_locale":"it_IT","og_type":"article","og_title":"Fahrzeug-Lebenszykluskosten: Abfallsammelfahrzeuge, Aufbaukehrmaschinen und Antriebssysteme - Organisator","og_description":"eider musste das Seminar \"Berechnen der Fahrzeug-Lebenszykluskosten\" durch die kommunalwirtschaft.eu mehrmals verschoben werden. Jetzt gibt es neue Termine.","og_url":"https:\/\/www.organisator.ch\/it\/sostenibilita\/2020-06-17\/fahrzeug-lebenszykluskosten-abfallsammelfahrzeuge-aufbaukehrmaschinen-und-antriebssysteme\/","og_site_name":"Organisator","article_publisher":"https:\/\/www.facebook.com\/OrganisatorFachmagazin","article_published_time":"2020-06-17T09:36:12+00:00","article_modified_time":"2022-02-09T10:05:33+00:00","og_image":[{"width":2449,"height":1632,"url":"https:\/\/www.organisator.ch\/wp-content\/uploads\/2020\/06\/Fahrzeug-Lebenszykluskosten-UP_Umwelt-Perspektiven.jpg","type":"image\/jpeg"}],"author":"michael.merz","twitter_card":"summary_large_image","schema":{"@context":"https:\/\/schema.org","@graph":[{"@type":"Article","@id":"https:\/\/www.organisator.ch\/sustainability\/2020-06-17\/fahrzeug-lebenszykluskosten-abfallsammelfahrzeuge-aufbaukehrmaschinen-und-antriebssysteme\/#article","isPartOf":{"@id":"https:\/\/www.organisator.ch\/sustainability\/2020-06-17\/fahrzeug-lebenszykluskosten-abfallsammelfahrzeuge-aufbaukehrmaschinen-und-antriebssysteme\/"},"author":{"name":"michael.merz","@id":"https:\/\/www.organisator.ch\/#\/schema\/person\/134708ca9321c57b0362cceb7948ffbd"},"headline":"Fahrzeug-Lebenszykluskosten: Abfallsammelfahrzeuge, Aufbaukehrmaschinen und Antriebssysteme","datePublished":"2020-06-17T09:36:12+00:00","dateModified":"2022-02-09T10:05:33+00:00","mainEntityOfPage":{"@id":"https:\/\/www.organisator.ch\/sustainability\/2020-06-17\/fahrzeug-lebenszykluskosten-abfallsammelfahrzeuge-aufbaukehrmaschinen-und-antriebssysteme\/"},"wordCount":248,"publisher":{"@id":"https:\/\/www.organisator.ch\/#organization"},"image":{"@id":"https:\/\/www.organisator.ch\/sustainability\/2020-06-17\/fahrzeug-lebenszykluskosten-abfallsammelfahrzeuge-aufbaukehrmaschinen-und-antriebssysteme\/#primaryimage"},"thumbnailUrl":"https:\/\/www.organisator.ch\/wp-content\/uploads\/2020\/06\/Fahrzeug-Lebenszykluskosten-UP_Umwelt-Perspektiven.jpg","keywords":["Abfallwagen","Fahrzeug","Kommunalfahrzeuge","Kosten","Lebenszyklus","Online","Seminare"],"articleSection":["SUSTAINABILITY"],"inLanguage":"it-IT"},{"@type":"WebPage","@id":"https:\/\/www.organisator.ch\/sustainability\/2020-06-17\/fahrzeug-lebenszykluskosten-abfallsammelfahrzeuge-aufbaukehrmaschinen-und-antriebssysteme\/","url":"https:\/\/www.organisator.ch\/sustainability\/2020-06-17\/fahrzeug-lebenszykluskosten-abfallsammelfahrzeuge-aufbaukehrmaschinen-und-antriebssysteme\/","name":"Costi del ciclo di vita dei veicoli: veicoli per la raccolta dei rifiuti, spazzatrici autocarrate e sistemi di trazione - Organizzatore","isPartOf":{"@id":"https:\/\/www.organisator.ch\/#website"},"primaryImageOfPage":{"@id":"https:\/\/www.organisator.ch\/sustainability\/2020-06-17\/fahrzeug-lebenszykluskosten-abfallsammelfahrzeuge-aufbaukehrmaschinen-und-antriebssysteme\/#primaryimage"},"image":{"@id":"https:\/\/www.organisator.ch\/sustainability\/2020-06-17\/fahrzeug-lebenszykluskosten-abfallsammelfahrzeuge-aufbaukehrmaschinen-und-antriebssysteme\/#primaryimage"},"thumbnailUrl":"https:\/\/www.organisator.ch\/wp-content\/uploads\/2020\/06\/Fahrzeug-Lebenszykluskosten-UP_Umwelt-Perspektiven.jpg","datePublished":"2020-06-17T09:36:12+00:00","dateModified":"2022-02-09T10:05:33+00:00","description":"ebbene il seminario \"Calcolo dei costi del ciclo di vita dei veicoli\" sia stato rinviato pi\u00f9 volte da kommunalwirtschaft.eu. Ora ci sono nuove date.","breadcrumb":{"@id":"https:\/\/www.organisator.ch\/sustainability\/2020-06-17\/fahrzeug-lebenszykluskosten-abfallsammelfahrzeuge-aufbaukehrmaschinen-und-antriebssysteme\/#breadcrumb"},"inLanguage":"it-IT","potentialAction":[{"@type":"ReadAction","target":["https:\/\/www.organisator.ch\/sustainability\/2020-06-17\/fahrzeug-lebenszykluskosten-abfallsammelfahrzeuge-aufbaukehrmaschinen-und-antriebssysteme\/"]}]},{"@type":"ImageObject","inLanguage":"it-IT","@id":"https:\/\/www.organisator.ch\/sustainability\/2020-06-17\/fahrzeug-lebenszykluskosten-abfallsammelfahrzeuge-aufbaukehrmaschinen-und-antriebssysteme\/#primaryimage","url":"https:\/\/www.organisator.ch\/wp-content\/uploads\/2020\/06\/Fahrzeug-Lebenszykluskosten-UP_Umwelt-Perspektiven.jpg","contentUrl":"https:\/\/www.organisator.ch\/wp-content\/uploads\/2020\/06\/Fahrzeug-Lebenszykluskosten-UP_Umwelt-Perspektiven.jpg","width":2449,"height":1632,"caption":"Das Online-Seminar \"Berechnen der Fahrzeug-Lebenszykluskosten\" findet nun doch statt. (Bild: Unsplash)"},{"@type":"BreadcrumbList","@id":"https:\/\/www.organisator.ch\/sustainability\/2020-06-17\/fahrzeug-lebenszykluskosten-abfallsammelfahrzeuge-aufbaukehrmaschinen-und-antriebssysteme\/#breadcrumb","itemListElement":[{"@type":"ListItem","position":1,"name":"Home","item":"https:\/\/www.organisator.ch\/"},{"@type":"ListItem","position":2,"name":"Fahrzeug-Lebenszykluskosten: Abfallsammelfahrzeuge, Aufbaukehrmaschinen und Antriebssysteme"}]},{"@type":"WebSite","@id":"https:\/\/www.organisator.ch\/#website","url":"https:\/\/www.organisator.ch\/","name":"Organizzatore","description":"Competente. Pratico. In 10 numeri all'anno, ORGANISATOR presenta i temi essenziali per i manager delle PMI.","publisher":{"@id":"https:\/\/www.organisator.ch\/#organization"},"potentialAction":[{"@type":"SearchAction","target":{"@type":"EntryPoint","urlTemplate":"https:\/\/www.organisator.ch\/?s={search_term_string}"},"query-input":{"@type":"PropertyValueSpecification","valueRequired":true,"valueName":"search_term_string"}}],"inLanguage":"it-IT"},{"@type":"Organization","@id":"https:\/\/www.organisator.ch\/#organization","name":"Organizzatore","url":"https:\/\/www.organisator.ch\/","logo":{"@type":"ImageObject","inLanguage":"it-IT","@id":"https:\/\/www.organisator.ch\/#\/schema\/logo\/image\/","url":"https:\/\/www.organisator.ch\/wp-content\/uploads\/2022\/01\/Logo_Organisator_Website.png","contentUrl":"https:\/\/www.organisator.ch\/wp-content\/uploads\/2022\/01\/Logo_Organisator_Website.png","width":800,"height":77,"caption":"Organisator"},"image":{"@id":"https:\/\/www.organisator.ch\/#\/schema\/logo\/image\/"},"sameAs":["https:\/\/www.facebook.com\/OrganisatorFachmagazin","https:\/\/www.linkedin.com\/showcase\/organisator-das-magazin-fr-kmu","https:\/\/www.xing.com\/news\/pages\/organisator-ch-695","https:\/\/www.youtube.com\/channel\/UCGP2Sq0iWaZwT3BdIAQFYpw"]},{"@type":"Person","@id":"https:\/\/www.organisator.ch\/#\/schema\/person\/134708ca9321c57b0362cceb7948ffbd","name":"michael.merz","image":{"@type":"ImageObject","inLanguage":"it-IT","@id":"https:\/\/secure.gravatar.com\/avatar\/?s=96&d=mm&r=g","url":"https:\/\/secure.gravatar.com\/avatar\/?s=96&d=mm&r=g","contentUrl":"https:\/\/secure.gravatar.com\/avatar\/?s=96&d=mm&r=g","caption":"michael.merz"},"url":"https:\/\/www.organisator.ch\/it\/author\/michael-merz\/"}]}},"_links":{"self":[{"href":"https:\/\/www.organisator.ch\/it\/wp-json\/wp\/v2\/posts\/10185","targetHints":{"allow":["GET"]}}],"collection":[{"href":"https:\/\/www.organisator.ch\/it\/wp-json\/wp\/v2\/posts"}],"about":[{"href":"https:\/\/www.organisator.ch\/it\/wp-json\/wp\/v2\/types\/post"}],"author":[{"embeddable":true,"href":"https:\/\/www.organisator.ch\/it\/wp-json\/wp\/v2\/users\/5"}],"replies":[{"embeddable":true,"href":"https:\/\/www.organisator.ch\/it\/wp-json\/wp\/v2\/comments?post=10185"}],"version-history":[{"count":1,"href":"https:\/\/www.organisator.ch\/it\/wp-json\/wp\/v2\/posts\/10185\/revisions"}],"predecessor-version":[{"id":10391,"href":"https:\/\/www.organisator.ch\/it\/wp-json\/wp\/v2\/posts\/10185\/revisions\/10391"}],"wp:featuredmedia":[{"embeddable":true,"href":"https:\/\/www.organisator.ch\/it\/wp-json\/wp\/v2\/media\/3149"}],"wp:attachment":[{"href":"https:\/\/www.organisator.ch\/it\/wp-json\/wp\/v2\/media?parent=10185"}],"wp:term":[{"taxonomy":"category","embeddable":true,"href":"https:\/\/www.organisator.ch\/it\/wp-json\/wp\/v2\/categories?post=10185"},{"taxonomy":"post_tag","embeddable":true,"href":"https:\/\/www.organisator.ch\/it\/wp-json\/wp\/v2\/tags?post=10185"}],"curies":[{"name":"wp","href":"https:\/\/api.w.org\/{rel}","templated":true}]}}